{"id":11823,"date":"2025-02-19T07:30:16","date_gmt":"2025-02-19T13:30:16","guid":{"rendered":"https:\/\/www.nexoinformativo.mx\/?p=11823"},"modified":"2025-02-19T09:37:39","modified_gmt":"2025-02-19T15:37:39","slug":"queretaro-reconoce-a-sus-profesionistas-entregan-reconocimientos-por-su-destacada-trayectoria","status":"publish","type":"post","link":"https:\/\/www.nexoinformativo.mx\/index.php\/2025\/02\/19\/queretaro-reconoce-a-sus-profesionistas-entregan-reconocimientos-por-su-destacada-trayectoria\/","title":{"rendered":"Quer\u00e9taro reconoce a sus profesionistas entregan reconocimientos por su destacada trayectoria"},"content":{"rendered":"<p style=\"text-align: justify;\" data-sourcepos=\"11:1-11:387\">En una ceremonia emotiva, el secretario de Desarrollo Social del Estado de Quer\u00e9taro, Luis Nava, entreg\u00f3 reconocimientos a 31 profesionistas de la <strong>Federaci\u00f3n de Colegios y Asociaciones Profesionistas del Estado de Quer\u00e9taro<\/strong> (FECAPEQ).<\/p>\n<\/p>\n<p>&nbsp;<\/p>\n<p style=\"text-align: justify;\" data-sourcepos=\"11:1-11:387\">Este evento sirvi\u00f3 para destacar la trayectoria y el compromiso de estos profesionales que contribuyen al desarrollo del estado.<\/p>\n<\/p>\n<p>&nbsp;<\/p>\n<p style=\"text-align: justify;\" data-sourcepos=\"13:1-13:243\"><strong>&#8220;Ustedes son motivo de orgullo para su familia, para su gremio y, por supuesto, del estado de Quer\u00e9taro&#8221;<\/strong> expres\u00f3 Luis Nava durante la ceremonia.<\/p>\n<\/p>\n<p>&nbsp;<\/p>\n<p style=\"text-align: justify;\" data-sourcepos=\"15:1-15:205\">En este contexto, el titular de Desarrollo Social tambi\u00e9n resalt\u00f3 la importancia de la iniciativa de ley propuesta por el gobernador Mauricio Kuri, enfocada en la protecci\u00f3n de ni\u00f1os, ni\u00f1as y adolescentes.<\/p>\n<\/p>\n<p>&nbsp;<\/p>\n<p style=\"text-align: justify;\" data-sourcepos=\"17:1-17:438\"><strong>&#8220;Estoy seguro que muchos de ustedes son padres de familia y lo que m\u00e1s quieren es ver bien a sus hijos. Eso es lo que motiva a esta iniciativa de ley: cuidar a nuestras ni\u00f1as, ni\u00f1os y j\u00f3venes, que sean felices en un mundo real, no virtual&#8221;<\/strong> enfatiz\u00f3 Nava.<\/p>\n<\/p>\n<p>&nbsp;<\/p>\n<p style=\"text-align: justify;\" data-sourcepos=\"19:1-19:342\">Por su parte, el presidente de la FECAPEQ, Ofir Arag\u00f3n Nieves, reafirm\u00f3 el compromiso de la Federaci\u00f3n por garantizar servicios profesionales de alta calidad.<\/p>\n<\/p>\n<p>&nbsp;<\/p>\n<p style=\"text-align: justify;\" data-sourcepos=\"19:1-19:342\">Reconoci\u00f3 la labor de los distintos colegios que la conforman y destac\u00f3 la importancia de seguir trabajando en conjunto para impulsar el desarrollo de los profesionistas en el estado.<\/p>\n<\/p>\n<p>&nbsp;<\/p>\n<p style=\"text-align: justify;\" data-sourcepos=\"21:1-21:245\">El presidente municipal de Quer\u00e9taro, Felifer Mac\u00edas, tambi\u00e9n se uni\u00f3 a este reconocimiento, expresando que <strong>&#8220;adentro de la FECAPEQ se tienen a las y los mejores profesionistas del pa\u00eds, preparados, eficientes y con un gran sentido de comunidad&#8221;<\/strong>.<\/p>\n<\/p>\n<p>&nbsp;<\/p>\n<p style=\"text-align: center;\" data-sourcepos=\"21:1-21:245\"><em><strong>\u00a1Informaci\u00f3n que transforma!<\/strong><\/em><\/p>\n","protected":false},"excerpt":{"rendered":"<p>En una ceremonia emotiva, el secretario de Desarrollo Social del Estado de Quer\u00e9taro, Luis Nava, entreg\u00f3 reconocimientos a 31 profesionistas de la Federaci\u00f3n de Colegios y Asociaciones Profesionistas del Estado de Quer\u00e9taro (FECAPEQ).<\/p>\n","protected":false},"author":3,"featured_media":11825,"comment_status":"open","ping_status":"open","sticky":false,"template":"","format":"standard","meta":{"footnotes":""},"categories":[5,42,58],"tags":[3461,3462,3459,3460],"class_list":["post-11823","post","type-post","status-publish","format-standard","has-post-thumbnail","hentry","category-economia","category-estado","category-ultima-hora","tag-fecapeq","tag-orgulloqueretano","tag-profesionistasqueretaro","tag-reconocimientoprofesional"],"yoast_head":"<!-- This site is optimized with the Yoast SEO plugin v25.0 - https:\/\/yoast.com\/wordpress\/plugins\/seo\/ -->\n<title>Quer\u00e9taro reconoce a sus profesionistas entregan reconocimientos por su destacada trayectoria | Nexo Informativo Santiago de Quer\u00e9taro<\/title>\n<meta name=\"description\" content=\"Quer\u00e9taro reconoce a sus profesionistas: entregan reconocimientos por su destacada trayectoria\" \/>\n<meta name=\"robots\" content=\"index, follow, max-snippet:-1, max-image-preview:large, max-video-preview:-1\" \/>\n<link rel=\"canonical\" href=\"https:\/\/www.nexoinformativo.mx\/index.php\/2025\/02\/19\/queretaro-reconoce-a-sus-profesionistas-entregan-reconocimientos-por-su-destacada-trayectoria\/\" \/>\n<meta property=\"og:locale\" content=\"es_MX\" \/>\n<meta property=\"og:type\" content=\"article\" \/>\n<meta property=\"og:title\" content=\"Quer\u00e9taro reconoce a sus profesionistas entregan reconocimientos por su destacada trayectoria | Nexo Informativo Santiago de Quer\u00e9taro\" \/>\n<meta property=\"og:description\" content=\"Quer\u00e9taro reconoce a sus profesionistas: entregan reconocimientos por su destacada trayectoria\" \/>\n<meta property=\"og:url\" content=\"https:\/\/www.nexoinformativo.mx\/index.php\/2025\/02\/19\/queretaro-reconoce-a-sus-profesionistas-entregan-reconocimientos-por-su-destacada-trayectoria\/\" \/>\n<meta property=\"og:site_name\" content=\"Nexo Informativo Santiago de Quer\u00e9taro\" \/>\n<meta property=\"article:publisher\" content=\"https:\/\/www.facebook.com\/people\/Nexo-Informativo\/61564066885511\/\" \/>\n<meta property=\"article:published_time\" content=\"2025-02-19T13:30:16+00:00\" \/>\n<meta property=\"article:modified_time\" content=\"2025-02-19T15:37:39+00:00\" \/>\n<meta property=\"og:image\" content=\"https:\/\/www.nexoinformativo.mx\/wp-content\/uploads\/2025\/02\/PHOTO-2025-02-19-08-59-48-e1739979427386.jpg\" \/>\n\t<meta property=\"og:image:width\" content=\"800\" \/>\n\t<meta property=\"og:image:height\" content=\"533\" \/>\n\t<meta property=\"og:image:type\" content=\"image\/jpeg\" \/>\n<meta name=\"author\" content=\"Nexo Informativo\" \/>\n<meta name=\"twitter:card\" content=\"summary_large_image\" \/>\n<meta name=\"twitter:label1\" content=\"Escrito por\" \/>\n\t<meta name=\"twitter:data1\" content=\"Nexo Informativo\" \/>\n\t<meta name=\"twitter:label2\" content=\"Tiempo de lectura\" \/>\n\t<meta name=\"twitter:data2\" content=\"2 minutos\" \/>\n<script type=\"application\/ld+json\" class=\"yoast-schema-graph\">{\"@context\":\"https:\/\/schema.org\",\"@graph\":[{\"@type\":\"Article\",\"@id\":\"https:\/\/www.nexoinformativo.mx\/index.php\/2025\/02\/19\/queretaro-reconoce-a-sus-profesionistas-entregan-reconocimientos-por-su-destacada-trayectoria\/#article\",\"isPartOf\":{\"@id\":\"https:\/\/www.nexoinformativo.mx\/index.php\/2025\/02\/19\/queretaro-reconoce-a-sus-profesionistas-entregan-reconocimientos-por-su-destacada-trayectoria\/\"},\"author\":{\"name\":\"Nexo Informativo\",\"@id\":\"https:\/\/www.nexoinformativo.mx\/#\/schema\/person\/7749d380ba08c8ca00d7bc76fd907b7d\"},\"headline\":\"Quer\u00e9taro reconoce a sus profesionistas entregan reconocimientos por su destacada trayectoria\",\"datePublished\":\"2025-02-19T13:30:16+00:00\",\"dateModified\":\"2025-02-19T15:37:39+00:00\",\"mainEntityOfPage\":{\"@id\":\"https:\/\/www.nexoinformativo.mx\/index.php\/2025\/02\/19\/queretaro-reconoce-a-sus-profesionistas-entregan-reconocimientos-por-su-destacada-trayectoria\/\"},\"wordCount\":289,\"commentCount\":0,\"publisher\":{\"@id\":\"https:\/\/www.nexoinformativo.mx\/#organization\"},\"image\":{\"@id\":\"https:\/\/www.nexoinformativo.mx\/index.php\/2025\/02\/19\/queretaro-reconoce-a-sus-profesionistas-entregan-reconocimientos-por-su-destacada-trayectoria\/#primaryimage\"},\"thumbnailUrl\":\"https:\/\/www.nexoinformativo.mx\/wp-content\/uploads\/2025\/02\/PHOTO-2025-02-19-08-59-48-e1739979427386.jpg\",\"keywords\":[\"FECAPEQ\",\"OrgulloQueretano\",\"ProfesionistasQuer\u00e9taro\",\"ReconocimientoProfesional\"],\"articleSection\":[\"Econom\u00eda\",\"Estado\",\"\u00daltima Hora\"],\"inLanguage\":\"es\",\"potentialAction\":[{\"@type\":\"CommentAction\",\"name\":\"Comment\",\"target\":[\"https:\/\/www.nexoinformativo.mx\/index.php\/2025\/02\/19\/queretaro-reconoce-a-sus-profesionistas-entregan-reconocimientos-por-su-destacada-trayectoria\/#respond\"]}]},{\"@type\":\"WebPage\",\"@id\":\"https:\/\/www.nexoinformativo.mx\/index.php\/2025\/02\/19\/queretaro-reconoce-a-sus-profesionistas-entregan-reconocimientos-por-su-destacada-trayectoria\/\",\"url\":\"https:\/\/www.nexoinformativo.mx\/index.php\/2025\/02\/19\/queretaro-reconoce-a-sus-profesionistas-entregan-reconocimientos-por-su-destacada-trayectoria\/\",\"name\":\"Quer\u00e9taro reconoce a sus profesionistas entregan reconocimientos por su destacada trayectoria | Nexo Informativo Santiago de Quer\u00e9taro\",\"isPartOf\":{\"@id\":\"https:\/\/www.nexoinformativo.mx\/#website\"},\"primaryImageOfPage\":{\"@id\":\"https:\/\/www.nexoinformativo.mx\/index.php\/2025\/02\/19\/queretaro-reconoce-a-sus-profesionistas-entregan-reconocimientos-por-su-destacada-trayectoria\/#primaryimage\"},\"image\":{\"@id\":\"https:\/\/www.nexoinformativo.mx\/index.php\/2025\/02\/19\/queretaro-reconoce-a-sus-profesionistas-entregan-reconocimientos-por-su-destacada-trayectoria\/#primaryimage\"},\"thumbnailUrl\":\"https:\/\/www.nexoinformativo.mx\/wp-content\/uploads\/2025\/02\/PHOTO-2025-02-19-08-59-48-e1739979427386.jpg\",\"datePublished\":\"2025-02-19T13:30:16+00:00\",\"dateModified\":\"2025-02-19T15:37:39+00:00\",\"description\":\"Quer\u00e9taro reconoce a sus profesionistas: entregan reconocimientos por su destacada trayectoria\",\"breadcrumb\":{\"@id\":\"https:\/\/www.nexoinformativo.mx\/index.php\/2025\/02\/19\/queretaro-reconoce-a-sus-profesionistas-entregan-reconocimientos-por-su-destacada-trayectoria\/#breadcrumb\"},\"inLanguage\":\"es\",\"potentialAction\":[{\"@type\":\"ReadAction\",\"target\":[\"https:\/\/www.nexoinformativo.mx\/index.php\/2025\/02\/19\/queretaro-reconoce-a-sus-profesionistas-entregan-reconocimientos-por-su-destacada-trayectoria\/\"]}]},{\"@type\":\"ImageObject\",\"inLanguage\":\"es\",\"@id\":\"https:\/\/www.nexoinformativo.mx\/index.php\/2025\/02\/19\/queretaro-reconoce-a-sus-profesionistas-entregan-reconocimientos-por-su-destacada-trayectoria\/#primaryimage\",\"url\":\"https:\/\/www.nexoinformativo.mx\/wp-content\/uploads\/2025\/02\/PHOTO-2025-02-19-08-59-48-e1739979427386.jpg\",\"contentUrl\":\"https:\/\/www.nexoinformativo.mx\/wp-content\/uploads\/2025\/02\/PHOTO-2025-02-19-08-59-48-e1739979427386.jpg\",\"width\":800,\"height\":533},{\"@type\":\"BreadcrumbList\",\"@id\":\"https:\/\/www.nexoinformativo.mx\/index.php\/2025\/02\/19\/queretaro-reconoce-a-sus-profesionistas-entregan-reconocimientos-por-su-destacada-trayectoria\/#breadcrumb\",\"itemListElement\":[{\"@type\":\"ListItem\",\"position\":1,\"name\":\"Inicio\",\"item\":\"https:\/\/www.nexoinformativo.mx\/\"},{\"@type\":\"ListItem\",\"position\":2,\"name\":\"Quer\u00e9taro reconoce a sus profesionistas entregan reconocimientos por su destacada trayectoria\"}]},{\"@type\":\"WebSite\",\"@id\":\"https:\/\/www.nexoinformativo.mx\/#website\",\"url\":\"https:\/\/www.nexoinformativo.mx\/\",\"name\":\"Nexo Informativo Santiago de Quer\u00e9taro\",\"description\":\"Explora NexoInformativo y convi\u00e9rtete en parte de una comunidad que valora el conocimiento y la verdad. Tu nexoinformativo es tu puente hacia una comprensi\u00f3n m\u00e1s profunda del mundo que te rodea.\",\"publisher\":{\"@id\":\"https:\/\/www.nexoinformativo.mx\/#organization\"},\"potentialAction\":[{\"@type\":\"SearchAction\",\"target\":{\"@type\":\"EntryPoint\",\"urlTemplate\":\"https:\/\/www.nexoinformativo.mx\/?s={search_term_string}\"},\"query-input\":{\"@type\":\"PropertyValueSpecification\",\"valueRequired\":true,\"valueName\":\"search_term_string\"}}],\"inLanguage\":\"es\"},{\"@type\":\"Organization\",\"@id\":\"https:\/\/www.nexoinformativo.mx\/#organization\",\"name\":\"Nexo Informativo Santiago de Quer\u00e9taro\",\"url\":\"https:\/\/www.nexoinformativo.mx\/\",\"logo\":{\"@type\":\"ImageObject\",\"inLanguage\":\"es\",\"@id\":\"https:\/\/www.nexoinformativo.mx\/#\/schema\/logo\/image\/\",\"url\":\"https:\/\/www.nexoinformativo.mx\/wp-content\/uploads\/2024\/07\/nexoi-trasparente-2.png\",\"contentUrl\":\"https:\/\/www.nexoinformativo.mx\/wp-content\/uploads\/2024\/07\/nexoi-trasparente-2.png\",\"width\":816,\"height\":339,\"caption\":\"Nexo Informativo Santiago de Quer\u00e9taro\"},\"image\":{\"@id\":\"https:\/\/www.nexoinformativo.mx\/#\/schema\/logo\/image\/\"},\"sameAs\":[\"https:\/\/www.facebook.com\/people\/Nexo-Informativo\/61564066885511\/\"]},{\"@type\":\"Person\",\"@id\":\"https:\/\/www.nexoinformativo.mx\/#\/schema\/person\/7749d380ba08c8ca00d7bc76fd907b7d\",\"name\":\"Nexo Informativo\",\"image\":{\"@type\":\"ImageObject\",\"inLanguage\":\"es\",\"@id\":\"https:\/\/www.nexoinformativo.mx\/#\/schema\/person\/image\/\",\"url\":\"https:\/\/secure.gravatar.com\/avatar\/dde2928154642a13d95f87ddf1ea9718fe2b46760a005c53e41ff5ad610704e6?s=96&d=mm&r=g\",\"contentUrl\":\"https:\/\/secure.gravatar.com\/avatar\/dde2928154642a13d95f87ddf1ea9718fe2b46760a005c53e41ff5ad610704e6?s=96&d=mm&r=g\",\"caption\":\"Nexo Informativo\"},\"url\":\"https:\/\/www.nexoinformativo.mx\/index.php\/author\/edicion\/\"}]}<\/script>\n<!-- \/ Yoast SEO plugin. -->","yoast_head_json":{"title":"Quer\u00e9taro reconoce a sus profesionistas entregan reconocimientos por su destacada trayectoria | Nexo Informativo Santiago de Quer\u00e9taro","description":"Quer\u00e9taro reconoce a sus profesionistas: entregan reconocimientos por su destacada trayectoria","robots":{"index":"index","follow":"follow","max-snippet":"max-snippet:-1","max-image-preview":"max-image-preview:large","max-video-preview":"max-video-preview:-1"},"canonical":"https:\/\/www.nexoinformativo.mx\/index.php\/2025\/02\/19\/queretaro-reconoce-a-sus-profesionistas-entregan-reconocimientos-por-su-destacada-trayectoria\/","og_locale":"es_MX","og_type":"article","og_title":"Quer\u00e9taro reconoce a sus profesionistas entregan reconocimientos por su destacada trayectoria | Nexo Informativo Santiago de Quer\u00e9taro","og_description":"Quer\u00e9taro reconoce a sus profesionistas: entregan reconocimientos por su destacada trayectoria","og_url":"https:\/\/www.nexoinformativo.mx\/index.php\/2025\/02\/19\/queretaro-reconoce-a-sus-profesionistas-entregan-reconocimientos-por-su-destacada-trayectoria\/","og_site_name":"Nexo Informativo Santiago de Quer\u00e9taro","article_publisher":"https:\/\/www.facebook.com\/people\/Nexo-Informativo\/61564066885511\/","article_published_time":"2025-02-19T13:30:16+00:00","article_modified_time":"2025-02-19T15:37:39+00:00","og_image":[{"width":800,"height":533,"url":"https:\/\/www.nexoinformativo.mx\/wp-content\/uploads\/2025\/02\/PHOTO-2025-02-19-08-59-48-e1739979427386.jpg","type":"image\/jpeg"}],"author":"Nexo Informativo","twitter_card":"summary_large_image","twitter_misc":{"Escrito por":"Nexo Informativo","Tiempo de lectura":"2 minutos"},"schema":{"@context":"https:\/\/schema.org","@graph":[{"@type":"Article","@id":"https:\/\/www.nexoinformativo.mx\/index.php\/2025\/02\/19\/queretaro-reconoce-a-sus-profesionistas-entregan-reconocimientos-por-su-destacada-trayectoria\/#article","isPartOf":{"@id":"https:\/\/www.nexoinformativo.mx\/index.php\/2025\/02\/19\/queretaro-reconoce-a-sus-profesionistas-entregan-reconocimientos-por-su-destacada-trayectoria\/"},"author":{"name":"Nexo Informativo","@id":"https:\/\/www.nexoinformativo.mx\/#\/schema\/person\/7749d380ba08c8ca00d7bc76fd907b7d"},"headline":"Quer\u00e9taro reconoce a sus profesionistas entregan reconocimientos por su destacada trayectoria","datePublished":"2025-02-19T13:30:16+00:00","dateModified":"2025-02-19T15:37:39+00:00","mainEntityOfPage":{"@id":"https:\/\/www.nexoinformativo.mx\/index.php\/2025\/02\/19\/queretaro-reconoce-a-sus-profesionistas-entregan-reconocimientos-por-su-destacada-trayectoria\/"},"wordCount":289,"commentCount":0,"publisher":{"@id":"https:\/\/www.nexoinformativo.mx\/#organization"},"image":{"@id":"https:\/\/www.nexoinformativo.mx\/index.php\/2025\/02\/19\/queretaro-reconoce-a-sus-profesionistas-entregan-reconocimientos-por-su-destacada-trayectoria\/#primaryimage"},"thumbnailUrl":"https:\/\/www.nexoinformativo.mx\/wp-content\/uploads\/2025\/02\/PHOTO-2025-02-19-08-59-48-e1739979427386.jpg","keywords":["FECAPEQ","OrgulloQueretano","ProfesionistasQuer\u00e9taro","ReconocimientoProfesional"],"articleSection":["Econom\u00eda","Estado","\u00daltima Hora"],"inLanguage":"es","potentialAction":[{"@type":"CommentAction","name":"Comment","target":["https:\/\/www.nexoinformativo.mx\/index.php\/2025\/02\/19\/queretaro-reconoce-a-sus-profesionistas-entregan-reconocimientos-por-su-destacada-trayectoria\/#respond"]}]},{"@type":"WebPage","@id":"https:\/\/www.nexoinformativo.mx\/index.php\/2025\/02\/19\/queretaro-reconoce-a-sus-profesionistas-entregan-reconocimientos-por-su-destacada-trayectoria\/","url":"https:\/\/www.nexoinformativo.mx\/index.php\/2025\/02\/19\/queretaro-reconoce-a-sus-profesionistas-entregan-reconocimientos-por-su-destacada-trayectoria\/","name":"Quer\u00e9taro reconoce a sus profesionistas entregan reconocimientos por su destacada trayectoria | Nexo Informativo Santiago de Quer\u00e9taro","isPartOf":{"@id":"https:\/\/www.nexoinformativo.mx\/#website"},"primaryImageOfPage":{"@id":"https:\/\/www.nexoinformativo.mx\/index.php\/2025\/02\/19\/queretaro-reconoce-a-sus-profesionistas-entregan-reconocimientos-por-su-destacada-trayectoria\/#primaryimage"},"image":{"@id":"https:\/\/www.nexoinformativo.mx\/index.php\/2025\/02\/19\/queretaro-reconoce-a-sus-profesionistas-entregan-reconocimientos-por-su-destacada-trayectoria\/#primaryimage"},"thumbnailUrl":"https:\/\/www.nexoinformativo.mx\/wp-content\/uploads\/2025\/02\/PHOTO-2025-02-19-08-59-48-e1739979427386.jpg","datePublished":"2025-02-19T13:30:16+00:00","dateModified":"2025-02-19T15:37:39+00:00","description":"Quer\u00e9taro reconoce a sus profesionistas: entregan reconocimientos por su destacada trayectoria","breadcrumb":{"@id":"https:\/\/www.nexoinformativo.mx\/index.php\/2025\/02\/19\/queretaro-reconoce-a-sus-profesionistas-entregan-reconocimientos-por-su-destacada-trayectoria\/#breadcrumb"},"inLanguage":"es","potentialAction":[{"@type":"ReadAction","target":["https:\/\/www.nexoinformativo.mx\/index.php\/2025\/02\/19\/queretaro-reconoce-a-sus-profesionistas-entregan-reconocimientos-por-su-destacada-trayectoria\/"]}]},{"@type":"ImageObject","inLanguage":"es","@id":"https:\/\/www.nexoinformativo.mx\/index.php\/2025\/02\/19\/queretaro-reconoce-a-sus-profesionistas-entregan-reconocimientos-por-su-destacada-trayectoria\/#primaryimage","url":"https:\/\/www.nexoinformativo.mx\/wp-content\/uploads\/2025\/02\/PHOTO-2025-02-19-08-59-48-e1739979427386.jpg","contentUrl":"https:\/\/www.nexoinformativo.mx\/wp-content\/uploads\/2025\/02\/PHOTO-2025-02-19-08-59-48-e1739979427386.jpg","width":800,"height":533},{"@type":"BreadcrumbList","@id":"https:\/\/www.nexoinformativo.mx\/index.php\/2025\/02\/19\/queretaro-reconoce-a-sus-profesionistas-entregan-reconocimientos-por-su-destacada-trayectoria\/#breadcrumb","itemListElement":[{"@type":"ListItem","position":1,"name":"Inicio","item":"https:\/\/www.nexoinformativo.mx\/"},{"@type":"ListItem","position":2,"name":"Quer\u00e9taro reconoce a sus profesionistas entregan reconocimientos por su destacada trayectoria"}]},{"@type":"WebSite","@id":"https:\/\/www.nexoinformativo.mx\/#website","url":"https:\/\/www.nexoinformativo.mx\/","name":"Nexo Informativo Santiago de Quer\u00e9taro","description":"Explora NexoInformativo y convi\u00e9rtete en parte de una comunidad que valora el conocimiento y la verdad. Tu nexoinformativo es tu puente hacia una comprensi\u00f3n m\u00e1s profunda del mundo que te rodea.","publisher":{"@id":"https:\/\/www.nexoinformativo.mx\/#organization"},"potentialAction":[{"@type":"SearchAction","target":{"@type":"EntryPoint","urlTemplate":"https:\/\/www.nexoinformativo.mx\/?s={search_term_string}"},"query-input":{"@type":"PropertyValueSpecification","valueRequired":true,"valueName":"search_term_string"}}],"inLanguage":"es"},{"@type":"Organization","@id":"https:\/\/www.nexoinformativo.mx\/#organization","name":"Nexo Informativo Santiago de Quer\u00e9taro","url":"https:\/\/www.nexoinformativo.mx\/","logo":{"@type":"ImageObject","inLanguage":"es","@id":"https:\/\/www.nexoinformativo.mx\/#\/schema\/logo\/image\/","url":"https:\/\/www.nexoinformativo.mx\/wp-content\/uploads\/2024\/07\/nexoi-trasparente-2.png","contentUrl":"https:\/\/www.nexoinformativo.mx\/wp-content\/uploads\/2024\/07\/nexoi-trasparente-2.png","width":816,"height":339,"caption":"Nexo Informativo Santiago de Quer\u00e9taro"},"image":{"@id":"https:\/\/www.nexoinformativo.mx\/#\/schema\/logo\/image\/"},"sameAs":["https:\/\/www.facebook.com\/people\/Nexo-Informativo\/61564066885511\/"]},{"@type":"Person","@id":"https:\/\/www.nexoinformativo.mx\/#\/schema\/person\/7749d380ba08c8ca00d7bc76fd907b7d","name":"Nexo Informativo","image":{"@type":"ImageObject","inLanguage":"es","@id":"https:\/\/www.nexoinformativo.mx\/#\/schema\/person\/image\/","url":"https:\/\/secure.gravatar.com\/avatar\/dde2928154642a13d95f87ddf1ea9718fe2b46760a005c53e41ff5ad610704e6?s=96&d=mm&r=g","contentUrl":"https:\/\/secure.gravatar.com\/avatar\/dde2928154642a13d95f87ddf1ea9718fe2b46760a005c53e41ff5ad610704e6?s=96&d=mm&r=g","caption":"Nexo Informativo"},"url":"https:\/\/www.nexoinformativo.mx\/index.php\/author\/edicion\/"}]}},"_links":{"self":[{"href":"https:\/\/www.nexoinformativo.mx\/index.php\/wp-json\/wp\/v2\/posts\/11823","targetHints":{"allow":["GET"]}}],"collection":[{"href":"https:\/\/www.nexoinformativo.mx\/index.php\/wp-json\/wp\/v2\/posts"}],"about":[{"href":"https:\/\/www.nexoinformativo.mx\/index.php\/wp-json\/wp\/v2\/types\/post"}],"author":[{"embeddable":true,"href":"https:\/\/www.nexoinformativo.mx\/index.php\/wp-json\/wp\/v2\/users\/3"}],"replies":[{"embeddable":true,"href":"https:\/\/www.nexoinformativo.mx\/index.php\/wp-json\/wp\/v2\/comments?post=11823"}],"version-history":[{"count":3,"href":"https:\/\/www.nexoinformativo.mx\/index.php\/wp-json\/wp\/v2\/posts\/11823\/revisions"}],"predecessor-version":[{"id":11827,"href":"https:\/\/www.nexoinformativo.mx\/index.php\/wp-json\/wp\/v2\/posts\/11823\/revisions\/11827"}],"wp:featuredmedia":[{"embeddable":true,"href":"https:\/\/www.nexoinformativo.mx\/index.php\/wp-json\/wp\/v2\/media\/11825"}],"wp:attachment":[{"href":"https:\/\/www.nexoinformativo.mx\/index.php\/wp-json\/wp\/v2\/media?parent=11823"}],"wp:term":[{"taxonomy":"category","embeddable":true,"href":"https:\/\/www.nexoinformativo.mx\/index.php\/wp-json\/wp\/v2\/categories?post=11823"},{"taxonomy":"post_tag","embeddable":true,"href":"https:\/\/www.nexoinformativo.mx\/index.php\/wp-json\/wp\/v2\/tags?post=11823"}],"curies":[{"name":"wp","href":"https:\/\/api.w.org\/{rel}","templated":true}]}}