{"id":11828,"date":"2025-02-19T08:00:51","date_gmt":"2025-02-19T14:00:51","guid":{"rendered":"https:\/\/www.nexoinformativo.mx\/?p=11828"},"modified":"2025-02-19T09:42:24","modified_gmt":"2025-02-19T15:42:24","slug":"expertos-internacionales-de-human-rights-watch-elogian-el-modelo-de-justicia-en-queretaro","status":"publish","type":"post","link":"https:\/\/www.nexoinformativo.mx\/index.php\/2025\/02\/19\/expertos-internacionales-de-human-rights-watch-elogian-el-modelo-de-justicia-en-queretaro\/","title":{"rendered":"Expertos internacionales de Human Rights Watch elogian el modelo de justicia en Quer\u00e9taro"},"content":{"rendered":"<p style=\"text-align: justify;\" data-sourcepos=\"9:1-9:351\">El estado de Quer\u00e9taro recibi\u00f3 la visita de una delegaci\u00f3n de <strong>Human Rights Watch<\/strong>, encabezada por su directora para las Am\u00e9ricas, Juanita Goebertus Estrada, quienes recorrieron diversas instituciones para conocer de cerca los mecanismos de coordinaci\u00f3n y las buenas pr\u00e1cticas implementadas en materia de justicia penal y c\u00edvica.<\/p>\n<\/p>\n<p>&nbsp;<\/p>\n<p style=\"text-align: justify;\" data-sourcepos=\"11:1-11:329\">Durante dos d\u00edas, los expertos en derechos humanos visitaron las salas de oralidad del Poder Judicial, las instalaciones de la <strong>Fiscal\u00eda General, la Comisi\u00f3n Estatal del Sistema Penitenciario, el Centro de Informaci\u00f3n y An\u00e1lisis para la Seguridad, Coordinaci\u00f3n Quer\u00e9taro<\/strong> (CQCIAS) y los <strong>Juzgados C\u00edvicos del municipio de Quer\u00e9taro.<\/strong><\/p>\n<\/p>\n<p>&nbsp;<\/p>\n<p style=\"text-align: justify;\" data-sourcepos=\"13:1-13:405\">En su recorrido, la delegaci\u00f3n de Human Rights Watch pudo constatar el trato digno a las personas privadas de la libertad, la seguridad personal, la reinserci\u00f3n social y la resiliencia en el Sistema Penitenciario.<\/p>\n<\/p>\n<p>&nbsp;<\/p>\n<p style=\"text-align: justify;\" data-sourcepos=\"13:1-13:405\">Asimismo, conocieron el modelo queretano de justicia c\u00edvica, el cual se implementa como pol\u00edtica p\u00fablica para promover la convivencia social y la cultura c\u00edvica con participaci\u00f3n comunitaria.<\/p>\n<\/p>\n<p>&nbsp;<\/p>\n<p style=\"text-align: justify;\" data-sourcepos=\"15:1-15:224\">La visita tambi\u00e9n incluy\u00f3 un recorrido por el CQCIAS, donde los expertos mostraron especial inter\u00e9s por el desarrollo tecnol\u00f3gico impulsado por talento queretano para agilizar y eficientar el derecho de acceso a la justicia.<\/p>\n<\/p>\n<p>&nbsp;<\/p>\n<p style=\"text-align: justify;\" data-sourcepos=\"17:1-17:292\">Juan Mart\u00edn Granados, enlace de la Comisi\u00f3n de Evaluaci\u00f3n del Modelo de Justicia Penal, expuso a la delegaci\u00f3n el modelo de gesti\u00f3n interinstitucional de Justicia Penal denominado Cosmos y el modelo de Justicia C\u00edvica, ambos centrados en garantizar los derechos fundamentales de las personas.<\/p>\n<\/p>\n<p>&nbsp;<\/p>\n<p style=\"text-align: justify;\" data-sourcepos=\"19:1-19:206\">La directora para las Am\u00e9ricas de Human Rights Watch, Juanita Goebertus Estrada, destac\u00f3 la importancia de conocer las buenas pr\u00e1cticas implementadas en Quer\u00e9taro para replicarlas en otros estados y pa\u00edses.<\/p>\n<\/p>\n<p>&nbsp;<\/p>\n<p style=\"text-align: center;\" data-sourcepos=\"19:1-19:206\"><em><strong>\u00a1Informaci\u00f3n que transforma!<\/strong><\/em><\/p>\n","protected":false},"excerpt":{"rendered":"<p>El estado de Quer\u00e9taro recibi\u00f3 la visita de una delegaci\u00f3n de Human Rights Watch, encabezada por su directora para las Am\u00e9ricas, Juanita Goebertus Estrada, quienes recorrieron diversas instituciones para conocer de cerca los mecanismos de coordinaci\u00f3n y las buenas pr\u00e1cticas implementadas en materia de justicia penal y c\u00edvica.<\/p>\n","protected":false},"author":3,"featured_media":11830,"comment_status":"open","ping_status":"open","sticky":false,"template":"","format":"standard","meta":{"footnotes":""},"categories":[42,58],"tags":[499,3463,243,133],"class_list":["post-11828","post","type-post","status-publish","format-standard","has-post-thumbnail","hentry","category-estado","category-ultima-hora","tag-derechoshumanos","tag-humanrightswatch","tag-justiciaqueretaro","tag-queretaro"],"yoast_head":"<!-- This site is optimized with the Yoast SEO plugin v25.0 - https:\/\/yoast.com\/wordpress\/plugins\/seo\/ -->\n<title>Expertos internacionales de Human Rights Watch elogian el modelo de justicia en Quer\u00e9taro | Nexo Informativo Santiago de Quer\u00e9taro<\/title>\n<meta name=\"description\" content=\"Expertos internacionales de Human Rights Watch elogian el modelo de justicia en Quer\u00e9taro\" \/>\n<meta name=\"robots\" content=\"index, follow, max-snippet:-1, max-image-preview:large, max-video-preview:-1\" \/>\n<link rel=\"canonical\" href=\"https:\/\/www.nexoinformativo.mx\/index.php\/2025\/02\/19\/expertos-internacionales-de-human-rights-watch-elogian-el-modelo-de-justicia-en-queretaro\/\" \/>\n<meta property=\"og:locale\" content=\"es_MX\" \/>\n<meta property=\"og:type\" content=\"article\" \/>\n<meta property=\"og:title\" content=\"Expertos internacionales de Human Rights Watch elogian el modelo de justicia en Quer\u00e9taro | Nexo Informativo Santiago de Quer\u00e9taro\" \/>\n<meta property=\"og:description\" content=\"Expertos internacionales de Human Rights Watch elogian el modelo de justicia en Quer\u00e9taro\" \/>\n<meta property=\"og:url\" content=\"https:\/\/www.nexoinformativo.mx\/index.php\/2025\/02\/19\/expertos-internacionales-de-human-rights-watch-elogian-el-modelo-de-justicia-en-queretaro\/\" \/>\n<meta property=\"og:site_name\" content=\"Nexo Informativo Santiago de Quer\u00e9taro\" \/>\n<meta property=\"article:publisher\" content=\"https:\/\/www.facebook.com\/people\/Nexo-Informativo\/61564066885511\/\" \/>\n<meta property=\"article:published_time\" content=\"2025-02-19T14:00:51+00:00\" \/>\n<meta property=\"article:modified_time\" content=\"2025-02-19T15:42:24+00:00\" \/>\n<meta property=\"og:image\" content=\"https:\/\/www.nexoinformativo.mx\/wp-content\/uploads\/2025\/02\/PHOTO-2025-02-19-09-06-39-e1739979718818.jpg\" \/>\n\t<meta property=\"og:image:width\" content=\"800\" \/>\n\t<meta property=\"og:image:height\" content=\"671\" \/>\n\t<meta property=\"og:image:type\" content=\"image\/jpeg\" \/>\n<meta name=\"author\" content=\"Nexo Informativo\" \/>\n<meta name=\"twitter:card\" content=\"summary_large_image\" \/>\n<meta name=\"twitter:label1\" content=\"Escrito por\" \/>\n\t<meta name=\"twitter:data1\" content=\"Nexo Informativo\" \/>\n\t<meta name=\"twitter:label2\" content=\"Tiempo de lectura\" \/>\n\t<meta name=\"twitter:data2\" content=\"2 minutos\" \/>\n<script type=\"application\/ld+json\" class=\"yoast-schema-graph\">{\"@context\":\"https:\/\/schema.org\",\"@graph\":[{\"@type\":\"Article\",\"@id\":\"https:\/\/www.nexoinformativo.mx\/index.php\/2025\/02\/19\/expertos-internacionales-de-human-rights-watch-elogian-el-modelo-de-justicia-en-queretaro\/#article\",\"isPartOf\":{\"@id\":\"https:\/\/www.nexoinformativo.mx\/index.php\/2025\/02\/19\/expertos-internacionales-de-human-rights-watch-elogian-el-modelo-de-justicia-en-queretaro\/\"},\"author\":{\"name\":\"Nexo Informativo\",\"@id\":\"https:\/\/www.nexoinformativo.mx\/#\/schema\/person\/7749d380ba08c8ca00d7bc76fd907b7d\"},\"headline\":\"Expertos internacionales de Human Rights Watch elogian el modelo de justicia en Quer\u00e9taro\",\"datePublished\":\"2025-02-19T14:00:51+00:00\",\"dateModified\":\"2025-02-19T15:42:24+00:00\",\"mainEntityOfPage\":{\"@id\":\"https:\/\/www.nexoinformativo.mx\/index.php\/2025\/02\/19\/expertos-internacionales-de-human-rights-watch-elogian-el-modelo-de-justicia-en-queretaro\/\"},\"wordCount\":325,\"commentCount\":0,\"publisher\":{\"@id\":\"https:\/\/www.nexoinformativo.mx\/#organization\"},\"image\":{\"@id\":\"https:\/\/www.nexoinformativo.mx\/index.php\/2025\/02\/19\/expertos-internacionales-de-human-rights-watch-elogian-el-modelo-de-justicia-en-queretaro\/#primaryimage\"},\"thumbnailUrl\":\"https:\/\/www.nexoinformativo.mx\/wp-content\/uploads\/2025\/02\/PHOTO-2025-02-19-09-06-39-e1739979718818.jpg\",\"keywords\":[\"DerechosHumanos\",\"HumanRightsWatch\",\"JusticiaQueretaro\",\"Quer\u00e9taro\"],\"articleSection\":[\"Estado\",\"\u00daltima Hora\"],\"inLanguage\":\"es\",\"potentialAction\":[{\"@type\":\"CommentAction\",\"name\":\"Comment\",\"target\":[\"https:\/\/www.nexoinformativo.mx\/index.php\/2025\/02\/19\/expertos-internacionales-de-human-rights-watch-elogian-el-modelo-de-justicia-en-queretaro\/#respond\"]}]},{\"@type\":\"WebPage\",\"@id\":\"https:\/\/www.nexoinformativo.mx\/index.php\/2025\/02\/19\/expertos-internacionales-de-human-rights-watch-elogian-el-modelo-de-justicia-en-queretaro\/\",\"url\":\"https:\/\/www.nexoinformativo.mx\/index.php\/2025\/02\/19\/expertos-internacionales-de-human-rights-watch-elogian-el-modelo-de-justicia-en-queretaro\/\",\"name\":\"Expertos internacionales de Human Rights Watch elogian el modelo de justicia en Quer\u00e9taro | Nexo Informativo Santiago de Quer\u00e9taro\",\"isPartOf\":{\"@id\":\"https:\/\/www.nexoinformativo.mx\/#website\"},\"primaryImageOfPage\":{\"@id\":\"https:\/\/www.nexoinformativo.mx\/index.php\/2025\/02\/19\/expertos-internacionales-de-human-rights-watch-elogian-el-modelo-de-justicia-en-queretaro\/#primaryimage\"},\"image\":{\"@id\":\"https:\/\/www.nexoinformativo.mx\/index.php\/2025\/02\/19\/expertos-internacionales-de-human-rights-watch-elogian-el-modelo-de-justicia-en-queretaro\/#primaryimage\"},\"thumbnailUrl\":\"https:\/\/www.nexoinformativo.mx\/wp-content\/uploads\/2025\/02\/PHOTO-2025-02-19-09-06-39-e1739979718818.jpg\",\"datePublished\":\"2025-02-19T14:00:51+00:00\",\"dateModified\":\"2025-02-19T15:42:24+00:00\",\"description\":\"Expertos internacionales de Human Rights Watch elogian el modelo de justicia en Quer\u00e9taro\",\"breadcrumb\":{\"@id\":\"https:\/\/www.nexoinformativo.mx\/index.php\/2025\/02\/19\/expertos-internacionales-de-human-rights-watch-elogian-el-modelo-de-justicia-en-queretaro\/#breadcrumb\"},\"inLanguage\":\"es\",\"potentialAction\":[{\"@type\":\"ReadAction\",\"target\":[\"https:\/\/www.nexoinformativo.mx\/index.php\/2025\/02\/19\/expertos-internacionales-de-human-rights-watch-elogian-el-modelo-de-justicia-en-queretaro\/\"]}]},{\"@type\":\"ImageObject\",\"inLanguage\":\"es\",\"@id\":\"https:\/\/www.nexoinformativo.mx\/index.php\/2025\/02\/19\/expertos-internacionales-de-human-rights-watch-elogian-el-modelo-de-justicia-en-queretaro\/#primaryimage\",\"url\":\"https:\/\/www.nexoinformativo.mx\/wp-content\/uploads\/2025\/02\/PHOTO-2025-02-19-09-06-39-e1739979718818.jpg\",\"contentUrl\":\"https:\/\/www.nexoinformativo.mx\/wp-content\/uploads\/2025\/02\/PHOTO-2025-02-19-09-06-39-e1739979718818.jpg\",\"width\":800,\"height\":671},{\"@type\":\"BreadcrumbList\",\"@id\":\"https:\/\/www.nexoinformativo.mx\/index.php\/2025\/02\/19\/expertos-internacionales-de-human-rights-watch-elogian-el-modelo-de-justicia-en-queretaro\/#breadcrumb\",\"itemListElement\":[{\"@type\":\"ListItem\",\"position\":1,\"name\":\"Inicio\",\"item\":\"https:\/\/www.nexoinformativo.mx\/\"},{\"@type\":\"ListItem\",\"position\":2,\"name\":\"Expertos internacionales de Human Rights Watch elogian el modelo de justicia en Quer\u00e9taro\"}]},{\"@type\":\"WebSite\",\"@id\":\"https:\/\/www.nexoinformativo.mx\/#website\",\"url\":\"https:\/\/www.nexoinformativo.mx\/\",\"name\":\"Nexo Informativo Santiago de Quer\u00e9taro\",\"description\":\"Explora NexoInformativo y convi\u00e9rtete en parte de una comunidad que valora el conocimiento y la verdad. Tu nexoinformativo es tu puente hacia una comprensi\u00f3n m\u00e1s profunda del mundo que te rodea.\",\"publisher\":{\"@id\":\"https:\/\/www.nexoinformativo.mx\/#organization\"},\"potentialAction\":[{\"@type\":\"SearchAction\",\"target\":{\"@type\":\"EntryPoint\",\"urlTemplate\":\"https:\/\/www.nexoinformativo.mx\/?s={search_term_string}\"},\"query-input\":{\"@type\":\"PropertyValueSpecification\",\"valueRequired\":true,\"valueName\":\"search_term_string\"}}],\"inLanguage\":\"es\"},{\"@type\":\"Organization\",\"@id\":\"https:\/\/www.nexoinformativo.mx\/#organization\",\"name\":\"Nexo Informativo Santiago de Quer\u00e9taro\",\"url\":\"https:\/\/www.nexoinformativo.mx\/\",\"logo\":{\"@type\":\"ImageObject\",\"inLanguage\":\"es\",\"@id\":\"https:\/\/www.nexoinformativo.mx\/#\/schema\/logo\/image\/\",\"url\":\"https:\/\/www.nexoinformativo.mx\/wp-content\/uploads\/2024\/07\/nexoi-trasparente-2.png\",\"contentUrl\":\"https:\/\/www.nexoinformativo.mx\/wp-content\/uploads\/2024\/07\/nexoi-trasparente-2.png\",\"width\":816,\"height\":339,\"caption\":\"Nexo Informativo Santiago de Quer\u00e9taro\"},\"image\":{\"@id\":\"https:\/\/www.nexoinformativo.mx\/#\/schema\/logo\/image\/\"},\"sameAs\":[\"https:\/\/www.facebook.com\/people\/Nexo-Informativo\/61564066885511\/\"]},{\"@type\":\"Person\",\"@id\":\"https:\/\/www.nexoinformativo.mx\/#\/schema\/person\/7749d380ba08c8ca00d7bc76fd907b7d\",\"name\":\"Nexo Informativo\",\"image\":{\"@type\":\"ImageObject\",\"inLanguage\":\"es\",\"@id\":\"https:\/\/www.nexoinformativo.mx\/#\/schema\/person\/image\/\",\"url\":\"https:\/\/secure.gravatar.com\/avatar\/dde2928154642a13d95f87ddf1ea9718fe2b46760a005c53e41ff5ad610704e6?s=96&d=mm&r=g\",\"contentUrl\":\"https:\/\/secure.gravatar.com\/avatar\/dde2928154642a13d95f87ddf1ea9718fe2b46760a005c53e41ff5ad610704e6?s=96&d=mm&r=g\",\"caption\":\"Nexo Informativo\"},\"url\":\"https:\/\/www.nexoinformativo.mx\/index.php\/author\/edicion\/\"}]}<\/script>\n<!-- \/ Yoast SEO plugin. -->","yoast_head_json":{"title":"Expertos internacionales de Human Rights Watch elogian el modelo de justicia en Quer\u00e9taro | Nexo Informativo Santiago de Quer\u00e9taro","description":"Expertos internacionales de Human Rights Watch elogian el modelo de justicia en Quer\u00e9taro","robots":{"index":"index","follow":"follow","max-snippet":"max-snippet:-1","max-image-preview":"max-image-preview:large","max-video-preview":"max-video-preview:-1"},"canonical":"https:\/\/www.nexoinformativo.mx\/index.php\/2025\/02\/19\/expertos-internacionales-de-human-rights-watch-elogian-el-modelo-de-justicia-en-queretaro\/","og_locale":"es_MX","og_type":"article","og_title":"Expertos internacionales de Human Rights Watch elogian el modelo de justicia en Quer\u00e9taro | Nexo Informativo Santiago de Quer\u00e9taro","og_description":"Expertos internacionales de Human Rights Watch elogian el modelo de justicia en Quer\u00e9taro","og_url":"https:\/\/www.nexoinformativo.mx\/index.php\/2025\/02\/19\/expertos-internacionales-de-human-rights-watch-elogian-el-modelo-de-justicia-en-queretaro\/","og_site_name":"Nexo Informativo Santiago de Quer\u00e9taro","article_publisher":"https:\/\/www.facebook.com\/people\/Nexo-Informativo\/61564066885511\/","article_published_time":"2025-02-19T14:00:51+00:00","article_modified_time":"2025-02-19T15:42:24+00:00","og_image":[{"width":800,"height":671,"url":"https:\/\/www.nexoinformativo.mx\/wp-content\/uploads\/2025\/02\/PHOTO-2025-02-19-09-06-39-e1739979718818.jpg","type":"image\/jpeg"}],"author":"Nexo Informativo","twitter_card":"summary_large_image","twitter_misc":{"Escrito por":"Nexo Informativo","Tiempo de lectura":"2 minutos"},"schema":{"@context":"https:\/\/schema.org","@graph":[{"@type":"Article","@id":"https:\/\/www.nexoinformativo.mx\/index.php\/2025\/02\/19\/expertos-internacionales-de-human-rights-watch-elogian-el-modelo-de-justicia-en-queretaro\/#article","isPartOf":{"@id":"https:\/\/www.nexoinformativo.mx\/index.php\/2025\/02\/19\/expertos-internacionales-de-human-rights-watch-elogian-el-modelo-de-justicia-en-queretaro\/"},"author":{"name":"Nexo Informativo","@id":"https:\/\/www.nexoinformativo.mx\/#\/schema\/person\/7749d380ba08c8ca00d7bc76fd907b7d"},"headline":"Expertos internacionales de Human Rights Watch elogian el modelo de justicia en Quer\u00e9taro","datePublished":"2025-02-19T14:00:51+00:00","dateModified":"2025-02-19T15:42:24+00:00","mainEntityOfPage":{"@id":"https:\/\/www.nexoinformativo.mx\/index.php\/2025\/02\/19\/expertos-internacionales-de-human-rights-watch-elogian-el-modelo-de-justicia-en-queretaro\/"},"wordCount":325,"commentCount":0,"publisher":{"@id":"https:\/\/www.nexoinformativo.mx\/#organization"},"image":{"@id":"https:\/\/www.nexoinformativo.mx\/index.php\/2025\/02\/19\/expertos-internacionales-de-human-rights-watch-elogian-el-modelo-de-justicia-en-queretaro\/#primaryimage"},"thumbnailUrl":"https:\/\/www.nexoinformativo.mx\/wp-content\/uploads\/2025\/02\/PHOTO-2025-02-19-09-06-39-e1739979718818.jpg","keywords":["DerechosHumanos","HumanRightsWatch","JusticiaQueretaro","Quer\u00e9taro"],"articleSection":["Estado","\u00daltima Hora"],"inLanguage":"es","potentialAction":[{"@type":"CommentAction","name":"Comment","target":["https:\/\/www.nexoinformativo.mx\/index.php\/2025\/02\/19\/expertos-internacionales-de-human-rights-watch-elogian-el-modelo-de-justicia-en-queretaro\/#respond"]}]},{"@type":"WebPage","@id":"https:\/\/www.nexoinformativo.mx\/index.php\/2025\/02\/19\/expertos-internacionales-de-human-rights-watch-elogian-el-modelo-de-justicia-en-queretaro\/","url":"https:\/\/www.nexoinformativo.mx\/index.php\/2025\/02\/19\/expertos-internacionales-de-human-rights-watch-elogian-el-modelo-de-justicia-en-queretaro\/","name":"Expertos internacionales de Human Rights Watch elogian el modelo de justicia en Quer\u00e9taro | Nexo Informativo Santiago de Quer\u00e9taro","isPartOf":{"@id":"https:\/\/www.nexoinformativo.mx\/#website"},"primaryImageOfPage":{"@id":"https:\/\/www.nexoinformativo.mx\/index.php\/2025\/02\/19\/expertos-internacionales-de-human-rights-watch-elogian-el-modelo-de-justicia-en-queretaro\/#primaryimage"},"image":{"@id":"https:\/\/www.nexoinformativo.mx\/index.php\/2025\/02\/19\/expertos-internacionales-de-human-rights-watch-elogian-el-modelo-de-justicia-en-queretaro\/#primaryimage"},"thumbnailUrl":"https:\/\/www.nexoinformativo.mx\/wp-content\/uploads\/2025\/02\/PHOTO-2025-02-19-09-06-39-e1739979718818.jpg","datePublished":"2025-02-19T14:00:51+00:00","dateModified":"2025-02-19T15:42:24+00:00","description":"Expertos internacionales de Human Rights Watch elogian el modelo de justicia en Quer\u00e9taro","breadcrumb":{"@id":"https:\/\/www.nexoinformativo.mx\/index.php\/2025\/02\/19\/expertos-internacionales-de-human-rights-watch-elogian-el-modelo-de-justicia-en-queretaro\/#breadcrumb"},"inLanguage":"es","potentialAction":[{"@type":"ReadAction","target":["https:\/\/www.nexoinformativo.mx\/index.php\/2025\/02\/19\/expertos-internacionales-de-human-rights-watch-elogian-el-modelo-de-justicia-en-queretaro\/"]}]},{"@type":"ImageObject","inLanguage":"es","@id":"https:\/\/www.nexoinformativo.mx\/index.php\/2025\/02\/19\/expertos-internacionales-de-human-rights-watch-elogian-el-modelo-de-justicia-en-queretaro\/#primaryimage","url":"https:\/\/www.nexoinformativo.mx\/wp-content\/uploads\/2025\/02\/PHOTO-2025-02-19-09-06-39-e1739979718818.jpg","contentUrl":"https:\/\/www.nexoinformativo.mx\/wp-content\/uploads\/2025\/02\/PHOTO-2025-02-19-09-06-39-e1739979718818.jpg","width":800,"height":671},{"@type":"BreadcrumbList","@id":"https:\/\/www.nexoinformativo.mx\/index.php\/2025\/02\/19\/expertos-internacionales-de-human-rights-watch-elogian-el-modelo-de-justicia-en-queretaro\/#breadcrumb","itemListElement":[{"@type":"ListItem","position":1,"name":"Inicio","item":"https:\/\/www.nexoinformativo.mx\/"},{"@type":"ListItem","position":2,"name":"Expertos internacionales de Human Rights Watch elogian el modelo de justicia en Quer\u00e9taro"}]},{"@type":"WebSite","@id":"https:\/\/www.nexoinformativo.mx\/#website","url":"https:\/\/www.nexoinformativo.mx\/","name":"Nexo Informativo Santiago de Quer\u00e9taro","description":"Explora NexoInformativo y convi\u00e9rtete en parte de una comunidad que valora el conocimiento y la verdad. Tu nexoinformativo es tu puente hacia una comprensi\u00f3n m\u00e1s profunda del mundo que te rodea.","publisher":{"@id":"https:\/\/www.nexoinformativo.mx\/#organization"},"potentialAction":[{"@type":"SearchAction","target":{"@type":"EntryPoint","urlTemplate":"https:\/\/www.nexoinformativo.mx\/?s={search_term_string}"},"query-input":{"@type":"PropertyValueSpecification","valueRequired":true,"valueName":"search_term_string"}}],"inLanguage":"es"},{"@type":"Organization","@id":"https:\/\/www.nexoinformativo.mx\/#organization","name":"Nexo Informativo Santiago de Quer\u00e9taro","url":"https:\/\/www.nexoinformativo.mx\/","logo":{"@type":"ImageObject","inLanguage":"es","@id":"https:\/\/www.nexoinformativo.mx\/#\/schema\/logo\/image\/","url":"https:\/\/www.nexoinformativo.mx\/wp-content\/uploads\/2024\/07\/nexoi-trasparente-2.png","contentUrl":"https:\/\/www.nexoinformativo.mx\/wp-content\/uploads\/2024\/07\/nexoi-trasparente-2.png","width":816,"height":339,"caption":"Nexo Informativo Santiago de Quer\u00e9taro"},"image":{"@id":"https:\/\/www.nexoinformativo.mx\/#\/schema\/logo\/image\/"},"sameAs":["https:\/\/www.facebook.com\/people\/Nexo-Informativo\/61564066885511\/"]},{"@type":"Person","@id":"https:\/\/www.nexoinformativo.mx\/#\/schema\/person\/7749d380ba08c8ca00d7bc76fd907b7d","name":"Nexo Informativo","image":{"@type":"ImageObject","inLanguage":"es","@id":"https:\/\/www.nexoinformativo.mx\/#\/schema\/person\/image\/","url":"https:\/\/secure.gravatar.com\/avatar\/dde2928154642a13d95f87ddf1ea9718fe2b46760a005c53e41ff5ad610704e6?s=96&d=mm&r=g","contentUrl":"https:\/\/secure.gravatar.com\/avatar\/dde2928154642a13d95f87ddf1ea9718fe2b46760a005c53e41ff5ad610704e6?s=96&d=mm&r=g","caption":"Nexo Informativo"},"url":"https:\/\/www.nexoinformativo.mx\/index.php\/author\/edicion\/"}]}},"_links":{"self":[{"href":"https:\/\/www.nexoinformativo.mx\/index.php\/wp-json\/wp\/v2\/posts\/11828","targetHints":{"allow":["GET"]}}],"collection":[{"href":"https:\/\/www.nexoinformativo.mx\/index.php\/wp-json\/wp\/v2\/posts"}],"about":[{"href":"https:\/\/www.nexoinformativo.mx\/index.php\/wp-json\/wp\/v2\/types\/post"}],"author":[{"embeddable":true,"href":"https:\/\/www.nexoinformativo.mx\/index.php\/wp-json\/wp\/v2\/users\/3"}],"replies":[{"embeddable":true,"href":"https:\/\/www.nexoinformativo.mx\/index.php\/wp-json\/wp\/v2\/comments?post=11828"}],"version-history":[{"count":3,"href":"https:\/\/www.nexoinformativo.mx\/index.php\/wp-json\/wp\/v2\/posts\/11828\/revisions"}],"predecessor-version":[{"id":11832,"href":"https:\/\/www.nexoinformativo.mx\/index.php\/wp-json\/wp\/v2\/posts\/11828\/revisions\/11832"}],"wp:featuredmedia":[{"embeddable":true,"href":"https:\/\/www.nexoinformativo.mx\/index.php\/wp-json\/wp\/v2\/media\/11830"}],"wp:attachment":[{"href":"https:\/\/www.nexoinformativo.mx\/index.php\/wp-json\/wp\/v2\/media?parent=11828"}],"wp:term":[{"taxonomy":"category","embeddable":true,"href":"https:\/\/www.nexoinformativo.mx\/index.php\/wp-json\/wp\/v2\/categories?post=11828"},{"taxonomy":"post_tag","embeddable":true,"href":"https:\/\/www.nexoinformativo.mx\/index.php\/wp-json\/wp\/v2\/tags?post=11828"}],"curies":[{"name":"wp","href":"https:\/\/api.w.org\/{rel}","templated":true}]}}