{"id":11839,"date":"2025-02-19T09:00:40","date_gmt":"2025-02-19T15:00:40","guid":{"rendered":"https:\/\/www.nexoinformativo.mx\/?p=11839"},"modified":"2025-02-19T10:03:29","modified_gmt":"2025-02-19T16:03:29","slug":"trump-anuncia-arancel-de-25-a-farmaceuticos-autos-y-chips-ebrard-inicia-dialogo-hoy-en-washington","status":"publish","type":"post","link":"https:\/\/www.nexoinformativo.mx\/index.php\/2025\/02\/19\/trump-anuncia-arancel-de-25-a-farmaceuticos-autos-y-chips-ebrard-inicia-dialogo-hoy-en-washington\/","title":{"rendered":"Trump anuncia arancel de 25% a farm\u00e1ceuticos, autos y chips Ebrard inicia di\u00e1logo hoy en Washington"},"content":{"rendered":"<p style=\"text-align: justify;\">El presidente de Estados Unidos, Donald Trump, confirm\u00f3 que los aranceles a los autom\u00f3viles importados ser\u00e1n del 25% y se aplicar\u00e1n a partir del 2 de abril.<\/p>\n<p>&nbsp;<\/p>\n<p style=\"text-align: justify;\">Tambi\u00e9n contempl\u00f3 grav\u00e1menes para productos farmac\u00e9uticos y semiconductores, que podr\u00edan incrementarse sustancialmente a lo largo del a\u00f1o.<\/p>\n<p>&nbsp;<\/p>\n<p style=\"text-align: justify;\">Trump justific\u00f3 el plazo para la entrada en vigor de la medida con el argumento de dar tiempo a las empresas para instalarse en EU y evitar el arancel. Se\u00f1al\u00f3 que los aranceles afectar\u00e1n a todos los pa\u00edses por igual, incluidos M\u00e9xico y Canad\u00e1.<\/p>\n<p>&nbsp;<\/p>\n<p style=\"text-align: justify;\">El secretario de Econom\u00eda, Marcelo Ebrard, inform\u00f3 que se reunir\u00e1 con sus contrapartes del gobierno de Estados Unidos este jueves en Washington para tratar asuntos sobre los aranceles y la integraci\u00f3n econ\u00f3mica bilateral.<\/p>\n<p>&nbsp;<\/p>\n<p style=\"text-align: justify;\">Ebrard destac\u00f3 la importancia de este di\u00e1logo para entender las propuestas y argumentos de ambos pa\u00edses y buscar acuerdos que favorezcan la econom\u00eda.<\/p>\n<p>&nbsp;<\/p>\n<p style=\"text-align: justify;\">Ebrard se\u00f1al\u00f3 que la relaci\u00f3n entre M\u00e9xico y Estados Unidos es excepcional debido al alto grado de integraci\u00f3n econ\u00f3mica. Subray\u00f3 que M\u00e9xico exporta manufacturas a Estados Unidos, pero tambi\u00e9n importa numerosos productos, lo que ha aumentado la competitividad de ambos pa\u00edses.<\/p>\n<p>&nbsp;<\/p>\n<p style=\"text-align: justify;\">El objetivo del di\u00e1logo es llegar a un acercamiento y construir acuerdos que beneficien la econom\u00eda de ambos pa\u00edses.<\/p>\n<p>&nbsp;<\/p>\n<p style=\"text-align: center;\"><em><strong>\u00a1Informaci\u00f3n que transforma!<\/strong><\/em><\/p>\n","protected":false},"excerpt":{"rendered":"<p>El presidente de Estados Unidos, Donald Trump, confirm\u00f3 que los aranceles a los autom\u00f3viles importados ser\u00e1n del 25% y se aplicar\u00e1n a partir del 2 de abril.<\/p>\n","protected":false},"author":3,"featured_media":11841,"comment_status":"open","ping_status":"open","sticky":false,"template":"","format":"standard","meta":{"footnotes":""},"categories":[5,88,58],"tags":[2354,1491,3335,1929],"class_list":["post-11839","post","type-post","status-publish","format-standard","has-post-thumbnail","hentry","category-economia","category-nacional","category-ultima-hora","tag-arancelestrump","tag-comerciointernacional","tag-integracioneconomica","tag-marceloebrard"],"yoast_head":"<!-- This site is optimized with the Yoast SEO plugin v25.0 - https:\/\/yoast.com\/wordpress\/plugins\/seo\/ -->\n<title>Trump anuncia arancel de 25% a farm\u00e1ceuticos, autos y chips Ebrard inicia di\u00e1logo hoy en Washington | Nexo Informativo Santiago de Quer\u00e9taro<\/title>\n<meta name=\"description\" content=\"Trump anuncia arancel de 25% a farmacos, autos y chips Ebrard inicia di\u00e1logo hoy en Washington\" \/>\n<meta name=\"robots\" content=\"index, follow, max-snippet:-1, max-image-preview:large, max-video-preview:-1\" \/>\n<link rel=\"canonical\" href=\"https:\/\/www.nexoinformativo.mx\/index.php\/2025\/02\/19\/trump-anuncia-arancel-de-25-a-farmaceuticos-autos-y-chips-ebrard-inicia-dialogo-hoy-en-washington\/\" \/>\n<meta property=\"og:locale\" content=\"es_MX\" \/>\n<meta property=\"og:type\" content=\"article\" \/>\n<meta property=\"og:title\" content=\"Trump anuncia arancel de 25% a farm\u00e1ceuticos, autos y chips Ebrard inicia di\u00e1logo hoy en Washington | Nexo Informativo Santiago de Quer\u00e9taro\" \/>\n<meta property=\"og:description\" content=\"Trump anuncia arancel de 25% a farmacos, autos y chips Ebrard inicia di\u00e1logo hoy en Washington\" \/>\n<meta property=\"og:url\" content=\"https:\/\/www.nexoinformativo.mx\/index.php\/2025\/02\/19\/trump-anuncia-arancel-de-25-a-farmaceuticos-autos-y-chips-ebrard-inicia-dialogo-hoy-en-washington\/\" \/>\n<meta property=\"og:site_name\" content=\"Nexo Informativo Santiago de Quer\u00e9taro\" \/>\n<meta property=\"article:publisher\" content=\"https:\/\/www.facebook.com\/people\/Nexo-Informativo\/61564066885511\/\" \/>\n<meta property=\"article:published_time\" content=\"2025-02-19T15:00:40+00:00\" \/>\n<meta property=\"article:modified_time\" content=\"2025-02-19T16:03:29+00:00\" \/>\n<meta property=\"og:image\" content=\"https:\/\/www.nexoinformativo.mx\/wp-content\/uploads\/2025\/02\/IMG_0918-e1739980979110.jpg\" \/>\n\t<meta property=\"og:image:width\" content=\"800\" \/>\n\t<meta property=\"og:image:height\" content=\"533\" \/>\n\t<meta property=\"og:image:type\" content=\"image\/jpeg\" \/>\n<meta name=\"author\" content=\"Nexo Informativo\" \/>\n<meta name=\"twitter:card\" content=\"summary_large_image\" \/>\n<meta name=\"twitter:label1\" content=\"Escrito por\" \/>\n\t<meta name=\"twitter:data1\" content=\"Nexo Informativo\" \/>\n\t<meta name=\"twitter:label2\" content=\"Tiempo de lectura\" \/>\n\t<meta name=\"twitter:data2\" content=\"2 minutos\" \/>\n<script type=\"application\/ld+json\" class=\"yoast-schema-graph\">{\"@context\":\"https:\/\/schema.org\",\"@graph\":[{\"@type\":\"Article\",\"@id\":\"https:\/\/www.nexoinformativo.mx\/index.php\/2025\/02\/19\/trump-anuncia-arancel-de-25-a-farmaceuticos-autos-y-chips-ebrard-inicia-dialogo-hoy-en-washington\/#article\",\"isPartOf\":{\"@id\":\"https:\/\/www.nexoinformativo.mx\/index.php\/2025\/02\/19\/trump-anuncia-arancel-de-25-a-farmaceuticos-autos-y-chips-ebrard-inicia-dialogo-hoy-en-washington\/\"},\"author\":{\"name\":\"Nexo Informativo\",\"@id\":\"https:\/\/www.nexoinformativo.mx\/#\/schema\/person\/7749d380ba08c8ca00d7bc76fd907b7d\"},\"headline\":\"Trump anuncia arancel de 25% a farm\u00e1ceuticos, autos y chips Ebrard inicia di\u00e1logo hoy en Washington\",\"datePublished\":\"2025-02-19T15:00:40+00:00\",\"dateModified\":\"2025-02-19T16:03:29+00:00\",\"mainEntityOfPage\":{\"@id\":\"https:\/\/www.nexoinformativo.mx\/index.php\/2025\/02\/19\/trump-anuncia-arancel-de-25-a-farmaceuticos-autos-y-chips-ebrard-inicia-dialogo-hoy-en-washington\/\"},\"wordCount\":259,\"commentCount\":0,\"publisher\":{\"@id\":\"https:\/\/www.nexoinformativo.mx\/#organization\"},\"image\":{\"@id\":\"https:\/\/www.nexoinformativo.mx\/index.php\/2025\/02\/19\/trump-anuncia-arancel-de-25-a-farmaceuticos-autos-y-chips-ebrard-inicia-dialogo-hoy-en-washington\/#primaryimage\"},\"thumbnailUrl\":\"https:\/\/www.nexoinformativo.mx\/wp-content\/uploads\/2025\/02\/IMG_0918-e1739980979110.jpg\",\"keywords\":[\"ArancelesTrump\",\"ComercioInternacional\",\"Integraci\u00f3nEcon\u00f3mica\",\"MarceloEbrard\"],\"articleSection\":[\"Econom\u00eda\",\"Nacional\",\"\u00daltima Hora\"],\"inLanguage\":\"es\",\"potentialAction\":[{\"@type\":\"CommentAction\",\"name\":\"Comment\",\"target\":[\"https:\/\/www.nexoinformativo.mx\/index.php\/2025\/02\/19\/trump-anuncia-arancel-de-25-a-farmaceuticos-autos-y-chips-ebrard-inicia-dialogo-hoy-en-washington\/#respond\"]}]},{\"@type\":\"WebPage\",\"@id\":\"https:\/\/www.nexoinformativo.mx\/index.php\/2025\/02\/19\/trump-anuncia-arancel-de-25-a-farmaceuticos-autos-y-chips-ebrard-inicia-dialogo-hoy-en-washington\/\",\"url\":\"https:\/\/www.nexoinformativo.mx\/index.php\/2025\/02\/19\/trump-anuncia-arancel-de-25-a-farmaceuticos-autos-y-chips-ebrard-inicia-dialogo-hoy-en-washington\/\",\"name\":\"Trump anuncia arancel de 25% a farm\u00e1ceuticos, autos y chips Ebrard inicia di\u00e1logo hoy en Washington | Nexo Informativo Santiago de Quer\u00e9taro\",\"isPartOf\":{\"@id\":\"https:\/\/www.nexoinformativo.mx\/#website\"},\"primaryImageOfPage\":{\"@id\":\"https:\/\/www.nexoinformativo.mx\/index.php\/2025\/02\/19\/trump-anuncia-arancel-de-25-a-farmaceuticos-autos-y-chips-ebrard-inicia-dialogo-hoy-en-washington\/#primaryimage\"},\"image\":{\"@id\":\"https:\/\/www.nexoinformativo.mx\/index.php\/2025\/02\/19\/trump-anuncia-arancel-de-25-a-farmaceuticos-autos-y-chips-ebrard-inicia-dialogo-hoy-en-washington\/#primaryimage\"},\"thumbnailUrl\":\"https:\/\/www.nexoinformativo.mx\/wp-content\/uploads\/2025\/02\/IMG_0918-e1739980979110.jpg\",\"datePublished\":\"2025-02-19T15:00:40+00:00\",\"dateModified\":\"2025-02-19T16:03:29+00:00\",\"description\":\"Trump anuncia arancel de 25% a farmacos, autos y chips Ebrard inicia di\u00e1logo hoy en Washington\",\"breadcrumb\":{\"@id\":\"https:\/\/www.nexoinformativo.mx\/index.php\/2025\/02\/19\/trump-anuncia-arancel-de-25-a-farmaceuticos-autos-y-chips-ebrard-inicia-dialogo-hoy-en-washington\/#breadcrumb\"},\"inLanguage\":\"es\",\"potentialAction\":[{\"@type\":\"ReadAction\",\"target\":[\"https:\/\/www.nexoinformativo.mx\/index.php\/2025\/02\/19\/trump-anuncia-arancel-de-25-a-farmaceuticos-autos-y-chips-ebrard-inicia-dialogo-hoy-en-washington\/\"]}]},{\"@type\":\"ImageObject\",\"inLanguage\":\"es\",\"@id\":\"https:\/\/www.nexoinformativo.mx\/index.php\/2025\/02\/19\/trump-anuncia-arancel-de-25-a-farmaceuticos-autos-y-chips-ebrard-inicia-dialogo-hoy-en-washington\/#primaryimage\",\"url\":\"https:\/\/www.nexoinformativo.mx\/wp-content\/uploads\/2025\/02\/IMG_0918-e1739980979110.jpg\",\"contentUrl\":\"https:\/\/www.nexoinformativo.mx\/wp-content\/uploads\/2025\/02\/IMG_0918-e1739980979110.jpg\",\"width\":800,\"height\":533},{\"@type\":\"BreadcrumbList\",\"@id\":\"https:\/\/www.nexoinformativo.mx\/index.php\/2025\/02\/19\/trump-anuncia-arancel-de-25-a-farmaceuticos-autos-y-chips-ebrard-inicia-dialogo-hoy-en-washington\/#breadcrumb\",\"itemListElement\":[{\"@type\":\"ListItem\",\"position\":1,\"name\":\"Inicio\",\"item\":\"https:\/\/www.nexoinformativo.mx\/\"},{\"@type\":\"ListItem\",\"position\":2,\"name\":\"Trump anuncia arancel de 25% a farm\u00e1ceuticos, autos y chips Ebrard inicia di\u00e1logo hoy en Washington\"}]},{\"@type\":\"WebSite\",\"@id\":\"https:\/\/www.nexoinformativo.mx\/#website\",\"url\":\"https:\/\/www.nexoinformativo.mx\/\",\"name\":\"Nexo Informativo Santiago de Quer\u00e9taro\",\"description\":\"Explora NexoInformativo y convi\u00e9rtete en parte de una comunidad que valora el conocimiento y la verdad. Tu nexoinformativo es tu puente hacia una comprensi\u00f3n m\u00e1s profunda del mundo que te rodea.\",\"publisher\":{\"@id\":\"https:\/\/www.nexoinformativo.mx\/#organization\"},\"potentialAction\":[{\"@type\":\"SearchAction\",\"target\":{\"@type\":\"EntryPoint\",\"urlTemplate\":\"https:\/\/www.nexoinformativo.mx\/?s={search_term_string}\"},\"query-input\":{\"@type\":\"PropertyValueSpecification\",\"valueRequired\":true,\"valueName\":\"search_term_string\"}}],\"inLanguage\":\"es\"},{\"@type\":\"Organization\",\"@id\":\"https:\/\/www.nexoinformativo.mx\/#organization\",\"name\":\"Nexo Informativo Santiago de Quer\u00e9taro\",\"url\":\"https:\/\/www.nexoinformativo.mx\/\",\"logo\":{\"@type\":\"ImageObject\",\"inLanguage\":\"es\",\"@id\":\"https:\/\/www.nexoinformativo.mx\/#\/schema\/logo\/image\/\",\"url\":\"https:\/\/www.nexoinformativo.mx\/wp-content\/uploads\/2024\/07\/nexoi-trasparente-2.png\",\"contentUrl\":\"https:\/\/www.nexoinformativo.mx\/wp-content\/uploads\/2024\/07\/nexoi-trasparente-2.png\",\"width\":816,\"height\":339,\"caption\":\"Nexo Informativo Santiago de Quer\u00e9taro\"},\"image\":{\"@id\":\"https:\/\/www.nexoinformativo.mx\/#\/schema\/logo\/image\/\"},\"sameAs\":[\"https:\/\/www.facebook.com\/people\/Nexo-Informativo\/61564066885511\/\"]},{\"@type\":\"Person\",\"@id\":\"https:\/\/www.nexoinformativo.mx\/#\/schema\/person\/7749d380ba08c8ca00d7bc76fd907b7d\",\"name\":\"Nexo Informativo\",\"image\":{\"@type\":\"ImageObject\",\"inLanguage\":\"es\",\"@id\":\"https:\/\/www.nexoinformativo.mx\/#\/schema\/person\/image\/\",\"url\":\"https:\/\/secure.gravatar.com\/avatar\/dde2928154642a13d95f87ddf1ea9718fe2b46760a005c53e41ff5ad610704e6?s=96&d=mm&r=g\",\"contentUrl\":\"https:\/\/secure.gravatar.com\/avatar\/dde2928154642a13d95f87ddf1ea9718fe2b46760a005c53e41ff5ad610704e6?s=96&d=mm&r=g\",\"caption\":\"Nexo Informativo\"},\"url\":\"https:\/\/www.nexoinformativo.mx\/index.php\/author\/edicion\/\"}]}<\/script>\n<!-- \/ Yoast SEO plugin. -->","yoast_head_json":{"title":"Trump anuncia arancel de 25% a farm\u00e1ceuticos, autos y chips Ebrard inicia di\u00e1logo hoy en Washington | Nexo Informativo Santiago de Quer\u00e9taro","description":"Trump anuncia arancel de 25% a farmacos, autos y chips Ebrard inicia di\u00e1logo hoy en Washington","robots":{"index":"index","follow":"follow","max-snippet":"max-snippet:-1","max-image-preview":"max-image-preview:large","max-video-preview":"max-video-preview:-1"},"canonical":"https:\/\/www.nexoinformativo.mx\/index.php\/2025\/02\/19\/trump-anuncia-arancel-de-25-a-farmaceuticos-autos-y-chips-ebrard-inicia-dialogo-hoy-en-washington\/","og_locale":"es_MX","og_type":"article","og_title":"Trump anuncia arancel de 25% a farm\u00e1ceuticos, autos y chips Ebrard inicia di\u00e1logo hoy en Washington | Nexo Informativo Santiago de Quer\u00e9taro","og_description":"Trump anuncia arancel de 25% a farmacos, autos y chips Ebrard inicia di\u00e1logo hoy en Washington","og_url":"https:\/\/www.nexoinformativo.mx\/index.php\/2025\/02\/19\/trump-anuncia-arancel-de-25-a-farmaceuticos-autos-y-chips-ebrard-inicia-dialogo-hoy-en-washington\/","og_site_name":"Nexo Informativo Santiago de Quer\u00e9taro","article_publisher":"https:\/\/www.facebook.com\/people\/Nexo-Informativo\/61564066885511\/","article_published_time":"2025-02-19T15:00:40+00:00","article_modified_time":"2025-02-19T16:03:29+00:00","og_image":[{"width":800,"height":533,"url":"https:\/\/www.nexoinformativo.mx\/wp-content\/uploads\/2025\/02\/IMG_0918-e1739980979110.jpg","type":"image\/jpeg"}],"author":"Nexo Informativo","twitter_card":"summary_large_image","twitter_misc":{"Escrito por":"Nexo Informativo","Tiempo de lectura":"2 minutos"},"schema":{"@context":"https:\/\/schema.org","@graph":[{"@type":"Article","@id":"https:\/\/www.nexoinformativo.mx\/index.php\/2025\/02\/19\/trump-anuncia-arancel-de-25-a-farmaceuticos-autos-y-chips-ebrard-inicia-dialogo-hoy-en-washington\/#article","isPartOf":{"@id":"https:\/\/www.nexoinformativo.mx\/index.php\/2025\/02\/19\/trump-anuncia-arancel-de-25-a-farmaceuticos-autos-y-chips-ebrard-inicia-dialogo-hoy-en-washington\/"},"author":{"name":"Nexo Informativo","@id":"https:\/\/www.nexoinformativo.mx\/#\/schema\/person\/7749d380ba08c8ca00d7bc76fd907b7d"},"headline":"Trump anuncia arancel de 25% a farm\u00e1ceuticos, autos y chips Ebrard inicia di\u00e1logo hoy en Washington","datePublished":"2025-02-19T15:00:40+00:00","dateModified":"2025-02-19T16:03:29+00:00","mainEntityOfPage":{"@id":"https:\/\/www.nexoinformativo.mx\/index.php\/2025\/02\/19\/trump-anuncia-arancel-de-25-a-farmaceuticos-autos-y-chips-ebrard-inicia-dialogo-hoy-en-washington\/"},"wordCount":259,"commentCount":0,"publisher":{"@id":"https:\/\/www.nexoinformativo.mx\/#organization"},"image":{"@id":"https:\/\/www.nexoinformativo.mx\/index.php\/2025\/02\/19\/trump-anuncia-arancel-de-25-a-farmaceuticos-autos-y-chips-ebrard-inicia-dialogo-hoy-en-washington\/#primaryimage"},"thumbnailUrl":"https:\/\/www.nexoinformativo.mx\/wp-content\/uploads\/2025\/02\/IMG_0918-e1739980979110.jpg","keywords":["ArancelesTrump","ComercioInternacional","Integraci\u00f3nEcon\u00f3mica","MarceloEbrard"],"articleSection":["Econom\u00eda","Nacional","\u00daltima Hora"],"inLanguage":"es","potentialAction":[{"@type":"CommentAction","name":"Comment","target":["https:\/\/www.nexoinformativo.mx\/index.php\/2025\/02\/19\/trump-anuncia-arancel-de-25-a-farmaceuticos-autos-y-chips-ebrard-inicia-dialogo-hoy-en-washington\/#respond"]}]},{"@type":"WebPage","@id":"https:\/\/www.nexoinformativo.mx\/index.php\/2025\/02\/19\/trump-anuncia-arancel-de-25-a-farmaceuticos-autos-y-chips-ebrard-inicia-dialogo-hoy-en-washington\/","url":"https:\/\/www.nexoinformativo.mx\/index.php\/2025\/02\/19\/trump-anuncia-arancel-de-25-a-farmaceuticos-autos-y-chips-ebrard-inicia-dialogo-hoy-en-washington\/","name":"Trump anuncia arancel de 25% a farm\u00e1ceuticos, autos y chips Ebrard inicia di\u00e1logo hoy en Washington | Nexo Informativo Santiago de Quer\u00e9taro","isPartOf":{"@id":"https:\/\/www.nexoinformativo.mx\/#website"},"primaryImageOfPage":{"@id":"https:\/\/www.nexoinformativo.mx\/index.php\/2025\/02\/19\/trump-anuncia-arancel-de-25-a-farmaceuticos-autos-y-chips-ebrard-inicia-dialogo-hoy-en-washington\/#primaryimage"},"image":{"@id":"https:\/\/www.nexoinformativo.mx\/index.php\/2025\/02\/19\/trump-anuncia-arancel-de-25-a-farmaceuticos-autos-y-chips-ebrard-inicia-dialogo-hoy-en-washington\/#primaryimage"},"thumbnailUrl":"https:\/\/www.nexoinformativo.mx\/wp-content\/uploads\/2025\/02\/IMG_0918-e1739980979110.jpg","datePublished":"2025-02-19T15:00:40+00:00","dateModified":"2025-02-19T16:03:29+00:00","description":"Trump anuncia arancel de 25% a farmacos, autos y chips Ebrard inicia di\u00e1logo hoy en Washington","breadcrumb":{"@id":"https:\/\/www.nexoinformativo.mx\/index.php\/2025\/02\/19\/trump-anuncia-arancel-de-25-a-farmaceuticos-autos-y-chips-ebrard-inicia-dialogo-hoy-en-washington\/#breadcrumb"},"inLanguage":"es","potentialAction":[{"@type":"ReadAction","target":["https:\/\/www.nexoinformativo.mx\/index.php\/2025\/02\/19\/trump-anuncia-arancel-de-25-a-farmaceuticos-autos-y-chips-ebrard-inicia-dialogo-hoy-en-washington\/"]}]},{"@type":"ImageObject","inLanguage":"es","@id":"https:\/\/www.nexoinformativo.mx\/index.php\/2025\/02\/19\/trump-anuncia-arancel-de-25-a-farmaceuticos-autos-y-chips-ebrard-inicia-dialogo-hoy-en-washington\/#primaryimage","url":"https:\/\/www.nexoinformativo.mx\/wp-content\/uploads\/2025\/02\/IMG_0918-e1739980979110.jpg","contentUrl":"https:\/\/www.nexoinformativo.mx\/wp-content\/uploads\/2025\/02\/IMG_0918-e1739980979110.jpg","width":800,"height":533},{"@type":"BreadcrumbList","@id":"https:\/\/www.nexoinformativo.mx\/index.php\/2025\/02\/19\/trump-anuncia-arancel-de-25-a-farmaceuticos-autos-y-chips-ebrard-inicia-dialogo-hoy-en-washington\/#breadcrumb","itemListElement":[{"@type":"ListItem","position":1,"name":"Inicio","item":"https:\/\/www.nexoinformativo.mx\/"},{"@type":"ListItem","position":2,"name":"Trump anuncia arancel de 25% a farm\u00e1ceuticos, autos y chips Ebrard inicia di\u00e1logo hoy en Washington"}]},{"@type":"WebSite","@id":"https:\/\/www.nexoinformativo.mx\/#website","url":"https:\/\/www.nexoinformativo.mx\/","name":"Nexo Informativo Santiago de Quer\u00e9taro","description":"Explora NexoInformativo y convi\u00e9rtete en parte de una comunidad que valora el conocimiento y la verdad. Tu nexoinformativo es tu puente hacia una comprensi\u00f3n m\u00e1s profunda del mundo que te rodea.","publisher":{"@id":"https:\/\/www.nexoinformativo.mx\/#organization"},"potentialAction":[{"@type":"SearchAction","target":{"@type":"EntryPoint","urlTemplate":"https:\/\/www.nexoinformativo.mx\/?s={search_term_string}"},"query-input":{"@type":"PropertyValueSpecification","valueRequired":true,"valueName":"search_term_string"}}],"inLanguage":"es"},{"@type":"Organization","@id":"https:\/\/www.nexoinformativo.mx\/#organization","name":"Nexo Informativo Santiago de Quer\u00e9taro","url":"https:\/\/www.nexoinformativo.mx\/","logo":{"@type":"ImageObject","inLanguage":"es","@id":"https:\/\/www.nexoinformativo.mx\/#\/schema\/logo\/image\/","url":"https:\/\/www.nexoinformativo.mx\/wp-content\/uploads\/2024\/07\/nexoi-trasparente-2.png","contentUrl":"https:\/\/www.nexoinformativo.mx\/wp-content\/uploads\/2024\/07\/nexoi-trasparente-2.png","width":816,"height":339,"caption":"Nexo Informativo Santiago de Quer\u00e9taro"},"image":{"@id":"https:\/\/www.nexoinformativo.mx\/#\/schema\/logo\/image\/"},"sameAs":["https:\/\/www.facebook.com\/people\/Nexo-Informativo\/61564066885511\/"]},{"@type":"Person","@id":"https:\/\/www.nexoinformativo.mx\/#\/schema\/person\/7749d380ba08c8ca00d7bc76fd907b7d","name":"Nexo Informativo","image":{"@type":"ImageObject","inLanguage":"es","@id":"https:\/\/www.nexoinformativo.mx\/#\/schema\/person\/image\/","url":"https:\/\/secure.gravatar.com\/avatar\/dde2928154642a13d95f87ddf1ea9718fe2b46760a005c53e41ff5ad610704e6?s=96&d=mm&r=g","contentUrl":"https:\/\/secure.gravatar.com\/avatar\/dde2928154642a13d95f87ddf1ea9718fe2b46760a005c53e41ff5ad610704e6?s=96&d=mm&r=g","caption":"Nexo Informativo"},"url":"https:\/\/www.nexoinformativo.mx\/index.php\/author\/edicion\/"}]}},"_links":{"self":[{"href":"https:\/\/www.nexoinformativo.mx\/index.php\/wp-json\/wp\/v2\/posts\/11839","targetHints":{"allow":["GET"]}}],"collection":[{"href":"https:\/\/www.nexoinformativo.mx\/index.php\/wp-json\/wp\/v2\/posts"}],"about":[{"href":"https:\/\/www.nexoinformativo.mx\/index.php\/wp-json\/wp\/v2\/types\/post"}],"author":[{"embeddable":true,"href":"https:\/\/www.nexoinformativo.mx\/index.php\/wp-json\/wp\/v2\/users\/3"}],"replies":[{"embeddable":true,"href":"https:\/\/www.nexoinformativo.mx\/index.php\/wp-json\/wp\/v2\/comments?post=11839"}],"version-history":[{"count":3,"href":"https:\/\/www.nexoinformativo.mx\/index.php\/wp-json\/wp\/v2\/posts\/11839\/revisions"}],"predecessor-version":[{"id":11843,"href":"https:\/\/www.nexoinformativo.mx\/index.php\/wp-json\/wp\/v2\/posts\/11839\/revisions\/11843"}],"wp:featuredmedia":[{"embeddable":true,"href":"https:\/\/www.nexoinformativo.mx\/index.php\/wp-json\/wp\/v2\/media\/11841"}],"wp:attachment":[{"href":"https:\/\/www.nexoinformativo.mx\/index.php\/wp-json\/wp\/v2\/media?parent=11839"}],"wp:term":[{"taxonomy":"category","embeddable":true,"href":"https:\/\/www.nexoinformativo.mx\/index.php\/wp-json\/wp\/v2\/categories?post=11839"},{"taxonomy":"post_tag","embeddable":true,"href":"https:\/\/www.nexoinformativo.mx\/index.php\/wp-json\/wp\/v2\/tags?post=11839"}],"curies":[{"name":"wp","href":"https:\/\/api.w.org\/{rel}","templated":true}]}}