{"id":11844,"date":"2025-02-19T12:00:07","date_gmt":"2025-02-19T18:00:07","guid":{"rendered":"https:\/\/www.nexoinformativo.mx\/?p=11844"},"modified":"2025-02-19T16:53:57","modified_gmt":"2025-02-19T22:53:57","slug":"capturan-y-vinculan-a-proceso-a-agresor-que-rocio-con-gasolina-y-prendio-fuego-a-dos-personas-en-queretaro","status":"publish","type":"post","link":"https:\/\/www.nexoinformativo.mx\/index.php\/2025\/02\/19\/capturan-y-vinculan-a-proceso-a-agresor-que-rocio-con-gasolina-y-prendio-fuego-a-dos-personas-en-queretaro\/","title":{"rendered":"Capturan y vinculan a proceso a agresor que roci\u00f3 con gasolina y prendi\u00f3 fuego a dos personas en Quer\u00e9taro"},"content":{"rendered":"<p style=\"text-align: justify;\" data-sourcepos=\"11:1-11:448\">La Fiscal\u00eda General del Estado de Quer\u00e9taro ha logrado un importante avance en la investigaci\u00f3n del ataque con gasolina ocurrido el pasado 24 de enero en la colonia La Obrera.<\/p>\n<\/p>\n<p>&nbsp;<\/p>\n<p style=\"text-align: justify;\" data-sourcepos=\"11:1-11:448\">Tras una exhaustiva investigaci\u00f3n, se ha vinculado a proceso al presunto responsable de rociar con gasolina y prender fuego a dos personas, resultando en el fallecimiento de una mujer de 48 a\u00f1os y dejando a otra persona gravemente herida.<\/p>\n<\/p>\n<p>&nbsp;<\/p>\n<p style=\"text-align: justify;\" data-sourcepos=\"13:1-13:280\">El detenido, cuya identidad no ha sido revelada, fue capturado el pasado 17 de febrero en cumplimiento de una orden de aprehensi\u00f3n. Durante la audiencia inicial, la autoridad judicial determin\u00f3 vincularlo a proceso por los delitos de feminicidio y homicidio en grado de tentativa.<\/p>\n<\/p>\n<p>&nbsp;<\/p>\n<p style=\"text-align: justify;\" data-sourcepos=\"15:1-15:227\">La agresi\u00f3n ocurri\u00f3 cuando el imputado roci\u00f3 con gasolina a las dos v\u00edctimas, caus\u00e1ndoles quemaduras graves. Lamentablemente, una de las v\u00edctimas, una mujer de 48 a\u00f1os, falleci\u00f3 d\u00edas despu\u00e9s debido a la gravedad de sus heridas.<\/p>\n<\/p>\n<p>&nbsp;<\/p>\n<p style=\"text-align: justify;\" data-sourcepos=\"17:1-17:251\">La Unidad Especializada en la Investigaci\u00f3n y Persecuci\u00f3n del Delito de Feminicidio ha sido fundamental en el esclarecimiento de este caso. Gracias a las investigaciones realizadas, se logr\u00f3 establecer la probable autor\u00eda del imputado en estos hechos.<\/p>\n<\/p>\n<p>&nbsp;<\/p>\n<p style=\"text-align: justify;\" data-sourcepos=\"19:1-19:374\">Adem\u00e1s de la vinculaci\u00f3n a proceso, la autoridad judicial dict\u00f3 la medida cautelar de prisi\u00f3n preventiva justificada para el imputado, quien permanecer\u00e1 en prisi\u00f3n mientras se desarrolla la investigaci\u00f3n complementaria.<\/p>\n<\/p>\n<p>&nbsp;<\/p>\n<p style=\"text-align: center;\" data-sourcepos=\"19:1-19:374\"><em><strong>\u00a1Informaci\u00f3n que transforma!<\/strong><\/em><\/p>\n","protected":false},"excerpt":{"rendered":"<p>La Fiscal\u00eda General del Estado de Quer\u00e9taro ha logrado un importante avance en la investigaci\u00f3n del ataque con gasolina ocurrido el pasado 24 de enero en la colonia La Obrera.<\/p>\n","protected":false},"author":3,"featured_media":11845,"comment_status":"open","ping_status":"open","sticky":false,"template":"","format":"standard","meta":{"footnotes":""},"categories":[137,58],"tags":[813,1197,858,133],"class_list":["post-11844","post","type-post","status-publish","format-standard","has-post-thumbnail","hentry","category-sucesos","category-ultima-hora","tag-feminicidio","tag-justiciaparalasvictimas","tag-noalaviolencia","tag-queretaro"],"yoast_head":"<!-- This site is optimized with the Yoast SEO plugin v25.0 - https:\/\/yoast.com\/wordpress\/plugins\/seo\/ -->\n<title>Capturan y vinculan a proceso a agresor que roci\u00f3 con gasolina y prendi\u00f3 fuego a dos personas en Quer\u00e9taro | Nexo Informativo Santiago de Quer\u00e9taro<\/title>\n<meta name=\"description\" content=\"Capturan y vinculan a proceso a agresor que roci\u00f3 con gasolina y prendi\u00f3 fuego a dos personas en Quer\u00e9taro\" \/>\n<meta name=\"robots\" content=\"index, follow, max-snippet:-1, max-image-preview:large, max-video-preview:-1\" \/>\n<link rel=\"canonical\" href=\"https:\/\/www.nexoinformativo.mx\/index.php\/2025\/02\/19\/capturan-y-vinculan-a-proceso-a-agresor-que-rocio-con-gasolina-y-prendio-fuego-a-dos-personas-en-queretaro\/\" \/>\n<meta property=\"og:locale\" content=\"es_MX\" \/>\n<meta property=\"og:type\" content=\"article\" \/>\n<meta property=\"og:title\" content=\"Capturan y vinculan a proceso a agresor que roci\u00f3 con gasolina y prendi\u00f3 fuego a dos personas en Quer\u00e9taro | Nexo Informativo Santiago de Quer\u00e9taro\" \/>\n<meta property=\"og:description\" content=\"Capturan y vinculan a proceso a agresor que roci\u00f3 con gasolina y prendi\u00f3 fuego a dos personas en Quer\u00e9taro\" \/>\n<meta property=\"og:url\" content=\"https:\/\/www.nexoinformativo.mx\/index.php\/2025\/02\/19\/capturan-y-vinculan-a-proceso-a-agresor-que-rocio-con-gasolina-y-prendio-fuego-a-dos-personas-en-queretaro\/\" \/>\n<meta property=\"og:site_name\" content=\"Nexo Informativo Santiago de Quer\u00e9taro\" \/>\n<meta property=\"article:publisher\" content=\"https:\/\/www.facebook.com\/people\/Nexo-Informativo\/61564066885511\/\" \/>\n<meta property=\"article:published_time\" content=\"2025-02-19T18:00:07+00:00\" \/>\n<meta property=\"article:modified_time\" content=\"2025-02-19T22:53:57+00:00\" \/>\n<meta property=\"og:image\" content=\"https:\/\/www.nexoinformativo.mx\/wp-content\/uploads\/2025\/02\/PHOTO-2025-02-19-14-22-04-e1740005591813.jpg\" \/>\n\t<meta property=\"og:image:width\" content=\"800\" \/>\n\t<meta property=\"og:image:height\" content=\"504\" \/>\n\t<meta property=\"og:image:type\" content=\"image\/jpeg\" \/>\n<meta name=\"author\" content=\"Nexo Informativo\" \/>\n<meta name=\"twitter:card\" content=\"summary_large_image\" \/>\n<meta name=\"twitter:label1\" content=\"Escrito por\" \/>\n\t<meta name=\"twitter:data1\" content=\"Nexo Informativo\" \/>\n\t<meta name=\"twitter:label2\" content=\"Tiempo de lectura\" \/>\n\t<meta name=\"twitter:data2\" content=\"2 minutos\" \/>\n<script type=\"application\/ld+json\" class=\"yoast-schema-graph\">{\"@context\":\"https:\/\/schema.org\",\"@graph\":[{\"@type\":\"Article\",\"@id\":\"https:\/\/www.nexoinformativo.mx\/index.php\/2025\/02\/19\/capturan-y-vinculan-a-proceso-a-agresor-que-rocio-con-gasolina-y-prendio-fuego-a-dos-personas-en-queretaro\/#article\",\"isPartOf\":{\"@id\":\"https:\/\/www.nexoinformativo.mx\/index.php\/2025\/02\/19\/capturan-y-vinculan-a-proceso-a-agresor-que-rocio-con-gasolina-y-prendio-fuego-a-dos-personas-en-queretaro\/\"},\"author\":{\"name\":\"Nexo Informativo\",\"@id\":\"https:\/\/www.nexoinformativo.mx\/#\/schema\/person\/7749d380ba08c8ca00d7bc76fd907b7d\"},\"headline\":\"Capturan y vinculan a proceso a agresor que roci\u00f3 con gasolina y prendi\u00f3 fuego a dos personas en Quer\u00e9taro\",\"datePublished\":\"2025-02-19T18:00:07+00:00\",\"dateModified\":\"2025-02-19T22:53:57+00:00\",\"mainEntityOfPage\":{\"@id\":\"https:\/\/www.nexoinformativo.mx\/index.php\/2025\/02\/19\/capturan-y-vinculan-a-proceso-a-agresor-que-rocio-con-gasolina-y-prendio-fuego-a-dos-personas-en-queretaro\/\"},\"wordCount\":263,\"commentCount\":0,\"publisher\":{\"@id\":\"https:\/\/www.nexoinformativo.mx\/#organization\"},\"image\":{\"@id\":\"https:\/\/www.nexoinformativo.mx\/index.php\/2025\/02\/19\/capturan-y-vinculan-a-proceso-a-agresor-que-rocio-con-gasolina-y-prendio-fuego-a-dos-personas-en-queretaro\/#primaryimage\"},\"thumbnailUrl\":\"https:\/\/www.nexoinformativo.mx\/wp-content\/uploads\/2025\/02\/PHOTO-2025-02-19-14-22-04-e1740005591813.jpg\",\"keywords\":[\"Feminicidio\",\"JusticiaParaLasV\u00edctimas\",\"NoALaViolencia\",\"Quer\u00e9taro\"],\"articleSection\":[\"Sucesos\",\"\u00daltima Hora\"],\"inLanguage\":\"es\",\"potentialAction\":[{\"@type\":\"CommentAction\",\"name\":\"Comment\",\"target\":[\"https:\/\/www.nexoinformativo.mx\/index.php\/2025\/02\/19\/capturan-y-vinculan-a-proceso-a-agresor-que-rocio-con-gasolina-y-prendio-fuego-a-dos-personas-en-queretaro\/#respond\"]}]},{\"@type\":\"WebPage\",\"@id\":\"https:\/\/www.nexoinformativo.mx\/index.php\/2025\/02\/19\/capturan-y-vinculan-a-proceso-a-agresor-que-rocio-con-gasolina-y-prendio-fuego-a-dos-personas-en-queretaro\/\",\"url\":\"https:\/\/www.nexoinformativo.mx\/index.php\/2025\/02\/19\/capturan-y-vinculan-a-proceso-a-agresor-que-rocio-con-gasolina-y-prendio-fuego-a-dos-personas-en-queretaro\/\",\"name\":\"Capturan y vinculan a proceso a agresor que roci\u00f3 con gasolina y prendi\u00f3 fuego a dos personas en Quer\u00e9taro | Nexo Informativo Santiago de Quer\u00e9taro\",\"isPartOf\":{\"@id\":\"https:\/\/www.nexoinformativo.mx\/#website\"},\"primaryImageOfPage\":{\"@id\":\"https:\/\/www.nexoinformativo.mx\/index.php\/2025\/02\/19\/capturan-y-vinculan-a-proceso-a-agresor-que-rocio-con-gasolina-y-prendio-fuego-a-dos-personas-en-queretaro\/#primaryimage\"},\"image\":{\"@id\":\"https:\/\/www.nexoinformativo.mx\/index.php\/2025\/02\/19\/capturan-y-vinculan-a-proceso-a-agresor-que-rocio-con-gasolina-y-prendio-fuego-a-dos-personas-en-queretaro\/#primaryimage\"},\"thumbnailUrl\":\"https:\/\/www.nexoinformativo.mx\/wp-content\/uploads\/2025\/02\/PHOTO-2025-02-19-14-22-04-e1740005591813.jpg\",\"datePublished\":\"2025-02-19T18:00:07+00:00\",\"dateModified\":\"2025-02-19T22:53:57+00:00\",\"description\":\"Capturan y vinculan a proceso a agresor que roci\u00f3 con gasolina y prendi\u00f3 fuego a dos personas en Quer\u00e9taro\",\"breadcrumb\":{\"@id\":\"https:\/\/www.nexoinformativo.mx\/index.php\/2025\/02\/19\/capturan-y-vinculan-a-proceso-a-agresor-que-rocio-con-gasolina-y-prendio-fuego-a-dos-personas-en-queretaro\/#breadcrumb\"},\"inLanguage\":\"es\",\"potentialAction\":[{\"@type\":\"ReadAction\",\"target\":[\"https:\/\/www.nexoinformativo.mx\/index.php\/2025\/02\/19\/capturan-y-vinculan-a-proceso-a-agresor-que-rocio-con-gasolina-y-prendio-fuego-a-dos-personas-en-queretaro\/\"]}]},{\"@type\":\"ImageObject\",\"inLanguage\":\"es\",\"@id\":\"https:\/\/www.nexoinformativo.mx\/index.php\/2025\/02\/19\/capturan-y-vinculan-a-proceso-a-agresor-que-rocio-con-gasolina-y-prendio-fuego-a-dos-personas-en-queretaro\/#primaryimage\",\"url\":\"https:\/\/www.nexoinformativo.mx\/wp-content\/uploads\/2025\/02\/PHOTO-2025-02-19-14-22-04-e1740005591813.jpg\",\"contentUrl\":\"https:\/\/www.nexoinformativo.mx\/wp-content\/uploads\/2025\/02\/PHOTO-2025-02-19-14-22-04-e1740005591813.jpg\",\"width\":800,\"height\":504},{\"@type\":\"BreadcrumbList\",\"@id\":\"https:\/\/www.nexoinformativo.mx\/index.php\/2025\/02\/19\/capturan-y-vinculan-a-proceso-a-agresor-que-rocio-con-gasolina-y-prendio-fuego-a-dos-personas-en-queretaro\/#breadcrumb\",\"itemListElement\":[{\"@type\":\"ListItem\",\"position\":1,\"name\":\"Inicio\",\"item\":\"https:\/\/www.nexoinformativo.mx\/\"},{\"@type\":\"ListItem\",\"position\":2,\"name\":\"Capturan y vinculan a proceso a agresor que roci\u00f3 con gasolina y prendi\u00f3 fuego a dos personas en Quer\u00e9taro\"}]},{\"@type\":\"WebSite\",\"@id\":\"https:\/\/www.nexoinformativo.mx\/#website\",\"url\":\"https:\/\/www.nexoinformativo.mx\/\",\"name\":\"Nexo Informativo Santiago de Quer\u00e9taro\",\"description\":\"Explora NexoInformativo y convi\u00e9rtete en parte de una comunidad que valora el conocimiento y la verdad. Tu nexoinformativo es tu puente hacia una comprensi\u00f3n m\u00e1s profunda del mundo que te rodea.\",\"publisher\":{\"@id\":\"https:\/\/www.nexoinformativo.mx\/#organization\"},\"potentialAction\":[{\"@type\":\"SearchAction\",\"target\":{\"@type\":\"EntryPoint\",\"urlTemplate\":\"https:\/\/www.nexoinformativo.mx\/?s={search_term_string}\"},\"query-input\":{\"@type\":\"PropertyValueSpecification\",\"valueRequired\":true,\"valueName\":\"search_term_string\"}}],\"inLanguage\":\"es\"},{\"@type\":\"Organization\",\"@id\":\"https:\/\/www.nexoinformativo.mx\/#organization\",\"name\":\"Nexo Informativo Santiago de Quer\u00e9taro\",\"url\":\"https:\/\/www.nexoinformativo.mx\/\",\"logo\":{\"@type\":\"ImageObject\",\"inLanguage\":\"es\",\"@id\":\"https:\/\/www.nexoinformativo.mx\/#\/schema\/logo\/image\/\",\"url\":\"https:\/\/www.nexoinformativo.mx\/wp-content\/uploads\/2024\/07\/nexoi-trasparente-2.png\",\"contentUrl\":\"https:\/\/www.nexoinformativo.mx\/wp-content\/uploads\/2024\/07\/nexoi-trasparente-2.png\",\"width\":816,\"height\":339,\"caption\":\"Nexo Informativo Santiago de Quer\u00e9taro\"},\"image\":{\"@id\":\"https:\/\/www.nexoinformativo.mx\/#\/schema\/logo\/image\/\"},\"sameAs\":[\"https:\/\/www.facebook.com\/people\/Nexo-Informativo\/61564066885511\/\"]},{\"@type\":\"Person\",\"@id\":\"https:\/\/www.nexoinformativo.mx\/#\/schema\/person\/7749d380ba08c8ca00d7bc76fd907b7d\",\"name\":\"Nexo Informativo\",\"image\":{\"@type\":\"ImageObject\",\"inLanguage\":\"es\",\"@id\":\"https:\/\/www.nexoinformativo.mx\/#\/schema\/person\/image\/\",\"url\":\"https:\/\/secure.gravatar.com\/avatar\/dde2928154642a13d95f87ddf1ea9718fe2b46760a005c53e41ff5ad610704e6?s=96&d=mm&r=g\",\"contentUrl\":\"https:\/\/secure.gravatar.com\/avatar\/dde2928154642a13d95f87ddf1ea9718fe2b46760a005c53e41ff5ad610704e6?s=96&d=mm&r=g\",\"caption\":\"Nexo Informativo\"},\"url\":\"https:\/\/www.nexoinformativo.mx\/index.php\/author\/edicion\/\"}]}<\/script>\n<!-- \/ Yoast SEO plugin. -->","yoast_head_json":{"title":"Capturan y vinculan a proceso a agresor que roci\u00f3 con gasolina y prendi\u00f3 fuego a dos personas en Quer\u00e9taro | Nexo Informativo Santiago de Quer\u00e9taro","description":"Capturan y vinculan a proceso a agresor que roci\u00f3 con gasolina y prendi\u00f3 fuego a dos personas en Quer\u00e9taro","robots":{"index":"index","follow":"follow","max-snippet":"max-snippet:-1","max-image-preview":"max-image-preview:large","max-video-preview":"max-video-preview:-1"},"canonical":"https:\/\/www.nexoinformativo.mx\/index.php\/2025\/02\/19\/capturan-y-vinculan-a-proceso-a-agresor-que-rocio-con-gasolina-y-prendio-fuego-a-dos-personas-en-queretaro\/","og_locale":"es_MX","og_type":"article","og_title":"Capturan y vinculan a proceso a agresor que roci\u00f3 con gasolina y prendi\u00f3 fuego a dos personas en Quer\u00e9taro | Nexo Informativo Santiago de Quer\u00e9taro","og_description":"Capturan y vinculan a proceso a agresor que roci\u00f3 con gasolina y prendi\u00f3 fuego a dos personas en Quer\u00e9taro","og_url":"https:\/\/www.nexoinformativo.mx\/index.php\/2025\/02\/19\/capturan-y-vinculan-a-proceso-a-agresor-que-rocio-con-gasolina-y-prendio-fuego-a-dos-personas-en-queretaro\/","og_site_name":"Nexo Informativo Santiago de Quer\u00e9taro","article_publisher":"https:\/\/www.facebook.com\/people\/Nexo-Informativo\/61564066885511\/","article_published_time":"2025-02-19T18:00:07+00:00","article_modified_time":"2025-02-19T22:53:57+00:00","og_image":[{"width":800,"height":504,"url":"https:\/\/www.nexoinformativo.mx\/wp-content\/uploads\/2025\/02\/PHOTO-2025-02-19-14-22-04-e1740005591813.jpg","type":"image\/jpeg"}],"author":"Nexo Informativo","twitter_card":"summary_large_image","twitter_misc":{"Escrito por":"Nexo Informativo","Tiempo de lectura":"2 minutos"},"schema":{"@context":"https:\/\/schema.org","@graph":[{"@type":"Article","@id":"https:\/\/www.nexoinformativo.mx\/index.php\/2025\/02\/19\/capturan-y-vinculan-a-proceso-a-agresor-que-rocio-con-gasolina-y-prendio-fuego-a-dos-personas-en-queretaro\/#article","isPartOf":{"@id":"https:\/\/www.nexoinformativo.mx\/index.php\/2025\/02\/19\/capturan-y-vinculan-a-proceso-a-agresor-que-rocio-con-gasolina-y-prendio-fuego-a-dos-personas-en-queretaro\/"},"author":{"name":"Nexo Informativo","@id":"https:\/\/www.nexoinformativo.mx\/#\/schema\/person\/7749d380ba08c8ca00d7bc76fd907b7d"},"headline":"Capturan y vinculan a proceso a agresor que roci\u00f3 con gasolina y prendi\u00f3 fuego a dos personas en Quer\u00e9taro","datePublished":"2025-02-19T18:00:07+00:00","dateModified":"2025-02-19T22:53:57+00:00","mainEntityOfPage":{"@id":"https:\/\/www.nexoinformativo.mx\/index.php\/2025\/02\/19\/capturan-y-vinculan-a-proceso-a-agresor-que-rocio-con-gasolina-y-prendio-fuego-a-dos-personas-en-queretaro\/"},"wordCount":263,"commentCount":0,"publisher":{"@id":"https:\/\/www.nexoinformativo.mx\/#organization"},"image":{"@id":"https:\/\/www.nexoinformativo.mx\/index.php\/2025\/02\/19\/capturan-y-vinculan-a-proceso-a-agresor-que-rocio-con-gasolina-y-prendio-fuego-a-dos-personas-en-queretaro\/#primaryimage"},"thumbnailUrl":"https:\/\/www.nexoinformativo.mx\/wp-content\/uploads\/2025\/02\/PHOTO-2025-02-19-14-22-04-e1740005591813.jpg","keywords":["Feminicidio","JusticiaParaLasV\u00edctimas","NoALaViolencia","Quer\u00e9taro"],"articleSection":["Sucesos","\u00daltima Hora"],"inLanguage":"es","potentialAction":[{"@type":"CommentAction","name":"Comment","target":["https:\/\/www.nexoinformativo.mx\/index.php\/2025\/02\/19\/capturan-y-vinculan-a-proceso-a-agresor-que-rocio-con-gasolina-y-prendio-fuego-a-dos-personas-en-queretaro\/#respond"]}]},{"@type":"WebPage","@id":"https:\/\/www.nexoinformativo.mx\/index.php\/2025\/02\/19\/capturan-y-vinculan-a-proceso-a-agresor-que-rocio-con-gasolina-y-prendio-fuego-a-dos-personas-en-queretaro\/","url":"https:\/\/www.nexoinformativo.mx\/index.php\/2025\/02\/19\/capturan-y-vinculan-a-proceso-a-agresor-que-rocio-con-gasolina-y-prendio-fuego-a-dos-personas-en-queretaro\/","name":"Capturan y vinculan a proceso a agresor que roci\u00f3 con gasolina y prendi\u00f3 fuego a dos personas en Quer\u00e9taro | Nexo Informativo Santiago de Quer\u00e9taro","isPartOf":{"@id":"https:\/\/www.nexoinformativo.mx\/#website"},"primaryImageOfPage":{"@id":"https:\/\/www.nexoinformativo.mx\/index.php\/2025\/02\/19\/capturan-y-vinculan-a-proceso-a-agresor-que-rocio-con-gasolina-y-prendio-fuego-a-dos-personas-en-queretaro\/#primaryimage"},"image":{"@id":"https:\/\/www.nexoinformativo.mx\/index.php\/2025\/02\/19\/capturan-y-vinculan-a-proceso-a-agresor-que-rocio-con-gasolina-y-prendio-fuego-a-dos-personas-en-queretaro\/#primaryimage"},"thumbnailUrl":"https:\/\/www.nexoinformativo.mx\/wp-content\/uploads\/2025\/02\/PHOTO-2025-02-19-14-22-04-e1740005591813.jpg","datePublished":"2025-02-19T18:00:07+00:00","dateModified":"2025-02-19T22:53:57+00:00","description":"Capturan y vinculan a proceso a agresor que roci\u00f3 con gasolina y prendi\u00f3 fuego a dos personas en Quer\u00e9taro","breadcrumb":{"@id":"https:\/\/www.nexoinformativo.mx\/index.php\/2025\/02\/19\/capturan-y-vinculan-a-proceso-a-agresor-que-rocio-con-gasolina-y-prendio-fuego-a-dos-personas-en-queretaro\/#breadcrumb"},"inLanguage":"es","potentialAction":[{"@type":"ReadAction","target":["https:\/\/www.nexoinformativo.mx\/index.php\/2025\/02\/19\/capturan-y-vinculan-a-proceso-a-agresor-que-rocio-con-gasolina-y-prendio-fuego-a-dos-personas-en-queretaro\/"]}]},{"@type":"ImageObject","inLanguage":"es","@id":"https:\/\/www.nexoinformativo.mx\/index.php\/2025\/02\/19\/capturan-y-vinculan-a-proceso-a-agresor-que-rocio-con-gasolina-y-prendio-fuego-a-dos-personas-en-queretaro\/#primaryimage","url":"https:\/\/www.nexoinformativo.mx\/wp-content\/uploads\/2025\/02\/PHOTO-2025-02-19-14-22-04-e1740005591813.jpg","contentUrl":"https:\/\/www.nexoinformativo.mx\/wp-content\/uploads\/2025\/02\/PHOTO-2025-02-19-14-22-04-e1740005591813.jpg","width":800,"height":504},{"@type":"BreadcrumbList","@id":"https:\/\/www.nexoinformativo.mx\/index.php\/2025\/02\/19\/capturan-y-vinculan-a-proceso-a-agresor-que-rocio-con-gasolina-y-prendio-fuego-a-dos-personas-en-queretaro\/#breadcrumb","itemListElement":[{"@type":"ListItem","position":1,"name":"Inicio","item":"https:\/\/www.nexoinformativo.mx\/"},{"@type":"ListItem","position":2,"name":"Capturan y vinculan a proceso a agresor que roci\u00f3 con gasolina y prendi\u00f3 fuego a dos personas en Quer\u00e9taro"}]},{"@type":"WebSite","@id":"https:\/\/www.nexoinformativo.mx\/#website","url":"https:\/\/www.nexoinformativo.mx\/","name":"Nexo Informativo Santiago de Quer\u00e9taro","description":"Explora NexoInformativo y convi\u00e9rtete en parte de una comunidad que valora el conocimiento y la verdad. Tu nexoinformativo es tu puente hacia una comprensi\u00f3n m\u00e1s profunda del mundo que te rodea.","publisher":{"@id":"https:\/\/www.nexoinformativo.mx\/#organization"},"potentialAction":[{"@type":"SearchAction","target":{"@type":"EntryPoint","urlTemplate":"https:\/\/www.nexoinformativo.mx\/?s={search_term_string}"},"query-input":{"@type":"PropertyValueSpecification","valueRequired":true,"valueName":"search_term_string"}}],"inLanguage":"es"},{"@type":"Organization","@id":"https:\/\/www.nexoinformativo.mx\/#organization","name":"Nexo Informativo Santiago de Quer\u00e9taro","url":"https:\/\/www.nexoinformativo.mx\/","logo":{"@type":"ImageObject","inLanguage":"es","@id":"https:\/\/www.nexoinformativo.mx\/#\/schema\/logo\/image\/","url":"https:\/\/www.nexoinformativo.mx\/wp-content\/uploads\/2024\/07\/nexoi-trasparente-2.png","contentUrl":"https:\/\/www.nexoinformativo.mx\/wp-content\/uploads\/2024\/07\/nexoi-trasparente-2.png","width":816,"height":339,"caption":"Nexo Informativo Santiago de Quer\u00e9taro"},"image":{"@id":"https:\/\/www.nexoinformativo.mx\/#\/schema\/logo\/image\/"},"sameAs":["https:\/\/www.facebook.com\/people\/Nexo-Informativo\/61564066885511\/"]},{"@type":"Person","@id":"https:\/\/www.nexoinformativo.mx\/#\/schema\/person\/7749d380ba08c8ca00d7bc76fd907b7d","name":"Nexo Informativo","image":{"@type":"ImageObject","inLanguage":"es","@id":"https:\/\/www.nexoinformativo.mx\/#\/schema\/person\/image\/","url":"https:\/\/secure.gravatar.com\/avatar\/dde2928154642a13d95f87ddf1ea9718fe2b46760a005c53e41ff5ad610704e6?s=96&d=mm&r=g","contentUrl":"https:\/\/secure.gravatar.com\/avatar\/dde2928154642a13d95f87ddf1ea9718fe2b46760a005c53e41ff5ad610704e6?s=96&d=mm&r=g","caption":"Nexo Informativo"},"url":"https:\/\/www.nexoinformativo.mx\/index.php\/author\/edicion\/"}]}},"_links":{"self":[{"href":"https:\/\/www.nexoinformativo.mx\/index.php\/wp-json\/wp\/v2\/posts\/11844","targetHints":{"allow":["GET"]}}],"collection":[{"href":"https:\/\/www.nexoinformativo.mx\/index.php\/wp-json\/wp\/v2\/posts"}],"about":[{"href":"https:\/\/www.nexoinformativo.mx\/index.php\/wp-json\/wp\/v2\/types\/post"}],"author":[{"embeddable":true,"href":"https:\/\/www.nexoinformativo.mx\/index.php\/wp-json\/wp\/v2\/users\/3"}],"replies":[{"embeddable":true,"href":"https:\/\/www.nexoinformativo.mx\/index.php\/wp-json\/wp\/v2\/comments?post=11844"}],"version-history":[{"count":3,"href":"https:\/\/www.nexoinformativo.mx\/index.php\/wp-json\/wp\/v2\/posts\/11844\/revisions"}],"predecessor-version":[{"id":11848,"href":"https:\/\/www.nexoinformativo.mx\/index.php\/wp-json\/wp\/v2\/posts\/11844\/revisions\/11848"}],"wp:featuredmedia":[{"embeddable":true,"href":"https:\/\/www.nexoinformativo.mx\/index.php\/wp-json\/wp\/v2\/media\/11845"}],"wp:attachment":[{"href":"https:\/\/www.nexoinformativo.mx\/index.php\/wp-json\/wp\/v2\/media?parent=11844"}],"wp:term":[{"taxonomy":"category","embeddable":true,"href":"https:\/\/www.nexoinformativo.mx\/index.php\/wp-json\/wp\/v2\/categories?post=11844"},{"taxonomy":"post_tag","embeddable":true,"href":"https:\/\/www.nexoinformativo.mx\/index.php\/wp-json\/wp\/v2\/tags?post=11844"}],"curies":[{"name":"wp","href":"https:\/\/api.w.org\/{rel}","templated":true}]}}