{"id":11849,"date":"2025-02-19T13:00:14","date_gmt":"2025-02-19T19:00:14","guid":{"rendered":"https:\/\/www.nexoinformativo.mx\/?p=11849"},"modified":"2025-02-19T16:57:46","modified_gmt":"2025-02-19T22:57:46","slug":"llega-el-frio-a-queretaro-proteccion-civil-emite-recomendaciones-ante-descenso-de-temperatura","status":"publish","type":"post","link":"https:\/\/www.nexoinformativo.mx\/index.php\/2025\/02\/19\/llega-el-frio-a-queretaro-proteccion-civil-emite-recomendaciones-ante-descenso-de-temperatura\/","title":{"rendered":"Llega el fr\u00edo a Quer\u00e9taro Protecci\u00f3n Civil emite recomendaciones ante descenso de temperatura"},"content":{"rendered":"<p style=\"text-align: justify;\" data-sourcepos=\"11:1-11:281\">El frente fr\u00edo n\u00famero 28 ha llegado a M\u00e9xico y Quer\u00e9taro no es la excepci\u00f3n. La Coordinaci\u00f3n Estatal de Protecci\u00f3n Civil ha informado que se esperan cielos nublados y lluvias dispersas en los municipios serranos y la zona metropolitana en los pr\u00f3ximos d\u00edas.<\/p>\n<p>&nbsp;<\/p>\n<p style=\"text-align: justify;\" data-sourcepos=\"13:1-13:211\">Este fen\u00f3meno meteorol\u00f3gico traer\u00e1 consigo un descenso de temperatura, por lo que las autoridades han hecho un llamado a la poblaci\u00f3n a tomar precauciones y abrigarse bien para evitar enfermedades respiratorias.<\/p>\n<p>&nbsp;<\/p>\n<p style=\"text-align: justify;\" data-sourcepos=\"15:1-15:239\">En la zona metropolitana, se espera una temperatura m\u00ednima de 14 grados y una m\u00e1xima de 24 grados. En municipios serranos como San Joaqu\u00edn y Pinal de Amoles, las temperaturas ser\u00e1n m\u00e1s bajas, con m\u00ednimas de 7 grados y m\u00e1ximas de 16 grados.<\/p>\n<p>&nbsp;<\/p>\n<p style=\"text-align: justify;\" data-sourcepos=\"17:1-17:199\">Adem\u00e1s, se pronostican vientos m\u00e1ximos de 25 kil\u00f3metros por hora, por lo que se pide a la ciudadan\u00eda estar atenta a los comunicados oficiales y tomar precauciones en caso de fuertes rachas de viento.<\/p>\n<p>&nbsp;<\/p>\n<p style=\"text-align: center;\" data-sourcepos=\"17:1-17:199\"><em><strong>\u00a1Informaci\u00f3n que transforma!<\/strong><\/em><\/p>\n","protected":false},"excerpt":{"rendered":"<p>El frente fr\u00edo n\u00famero 28 ha llegado a M\u00e9xico y Quer\u00e9taro no es la excepci\u00f3n. La Coordinaci\u00f3n Estatal de Protecci\u00f3n Civil ha informado que se esperan cielos nublados y lluvias dispersas en los municipios serranos y la zona metropolitana en los pr\u00f3ximos d\u00edas.<\/p>\n","protected":false},"author":3,"featured_media":11853,"comment_status":"open","ping_status":"open","sticky":false,"template":"","format":"standard","meta":{"footnotes":""},"categories":[42,58],"tags":[3466,1147,3465,154],"class_list":["post-11849","post","type-post","status-publish","format-standard","has-post-thumbnail","hentry","category-estado","category-ultima-hora","tag-abrigate","tag-climaqueretaro","tag-frentefrio28","tag-proteccioncivil"],"yoast_head":"<!-- This site is optimized with the Yoast SEO plugin v25.0 - https:\/\/yoast.com\/wordpress\/plugins\/seo\/ -->\n<title>Llega el fr\u00edo a Quer\u00e9taro Protecci\u00f3n Civil emite recomendaciones ante descenso de temperatura | Nexo Informativo Santiago de Quer\u00e9taro<\/title>\n<meta name=\"description\" content=\"Llega el fr\u00edo a Quer\u00e9taro Protecci\u00f3n Civil emite recomendaciones ante descenso de temperatura\" \/>\n<meta name=\"robots\" content=\"index, follow, max-snippet:-1, max-image-preview:large, max-video-preview:-1\" \/>\n<link rel=\"canonical\" href=\"https:\/\/www.nexoinformativo.mx\/index.php\/2025\/02\/19\/llega-el-frio-a-queretaro-proteccion-civil-emite-recomendaciones-ante-descenso-de-temperatura\/\" \/>\n<meta property=\"og:locale\" content=\"es_MX\" \/>\n<meta property=\"og:type\" content=\"article\" \/>\n<meta property=\"og:title\" content=\"Llega el fr\u00edo a Quer\u00e9taro Protecci\u00f3n Civil emite recomendaciones ante descenso de temperatura | Nexo Informativo Santiago de Quer\u00e9taro\" \/>\n<meta property=\"og:description\" content=\"Llega el fr\u00edo a Quer\u00e9taro Protecci\u00f3n Civil emite recomendaciones ante descenso de temperatura\" \/>\n<meta property=\"og:url\" content=\"https:\/\/www.nexoinformativo.mx\/index.php\/2025\/02\/19\/llega-el-frio-a-queretaro-proteccion-civil-emite-recomendaciones-ante-descenso-de-temperatura\/\" \/>\n<meta property=\"og:site_name\" content=\"Nexo Informativo Santiago de Quer\u00e9taro\" \/>\n<meta property=\"article:publisher\" content=\"https:\/\/www.facebook.com\/people\/Nexo-Informativo\/61564066885511\/\" \/>\n<meta property=\"article:published_time\" content=\"2025-02-19T19:00:14+00:00\" \/>\n<meta property=\"article:modified_time\" content=\"2025-02-19T22:57:46+00:00\" \/>\n<meta property=\"og:image\" content=\"https:\/\/www.nexoinformativo.mx\/wp-content\/uploads\/2025\/02\/PHOTO-2025-02-19-14-23-09-e1740005860546.jpg\" \/>\n\t<meta property=\"og:image:width\" content=\"800\" \/>\n\t<meta property=\"og:image:height\" content=\"671\" \/>\n\t<meta property=\"og:image:type\" content=\"image\/jpeg\" \/>\n<meta name=\"author\" content=\"Nexo Informativo\" \/>\n<meta name=\"twitter:card\" content=\"summary_large_image\" \/>\n<meta name=\"twitter:label1\" content=\"Escrito por\" \/>\n\t<meta name=\"twitter:data1\" content=\"Nexo Informativo\" \/>\n\t<meta name=\"twitter:label2\" content=\"Tiempo de lectura\" \/>\n\t<meta name=\"twitter:data2\" content=\"1 minuto\" \/>\n<script type=\"application\/ld+json\" class=\"yoast-schema-graph\">{\"@context\":\"https:\/\/schema.org\",\"@graph\":[{\"@type\":\"Article\",\"@id\":\"https:\/\/www.nexoinformativo.mx\/index.php\/2025\/02\/19\/llega-el-frio-a-queretaro-proteccion-civil-emite-recomendaciones-ante-descenso-de-temperatura\/#article\",\"isPartOf\":{\"@id\":\"https:\/\/www.nexoinformativo.mx\/index.php\/2025\/02\/19\/llega-el-frio-a-queretaro-proteccion-civil-emite-recomendaciones-ante-descenso-de-temperatura\/\"},\"author\":{\"name\":\"Nexo Informativo\",\"@id\":\"https:\/\/www.nexoinformativo.mx\/#\/schema\/person\/7749d380ba08c8ca00d7bc76fd907b7d\"},\"headline\":\"Llega el fr\u00edo a Quer\u00e9taro Protecci\u00f3n Civil emite recomendaciones ante descenso de temperatura\",\"datePublished\":\"2025-02-19T19:00:14+00:00\",\"dateModified\":\"2025-02-19T22:57:46+00:00\",\"mainEntityOfPage\":{\"@id\":\"https:\/\/www.nexoinformativo.mx\/index.php\/2025\/02\/19\/llega-el-frio-a-queretaro-proteccion-civil-emite-recomendaciones-ante-descenso-de-temperatura\/\"},\"wordCount\":192,\"commentCount\":0,\"publisher\":{\"@id\":\"https:\/\/www.nexoinformativo.mx\/#organization\"},\"image\":{\"@id\":\"https:\/\/www.nexoinformativo.mx\/index.php\/2025\/02\/19\/llega-el-frio-a-queretaro-proteccion-civil-emite-recomendaciones-ante-descenso-de-temperatura\/#primaryimage\"},\"thumbnailUrl\":\"https:\/\/www.nexoinformativo.mx\/wp-content\/uploads\/2025\/02\/PHOTO-2025-02-19-14-23-09-e1740005860546.jpg\",\"keywords\":[\"Abr\u00edgate\",\"ClimaQuer\u00e9taro\",\"FrenteFrio28\",\"proteccioncivil\"],\"articleSection\":[\"Estado\",\"\u00daltima Hora\"],\"inLanguage\":\"es\",\"potentialAction\":[{\"@type\":\"CommentAction\",\"name\":\"Comment\",\"target\":[\"https:\/\/www.nexoinformativo.mx\/index.php\/2025\/02\/19\/llega-el-frio-a-queretaro-proteccion-civil-emite-recomendaciones-ante-descenso-de-temperatura\/#respond\"]}]},{\"@type\":\"WebPage\",\"@id\":\"https:\/\/www.nexoinformativo.mx\/index.php\/2025\/02\/19\/llega-el-frio-a-queretaro-proteccion-civil-emite-recomendaciones-ante-descenso-de-temperatura\/\",\"url\":\"https:\/\/www.nexoinformativo.mx\/index.php\/2025\/02\/19\/llega-el-frio-a-queretaro-proteccion-civil-emite-recomendaciones-ante-descenso-de-temperatura\/\",\"name\":\"Llega el fr\u00edo a Quer\u00e9taro Protecci\u00f3n Civil emite recomendaciones ante descenso de temperatura | Nexo Informativo Santiago de Quer\u00e9taro\",\"isPartOf\":{\"@id\":\"https:\/\/www.nexoinformativo.mx\/#website\"},\"primaryImageOfPage\":{\"@id\":\"https:\/\/www.nexoinformativo.mx\/index.php\/2025\/02\/19\/llega-el-frio-a-queretaro-proteccion-civil-emite-recomendaciones-ante-descenso-de-temperatura\/#primaryimage\"},\"image\":{\"@id\":\"https:\/\/www.nexoinformativo.mx\/index.php\/2025\/02\/19\/llega-el-frio-a-queretaro-proteccion-civil-emite-recomendaciones-ante-descenso-de-temperatura\/#primaryimage\"},\"thumbnailUrl\":\"https:\/\/www.nexoinformativo.mx\/wp-content\/uploads\/2025\/02\/PHOTO-2025-02-19-14-23-09-e1740005860546.jpg\",\"datePublished\":\"2025-02-19T19:00:14+00:00\",\"dateModified\":\"2025-02-19T22:57:46+00:00\",\"description\":\"Llega el fr\u00edo a Quer\u00e9taro Protecci\u00f3n Civil emite recomendaciones ante descenso de temperatura\",\"breadcrumb\":{\"@id\":\"https:\/\/www.nexoinformativo.mx\/index.php\/2025\/02\/19\/llega-el-frio-a-queretaro-proteccion-civil-emite-recomendaciones-ante-descenso-de-temperatura\/#breadcrumb\"},\"inLanguage\":\"es\",\"potentialAction\":[{\"@type\":\"ReadAction\",\"target\":[\"https:\/\/www.nexoinformativo.mx\/index.php\/2025\/02\/19\/llega-el-frio-a-queretaro-proteccion-civil-emite-recomendaciones-ante-descenso-de-temperatura\/\"]}]},{\"@type\":\"ImageObject\",\"inLanguage\":\"es\",\"@id\":\"https:\/\/www.nexoinformativo.mx\/index.php\/2025\/02\/19\/llega-el-frio-a-queretaro-proteccion-civil-emite-recomendaciones-ante-descenso-de-temperatura\/#primaryimage\",\"url\":\"https:\/\/www.nexoinformativo.mx\/wp-content\/uploads\/2025\/02\/PHOTO-2025-02-19-14-23-09-e1740005860546.jpg\",\"contentUrl\":\"https:\/\/www.nexoinformativo.mx\/wp-content\/uploads\/2025\/02\/PHOTO-2025-02-19-14-23-09-e1740005860546.jpg\",\"width\":800,\"height\":671},{\"@type\":\"BreadcrumbList\",\"@id\":\"https:\/\/www.nexoinformativo.mx\/index.php\/2025\/02\/19\/llega-el-frio-a-queretaro-proteccion-civil-emite-recomendaciones-ante-descenso-de-temperatura\/#breadcrumb\",\"itemListElement\":[{\"@type\":\"ListItem\",\"position\":1,\"name\":\"Inicio\",\"item\":\"https:\/\/www.nexoinformativo.mx\/\"},{\"@type\":\"ListItem\",\"position\":2,\"name\":\"Llega el fr\u00edo a Quer\u00e9taro Protecci\u00f3n Civil emite recomendaciones ante descenso de temperatura\"}]},{\"@type\":\"WebSite\",\"@id\":\"https:\/\/www.nexoinformativo.mx\/#website\",\"url\":\"https:\/\/www.nexoinformativo.mx\/\",\"name\":\"Nexo Informativo Santiago de Quer\u00e9taro\",\"description\":\"Explora NexoInformativo y convi\u00e9rtete en parte de una comunidad que valora el conocimiento y la verdad. Tu nexoinformativo es tu puente hacia una comprensi\u00f3n m\u00e1s profunda del mundo que te rodea.\",\"publisher\":{\"@id\":\"https:\/\/www.nexoinformativo.mx\/#organization\"},\"potentialAction\":[{\"@type\":\"SearchAction\",\"target\":{\"@type\":\"EntryPoint\",\"urlTemplate\":\"https:\/\/www.nexoinformativo.mx\/?s={search_term_string}\"},\"query-input\":{\"@type\":\"PropertyValueSpecification\",\"valueRequired\":true,\"valueName\":\"search_term_string\"}}],\"inLanguage\":\"es\"},{\"@type\":\"Organization\",\"@id\":\"https:\/\/www.nexoinformativo.mx\/#organization\",\"name\":\"Nexo Informativo Santiago de Quer\u00e9taro\",\"url\":\"https:\/\/www.nexoinformativo.mx\/\",\"logo\":{\"@type\":\"ImageObject\",\"inLanguage\":\"es\",\"@id\":\"https:\/\/www.nexoinformativo.mx\/#\/schema\/logo\/image\/\",\"url\":\"https:\/\/www.nexoinformativo.mx\/wp-content\/uploads\/2024\/07\/nexoi-trasparente-2.png\",\"contentUrl\":\"https:\/\/www.nexoinformativo.mx\/wp-content\/uploads\/2024\/07\/nexoi-trasparente-2.png\",\"width\":816,\"height\":339,\"caption\":\"Nexo Informativo Santiago de Quer\u00e9taro\"},\"image\":{\"@id\":\"https:\/\/www.nexoinformativo.mx\/#\/schema\/logo\/image\/\"},\"sameAs\":[\"https:\/\/www.facebook.com\/people\/Nexo-Informativo\/61564066885511\/\"]},{\"@type\":\"Person\",\"@id\":\"https:\/\/www.nexoinformativo.mx\/#\/schema\/person\/7749d380ba08c8ca00d7bc76fd907b7d\",\"name\":\"Nexo Informativo\",\"image\":{\"@type\":\"ImageObject\",\"inLanguage\":\"es\",\"@id\":\"https:\/\/www.nexoinformativo.mx\/#\/schema\/person\/image\/\",\"url\":\"https:\/\/secure.gravatar.com\/avatar\/dde2928154642a13d95f87ddf1ea9718fe2b46760a005c53e41ff5ad610704e6?s=96&d=mm&r=g\",\"contentUrl\":\"https:\/\/secure.gravatar.com\/avatar\/dde2928154642a13d95f87ddf1ea9718fe2b46760a005c53e41ff5ad610704e6?s=96&d=mm&r=g\",\"caption\":\"Nexo Informativo\"},\"url\":\"https:\/\/www.nexoinformativo.mx\/index.php\/author\/edicion\/\"}]}<\/script>\n<!-- \/ Yoast SEO plugin. -->","yoast_head_json":{"title":"Llega el fr\u00edo a Quer\u00e9taro Protecci\u00f3n Civil emite recomendaciones ante descenso de temperatura | Nexo Informativo Santiago de Quer\u00e9taro","description":"Llega el fr\u00edo a Quer\u00e9taro Protecci\u00f3n Civil emite recomendaciones ante descenso de temperatura","robots":{"index":"index","follow":"follow","max-snippet":"max-snippet:-1","max-image-preview":"max-image-preview:large","max-video-preview":"max-video-preview:-1"},"canonical":"https:\/\/www.nexoinformativo.mx\/index.php\/2025\/02\/19\/llega-el-frio-a-queretaro-proteccion-civil-emite-recomendaciones-ante-descenso-de-temperatura\/","og_locale":"es_MX","og_type":"article","og_title":"Llega el fr\u00edo a Quer\u00e9taro Protecci\u00f3n Civil emite recomendaciones ante descenso de temperatura | Nexo Informativo Santiago de Quer\u00e9taro","og_description":"Llega el fr\u00edo a Quer\u00e9taro Protecci\u00f3n Civil emite recomendaciones ante descenso de temperatura","og_url":"https:\/\/www.nexoinformativo.mx\/index.php\/2025\/02\/19\/llega-el-frio-a-queretaro-proteccion-civil-emite-recomendaciones-ante-descenso-de-temperatura\/","og_site_name":"Nexo Informativo Santiago de Quer\u00e9taro","article_publisher":"https:\/\/www.facebook.com\/people\/Nexo-Informativo\/61564066885511\/","article_published_time":"2025-02-19T19:00:14+00:00","article_modified_time":"2025-02-19T22:57:46+00:00","og_image":[{"width":800,"height":671,"url":"https:\/\/www.nexoinformativo.mx\/wp-content\/uploads\/2025\/02\/PHOTO-2025-02-19-14-23-09-e1740005860546.jpg","type":"image\/jpeg"}],"author":"Nexo Informativo","twitter_card":"summary_large_image","twitter_misc":{"Escrito por":"Nexo Informativo","Tiempo de lectura":"1 minuto"},"schema":{"@context":"https:\/\/schema.org","@graph":[{"@type":"Article","@id":"https:\/\/www.nexoinformativo.mx\/index.php\/2025\/02\/19\/llega-el-frio-a-queretaro-proteccion-civil-emite-recomendaciones-ante-descenso-de-temperatura\/#article","isPartOf":{"@id":"https:\/\/www.nexoinformativo.mx\/index.php\/2025\/02\/19\/llega-el-frio-a-queretaro-proteccion-civil-emite-recomendaciones-ante-descenso-de-temperatura\/"},"author":{"name":"Nexo Informativo","@id":"https:\/\/www.nexoinformativo.mx\/#\/schema\/person\/7749d380ba08c8ca00d7bc76fd907b7d"},"headline":"Llega el fr\u00edo a Quer\u00e9taro Protecci\u00f3n Civil emite recomendaciones ante descenso de temperatura","datePublished":"2025-02-19T19:00:14+00:00","dateModified":"2025-02-19T22:57:46+00:00","mainEntityOfPage":{"@id":"https:\/\/www.nexoinformativo.mx\/index.php\/2025\/02\/19\/llega-el-frio-a-queretaro-proteccion-civil-emite-recomendaciones-ante-descenso-de-temperatura\/"},"wordCount":192,"commentCount":0,"publisher":{"@id":"https:\/\/www.nexoinformativo.mx\/#organization"},"image":{"@id":"https:\/\/www.nexoinformativo.mx\/index.php\/2025\/02\/19\/llega-el-frio-a-queretaro-proteccion-civil-emite-recomendaciones-ante-descenso-de-temperatura\/#primaryimage"},"thumbnailUrl":"https:\/\/www.nexoinformativo.mx\/wp-content\/uploads\/2025\/02\/PHOTO-2025-02-19-14-23-09-e1740005860546.jpg","keywords":["Abr\u00edgate","ClimaQuer\u00e9taro","FrenteFrio28","proteccioncivil"],"articleSection":["Estado","\u00daltima Hora"],"inLanguage":"es","potentialAction":[{"@type":"CommentAction","name":"Comment","target":["https:\/\/www.nexoinformativo.mx\/index.php\/2025\/02\/19\/llega-el-frio-a-queretaro-proteccion-civil-emite-recomendaciones-ante-descenso-de-temperatura\/#respond"]}]},{"@type":"WebPage","@id":"https:\/\/www.nexoinformativo.mx\/index.php\/2025\/02\/19\/llega-el-frio-a-queretaro-proteccion-civil-emite-recomendaciones-ante-descenso-de-temperatura\/","url":"https:\/\/www.nexoinformativo.mx\/index.php\/2025\/02\/19\/llega-el-frio-a-queretaro-proteccion-civil-emite-recomendaciones-ante-descenso-de-temperatura\/","name":"Llega el fr\u00edo a Quer\u00e9taro Protecci\u00f3n Civil emite recomendaciones ante descenso de temperatura | Nexo Informativo Santiago de Quer\u00e9taro","isPartOf":{"@id":"https:\/\/www.nexoinformativo.mx\/#website"},"primaryImageOfPage":{"@id":"https:\/\/www.nexoinformativo.mx\/index.php\/2025\/02\/19\/llega-el-frio-a-queretaro-proteccion-civil-emite-recomendaciones-ante-descenso-de-temperatura\/#primaryimage"},"image":{"@id":"https:\/\/www.nexoinformativo.mx\/index.php\/2025\/02\/19\/llega-el-frio-a-queretaro-proteccion-civil-emite-recomendaciones-ante-descenso-de-temperatura\/#primaryimage"},"thumbnailUrl":"https:\/\/www.nexoinformativo.mx\/wp-content\/uploads\/2025\/02\/PHOTO-2025-02-19-14-23-09-e1740005860546.jpg","datePublished":"2025-02-19T19:00:14+00:00","dateModified":"2025-02-19T22:57:46+00:00","description":"Llega el fr\u00edo a Quer\u00e9taro Protecci\u00f3n Civil emite recomendaciones ante descenso de temperatura","breadcrumb":{"@id":"https:\/\/www.nexoinformativo.mx\/index.php\/2025\/02\/19\/llega-el-frio-a-queretaro-proteccion-civil-emite-recomendaciones-ante-descenso-de-temperatura\/#breadcrumb"},"inLanguage":"es","potentialAction":[{"@type":"ReadAction","target":["https:\/\/www.nexoinformativo.mx\/index.php\/2025\/02\/19\/llega-el-frio-a-queretaro-proteccion-civil-emite-recomendaciones-ante-descenso-de-temperatura\/"]}]},{"@type":"ImageObject","inLanguage":"es","@id":"https:\/\/www.nexoinformativo.mx\/index.php\/2025\/02\/19\/llega-el-frio-a-queretaro-proteccion-civil-emite-recomendaciones-ante-descenso-de-temperatura\/#primaryimage","url":"https:\/\/www.nexoinformativo.mx\/wp-content\/uploads\/2025\/02\/PHOTO-2025-02-19-14-23-09-e1740005860546.jpg","contentUrl":"https:\/\/www.nexoinformativo.mx\/wp-content\/uploads\/2025\/02\/PHOTO-2025-02-19-14-23-09-e1740005860546.jpg","width":800,"height":671},{"@type":"BreadcrumbList","@id":"https:\/\/www.nexoinformativo.mx\/index.php\/2025\/02\/19\/llega-el-frio-a-queretaro-proteccion-civil-emite-recomendaciones-ante-descenso-de-temperatura\/#breadcrumb","itemListElement":[{"@type":"ListItem","position":1,"name":"Inicio","item":"https:\/\/www.nexoinformativo.mx\/"},{"@type":"ListItem","position":2,"name":"Llega el fr\u00edo a Quer\u00e9taro Protecci\u00f3n Civil emite recomendaciones ante descenso de temperatura"}]},{"@type":"WebSite","@id":"https:\/\/www.nexoinformativo.mx\/#website","url":"https:\/\/www.nexoinformativo.mx\/","name":"Nexo Informativo Santiago de Quer\u00e9taro","description":"Explora NexoInformativo y convi\u00e9rtete en parte de una comunidad que valora el conocimiento y la verdad. Tu nexoinformativo es tu puente hacia una comprensi\u00f3n m\u00e1s profunda del mundo que te rodea.","publisher":{"@id":"https:\/\/www.nexoinformativo.mx\/#organization"},"potentialAction":[{"@type":"SearchAction","target":{"@type":"EntryPoint","urlTemplate":"https:\/\/www.nexoinformativo.mx\/?s={search_term_string}"},"query-input":{"@type":"PropertyValueSpecification","valueRequired":true,"valueName":"search_term_string"}}],"inLanguage":"es"},{"@type":"Organization","@id":"https:\/\/www.nexoinformativo.mx\/#organization","name":"Nexo Informativo Santiago de Quer\u00e9taro","url":"https:\/\/www.nexoinformativo.mx\/","logo":{"@type":"ImageObject","inLanguage":"es","@id":"https:\/\/www.nexoinformativo.mx\/#\/schema\/logo\/image\/","url":"https:\/\/www.nexoinformativo.mx\/wp-content\/uploads\/2024\/07\/nexoi-trasparente-2.png","contentUrl":"https:\/\/www.nexoinformativo.mx\/wp-content\/uploads\/2024\/07\/nexoi-trasparente-2.png","width":816,"height":339,"caption":"Nexo Informativo Santiago de Quer\u00e9taro"},"image":{"@id":"https:\/\/www.nexoinformativo.mx\/#\/schema\/logo\/image\/"},"sameAs":["https:\/\/www.facebook.com\/people\/Nexo-Informativo\/61564066885511\/"]},{"@type":"Person","@id":"https:\/\/www.nexoinformativo.mx\/#\/schema\/person\/7749d380ba08c8ca00d7bc76fd907b7d","name":"Nexo Informativo","image":{"@type":"ImageObject","inLanguage":"es","@id":"https:\/\/www.nexoinformativo.mx\/#\/schema\/person\/image\/","url":"https:\/\/secure.gravatar.com\/avatar\/dde2928154642a13d95f87ddf1ea9718fe2b46760a005c53e41ff5ad610704e6?s=96&d=mm&r=g","contentUrl":"https:\/\/secure.gravatar.com\/avatar\/dde2928154642a13d95f87ddf1ea9718fe2b46760a005c53e41ff5ad610704e6?s=96&d=mm&r=g","caption":"Nexo Informativo"},"url":"https:\/\/www.nexoinformativo.mx\/index.php\/author\/edicion\/"}]}},"_links":{"self":[{"href":"https:\/\/www.nexoinformativo.mx\/index.php\/wp-json\/wp\/v2\/posts\/11849","targetHints":{"allow":["GET"]}}],"collection":[{"href":"https:\/\/www.nexoinformativo.mx\/index.php\/wp-json\/wp\/v2\/posts"}],"about":[{"href":"https:\/\/www.nexoinformativo.mx\/index.php\/wp-json\/wp\/v2\/types\/post"}],"author":[{"embeddable":true,"href":"https:\/\/www.nexoinformativo.mx\/index.php\/wp-json\/wp\/v2\/users\/3"}],"replies":[{"embeddable":true,"href":"https:\/\/www.nexoinformativo.mx\/index.php\/wp-json\/wp\/v2\/comments?post=11849"}],"version-history":[{"count":4,"href":"https:\/\/www.nexoinformativo.mx\/index.php\/wp-json\/wp\/v2\/posts\/11849\/revisions"}],"predecessor-version":[{"id":11852,"href":"https:\/\/www.nexoinformativo.mx\/index.php\/wp-json\/wp\/v2\/posts\/11849\/revisions\/11852"}],"wp:featuredmedia":[{"embeddable":true,"href":"https:\/\/www.nexoinformativo.mx\/index.php\/wp-json\/wp\/v2\/media\/11853"}],"wp:attachment":[{"href":"https:\/\/www.nexoinformativo.mx\/index.php\/wp-json\/wp\/v2\/media?parent=11849"}],"wp:term":[{"taxonomy":"category","embeddable":true,"href":"https:\/\/www.nexoinformativo.mx\/index.php\/wp-json\/wp\/v2\/categories?post=11849"},{"taxonomy":"post_tag","embeddable":true,"href":"https:\/\/www.nexoinformativo.mx\/index.php\/wp-json\/wp\/v2\/tags?post=11849"}],"curies":[{"name":"wp","href":"https:\/\/api.w.org\/{rel}","templated":true}]}}