{"id":11855,"date":"2025-02-19T14:00:57","date_gmt":"2025-02-19T20:00:57","guid":{"rendered":"https:\/\/www.nexoinformativo.mx\/?p=11855"},"modified":"2025-02-19T17:03:02","modified_gmt":"2025-02-19T23:03:02","slug":"iniciativa-en-el-senado-quieren-regular-el-uso-de-redes-sociales-por-menores-de-edad","status":"publish","type":"post","link":"https:\/\/www.nexoinformativo.mx\/index.php\/2025\/02\/19\/iniciativa-en-el-senado-quieren-regular-el-uso-de-redes-sociales-por-menores-de-edad\/","title":{"rendered":"Iniciativa en el Senado quieren regular el uso de redes sociales por menores de edad"},"content":{"rendered":"<p style=\"text-align: justify;\" data-sourcepos=\"9:1-9:493\">La Senadora por Quer\u00e9taro, Guadalupe Murgu\u00eda, y el Senador Agust\u00edn Dorantes, presentaron ante el pleno del Senado de la Rep\u00fablica una iniciativa de decreto que busca proteger a los menores de edad de los riesgos del acceso sin l\u00edmites a las redes sociales.<\/p>\n<p>&nbsp;<\/p>\n<p style=\"text-align: justify;\" data-sourcepos=\"9:1-9:493\">La propuesta plantea reformar y adicionar diversas disposiciones de la Ley General de los Derechos de Ni\u00f1as, Ni\u00f1os y Adolescentes, y la Ley Federal de Telecomunicaciones y Radiodifusi\u00f3n.<\/p>\n<p>&nbsp;<\/p>\n<p style=\"text-align: justify;\" data-sourcepos=\"11:1-11:291\"><strong>&#8220;El inter\u00e9s mayor de esta iniciativa es proteger a nuestra infancia y a nuestra juventud&#8221;<\/strong>, se\u00f1al\u00f3 el Senador Dorantes. &#8220;Construyamos un M\u00e9xico donde la ni\u00f1ez crezca en un entorno digital seguro, donde la tecnolog\u00eda sea una herramienta de aprendizaje y desarrollo y no una puerta al peligro&#8221;.<\/p>\n<p>&nbsp;<\/p>\n<p style=\"text-align: justify;\" data-sourcepos=\"13:1-13:499\">La iniciativa surge ante la creciente preocupaci\u00f3n por los riesgos a los que se exponen los menores de edad en las redes sociales. Seg\u00fan datos presentados por la Senadora Murgu\u00eda, en M\u00e9xico, el 80% de las personas mayores de 6 a\u00f1os utilizan celular, y el 92% de las personas mayores de 12 a\u00f1os usan internet.<\/p>\n<p>&nbsp;<\/p>\n<p style=\"text-align: justify;\" data-sourcepos=\"13:1-13:499\">Estas cifras evidencian la necesidad de regular el acceso de los menores a las redes sociales para protegerlos de peligros como el ciberacoso, la violencia digital y la explotaci\u00f3n infantil.<\/p>\n<p>&nbsp;<\/p>\n<p style=\"text-align: justify;\" data-sourcepos=\"13:1-13:499\">El Senador Dorantes record\u00f3 durante su intervenci\u00f3n diversos casos que exponen los peligros de las redes sociales, como el caso de un ni\u00f1o de 11 a\u00f1os que muri\u00f3 por realizar un reto viral o el de una adolescente de 14 a\u00f1os que se quit\u00f3 la vida por ciberacoso.<\/p>\n<p>&nbsp;<\/p>\n<p style=\"text-align: center;\" data-sourcepos=\"13:1-13:499\"><em><strong>\u00a1Informaci\u00f3n que transforma!<\/strong><\/em><\/p>\n","protected":false},"excerpt":{"rendered":"<p>La Senadora por Quer\u00e9taro, Guadalupe Murgu\u00eda, y el Senador Agust\u00edn Dorantes, presentaron ante el pleno del Senado de la Rep\u00fablica una iniciativa de decreto que busca proteger a los menores de edad de los riesgos del acceso sin l\u00edmites a las redes sociales.<\/p>\n","protected":false},"author":3,"featured_media":11858,"comment_status":"open","ping_status":"open","sticky":false,"template":"","format":"standard","meta":{"footnotes":""},"categories":[42,21,58],"tags":[3468,3469,3467,1310],"class_list":["post-11855","post","type-post","status-publish","format-standard","has-post-thumbnail","hentry","category-estado","category-politica","category-ultima-hora","tag-menoresdeedad","tag-proteccioninfancia","tag-redessocialesseguras","tag-senadodelarepublica"],"yoast_head":"<!-- This site is optimized with the Yoast SEO plugin v25.0 - https:\/\/yoast.com\/wordpress\/plugins\/seo\/ -->\n<title>Iniciativa en el Senado quieren regular el uso de redes sociales por menores de edad | Nexo Informativo Santiago de Quer\u00e9taro<\/title>\n<meta name=\"description\" content=\"Iniciativa en el Senado quieren regular el uso de redes sociales por menores de edad\" \/>\n<meta name=\"robots\" content=\"index, follow, max-snippet:-1, max-image-preview:large, max-video-preview:-1\" \/>\n<link rel=\"canonical\" href=\"https:\/\/www.nexoinformativo.mx\/index.php\/2025\/02\/19\/iniciativa-en-el-senado-quieren-regular-el-uso-de-redes-sociales-por-menores-de-edad\/\" \/>\n<meta property=\"og:locale\" content=\"es_MX\" \/>\n<meta property=\"og:type\" content=\"article\" \/>\n<meta property=\"og:title\" content=\"Iniciativa en el Senado quieren regular el uso de redes sociales por menores de edad | Nexo Informativo Santiago de Quer\u00e9taro\" \/>\n<meta property=\"og:description\" content=\"Iniciativa en el Senado quieren regular el uso de redes sociales por menores de edad\" \/>\n<meta property=\"og:url\" content=\"https:\/\/www.nexoinformativo.mx\/index.php\/2025\/02\/19\/iniciativa-en-el-senado-quieren-regular-el-uso-de-redes-sociales-por-menores-de-edad\/\" \/>\n<meta property=\"og:site_name\" content=\"Nexo Informativo Santiago de Quer\u00e9taro\" \/>\n<meta property=\"article:publisher\" content=\"https:\/\/www.facebook.com\/people\/Nexo-Informativo\/61564066885511\/\" \/>\n<meta property=\"article:published_time\" content=\"2025-02-19T20:00:57+00:00\" \/>\n<meta property=\"article:modified_time\" content=\"2025-02-19T23:03:02+00:00\" \/>\n<meta property=\"og:image\" content=\"https:\/\/www.nexoinformativo.mx\/wp-content\/uploads\/2025\/02\/PHOTO-2025-02-19-14-23-48-scaled-e1740006177250.jpg\" \/>\n\t<meta property=\"og:image:width\" content=\"800\" \/>\n\t<meta property=\"og:image:height\" content=\"533\" \/>\n\t<meta property=\"og:image:type\" content=\"image\/jpeg\" \/>\n<meta name=\"author\" content=\"Nexo Informativo\" \/>\n<meta name=\"twitter:card\" content=\"summary_large_image\" \/>\n<meta name=\"twitter:label1\" content=\"Escrito por\" \/>\n\t<meta name=\"twitter:data1\" content=\"Nexo Informativo\" \/>\n\t<meta name=\"twitter:label2\" content=\"Tiempo de lectura\" \/>\n\t<meta name=\"twitter:data2\" content=\"2 minutos\" \/>\n<script type=\"application\/ld+json\" class=\"yoast-schema-graph\">{\"@context\":\"https:\/\/schema.org\",\"@graph\":[{\"@type\":\"Article\",\"@id\":\"https:\/\/www.nexoinformativo.mx\/index.php\/2025\/02\/19\/iniciativa-en-el-senado-quieren-regular-el-uso-de-redes-sociales-por-menores-de-edad\/#article\",\"isPartOf\":{\"@id\":\"https:\/\/www.nexoinformativo.mx\/index.php\/2025\/02\/19\/iniciativa-en-el-senado-quieren-regular-el-uso-de-redes-sociales-por-menores-de-edad\/\"},\"author\":{\"name\":\"Nexo Informativo\",\"@id\":\"https:\/\/www.nexoinformativo.mx\/#\/schema\/person\/7749d380ba08c8ca00d7bc76fd907b7d\"},\"headline\":\"Iniciativa en el Senado quieren regular el uso de redes sociales por menores de edad\",\"datePublished\":\"2025-02-19T20:00:57+00:00\",\"dateModified\":\"2025-02-19T23:03:02+00:00\",\"mainEntityOfPage\":{\"@id\":\"https:\/\/www.nexoinformativo.mx\/index.php\/2025\/02\/19\/iniciativa-en-el-senado-quieren-regular-el-uso-de-redes-sociales-por-menores-de-edad\/\"},\"wordCount\":294,\"commentCount\":0,\"publisher\":{\"@id\":\"https:\/\/www.nexoinformativo.mx\/#organization\"},\"image\":{\"@id\":\"https:\/\/www.nexoinformativo.mx\/index.php\/2025\/02\/19\/iniciativa-en-el-senado-quieren-regular-el-uso-de-redes-sociales-por-menores-de-edad\/#primaryimage\"},\"thumbnailUrl\":\"https:\/\/www.nexoinformativo.mx\/wp-content\/uploads\/2025\/02\/PHOTO-2025-02-19-14-23-48-scaled-e1740006177250.jpg\",\"keywords\":[\"MenoresDeEdad\",\"Protecci\u00f3nInfancia\",\"RedesSocialesSeguras\",\"SenadoDeLaRep\u00fablica\"],\"articleSection\":[\"Estado\",\"Pol\u00edtica\",\"\u00daltima Hora\"],\"inLanguage\":\"es\",\"potentialAction\":[{\"@type\":\"CommentAction\",\"name\":\"Comment\",\"target\":[\"https:\/\/www.nexoinformativo.mx\/index.php\/2025\/02\/19\/iniciativa-en-el-senado-quieren-regular-el-uso-de-redes-sociales-por-menores-de-edad\/#respond\"]}]},{\"@type\":\"WebPage\",\"@id\":\"https:\/\/www.nexoinformativo.mx\/index.php\/2025\/02\/19\/iniciativa-en-el-senado-quieren-regular-el-uso-de-redes-sociales-por-menores-de-edad\/\",\"url\":\"https:\/\/www.nexoinformativo.mx\/index.php\/2025\/02\/19\/iniciativa-en-el-senado-quieren-regular-el-uso-de-redes-sociales-por-menores-de-edad\/\",\"name\":\"Iniciativa en el Senado quieren regular el uso de redes sociales por menores de edad | Nexo Informativo Santiago de Quer\u00e9taro\",\"isPartOf\":{\"@id\":\"https:\/\/www.nexoinformativo.mx\/#website\"},\"primaryImageOfPage\":{\"@id\":\"https:\/\/www.nexoinformativo.mx\/index.php\/2025\/02\/19\/iniciativa-en-el-senado-quieren-regular-el-uso-de-redes-sociales-por-menores-de-edad\/#primaryimage\"},\"image\":{\"@id\":\"https:\/\/www.nexoinformativo.mx\/index.php\/2025\/02\/19\/iniciativa-en-el-senado-quieren-regular-el-uso-de-redes-sociales-por-menores-de-edad\/#primaryimage\"},\"thumbnailUrl\":\"https:\/\/www.nexoinformativo.mx\/wp-content\/uploads\/2025\/02\/PHOTO-2025-02-19-14-23-48-scaled-e1740006177250.jpg\",\"datePublished\":\"2025-02-19T20:00:57+00:00\",\"dateModified\":\"2025-02-19T23:03:02+00:00\",\"description\":\"Iniciativa en el Senado quieren regular el uso de redes sociales por menores de edad\",\"breadcrumb\":{\"@id\":\"https:\/\/www.nexoinformativo.mx\/index.php\/2025\/02\/19\/iniciativa-en-el-senado-quieren-regular-el-uso-de-redes-sociales-por-menores-de-edad\/#breadcrumb\"},\"inLanguage\":\"es\",\"potentialAction\":[{\"@type\":\"ReadAction\",\"target\":[\"https:\/\/www.nexoinformativo.mx\/index.php\/2025\/02\/19\/iniciativa-en-el-senado-quieren-regular-el-uso-de-redes-sociales-por-menores-de-edad\/\"]}]},{\"@type\":\"ImageObject\",\"inLanguage\":\"es\",\"@id\":\"https:\/\/www.nexoinformativo.mx\/index.php\/2025\/02\/19\/iniciativa-en-el-senado-quieren-regular-el-uso-de-redes-sociales-por-menores-de-edad\/#primaryimage\",\"url\":\"https:\/\/www.nexoinformativo.mx\/wp-content\/uploads\/2025\/02\/PHOTO-2025-02-19-14-23-48-scaled-e1740006177250.jpg\",\"contentUrl\":\"https:\/\/www.nexoinformativo.mx\/wp-content\/uploads\/2025\/02\/PHOTO-2025-02-19-14-23-48-scaled-e1740006177250.jpg\",\"width\":800,\"height\":533},{\"@type\":\"BreadcrumbList\",\"@id\":\"https:\/\/www.nexoinformativo.mx\/index.php\/2025\/02\/19\/iniciativa-en-el-senado-quieren-regular-el-uso-de-redes-sociales-por-menores-de-edad\/#breadcrumb\",\"itemListElement\":[{\"@type\":\"ListItem\",\"position\":1,\"name\":\"Inicio\",\"item\":\"https:\/\/www.nexoinformativo.mx\/\"},{\"@type\":\"ListItem\",\"position\":2,\"name\":\"Iniciativa en el Senado quieren regular el uso de redes sociales por menores de edad\"}]},{\"@type\":\"WebSite\",\"@id\":\"https:\/\/www.nexoinformativo.mx\/#website\",\"url\":\"https:\/\/www.nexoinformativo.mx\/\",\"name\":\"Nexo Informativo Santiago de Quer\u00e9taro\",\"description\":\"Explora NexoInformativo y convi\u00e9rtete en parte de una comunidad que valora el conocimiento y la verdad. Tu nexoinformativo es tu puente hacia una comprensi\u00f3n m\u00e1s profunda del mundo que te rodea.\",\"publisher\":{\"@id\":\"https:\/\/www.nexoinformativo.mx\/#organization\"},\"potentialAction\":[{\"@type\":\"SearchAction\",\"target\":{\"@type\":\"EntryPoint\",\"urlTemplate\":\"https:\/\/www.nexoinformativo.mx\/?s={search_term_string}\"},\"query-input\":{\"@type\":\"PropertyValueSpecification\",\"valueRequired\":true,\"valueName\":\"search_term_string\"}}],\"inLanguage\":\"es\"},{\"@type\":\"Organization\",\"@id\":\"https:\/\/www.nexoinformativo.mx\/#organization\",\"name\":\"Nexo Informativo Santiago de Quer\u00e9taro\",\"url\":\"https:\/\/www.nexoinformativo.mx\/\",\"logo\":{\"@type\":\"ImageObject\",\"inLanguage\":\"es\",\"@id\":\"https:\/\/www.nexoinformativo.mx\/#\/schema\/logo\/image\/\",\"url\":\"https:\/\/www.nexoinformativo.mx\/wp-content\/uploads\/2024\/07\/nexoi-trasparente-2.png\",\"contentUrl\":\"https:\/\/www.nexoinformativo.mx\/wp-content\/uploads\/2024\/07\/nexoi-trasparente-2.png\",\"width\":816,\"height\":339,\"caption\":\"Nexo Informativo Santiago de Quer\u00e9taro\"},\"image\":{\"@id\":\"https:\/\/www.nexoinformativo.mx\/#\/schema\/logo\/image\/\"},\"sameAs\":[\"https:\/\/www.facebook.com\/people\/Nexo-Informativo\/61564066885511\/\"]},{\"@type\":\"Person\",\"@id\":\"https:\/\/www.nexoinformativo.mx\/#\/schema\/person\/7749d380ba08c8ca00d7bc76fd907b7d\",\"name\":\"Nexo Informativo\",\"image\":{\"@type\":\"ImageObject\",\"inLanguage\":\"es\",\"@id\":\"https:\/\/www.nexoinformativo.mx\/#\/schema\/person\/image\/\",\"url\":\"https:\/\/secure.gravatar.com\/avatar\/dde2928154642a13d95f87ddf1ea9718fe2b46760a005c53e41ff5ad610704e6?s=96&d=mm&r=g\",\"contentUrl\":\"https:\/\/secure.gravatar.com\/avatar\/dde2928154642a13d95f87ddf1ea9718fe2b46760a005c53e41ff5ad610704e6?s=96&d=mm&r=g\",\"caption\":\"Nexo Informativo\"},\"url\":\"https:\/\/www.nexoinformativo.mx\/index.php\/author\/edicion\/\"}]}<\/script>\n<!-- \/ Yoast SEO plugin. -->","yoast_head_json":{"title":"Iniciativa en el Senado quieren regular el uso de redes sociales por menores de edad | Nexo Informativo Santiago de Quer\u00e9taro","description":"Iniciativa en el Senado quieren regular el uso de redes sociales por menores de edad","robots":{"index":"index","follow":"follow","max-snippet":"max-snippet:-1","max-image-preview":"max-image-preview:large","max-video-preview":"max-video-preview:-1"},"canonical":"https:\/\/www.nexoinformativo.mx\/index.php\/2025\/02\/19\/iniciativa-en-el-senado-quieren-regular-el-uso-de-redes-sociales-por-menores-de-edad\/","og_locale":"es_MX","og_type":"article","og_title":"Iniciativa en el Senado quieren regular el uso de redes sociales por menores de edad | Nexo Informativo Santiago de Quer\u00e9taro","og_description":"Iniciativa en el Senado quieren regular el uso de redes sociales por menores de edad","og_url":"https:\/\/www.nexoinformativo.mx\/index.php\/2025\/02\/19\/iniciativa-en-el-senado-quieren-regular-el-uso-de-redes-sociales-por-menores-de-edad\/","og_site_name":"Nexo Informativo Santiago de Quer\u00e9taro","article_publisher":"https:\/\/www.facebook.com\/people\/Nexo-Informativo\/61564066885511\/","article_published_time":"2025-02-19T20:00:57+00:00","article_modified_time":"2025-02-19T23:03:02+00:00","og_image":[{"width":800,"height":533,"url":"https:\/\/www.nexoinformativo.mx\/wp-content\/uploads\/2025\/02\/PHOTO-2025-02-19-14-23-48-scaled-e1740006177250.jpg","type":"image\/jpeg"}],"author":"Nexo Informativo","twitter_card":"summary_large_image","twitter_misc":{"Escrito por":"Nexo Informativo","Tiempo de lectura":"2 minutos"},"schema":{"@context":"https:\/\/schema.org","@graph":[{"@type":"Article","@id":"https:\/\/www.nexoinformativo.mx\/index.php\/2025\/02\/19\/iniciativa-en-el-senado-quieren-regular-el-uso-de-redes-sociales-por-menores-de-edad\/#article","isPartOf":{"@id":"https:\/\/www.nexoinformativo.mx\/index.php\/2025\/02\/19\/iniciativa-en-el-senado-quieren-regular-el-uso-de-redes-sociales-por-menores-de-edad\/"},"author":{"name":"Nexo Informativo","@id":"https:\/\/www.nexoinformativo.mx\/#\/schema\/person\/7749d380ba08c8ca00d7bc76fd907b7d"},"headline":"Iniciativa en el Senado quieren regular el uso de redes sociales por menores de edad","datePublished":"2025-02-19T20:00:57+00:00","dateModified":"2025-02-19T23:03:02+00:00","mainEntityOfPage":{"@id":"https:\/\/www.nexoinformativo.mx\/index.php\/2025\/02\/19\/iniciativa-en-el-senado-quieren-regular-el-uso-de-redes-sociales-por-menores-de-edad\/"},"wordCount":294,"commentCount":0,"publisher":{"@id":"https:\/\/www.nexoinformativo.mx\/#organization"},"image":{"@id":"https:\/\/www.nexoinformativo.mx\/index.php\/2025\/02\/19\/iniciativa-en-el-senado-quieren-regular-el-uso-de-redes-sociales-por-menores-de-edad\/#primaryimage"},"thumbnailUrl":"https:\/\/www.nexoinformativo.mx\/wp-content\/uploads\/2025\/02\/PHOTO-2025-02-19-14-23-48-scaled-e1740006177250.jpg","keywords":["MenoresDeEdad","Protecci\u00f3nInfancia","RedesSocialesSeguras","SenadoDeLaRep\u00fablica"],"articleSection":["Estado","Pol\u00edtica","\u00daltima Hora"],"inLanguage":"es","potentialAction":[{"@type":"CommentAction","name":"Comment","target":["https:\/\/www.nexoinformativo.mx\/index.php\/2025\/02\/19\/iniciativa-en-el-senado-quieren-regular-el-uso-de-redes-sociales-por-menores-de-edad\/#respond"]}]},{"@type":"WebPage","@id":"https:\/\/www.nexoinformativo.mx\/index.php\/2025\/02\/19\/iniciativa-en-el-senado-quieren-regular-el-uso-de-redes-sociales-por-menores-de-edad\/","url":"https:\/\/www.nexoinformativo.mx\/index.php\/2025\/02\/19\/iniciativa-en-el-senado-quieren-regular-el-uso-de-redes-sociales-por-menores-de-edad\/","name":"Iniciativa en el Senado quieren regular el uso de redes sociales por menores de edad | Nexo Informativo Santiago de Quer\u00e9taro","isPartOf":{"@id":"https:\/\/www.nexoinformativo.mx\/#website"},"primaryImageOfPage":{"@id":"https:\/\/www.nexoinformativo.mx\/index.php\/2025\/02\/19\/iniciativa-en-el-senado-quieren-regular-el-uso-de-redes-sociales-por-menores-de-edad\/#primaryimage"},"image":{"@id":"https:\/\/www.nexoinformativo.mx\/index.php\/2025\/02\/19\/iniciativa-en-el-senado-quieren-regular-el-uso-de-redes-sociales-por-menores-de-edad\/#primaryimage"},"thumbnailUrl":"https:\/\/www.nexoinformativo.mx\/wp-content\/uploads\/2025\/02\/PHOTO-2025-02-19-14-23-48-scaled-e1740006177250.jpg","datePublished":"2025-02-19T20:00:57+00:00","dateModified":"2025-02-19T23:03:02+00:00","description":"Iniciativa en el Senado quieren regular el uso de redes sociales por menores de edad","breadcrumb":{"@id":"https:\/\/www.nexoinformativo.mx\/index.php\/2025\/02\/19\/iniciativa-en-el-senado-quieren-regular-el-uso-de-redes-sociales-por-menores-de-edad\/#breadcrumb"},"inLanguage":"es","potentialAction":[{"@type":"ReadAction","target":["https:\/\/www.nexoinformativo.mx\/index.php\/2025\/02\/19\/iniciativa-en-el-senado-quieren-regular-el-uso-de-redes-sociales-por-menores-de-edad\/"]}]},{"@type":"ImageObject","inLanguage":"es","@id":"https:\/\/www.nexoinformativo.mx\/index.php\/2025\/02\/19\/iniciativa-en-el-senado-quieren-regular-el-uso-de-redes-sociales-por-menores-de-edad\/#primaryimage","url":"https:\/\/www.nexoinformativo.mx\/wp-content\/uploads\/2025\/02\/PHOTO-2025-02-19-14-23-48-scaled-e1740006177250.jpg","contentUrl":"https:\/\/www.nexoinformativo.mx\/wp-content\/uploads\/2025\/02\/PHOTO-2025-02-19-14-23-48-scaled-e1740006177250.jpg","width":800,"height":533},{"@type":"BreadcrumbList","@id":"https:\/\/www.nexoinformativo.mx\/index.php\/2025\/02\/19\/iniciativa-en-el-senado-quieren-regular-el-uso-de-redes-sociales-por-menores-de-edad\/#breadcrumb","itemListElement":[{"@type":"ListItem","position":1,"name":"Inicio","item":"https:\/\/www.nexoinformativo.mx\/"},{"@type":"ListItem","position":2,"name":"Iniciativa en el Senado quieren regular el uso de redes sociales por menores de edad"}]},{"@type":"WebSite","@id":"https:\/\/www.nexoinformativo.mx\/#website","url":"https:\/\/www.nexoinformativo.mx\/","name":"Nexo Informativo Santiago de Quer\u00e9taro","description":"Explora NexoInformativo y convi\u00e9rtete en parte de una comunidad que valora el conocimiento y la verdad. Tu nexoinformativo es tu puente hacia una comprensi\u00f3n m\u00e1s profunda del mundo que te rodea.","publisher":{"@id":"https:\/\/www.nexoinformativo.mx\/#organization"},"potentialAction":[{"@type":"SearchAction","target":{"@type":"EntryPoint","urlTemplate":"https:\/\/www.nexoinformativo.mx\/?s={search_term_string}"},"query-input":{"@type":"PropertyValueSpecification","valueRequired":true,"valueName":"search_term_string"}}],"inLanguage":"es"},{"@type":"Organization","@id":"https:\/\/www.nexoinformativo.mx\/#organization","name":"Nexo Informativo Santiago de Quer\u00e9taro","url":"https:\/\/www.nexoinformativo.mx\/","logo":{"@type":"ImageObject","inLanguage":"es","@id":"https:\/\/www.nexoinformativo.mx\/#\/schema\/logo\/image\/","url":"https:\/\/www.nexoinformativo.mx\/wp-content\/uploads\/2024\/07\/nexoi-trasparente-2.png","contentUrl":"https:\/\/www.nexoinformativo.mx\/wp-content\/uploads\/2024\/07\/nexoi-trasparente-2.png","width":816,"height":339,"caption":"Nexo Informativo Santiago de Quer\u00e9taro"},"image":{"@id":"https:\/\/www.nexoinformativo.mx\/#\/schema\/logo\/image\/"},"sameAs":["https:\/\/www.facebook.com\/people\/Nexo-Informativo\/61564066885511\/"]},{"@type":"Person","@id":"https:\/\/www.nexoinformativo.mx\/#\/schema\/person\/7749d380ba08c8ca00d7bc76fd907b7d","name":"Nexo Informativo","image":{"@type":"ImageObject","inLanguage":"es","@id":"https:\/\/www.nexoinformativo.mx\/#\/schema\/person\/image\/","url":"https:\/\/secure.gravatar.com\/avatar\/dde2928154642a13d95f87ddf1ea9718fe2b46760a005c53e41ff5ad610704e6?s=96&d=mm&r=g","contentUrl":"https:\/\/secure.gravatar.com\/avatar\/dde2928154642a13d95f87ddf1ea9718fe2b46760a005c53e41ff5ad610704e6?s=96&d=mm&r=g","caption":"Nexo Informativo"},"url":"https:\/\/www.nexoinformativo.mx\/index.php\/author\/edicion\/"}]}},"_links":{"self":[{"href":"https:\/\/www.nexoinformativo.mx\/index.php\/wp-json\/wp\/v2\/posts\/11855","targetHints":{"allow":["GET"]}}],"collection":[{"href":"https:\/\/www.nexoinformativo.mx\/index.php\/wp-json\/wp\/v2\/posts"}],"about":[{"href":"https:\/\/www.nexoinformativo.mx\/index.php\/wp-json\/wp\/v2\/types\/post"}],"author":[{"embeddable":true,"href":"https:\/\/www.nexoinformativo.mx\/index.php\/wp-json\/wp\/v2\/users\/3"}],"replies":[{"embeddable":true,"href":"https:\/\/www.nexoinformativo.mx\/index.php\/wp-json\/wp\/v2\/comments?post=11855"}],"version-history":[{"count":3,"href":"https:\/\/www.nexoinformativo.mx\/index.php\/wp-json\/wp\/v2\/posts\/11855\/revisions"}],"predecessor-version":[{"id":11859,"href":"https:\/\/www.nexoinformativo.mx\/index.php\/wp-json\/wp\/v2\/posts\/11855\/revisions\/11859"}],"wp:featuredmedia":[{"embeddable":true,"href":"https:\/\/www.nexoinformativo.mx\/index.php\/wp-json\/wp\/v2\/media\/11858"}],"wp:attachment":[{"href":"https:\/\/www.nexoinformativo.mx\/index.php\/wp-json\/wp\/v2\/media?parent=11855"}],"wp:term":[{"taxonomy":"category","embeddable":true,"href":"https:\/\/www.nexoinformativo.mx\/index.php\/wp-json\/wp\/v2\/categories?post=11855"},{"taxonomy":"post_tag","embeddable":true,"href":"https:\/\/www.nexoinformativo.mx\/index.php\/wp-json\/wp\/v2\/tags?post=11855"}],"curies":[{"name":"wp","href":"https:\/\/api.w.org\/{rel}","templated":true}]}}