{"id":1186,"date":"2024-08-28T20:00:00","date_gmt":"2024-08-29T02:00:00","guid":{"rendered":"https:\/\/www.nexoinformativo.mx\/?p=1186"},"modified":"2024-08-28T22:36:03","modified_gmt":"2024-08-29T04:36:03","slug":"detenidos-en-queretaro-tras-ser-captados-por-camaras-del-c4","status":"publish","type":"post","link":"https:\/\/www.nexoinformativo.mx\/index.php\/2024\/08\/28\/detenidos-en-queretaro-tras-ser-captados-por-camaras-del-c4\/","title":{"rendered":"Detenidos en Satelite Mpio. de Quer\u00e9taro tras ser captados por c\u00e1maras del C4"},"content":{"rendered":"<p style=\"text-align: justify;\">La pronta intervenci\u00f3n de la polic\u00eda municipal de Quer\u00e9taro result\u00f3 en la detenci\u00f3n de dos individuos en la colonia Sat\u00e9lite, gracias a un reporte del Centro de Comando, Control, Comunicaci\u00f3n y C\u00f3mputo (C4). Las c\u00e1maras de videovigilancia del C4 captaron a los sospechosos manipulando material el\u00e9ctrico de un poste en Avenida de la Luz.<\/p>\r\n<p>&nbsp;<\/p>\r\n<p style=\"text-align: justify;\"><!-- \/wp:post-content --><\/p>\r\n<p style=\"text-align: justify;\">Los agentes, al llegar al lugar, encontraron a un hombre y una mujer cuyas caracter\u00edsticas coincid\u00edan con las descritas en el reporte. Al inspeccionar una mochila que llevaban, se descubri\u00f3 que conten\u00eda el material el\u00e9ctrico recientemente sustra\u00eddo. Los detenidos fueron informados de sus derechos y luego fueron trasladados a la Fiscal\u00eda General del Estado para enfrentar cargos por robo.<\/p>\r\n<p>&nbsp;<\/p>\r\n<p style=\"text-align: justify;\"><!-- \/wp:paragraph -->\r\n\r\n<!-- wp:image {\"id\":1184,\"sizeSlug\":\"large\"} --><\/p>\r\n<figure class=\"wp-block-image size-large\"><img loading=\"lazy\" decoding=\"async\" width=\"1024\" height=\"599\" class=\"wp-image-1184\" src=\"https:\/\/www.nexoinformativo.mx\/wp-content\/uploads\/2024\/08\/img-20240828-wa00848133946235685780733-1024x599.jpg\" alt=\"\" \/><\/figure>\r\n<p style=\"text-align: justify;\"><!-- \/wp:image --><\/p>","protected":false},"excerpt":{"rendered":"<p>La pronta intervenci\u00f3n de la polic\u00eda municipal de Quer\u00e9taro result\u00f3 en la detenci\u00f3n de dos individuos en la colonia Sat\u00e9lite, gracias a un reporte del Centro de Comando, Control, Comunicaci\u00f3n y C\u00f3mputo (C4). Las c\u00e1maras de videovigilancia del C4 captaron a los sospechosos manipulando material el\u00e9ctrico de un poste en Avenida de la Luz. &nbsp; [&hellip;]<\/p>\n","protected":false},"author":2,"featured_media":1185,"comment_status":"open","ping_status":"open","sticky":false,"template":"","format":"standard","meta":{"footnotes":""},"categories":[137],"tags":[301,243,302,300,266],"class_list":["post-1186","post","type-post","status-publish","format-standard","has-post-thumbnail","hentry","category-sucesos","tag-c4queretaro","tag-justiciaqueretaro","tag-policiamunicipal","tag-roboqueretaro","tag-seguridadqueretaro"],"yoast_head":"<!-- This site is optimized with the Yoast SEO plugin v25.0 - https:\/\/yoast.com\/wordpress\/plugins\/seo\/ -->\n<title>Detenidos en Satelite Mpio. de Quer\u00e9taro tras ser captados por c\u00e1maras del C4 | Nexo Informativo Santiago de Quer\u00e9taro<\/title>\n<meta name=\"robots\" content=\"index, follow, max-snippet:-1, max-image-preview:large, max-video-preview:-1\" \/>\n<link rel=\"canonical\" href=\"https:\/\/www.nexoinformativo.mx\/index.php\/2024\/08\/28\/detenidos-en-queretaro-tras-ser-captados-por-camaras-del-c4\/\" \/>\n<meta property=\"og:locale\" content=\"es_MX\" \/>\n<meta property=\"og:type\" content=\"article\" \/>\n<meta property=\"og:title\" content=\"Detenidos en Satelite Mpio. de Quer\u00e9taro tras ser captados por c\u00e1maras del C4 | Nexo Informativo Santiago de Quer\u00e9taro\" \/>\n<meta property=\"og:description\" content=\"La pronta intervenci\u00f3n de la polic\u00eda municipal de Quer\u00e9taro result\u00f3 en la detenci\u00f3n de dos individuos en la colonia Sat\u00e9lite, gracias a un reporte del Centro de Comando, Control, Comunicaci\u00f3n y C\u00f3mputo (C4). Las c\u00e1maras de videovigilancia del C4 captaron a los sospechosos manipulando material el\u00e9ctrico de un poste en Avenida de la Luz. &nbsp; [&hellip;]\" \/>\n<meta property=\"og:url\" content=\"https:\/\/www.nexoinformativo.mx\/index.php\/2024\/08\/28\/detenidos-en-queretaro-tras-ser-captados-por-camaras-del-c4\/\" \/>\n<meta property=\"og:site_name\" content=\"Nexo Informativo Santiago de Quer\u00e9taro\" \/>\n<meta property=\"article:publisher\" content=\"https:\/\/www.facebook.com\/people\/Nexo-Informativo\/61564066885511\/\" \/>\n<meta property=\"article:published_time\" content=\"2024-08-29T02:00:00+00:00\" \/>\n<meta property=\"article:modified_time\" content=\"2024-08-29T04:36:03+00:00\" \/>\n<meta property=\"og:image\" content=\"https:\/\/www.nexoinformativo.mx\/wp-content\/uploads\/2024\/08\/IMG-20240828-WA0083-e1724904615166.jpg\" \/>\n\t<meta property=\"og:image:width\" content=\"800\" \/>\n\t<meta property=\"og:image:height\" content=\"1029\" \/>\n\t<meta property=\"og:image:type\" content=\"image\/jpeg\" \/>\n<meta name=\"author\" content=\"admin\" \/>\n<meta name=\"twitter:card\" content=\"summary_large_image\" \/>\n<meta name=\"twitter:label1\" content=\"Escrito por\" \/>\n\t<meta name=\"twitter:data1\" content=\"admin\" \/>\n\t<meta name=\"twitter:label2\" content=\"Tiempo de lectura\" \/>\n\t<meta name=\"twitter:data2\" content=\"1 minuto\" \/>\n<script type=\"application\/ld+json\" class=\"yoast-schema-graph\">{\"@context\":\"https:\/\/schema.org\",\"@graph\":[{\"@type\":\"Article\",\"@id\":\"https:\/\/www.nexoinformativo.mx\/index.php\/2024\/08\/28\/detenidos-en-queretaro-tras-ser-captados-por-camaras-del-c4\/#article\",\"isPartOf\":{\"@id\":\"https:\/\/www.nexoinformativo.mx\/index.php\/2024\/08\/28\/detenidos-en-queretaro-tras-ser-captados-por-camaras-del-c4\/\"},\"author\":{\"name\":\"admin\",\"@id\":\"https:\/\/www.nexoinformativo.mx\/#\/schema\/person\/4beeb8fa2c46efc230191fd4030766b5\"},\"headline\":\"Detenidos en Satelite Mpio. de Quer\u00e9taro tras ser captados por c\u00e1maras del C4\",\"datePublished\":\"2024-08-29T02:00:00+00:00\",\"dateModified\":\"2024-08-29T04:36:03+00:00\",\"mainEntityOfPage\":{\"@id\":\"https:\/\/www.nexoinformativo.mx\/index.php\/2024\/08\/28\/detenidos-en-queretaro-tras-ser-captados-por-camaras-del-c4\/\"},\"wordCount\":145,\"commentCount\":0,\"publisher\":{\"@id\":\"https:\/\/www.nexoinformativo.mx\/#organization\"},\"image\":{\"@id\":\"https:\/\/www.nexoinformativo.mx\/index.php\/2024\/08\/28\/detenidos-en-queretaro-tras-ser-captados-por-camaras-del-c4\/#primaryimage\"},\"thumbnailUrl\":\"https:\/\/www.nexoinformativo.mx\/wp-content\/uploads\/2024\/08\/IMG-20240828-WA0083-e1724904615166.jpg\",\"keywords\":[\"C4Queretaro\",\"JusticiaQueretaro\",\"Polic\u00edamunicipal\",\"RoboQuer\u00e9taro\",\"SeguridadQueretaro\"],\"articleSection\":[\"Sucesos\"],\"inLanguage\":\"es\",\"potentialAction\":[{\"@type\":\"CommentAction\",\"name\":\"Comment\",\"target\":[\"https:\/\/www.nexoinformativo.mx\/index.php\/2024\/08\/28\/detenidos-en-queretaro-tras-ser-captados-por-camaras-del-c4\/#respond\"]}]},{\"@type\":\"WebPage\",\"@id\":\"https:\/\/www.nexoinformativo.mx\/index.php\/2024\/08\/28\/detenidos-en-queretaro-tras-ser-captados-por-camaras-del-c4\/\",\"url\":\"https:\/\/www.nexoinformativo.mx\/index.php\/2024\/08\/28\/detenidos-en-queretaro-tras-ser-captados-por-camaras-del-c4\/\",\"name\":\"Detenidos en Satelite Mpio. de Quer\u00e9taro tras ser captados por c\u00e1maras del C4 | Nexo Informativo Santiago de Quer\u00e9taro\",\"isPartOf\":{\"@id\":\"https:\/\/www.nexoinformativo.mx\/#website\"},\"primaryImageOfPage\":{\"@id\":\"https:\/\/www.nexoinformativo.mx\/index.php\/2024\/08\/28\/detenidos-en-queretaro-tras-ser-captados-por-camaras-del-c4\/#primaryimage\"},\"image\":{\"@id\":\"https:\/\/www.nexoinformativo.mx\/index.php\/2024\/08\/28\/detenidos-en-queretaro-tras-ser-captados-por-camaras-del-c4\/#primaryimage\"},\"thumbnailUrl\":\"https:\/\/www.nexoinformativo.mx\/wp-content\/uploads\/2024\/08\/IMG-20240828-WA0083-e1724904615166.jpg\",\"datePublished\":\"2024-08-29T02:00:00+00:00\",\"dateModified\":\"2024-08-29T04:36:03+00:00\",\"breadcrumb\":{\"@id\":\"https:\/\/www.nexoinformativo.mx\/index.php\/2024\/08\/28\/detenidos-en-queretaro-tras-ser-captados-por-camaras-del-c4\/#breadcrumb\"},\"inLanguage\":\"es\",\"potentialAction\":[{\"@type\":\"ReadAction\",\"target\":[\"https:\/\/www.nexoinformativo.mx\/index.php\/2024\/08\/28\/detenidos-en-queretaro-tras-ser-captados-por-camaras-del-c4\/\"]}]},{\"@type\":\"ImageObject\",\"inLanguage\":\"es\",\"@id\":\"https:\/\/www.nexoinformativo.mx\/index.php\/2024\/08\/28\/detenidos-en-queretaro-tras-ser-captados-por-camaras-del-c4\/#primaryimage\",\"url\":\"https:\/\/www.nexoinformativo.mx\/wp-content\/uploads\/2024\/08\/IMG-20240828-WA0083-e1724904615166.jpg\",\"contentUrl\":\"https:\/\/www.nexoinformativo.mx\/wp-content\/uploads\/2024\/08\/IMG-20240828-WA0083-e1724904615166.jpg\",\"width\":800,\"height\":1029},{\"@type\":\"BreadcrumbList\",\"@id\":\"https:\/\/www.nexoinformativo.mx\/index.php\/2024\/08\/28\/detenidos-en-queretaro-tras-ser-captados-por-camaras-del-c4\/#breadcrumb\",\"itemListElement\":[{\"@type\":\"ListItem\",\"position\":1,\"name\":\"Inicio\",\"item\":\"https:\/\/www.nexoinformativo.mx\/\"},{\"@type\":\"ListItem\",\"position\":2,\"name\":\"Detenidos en Satelite Mpio. de Quer\u00e9taro tras ser captados por c\u00e1maras del C4\"}]},{\"@type\":\"WebSite\",\"@id\":\"https:\/\/www.nexoinformativo.mx\/#website\",\"url\":\"https:\/\/www.nexoinformativo.mx\/\",\"name\":\"Nexo Informativo Santiago de Quer\u00e9taro\",\"description\":\"Explora NexoInformativo y convi\u00e9rtete en parte de una comunidad que valora el conocimiento y la verdad. Tu nexoinformativo es tu puente hacia una comprensi\u00f3n m\u00e1s profunda del mundo que te rodea.\",\"publisher\":{\"@id\":\"https:\/\/www.nexoinformativo.mx\/#organization\"},\"potentialAction\":[{\"@type\":\"SearchAction\",\"target\":{\"@type\":\"EntryPoint\",\"urlTemplate\":\"https:\/\/www.nexoinformativo.mx\/?s={search_term_string}\"},\"query-input\":{\"@type\":\"PropertyValueSpecification\",\"valueRequired\":true,\"valueName\":\"search_term_string\"}}],\"inLanguage\":\"es\"},{\"@type\":\"Organization\",\"@id\":\"https:\/\/www.nexoinformativo.mx\/#organization\",\"name\":\"Nexo Informativo Santiago de Quer\u00e9taro\",\"url\":\"https:\/\/www.nexoinformativo.mx\/\",\"logo\":{\"@type\":\"ImageObject\",\"inLanguage\":\"es\",\"@id\":\"https:\/\/www.nexoinformativo.mx\/#\/schema\/logo\/image\/\",\"url\":\"https:\/\/www.nexoinformativo.mx\/wp-content\/uploads\/2024\/07\/nexoi-trasparente-2.png\",\"contentUrl\":\"https:\/\/www.nexoinformativo.mx\/wp-content\/uploads\/2024\/07\/nexoi-trasparente-2.png\",\"width\":816,\"height\":339,\"caption\":\"Nexo Informativo Santiago de Quer\u00e9taro\"},\"image\":{\"@id\":\"https:\/\/www.nexoinformativo.mx\/#\/schema\/logo\/image\/\"},\"sameAs\":[\"https:\/\/www.facebook.com\/people\/Nexo-Informativo\/61564066885511\/\"]},{\"@type\":\"Person\",\"@id\":\"https:\/\/www.nexoinformativo.mx\/#\/schema\/person\/4beeb8fa2c46efc230191fd4030766b5\",\"name\":\"admin\",\"image\":{\"@type\":\"ImageObject\",\"inLanguage\":\"es\",\"@id\":\"https:\/\/www.nexoinformativo.mx\/#\/schema\/person\/image\/\",\"url\":\"https:\/\/secure.gravatar.com\/avatar\/58054e91f5151d6a21f8409a1d615488226bb336a676ff34638f345cfb020b66?s=96&d=mm&r=g\",\"contentUrl\":\"https:\/\/secure.gravatar.com\/avatar\/58054e91f5151d6a21f8409a1d615488226bb336a676ff34638f345cfb020b66?s=96&d=mm&r=g\",\"caption\":\"admin\"},\"url\":\"https:\/\/www.nexoinformativo.mx\/index.php\/author\/admin\/\"}]}<\/script>\n<!-- \/ Yoast SEO plugin. -->","yoast_head_json":{"title":"Detenidos en Satelite Mpio. de Quer\u00e9taro tras ser captados por c\u00e1maras del C4 | Nexo Informativo Santiago de Quer\u00e9taro","robots":{"index":"index","follow":"follow","max-snippet":"max-snippet:-1","max-image-preview":"max-image-preview:large","max-video-preview":"max-video-preview:-1"},"canonical":"https:\/\/www.nexoinformativo.mx\/index.php\/2024\/08\/28\/detenidos-en-queretaro-tras-ser-captados-por-camaras-del-c4\/","og_locale":"es_MX","og_type":"article","og_title":"Detenidos en Satelite Mpio. de Quer\u00e9taro tras ser captados por c\u00e1maras del C4 | Nexo Informativo Santiago de Quer\u00e9taro","og_description":"La pronta intervenci\u00f3n de la polic\u00eda municipal de Quer\u00e9taro result\u00f3 en la detenci\u00f3n de dos individuos en la colonia Sat\u00e9lite, gracias a un reporte del Centro de Comando, Control, Comunicaci\u00f3n y C\u00f3mputo (C4). Las c\u00e1maras de videovigilancia del C4 captaron a los sospechosos manipulando material el\u00e9ctrico de un poste en Avenida de la Luz. &nbsp; [&hellip;]","og_url":"https:\/\/www.nexoinformativo.mx\/index.php\/2024\/08\/28\/detenidos-en-queretaro-tras-ser-captados-por-camaras-del-c4\/","og_site_name":"Nexo Informativo Santiago de Quer\u00e9taro","article_publisher":"https:\/\/www.facebook.com\/people\/Nexo-Informativo\/61564066885511\/","article_published_time":"2024-08-29T02:00:00+00:00","article_modified_time":"2024-08-29T04:36:03+00:00","og_image":[{"width":800,"height":1029,"url":"https:\/\/www.nexoinformativo.mx\/wp-content\/uploads\/2024\/08\/IMG-20240828-WA0083-e1724904615166.jpg","type":"image\/jpeg"}],"author":"admin","twitter_card":"summary_large_image","twitter_misc":{"Escrito por":"admin","Tiempo de lectura":"1 minuto"},"schema":{"@context":"https:\/\/schema.org","@graph":[{"@type":"Article","@id":"https:\/\/www.nexoinformativo.mx\/index.php\/2024\/08\/28\/detenidos-en-queretaro-tras-ser-captados-por-camaras-del-c4\/#article","isPartOf":{"@id":"https:\/\/www.nexoinformativo.mx\/index.php\/2024\/08\/28\/detenidos-en-queretaro-tras-ser-captados-por-camaras-del-c4\/"},"author":{"name":"admin","@id":"https:\/\/www.nexoinformativo.mx\/#\/schema\/person\/4beeb8fa2c46efc230191fd4030766b5"},"headline":"Detenidos en Satelite Mpio. de Quer\u00e9taro tras ser captados por c\u00e1maras del C4","datePublished":"2024-08-29T02:00:00+00:00","dateModified":"2024-08-29T04:36:03+00:00","mainEntityOfPage":{"@id":"https:\/\/www.nexoinformativo.mx\/index.php\/2024\/08\/28\/detenidos-en-queretaro-tras-ser-captados-por-camaras-del-c4\/"},"wordCount":145,"commentCount":0,"publisher":{"@id":"https:\/\/www.nexoinformativo.mx\/#organization"},"image":{"@id":"https:\/\/www.nexoinformativo.mx\/index.php\/2024\/08\/28\/detenidos-en-queretaro-tras-ser-captados-por-camaras-del-c4\/#primaryimage"},"thumbnailUrl":"https:\/\/www.nexoinformativo.mx\/wp-content\/uploads\/2024\/08\/IMG-20240828-WA0083-e1724904615166.jpg","keywords":["C4Queretaro","JusticiaQueretaro","Polic\u00edamunicipal","RoboQuer\u00e9taro","SeguridadQueretaro"],"articleSection":["Sucesos"],"inLanguage":"es","potentialAction":[{"@type":"CommentAction","name":"Comment","target":["https:\/\/www.nexoinformativo.mx\/index.php\/2024\/08\/28\/detenidos-en-queretaro-tras-ser-captados-por-camaras-del-c4\/#respond"]}]},{"@type":"WebPage","@id":"https:\/\/www.nexoinformativo.mx\/index.php\/2024\/08\/28\/detenidos-en-queretaro-tras-ser-captados-por-camaras-del-c4\/","url":"https:\/\/www.nexoinformativo.mx\/index.php\/2024\/08\/28\/detenidos-en-queretaro-tras-ser-captados-por-camaras-del-c4\/","name":"Detenidos en Satelite Mpio. de Quer\u00e9taro tras ser captados por c\u00e1maras del C4 | Nexo Informativo Santiago de Quer\u00e9taro","isPartOf":{"@id":"https:\/\/www.nexoinformativo.mx\/#website"},"primaryImageOfPage":{"@id":"https:\/\/www.nexoinformativo.mx\/index.php\/2024\/08\/28\/detenidos-en-queretaro-tras-ser-captados-por-camaras-del-c4\/#primaryimage"},"image":{"@id":"https:\/\/www.nexoinformativo.mx\/index.php\/2024\/08\/28\/detenidos-en-queretaro-tras-ser-captados-por-camaras-del-c4\/#primaryimage"},"thumbnailUrl":"https:\/\/www.nexoinformativo.mx\/wp-content\/uploads\/2024\/08\/IMG-20240828-WA0083-e1724904615166.jpg","datePublished":"2024-08-29T02:00:00+00:00","dateModified":"2024-08-29T04:36:03+00:00","breadcrumb":{"@id":"https:\/\/www.nexoinformativo.mx\/index.php\/2024\/08\/28\/detenidos-en-queretaro-tras-ser-captados-por-camaras-del-c4\/#breadcrumb"},"inLanguage":"es","potentialAction":[{"@type":"ReadAction","target":["https:\/\/www.nexoinformativo.mx\/index.php\/2024\/08\/28\/detenidos-en-queretaro-tras-ser-captados-por-camaras-del-c4\/"]}]},{"@type":"ImageObject","inLanguage":"es","@id":"https:\/\/www.nexoinformativo.mx\/index.php\/2024\/08\/28\/detenidos-en-queretaro-tras-ser-captados-por-camaras-del-c4\/#primaryimage","url":"https:\/\/www.nexoinformativo.mx\/wp-content\/uploads\/2024\/08\/IMG-20240828-WA0083-e1724904615166.jpg","contentUrl":"https:\/\/www.nexoinformativo.mx\/wp-content\/uploads\/2024\/08\/IMG-20240828-WA0083-e1724904615166.jpg","width":800,"height":1029},{"@type":"BreadcrumbList","@id":"https:\/\/www.nexoinformativo.mx\/index.php\/2024\/08\/28\/detenidos-en-queretaro-tras-ser-captados-por-camaras-del-c4\/#breadcrumb","itemListElement":[{"@type":"ListItem","position":1,"name":"Inicio","item":"https:\/\/www.nexoinformativo.mx\/"},{"@type":"ListItem","position":2,"name":"Detenidos en Satelite Mpio. de Quer\u00e9taro tras ser captados por c\u00e1maras del C4"}]},{"@type":"WebSite","@id":"https:\/\/www.nexoinformativo.mx\/#website","url":"https:\/\/www.nexoinformativo.mx\/","name":"Nexo Informativo Santiago de Quer\u00e9taro","description":"Explora NexoInformativo y convi\u00e9rtete en parte de una comunidad que valora el conocimiento y la verdad. Tu nexoinformativo es tu puente hacia una comprensi\u00f3n m\u00e1s profunda del mundo que te rodea.","publisher":{"@id":"https:\/\/www.nexoinformativo.mx\/#organization"},"potentialAction":[{"@type":"SearchAction","target":{"@type":"EntryPoint","urlTemplate":"https:\/\/www.nexoinformativo.mx\/?s={search_term_string}"},"query-input":{"@type":"PropertyValueSpecification","valueRequired":true,"valueName":"search_term_string"}}],"inLanguage":"es"},{"@type":"Organization","@id":"https:\/\/www.nexoinformativo.mx\/#organization","name":"Nexo Informativo Santiago de Quer\u00e9taro","url":"https:\/\/www.nexoinformativo.mx\/","logo":{"@type":"ImageObject","inLanguage":"es","@id":"https:\/\/www.nexoinformativo.mx\/#\/schema\/logo\/image\/","url":"https:\/\/www.nexoinformativo.mx\/wp-content\/uploads\/2024\/07\/nexoi-trasparente-2.png","contentUrl":"https:\/\/www.nexoinformativo.mx\/wp-content\/uploads\/2024\/07\/nexoi-trasparente-2.png","width":816,"height":339,"caption":"Nexo Informativo Santiago de Quer\u00e9taro"},"image":{"@id":"https:\/\/www.nexoinformativo.mx\/#\/schema\/logo\/image\/"},"sameAs":["https:\/\/www.facebook.com\/people\/Nexo-Informativo\/61564066885511\/"]},{"@type":"Person","@id":"https:\/\/www.nexoinformativo.mx\/#\/schema\/person\/4beeb8fa2c46efc230191fd4030766b5","name":"admin","image":{"@type":"ImageObject","inLanguage":"es","@id":"https:\/\/www.nexoinformativo.mx\/#\/schema\/person\/image\/","url":"https:\/\/secure.gravatar.com\/avatar\/58054e91f5151d6a21f8409a1d615488226bb336a676ff34638f345cfb020b66?s=96&d=mm&r=g","contentUrl":"https:\/\/secure.gravatar.com\/avatar\/58054e91f5151d6a21f8409a1d615488226bb336a676ff34638f345cfb020b66?s=96&d=mm&r=g","caption":"admin"},"url":"https:\/\/www.nexoinformativo.mx\/index.php\/author\/admin\/"}]}},"_links":{"self":[{"href":"https:\/\/www.nexoinformativo.mx\/index.php\/wp-json\/wp\/v2\/posts\/1186","targetHints":{"allow":["GET"]}}],"collection":[{"href":"https:\/\/www.nexoinformativo.mx\/index.php\/wp-json\/wp\/v2\/posts"}],"about":[{"href":"https:\/\/www.nexoinformativo.mx\/index.php\/wp-json\/wp\/v2\/types\/post"}],"author":[{"embeddable":true,"href":"https:\/\/www.nexoinformativo.mx\/index.php\/wp-json\/wp\/v2\/users\/2"}],"replies":[{"embeddable":true,"href":"https:\/\/www.nexoinformativo.mx\/index.php\/wp-json\/wp\/v2\/comments?post=1186"}],"version-history":[{"count":8,"href":"https:\/\/www.nexoinformativo.mx\/index.php\/wp-json\/wp\/v2\/posts\/1186\/revisions"}],"predecessor-version":[{"id":1201,"href":"https:\/\/www.nexoinformativo.mx\/index.php\/wp-json\/wp\/v2\/posts\/1186\/revisions\/1201"}],"wp:featuredmedia":[{"embeddable":true,"href":"https:\/\/www.nexoinformativo.mx\/index.php\/wp-json\/wp\/v2\/media\/1185"}],"wp:attachment":[{"href":"https:\/\/www.nexoinformativo.mx\/index.php\/wp-json\/wp\/v2\/media?parent=1186"}],"wp:term":[{"taxonomy":"category","embeddable":true,"href":"https:\/\/www.nexoinformativo.mx\/index.php\/wp-json\/wp\/v2\/categories?post=1186"},{"taxonomy":"post_tag","embeddable":true,"href":"https:\/\/www.nexoinformativo.mx\/index.php\/wp-json\/wp\/v2\/tags?post=1186"}],"curies":[{"name":"wp","href":"https:\/\/api.w.org\/{rel}","templated":true}]}}