{"id":11877,"date":"2025-02-20T07:30:15","date_gmt":"2025-02-20T13:30:15","guid":{"rendered":"https:\/\/www.nexoinformativo.mx\/?p=11877"},"modified":"2025-02-20T12:18:12","modified_gmt":"2025-02-20T18:18:12","slug":"mexico-apuesta-por-la-calidad-publican-el-programa-nacional-de-infraestructura-de-la-calidad-2025","status":"publish","type":"post","link":"https:\/\/www.nexoinformativo.mx\/index.php\/2025\/02\/20\/mexico-apuesta-por-la-calidad-publican-el-programa-nacional-de-infraestructura-de-la-calidad-2025\/","title":{"rendered":"M\u00e9xico apuesta por la calidad publican el Programa Nacional de Infraestructura de la Calidad 2025"},"content":{"rendered":"<p style=\"text-align: justify;\" data-sourcepos=\"11:1-11:502\">El Gobierno de M\u00e9xico, a trav\u00e9s de la Secretar\u00eda de Econom\u00eda, public\u00f3 en el Diario Oficial de la Federaci\u00f3n el <strong>Programa Nacional de Infraestructura de la Calidad<\/strong> (PNIC) 2025.<\/p>\n<p>&nbsp;<\/p>\n<p style=\"text-align: justify;\" data-sourcepos=\"11:1-11:502\">Este programa, alineado con los objetivos estrat\u00e9gicos de la administraci\u00f3n de la presidenta Claudia Sheinbaum y coordinado por el secretario de Econom\u00eda, Marcelo Ebrard, busca modernizar la infraestructura de calidad del pa\u00eds para impulsar la competitividad y el desarrollo econ\u00f3mico sostenible.<\/p>\n<p>&nbsp;<\/p>\n<p style=\"text-align: justify;\" data-sourcepos=\"13:1-13:443\">El PNIC 2025 establece la planificaci\u00f3n y coordinaci\u00f3n de normas y est\u00e1ndares t\u00e9cnicos en sectores estrat\u00e9gicos, asegurando que M\u00e9xico cuente con una infraestructura de calidad acorde con los avances tecnol\u00f3gicos, las tendencias del mercado y los compromisos internacionales.<\/p>\n<p>&nbsp;<\/p>\n<p style=\"text-align: justify;\" data-sourcepos=\"13:1-13:443\">Su objetivo principal es mejorar la competitividad de la industria nacional, garantizar la seguridad de los consumidores y fomentar el desarrollo econ\u00f3mico sostenible.<\/p>\n<p>&nbsp;<\/p>\n<p style=\"text-align: justify;\" data-sourcepos=\"17:1-17:202\">Para este a\u00f1o, el PNIC contempla <strong>212 propuestas normativas<\/strong>, dise\u00f1adas en colaboraci\u00f3n con 19 Autoridades Normalizadoras de la Administraci\u00f3n P\u00fablica Federal, que atienden materias y sectores clave como:<\/p>\n<p>&nbsp;<\/p>\n<p>*Implementaci\u00f3n de normas enfocadas en la seguridad del consumidor, el fortalecimiento de est\u00e1ndares en productos de uso cotidiano y la mejora de condiciones laborales en sectores estrat\u00e9gicos.<\/p>\n<p>*Actualizaci\u00f3n de normativas en la industria automotriz para mejorar la seguridad vial y garantizar la calidad de los veh\u00edculos comercializados en M\u00e9xico.<\/p>\n<p>*Desarrollo de regulaciones orientadas a la eficiencia energ\u00e9tica, el fomento de energ\u00edas limpias y la reducci\u00f3n del impacto ambiental de los procesos industriales.<\/p>\n<p>*Establecimiento de est\u00e1ndares para la protecci\u00f3n de datos, la seguridad digital y la innovaci\u00f3n tecnol\u00f3gica en sectores productivos.<\/p>\n<p>&nbsp;<\/p>\n<p style=\"text-align: center;\"><em><strong>\u00a1Informaci\u00f3n que transforma!<\/strong><\/em><\/p>\n","protected":false},"excerpt":{"rendered":"<p>El Gobierno de M\u00e9xico, a trav\u00e9s de la Secretar\u00eda de Econom\u00eda, public\u00f3 en el Diario Oficial de la Federaci\u00f3n el Programa Nacional de Infraestructura de la Calidad (PNIC) 2025.<\/p>\n","protected":false},"author":3,"featured_media":11878,"comment_status":"open","ping_status":"open","sticky":false,"template":"","format":"standard","meta":{"footnotes":""},"categories":[5,88,58],"tags":[3475,3336,141,3474],"class_list":["post-11877","post","type-post","status-publish","format-standard","has-post-thumbnail","hentry","category-economia","category-nacional","category-ultima-hora","tag-calidadmexico","tag-competitividad","tag-economia","tag-pnic2025"],"yoast_head":"<!-- This site is optimized with the Yoast SEO plugin v25.0 - https:\/\/yoast.com\/wordpress\/plugins\/seo\/ -->\n<title>M\u00e9xico apuesta por la calidad publican el Programa Nacional de Infraestructura de la Calidad 2025 | Nexo Informativo Santiago de Quer\u00e9taro<\/title>\n<meta name=\"description\" content=\"M\u00e9xico apuesta por la calidad publican el Programa Nacional de Infraestructura de la Calidad 2025\" \/>\n<meta name=\"robots\" content=\"index, follow, max-snippet:-1, max-image-preview:large, max-video-preview:-1\" \/>\n<link rel=\"canonical\" href=\"https:\/\/www.nexoinformativo.mx\/index.php\/2025\/02\/20\/mexico-apuesta-por-la-calidad-publican-el-programa-nacional-de-infraestructura-de-la-calidad-2025\/\" \/>\n<meta property=\"og:locale\" content=\"es_MX\" \/>\n<meta property=\"og:type\" content=\"article\" \/>\n<meta property=\"og:title\" content=\"M\u00e9xico apuesta por la calidad publican el Programa Nacional de Infraestructura de la Calidad 2025 | Nexo Informativo Santiago de Quer\u00e9taro\" \/>\n<meta property=\"og:description\" content=\"M\u00e9xico apuesta por la calidad publican el Programa Nacional de Infraestructura de la Calidad 2025\" \/>\n<meta property=\"og:url\" content=\"https:\/\/www.nexoinformativo.mx\/index.php\/2025\/02\/20\/mexico-apuesta-por-la-calidad-publican-el-programa-nacional-de-infraestructura-de-la-calidad-2025\/\" \/>\n<meta property=\"og:site_name\" content=\"Nexo Informativo Santiago de Quer\u00e9taro\" \/>\n<meta property=\"article:publisher\" content=\"https:\/\/www.facebook.com\/people\/Nexo-Informativo\/61564066885511\/\" \/>\n<meta property=\"article:published_time\" content=\"2025-02-20T13:30:15+00:00\" \/>\n<meta property=\"article:modified_time\" content=\"2025-02-20T18:18:12+00:00\" \/>\n<meta property=\"og:image\" content=\"https:\/\/www.nexoinformativo.mx\/wp-content\/uploads\/2025\/02\/IMG_0942.jpg\" \/>\n\t<meta property=\"og:image:width\" content=\"650\" \/>\n\t<meta property=\"og:image:height\" content=\"380\" \/>\n\t<meta property=\"og:image:type\" content=\"image\/jpeg\" \/>\n<meta name=\"author\" content=\"Nexo Informativo\" \/>\n<meta name=\"twitter:card\" content=\"summary_large_image\" \/>\n<meta name=\"twitter:label1\" content=\"Escrito por\" \/>\n\t<meta name=\"twitter:data1\" content=\"Nexo Informativo\" \/>\n\t<meta name=\"twitter:label2\" content=\"Tiempo de lectura\" \/>\n\t<meta name=\"twitter:data2\" content=\"2 minutos\" \/>\n<script type=\"application\/ld+json\" class=\"yoast-schema-graph\">{\"@context\":\"https:\/\/schema.org\",\"@graph\":[{\"@type\":\"Article\",\"@id\":\"https:\/\/www.nexoinformativo.mx\/index.php\/2025\/02\/20\/mexico-apuesta-por-la-calidad-publican-el-programa-nacional-de-infraestructura-de-la-calidad-2025\/#article\",\"isPartOf\":{\"@id\":\"https:\/\/www.nexoinformativo.mx\/index.php\/2025\/02\/20\/mexico-apuesta-por-la-calidad-publican-el-programa-nacional-de-infraestructura-de-la-calidad-2025\/\"},\"author\":{\"name\":\"Nexo Informativo\",\"@id\":\"https:\/\/www.nexoinformativo.mx\/#\/schema\/person\/7749d380ba08c8ca00d7bc76fd907b7d\"},\"headline\":\"M\u00e9xico apuesta por la calidad publican el Programa Nacional de Infraestructura de la Calidad 2025\",\"datePublished\":\"2025-02-20T13:30:15+00:00\",\"dateModified\":\"2025-02-20T18:18:12+00:00\",\"mainEntityOfPage\":{\"@id\":\"https:\/\/www.nexoinformativo.mx\/index.php\/2025\/02\/20\/mexico-apuesta-por-la-calidad-publican-el-programa-nacional-de-infraestructura-de-la-calidad-2025\/\"},\"wordCount\":306,\"commentCount\":0,\"publisher\":{\"@id\":\"https:\/\/www.nexoinformativo.mx\/#organization\"},\"image\":{\"@id\":\"https:\/\/www.nexoinformativo.mx\/index.php\/2025\/02\/20\/mexico-apuesta-por-la-calidad-publican-el-programa-nacional-de-infraestructura-de-la-calidad-2025\/#primaryimage\"},\"thumbnailUrl\":\"https:\/\/www.nexoinformativo.mx\/wp-content\/uploads\/2025\/02\/IMG_0942.jpg\",\"keywords\":[\"CalidadM\u00e9xico\",\"Competitividad\",\"Economia\",\"PNIC2025\"],\"articleSection\":[\"Econom\u00eda\",\"Nacional\",\"\u00daltima Hora\"],\"inLanguage\":\"es\",\"potentialAction\":[{\"@type\":\"CommentAction\",\"name\":\"Comment\",\"target\":[\"https:\/\/www.nexoinformativo.mx\/index.php\/2025\/02\/20\/mexico-apuesta-por-la-calidad-publican-el-programa-nacional-de-infraestructura-de-la-calidad-2025\/#respond\"]}]},{\"@type\":\"WebPage\",\"@id\":\"https:\/\/www.nexoinformativo.mx\/index.php\/2025\/02\/20\/mexico-apuesta-por-la-calidad-publican-el-programa-nacional-de-infraestructura-de-la-calidad-2025\/\",\"url\":\"https:\/\/www.nexoinformativo.mx\/index.php\/2025\/02\/20\/mexico-apuesta-por-la-calidad-publican-el-programa-nacional-de-infraestructura-de-la-calidad-2025\/\",\"name\":\"M\u00e9xico apuesta por la calidad publican el Programa Nacional de Infraestructura de la Calidad 2025 | Nexo Informativo Santiago de Quer\u00e9taro\",\"isPartOf\":{\"@id\":\"https:\/\/www.nexoinformativo.mx\/#website\"},\"primaryImageOfPage\":{\"@id\":\"https:\/\/www.nexoinformativo.mx\/index.php\/2025\/02\/20\/mexico-apuesta-por-la-calidad-publican-el-programa-nacional-de-infraestructura-de-la-calidad-2025\/#primaryimage\"},\"image\":{\"@id\":\"https:\/\/www.nexoinformativo.mx\/index.php\/2025\/02\/20\/mexico-apuesta-por-la-calidad-publican-el-programa-nacional-de-infraestructura-de-la-calidad-2025\/#primaryimage\"},\"thumbnailUrl\":\"https:\/\/www.nexoinformativo.mx\/wp-content\/uploads\/2025\/02\/IMG_0942.jpg\",\"datePublished\":\"2025-02-20T13:30:15+00:00\",\"dateModified\":\"2025-02-20T18:18:12+00:00\",\"description\":\"M\u00e9xico apuesta por la calidad publican el Programa Nacional de Infraestructura de la Calidad 2025\",\"breadcrumb\":{\"@id\":\"https:\/\/www.nexoinformativo.mx\/index.php\/2025\/02\/20\/mexico-apuesta-por-la-calidad-publican-el-programa-nacional-de-infraestructura-de-la-calidad-2025\/#breadcrumb\"},\"inLanguage\":\"es\",\"potentialAction\":[{\"@type\":\"ReadAction\",\"target\":[\"https:\/\/www.nexoinformativo.mx\/index.php\/2025\/02\/20\/mexico-apuesta-por-la-calidad-publican-el-programa-nacional-de-infraestructura-de-la-calidad-2025\/\"]}]},{\"@type\":\"ImageObject\",\"inLanguage\":\"es\",\"@id\":\"https:\/\/www.nexoinformativo.mx\/index.php\/2025\/02\/20\/mexico-apuesta-por-la-calidad-publican-el-programa-nacional-de-infraestructura-de-la-calidad-2025\/#primaryimage\",\"url\":\"https:\/\/www.nexoinformativo.mx\/wp-content\/uploads\/2025\/02\/IMG_0942.jpg\",\"contentUrl\":\"https:\/\/www.nexoinformativo.mx\/wp-content\/uploads\/2025\/02\/IMG_0942.jpg\",\"width\":650,\"height\":380},{\"@type\":\"BreadcrumbList\",\"@id\":\"https:\/\/www.nexoinformativo.mx\/index.php\/2025\/02\/20\/mexico-apuesta-por-la-calidad-publican-el-programa-nacional-de-infraestructura-de-la-calidad-2025\/#breadcrumb\",\"itemListElement\":[{\"@type\":\"ListItem\",\"position\":1,\"name\":\"Inicio\",\"item\":\"https:\/\/www.nexoinformativo.mx\/\"},{\"@type\":\"ListItem\",\"position\":2,\"name\":\"M\u00e9xico apuesta por la calidad publican el Programa Nacional de Infraestructura de la Calidad 2025\"}]},{\"@type\":\"WebSite\",\"@id\":\"https:\/\/www.nexoinformativo.mx\/#website\",\"url\":\"https:\/\/www.nexoinformativo.mx\/\",\"name\":\"Nexo Informativo Santiago de Quer\u00e9taro\",\"description\":\"Explora NexoInformativo y convi\u00e9rtete en parte de una comunidad que valora el conocimiento y la verdad. Tu nexoinformativo es tu puente hacia una comprensi\u00f3n m\u00e1s profunda del mundo que te rodea.\",\"publisher\":{\"@id\":\"https:\/\/www.nexoinformativo.mx\/#organization\"},\"potentialAction\":[{\"@type\":\"SearchAction\",\"target\":{\"@type\":\"EntryPoint\",\"urlTemplate\":\"https:\/\/www.nexoinformativo.mx\/?s={search_term_string}\"},\"query-input\":{\"@type\":\"PropertyValueSpecification\",\"valueRequired\":true,\"valueName\":\"search_term_string\"}}],\"inLanguage\":\"es\"},{\"@type\":\"Organization\",\"@id\":\"https:\/\/www.nexoinformativo.mx\/#organization\",\"name\":\"Nexo Informativo Santiago de Quer\u00e9taro\",\"url\":\"https:\/\/www.nexoinformativo.mx\/\",\"logo\":{\"@type\":\"ImageObject\",\"inLanguage\":\"es\",\"@id\":\"https:\/\/www.nexoinformativo.mx\/#\/schema\/logo\/image\/\",\"url\":\"https:\/\/www.nexoinformativo.mx\/wp-content\/uploads\/2024\/07\/nexoi-trasparente-2.png\",\"contentUrl\":\"https:\/\/www.nexoinformativo.mx\/wp-content\/uploads\/2024\/07\/nexoi-trasparente-2.png\",\"width\":816,\"height\":339,\"caption\":\"Nexo Informativo Santiago de Quer\u00e9taro\"},\"image\":{\"@id\":\"https:\/\/www.nexoinformativo.mx\/#\/schema\/logo\/image\/\"},\"sameAs\":[\"https:\/\/www.facebook.com\/people\/Nexo-Informativo\/61564066885511\/\"]},{\"@type\":\"Person\",\"@id\":\"https:\/\/www.nexoinformativo.mx\/#\/schema\/person\/7749d380ba08c8ca00d7bc76fd907b7d\",\"name\":\"Nexo Informativo\",\"image\":{\"@type\":\"ImageObject\",\"inLanguage\":\"es\",\"@id\":\"https:\/\/www.nexoinformativo.mx\/#\/schema\/person\/image\/\",\"url\":\"https:\/\/secure.gravatar.com\/avatar\/dde2928154642a13d95f87ddf1ea9718fe2b46760a005c53e41ff5ad610704e6?s=96&d=mm&r=g\",\"contentUrl\":\"https:\/\/secure.gravatar.com\/avatar\/dde2928154642a13d95f87ddf1ea9718fe2b46760a005c53e41ff5ad610704e6?s=96&d=mm&r=g\",\"caption\":\"Nexo Informativo\"},\"url\":\"https:\/\/www.nexoinformativo.mx\/index.php\/author\/edicion\/\"}]}<\/script>\n<!-- \/ Yoast SEO plugin. -->","yoast_head_json":{"title":"M\u00e9xico apuesta por la calidad publican el Programa Nacional de Infraestructura de la Calidad 2025 | Nexo Informativo Santiago de Quer\u00e9taro","description":"M\u00e9xico apuesta por la calidad publican el Programa Nacional de Infraestructura de la Calidad 2025","robots":{"index":"index","follow":"follow","max-snippet":"max-snippet:-1","max-image-preview":"max-image-preview:large","max-video-preview":"max-video-preview:-1"},"canonical":"https:\/\/www.nexoinformativo.mx\/index.php\/2025\/02\/20\/mexico-apuesta-por-la-calidad-publican-el-programa-nacional-de-infraestructura-de-la-calidad-2025\/","og_locale":"es_MX","og_type":"article","og_title":"M\u00e9xico apuesta por la calidad publican el Programa Nacional de Infraestructura de la Calidad 2025 | Nexo Informativo Santiago de Quer\u00e9taro","og_description":"M\u00e9xico apuesta por la calidad publican el Programa Nacional de Infraestructura de la Calidad 2025","og_url":"https:\/\/www.nexoinformativo.mx\/index.php\/2025\/02\/20\/mexico-apuesta-por-la-calidad-publican-el-programa-nacional-de-infraestructura-de-la-calidad-2025\/","og_site_name":"Nexo Informativo Santiago de Quer\u00e9taro","article_publisher":"https:\/\/www.facebook.com\/people\/Nexo-Informativo\/61564066885511\/","article_published_time":"2025-02-20T13:30:15+00:00","article_modified_time":"2025-02-20T18:18:12+00:00","og_image":[{"width":650,"height":380,"url":"https:\/\/www.nexoinformativo.mx\/wp-content\/uploads\/2025\/02\/IMG_0942.jpg","type":"image\/jpeg"}],"author":"Nexo Informativo","twitter_card":"summary_large_image","twitter_misc":{"Escrito por":"Nexo Informativo","Tiempo de lectura":"2 minutos"},"schema":{"@context":"https:\/\/schema.org","@graph":[{"@type":"Article","@id":"https:\/\/www.nexoinformativo.mx\/index.php\/2025\/02\/20\/mexico-apuesta-por-la-calidad-publican-el-programa-nacional-de-infraestructura-de-la-calidad-2025\/#article","isPartOf":{"@id":"https:\/\/www.nexoinformativo.mx\/index.php\/2025\/02\/20\/mexico-apuesta-por-la-calidad-publican-el-programa-nacional-de-infraestructura-de-la-calidad-2025\/"},"author":{"name":"Nexo Informativo","@id":"https:\/\/www.nexoinformativo.mx\/#\/schema\/person\/7749d380ba08c8ca00d7bc76fd907b7d"},"headline":"M\u00e9xico apuesta por la calidad publican el Programa Nacional de Infraestructura de la Calidad 2025","datePublished":"2025-02-20T13:30:15+00:00","dateModified":"2025-02-20T18:18:12+00:00","mainEntityOfPage":{"@id":"https:\/\/www.nexoinformativo.mx\/index.php\/2025\/02\/20\/mexico-apuesta-por-la-calidad-publican-el-programa-nacional-de-infraestructura-de-la-calidad-2025\/"},"wordCount":306,"commentCount":0,"publisher":{"@id":"https:\/\/www.nexoinformativo.mx\/#organization"},"image":{"@id":"https:\/\/www.nexoinformativo.mx\/index.php\/2025\/02\/20\/mexico-apuesta-por-la-calidad-publican-el-programa-nacional-de-infraestructura-de-la-calidad-2025\/#primaryimage"},"thumbnailUrl":"https:\/\/www.nexoinformativo.mx\/wp-content\/uploads\/2025\/02\/IMG_0942.jpg","keywords":["CalidadM\u00e9xico","Competitividad","Economia","PNIC2025"],"articleSection":["Econom\u00eda","Nacional","\u00daltima Hora"],"inLanguage":"es","potentialAction":[{"@type":"CommentAction","name":"Comment","target":["https:\/\/www.nexoinformativo.mx\/index.php\/2025\/02\/20\/mexico-apuesta-por-la-calidad-publican-el-programa-nacional-de-infraestructura-de-la-calidad-2025\/#respond"]}]},{"@type":"WebPage","@id":"https:\/\/www.nexoinformativo.mx\/index.php\/2025\/02\/20\/mexico-apuesta-por-la-calidad-publican-el-programa-nacional-de-infraestructura-de-la-calidad-2025\/","url":"https:\/\/www.nexoinformativo.mx\/index.php\/2025\/02\/20\/mexico-apuesta-por-la-calidad-publican-el-programa-nacional-de-infraestructura-de-la-calidad-2025\/","name":"M\u00e9xico apuesta por la calidad publican el Programa Nacional de Infraestructura de la Calidad 2025 | Nexo Informativo Santiago de Quer\u00e9taro","isPartOf":{"@id":"https:\/\/www.nexoinformativo.mx\/#website"},"primaryImageOfPage":{"@id":"https:\/\/www.nexoinformativo.mx\/index.php\/2025\/02\/20\/mexico-apuesta-por-la-calidad-publican-el-programa-nacional-de-infraestructura-de-la-calidad-2025\/#primaryimage"},"image":{"@id":"https:\/\/www.nexoinformativo.mx\/index.php\/2025\/02\/20\/mexico-apuesta-por-la-calidad-publican-el-programa-nacional-de-infraestructura-de-la-calidad-2025\/#primaryimage"},"thumbnailUrl":"https:\/\/www.nexoinformativo.mx\/wp-content\/uploads\/2025\/02\/IMG_0942.jpg","datePublished":"2025-02-20T13:30:15+00:00","dateModified":"2025-02-20T18:18:12+00:00","description":"M\u00e9xico apuesta por la calidad publican el Programa Nacional de Infraestructura de la Calidad 2025","breadcrumb":{"@id":"https:\/\/www.nexoinformativo.mx\/index.php\/2025\/02\/20\/mexico-apuesta-por-la-calidad-publican-el-programa-nacional-de-infraestructura-de-la-calidad-2025\/#breadcrumb"},"inLanguage":"es","potentialAction":[{"@type":"ReadAction","target":["https:\/\/www.nexoinformativo.mx\/index.php\/2025\/02\/20\/mexico-apuesta-por-la-calidad-publican-el-programa-nacional-de-infraestructura-de-la-calidad-2025\/"]}]},{"@type":"ImageObject","inLanguage":"es","@id":"https:\/\/www.nexoinformativo.mx\/index.php\/2025\/02\/20\/mexico-apuesta-por-la-calidad-publican-el-programa-nacional-de-infraestructura-de-la-calidad-2025\/#primaryimage","url":"https:\/\/www.nexoinformativo.mx\/wp-content\/uploads\/2025\/02\/IMG_0942.jpg","contentUrl":"https:\/\/www.nexoinformativo.mx\/wp-content\/uploads\/2025\/02\/IMG_0942.jpg","width":650,"height":380},{"@type":"BreadcrumbList","@id":"https:\/\/www.nexoinformativo.mx\/index.php\/2025\/02\/20\/mexico-apuesta-por-la-calidad-publican-el-programa-nacional-de-infraestructura-de-la-calidad-2025\/#breadcrumb","itemListElement":[{"@type":"ListItem","position":1,"name":"Inicio","item":"https:\/\/www.nexoinformativo.mx\/"},{"@type":"ListItem","position":2,"name":"M\u00e9xico apuesta por la calidad publican el Programa Nacional de Infraestructura de la Calidad 2025"}]},{"@type":"WebSite","@id":"https:\/\/www.nexoinformativo.mx\/#website","url":"https:\/\/www.nexoinformativo.mx\/","name":"Nexo Informativo Santiago de Quer\u00e9taro","description":"Explora NexoInformativo y convi\u00e9rtete en parte de una comunidad que valora el conocimiento y la verdad. Tu nexoinformativo es tu puente hacia una comprensi\u00f3n m\u00e1s profunda del mundo que te rodea.","publisher":{"@id":"https:\/\/www.nexoinformativo.mx\/#organization"},"potentialAction":[{"@type":"SearchAction","target":{"@type":"EntryPoint","urlTemplate":"https:\/\/www.nexoinformativo.mx\/?s={search_term_string}"},"query-input":{"@type":"PropertyValueSpecification","valueRequired":true,"valueName":"search_term_string"}}],"inLanguage":"es"},{"@type":"Organization","@id":"https:\/\/www.nexoinformativo.mx\/#organization","name":"Nexo Informativo Santiago de Quer\u00e9taro","url":"https:\/\/www.nexoinformativo.mx\/","logo":{"@type":"ImageObject","inLanguage":"es","@id":"https:\/\/www.nexoinformativo.mx\/#\/schema\/logo\/image\/","url":"https:\/\/www.nexoinformativo.mx\/wp-content\/uploads\/2024\/07\/nexoi-trasparente-2.png","contentUrl":"https:\/\/www.nexoinformativo.mx\/wp-content\/uploads\/2024\/07\/nexoi-trasparente-2.png","width":816,"height":339,"caption":"Nexo Informativo Santiago de Quer\u00e9taro"},"image":{"@id":"https:\/\/www.nexoinformativo.mx\/#\/schema\/logo\/image\/"},"sameAs":["https:\/\/www.facebook.com\/people\/Nexo-Informativo\/61564066885511\/"]},{"@type":"Person","@id":"https:\/\/www.nexoinformativo.mx\/#\/schema\/person\/7749d380ba08c8ca00d7bc76fd907b7d","name":"Nexo Informativo","image":{"@type":"ImageObject","inLanguage":"es","@id":"https:\/\/www.nexoinformativo.mx\/#\/schema\/person\/image\/","url":"https:\/\/secure.gravatar.com\/avatar\/dde2928154642a13d95f87ddf1ea9718fe2b46760a005c53e41ff5ad610704e6?s=96&d=mm&r=g","contentUrl":"https:\/\/secure.gravatar.com\/avatar\/dde2928154642a13d95f87ddf1ea9718fe2b46760a005c53e41ff5ad610704e6?s=96&d=mm&r=g","caption":"Nexo Informativo"},"url":"https:\/\/www.nexoinformativo.mx\/index.php\/author\/edicion\/"}]}},"_links":{"self":[{"href":"https:\/\/www.nexoinformativo.mx\/index.php\/wp-json\/wp\/v2\/posts\/11877","targetHints":{"allow":["GET"]}}],"collection":[{"href":"https:\/\/www.nexoinformativo.mx\/index.php\/wp-json\/wp\/v2\/posts"}],"about":[{"href":"https:\/\/www.nexoinformativo.mx\/index.php\/wp-json\/wp\/v2\/types\/post"}],"author":[{"embeddable":true,"href":"https:\/\/www.nexoinformativo.mx\/index.php\/wp-json\/wp\/v2\/users\/3"}],"replies":[{"embeddable":true,"href":"https:\/\/www.nexoinformativo.mx\/index.php\/wp-json\/wp\/v2\/comments?post=11877"}],"version-history":[{"count":5,"href":"https:\/\/www.nexoinformativo.mx\/index.php\/wp-json\/wp\/v2\/posts\/11877\/revisions"}],"predecessor-version":[{"id":11881,"href":"https:\/\/www.nexoinformativo.mx\/index.php\/wp-json\/wp\/v2\/posts\/11877\/revisions\/11881"}],"wp:featuredmedia":[{"embeddable":true,"href":"https:\/\/www.nexoinformativo.mx\/index.php\/wp-json\/wp\/v2\/media\/11878"}],"wp:attachment":[{"href":"https:\/\/www.nexoinformativo.mx\/index.php\/wp-json\/wp\/v2\/media?parent=11877"}],"wp:term":[{"taxonomy":"category","embeddable":true,"href":"https:\/\/www.nexoinformativo.mx\/index.php\/wp-json\/wp\/v2\/categories?post=11877"},{"taxonomy":"post_tag","embeddable":true,"href":"https:\/\/www.nexoinformativo.mx\/index.php\/wp-json\/wp\/v2\/tags?post=11877"}],"curies":[{"name":"wp","href":"https:\/\/api.w.org\/{rel}","templated":true}]}}