{"id":11884,"date":"2025-02-20T08:00:52","date_gmt":"2025-02-20T14:00:52","guid":{"rendered":"https:\/\/www.nexoinformativo.mx\/?p=11884"},"modified":"2025-02-20T12:23:48","modified_gmt":"2025-02-20T18:23:48","slug":"mauricio-kuri-presenta-iniciativa-para-regular-acceso-de-menores-a-redes-sociales-en-el-senado","status":"publish","type":"post","link":"https:\/\/www.nexoinformativo.mx\/index.php\/2025\/02\/20\/mauricio-kuri-presenta-iniciativa-para-regular-acceso-de-menores-a-redes-sociales-en-el-senado\/","title":{"rendered":"Mauricio Kuri presenta iniciativa para regular acceso de menores a redes sociales en el Senado"},"content":{"rendered":"<p style=\"text-align: justify;\">El gobernador de Quer\u00e9taro, Mauricio Kuri, sostuvo un encuentro con Senadoras y Senadores de la Rep\u00fablica, donde present\u00f3 una iniciativa para proteger a ni\u00f1as, ni\u00f1os y adolescentes de los riesgos asociados al entorno digital.<\/p>\n<\/p>\n<p>&nbsp;<\/p>\n<p style=\"text-align: justify;\">Kuri expuso que la propuesta busca regular el acceso de menores de 14 a\u00f1os a redes sociales y establecer la supervisi\u00f3n parental para adolescentes de 15 a 17 a\u00f1os.<\/p>\n<\/p>\n<p>&nbsp;<\/p>\n<p style=\"text-align: justify;\">Durante su jornada en el Congreso de la Uni\u00f3n, Kuri convoc\u00f3 a las y los legisladores federales a adoptar este paquete de medidas, que tambi\u00e9n impulsa el aumento de sanciones a delitos digitales contra pederastas y acosadores.<\/p>\n<\/p>\n<p>&nbsp;<\/p>\n<p style=\"text-align: justify;\">El mandatario destac\u00f3 la colaboraci\u00f3n con el sector educativo, padres de familia y plataformas digitales como Instagram y Facebook.<\/p>\n<\/p>\n<p>&nbsp;<\/p>\n<p style=\"text-align: justify;\">Kuri subray\u00f3 la importancia de propiciar un debate nacional sobre la protecci\u00f3n de menores en el entorno digital, calificando la propuesta como perfectible y crucial para garantizar la seguridad y bienestar de los j\u00f3venes en el uso de redes sociales.<\/p>\n<\/p>\n<p>&nbsp;<\/p>\n<p style=\"text-align: center;\"><em><strong>\u00a1Informaci\u00f3n que transforma!<\/strong><\/em><\/p>\n","protected":false},"excerpt":{"rendered":"<p>El gobernador de Quer\u00e9taro, Mauricio Kuri, sostuvo un encuentro con Senadoras y Senadores de la Rep\u00fablica, donde present\u00f3 una iniciativa para proteger a ni\u00f1as, ni\u00f1os y adolescentes de los riesgos asociados al entorno digital.<\/p>\n","protected":false},"author":3,"featured_media":11885,"comment_status":"open","ping_status":"open","sticky":false,"template":"","format":"standard","meta":{"footnotes":""},"categories":[88,21,58],"tags":[661,3476,3478,3477],"class_list":["post-11884","post","type-post","status-publish","format-standard","has-post-thumbnail","hentry","category-nacional","category-politica","category-ultima-hora","tag-mauriciokuri","tag-protecciondigital","tag-seguridadenredes","tag-senadomx"],"yoast_head":"<!-- This site is optimized with the Yoast SEO plugin v25.0 - https:\/\/yoast.com\/wordpress\/plugins\/seo\/ -->\n<title>Mauricio Kuri presenta iniciativa para regular acceso de menores a redes sociales en el Senado | Nexo Informativo Santiago de Quer\u00e9taro<\/title>\n<meta name=\"description\" content=\"Mauricio Kuri presenta iniciativa para regular acceso de menores a redes sociales en el Senado\" \/>\n<meta name=\"robots\" content=\"index, follow, max-snippet:-1, max-image-preview:large, max-video-preview:-1\" \/>\n<link rel=\"canonical\" href=\"https:\/\/www.nexoinformativo.mx\/index.php\/2025\/02\/20\/mauricio-kuri-presenta-iniciativa-para-regular-acceso-de-menores-a-redes-sociales-en-el-senado\/\" \/>\n<meta property=\"og:locale\" content=\"es_MX\" \/>\n<meta property=\"og:type\" content=\"article\" \/>\n<meta property=\"og:title\" content=\"Mauricio Kuri presenta iniciativa para regular acceso de menores a redes sociales en el Senado | Nexo Informativo Santiago de Quer\u00e9taro\" \/>\n<meta property=\"og:description\" content=\"Mauricio Kuri presenta iniciativa para regular acceso de menores a redes sociales en el Senado\" \/>\n<meta property=\"og:url\" content=\"https:\/\/www.nexoinformativo.mx\/index.php\/2025\/02\/20\/mauricio-kuri-presenta-iniciativa-para-regular-acceso-de-menores-a-redes-sociales-en-el-senado\/\" \/>\n<meta property=\"og:site_name\" content=\"Nexo Informativo Santiago de Quer\u00e9taro\" \/>\n<meta property=\"article:publisher\" content=\"https:\/\/www.facebook.com\/people\/Nexo-Informativo\/61564066885511\/\" \/>\n<meta property=\"article:published_time\" content=\"2025-02-20T14:00:52+00:00\" \/>\n<meta property=\"article:modified_time\" content=\"2025-02-20T18:23:48+00:00\" \/>\n<meta property=\"og:image\" content=\"https:\/\/www.nexoinformativo.mx\/wp-content\/uploads\/2025\/02\/PHOTO-2025-02-20-11-47-07-e1740075784638.jpg\" \/>\n\t<meta property=\"og:image:width\" content=\"800\" \/>\n\t<meta property=\"og:image:height\" content=\"533\" \/>\n\t<meta property=\"og:image:type\" content=\"image\/jpeg\" \/>\n<meta name=\"author\" content=\"Nexo Informativo\" \/>\n<meta name=\"twitter:card\" content=\"summary_large_image\" \/>\n<meta name=\"twitter:label1\" content=\"Escrito por\" \/>\n\t<meta name=\"twitter:data1\" content=\"Nexo Informativo\" \/>\n\t<meta name=\"twitter:label2\" content=\"Tiempo de lectura\" \/>\n\t<meta name=\"twitter:data2\" content=\"1 minuto\" \/>\n<script type=\"application\/ld+json\" class=\"yoast-schema-graph\">{\"@context\":\"https:\/\/schema.org\",\"@graph\":[{\"@type\":\"Article\",\"@id\":\"https:\/\/www.nexoinformativo.mx\/index.php\/2025\/02\/20\/mauricio-kuri-presenta-iniciativa-para-regular-acceso-de-menores-a-redes-sociales-en-el-senado\/#article\",\"isPartOf\":{\"@id\":\"https:\/\/www.nexoinformativo.mx\/index.php\/2025\/02\/20\/mauricio-kuri-presenta-iniciativa-para-regular-acceso-de-menores-a-redes-sociales-en-el-senado\/\"},\"author\":{\"name\":\"Nexo Informativo\",\"@id\":\"https:\/\/www.nexoinformativo.mx\/#\/schema\/person\/7749d380ba08c8ca00d7bc76fd907b7d\"},\"headline\":\"Mauricio Kuri presenta iniciativa para regular acceso de menores a redes sociales en el Senado\",\"datePublished\":\"2025-02-20T14:00:52+00:00\",\"dateModified\":\"2025-02-20T18:23:48+00:00\",\"mainEntityOfPage\":{\"@id\":\"https:\/\/www.nexoinformativo.mx\/index.php\/2025\/02\/20\/mauricio-kuri-presenta-iniciativa-para-regular-acceso-de-menores-a-redes-sociales-en-el-senado\/\"},\"wordCount\":192,\"commentCount\":0,\"publisher\":{\"@id\":\"https:\/\/www.nexoinformativo.mx\/#organization\"},\"image\":{\"@id\":\"https:\/\/www.nexoinformativo.mx\/index.php\/2025\/02\/20\/mauricio-kuri-presenta-iniciativa-para-regular-acceso-de-menores-a-redes-sociales-en-el-senado\/#primaryimage\"},\"thumbnailUrl\":\"https:\/\/www.nexoinformativo.mx\/wp-content\/uploads\/2025\/02\/PHOTO-2025-02-20-11-47-07-e1740075784638.jpg\",\"keywords\":[\"MauricioKuri\",\"Protecci\u00f3nDigital\",\"SeguridadEnRedes\",\"SenadoMX\"],\"articleSection\":[\"Nacional\",\"Pol\u00edtica\",\"\u00daltima Hora\"],\"inLanguage\":\"es\",\"potentialAction\":[{\"@type\":\"CommentAction\",\"name\":\"Comment\",\"target\":[\"https:\/\/www.nexoinformativo.mx\/index.php\/2025\/02\/20\/mauricio-kuri-presenta-iniciativa-para-regular-acceso-de-menores-a-redes-sociales-en-el-senado\/#respond\"]}]},{\"@type\":\"WebPage\",\"@id\":\"https:\/\/www.nexoinformativo.mx\/index.php\/2025\/02\/20\/mauricio-kuri-presenta-iniciativa-para-regular-acceso-de-menores-a-redes-sociales-en-el-senado\/\",\"url\":\"https:\/\/www.nexoinformativo.mx\/index.php\/2025\/02\/20\/mauricio-kuri-presenta-iniciativa-para-regular-acceso-de-menores-a-redes-sociales-en-el-senado\/\",\"name\":\"Mauricio Kuri presenta iniciativa para regular acceso de menores a redes sociales en el Senado | Nexo Informativo Santiago de Quer\u00e9taro\",\"isPartOf\":{\"@id\":\"https:\/\/www.nexoinformativo.mx\/#website\"},\"primaryImageOfPage\":{\"@id\":\"https:\/\/www.nexoinformativo.mx\/index.php\/2025\/02\/20\/mauricio-kuri-presenta-iniciativa-para-regular-acceso-de-menores-a-redes-sociales-en-el-senado\/#primaryimage\"},\"image\":{\"@id\":\"https:\/\/www.nexoinformativo.mx\/index.php\/2025\/02\/20\/mauricio-kuri-presenta-iniciativa-para-regular-acceso-de-menores-a-redes-sociales-en-el-senado\/#primaryimage\"},\"thumbnailUrl\":\"https:\/\/www.nexoinformativo.mx\/wp-content\/uploads\/2025\/02\/PHOTO-2025-02-20-11-47-07-e1740075784638.jpg\",\"datePublished\":\"2025-02-20T14:00:52+00:00\",\"dateModified\":\"2025-02-20T18:23:48+00:00\",\"description\":\"Mauricio Kuri presenta iniciativa para regular acceso de menores a redes sociales en el Senado\",\"breadcrumb\":{\"@id\":\"https:\/\/www.nexoinformativo.mx\/index.php\/2025\/02\/20\/mauricio-kuri-presenta-iniciativa-para-regular-acceso-de-menores-a-redes-sociales-en-el-senado\/#breadcrumb\"},\"inLanguage\":\"es\",\"potentialAction\":[{\"@type\":\"ReadAction\",\"target\":[\"https:\/\/www.nexoinformativo.mx\/index.php\/2025\/02\/20\/mauricio-kuri-presenta-iniciativa-para-regular-acceso-de-menores-a-redes-sociales-en-el-senado\/\"]}]},{\"@type\":\"ImageObject\",\"inLanguage\":\"es\",\"@id\":\"https:\/\/www.nexoinformativo.mx\/index.php\/2025\/02\/20\/mauricio-kuri-presenta-iniciativa-para-regular-acceso-de-menores-a-redes-sociales-en-el-senado\/#primaryimage\",\"url\":\"https:\/\/www.nexoinformativo.mx\/wp-content\/uploads\/2025\/02\/PHOTO-2025-02-20-11-47-07-e1740075784638.jpg\",\"contentUrl\":\"https:\/\/www.nexoinformativo.mx\/wp-content\/uploads\/2025\/02\/PHOTO-2025-02-20-11-47-07-e1740075784638.jpg\",\"width\":800,\"height\":533},{\"@type\":\"BreadcrumbList\",\"@id\":\"https:\/\/www.nexoinformativo.mx\/index.php\/2025\/02\/20\/mauricio-kuri-presenta-iniciativa-para-regular-acceso-de-menores-a-redes-sociales-en-el-senado\/#breadcrumb\",\"itemListElement\":[{\"@type\":\"ListItem\",\"position\":1,\"name\":\"Inicio\",\"item\":\"https:\/\/www.nexoinformativo.mx\/\"},{\"@type\":\"ListItem\",\"position\":2,\"name\":\"Mauricio Kuri presenta iniciativa para regular acceso de menores a redes sociales en el Senado\"}]},{\"@type\":\"WebSite\",\"@id\":\"https:\/\/www.nexoinformativo.mx\/#website\",\"url\":\"https:\/\/www.nexoinformativo.mx\/\",\"name\":\"Nexo Informativo Santiago de Quer\u00e9taro\",\"description\":\"Explora NexoInformativo y convi\u00e9rtete en parte de una comunidad que valora el conocimiento y la verdad. Tu nexoinformativo es tu puente hacia una comprensi\u00f3n m\u00e1s profunda del mundo que te rodea.\",\"publisher\":{\"@id\":\"https:\/\/www.nexoinformativo.mx\/#organization\"},\"potentialAction\":[{\"@type\":\"SearchAction\",\"target\":{\"@type\":\"EntryPoint\",\"urlTemplate\":\"https:\/\/www.nexoinformativo.mx\/?s={search_term_string}\"},\"query-input\":{\"@type\":\"PropertyValueSpecification\",\"valueRequired\":true,\"valueName\":\"search_term_string\"}}],\"inLanguage\":\"es\"},{\"@type\":\"Organization\",\"@id\":\"https:\/\/www.nexoinformativo.mx\/#organization\",\"name\":\"Nexo Informativo Santiago de Quer\u00e9taro\",\"url\":\"https:\/\/www.nexoinformativo.mx\/\",\"logo\":{\"@type\":\"ImageObject\",\"inLanguage\":\"es\",\"@id\":\"https:\/\/www.nexoinformativo.mx\/#\/schema\/logo\/image\/\",\"url\":\"https:\/\/www.nexoinformativo.mx\/wp-content\/uploads\/2024\/07\/nexoi-trasparente-2.png\",\"contentUrl\":\"https:\/\/www.nexoinformativo.mx\/wp-content\/uploads\/2024\/07\/nexoi-trasparente-2.png\",\"width\":816,\"height\":339,\"caption\":\"Nexo Informativo Santiago de Quer\u00e9taro\"},\"image\":{\"@id\":\"https:\/\/www.nexoinformativo.mx\/#\/schema\/logo\/image\/\"},\"sameAs\":[\"https:\/\/www.facebook.com\/people\/Nexo-Informativo\/61564066885511\/\"]},{\"@type\":\"Person\",\"@id\":\"https:\/\/www.nexoinformativo.mx\/#\/schema\/person\/7749d380ba08c8ca00d7bc76fd907b7d\",\"name\":\"Nexo Informativo\",\"image\":{\"@type\":\"ImageObject\",\"inLanguage\":\"es\",\"@id\":\"https:\/\/www.nexoinformativo.mx\/#\/schema\/person\/image\/\",\"url\":\"https:\/\/secure.gravatar.com\/avatar\/dde2928154642a13d95f87ddf1ea9718fe2b46760a005c53e41ff5ad610704e6?s=96&d=mm&r=g\",\"contentUrl\":\"https:\/\/secure.gravatar.com\/avatar\/dde2928154642a13d95f87ddf1ea9718fe2b46760a005c53e41ff5ad610704e6?s=96&d=mm&r=g\",\"caption\":\"Nexo Informativo\"},\"url\":\"https:\/\/www.nexoinformativo.mx\/index.php\/author\/edicion\/\"}]}<\/script>\n<!-- \/ Yoast SEO plugin. -->","yoast_head_json":{"title":"Mauricio Kuri presenta iniciativa para regular acceso de menores a redes sociales en el Senado | Nexo Informativo Santiago de Quer\u00e9taro","description":"Mauricio Kuri presenta iniciativa para regular acceso de menores a redes sociales en el Senado","robots":{"index":"index","follow":"follow","max-snippet":"max-snippet:-1","max-image-preview":"max-image-preview:large","max-video-preview":"max-video-preview:-1"},"canonical":"https:\/\/www.nexoinformativo.mx\/index.php\/2025\/02\/20\/mauricio-kuri-presenta-iniciativa-para-regular-acceso-de-menores-a-redes-sociales-en-el-senado\/","og_locale":"es_MX","og_type":"article","og_title":"Mauricio Kuri presenta iniciativa para regular acceso de menores a redes sociales en el Senado | Nexo Informativo Santiago de Quer\u00e9taro","og_description":"Mauricio Kuri presenta iniciativa para regular acceso de menores a redes sociales en el Senado","og_url":"https:\/\/www.nexoinformativo.mx\/index.php\/2025\/02\/20\/mauricio-kuri-presenta-iniciativa-para-regular-acceso-de-menores-a-redes-sociales-en-el-senado\/","og_site_name":"Nexo Informativo Santiago de Quer\u00e9taro","article_publisher":"https:\/\/www.facebook.com\/people\/Nexo-Informativo\/61564066885511\/","article_published_time":"2025-02-20T14:00:52+00:00","article_modified_time":"2025-02-20T18:23:48+00:00","og_image":[{"width":800,"height":533,"url":"https:\/\/www.nexoinformativo.mx\/wp-content\/uploads\/2025\/02\/PHOTO-2025-02-20-11-47-07-e1740075784638.jpg","type":"image\/jpeg"}],"author":"Nexo Informativo","twitter_card":"summary_large_image","twitter_misc":{"Escrito por":"Nexo Informativo","Tiempo de lectura":"1 minuto"},"schema":{"@context":"https:\/\/schema.org","@graph":[{"@type":"Article","@id":"https:\/\/www.nexoinformativo.mx\/index.php\/2025\/02\/20\/mauricio-kuri-presenta-iniciativa-para-regular-acceso-de-menores-a-redes-sociales-en-el-senado\/#article","isPartOf":{"@id":"https:\/\/www.nexoinformativo.mx\/index.php\/2025\/02\/20\/mauricio-kuri-presenta-iniciativa-para-regular-acceso-de-menores-a-redes-sociales-en-el-senado\/"},"author":{"name":"Nexo Informativo","@id":"https:\/\/www.nexoinformativo.mx\/#\/schema\/person\/7749d380ba08c8ca00d7bc76fd907b7d"},"headline":"Mauricio Kuri presenta iniciativa para regular acceso de menores a redes sociales en el Senado","datePublished":"2025-02-20T14:00:52+00:00","dateModified":"2025-02-20T18:23:48+00:00","mainEntityOfPage":{"@id":"https:\/\/www.nexoinformativo.mx\/index.php\/2025\/02\/20\/mauricio-kuri-presenta-iniciativa-para-regular-acceso-de-menores-a-redes-sociales-en-el-senado\/"},"wordCount":192,"commentCount":0,"publisher":{"@id":"https:\/\/www.nexoinformativo.mx\/#organization"},"image":{"@id":"https:\/\/www.nexoinformativo.mx\/index.php\/2025\/02\/20\/mauricio-kuri-presenta-iniciativa-para-regular-acceso-de-menores-a-redes-sociales-en-el-senado\/#primaryimage"},"thumbnailUrl":"https:\/\/www.nexoinformativo.mx\/wp-content\/uploads\/2025\/02\/PHOTO-2025-02-20-11-47-07-e1740075784638.jpg","keywords":["MauricioKuri","Protecci\u00f3nDigital","SeguridadEnRedes","SenadoMX"],"articleSection":["Nacional","Pol\u00edtica","\u00daltima Hora"],"inLanguage":"es","potentialAction":[{"@type":"CommentAction","name":"Comment","target":["https:\/\/www.nexoinformativo.mx\/index.php\/2025\/02\/20\/mauricio-kuri-presenta-iniciativa-para-regular-acceso-de-menores-a-redes-sociales-en-el-senado\/#respond"]}]},{"@type":"WebPage","@id":"https:\/\/www.nexoinformativo.mx\/index.php\/2025\/02\/20\/mauricio-kuri-presenta-iniciativa-para-regular-acceso-de-menores-a-redes-sociales-en-el-senado\/","url":"https:\/\/www.nexoinformativo.mx\/index.php\/2025\/02\/20\/mauricio-kuri-presenta-iniciativa-para-regular-acceso-de-menores-a-redes-sociales-en-el-senado\/","name":"Mauricio Kuri presenta iniciativa para regular acceso de menores a redes sociales en el Senado | Nexo Informativo Santiago de Quer\u00e9taro","isPartOf":{"@id":"https:\/\/www.nexoinformativo.mx\/#website"},"primaryImageOfPage":{"@id":"https:\/\/www.nexoinformativo.mx\/index.php\/2025\/02\/20\/mauricio-kuri-presenta-iniciativa-para-regular-acceso-de-menores-a-redes-sociales-en-el-senado\/#primaryimage"},"image":{"@id":"https:\/\/www.nexoinformativo.mx\/index.php\/2025\/02\/20\/mauricio-kuri-presenta-iniciativa-para-regular-acceso-de-menores-a-redes-sociales-en-el-senado\/#primaryimage"},"thumbnailUrl":"https:\/\/www.nexoinformativo.mx\/wp-content\/uploads\/2025\/02\/PHOTO-2025-02-20-11-47-07-e1740075784638.jpg","datePublished":"2025-02-20T14:00:52+00:00","dateModified":"2025-02-20T18:23:48+00:00","description":"Mauricio Kuri presenta iniciativa para regular acceso de menores a redes sociales en el Senado","breadcrumb":{"@id":"https:\/\/www.nexoinformativo.mx\/index.php\/2025\/02\/20\/mauricio-kuri-presenta-iniciativa-para-regular-acceso-de-menores-a-redes-sociales-en-el-senado\/#breadcrumb"},"inLanguage":"es","potentialAction":[{"@type":"ReadAction","target":["https:\/\/www.nexoinformativo.mx\/index.php\/2025\/02\/20\/mauricio-kuri-presenta-iniciativa-para-regular-acceso-de-menores-a-redes-sociales-en-el-senado\/"]}]},{"@type":"ImageObject","inLanguage":"es","@id":"https:\/\/www.nexoinformativo.mx\/index.php\/2025\/02\/20\/mauricio-kuri-presenta-iniciativa-para-regular-acceso-de-menores-a-redes-sociales-en-el-senado\/#primaryimage","url":"https:\/\/www.nexoinformativo.mx\/wp-content\/uploads\/2025\/02\/PHOTO-2025-02-20-11-47-07-e1740075784638.jpg","contentUrl":"https:\/\/www.nexoinformativo.mx\/wp-content\/uploads\/2025\/02\/PHOTO-2025-02-20-11-47-07-e1740075784638.jpg","width":800,"height":533},{"@type":"BreadcrumbList","@id":"https:\/\/www.nexoinformativo.mx\/index.php\/2025\/02\/20\/mauricio-kuri-presenta-iniciativa-para-regular-acceso-de-menores-a-redes-sociales-en-el-senado\/#breadcrumb","itemListElement":[{"@type":"ListItem","position":1,"name":"Inicio","item":"https:\/\/www.nexoinformativo.mx\/"},{"@type":"ListItem","position":2,"name":"Mauricio Kuri presenta iniciativa para regular acceso de menores a redes sociales en el Senado"}]},{"@type":"WebSite","@id":"https:\/\/www.nexoinformativo.mx\/#website","url":"https:\/\/www.nexoinformativo.mx\/","name":"Nexo Informativo Santiago de Quer\u00e9taro","description":"Explora NexoInformativo y convi\u00e9rtete en parte de una comunidad que valora el conocimiento y la verdad. Tu nexoinformativo es tu puente hacia una comprensi\u00f3n m\u00e1s profunda del mundo que te rodea.","publisher":{"@id":"https:\/\/www.nexoinformativo.mx\/#organization"},"potentialAction":[{"@type":"SearchAction","target":{"@type":"EntryPoint","urlTemplate":"https:\/\/www.nexoinformativo.mx\/?s={search_term_string}"},"query-input":{"@type":"PropertyValueSpecification","valueRequired":true,"valueName":"search_term_string"}}],"inLanguage":"es"},{"@type":"Organization","@id":"https:\/\/www.nexoinformativo.mx\/#organization","name":"Nexo Informativo Santiago de Quer\u00e9taro","url":"https:\/\/www.nexoinformativo.mx\/","logo":{"@type":"ImageObject","inLanguage":"es","@id":"https:\/\/www.nexoinformativo.mx\/#\/schema\/logo\/image\/","url":"https:\/\/www.nexoinformativo.mx\/wp-content\/uploads\/2024\/07\/nexoi-trasparente-2.png","contentUrl":"https:\/\/www.nexoinformativo.mx\/wp-content\/uploads\/2024\/07\/nexoi-trasparente-2.png","width":816,"height":339,"caption":"Nexo Informativo Santiago de Quer\u00e9taro"},"image":{"@id":"https:\/\/www.nexoinformativo.mx\/#\/schema\/logo\/image\/"},"sameAs":["https:\/\/www.facebook.com\/people\/Nexo-Informativo\/61564066885511\/"]},{"@type":"Person","@id":"https:\/\/www.nexoinformativo.mx\/#\/schema\/person\/7749d380ba08c8ca00d7bc76fd907b7d","name":"Nexo Informativo","image":{"@type":"ImageObject","inLanguage":"es","@id":"https:\/\/www.nexoinformativo.mx\/#\/schema\/person\/image\/","url":"https:\/\/secure.gravatar.com\/avatar\/dde2928154642a13d95f87ddf1ea9718fe2b46760a005c53e41ff5ad610704e6?s=96&d=mm&r=g","contentUrl":"https:\/\/secure.gravatar.com\/avatar\/dde2928154642a13d95f87ddf1ea9718fe2b46760a005c53e41ff5ad610704e6?s=96&d=mm&r=g","caption":"Nexo Informativo"},"url":"https:\/\/www.nexoinformativo.mx\/index.php\/author\/edicion\/"}]}},"_links":{"self":[{"href":"https:\/\/www.nexoinformativo.mx\/index.php\/wp-json\/wp\/v2\/posts\/11884","targetHints":{"allow":["GET"]}}],"collection":[{"href":"https:\/\/www.nexoinformativo.mx\/index.php\/wp-json\/wp\/v2\/posts"}],"about":[{"href":"https:\/\/www.nexoinformativo.mx\/index.php\/wp-json\/wp\/v2\/types\/post"}],"author":[{"embeddable":true,"href":"https:\/\/www.nexoinformativo.mx\/index.php\/wp-json\/wp\/v2\/users\/3"}],"replies":[{"embeddable":true,"href":"https:\/\/www.nexoinformativo.mx\/index.php\/wp-json\/wp\/v2\/comments?post=11884"}],"version-history":[{"count":3,"href":"https:\/\/www.nexoinformativo.mx\/index.php\/wp-json\/wp\/v2\/posts\/11884\/revisions"}],"predecessor-version":[{"id":11888,"href":"https:\/\/www.nexoinformativo.mx\/index.php\/wp-json\/wp\/v2\/posts\/11884\/revisions\/11888"}],"wp:featuredmedia":[{"embeddable":true,"href":"https:\/\/www.nexoinformativo.mx\/index.php\/wp-json\/wp\/v2\/media\/11885"}],"wp:attachment":[{"href":"https:\/\/www.nexoinformativo.mx\/index.php\/wp-json\/wp\/v2\/media?parent=11884"}],"wp:term":[{"taxonomy":"category","embeddable":true,"href":"https:\/\/www.nexoinformativo.mx\/index.php\/wp-json\/wp\/v2\/categories?post=11884"},{"taxonomy":"post_tag","embeddable":true,"href":"https:\/\/www.nexoinformativo.mx\/index.php\/wp-json\/wp\/v2\/tags?post=11884"}],"curies":[{"name":"wp","href":"https:\/\/api.w.org\/{rel}","templated":true}]}}