{"id":11889,"date":"2025-02-20T08:30:05","date_gmt":"2025-02-20T14:30:05","guid":{"rendered":"https:\/\/www.nexoinformativo.mx\/?p=11889"},"modified":"2025-02-20T12:29:22","modified_gmt":"2025-02-20T18:29:22","slug":"queretaro-apoya-a-sus-emprendedores-entregaron-73-apoyos-para-impulsar-la-economia-local","status":"publish","type":"post","link":"https:\/\/www.nexoinformativo.mx\/index.php\/2025\/02\/20\/queretaro-apoya-a-sus-emprendedores-entregaron-73-apoyos-para-impulsar-la-economia-local\/","title":{"rendered":"Quer\u00e9taro apoya a sus emprendedores entregaron 73 apoyos para impulsar la econom\u00eda local"},"content":{"rendered":"<p style=\"text-align: justify;\" data-sourcepos=\"11:1-11:321\">El Gobierno de Quer\u00e9taro, a trav\u00e9s de la Secretar\u00eda de Desarrollo Sustentable (SEDESU), entreg\u00f3 73 apoyos a emprendedores queretanos, entre cr\u00e9ditos y capital semilla, con el objetivo de impulsar sus proyectos y contribuir al crecimiento econ\u00f3mico y la generaci\u00f3n de empleo en el estado.<\/p>\n<p>&nbsp;<\/p>\n<p style=\"text-align: justify;\" data-sourcepos=\"13:1-13:246\">El titular de la SEDESU, Marco Del Prete, encabez\u00f3 la ceremonia de entrega y destac\u00f3 la importancia de apoyar a los emprendedores, quienes tienen el potencial de crear grandes empresas y generar un impacto positivo en la sociedad.<\/p>\n<p>&nbsp;<\/p>\n<p style=\"text-align: justify;\" data-sourcepos=\"15:1-15:213\"><strong>&#8220;Ustedes tienen un sue\u00f1o y nuestra obligaci\u00f3n es apoyarlos como si fueran nuestros propios sue\u00f1os, impulsarlos para que alcancen lo que ustedes se planteen, los emprendedores no tienen l\u00edmites&#8221;<\/strong>, expres\u00f3 Del Prete.<\/p>\n<p>&nbsp;<\/p>\n<p style=\"text-align: justify;\" data-sourcepos=\"17:1-17:307\">En total, se entregaron 18 cr\u00e9ditos y 54 apoyos de capital semilla, que van desde 10 mil hasta 50 mil pesos. Los beneficiarios son emprendedores de diversos municipios del estado, como Quer\u00e9taro, Corregidora, El Marqu\u00e9s, Col\u00f3n, Jalpan de Serra, Landa de Matamoros, San Juan del R\u00edo, Tequisquiapan y Tolim\u00e1n.<\/p>\n<p>&nbsp;<\/p>\n<p style=\"text-align: justify;\" data-sourcepos=\"19:1-19:365\">El director del Instituto Queretano del Emprendimiento y la Innovaci\u00f3n (IQEI), Adolfo de la Isla, resalt\u00f3 el trabajo de la SEDESU para llevar estas convocatorias a los emprendedores queretanos.<\/p>\n<p>&nbsp;<\/p>\n<p style=\"text-align: justify;\" data-sourcepos=\"21:1-21:221\">Por su parte, el secretario de Desarrollo Sostenible del municipio de Quer\u00e9taro, Alejandro Sterling S\u00e1nchez, destac\u00f3 la sinergia y el trabajo en equipo de los gobiernos estatal y municipal para apoyar a los emprendedores.<\/p>\n<p>&nbsp;<\/p>\n<p style=\"text-align: justify;\" data-sourcepos=\"23:1-23:382\">Finalmente, la emprendedora Araceli Cruz, de la empresa Altar del Cielo, expres\u00f3 su agradecimiento al IQEI y al gobierno del estado por brindarles herramientas para hacer realidad sus sue\u00f1os.<\/p>\n<p>&nbsp;<\/p>\n<p style=\"text-align: justify;\" data-sourcepos=\"23:1-23:382\">&#8220;Estoy convencida de que no solo me beneficia a m\u00ed, sino a toda la sociedad en la generaci\u00f3n de empleos y de oportunidades para mejorar la calidad de vida de todos los ciudadanos&#8221;, concluy\u00f3.<\/p>\n<p>&nbsp;<\/p>\n<p style=\"text-align: center;\" data-sourcepos=\"23:1-23:382\"><em><strong>\u00a1Informaci\u00f3n que transforma!<\/strong><\/em><\/p>\n","protected":false},"excerpt":{"rendered":"<p>El Gobierno de Quer\u00e9taro, a trav\u00e9s de la Secretar\u00eda de Desarrollo Sustentable (SEDESU), entreg\u00f3 73 apoyos a emprendedores queretanos, entre cr\u00e9ditos y capital semilla, con el objetivo de impulsar sus proyectos y contribuir al crecimiento econ\u00f3mico y la generaci\u00f3n de empleo en el estado.<\/p>\n","protected":false},"author":3,"featured_media":11890,"comment_status":"open","ping_status":"open","sticky":false,"template":"","format":"standard","meta":{"footnotes":""},"categories":[1],"tags":[2021,3479,352,2020],"class_list":["post-11889","post","type-post","status-publish","format-standard","has-post-thumbnail","hentry","category-uncategorized","tag-capitalsemilla","tag-creditosparaemprendedores","tag-desarrolloeconomico","tag-emprendedoresqueretaro"],"yoast_head":"<!-- This site is optimized with the Yoast SEO plugin v25.0 - https:\/\/yoast.com\/wordpress\/plugins\/seo\/ -->\n<title>Quer\u00e9taro apoya a sus emprendedores entregaron 73 apoyos para impulsar la econom\u00eda local | Nexo Informativo Santiago de Quer\u00e9taro<\/title>\n<meta name=\"description\" content=\"Quer\u00e9taro apoya a sus emprendedores entregaron 73 apoyos para impulsar la econom\u00eda local\" \/>\n<meta name=\"robots\" content=\"index, follow, max-snippet:-1, max-image-preview:large, max-video-preview:-1\" \/>\n<link rel=\"canonical\" href=\"https:\/\/www.nexoinformativo.mx\/index.php\/2025\/02\/20\/queretaro-apoya-a-sus-emprendedores-entregaron-73-apoyos-para-impulsar-la-economia-local\/\" \/>\n<meta property=\"og:locale\" content=\"es_MX\" \/>\n<meta property=\"og:type\" content=\"article\" \/>\n<meta property=\"og:title\" content=\"Quer\u00e9taro apoya a sus emprendedores entregaron 73 apoyos para impulsar la econom\u00eda local | Nexo Informativo Santiago de Quer\u00e9taro\" \/>\n<meta property=\"og:description\" content=\"Quer\u00e9taro apoya a sus emprendedores entregaron 73 apoyos para impulsar la econom\u00eda local\" \/>\n<meta property=\"og:url\" content=\"https:\/\/www.nexoinformativo.mx\/index.php\/2025\/02\/20\/queretaro-apoya-a-sus-emprendedores-entregaron-73-apoyos-para-impulsar-la-economia-local\/\" \/>\n<meta property=\"og:site_name\" content=\"Nexo Informativo Santiago de Quer\u00e9taro\" \/>\n<meta property=\"article:publisher\" content=\"https:\/\/www.facebook.com\/people\/Nexo-Informativo\/61564066885511\/\" \/>\n<meta property=\"article:published_time\" content=\"2025-02-20T14:30:05+00:00\" \/>\n<meta property=\"article:modified_time\" content=\"2025-02-20T18:29:22+00:00\" \/>\n<meta property=\"og:image\" content=\"https:\/\/www.nexoinformativo.mx\/wp-content\/uploads\/2025\/02\/PHOTO-2025-02-20-11-52-02-e1740076113480.jpg\" \/>\n\t<meta property=\"og:image:width\" content=\"800\" \/>\n\t<meta property=\"og:image:height\" content=\"533\" \/>\n\t<meta property=\"og:image:type\" content=\"image\/jpeg\" \/>\n<meta name=\"author\" content=\"Nexo Informativo\" \/>\n<meta name=\"twitter:card\" content=\"summary_large_image\" \/>\n<meta name=\"twitter:label1\" content=\"Escrito por\" \/>\n\t<meta name=\"twitter:data1\" content=\"Nexo Informativo\" \/>\n\t<meta name=\"twitter:label2\" content=\"Tiempo de lectura\" \/>\n\t<meta name=\"twitter:data2\" content=\"2 minutos\" \/>\n<script type=\"application\/ld+json\" class=\"yoast-schema-graph\">{\"@context\":\"https:\/\/schema.org\",\"@graph\":[{\"@type\":\"Article\",\"@id\":\"https:\/\/www.nexoinformativo.mx\/index.php\/2025\/02\/20\/queretaro-apoya-a-sus-emprendedores-entregaron-73-apoyos-para-impulsar-la-economia-local\/#article\",\"isPartOf\":{\"@id\":\"https:\/\/www.nexoinformativo.mx\/index.php\/2025\/02\/20\/queretaro-apoya-a-sus-emprendedores-entregaron-73-apoyos-para-impulsar-la-economia-local\/\"},\"author\":{\"name\":\"Nexo Informativo\",\"@id\":\"https:\/\/www.nexoinformativo.mx\/#\/schema\/person\/7749d380ba08c8ca00d7bc76fd907b7d\"},\"headline\":\"Quer\u00e9taro apoya a sus emprendedores entregaron 73 apoyos para impulsar la econom\u00eda local\",\"datePublished\":\"2025-02-20T14:30:05+00:00\",\"dateModified\":\"2025-02-20T18:29:22+00:00\",\"mainEntityOfPage\":{\"@id\":\"https:\/\/www.nexoinformativo.mx\/index.php\/2025\/02\/20\/queretaro-apoya-a-sus-emprendedores-entregaron-73-apoyos-para-impulsar-la-economia-local\/\"},\"wordCount\":331,\"commentCount\":0,\"publisher\":{\"@id\":\"https:\/\/www.nexoinformativo.mx\/#organization\"},\"image\":{\"@id\":\"https:\/\/www.nexoinformativo.mx\/index.php\/2025\/02\/20\/queretaro-apoya-a-sus-emprendedores-entregaron-73-apoyos-para-impulsar-la-economia-local\/#primaryimage\"},\"thumbnailUrl\":\"https:\/\/www.nexoinformativo.mx\/wp-content\/uploads\/2025\/02\/PHOTO-2025-02-20-11-52-02-e1740076113480.jpg\",\"keywords\":[\"CapitalSemilla\",\"Cr\u00e9ditosParaEmprendedores\",\"DesarrolloEcon\u00f3mico\",\"EmprendedoresQuer\u00e9taro\"],\"articleSection\":[\"Uncategorized\"],\"inLanguage\":\"es\",\"potentialAction\":[{\"@type\":\"CommentAction\",\"name\":\"Comment\",\"target\":[\"https:\/\/www.nexoinformativo.mx\/index.php\/2025\/02\/20\/queretaro-apoya-a-sus-emprendedores-entregaron-73-apoyos-para-impulsar-la-economia-local\/#respond\"]}]},{\"@type\":\"WebPage\",\"@id\":\"https:\/\/www.nexoinformativo.mx\/index.php\/2025\/02\/20\/queretaro-apoya-a-sus-emprendedores-entregaron-73-apoyos-para-impulsar-la-economia-local\/\",\"url\":\"https:\/\/www.nexoinformativo.mx\/index.php\/2025\/02\/20\/queretaro-apoya-a-sus-emprendedores-entregaron-73-apoyos-para-impulsar-la-economia-local\/\",\"name\":\"Quer\u00e9taro apoya a sus emprendedores entregaron 73 apoyos para impulsar la econom\u00eda local | Nexo Informativo Santiago de Quer\u00e9taro\",\"isPartOf\":{\"@id\":\"https:\/\/www.nexoinformativo.mx\/#website\"},\"primaryImageOfPage\":{\"@id\":\"https:\/\/www.nexoinformativo.mx\/index.php\/2025\/02\/20\/queretaro-apoya-a-sus-emprendedores-entregaron-73-apoyos-para-impulsar-la-economia-local\/#primaryimage\"},\"image\":{\"@id\":\"https:\/\/www.nexoinformativo.mx\/index.php\/2025\/02\/20\/queretaro-apoya-a-sus-emprendedores-entregaron-73-apoyos-para-impulsar-la-economia-local\/#primaryimage\"},\"thumbnailUrl\":\"https:\/\/www.nexoinformativo.mx\/wp-content\/uploads\/2025\/02\/PHOTO-2025-02-20-11-52-02-e1740076113480.jpg\",\"datePublished\":\"2025-02-20T14:30:05+00:00\",\"dateModified\":\"2025-02-20T18:29:22+00:00\",\"description\":\"Quer\u00e9taro apoya a sus emprendedores entregaron 73 apoyos para impulsar la econom\u00eda local\",\"breadcrumb\":{\"@id\":\"https:\/\/www.nexoinformativo.mx\/index.php\/2025\/02\/20\/queretaro-apoya-a-sus-emprendedores-entregaron-73-apoyos-para-impulsar-la-economia-local\/#breadcrumb\"},\"inLanguage\":\"es\",\"potentialAction\":[{\"@type\":\"ReadAction\",\"target\":[\"https:\/\/www.nexoinformativo.mx\/index.php\/2025\/02\/20\/queretaro-apoya-a-sus-emprendedores-entregaron-73-apoyos-para-impulsar-la-economia-local\/\"]}]},{\"@type\":\"ImageObject\",\"inLanguage\":\"es\",\"@id\":\"https:\/\/www.nexoinformativo.mx\/index.php\/2025\/02\/20\/queretaro-apoya-a-sus-emprendedores-entregaron-73-apoyos-para-impulsar-la-economia-local\/#primaryimage\",\"url\":\"https:\/\/www.nexoinformativo.mx\/wp-content\/uploads\/2025\/02\/PHOTO-2025-02-20-11-52-02-e1740076113480.jpg\",\"contentUrl\":\"https:\/\/www.nexoinformativo.mx\/wp-content\/uploads\/2025\/02\/PHOTO-2025-02-20-11-52-02-e1740076113480.jpg\",\"width\":800,\"height\":533},{\"@type\":\"BreadcrumbList\",\"@id\":\"https:\/\/www.nexoinformativo.mx\/index.php\/2025\/02\/20\/queretaro-apoya-a-sus-emprendedores-entregaron-73-apoyos-para-impulsar-la-economia-local\/#breadcrumb\",\"itemListElement\":[{\"@type\":\"ListItem\",\"position\":1,\"name\":\"Inicio\",\"item\":\"https:\/\/www.nexoinformativo.mx\/\"},{\"@type\":\"ListItem\",\"position\":2,\"name\":\"Quer\u00e9taro apoya a sus emprendedores entregaron 73 apoyos para impulsar la econom\u00eda local\"}]},{\"@type\":\"WebSite\",\"@id\":\"https:\/\/www.nexoinformativo.mx\/#website\",\"url\":\"https:\/\/www.nexoinformativo.mx\/\",\"name\":\"Nexo Informativo Santiago de Quer\u00e9taro\",\"description\":\"Explora NexoInformativo y convi\u00e9rtete en parte de una comunidad que valora el conocimiento y la verdad. Tu nexoinformativo es tu puente hacia una comprensi\u00f3n m\u00e1s profunda del mundo que te rodea.\",\"publisher\":{\"@id\":\"https:\/\/www.nexoinformativo.mx\/#organization\"},\"potentialAction\":[{\"@type\":\"SearchAction\",\"target\":{\"@type\":\"EntryPoint\",\"urlTemplate\":\"https:\/\/www.nexoinformativo.mx\/?s={search_term_string}\"},\"query-input\":{\"@type\":\"PropertyValueSpecification\",\"valueRequired\":true,\"valueName\":\"search_term_string\"}}],\"inLanguage\":\"es\"},{\"@type\":\"Organization\",\"@id\":\"https:\/\/www.nexoinformativo.mx\/#organization\",\"name\":\"Nexo Informativo Santiago de Quer\u00e9taro\",\"url\":\"https:\/\/www.nexoinformativo.mx\/\",\"logo\":{\"@type\":\"ImageObject\",\"inLanguage\":\"es\",\"@id\":\"https:\/\/www.nexoinformativo.mx\/#\/schema\/logo\/image\/\",\"url\":\"https:\/\/www.nexoinformativo.mx\/wp-content\/uploads\/2024\/07\/nexoi-trasparente-2.png\",\"contentUrl\":\"https:\/\/www.nexoinformativo.mx\/wp-content\/uploads\/2024\/07\/nexoi-trasparente-2.png\",\"width\":816,\"height\":339,\"caption\":\"Nexo Informativo Santiago de Quer\u00e9taro\"},\"image\":{\"@id\":\"https:\/\/www.nexoinformativo.mx\/#\/schema\/logo\/image\/\"},\"sameAs\":[\"https:\/\/www.facebook.com\/people\/Nexo-Informativo\/61564066885511\/\"]},{\"@type\":\"Person\",\"@id\":\"https:\/\/www.nexoinformativo.mx\/#\/schema\/person\/7749d380ba08c8ca00d7bc76fd907b7d\",\"name\":\"Nexo Informativo\",\"image\":{\"@type\":\"ImageObject\",\"inLanguage\":\"es\",\"@id\":\"https:\/\/www.nexoinformativo.mx\/#\/schema\/person\/image\/\",\"url\":\"https:\/\/secure.gravatar.com\/avatar\/dde2928154642a13d95f87ddf1ea9718fe2b46760a005c53e41ff5ad610704e6?s=96&d=mm&r=g\",\"contentUrl\":\"https:\/\/secure.gravatar.com\/avatar\/dde2928154642a13d95f87ddf1ea9718fe2b46760a005c53e41ff5ad610704e6?s=96&d=mm&r=g\",\"caption\":\"Nexo Informativo\"},\"url\":\"https:\/\/www.nexoinformativo.mx\/index.php\/author\/edicion\/\"}]}<\/script>\n<!-- \/ Yoast SEO plugin. -->","yoast_head_json":{"title":"Quer\u00e9taro apoya a sus emprendedores entregaron 73 apoyos para impulsar la econom\u00eda local | Nexo Informativo Santiago de Quer\u00e9taro","description":"Quer\u00e9taro apoya a sus emprendedores entregaron 73 apoyos para impulsar la econom\u00eda local","robots":{"index":"index","follow":"follow","max-snippet":"max-snippet:-1","max-image-preview":"max-image-preview:large","max-video-preview":"max-video-preview:-1"},"canonical":"https:\/\/www.nexoinformativo.mx\/index.php\/2025\/02\/20\/queretaro-apoya-a-sus-emprendedores-entregaron-73-apoyos-para-impulsar-la-economia-local\/","og_locale":"es_MX","og_type":"article","og_title":"Quer\u00e9taro apoya a sus emprendedores entregaron 73 apoyos para impulsar la econom\u00eda local | Nexo Informativo Santiago de Quer\u00e9taro","og_description":"Quer\u00e9taro apoya a sus emprendedores entregaron 73 apoyos para impulsar la econom\u00eda local","og_url":"https:\/\/www.nexoinformativo.mx\/index.php\/2025\/02\/20\/queretaro-apoya-a-sus-emprendedores-entregaron-73-apoyos-para-impulsar-la-economia-local\/","og_site_name":"Nexo Informativo Santiago de Quer\u00e9taro","article_publisher":"https:\/\/www.facebook.com\/people\/Nexo-Informativo\/61564066885511\/","article_published_time":"2025-02-20T14:30:05+00:00","article_modified_time":"2025-02-20T18:29:22+00:00","og_image":[{"width":800,"height":533,"url":"https:\/\/www.nexoinformativo.mx\/wp-content\/uploads\/2025\/02\/PHOTO-2025-02-20-11-52-02-e1740076113480.jpg","type":"image\/jpeg"}],"author":"Nexo Informativo","twitter_card":"summary_large_image","twitter_misc":{"Escrito por":"Nexo Informativo","Tiempo de lectura":"2 minutos"},"schema":{"@context":"https:\/\/schema.org","@graph":[{"@type":"Article","@id":"https:\/\/www.nexoinformativo.mx\/index.php\/2025\/02\/20\/queretaro-apoya-a-sus-emprendedores-entregaron-73-apoyos-para-impulsar-la-economia-local\/#article","isPartOf":{"@id":"https:\/\/www.nexoinformativo.mx\/index.php\/2025\/02\/20\/queretaro-apoya-a-sus-emprendedores-entregaron-73-apoyos-para-impulsar-la-economia-local\/"},"author":{"name":"Nexo Informativo","@id":"https:\/\/www.nexoinformativo.mx\/#\/schema\/person\/7749d380ba08c8ca00d7bc76fd907b7d"},"headline":"Quer\u00e9taro apoya a sus emprendedores entregaron 73 apoyos para impulsar la econom\u00eda local","datePublished":"2025-02-20T14:30:05+00:00","dateModified":"2025-02-20T18:29:22+00:00","mainEntityOfPage":{"@id":"https:\/\/www.nexoinformativo.mx\/index.php\/2025\/02\/20\/queretaro-apoya-a-sus-emprendedores-entregaron-73-apoyos-para-impulsar-la-economia-local\/"},"wordCount":331,"commentCount":0,"publisher":{"@id":"https:\/\/www.nexoinformativo.mx\/#organization"},"image":{"@id":"https:\/\/www.nexoinformativo.mx\/index.php\/2025\/02\/20\/queretaro-apoya-a-sus-emprendedores-entregaron-73-apoyos-para-impulsar-la-economia-local\/#primaryimage"},"thumbnailUrl":"https:\/\/www.nexoinformativo.mx\/wp-content\/uploads\/2025\/02\/PHOTO-2025-02-20-11-52-02-e1740076113480.jpg","keywords":["CapitalSemilla","Cr\u00e9ditosParaEmprendedores","DesarrolloEcon\u00f3mico","EmprendedoresQuer\u00e9taro"],"articleSection":["Uncategorized"],"inLanguage":"es","potentialAction":[{"@type":"CommentAction","name":"Comment","target":["https:\/\/www.nexoinformativo.mx\/index.php\/2025\/02\/20\/queretaro-apoya-a-sus-emprendedores-entregaron-73-apoyos-para-impulsar-la-economia-local\/#respond"]}]},{"@type":"WebPage","@id":"https:\/\/www.nexoinformativo.mx\/index.php\/2025\/02\/20\/queretaro-apoya-a-sus-emprendedores-entregaron-73-apoyos-para-impulsar-la-economia-local\/","url":"https:\/\/www.nexoinformativo.mx\/index.php\/2025\/02\/20\/queretaro-apoya-a-sus-emprendedores-entregaron-73-apoyos-para-impulsar-la-economia-local\/","name":"Quer\u00e9taro apoya a sus emprendedores entregaron 73 apoyos para impulsar la econom\u00eda local | Nexo Informativo Santiago de Quer\u00e9taro","isPartOf":{"@id":"https:\/\/www.nexoinformativo.mx\/#website"},"primaryImageOfPage":{"@id":"https:\/\/www.nexoinformativo.mx\/index.php\/2025\/02\/20\/queretaro-apoya-a-sus-emprendedores-entregaron-73-apoyos-para-impulsar-la-economia-local\/#primaryimage"},"image":{"@id":"https:\/\/www.nexoinformativo.mx\/index.php\/2025\/02\/20\/queretaro-apoya-a-sus-emprendedores-entregaron-73-apoyos-para-impulsar-la-economia-local\/#primaryimage"},"thumbnailUrl":"https:\/\/www.nexoinformativo.mx\/wp-content\/uploads\/2025\/02\/PHOTO-2025-02-20-11-52-02-e1740076113480.jpg","datePublished":"2025-02-20T14:30:05+00:00","dateModified":"2025-02-20T18:29:22+00:00","description":"Quer\u00e9taro apoya a sus emprendedores entregaron 73 apoyos para impulsar la econom\u00eda local","breadcrumb":{"@id":"https:\/\/www.nexoinformativo.mx\/index.php\/2025\/02\/20\/queretaro-apoya-a-sus-emprendedores-entregaron-73-apoyos-para-impulsar-la-economia-local\/#breadcrumb"},"inLanguage":"es","potentialAction":[{"@type":"ReadAction","target":["https:\/\/www.nexoinformativo.mx\/index.php\/2025\/02\/20\/queretaro-apoya-a-sus-emprendedores-entregaron-73-apoyos-para-impulsar-la-economia-local\/"]}]},{"@type":"ImageObject","inLanguage":"es","@id":"https:\/\/www.nexoinformativo.mx\/index.php\/2025\/02\/20\/queretaro-apoya-a-sus-emprendedores-entregaron-73-apoyos-para-impulsar-la-economia-local\/#primaryimage","url":"https:\/\/www.nexoinformativo.mx\/wp-content\/uploads\/2025\/02\/PHOTO-2025-02-20-11-52-02-e1740076113480.jpg","contentUrl":"https:\/\/www.nexoinformativo.mx\/wp-content\/uploads\/2025\/02\/PHOTO-2025-02-20-11-52-02-e1740076113480.jpg","width":800,"height":533},{"@type":"BreadcrumbList","@id":"https:\/\/www.nexoinformativo.mx\/index.php\/2025\/02\/20\/queretaro-apoya-a-sus-emprendedores-entregaron-73-apoyos-para-impulsar-la-economia-local\/#breadcrumb","itemListElement":[{"@type":"ListItem","position":1,"name":"Inicio","item":"https:\/\/www.nexoinformativo.mx\/"},{"@type":"ListItem","position":2,"name":"Quer\u00e9taro apoya a sus emprendedores entregaron 73 apoyos para impulsar la econom\u00eda local"}]},{"@type":"WebSite","@id":"https:\/\/www.nexoinformativo.mx\/#website","url":"https:\/\/www.nexoinformativo.mx\/","name":"Nexo Informativo Santiago de Quer\u00e9taro","description":"Explora NexoInformativo y convi\u00e9rtete en parte de una comunidad que valora el conocimiento y la verdad. Tu nexoinformativo es tu puente hacia una comprensi\u00f3n m\u00e1s profunda del mundo que te rodea.","publisher":{"@id":"https:\/\/www.nexoinformativo.mx\/#organization"},"potentialAction":[{"@type":"SearchAction","target":{"@type":"EntryPoint","urlTemplate":"https:\/\/www.nexoinformativo.mx\/?s={search_term_string}"},"query-input":{"@type":"PropertyValueSpecification","valueRequired":true,"valueName":"search_term_string"}}],"inLanguage":"es"},{"@type":"Organization","@id":"https:\/\/www.nexoinformativo.mx\/#organization","name":"Nexo Informativo Santiago de Quer\u00e9taro","url":"https:\/\/www.nexoinformativo.mx\/","logo":{"@type":"ImageObject","inLanguage":"es","@id":"https:\/\/www.nexoinformativo.mx\/#\/schema\/logo\/image\/","url":"https:\/\/www.nexoinformativo.mx\/wp-content\/uploads\/2024\/07\/nexoi-trasparente-2.png","contentUrl":"https:\/\/www.nexoinformativo.mx\/wp-content\/uploads\/2024\/07\/nexoi-trasparente-2.png","width":816,"height":339,"caption":"Nexo Informativo Santiago de Quer\u00e9taro"},"image":{"@id":"https:\/\/www.nexoinformativo.mx\/#\/schema\/logo\/image\/"},"sameAs":["https:\/\/www.facebook.com\/people\/Nexo-Informativo\/61564066885511\/"]},{"@type":"Person","@id":"https:\/\/www.nexoinformativo.mx\/#\/schema\/person\/7749d380ba08c8ca00d7bc76fd907b7d","name":"Nexo Informativo","image":{"@type":"ImageObject","inLanguage":"es","@id":"https:\/\/www.nexoinformativo.mx\/#\/schema\/person\/image\/","url":"https:\/\/secure.gravatar.com\/avatar\/dde2928154642a13d95f87ddf1ea9718fe2b46760a005c53e41ff5ad610704e6?s=96&d=mm&r=g","contentUrl":"https:\/\/secure.gravatar.com\/avatar\/dde2928154642a13d95f87ddf1ea9718fe2b46760a005c53e41ff5ad610704e6?s=96&d=mm&r=g","caption":"Nexo Informativo"},"url":"https:\/\/www.nexoinformativo.mx\/index.php\/author\/edicion\/"}]}},"_links":{"self":[{"href":"https:\/\/www.nexoinformativo.mx\/index.php\/wp-json\/wp\/v2\/posts\/11889","targetHints":{"allow":["GET"]}}],"collection":[{"href":"https:\/\/www.nexoinformativo.mx\/index.php\/wp-json\/wp\/v2\/posts"}],"about":[{"href":"https:\/\/www.nexoinformativo.mx\/index.php\/wp-json\/wp\/v2\/types\/post"}],"author":[{"embeddable":true,"href":"https:\/\/www.nexoinformativo.mx\/index.php\/wp-json\/wp\/v2\/users\/3"}],"replies":[{"embeddable":true,"href":"https:\/\/www.nexoinformativo.mx\/index.php\/wp-json\/wp\/v2\/comments?post=11889"}],"version-history":[{"count":3,"href":"https:\/\/www.nexoinformativo.mx\/index.php\/wp-json\/wp\/v2\/posts\/11889\/revisions"}],"predecessor-version":[{"id":11893,"href":"https:\/\/www.nexoinformativo.mx\/index.php\/wp-json\/wp\/v2\/posts\/11889\/revisions\/11893"}],"wp:featuredmedia":[{"embeddable":true,"href":"https:\/\/www.nexoinformativo.mx\/index.php\/wp-json\/wp\/v2\/media\/11890"}],"wp:attachment":[{"href":"https:\/\/www.nexoinformativo.mx\/index.php\/wp-json\/wp\/v2\/media?parent=11889"}],"wp:term":[{"taxonomy":"category","embeddable":true,"href":"https:\/\/www.nexoinformativo.mx\/index.php\/wp-json\/wp\/v2\/categories?post=11889"},{"taxonomy":"post_tag","embeddable":true,"href":"https:\/\/www.nexoinformativo.mx\/index.php\/wp-json\/wp\/v2\/tags?post=11889"}],"curies":[{"name":"wp","href":"https:\/\/api.w.org\/{rel}","templated":true}]}}