{"id":11900,"date":"2025-02-20T13:00:49","date_gmt":"2025-02-20T19:00:49","guid":{"rendered":"https:\/\/www.nexoinformativo.mx\/?p=11900"},"modified":"2025-02-20T18:46:35","modified_gmt":"2025-02-21T00:46:35","slug":"queretaro-lider-en-el-sector-automotriz-anuncian-apertura-de-nuevas-agencias-en-2025","status":"publish","type":"post","link":"https:\/\/www.nexoinformativo.mx\/index.php\/2025\/02\/20\/queretaro-lider-en-el-sector-automotriz-anuncian-apertura-de-nuevas-agencias-en-2025\/","title":{"rendered":"Quer\u00e9taro, l\u00edder en el sector automotriz anuncian apertura de nuevas agencias en 2025"},"content":{"rendered":"<p style=\"text-align: justify;\" data-sourcepos=\"11:1-11:374\">Quer\u00e9taro se consolida como un referente estrat\u00e9gico para la inversi\u00f3n en el sector de distribuci\u00f3n automotriz.<\/p>\n<\/p>\n<p>&nbsp;<\/p>\n<p style=\"text-align: justify;\" data-sourcepos=\"11:1-11:374\">La presidenta de la Asociaci\u00f3n de Distribuidores de Veh\u00edculos Automotores de Quer\u00e9taro (AMDAQRO), Laura Rodr\u00edguez Miranda, anunci\u00f3 la apertura de tres nuevas agencias en el municipio de Quer\u00e9taro para el primer semestre de 2025.<\/p>\n<\/p>\n<p>&nbsp;<\/p>\n<p style=\"text-align: justify;\" data-sourcepos=\"13:1-13:341\">Estas nuevas inversiones, que suman un total de 8.3 millones de d\u00f3lares, generar\u00e1n 240 empleos directos en la regi\u00f3n.<\/p>\n<\/p>\n<p>&nbsp;<\/p>\n<p style=\"text-align: justify;\" data-sourcepos=\"13:1-13:341\">Entre las marcas que llegar\u00e1n a Quer\u00e9taro se encuentran Lincoln, que contar\u00e1 con un piso exclusivo de venta dentro de la nueva agencia de Ford, y Harley Davidson, que regresa al estado gracias a la inversi\u00f3n del Grupo Soni.<\/p>\n<\/p>\n<p>&nbsp;<\/p>\n<p style=\"text-align: justify;\" data-sourcepos=\"15:1-15:383\">Rodr\u00edguez Miranda destac\u00f3 que la confianza de los empresarios para establecer operaciones en Quer\u00e9taro se debe a la certeza jur\u00eddica y seguridad que ofrece la entidad.<\/p>\n<\/p>\n<p>&nbsp;<\/p>\n<p style=\"text-align: justify;\" data-sourcepos=\"15:1-15:383\">Estas condiciones favorables tambi\u00e9n impulsaron la llegada de 16 nuevas agencias distribuidoras de veh\u00edculos en 2024, con una inversi\u00f3n de alrededor de 64 millones de d\u00f3lares y la creaci\u00f3n de 1,200 empleos directos.<\/p>\n<\/p>\n<p>&nbsp;<\/p>\n<p style=\"text-align: justify;\" data-sourcepos=\"17:1-17:190\">&#8220;Quer\u00e9taro es una plaza importante por la certeza jur\u00eddica y de seguridad que hay, lo que permite ser un lugar donde m\u00e1s se comercializan los autos premium&#8221;, afirm\u00f3 la presidenta de AMDAQRO.<\/p>\n<\/p>\n<p>&nbsp;<\/p>\n<p style=\"text-align: justify;\" data-sourcepos=\"19:1-19:158\">En la actualidad, AMDA cuenta con 73 agencias distribuidoras de veh\u00edculos, camiones y motocicletas en Quer\u00e9taro, generando m\u00e1s de 14 mil empleos en el estado.<\/p>\n<\/p>\n<p>&nbsp;<\/p>\n<p style=\"text-align: justify;\" data-sourcepos=\"21:1-21:381\">Las marcas m\u00e1s vendidas en la entidad son Nissan, Volkswagen, General Motors, Kia y Toyota, que en conjunto concentran el 56.9% de las ventas totales.<\/p>\n<\/p>\n<p>&nbsp;<\/p>\n<p style=\"text-align: center;\" data-sourcepos=\"21:1-21:381\"><em><strong>\u00a1Informaci\u00f3n que transforma!<\/strong><\/em><\/p>\n","protected":false},"excerpt":{"rendered":"<p>Quer\u00e9taro se consolida como un referente estrat\u00e9gico para la inversi\u00f3n en el sector de distribuci\u00f3n automotriz.<\/p>\n","protected":false},"author":3,"featured_media":11901,"comment_status":"open","ping_status":"open","sticky":false,"template":"","format":"standard","meta":{"footnotes":""},"categories":[5,42,58],"tags":[3483,3484,374,670],"class_list":["post-11900","post","type-post","status-publish","format-standard","has-post-thumbnail","hentry","category-economia","category-estado","category-ultima-hora","tag-agenciasautomotrices","tag-amdaqro","tag-empleoqueretaro","tag-inversionqueretaro"],"yoast_head":"<!-- This site is optimized with the Yoast SEO plugin v25.0 - https:\/\/yoast.com\/wordpress\/plugins\/seo\/ -->\n<title>Quer\u00e9taro, l\u00edder en el sector automotriz anuncian apertura de nuevas agencias en 2025 | Nexo Informativo Santiago de Quer\u00e9taro<\/title>\n<meta name=\"description\" content=\"Quer\u00e9taro, l\u00edder en el sector automotriz anuncian apertura de nuevas agencias en 2025\" \/>\n<meta name=\"robots\" content=\"index, follow, max-snippet:-1, max-image-preview:large, max-video-preview:-1\" \/>\n<link rel=\"canonical\" href=\"https:\/\/www.nexoinformativo.mx\/index.php\/2025\/02\/20\/queretaro-lider-en-el-sector-automotriz-anuncian-apertura-de-nuevas-agencias-en-2025\/\" \/>\n<meta property=\"og:locale\" content=\"es_MX\" \/>\n<meta property=\"og:type\" content=\"article\" \/>\n<meta property=\"og:title\" content=\"Quer\u00e9taro, l\u00edder en el sector automotriz anuncian apertura de nuevas agencias en 2025 | Nexo Informativo Santiago de Quer\u00e9taro\" \/>\n<meta property=\"og:description\" content=\"Quer\u00e9taro, l\u00edder en el sector automotriz anuncian apertura de nuevas agencias en 2025\" \/>\n<meta property=\"og:url\" content=\"https:\/\/www.nexoinformativo.mx\/index.php\/2025\/02\/20\/queretaro-lider-en-el-sector-automotriz-anuncian-apertura-de-nuevas-agencias-en-2025\/\" \/>\n<meta property=\"og:site_name\" content=\"Nexo Informativo Santiago de Quer\u00e9taro\" \/>\n<meta property=\"article:publisher\" content=\"https:\/\/www.facebook.com\/people\/Nexo-Informativo\/61564066885511\/\" \/>\n<meta property=\"article:published_time\" content=\"2025-02-20T19:00:49+00:00\" \/>\n<meta property=\"article:modified_time\" content=\"2025-02-21T00:46:35+00:00\" \/>\n<meta property=\"og:image\" content=\"https:\/\/www.nexoinformativo.mx\/wp-content\/uploads\/2025\/02\/PHOTO-2025-02-20-14-41-36-e1740098753282.jpg\" \/>\n\t<meta property=\"og:image:width\" content=\"800\" \/>\n\t<meta property=\"og:image:height\" content=\"533\" \/>\n\t<meta property=\"og:image:type\" content=\"image\/jpeg\" \/>\n<meta name=\"author\" content=\"Nexo Informativo\" \/>\n<meta name=\"twitter:card\" content=\"summary_large_image\" \/>\n<meta name=\"twitter:label1\" content=\"Escrito por\" \/>\n\t<meta name=\"twitter:data1\" content=\"Nexo Informativo\" \/>\n\t<meta name=\"twitter:label2\" content=\"Tiempo de lectura\" \/>\n\t<meta name=\"twitter:data2\" content=\"2 minutos\" \/>\n<script type=\"application\/ld+json\" class=\"yoast-schema-graph\">{\"@context\":\"https:\/\/schema.org\",\"@graph\":[{\"@type\":\"Article\",\"@id\":\"https:\/\/www.nexoinformativo.mx\/index.php\/2025\/02\/20\/queretaro-lider-en-el-sector-automotriz-anuncian-apertura-de-nuevas-agencias-en-2025\/#article\",\"isPartOf\":{\"@id\":\"https:\/\/www.nexoinformativo.mx\/index.php\/2025\/02\/20\/queretaro-lider-en-el-sector-automotriz-anuncian-apertura-de-nuevas-agencias-en-2025\/\"},\"author\":{\"name\":\"Nexo Informativo\",\"@id\":\"https:\/\/www.nexoinformativo.mx\/#\/schema\/person\/7749d380ba08c8ca00d7bc76fd907b7d\"},\"headline\":\"Quer\u00e9taro, l\u00edder en el sector automotriz anuncian apertura de nuevas agencias en 2025\",\"datePublished\":\"2025-02-20T19:00:49+00:00\",\"dateModified\":\"2025-02-21T00:46:35+00:00\",\"mainEntityOfPage\":{\"@id\":\"https:\/\/www.nexoinformativo.mx\/index.php\/2025\/02\/20\/queretaro-lider-en-el-sector-automotriz-anuncian-apertura-de-nuevas-agencias-en-2025\/\"},\"wordCount\":296,\"commentCount\":0,\"publisher\":{\"@id\":\"https:\/\/www.nexoinformativo.mx\/#organization\"},\"image\":{\"@id\":\"https:\/\/www.nexoinformativo.mx\/index.php\/2025\/02\/20\/queretaro-lider-en-el-sector-automotriz-anuncian-apertura-de-nuevas-agencias-en-2025\/#primaryimage\"},\"thumbnailUrl\":\"https:\/\/www.nexoinformativo.mx\/wp-content\/uploads\/2025\/02\/PHOTO-2025-02-20-14-41-36-e1740098753282.jpg\",\"keywords\":[\"AgenciasAutomotrices\",\"AMDAQRO\",\"EmpleoQuer\u00e9taro\",\"Inversi\u00f3nQuer\u00e9taro\"],\"articleSection\":[\"Econom\u00eda\",\"Estado\",\"\u00daltima Hora\"],\"inLanguage\":\"es\",\"potentialAction\":[{\"@type\":\"CommentAction\",\"name\":\"Comment\",\"target\":[\"https:\/\/www.nexoinformativo.mx\/index.php\/2025\/02\/20\/queretaro-lider-en-el-sector-automotriz-anuncian-apertura-de-nuevas-agencias-en-2025\/#respond\"]}]},{\"@type\":\"WebPage\",\"@id\":\"https:\/\/www.nexoinformativo.mx\/index.php\/2025\/02\/20\/queretaro-lider-en-el-sector-automotriz-anuncian-apertura-de-nuevas-agencias-en-2025\/\",\"url\":\"https:\/\/www.nexoinformativo.mx\/index.php\/2025\/02\/20\/queretaro-lider-en-el-sector-automotriz-anuncian-apertura-de-nuevas-agencias-en-2025\/\",\"name\":\"Quer\u00e9taro, l\u00edder en el sector automotriz anuncian apertura de nuevas agencias en 2025 | Nexo Informativo Santiago de Quer\u00e9taro\",\"isPartOf\":{\"@id\":\"https:\/\/www.nexoinformativo.mx\/#website\"},\"primaryImageOfPage\":{\"@id\":\"https:\/\/www.nexoinformativo.mx\/index.php\/2025\/02\/20\/queretaro-lider-en-el-sector-automotriz-anuncian-apertura-de-nuevas-agencias-en-2025\/#primaryimage\"},\"image\":{\"@id\":\"https:\/\/www.nexoinformativo.mx\/index.php\/2025\/02\/20\/queretaro-lider-en-el-sector-automotriz-anuncian-apertura-de-nuevas-agencias-en-2025\/#primaryimage\"},\"thumbnailUrl\":\"https:\/\/www.nexoinformativo.mx\/wp-content\/uploads\/2025\/02\/PHOTO-2025-02-20-14-41-36-e1740098753282.jpg\",\"datePublished\":\"2025-02-20T19:00:49+00:00\",\"dateModified\":\"2025-02-21T00:46:35+00:00\",\"description\":\"Quer\u00e9taro, l\u00edder en el sector automotriz anuncian apertura de nuevas agencias en 2025\",\"breadcrumb\":{\"@id\":\"https:\/\/www.nexoinformativo.mx\/index.php\/2025\/02\/20\/queretaro-lider-en-el-sector-automotriz-anuncian-apertura-de-nuevas-agencias-en-2025\/#breadcrumb\"},\"inLanguage\":\"es\",\"potentialAction\":[{\"@type\":\"ReadAction\",\"target\":[\"https:\/\/www.nexoinformativo.mx\/index.php\/2025\/02\/20\/queretaro-lider-en-el-sector-automotriz-anuncian-apertura-de-nuevas-agencias-en-2025\/\"]}]},{\"@type\":\"ImageObject\",\"inLanguage\":\"es\",\"@id\":\"https:\/\/www.nexoinformativo.mx\/index.php\/2025\/02\/20\/queretaro-lider-en-el-sector-automotriz-anuncian-apertura-de-nuevas-agencias-en-2025\/#primaryimage\",\"url\":\"https:\/\/www.nexoinformativo.mx\/wp-content\/uploads\/2025\/02\/PHOTO-2025-02-20-14-41-36-e1740098753282.jpg\",\"contentUrl\":\"https:\/\/www.nexoinformativo.mx\/wp-content\/uploads\/2025\/02\/PHOTO-2025-02-20-14-41-36-e1740098753282.jpg\",\"width\":800,\"height\":533},{\"@type\":\"BreadcrumbList\",\"@id\":\"https:\/\/www.nexoinformativo.mx\/index.php\/2025\/02\/20\/queretaro-lider-en-el-sector-automotriz-anuncian-apertura-de-nuevas-agencias-en-2025\/#breadcrumb\",\"itemListElement\":[{\"@type\":\"ListItem\",\"position\":1,\"name\":\"Inicio\",\"item\":\"https:\/\/www.nexoinformativo.mx\/\"},{\"@type\":\"ListItem\",\"position\":2,\"name\":\"Quer\u00e9taro, l\u00edder en el sector automotriz anuncian apertura de nuevas agencias en 2025\"}]},{\"@type\":\"WebSite\",\"@id\":\"https:\/\/www.nexoinformativo.mx\/#website\",\"url\":\"https:\/\/www.nexoinformativo.mx\/\",\"name\":\"Nexo Informativo Santiago de Quer\u00e9taro\",\"description\":\"Explora NexoInformativo y convi\u00e9rtete en parte de una comunidad que valora el conocimiento y la verdad. Tu nexoinformativo es tu puente hacia una comprensi\u00f3n m\u00e1s profunda del mundo que te rodea.\",\"publisher\":{\"@id\":\"https:\/\/www.nexoinformativo.mx\/#organization\"},\"potentialAction\":[{\"@type\":\"SearchAction\",\"target\":{\"@type\":\"EntryPoint\",\"urlTemplate\":\"https:\/\/www.nexoinformativo.mx\/?s={search_term_string}\"},\"query-input\":{\"@type\":\"PropertyValueSpecification\",\"valueRequired\":true,\"valueName\":\"search_term_string\"}}],\"inLanguage\":\"es\"},{\"@type\":\"Organization\",\"@id\":\"https:\/\/www.nexoinformativo.mx\/#organization\",\"name\":\"Nexo Informativo Santiago de Quer\u00e9taro\",\"url\":\"https:\/\/www.nexoinformativo.mx\/\",\"logo\":{\"@type\":\"ImageObject\",\"inLanguage\":\"es\",\"@id\":\"https:\/\/www.nexoinformativo.mx\/#\/schema\/logo\/image\/\",\"url\":\"https:\/\/www.nexoinformativo.mx\/wp-content\/uploads\/2024\/07\/nexoi-trasparente-2.png\",\"contentUrl\":\"https:\/\/www.nexoinformativo.mx\/wp-content\/uploads\/2024\/07\/nexoi-trasparente-2.png\",\"width\":816,\"height\":339,\"caption\":\"Nexo Informativo Santiago de Quer\u00e9taro\"},\"image\":{\"@id\":\"https:\/\/www.nexoinformativo.mx\/#\/schema\/logo\/image\/\"},\"sameAs\":[\"https:\/\/www.facebook.com\/people\/Nexo-Informativo\/61564066885511\/\"]},{\"@type\":\"Person\",\"@id\":\"https:\/\/www.nexoinformativo.mx\/#\/schema\/person\/7749d380ba08c8ca00d7bc76fd907b7d\",\"name\":\"Nexo Informativo\",\"image\":{\"@type\":\"ImageObject\",\"inLanguage\":\"es\",\"@id\":\"https:\/\/www.nexoinformativo.mx\/#\/schema\/person\/image\/\",\"url\":\"https:\/\/secure.gravatar.com\/avatar\/dde2928154642a13d95f87ddf1ea9718fe2b46760a005c53e41ff5ad610704e6?s=96&d=mm&r=g\",\"contentUrl\":\"https:\/\/secure.gravatar.com\/avatar\/dde2928154642a13d95f87ddf1ea9718fe2b46760a005c53e41ff5ad610704e6?s=96&d=mm&r=g\",\"caption\":\"Nexo Informativo\"},\"url\":\"https:\/\/www.nexoinformativo.mx\/index.php\/author\/edicion\/\"}]}<\/script>\n<!-- \/ Yoast SEO plugin. -->","yoast_head_json":{"title":"Quer\u00e9taro, l\u00edder en el sector automotriz anuncian apertura de nuevas agencias en 2025 | Nexo Informativo Santiago de Quer\u00e9taro","description":"Quer\u00e9taro, l\u00edder en el sector automotriz anuncian apertura de nuevas agencias en 2025","robots":{"index":"index","follow":"follow","max-snippet":"max-snippet:-1","max-image-preview":"max-image-preview:large","max-video-preview":"max-video-preview:-1"},"canonical":"https:\/\/www.nexoinformativo.mx\/index.php\/2025\/02\/20\/queretaro-lider-en-el-sector-automotriz-anuncian-apertura-de-nuevas-agencias-en-2025\/","og_locale":"es_MX","og_type":"article","og_title":"Quer\u00e9taro, l\u00edder en el sector automotriz anuncian apertura de nuevas agencias en 2025 | Nexo Informativo Santiago de Quer\u00e9taro","og_description":"Quer\u00e9taro, l\u00edder en el sector automotriz anuncian apertura de nuevas agencias en 2025","og_url":"https:\/\/www.nexoinformativo.mx\/index.php\/2025\/02\/20\/queretaro-lider-en-el-sector-automotriz-anuncian-apertura-de-nuevas-agencias-en-2025\/","og_site_name":"Nexo Informativo Santiago de Quer\u00e9taro","article_publisher":"https:\/\/www.facebook.com\/people\/Nexo-Informativo\/61564066885511\/","article_published_time":"2025-02-20T19:00:49+00:00","article_modified_time":"2025-02-21T00:46:35+00:00","og_image":[{"width":800,"height":533,"url":"https:\/\/www.nexoinformativo.mx\/wp-content\/uploads\/2025\/02\/PHOTO-2025-02-20-14-41-36-e1740098753282.jpg","type":"image\/jpeg"}],"author":"Nexo Informativo","twitter_card":"summary_large_image","twitter_misc":{"Escrito por":"Nexo Informativo","Tiempo de lectura":"2 minutos"},"schema":{"@context":"https:\/\/schema.org","@graph":[{"@type":"Article","@id":"https:\/\/www.nexoinformativo.mx\/index.php\/2025\/02\/20\/queretaro-lider-en-el-sector-automotriz-anuncian-apertura-de-nuevas-agencias-en-2025\/#article","isPartOf":{"@id":"https:\/\/www.nexoinformativo.mx\/index.php\/2025\/02\/20\/queretaro-lider-en-el-sector-automotriz-anuncian-apertura-de-nuevas-agencias-en-2025\/"},"author":{"name":"Nexo Informativo","@id":"https:\/\/www.nexoinformativo.mx\/#\/schema\/person\/7749d380ba08c8ca00d7bc76fd907b7d"},"headline":"Quer\u00e9taro, l\u00edder en el sector automotriz anuncian apertura de nuevas agencias en 2025","datePublished":"2025-02-20T19:00:49+00:00","dateModified":"2025-02-21T00:46:35+00:00","mainEntityOfPage":{"@id":"https:\/\/www.nexoinformativo.mx\/index.php\/2025\/02\/20\/queretaro-lider-en-el-sector-automotriz-anuncian-apertura-de-nuevas-agencias-en-2025\/"},"wordCount":296,"commentCount":0,"publisher":{"@id":"https:\/\/www.nexoinformativo.mx\/#organization"},"image":{"@id":"https:\/\/www.nexoinformativo.mx\/index.php\/2025\/02\/20\/queretaro-lider-en-el-sector-automotriz-anuncian-apertura-de-nuevas-agencias-en-2025\/#primaryimage"},"thumbnailUrl":"https:\/\/www.nexoinformativo.mx\/wp-content\/uploads\/2025\/02\/PHOTO-2025-02-20-14-41-36-e1740098753282.jpg","keywords":["AgenciasAutomotrices","AMDAQRO","EmpleoQuer\u00e9taro","Inversi\u00f3nQuer\u00e9taro"],"articleSection":["Econom\u00eda","Estado","\u00daltima Hora"],"inLanguage":"es","potentialAction":[{"@type":"CommentAction","name":"Comment","target":["https:\/\/www.nexoinformativo.mx\/index.php\/2025\/02\/20\/queretaro-lider-en-el-sector-automotriz-anuncian-apertura-de-nuevas-agencias-en-2025\/#respond"]}]},{"@type":"WebPage","@id":"https:\/\/www.nexoinformativo.mx\/index.php\/2025\/02\/20\/queretaro-lider-en-el-sector-automotriz-anuncian-apertura-de-nuevas-agencias-en-2025\/","url":"https:\/\/www.nexoinformativo.mx\/index.php\/2025\/02\/20\/queretaro-lider-en-el-sector-automotriz-anuncian-apertura-de-nuevas-agencias-en-2025\/","name":"Quer\u00e9taro, l\u00edder en el sector automotriz anuncian apertura de nuevas agencias en 2025 | Nexo Informativo Santiago de Quer\u00e9taro","isPartOf":{"@id":"https:\/\/www.nexoinformativo.mx\/#website"},"primaryImageOfPage":{"@id":"https:\/\/www.nexoinformativo.mx\/index.php\/2025\/02\/20\/queretaro-lider-en-el-sector-automotriz-anuncian-apertura-de-nuevas-agencias-en-2025\/#primaryimage"},"image":{"@id":"https:\/\/www.nexoinformativo.mx\/index.php\/2025\/02\/20\/queretaro-lider-en-el-sector-automotriz-anuncian-apertura-de-nuevas-agencias-en-2025\/#primaryimage"},"thumbnailUrl":"https:\/\/www.nexoinformativo.mx\/wp-content\/uploads\/2025\/02\/PHOTO-2025-02-20-14-41-36-e1740098753282.jpg","datePublished":"2025-02-20T19:00:49+00:00","dateModified":"2025-02-21T00:46:35+00:00","description":"Quer\u00e9taro, l\u00edder en el sector automotriz anuncian apertura de nuevas agencias en 2025","breadcrumb":{"@id":"https:\/\/www.nexoinformativo.mx\/index.php\/2025\/02\/20\/queretaro-lider-en-el-sector-automotriz-anuncian-apertura-de-nuevas-agencias-en-2025\/#breadcrumb"},"inLanguage":"es","potentialAction":[{"@type":"ReadAction","target":["https:\/\/www.nexoinformativo.mx\/index.php\/2025\/02\/20\/queretaro-lider-en-el-sector-automotriz-anuncian-apertura-de-nuevas-agencias-en-2025\/"]}]},{"@type":"ImageObject","inLanguage":"es","@id":"https:\/\/www.nexoinformativo.mx\/index.php\/2025\/02\/20\/queretaro-lider-en-el-sector-automotriz-anuncian-apertura-de-nuevas-agencias-en-2025\/#primaryimage","url":"https:\/\/www.nexoinformativo.mx\/wp-content\/uploads\/2025\/02\/PHOTO-2025-02-20-14-41-36-e1740098753282.jpg","contentUrl":"https:\/\/www.nexoinformativo.mx\/wp-content\/uploads\/2025\/02\/PHOTO-2025-02-20-14-41-36-e1740098753282.jpg","width":800,"height":533},{"@type":"BreadcrumbList","@id":"https:\/\/www.nexoinformativo.mx\/index.php\/2025\/02\/20\/queretaro-lider-en-el-sector-automotriz-anuncian-apertura-de-nuevas-agencias-en-2025\/#breadcrumb","itemListElement":[{"@type":"ListItem","position":1,"name":"Inicio","item":"https:\/\/www.nexoinformativo.mx\/"},{"@type":"ListItem","position":2,"name":"Quer\u00e9taro, l\u00edder en el sector automotriz anuncian apertura de nuevas agencias en 2025"}]},{"@type":"WebSite","@id":"https:\/\/www.nexoinformativo.mx\/#website","url":"https:\/\/www.nexoinformativo.mx\/","name":"Nexo Informativo Santiago de Quer\u00e9taro","description":"Explora NexoInformativo y convi\u00e9rtete en parte de una comunidad que valora el conocimiento y la verdad. Tu nexoinformativo es tu puente hacia una comprensi\u00f3n m\u00e1s profunda del mundo que te rodea.","publisher":{"@id":"https:\/\/www.nexoinformativo.mx\/#organization"},"potentialAction":[{"@type":"SearchAction","target":{"@type":"EntryPoint","urlTemplate":"https:\/\/www.nexoinformativo.mx\/?s={search_term_string}"},"query-input":{"@type":"PropertyValueSpecification","valueRequired":true,"valueName":"search_term_string"}}],"inLanguage":"es"},{"@type":"Organization","@id":"https:\/\/www.nexoinformativo.mx\/#organization","name":"Nexo Informativo Santiago de Quer\u00e9taro","url":"https:\/\/www.nexoinformativo.mx\/","logo":{"@type":"ImageObject","inLanguage":"es","@id":"https:\/\/www.nexoinformativo.mx\/#\/schema\/logo\/image\/","url":"https:\/\/www.nexoinformativo.mx\/wp-content\/uploads\/2024\/07\/nexoi-trasparente-2.png","contentUrl":"https:\/\/www.nexoinformativo.mx\/wp-content\/uploads\/2024\/07\/nexoi-trasparente-2.png","width":816,"height":339,"caption":"Nexo Informativo Santiago de Quer\u00e9taro"},"image":{"@id":"https:\/\/www.nexoinformativo.mx\/#\/schema\/logo\/image\/"},"sameAs":["https:\/\/www.facebook.com\/people\/Nexo-Informativo\/61564066885511\/"]},{"@type":"Person","@id":"https:\/\/www.nexoinformativo.mx\/#\/schema\/person\/7749d380ba08c8ca00d7bc76fd907b7d","name":"Nexo Informativo","image":{"@type":"ImageObject","inLanguage":"es","@id":"https:\/\/www.nexoinformativo.mx\/#\/schema\/person\/image\/","url":"https:\/\/secure.gravatar.com\/avatar\/dde2928154642a13d95f87ddf1ea9718fe2b46760a005c53e41ff5ad610704e6?s=96&d=mm&r=g","contentUrl":"https:\/\/secure.gravatar.com\/avatar\/dde2928154642a13d95f87ddf1ea9718fe2b46760a005c53e41ff5ad610704e6?s=96&d=mm&r=g","caption":"Nexo Informativo"},"url":"https:\/\/www.nexoinformativo.mx\/index.php\/author\/edicion\/"}]}},"_links":{"self":[{"href":"https:\/\/www.nexoinformativo.mx\/index.php\/wp-json\/wp\/v2\/posts\/11900","targetHints":{"allow":["GET"]}}],"collection":[{"href":"https:\/\/www.nexoinformativo.mx\/index.php\/wp-json\/wp\/v2\/posts"}],"about":[{"href":"https:\/\/www.nexoinformativo.mx\/index.php\/wp-json\/wp\/v2\/types\/post"}],"author":[{"embeddable":true,"href":"https:\/\/www.nexoinformativo.mx\/index.php\/wp-json\/wp\/v2\/users\/3"}],"replies":[{"embeddable":true,"href":"https:\/\/www.nexoinformativo.mx\/index.php\/wp-json\/wp\/v2\/comments?post=11900"}],"version-history":[{"count":3,"href":"https:\/\/www.nexoinformativo.mx\/index.php\/wp-json\/wp\/v2\/posts\/11900\/revisions"}],"predecessor-version":[{"id":11904,"href":"https:\/\/www.nexoinformativo.mx\/index.php\/wp-json\/wp\/v2\/posts\/11900\/revisions\/11904"}],"wp:featuredmedia":[{"embeddable":true,"href":"https:\/\/www.nexoinformativo.mx\/index.php\/wp-json\/wp\/v2\/media\/11901"}],"wp:attachment":[{"href":"https:\/\/www.nexoinformativo.mx\/index.php\/wp-json\/wp\/v2\/media?parent=11900"}],"wp:term":[{"taxonomy":"category","embeddable":true,"href":"https:\/\/www.nexoinformativo.mx\/index.php\/wp-json\/wp\/v2\/categories?post=11900"},{"taxonomy":"post_tag","embeddable":true,"href":"https:\/\/www.nexoinformativo.mx\/index.php\/wp-json\/wp\/v2\/tags?post=11900"}],"curies":[{"name":"wp","href":"https:\/\/api.w.org\/{rel}","templated":true}]}}