{"id":11916,"date":"2025-02-21T08:00:37","date_gmt":"2025-02-21T14:00:37","guid":{"rendered":"https:\/\/www.nexoinformativo.mx\/?p=11916"},"modified":"2025-02-21T16:42:42","modified_gmt":"2025-02-21T22:42:42","slug":"mas-turismo-y-empleos-para-queretaro-abren-nuevo-hotel-de-lujo-con-inversion-de-250-millones-de-pesos","status":"publish","type":"post","link":"https:\/\/www.nexoinformativo.mx\/index.php\/2025\/02\/21\/mas-turismo-y-empleos-para-queretaro-abren-nuevo-hotel-de-lujo-con-inversion-de-250-millones-de-pesos\/","title":{"rendered":"M\u00e1s turismo y empleos para Quer\u00e9taro abren nuevo hotel de lujo con inversi\u00f3n de 250 millones de pesos"},"content":{"rendered":"<p style=\"text-align: justify;\">La infraestructura tur\u00edstica de Quer\u00e9taro se expande con la inauguraci\u00f3n del Hotel Avid Quer\u00e9taro, un nuevo establecimiento que suma 118 habitaciones y representa una inversi\u00f3n de m\u00e1s de 250 millones de pesos.<\/p>\n<\/p>\n<p>&nbsp;<\/p>\n<p style=\"text-align: justify;\">La ceremonia de inauguraci\u00f3n fue encabezada por la secretaria de Turismo en la entidad, Adriana Vega V\u00e1zquez Mellado, quien destac\u00f3 el potencial tur\u00edstico de Quer\u00e9taro y agradeci\u00f3 al Grupo Inmobiliario Flecha Amarilla y a la cadena Hotelera IHG por su apuesta por el estado.<\/p>\n<\/p>\n<p>&nbsp;<\/p>\n<p style=\"text-align: justify;\" data-sourcepos=\"13:1-13:341\">El nuevo hotel se suma a la oferta de casi 20 mil cuartos en m\u00e1s de mil 200 establecimientos de hospedaje con los que ya cuenta Quer\u00e9taro.<\/p>\n<\/p>\n<p>&nbsp;<\/p>\n<p style=\"text-align: justify;\" data-sourcepos=\"13:1-13:341\">La secretaria Vega reconoci\u00f3 el esfuerzo de los inversionistas por contribuir al crecimiento del sector tur\u00edstico en la entidad, lo que se traduce en m\u00e1s empleos y derrama econ\u00f3mica para los queretanos.<\/p>\n<\/p>\n<p>&nbsp;<\/p>\n<p style=\"text-align: center;\" data-sourcepos=\"13:1-13:341\"><em><strong>\u00a1Informaci\u00f3n que transforma!<\/strong><\/em><\/p>\n","protected":false},"excerpt":{"rendered":"<p>La infraestructura tur\u00edstica de Quer\u00e9taro se expande con la inauguraci\u00f3n del Hotel Avid Quer\u00e9taro, un nuevo establecimiento que suma 118 habitaciones y representa una inversi\u00f3n de m\u00e1s de 250 millones de pesos.<\/p>\n","protected":false},"author":3,"featured_media":11917,"comment_status":"open","ping_status":"open","sticky":false,"template":"","format":"standard","meta":{"footnotes":""},"categories":[5,42,58],"tags":[352,3487,3488,992],"class_list":["post-11916","post","type-post","status-publish","format-standard","has-post-thumbnail","hentry","category-economia","category-estado","category-ultima-hora","tag-desarrolloeconomico","tag-hotelesqueretaro","tag-inversionturistica","tag-turismoqueretaro"],"yoast_head":"<!-- This site is optimized with the Yoast SEO plugin v25.0 - https:\/\/yoast.com\/wordpress\/plugins\/seo\/ -->\n<title>M\u00e1s turismo y empleos para Quer\u00e9taro abren nuevo hotel de lujo con inversi\u00f3n de 250 millones de pesos | Nexo Informativo Santiago de Quer\u00e9taro<\/title>\n<meta name=\"description\" content=\"M\u00e1s turismo y empleos para Quer\u00e9taro abren nuevo hotel de lujo con inversi\u00f3n de 250 millones de pesos\" \/>\n<meta name=\"robots\" content=\"index, follow, max-snippet:-1, max-image-preview:large, max-video-preview:-1\" \/>\n<link rel=\"canonical\" href=\"https:\/\/www.nexoinformativo.mx\/index.php\/2025\/02\/21\/mas-turismo-y-empleos-para-queretaro-abren-nuevo-hotel-de-lujo-con-inversion-de-250-millones-de-pesos\/\" \/>\n<meta property=\"og:locale\" content=\"es_MX\" \/>\n<meta property=\"og:type\" content=\"article\" \/>\n<meta property=\"og:title\" content=\"M\u00e1s turismo y empleos para Quer\u00e9taro abren nuevo hotel de lujo con inversi\u00f3n de 250 millones de pesos | Nexo Informativo Santiago de Quer\u00e9taro\" \/>\n<meta property=\"og:description\" content=\"M\u00e1s turismo y empleos para Quer\u00e9taro abren nuevo hotel de lujo con inversi\u00f3n de 250 millones de pesos\" \/>\n<meta property=\"og:url\" content=\"https:\/\/www.nexoinformativo.mx\/index.php\/2025\/02\/21\/mas-turismo-y-empleos-para-queretaro-abren-nuevo-hotel-de-lujo-con-inversion-de-250-millones-de-pesos\/\" \/>\n<meta property=\"og:site_name\" content=\"Nexo Informativo Santiago de Quer\u00e9taro\" \/>\n<meta property=\"article:publisher\" content=\"https:\/\/www.facebook.com\/people\/Nexo-Informativo\/61564066885511\/\" \/>\n<meta property=\"article:published_time\" content=\"2025-02-21T14:00:37+00:00\" \/>\n<meta property=\"article:modified_time\" content=\"2025-02-21T22:42:42+00:00\" \/>\n<meta property=\"og:image\" content=\"https:\/\/www.nexoinformativo.mx\/wp-content\/uploads\/2025\/02\/PHOTO-2025-02-20-18-34-46-e1740177729221.jpg\" \/>\n\t<meta property=\"og:image:width\" content=\"800\" \/>\n\t<meta property=\"og:image:height\" content=\"449\" \/>\n\t<meta property=\"og:image:type\" content=\"image\/jpeg\" \/>\n<meta name=\"author\" content=\"Nexo Informativo\" \/>\n<meta name=\"twitter:card\" content=\"summary_large_image\" \/>\n<meta name=\"twitter:label1\" content=\"Escrito por\" \/>\n\t<meta name=\"twitter:data1\" content=\"Nexo Informativo\" \/>\n\t<meta name=\"twitter:label2\" content=\"Tiempo de lectura\" \/>\n\t<meta name=\"twitter:data2\" content=\"1 minuto\" \/>\n<script type=\"application\/ld+json\" class=\"yoast-schema-graph\">{\"@context\":\"https:\/\/schema.org\",\"@graph\":[{\"@type\":\"Article\",\"@id\":\"https:\/\/www.nexoinformativo.mx\/index.php\/2025\/02\/21\/mas-turismo-y-empleos-para-queretaro-abren-nuevo-hotel-de-lujo-con-inversion-de-250-millones-de-pesos\/#article\",\"isPartOf\":{\"@id\":\"https:\/\/www.nexoinformativo.mx\/index.php\/2025\/02\/21\/mas-turismo-y-empleos-para-queretaro-abren-nuevo-hotel-de-lujo-con-inversion-de-250-millones-de-pesos\/\"},\"author\":{\"name\":\"Nexo Informativo\",\"@id\":\"https:\/\/www.nexoinformativo.mx\/#\/schema\/person\/7749d380ba08c8ca00d7bc76fd907b7d\"},\"headline\":\"M\u00e1s turismo y empleos para Quer\u00e9taro abren nuevo hotel de lujo con inversi\u00f3n de 250 millones de pesos\",\"datePublished\":\"2025-02-21T14:00:37+00:00\",\"dateModified\":\"2025-02-21T22:42:42+00:00\",\"mainEntityOfPage\":{\"@id\":\"https:\/\/www.nexoinformativo.mx\/index.php\/2025\/02\/21\/mas-turismo-y-empleos-para-queretaro-abren-nuevo-hotel-de-lujo-con-inversion-de-250-millones-de-pesos\/\"},\"wordCount\":174,\"commentCount\":0,\"publisher\":{\"@id\":\"https:\/\/www.nexoinformativo.mx\/#organization\"},\"image\":{\"@id\":\"https:\/\/www.nexoinformativo.mx\/index.php\/2025\/02\/21\/mas-turismo-y-empleos-para-queretaro-abren-nuevo-hotel-de-lujo-con-inversion-de-250-millones-de-pesos\/#primaryimage\"},\"thumbnailUrl\":\"https:\/\/www.nexoinformativo.mx\/wp-content\/uploads\/2025\/02\/PHOTO-2025-02-20-18-34-46-e1740177729221.jpg\",\"keywords\":[\"DesarrolloEcon\u00f3mico\",\"HotelesQuer\u00e9taro\",\"Inversi\u00f3nTur\u00edstica\",\"TurismoQuer\u00e9taro\"],\"articleSection\":[\"Econom\u00eda\",\"Estado\",\"\u00daltima Hora\"],\"inLanguage\":\"es\",\"potentialAction\":[{\"@type\":\"CommentAction\",\"name\":\"Comment\",\"target\":[\"https:\/\/www.nexoinformativo.mx\/index.php\/2025\/02\/21\/mas-turismo-y-empleos-para-queretaro-abren-nuevo-hotel-de-lujo-con-inversion-de-250-millones-de-pesos\/#respond\"]}]},{\"@type\":\"WebPage\",\"@id\":\"https:\/\/www.nexoinformativo.mx\/index.php\/2025\/02\/21\/mas-turismo-y-empleos-para-queretaro-abren-nuevo-hotel-de-lujo-con-inversion-de-250-millones-de-pesos\/\",\"url\":\"https:\/\/www.nexoinformativo.mx\/index.php\/2025\/02\/21\/mas-turismo-y-empleos-para-queretaro-abren-nuevo-hotel-de-lujo-con-inversion-de-250-millones-de-pesos\/\",\"name\":\"M\u00e1s turismo y empleos para Quer\u00e9taro abren nuevo hotel de lujo con inversi\u00f3n de 250 millones de pesos | Nexo Informativo Santiago de Quer\u00e9taro\",\"isPartOf\":{\"@id\":\"https:\/\/www.nexoinformativo.mx\/#website\"},\"primaryImageOfPage\":{\"@id\":\"https:\/\/www.nexoinformativo.mx\/index.php\/2025\/02\/21\/mas-turismo-y-empleos-para-queretaro-abren-nuevo-hotel-de-lujo-con-inversion-de-250-millones-de-pesos\/#primaryimage\"},\"image\":{\"@id\":\"https:\/\/www.nexoinformativo.mx\/index.php\/2025\/02\/21\/mas-turismo-y-empleos-para-queretaro-abren-nuevo-hotel-de-lujo-con-inversion-de-250-millones-de-pesos\/#primaryimage\"},\"thumbnailUrl\":\"https:\/\/www.nexoinformativo.mx\/wp-content\/uploads\/2025\/02\/PHOTO-2025-02-20-18-34-46-e1740177729221.jpg\",\"datePublished\":\"2025-02-21T14:00:37+00:00\",\"dateModified\":\"2025-02-21T22:42:42+00:00\",\"description\":\"M\u00e1s turismo y empleos para Quer\u00e9taro abren nuevo hotel de lujo con inversi\u00f3n de 250 millones de pesos\",\"breadcrumb\":{\"@id\":\"https:\/\/www.nexoinformativo.mx\/index.php\/2025\/02\/21\/mas-turismo-y-empleos-para-queretaro-abren-nuevo-hotel-de-lujo-con-inversion-de-250-millones-de-pesos\/#breadcrumb\"},\"inLanguage\":\"es\",\"potentialAction\":[{\"@type\":\"ReadAction\",\"target\":[\"https:\/\/www.nexoinformativo.mx\/index.php\/2025\/02\/21\/mas-turismo-y-empleos-para-queretaro-abren-nuevo-hotel-de-lujo-con-inversion-de-250-millones-de-pesos\/\"]}]},{\"@type\":\"ImageObject\",\"inLanguage\":\"es\",\"@id\":\"https:\/\/www.nexoinformativo.mx\/index.php\/2025\/02\/21\/mas-turismo-y-empleos-para-queretaro-abren-nuevo-hotel-de-lujo-con-inversion-de-250-millones-de-pesos\/#primaryimage\",\"url\":\"https:\/\/www.nexoinformativo.mx\/wp-content\/uploads\/2025\/02\/PHOTO-2025-02-20-18-34-46-e1740177729221.jpg\",\"contentUrl\":\"https:\/\/www.nexoinformativo.mx\/wp-content\/uploads\/2025\/02\/PHOTO-2025-02-20-18-34-46-e1740177729221.jpg\",\"width\":800,\"height\":449},{\"@type\":\"BreadcrumbList\",\"@id\":\"https:\/\/www.nexoinformativo.mx\/index.php\/2025\/02\/21\/mas-turismo-y-empleos-para-queretaro-abren-nuevo-hotel-de-lujo-con-inversion-de-250-millones-de-pesos\/#breadcrumb\",\"itemListElement\":[{\"@type\":\"ListItem\",\"position\":1,\"name\":\"Inicio\",\"item\":\"https:\/\/www.nexoinformativo.mx\/\"},{\"@type\":\"ListItem\",\"position\":2,\"name\":\"M\u00e1s turismo y empleos para Quer\u00e9taro abren nuevo hotel de lujo con inversi\u00f3n de 250 millones de pesos\"}]},{\"@type\":\"WebSite\",\"@id\":\"https:\/\/www.nexoinformativo.mx\/#website\",\"url\":\"https:\/\/www.nexoinformativo.mx\/\",\"name\":\"Nexo Informativo Santiago de Quer\u00e9taro\",\"description\":\"Explora NexoInformativo y convi\u00e9rtete en parte de una comunidad que valora el conocimiento y la verdad. Tu nexoinformativo es tu puente hacia una comprensi\u00f3n m\u00e1s profunda del mundo que te rodea.\",\"publisher\":{\"@id\":\"https:\/\/www.nexoinformativo.mx\/#organization\"},\"potentialAction\":[{\"@type\":\"SearchAction\",\"target\":{\"@type\":\"EntryPoint\",\"urlTemplate\":\"https:\/\/www.nexoinformativo.mx\/?s={search_term_string}\"},\"query-input\":{\"@type\":\"PropertyValueSpecification\",\"valueRequired\":true,\"valueName\":\"search_term_string\"}}],\"inLanguage\":\"es\"},{\"@type\":\"Organization\",\"@id\":\"https:\/\/www.nexoinformativo.mx\/#organization\",\"name\":\"Nexo Informativo Santiago de Quer\u00e9taro\",\"url\":\"https:\/\/www.nexoinformativo.mx\/\",\"logo\":{\"@type\":\"ImageObject\",\"inLanguage\":\"es\",\"@id\":\"https:\/\/www.nexoinformativo.mx\/#\/schema\/logo\/image\/\",\"url\":\"https:\/\/www.nexoinformativo.mx\/wp-content\/uploads\/2024\/07\/nexoi-trasparente-2.png\",\"contentUrl\":\"https:\/\/www.nexoinformativo.mx\/wp-content\/uploads\/2024\/07\/nexoi-trasparente-2.png\",\"width\":816,\"height\":339,\"caption\":\"Nexo Informativo Santiago de Quer\u00e9taro\"},\"image\":{\"@id\":\"https:\/\/www.nexoinformativo.mx\/#\/schema\/logo\/image\/\"},\"sameAs\":[\"https:\/\/www.facebook.com\/people\/Nexo-Informativo\/61564066885511\/\"]},{\"@type\":\"Person\",\"@id\":\"https:\/\/www.nexoinformativo.mx\/#\/schema\/person\/7749d380ba08c8ca00d7bc76fd907b7d\",\"name\":\"Nexo Informativo\",\"image\":{\"@type\":\"ImageObject\",\"inLanguage\":\"es\",\"@id\":\"https:\/\/www.nexoinformativo.mx\/#\/schema\/person\/image\/\",\"url\":\"https:\/\/secure.gravatar.com\/avatar\/dde2928154642a13d95f87ddf1ea9718fe2b46760a005c53e41ff5ad610704e6?s=96&d=mm&r=g\",\"contentUrl\":\"https:\/\/secure.gravatar.com\/avatar\/dde2928154642a13d95f87ddf1ea9718fe2b46760a005c53e41ff5ad610704e6?s=96&d=mm&r=g\",\"caption\":\"Nexo Informativo\"},\"url\":\"https:\/\/www.nexoinformativo.mx\/index.php\/author\/edicion\/\"}]}<\/script>\n<!-- \/ Yoast SEO plugin. -->","yoast_head_json":{"title":"M\u00e1s turismo y empleos para Quer\u00e9taro abren nuevo hotel de lujo con inversi\u00f3n de 250 millones de pesos | Nexo Informativo Santiago de Quer\u00e9taro","description":"M\u00e1s turismo y empleos para Quer\u00e9taro abren nuevo hotel de lujo con inversi\u00f3n de 250 millones de pesos","robots":{"index":"index","follow":"follow","max-snippet":"max-snippet:-1","max-image-preview":"max-image-preview:large","max-video-preview":"max-video-preview:-1"},"canonical":"https:\/\/www.nexoinformativo.mx\/index.php\/2025\/02\/21\/mas-turismo-y-empleos-para-queretaro-abren-nuevo-hotel-de-lujo-con-inversion-de-250-millones-de-pesos\/","og_locale":"es_MX","og_type":"article","og_title":"M\u00e1s turismo y empleos para Quer\u00e9taro abren nuevo hotel de lujo con inversi\u00f3n de 250 millones de pesos | Nexo Informativo Santiago de Quer\u00e9taro","og_description":"M\u00e1s turismo y empleos para Quer\u00e9taro abren nuevo hotel de lujo con inversi\u00f3n de 250 millones de pesos","og_url":"https:\/\/www.nexoinformativo.mx\/index.php\/2025\/02\/21\/mas-turismo-y-empleos-para-queretaro-abren-nuevo-hotel-de-lujo-con-inversion-de-250-millones-de-pesos\/","og_site_name":"Nexo Informativo Santiago de Quer\u00e9taro","article_publisher":"https:\/\/www.facebook.com\/people\/Nexo-Informativo\/61564066885511\/","article_published_time":"2025-02-21T14:00:37+00:00","article_modified_time":"2025-02-21T22:42:42+00:00","og_image":[{"width":800,"height":449,"url":"https:\/\/www.nexoinformativo.mx\/wp-content\/uploads\/2025\/02\/PHOTO-2025-02-20-18-34-46-e1740177729221.jpg","type":"image\/jpeg"}],"author":"Nexo Informativo","twitter_card":"summary_large_image","twitter_misc":{"Escrito por":"Nexo Informativo","Tiempo de lectura":"1 minuto"},"schema":{"@context":"https:\/\/schema.org","@graph":[{"@type":"Article","@id":"https:\/\/www.nexoinformativo.mx\/index.php\/2025\/02\/21\/mas-turismo-y-empleos-para-queretaro-abren-nuevo-hotel-de-lujo-con-inversion-de-250-millones-de-pesos\/#article","isPartOf":{"@id":"https:\/\/www.nexoinformativo.mx\/index.php\/2025\/02\/21\/mas-turismo-y-empleos-para-queretaro-abren-nuevo-hotel-de-lujo-con-inversion-de-250-millones-de-pesos\/"},"author":{"name":"Nexo Informativo","@id":"https:\/\/www.nexoinformativo.mx\/#\/schema\/person\/7749d380ba08c8ca00d7bc76fd907b7d"},"headline":"M\u00e1s turismo y empleos para Quer\u00e9taro abren nuevo hotel de lujo con inversi\u00f3n de 250 millones de pesos","datePublished":"2025-02-21T14:00:37+00:00","dateModified":"2025-02-21T22:42:42+00:00","mainEntityOfPage":{"@id":"https:\/\/www.nexoinformativo.mx\/index.php\/2025\/02\/21\/mas-turismo-y-empleos-para-queretaro-abren-nuevo-hotel-de-lujo-con-inversion-de-250-millones-de-pesos\/"},"wordCount":174,"commentCount":0,"publisher":{"@id":"https:\/\/www.nexoinformativo.mx\/#organization"},"image":{"@id":"https:\/\/www.nexoinformativo.mx\/index.php\/2025\/02\/21\/mas-turismo-y-empleos-para-queretaro-abren-nuevo-hotel-de-lujo-con-inversion-de-250-millones-de-pesos\/#primaryimage"},"thumbnailUrl":"https:\/\/www.nexoinformativo.mx\/wp-content\/uploads\/2025\/02\/PHOTO-2025-02-20-18-34-46-e1740177729221.jpg","keywords":["DesarrolloEcon\u00f3mico","HotelesQuer\u00e9taro","Inversi\u00f3nTur\u00edstica","TurismoQuer\u00e9taro"],"articleSection":["Econom\u00eda","Estado","\u00daltima Hora"],"inLanguage":"es","potentialAction":[{"@type":"CommentAction","name":"Comment","target":["https:\/\/www.nexoinformativo.mx\/index.php\/2025\/02\/21\/mas-turismo-y-empleos-para-queretaro-abren-nuevo-hotel-de-lujo-con-inversion-de-250-millones-de-pesos\/#respond"]}]},{"@type":"WebPage","@id":"https:\/\/www.nexoinformativo.mx\/index.php\/2025\/02\/21\/mas-turismo-y-empleos-para-queretaro-abren-nuevo-hotel-de-lujo-con-inversion-de-250-millones-de-pesos\/","url":"https:\/\/www.nexoinformativo.mx\/index.php\/2025\/02\/21\/mas-turismo-y-empleos-para-queretaro-abren-nuevo-hotel-de-lujo-con-inversion-de-250-millones-de-pesos\/","name":"M\u00e1s turismo y empleos para Quer\u00e9taro abren nuevo hotel de lujo con inversi\u00f3n de 250 millones de pesos | Nexo Informativo Santiago de Quer\u00e9taro","isPartOf":{"@id":"https:\/\/www.nexoinformativo.mx\/#website"},"primaryImageOfPage":{"@id":"https:\/\/www.nexoinformativo.mx\/index.php\/2025\/02\/21\/mas-turismo-y-empleos-para-queretaro-abren-nuevo-hotel-de-lujo-con-inversion-de-250-millones-de-pesos\/#primaryimage"},"image":{"@id":"https:\/\/www.nexoinformativo.mx\/index.php\/2025\/02\/21\/mas-turismo-y-empleos-para-queretaro-abren-nuevo-hotel-de-lujo-con-inversion-de-250-millones-de-pesos\/#primaryimage"},"thumbnailUrl":"https:\/\/www.nexoinformativo.mx\/wp-content\/uploads\/2025\/02\/PHOTO-2025-02-20-18-34-46-e1740177729221.jpg","datePublished":"2025-02-21T14:00:37+00:00","dateModified":"2025-02-21T22:42:42+00:00","description":"M\u00e1s turismo y empleos para Quer\u00e9taro abren nuevo hotel de lujo con inversi\u00f3n de 250 millones de pesos","breadcrumb":{"@id":"https:\/\/www.nexoinformativo.mx\/index.php\/2025\/02\/21\/mas-turismo-y-empleos-para-queretaro-abren-nuevo-hotel-de-lujo-con-inversion-de-250-millones-de-pesos\/#breadcrumb"},"inLanguage":"es","potentialAction":[{"@type":"ReadAction","target":["https:\/\/www.nexoinformativo.mx\/index.php\/2025\/02\/21\/mas-turismo-y-empleos-para-queretaro-abren-nuevo-hotel-de-lujo-con-inversion-de-250-millones-de-pesos\/"]}]},{"@type":"ImageObject","inLanguage":"es","@id":"https:\/\/www.nexoinformativo.mx\/index.php\/2025\/02\/21\/mas-turismo-y-empleos-para-queretaro-abren-nuevo-hotel-de-lujo-con-inversion-de-250-millones-de-pesos\/#primaryimage","url":"https:\/\/www.nexoinformativo.mx\/wp-content\/uploads\/2025\/02\/PHOTO-2025-02-20-18-34-46-e1740177729221.jpg","contentUrl":"https:\/\/www.nexoinformativo.mx\/wp-content\/uploads\/2025\/02\/PHOTO-2025-02-20-18-34-46-e1740177729221.jpg","width":800,"height":449},{"@type":"BreadcrumbList","@id":"https:\/\/www.nexoinformativo.mx\/index.php\/2025\/02\/21\/mas-turismo-y-empleos-para-queretaro-abren-nuevo-hotel-de-lujo-con-inversion-de-250-millones-de-pesos\/#breadcrumb","itemListElement":[{"@type":"ListItem","position":1,"name":"Inicio","item":"https:\/\/www.nexoinformativo.mx\/"},{"@type":"ListItem","position":2,"name":"M\u00e1s turismo y empleos para Quer\u00e9taro abren nuevo hotel de lujo con inversi\u00f3n de 250 millones de pesos"}]},{"@type":"WebSite","@id":"https:\/\/www.nexoinformativo.mx\/#website","url":"https:\/\/www.nexoinformativo.mx\/","name":"Nexo Informativo Santiago de Quer\u00e9taro","description":"Explora NexoInformativo y convi\u00e9rtete en parte de una comunidad que valora el conocimiento y la verdad. Tu nexoinformativo es tu puente hacia una comprensi\u00f3n m\u00e1s profunda del mundo que te rodea.","publisher":{"@id":"https:\/\/www.nexoinformativo.mx\/#organization"},"potentialAction":[{"@type":"SearchAction","target":{"@type":"EntryPoint","urlTemplate":"https:\/\/www.nexoinformativo.mx\/?s={search_term_string}"},"query-input":{"@type":"PropertyValueSpecification","valueRequired":true,"valueName":"search_term_string"}}],"inLanguage":"es"},{"@type":"Organization","@id":"https:\/\/www.nexoinformativo.mx\/#organization","name":"Nexo Informativo Santiago de Quer\u00e9taro","url":"https:\/\/www.nexoinformativo.mx\/","logo":{"@type":"ImageObject","inLanguage":"es","@id":"https:\/\/www.nexoinformativo.mx\/#\/schema\/logo\/image\/","url":"https:\/\/www.nexoinformativo.mx\/wp-content\/uploads\/2024\/07\/nexoi-trasparente-2.png","contentUrl":"https:\/\/www.nexoinformativo.mx\/wp-content\/uploads\/2024\/07\/nexoi-trasparente-2.png","width":816,"height":339,"caption":"Nexo Informativo Santiago de Quer\u00e9taro"},"image":{"@id":"https:\/\/www.nexoinformativo.mx\/#\/schema\/logo\/image\/"},"sameAs":["https:\/\/www.facebook.com\/people\/Nexo-Informativo\/61564066885511\/"]},{"@type":"Person","@id":"https:\/\/www.nexoinformativo.mx\/#\/schema\/person\/7749d380ba08c8ca00d7bc76fd907b7d","name":"Nexo Informativo","image":{"@type":"ImageObject","inLanguage":"es","@id":"https:\/\/www.nexoinformativo.mx\/#\/schema\/person\/image\/","url":"https:\/\/secure.gravatar.com\/avatar\/dde2928154642a13d95f87ddf1ea9718fe2b46760a005c53e41ff5ad610704e6?s=96&d=mm&r=g","contentUrl":"https:\/\/secure.gravatar.com\/avatar\/dde2928154642a13d95f87ddf1ea9718fe2b46760a005c53e41ff5ad610704e6?s=96&d=mm&r=g","caption":"Nexo Informativo"},"url":"https:\/\/www.nexoinformativo.mx\/index.php\/author\/edicion\/"}]}},"_links":{"self":[{"href":"https:\/\/www.nexoinformativo.mx\/index.php\/wp-json\/wp\/v2\/posts\/11916","targetHints":{"allow":["GET"]}}],"collection":[{"href":"https:\/\/www.nexoinformativo.mx\/index.php\/wp-json\/wp\/v2\/posts"}],"about":[{"href":"https:\/\/www.nexoinformativo.mx\/index.php\/wp-json\/wp\/v2\/types\/post"}],"author":[{"embeddable":true,"href":"https:\/\/www.nexoinformativo.mx\/index.php\/wp-json\/wp\/v2\/users\/3"}],"replies":[{"embeddable":true,"href":"https:\/\/www.nexoinformativo.mx\/index.php\/wp-json\/wp\/v2\/comments?post=11916"}],"version-history":[{"count":3,"href":"https:\/\/www.nexoinformativo.mx\/index.php\/wp-json\/wp\/v2\/posts\/11916\/revisions"}],"predecessor-version":[{"id":11920,"href":"https:\/\/www.nexoinformativo.mx\/index.php\/wp-json\/wp\/v2\/posts\/11916\/revisions\/11920"}],"wp:featuredmedia":[{"embeddable":true,"href":"https:\/\/www.nexoinformativo.mx\/index.php\/wp-json\/wp\/v2\/media\/11917"}],"wp:attachment":[{"href":"https:\/\/www.nexoinformativo.mx\/index.php\/wp-json\/wp\/v2\/media?parent=11916"}],"wp:term":[{"taxonomy":"category","embeddable":true,"href":"https:\/\/www.nexoinformativo.mx\/index.php\/wp-json\/wp\/v2\/categories?post=11916"},{"taxonomy":"post_tag","embeddable":true,"href":"https:\/\/www.nexoinformativo.mx\/index.php\/wp-json\/wp\/v2\/tags?post=11916"}],"curies":[{"name":"wp","href":"https:\/\/api.w.org\/{rel}","templated":true}]}}