{"id":11921,"date":"2025-02-21T09:00:13","date_gmt":"2025-02-21T15:00:13","guid":{"rendered":"https:\/\/www.nexoinformativo.mx\/?p=11921"},"modified":"2025-02-21T16:56:06","modified_gmt":"2025-02-21T22:56:06","slug":"alicia-barcena-dice-que-no-hay-modelo-economico-que-resista-el-cambio-climatico","status":"publish","type":"post","link":"https:\/\/www.nexoinformativo.mx\/index.php\/2025\/02\/21\/alicia-barcena-dice-que-no-hay-modelo-economico-que-resista-el-cambio-climatico\/","title":{"rendered":"Alicia B\u00e1rcena dice que no hay modelo econ\u00f3mico que resista el cambio clim\u00e1tico"},"content":{"rendered":"<p style=\"text-align: justify;\">Durante la 107 Asamblea General Ordinaria de la Confederaci\u00f3n de C\u00e1maras Industriales (Concamin), la secretaria de Medio Ambiente y Recursos Naturales, Alicia B\u00e1rcena, hizo un llamado a la comunidad empresarial y c\u00e1maras industriales para trabajar en un modelo de desarrollo que integre las dimensiones econ\u00f3mica, social y ambiental.<\/p>\n<p>&nbsp;<\/p>\n<p style=\"text-align: justify;\">B\u00e1rcena enfatiz\u00f3 la necesidad de lograr una sostenibilidad ambiental ante la degradaci\u00f3n del medio ambiente y el cambio clim\u00e1tico.<\/p>\n<p>&nbsp;<\/p>\n<p style=\"text-align: justify;\">B\u00e1rcena anunci\u00f3 la creaci\u00f3n de un Parque Ecol\u00f3gico y de Econom\u00eda Circular en Tula, Hidalgo, que ofrecer\u00e1 concesiones al sector privado por m\u00e1s de 20 a\u00f1os. Este parque de 680 hect\u00e1reas, ubicado en una zona destinada por Pemex, ser\u00e1 un modelo mundial en tratamiento de residuos org\u00e1nicos e inorg\u00e1nicos.<\/p>\n<p>&nbsp;<\/p>\n<p style=\"text-align: justify;\">La secretaria subray\u00f3 la importancia de un Acuerdo Nacional por los Bosques y la restauraci\u00f3n de estos para reducir emisiones. Adem\u00e1s, hizo un llamado a revisar la ley de econom\u00eda circular para regular pl\u00e1sticos y establecer una normatividad clara.<\/p>\n<p>&nbsp;<\/p>\n<p style=\"text-align: justify;\">B\u00e1rcena destac\u00f3 la necesidad de una pol\u00edtica industrial conjunta entre el sector privado y p\u00fablico para garantizar empleos y posibilidades ambientales para futuras generaciones. Reiter\u00f3 que la Semarnat est\u00e1 dispuesta a colaborar en estos esfuerzos para un desarrollo sostenible.<\/p>\n<p>&nbsp;<\/p>\n<p style=\"text-align: center;\"><em><strong>\u00a1Informaci\u00f3n que transforma!<\/strong><\/em><\/p>\n","protected":false},"excerpt":{"rendered":"<p>Durante la 107 Asamblea General Ordinaria de la Confederaci\u00f3n de C\u00e1maras Industriales (Concamin), la secretaria de Medio Ambiente y Recursos Naturales, Alicia B\u00e1rcena, hizo un llamado a la comunidad empresarial y c\u00e1maras industriales para trabajar en un modelo de desarrollo que integre las dimensiones econ\u00f3mica, social y ambiental.<\/p>\n","protected":false},"author":3,"featured_media":11926,"comment_status":"open","ping_status":"open","sticky":false,"template":"","format":"standard","meta":{"footnotes":""},"categories":[88,58],"tags":[1088,2285,2335,1451],"class_list":["post-11921","post","type-post","status-publish","format-standard","has-post-thumbnail","hentry","category-nacional","category-ultima-hora","tag-aliciabarcena","tag-cambioclimatico","tag-economiacircular","tag-sostenibilidad"],"yoast_head":"<!-- This site is optimized with the Yoast SEO plugin v25.0 - https:\/\/yoast.com\/wordpress\/plugins\/seo\/ -->\n<title>Alicia B\u00e1rcena dice que no hay modelo econ\u00f3mico que resista el cambio clim\u00e1tico | Nexo Informativo Santiago de Quer\u00e9taro<\/title>\n<meta name=\"description\" content=\"Alicia B\u00e1rcena dice que no hay modelo econ\u00f3mico que resista el cambio clim\u00e1tico\" \/>\n<meta name=\"robots\" content=\"index, follow, max-snippet:-1, max-image-preview:large, max-video-preview:-1\" \/>\n<link rel=\"canonical\" href=\"https:\/\/www.nexoinformativo.mx\/index.php\/2025\/02\/21\/alicia-barcena-dice-que-no-hay-modelo-economico-que-resista-el-cambio-climatico\/\" \/>\n<meta property=\"og:locale\" content=\"es_MX\" \/>\n<meta property=\"og:type\" content=\"article\" \/>\n<meta property=\"og:title\" content=\"Alicia B\u00e1rcena dice que no hay modelo econ\u00f3mico que resista el cambio clim\u00e1tico | Nexo Informativo Santiago de Quer\u00e9taro\" \/>\n<meta property=\"og:description\" content=\"Alicia B\u00e1rcena dice que no hay modelo econ\u00f3mico que resista el cambio clim\u00e1tico\" \/>\n<meta property=\"og:url\" content=\"https:\/\/www.nexoinformativo.mx\/index.php\/2025\/02\/21\/alicia-barcena-dice-que-no-hay-modelo-economico-que-resista-el-cambio-climatico\/\" \/>\n<meta property=\"og:site_name\" content=\"Nexo Informativo Santiago de Quer\u00e9taro\" \/>\n<meta property=\"article:publisher\" content=\"https:\/\/www.facebook.com\/people\/Nexo-Informativo\/61564066885511\/\" \/>\n<meta property=\"article:published_time\" content=\"2025-02-21T15:00:13+00:00\" \/>\n<meta property=\"article:modified_time\" content=\"2025-02-21T22:56:06+00:00\" \/>\n<meta property=\"og:image\" content=\"https:\/\/www.nexoinformativo.mx\/wp-content\/uploads\/2025\/02\/IMG_0956.jpg\" \/>\n\t<meta property=\"og:image:width\" content=\"650\" \/>\n\t<meta property=\"og:image:height\" content=\"380\" \/>\n\t<meta property=\"og:image:type\" content=\"image\/jpeg\" \/>\n<meta name=\"author\" content=\"Nexo Informativo\" \/>\n<meta name=\"twitter:card\" content=\"summary_large_image\" \/>\n<meta name=\"twitter:label1\" content=\"Escrito por\" \/>\n\t<meta name=\"twitter:data1\" content=\"Nexo Informativo\" \/>\n\t<meta name=\"twitter:label2\" content=\"Tiempo de lectura\" \/>\n\t<meta name=\"twitter:data2\" content=\"2 minutos\" \/>\n<script type=\"application\/ld+json\" class=\"yoast-schema-graph\">{\"@context\":\"https:\/\/schema.org\",\"@graph\":[{\"@type\":\"Article\",\"@id\":\"https:\/\/www.nexoinformativo.mx\/index.php\/2025\/02\/21\/alicia-barcena-dice-que-no-hay-modelo-economico-que-resista-el-cambio-climatico\/#article\",\"isPartOf\":{\"@id\":\"https:\/\/www.nexoinformativo.mx\/index.php\/2025\/02\/21\/alicia-barcena-dice-que-no-hay-modelo-economico-que-resista-el-cambio-climatico\/\"},\"author\":{\"name\":\"Nexo Informativo\",\"@id\":\"https:\/\/www.nexoinformativo.mx\/#\/schema\/person\/7749d380ba08c8ca00d7bc76fd907b7d\"},\"headline\":\"Alicia B\u00e1rcena dice que no hay modelo econ\u00f3mico que resista el cambio clim\u00e1tico\",\"datePublished\":\"2025-02-21T15:00:13+00:00\",\"dateModified\":\"2025-02-21T22:56:06+00:00\",\"mainEntityOfPage\":{\"@id\":\"https:\/\/www.nexoinformativo.mx\/index.php\/2025\/02\/21\/alicia-barcena-dice-que-no-hay-modelo-economico-que-resista-el-cambio-climatico\/\"},\"wordCount\":240,\"commentCount\":0,\"publisher\":{\"@id\":\"https:\/\/www.nexoinformativo.mx\/#organization\"},\"image\":{\"@id\":\"https:\/\/www.nexoinformativo.mx\/index.php\/2025\/02\/21\/alicia-barcena-dice-que-no-hay-modelo-economico-que-resista-el-cambio-climatico\/#primaryimage\"},\"thumbnailUrl\":\"https:\/\/www.nexoinformativo.mx\/wp-content\/uploads\/2025\/02\/IMG_0956.jpg\",\"keywords\":[\"AliciaB\u00e1rcena\",\"CambioClim\u00e1tico\",\"Econom\u00edaCircular\",\"Sostenibilidad\"],\"articleSection\":[\"Nacional\",\"\u00daltima Hora\"],\"inLanguage\":\"es\",\"potentialAction\":[{\"@type\":\"CommentAction\",\"name\":\"Comment\",\"target\":[\"https:\/\/www.nexoinformativo.mx\/index.php\/2025\/02\/21\/alicia-barcena-dice-que-no-hay-modelo-economico-que-resista-el-cambio-climatico\/#respond\"]}]},{\"@type\":\"WebPage\",\"@id\":\"https:\/\/www.nexoinformativo.mx\/index.php\/2025\/02\/21\/alicia-barcena-dice-que-no-hay-modelo-economico-que-resista-el-cambio-climatico\/\",\"url\":\"https:\/\/www.nexoinformativo.mx\/index.php\/2025\/02\/21\/alicia-barcena-dice-que-no-hay-modelo-economico-que-resista-el-cambio-climatico\/\",\"name\":\"Alicia B\u00e1rcena dice que no hay modelo econ\u00f3mico que resista el cambio clim\u00e1tico | Nexo Informativo Santiago de Quer\u00e9taro\",\"isPartOf\":{\"@id\":\"https:\/\/www.nexoinformativo.mx\/#website\"},\"primaryImageOfPage\":{\"@id\":\"https:\/\/www.nexoinformativo.mx\/index.php\/2025\/02\/21\/alicia-barcena-dice-que-no-hay-modelo-economico-que-resista-el-cambio-climatico\/#primaryimage\"},\"image\":{\"@id\":\"https:\/\/www.nexoinformativo.mx\/index.php\/2025\/02\/21\/alicia-barcena-dice-que-no-hay-modelo-economico-que-resista-el-cambio-climatico\/#primaryimage\"},\"thumbnailUrl\":\"https:\/\/www.nexoinformativo.mx\/wp-content\/uploads\/2025\/02\/IMG_0956.jpg\",\"datePublished\":\"2025-02-21T15:00:13+00:00\",\"dateModified\":\"2025-02-21T22:56:06+00:00\",\"description\":\"Alicia B\u00e1rcena dice que no hay modelo econ\u00f3mico que resista el cambio clim\u00e1tico\",\"breadcrumb\":{\"@id\":\"https:\/\/www.nexoinformativo.mx\/index.php\/2025\/02\/21\/alicia-barcena-dice-que-no-hay-modelo-economico-que-resista-el-cambio-climatico\/#breadcrumb\"},\"inLanguage\":\"es\",\"potentialAction\":[{\"@type\":\"ReadAction\",\"target\":[\"https:\/\/www.nexoinformativo.mx\/index.php\/2025\/02\/21\/alicia-barcena-dice-que-no-hay-modelo-economico-que-resista-el-cambio-climatico\/\"]}]},{\"@type\":\"ImageObject\",\"inLanguage\":\"es\",\"@id\":\"https:\/\/www.nexoinformativo.mx\/index.php\/2025\/02\/21\/alicia-barcena-dice-que-no-hay-modelo-economico-que-resista-el-cambio-climatico\/#primaryimage\",\"url\":\"https:\/\/www.nexoinformativo.mx\/wp-content\/uploads\/2025\/02\/IMG_0956.jpg\",\"contentUrl\":\"https:\/\/www.nexoinformativo.mx\/wp-content\/uploads\/2025\/02\/IMG_0956.jpg\",\"width\":650,\"height\":380},{\"@type\":\"BreadcrumbList\",\"@id\":\"https:\/\/www.nexoinformativo.mx\/index.php\/2025\/02\/21\/alicia-barcena-dice-que-no-hay-modelo-economico-que-resista-el-cambio-climatico\/#breadcrumb\",\"itemListElement\":[{\"@type\":\"ListItem\",\"position\":1,\"name\":\"Inicio\",\"item\":\"https:\/\/www.nexoinformativo.mx\/\"},{\"@type\":\"ListItem\",\"position\":2,\"name\":\"Alicia B\u00e1rcena dice que no hay modelo econ\u00f3mico que resista el cambio clim\u00e1tico\"}]},{\"@type\":\"WebSite\",\"@id\":\"https:\/\/www.nexoinformativo.mx\/#website\",\"url\":\"https:\/\/www.nexoinformativo.mx\/\",\"name\":\"Nexo Informativo Santiago de Quer\u00e9taro\",\"description\":\"Explora NexoInformativo y convi\u00e9rtete en parte de una comunidad que valora el conocimiento y la verdad. Tu nexoinformativo es tu puente hacia una comprensi\u00f3n m\u00e1s profunda del mundo que te rodea.\",\"publisher\":{\"@id\":\"https:\/\/www.nexoinformativo.mx\/#organization\"},\"potentialAction\":[{\"@type\":\"SearchAction\",\"target\":{\"@type\":\"EntryPoint\",\"urlTemplate\":\"https:\/\/www.nexoinformativo.mx\/?s={search_term_string}\"},\"query-input\":{\"@type\":\"PropertyValueSpecification\",\"valueRequired\":true,\"valueName\":\"search_term_string\"}}],\"inLanguage\":\"es\"},{\"@type\":\"Organization\",\"@id\":\"https:\/\/www.nexoinformativo.mx\/#organization\",\"name\":\"Nexo Informativo Santiago de Quer\u00e9taro\",\"url\":\"https:\/\/www.nexoinformativo.mx\/\",\"logo\":{\"@type\":\"ImageObject\",\"inLanguage\":\"es\",\"@id\":\"https:\/\/www.nexoinformativo.mx\/#\/schema\/logo\/image\/\",\"url\":\"https:\/\/www.nexoinformativo.mx\/wp-content\/uploads\/2024\/07\/nexoi-trasparente-2.png\",\"contentUrl\":\"https:\/\/www.nexoinformativo.mx\/wp-content\/uploads\/2024\/07\/nexoi-trasparente-2.png\",\"width\":816,\"height\":339,\"caption\":\"Nexo Informativo Santiago de Quer\u00e9taro\"},\"image\":{\"@id\":\"https:\/\/www.nexoinformativo.mx\/#\/schema\/logo\/image\/\"},\"sameAs\":[\"https:\/\/www.facebook.com\/people\/Nexo-Informativo\/61564066885511\/\"]},{\"@type\":\"Person\",\"@id\":\"https:\/\/www.nexoinformativo.mx\/#\/schema\/person\/7749d380ba08c8ca00d7bc76fd907b7d\",\"name\":\"Nexo Informativo\",\"image\":{\"@type\":\"ImageObject\",\"inLanguage\":\"es\",\"@id\":\"https:\/\/www.nexoinformativo.mx\/#\/schema\/person\/image\/\",\"url\":\"https:\/\/secure.gravatar.com\/avatar\/dde2928154642a13d95f87ddf1ea9718fe2b46760a005c53e41ff5ad610704e6?s=96&d=mm&r=g\",\"contentUrl\":\"https:\/\/secure.gravatar.com\/avatar\/dde2928154642a13d95f87ddf1ea9718fe2b46760a005c53e41ff5ad610704e6?s=96&d=mm&r=g\",\"caption\":\"Nexo Informativo\"},\"url\":\"https:\/\/www.nexoinformativo.mx\/index.php\/author\/edicion\/\"}]}<\/script>\n<!-- \/ Yoast SEO plugin. -->","yoast_head_json":{"title":"Alicia B\u00e1rcena dice que no hay modelo econ\u00f3mico que resista el cambio clim\u00e1tico | Nexo Informativo Santiago de Quer\u00e9taro","description":"Alicia B\u00e1rcena dice que no hay modelo econ\u00f3mico que resista el cambio clim\u00e1tico","robots":{"index":"index","follow":"follow","max-snippet":"max-snippet:-1","max-image-preview":"max-image-preview:large","max-video-preview":"max-video-preview:-1"},"canonical":"https:\/\/www.nexoinformativo.mx\/index.php\/2025\/02\/21\/alicia-barcena-dice-que-no-hay-modelo-economico-que-resista-el-cambio-climatico\/","og_locale":"es_MX","og_type":"article","og_title":"Alicia B\u00e1rcena dice que no hay modelo econ\u00f3mico que resista el cambio clim\u00e1tico | Nexo Informativo Santiago de Quer\u00e9taro","og_description":"Alicia B\u00e1rcena dice que no hay modelo econ\u00f3mico que resista el cambio clim\u00e1tico","og_url":"https:\/\/www.nexoinformativo.mx\/index.php\/2025\/02\/21\/alicia-barcena-dice-que-no-hay-modelo-economico-que-resista-el-cambio-climatico\/","og_site_name":"Nexo Informativo Santiago de Quer\u00e9taro","article_publisher":"https:\/\/www.facebook.com\/people\/Nexo-Informativo\/61564066885511\/","article_published_time":"2025-02-21T15:00:13+00:00","article_modified_time":"2025-02-21T22:56:06+00:00","og_image":[{"width":650,"height":380,"url":"https:\/\/www.nexoinformativo.mx\/wp-content\/uploads\/2025\/02\/IMG_0956.jpg","type":"image\/jpeg"}],"author":"Nexo Informativo","twitter_card":"summary_large_image","twitter_misc":{"Escrito por":"Nexo Informativo","Tiempo de lectura":"2 minutos"},"schema":{"@context":"https:\/\/schema.org","@graph":[{"@type":"Article","@id":"https:\/\/www.nexoinformativo.mx\/index.php\/2025\/02\/21\/alicia-barcena-dice-que-no-hay-modelo-economico-que-resista-el-cambio-climatico\/#article","isPartOf":{"@id":"https:\/\/www.nexoinformativo.mx\/index.php\/2025\/02\/21\/alicia-barcena-dice-que-no-hay-modelo-economico-que-resista-el-cambio-climatico\/"},"author":{"name":"Nexo Informativo","@id":"https:\/\/www.nexoinformativo.mx\/#\/schema\/person\/7749d380ba08c8ca00d7bc76fd907b7d"},"headline":"Alicia B\u00e1rcena dice que no hay modelo econ\u00f3mico que resista el cambio clim\u00e1tico","datePublished":"2025-02-21T15:00:13+00:00","dateModified":"2025-02-21T22:56:06+00:00","mainEntityOfPage":{"@id":"https:\/\/www.nexoinformativo.mx\/index.php\/2025\/02\/21\/alicia-barcena-dice-que-no-hay-modelo-economico-que-resista-el-cambio-climatico\/"},"wordCount":240,"commentCount":0,"publisher":{"@id":"https:\/\/www.nexoinformativo.mx\/#organization"},"image":{"@id":"https:\/\/www.nexoinformativo.mx\/index.php\/2025\/02\/21\/alicia-barcena-dice-que-no-hay-modelo-economico-que-resista-el-cambio-climatico\/#primaryimage"},"thumbnailUrl":"https:\/\/www.nexoinformativo.mx\/wp-content\/uploads\/2025\/02\/IMG_0956.jpg","keywords":["AliciaB\u00e1rcena","CambioClim\u00e1tico","Econom\u00edaCircular","Sostenibilidad"],"articleSection":["Nacional","\u00daltima Hora"],"inLanguage":"es","potentialAction":[{"@type":"CommentAction","name":"Comment","target":["https:\/\/www.nexoinformativo.mx\/index.php\/2025\/02\/21\/alicia-barcena-dice-que-no-hay-modelo-economico-que-resista-el-cambio-climatico\/#respond"]}]},{"@type":"WebPage","@id":"https:\/\/www.nexoinformativo.mx\/index.php\/2025\/02\/21\/alicia-barcena-dice-que-no-hay-modelo-economico-que-resista-el-cambio-climatico\/","url":"https:\/\/www.nexoinformativo.mx\/index.php\/2025\/02\/21\/alicia-barcena-dice-que-no-hay-modelo-economico-que-resista-el-cambio-climatico\/","name":"Alicia B\u00e1rcena dice que no hay modelo econ\u00f3mico que resista el cambio clim\u00e1tico | Nexo Informativo Santiago de Quer\u00e9taro","isPartOf":{"@id":"https:\/\/www.nexoinformativo.mx\/#website"},"primaryImageOfPage":{"@id":"https:\/\/www.nexoinformativo.mx\/index.php\/2025\/02\/21\/alicia-barcena-dice-que-no-hay-modelo-economico-que-resista-el-cambio-climatico\/#primaryimage"},"image":{"@id":"https:\/\/www.nexoinformativo.mx\/index.php\/2025\/02\/21\/alicia-barcena-dice-que-no-hay-modelo-economico-que-resista-el-cambio-climatico\/#primaryimage"},"thumbnailUrl":"https:\/\/www.nexoinformativo.mx\/wp-content\/uploads\/2025\/02\/IMG_0956.jpg","datePublished":"2025-02-21T15:00:13+00:00","dateModified":"2025-02-21T22:56:06+00:00","description":"Alicia B\u00e1rcena dice que no hay modelo econ\u00f3mico que resista el cambio clim\u00e1tico","breadcrumb":{"@id":"https:\/\/www.nexoinformativo.mx\/index.php\/2025\/02\/21\/alicia-barcena-dice-que-no-hay-modelo-economico-que-resista-el-cambio-climatico\/#breadcrumb"},"inLanguage":"es","potentialAction":[{"@type":"ReadAction","target":["https:\/\/www.nexoinformativo.mx\/index.php\/2025\/02\/21\/alicia-barcena-dice-que-no-hay-modelo-economico-que-resista-el-cambio-climatico\/"]}]},{"@type":"ImageObject","inLanguage":"es","@id":"https:\/\/www.nexoinformativo.mx\/index.php\/2025\/02\/21\/alicia-barcena-dice-que-no-hay-modelo-economico-que-resista-el-cambio-climatico\/#primaryimage","url":"https:\/\/www.nexoinformativo.mx\/wp-content\/uploads\/2025\/02\/IMG_0956.jpg","contentUrl":"https:\/\/www.nexoinformativo.mx\/wp-content\/uploads\/2025\/02\/IMG_0956.jpg","width":650,"height":380},{"@type":"BreadcrumbList","@id":"https:\/\/www.nexoinformativo.mx\/index.php\/2025\/02\/21\/alicia-barcena-dice-que-no-hay-modelo-economico-que-resista-el-cambio-climatico\/#breadcrumb","itemListElement":[{"@type":"ListItem","position":1,"name":"Inicio","item":"https:\/\/www.nexoinformativo.mx\/"},{"@type":"ListItem","position":2,"name":"Alicia B\u00e1rcena dice que no hay modelo econ\u00f3mico que resista el cambio clim\u00e1tico"}]},{"@type":"WebSite","@id":"https:\/\/www.nexoinformativo.mx\/#website","url":"https:\/\/www.nexoinformativo.mx\/","name":"Nexo Informativo Santiago de Quer\u00e9taro","description":"Explora NexoInformativo y convi\u00e9rtete en parte de una comunidad que valora el conocimiento y la verdad. Tu nexoinformativo es tu puente hacia una comprensi\u00f3n m\u00e1s profunda del mundo que te rodea.","publisher":{"@id":"https:\/\/www.nexoinformativo.mx\/#organization"},"potentialAction":[{"@type":"SearchAction","target":{"@type":"EntryPoint","urlTemplate":"https:\/\/www.nexoinformativo.mx\/?s={search_term_string}"},"query-input":{"@type":"PropertyValueSpecification","valueRequired":true,"valueName":"search_term_string"}}],"inLanguage":"es"},{"@type":"Organization","@id":"https:\/\/www.nexoinformativo.mx\/#organization","name":"Nexo Informativo Santiago de Quer\u00e9taro","url":"https:\/\/www.nexoinformativo.mx\/","logo":{"@type":"ImageObject","inLanguage":"es","@id":"https:\/\/www.nexoinformativo.mx\/#\/schema\/logo\/image\/","url":"https:\/\/www.nexoinformativo.mx\/wp-content\/uploads\/2024\/07\/nexoi-trasparente-2.png","contentUrl":"https:\/\/www.nexoinformativo.mx\/wp-content\/uploads\/2024\/07\/nexoi-trasparente-2.png","width":816,"height":339,"caption":"Nexo Informativo Santiago de Quer\u00e9taro"},"image":{"@id":"https:\/\/www.nexoinformativo.mx\/#\/schema\/logo\/image\/"},"sameAs":["https:\/\/www.facebook.com\/people\/Nexo-Informativo\/61564066885511\/"]},{"@type":"Person","@id":"https:\/\/www.nexoinformativo.mx\/#\/schema\/person\/7749d380ba08c8ca00d7bc76fd907b7d","name":"Nexo Informativo","image":{"@type":"ImageObject","inLanguage":"es","@id":"https:\/\/www.nexoinformativo.mx\/#\/schema\/person\/image\/","url":"https:\/\/secure.gravatar.com\/avatar\/dde2928154642a13d95f87ddf1ea9718fe2b46760a005c53e41ff5ad610704e6?s=96&d=mm&r=g","contentUrl":"https:\/\/secure.gravatar.com\/avatar\/dde2928154642a13d95f87ddf1ea9718fe2b46760a005c53e41ff5ad610704e6?s=96&d=mm&r=g","caption":"Nexo Informativo"},"url":"https:\/\/www.nexoinformativo.mx\/index.php\/author\/edicion\/"}]}},"_links":{"self":[{"href":"https:\/\/www.nexoinformativo.mx\/index.php\/wp-json\/wp\/v2\/posts\/11921","targetHints":{"allow":["GET"]}}],"collection":[{"href":"https:\/\/www.nexoinformativo.mx\/index.php\/wp-json\/wp\/v2\/posts"}],"about":[{"href":"https:\/\/www.nexoinformativo.mx\/index.php\/wp-json\/wp\/v2\/types\/post"}],"author":[{"embeddable":true,"href":"https:\/\/www.nexoinformativo.mx\/index.php\/wp-json\/wp\/v2\/users\/3"}],"replies":[{"embeddable":true,"href":"https:\/\/www.nexoinformativo.mx\/index.php\/wp-json\/wp\/v2\/comments?post=11921"}],"version-history":[{"count":5,"href":"https:\/\/www.nexoinformativo.mx\/index.php\/wp-json\/wp\/v2\/posts\/11921\/revisions"}],"predecessor-version":[{"id":11925,"href":"https:\/\/www.nexoinformativo.mx\/index.php\/wp-json\/wp\/v2\/posts\/11921\/revisions\/11925"}],"wp:featuredmedia":[{"embeddable":true,"href":"https:\/\/www.nexoinformativo.mx\/index.php\/wp-json\/wp\/v2\/media\/11926"}],"wp:attachment":[{"href":"https:\/\/www.nexoinformativo.mx\/index.php\/wp-json\/wp\/v2\/media?parent=11921"}],"wp:term":[{"taxonomy":"category","embeddable":true,"href":"https:\/\/www.nexoinformativo.mx\/index.php\/wp-json\/wp\/v2\/categories?post=11921"},{"taxonomy":"post_tag","embeddable":true,"href":"https:\/\/www.nexoinformativo.mx\/index.php\/wp-json\/wp\/v2\/tags?post=11921"}],"curies":[{"name":"wp","href":"https:\/\/api.w.org\/{rel}","templated":true}]}}