{"id":11934,"date":"2025-02-21T11:00:23","date_gmt":"2025-02-21T17:00:23","guid":{"rendered":"https:\/\/www.nexoinformativo.mx\/?p=11934"},"modified":"2025-02-21T17:23:12","modified_gmt":"2025-02-21T23:23:12","slug":"ut-san-juan-y-colegio-de-ingenieros-civiles-unen-fuerzas-para-impulsar-a-futuros-ingenieros","status":"publish","type":"post","link":"https:\/\/www.nexoinformativo.mx\/index.php\/2025\/02\/21\/ut-san-juan-y-colegio-de-ingenieros-civiles-unen-fuerzas-para-impulsar-a-futuros-ingenieros\/","title":{"rendered":"UT San Juan y Colegio de Ingenieros Civiles unen fuerzas para impulsar a futuros ingenieros"},"content":{"rendered":"<p style=\"text-align: justify;\" data-sourcepos=\"11:1-11:324\">La Universidad Tecnol\u00f3gica de San Juan del R\u00edo (UT San Juan) y el Colegio de Ingenieros Civiles de Quer\u00e9taro (CICQ) han establecido una alianza estrat\u00e9gica para impulsar a los estudiantes de la carrera de Ingenier\u00eda Civil y brindarles mejores oportunidades de desarrollo profesional.<\/p>\n<\/p>\n<p>&nbsp;<\/p>\n<p style=\"text-align: justify;\" data-sourcepos=\"13:1-13:213\">El rector de la UT San Juan, Fernando Ferrusca, y el presidente del CICQ, Pablo Talamantes, formalizaron este acuerdo de colaboraci\u00f3n que permitir\u00e1 fortalecer la sinergia entre ambas instituciones.<\/p>\n<\/p>\n<p>&nbsp;<\/p>\n<p style=\"text-align: justify;\" data-sourcepos=\"15:1-15:356\">&#8220;Es con la suma de esfuerzos y habilidades como se logran los mejores resultados&#8221;, destac\u00f3 Ferrusca Ortiz. &#8220;Este convenio es el marco para generar y promover actividades como capacitaciones para los colegiados, as\u00ed como para ampliar los espacios para que las alumnas y alumnos lleven sus conocimientos a la pr\u00e1ctica a trav\u00e9s de las estad\u00edas profesionales&#8221;.<\/p>\n<\/p>\n<p>&nbsp;<\/p>\n<p style=\"text-align: justify;\" data-sourcepos=\"17:1-17:375\">Por su parte, Pablo Talamantes se\u00f1al\u00f3 que la vinculaci\u00f3n con las instituciones educativas les da la certidumbre de contar con ingenieros civiles capaces y capacitados para atender las necesidades sociales.<\/p>\n<\/p>\n<p>&nbsp;<\/p>\n<p style=\"text-align: justify;\" data-sourcepos=\"17:1-17:375\"><strong> &#8220;Desde este acuerdo, se estar\u00e1 impulsando el cap\u00edtulo estudiantil del Colegio, para que junto a las universidades sean semillero de profesionistas exitosos&#8221;<\/strong>, agreg\u00f3.<\/p>\n<\/p>\n<p>&nbsp;<\/p>\n<p style=\"text-align: center;\" data-sourcepos=\"17:1-17:375\"><em><strong>\u00a1Informaci\u00f3n que transforma!<\/strong><\/em><\/p>\n","protected":false},"excerpt":{"rendered":"<p>La Universidad Tecnol\u00f3gica de San Juan del R\u00edo (UT San Juan) y el Colegio de Ingenieros Civiles de Quer\u00e9taro (CICQ) han establecido una alianza estrat\u00e9gica para impulsar a los estudiantes de la carrera de Ingenier\u00eda Civil y brindarles mejores oportunidades de desarrollo profesional.<\/p>\n","protected":false},"author":3,"featured_media":11937,"comment_status":"open","ping_status":"open","sticky":false,"template":"","format":"standard","meta":{"footnotes":""},"categories":[65,58],"tags":[1777,1779,133,1999],"class_list":["post-11934","post","type-post","status-publish","format-standard","has-post-thumbnail","hentry","category-municipios","category-ultima-hora","tag-cicq","tag-ingenieriacivil","tag-queretaro","tag-utsanjuan"],"yoast_head":"<!-- This site is optimized with the Yoast SEO plugin v25.0 - https:\/\/yoast.com\/wordpress\/plugins\/seo\/ -->\n<title>UT San Juan y Colegio de Ingenieros Civiles unen fuerzas para impulsar a futuros ingenieros | Nexo Informativo Santiago de Quer\u00e9taro<\/title>\n<meta name=\"description\" content=\"UT San Juan y Colegio de Ingenieros Civiles unen fuerzas para impulsar a futuros ingenieros\" \/>\n<meta name=\"robots\" content=\"index, follow, max-snippet:-1, max-image-preview:large, max-video-preview:-1\" \/>\n<link rel=\"canonical\" href=\"https:\/\/www.nexoinformativo.mx\/index.php\/2025\/02\/21\/ut-san-juan-y-colegio-de-ingenieros-civiles-unen-fuerzas-para-impulsar-a-futuros-ingenieros\/\" \/>\n<meta property=\"og:locale\" content=\"es_MX\" \/>\n<meta property=\"og:type\" content=\"article\" \/>\n<meta property=\"og:title\" content=\"UT San Juan y Colegio de Ingenieros Civiles unen fuerzas para impulsar a futuros ingenieros | Nexo Informativo Santiago de Quer\u00e9taro\" \/>\n<meta property=\"og:description\" content=\"UT San Juan y Colegio de Ingenieros Civiles unen fuerzas para impulsar a futuros ingenieros\" \/>\n<meta property=\"og:url\" content=\"https:\/\/www.nexoinformativo.mx\/index.php\/2025\/02\/21\/ut-san-juan-y-colegio-de-ingenieros-civiles-unen-fuerzas-para-impulsar-a-futuros-ingenieros\/\" \/>\n<meta property=\"og:site_name\" content=\"Nexo Informativo Santiago de Quer\u00e9taro\" \/>\n<meta property=\"article:publisher\" content=\"https:\/\/www.facebook.com\/people\/Nexo-Informativo\/61564066885511\/\" \/>\n<meta property=\"article:published_time\" content=\"2025-02-21T17:00:23+00:00\" \/>\n<meta property=\"article:modified_time\" content=\"2025-02-21T23:23:12+00:00\" \/>\n<meta property=\"og:image\" content=\"https:\/\/www.nexoinformativo.mx\/wp-content\/uploads\/2025\/02\/195781bc-ac3f-49c9-aed4-bfca5a6da4d2-e1740180182167.jpg\" \/>\n\t<meta property=\"og:image:width\" content=\"650\" \/>\n\t<meta property=\"og:image:height\" content=\"971\" \/>\n\t<meta property=\"og:image:type\" content=\"image\/jpeg\" \/>\n<meta name=\"author\" content=\"Nexo Informativo\" \/>\n<meta name=\"twitter:card\" content=\"summary_large_image\" \/>\n<meta name=\"twitter:label1\" content=\"Escrito por\" \/>\n\t<meta name=\"twitter:data1\" content=\"Nexo Informativo\" \/>\n\t<meta name=\"twitter:label2\" content=\"Tiempo de lectura\" \/>\n\t<meta name=\"twitter:data2\" content=\"2 minutos\" \/>\n<script type=\"application\/ld+json\" class=\"yoast-schema-graph\">{\"@context\":\"https:\/\/schema.org\",\"@graph\":[{\"@type\":\"Article\",\"@id\":\"https:\/\/www.nexoinformativo.mx\/index.php\/2025\/02\/21\/ut-san-juan-y-colegio-de-ingenieros-civiles-unen-fuerzas-para-impulsar-a-futuros-ingenieros\/#article\",\"isPartOf\":{\"@id\":\"https:\/\/www.nexoinformativo.mx\/index.php\/2025\/02\/21\/ut-san-juan-y-colegio-de-ingenieros-civiles-unen-fuerzas-para-impulsar-a-futuros-ingenieros\/\"},\"author\":{\"name\":\"Nexo Informativo\",\"@id\":\"https:\/\/www.nexoinformativo.mx\/#\/schema\/person\/7749d380ba08c8ca00d7bc76fd907b7d\"},\"headline\":\"UT San Juan y Colegio de Ingenieros Civiles unen fuerzas para impulsar a futuros ingenieros\",\"datePublished\":\"2025-02-21T17:00:23+00:00\",\"dateModified\":\"2025-02-21T23:23:12+00:00\",\"mainEntityOfPage\":{\"@id\":\"https:\/\/www.nexoinformativo.mx\/index.php\/2025\/02\/21\/ut-san-juan-y-colegio-de-ingenieros-civiles-unen-fuerzas-para-impulsar-a-futuros-ingenieros\/\"},\"wordCount\":217,\"commentCount\":0,\"publisher\":{\"@id\":\"https:\/\/www.nexoinformativo.mx\/#organization\"},\"image\":{\"@id\":\"https:\/\/www.nexoinformativo.mx\/index.php\/2025\/02\/21\/ut-san-juan-y-colegio-de-ingenieros-civiles-unen-fuerzas-para-impulsar-a-futuros-ingenieros\/#primaryimage\"},\"thumbnailUrl\":\"https:\/\/www.nexoinformativo.mx\/wp-content\/uploads\/2025\/02\/195781bc-ac3f-49c9-aed4-bfca5a6da4d2-e1740180182167.jpg\",\"keywords\":[\"CICQ\",\"Ingenier\u00edaCivil\",\"Quer\u00e9taro\",\"UTSanJuan\"],\"articleSection\":[\"Municipios\",\"\u00daltima Hora\"],\"inLanguage\":\"es\",\"potentialAction\":[{\"@type\":\"CommentAction\",\"name\":\"Comment\",\"target\":[\"https:\/\/www.nexoinformativo.mx\/index.php\/2025\/02\/21\/ut-san-juan-y-colegio-de-ingenieros-civiles-unen-fuerzas-para-impulsar-a-futuros-ingenieros\/#respond\"]}]},{\"@type\":\"WebPage\",\"@id\":\"https:\/\/www.nexoinformativo.mx\/index.php\/2025\/02\/21\/ut-san-juan-y-colegio-de-ingenieros-civiles-unen-fuerzas-para-impulsar-a-futuros-ingenieros\/\",\"url\":\"https:\/\/www.nexoinformativo.mx\/index.php\/2025\/02\/21\/ut-san-juan-y-colegio-de-ingenieros-civiles-unen-fuerzas-para-impulsar-a-futuros-ingenieros\/\",\"name\":\"UT San Juan y Colegio de Ingenieros Civiles unen fuerzas para impulsar a futuros ingenieros | Nexo Informativo Santiago de Quer\u00e9taro\",\"isPartOf\":{\"@id\":\"https:\/\/www.nexoinformativo.mx\/#website\"},\"primaryImageOfPage\":{\"@id\":\"https:\/\/www.nexoinformativo.mx\/index.php\/2025\/02\/21\/ut-san-juan-y-colegio-de-ingenieros-civiles-unen-fuerzas-para-impulsar-a-futuros-ingenieros\/#primaryimage\"},\"image\":{\"@id\":\"https:\/\/www.nexoinformativo.mx\/index.php\/2025\/02\/21\/ut-san-juan-y-colegio-de-ingenieros-civiles-unen-fuerzas-para-impulsar-a-futuros-ingenieros\/#primaryimage\"},\"thumbnailUrl\":\"https:\/\/www.nexoinformativo.mx\/wp-content\/uploads\/2025\/02\/195781bc-ac3f-49c9-aed4-bfca5a6da4d2-e1740180182167.jpg\",\"datePublished\":\"2025-02-21T17:00:23+00:00\",\"dateModified\":\"2025-02-21T23:23:12+00:00\",\"description\":\"UT San Juan y Colegio de Ingenieros Civiles unen fuerzas para impulsar a futuros ingenieros\",\"breadcrumb\":{\"@id\":\"https:\/\/www.nexoinformativo.mx\/index.php\/2025\/02\/21\/ut-san-juan-y-colegio-de-ingenieros-civiles-unen-fuerzas-para-impulsar-a-futuros-ingenieros\/#breadcrumb\"},\"inLanguage\":\"es\",\"potentialAction\":[{\"@type\":\"ReadAction\",\"target\":[\"https:\/\/www.nexoinformativo.mx\/index.php\/2025\/02\/21\/ut-san-juan-y-colegio-de-ingenieros-civiles-unen-fuerzas-para-impulsar-a-futuros-ingenieros\/\"]}]},{\"@type\":\"ImageObject\",\"inLanguage\":\"es\",\"@id\":\"https:\/\/www.nexoinformativo.mx\/index.php\/2025\/02\/21\/ut-san-juan-y-colegio-de-ingenieros-civiles-unen-fuerzas-para-impulsar-a-futuros-ingenieros\/#primaryimage\",\"url\":\"https:\/\/www.nexoinformativo.mx\/wp-content\/uploads\/2025\/02\/195781bc-ac3f-49c9-aed4-bfca5a6da4d2-e1740180182167.jpg\",\"contentUrl\":\"https:\/\/www.nexoinformativo.mx\/wp-content\/uploads\/2025\/02\/195781bc-ac3f-49c9-aed4-bfca5a6da4d2-e1740180182167.jpg\",\"width\":650,\"height\":971},{\"@type\":\"BreadcrumbList\",\"@id\":\"https:\/\/www.nexoinformativo.mx\/index.php\/2025\/02\/21\/ut-san-juan-y-colegio-de-ingenieros-civiles-unen-fuerzas-para-impulsar-a-futuros-ingenieros\/#breadcrumb\",\"itemListElement\":[{\"@type\":\"ListItem\",\"position\":1,\"name\":\"Inicio\",\"item\":\"https:\/\/www.nexoinformativo.mx\/\"},{\"@type\":\"ListItem\",\"position\":2,\"name\":\"UT San Juan y Colegio de Ingenieros Civiles unen fuerzas para impulsar a futuros ingenieros\"}]},{\"@type\":\"WebSite\",\"@id\":\"https:\/\/www.nexoinformativo.mx\/#website\",\"url\":\"https:\/\/www.nexoinformativo.mx\/\",\"name\":\"Nexo Informativo Santiago de Quer\u00e9taro\",\"description\":\"Explora NexoInformativo y convi\u00e9rtete en parte de una comunidad que valora el conocimiento y la verdad. Tu nexoinformativo es tu puente hacia una comprensi\u00f3n m\u00e1s profunda del mundo que te rodea.\",\"publisher\":{\"@id\":\"https:\/\/www.nexoinformativo.mx\/#organization\"},\"potentialAction\":[{\"@type\":\"SearchAction\",\"target\":{\"@type\":\"EntryPoint\",\"urlTemplate\":\"https:\/\/www.nexoinformativo.mx\/?s={search_term_string}\"},\"query-input\":{\"@type\":\"PropertyValueSpecification\",\"valueRequired\":true,\"valueName\":\"search_term_string\"}}],\"inLanguage\":\"es\"},{\"@type\":\"Organization\",\"@id\":\"https:\/\/www.nexoinformativo.mx\/#organization\",\"name\":\"Nexo Informativo Santiago de Quer\u00e9taro\",\"url\":\"https:\/\/www.nexoinformativo.mx\/\",\"logo\":{\"@type\":\"ImageObject\",\"inLanguage\":\"es\",\"@id\":\"https:\/\/www.nexoinformativo.mx\/#\/schema\/logo\/image\/\",\"url\":\"https:\/\/www.nexoinformativo.mx\/wp-content\/uploads\/2024\/07\/nexoi-trasparente-2.png\",\"contentUrl\":\"https:\/\/www.nexoinformativo.mx\/wp-content\/uploads\/2024\/07\/nexoi-trasparente-2.png\",\"width\":816,\"height\":339,\"caption\":\"Nexo Informativo Santiago de Quer\u00e9taro\"},\"image\":{\"@id\":\"https:\/\/www.nexoinformativo.mx\/#\/schema\/logo\/image\/\"},\"sameAs\":[\"https:\/\/www.facebook.com\/people\/Nexo-Informativo\/61564066885511\/\"]},{\"@type\":\"Person\",\"@id\":\"https:\/\/www.nexoinformativo.mx\/#\/schema\/person\/7749d380ba08c8ca00d7bc76fd907b7d\",\"name\":\"Nexo Informativo\",\"image\":{\"@type\":\"ImageObject\",\"inLanguage\":\"es\",\"@id\":\"https:\/\/www.nexoinformativo.mx\/#\/schema\/person\/image\/\",\"url\":\"https:\/\/secure.gravatar.com\/avatar\/dde2928154642a13d95f87ddf1ea9718fe2b46760a005c53e41ff5ad610704e6?s=96&d=mm&r=g\",\"contentUrl\":\"https:\/\/secure.gravatar.com\/avatar\/dde2928154642a13d95f87ddf1ea9718fe2b46760a005c53e41ff5ad610704e6?s=96&d=mm&r=g\",\"caption\":\"Nexo Informativo\"},\"url\":\"https:\/\/www.nexoinformativo.mx\/index.php\/author\/edicion\/\"}]}<\/script>\n<!-- \/ Yoast SEO plugin. -->","yoast_head_json":{"title":"UT San Juan y Colegio de Ingenieros Civiles unen fuerzas para impulsar a futuros ingenieros | Nexo Informativo Santiago de Quer\u00e9taro","description":"UT San Juan y Colegio de Ingenieros Civiles unen fuerzas para impulsar a futuros ingenieros","robots":{"index":"index","follow":"follow","max-snippet":"max-snippet:-1","max-image-preview":"max-image-preview:large","max-video-preview":"max-video-preview:-1"},"canonical":"https:\/\/www.nexoinformativo.mx\/index.php\/2025\/02\/21\/ut-san-juan-y-colegio-de-ingenieros-civiles-unen-fuerzas-para-impulsar-a-futuros-ingenieros\/","og_locale":"es_MX","og_type":"article","og_title":"UT San Juan y Colegio de Ingenieros Civiles unen fuerzas para impulsar a futuros ingenieros | Nexo Informativo Santiago de Quer\u00e9taro","og_description":"UT San Juan y Colegio de Ingenieros Civiles unen fuerzas para impulsar a futuros ingenieros","og_url":"https:\/\/www.nexoinformativo.mx\/index.php\/2025\/02\/21\/ut-san-juan-y-colegio-de-ingenieros-civiles-unen-fuerzas-para-impulsar-a-futuros-ingenieros\/","og_site_name":"Nexo Informativo Santiago de Quer\u00e9taro","article_publisher":"https:\/\/www.facebook.com\/people\/Nexo-Informativo\/61564066885511\/","article_published_time":"2025-02-21T17:00:23+00:00","article_modified_time":"2025-02-21T23:23:12+00:00","og_image":[{"width":650,"height":971,"url":"https:\/\/www.nexoinformativo.mx\/wp-content\/uploads\/2025\/02\/195781bc-ac3f-49c9-aed4-bfca5a6da4d2-e1740180182167.jpg","type":"image\/jpeg"}],"author":"Nexo Informativo","twitter_card":"summary_large_image","twitter_misc":{"Escrito por":"Nexo Informativo","Tiempo de lectura":"2 minutos"},"schema":{"@context":"https:\/\/schema.org","@graph":[{"@type":"Article","@id":"https:\/\/www.nexoinformativo.mx\/index.php\/2025\/02\/21\/ut-san-juan-y-colegio-de-ingenieros-civiles-unen-fuerzas-para-impulsar-a-futuros-ingenieros\/#article","isPartOf":{"@id":"https:\/\/www.nexoinformativo.mx\/index.php\/2025\/02\/21\/ut-san-juan-y-colegio-de-ingenieros-civiles-unen-fuerzas-para-impulsar-a-futuros-ingenieros\/"},"author":{"name":"Nexo Informativo","@id":"https:\/\/www.nexoinformativo.mx\/#\/schema\/person\/7749d380ba08c8ca00d7bc76fd907b7d"},"headline":"UT San Juan y Colegio de Ingenieros Civiles unen fuerzas para impulsar a futuros ingenieros","datePublished":"2025-02-21T17:00:23+00:00","dateModified":"2025-02-21T23:23:12+00:00","mainEntityOfPage":{"@id":"https:\/\/www.nexoinformativo.mx\/index.php\/2025\/02\/21\/ut-san-juan-y-colegio-de-ingenieros-civiles-unen-fuerzas-para-impulsar-a-futuros-ingenieros\/"},"wordCount":217,"commentCount":0,"publisher":{"@id":"https:\/\/www.nexoinformativo.mx\/#organization"},"image":{"@id":"https:\/\/www.nexoinformativo.mx\/index.php\/2025\/02\/21\/ut-san-juan-y-colegio-de-ingenieros-civiles-unen-fuerzas-para-impulsar-a-futuros-ingenieros\/#primaryimage"},"thumbnailUrl":"https:\/\/www.nexoinformativo.mx\/wp-content\/uploads\/2025\/02\/195781bc-ac3f-49c9-aed4-bfca5a6da4d2-e1740180182167.jpg","keywords":["CICQ","Ingenier\u00edaCivil","Quer\u00e9taro","UTSanJuan"],"articleSection":["Municipios","\u00daltima Hora"],"inLanguage":"es","potentialAction":[{"@type":"CommentAction","name":"Comment","target":["https:\/\/www.nexoinformativo.mx\/index.php\/2025\/02\/21\/ut-san-juan-y-colegio-de-ingenieros-civiles-unen-fuerzas-para-impulsar-a-futuros-ingenieros\/#respond"]}]},{"@type":"WebPage","@id":"https:\/\/www.nexoinformativo.mx\/index.php\/2025\/02\/21\/ut-san-juan-y-colegio-de-ingenieros-civiles-unen-fuerzas-para-impulsar-a-futuros-ingenieros\/","url":"https:\/\/www.nexoinformativo.mx\/index.php\/2025\/02\/21\/ut-san-juan-y-colegio-de-ingenieros-civiles-unen-fuerzas-para-impulsar-a-futuros-ingenieros\/","name":"UT San Juan y Colegio de Ingenieros Civiles unen fuerzas para impulsar a futuros ingenieros | Nexo Informativo Santiago de Quer\u00e9taro","isPartOf":{"@id":"https:\/\/www.nexoinformativo.mx\/#website"},"primaryImageOfPage":{"@id":"https:\/\/www.nexoinformativo.mx\/index.php\/2025\/02\/21\/ut-san-juan-y-colegio-de-ingenieros-civiles-unen-fuerzas-para-impulsar-a-futuros-ingenieros\/#primaryimage"},"image":{"@id":"https:\/\/www.nexoinformativo.mx\/index.php\/2025\/02\/21\/ut-san-juan-y-colegio-de-ingenieros-civiles-unen-fuerzas-para-impulsar-a-futuros-ingenieros\/#primaryimage"},"thumbnailUrl":"https:\/\/www.nexoinformativo.mx\/wp-content\/uploads\/2025\/02\/195781bc-ac3f-49c9-aed4-bfca5a6da4d2-e1740180182167.jpg","datePublished":"2025-02-21T17:00:23+00:00","dateModified":"2025-02-21T23:23:12+00:00","description":"UT San Juan y Colegio de Ingenieros Civiles unen fuerzas para impulsar a futuros ingenieros","breadcrumb":{"@id":"https:\/\/www.nexoinformativo.mx\/index.php\/2025\/02\/21\/ut-san-juan-y-colegio-de-ingenieros-civiles-unen-fuerzas-para-impulsar-a-futuros-ingenieros\/#breadcrumb"},"inLanguage":"es","potentialAction":[{"@type":"ReadAction","target":["https:\/\/www.nexoinformativo.mx\/index.php\/2025\/02\/21\/ut-san-juan-y-colegio-de-ingenieros-civiles-unen-fuerzas-para-impulsar-a-futuros-ingenieros\/"]}]},{"@type":"ImageObject","inLanguage":"es","@id":"https:\/\/www.nexoinformativo.mx\/index.php\/2025\/02\/21\/ut-san-juan-y-colegio-de-ingenieros-civiles-unen-fuerzas-para-impulsar-a-futuros-ingenieros\/#primaryimage","url":"https:\/\/www.nexoinformativo.mx\/wp-content\/uploads\/2025\/02\/195781bc-ac3f-49c9-aed4-bfca5a6da4d2-e1740180182167.jpg","contentUrl":"https:\/\/www.nexoinformativo.mx\/wp-content\/uploads\/2025\/02\/195781bc-ac3f-49c9-aed4-bfca5a6da4d2-e1740180182167.jpg","width":650,"height":971},{"@type":"BreadcrumbList","@id":"https:\/\/www.nexoinformativo.mx\/index.php\/2025\/02\/21\/ut-san-juan-y-colegio-de-ingenieros-civiles-unen-fuerzas-para-impulsar-a-futuros-ingenieros\/#breadcrumb","itemListElement":[{"@type":"ListItem","position":1,"name":"Inicio","item":"https:\/\/www.nexoinformativo.mx\/"},{"@type":"ListItem","position":2,"name":"UT San Juan y Colegio de Ingenieros Civiles unen fuerzas para impulsar a futuros ingenieros"}]},{"@type":"WebSite","@id":"https:\/\/www.nexoinformativo.mx\/#website","url":"https:\/\/www.nexoinformativo.mx\/","name":"Nexo Informativo Santiago de Quer\u00e9taro","description":"Explora NexoInformativo y convi\u00e9rtete en parte de una comunidad que valora el conocimiento y la verdad. Tu nexoinformativo es tu puente hacia una comprensi\u00f3n m\u00e1s profunda del mundo que te rodea.","publisher":{"@id":"https:\/\/www.nexoinformativo.mx\/#organization"},"potentialAction":[{"@type":"SearchAction","target":{"@type":"EntryPoint","urlTemplate":"https:\/\/www.nexoinformativo.mx\/?s={search_term_string}"},"query-input":{"@type":"PropertyValueSpecification","valueRequired":true,"valueName":"search_term_string"}}],"inLanguage":"es"},{"@type":"Organization","@id":"https:\/\/www.nexoinformativo.mx\/#organization","name":"Nexo Informativo Santiago de Quer\u00e9taro","url":"https:\/\/www.nexoinformativo.mx\/","logo":{"@type":"ImageObject","inLanguage":"es","@id":"https:\/\/www.nexoinformativo.mx\/#\/schema\/logo\/image\/","url":"https:\/\/www.nexoinformativo.mx\/wp-content\/uploads\/2024\/07\/nexoi-trasparente-2.png","contentUrl":"https:\/\/www.nexoinformativo.mx\/wp-content\/uploads\/2024\/07\/nexoi-trasparente-2.png","width":816,"height":339,"caption":"Nexo Informativo Santiago de Quer\u00e9taro"},"image":{"@id":"https:\/\/www.nexoinformativo.mx\/#\/schema\/logo\/image\/"},"sameAs":["https:\/\/www.facebook.com\/people\/Nexo-Informativo\/61564066885511\/"]},{"@type":"Person","@id":"https:\/\/www.nexoinformativo.mx\/#\/schema\/person\/7749d380ba08c8ca00d7bc76fd907b7d","name":"Nexo Informativo","image":{"@type":"ImageObject","inLanguage":"es","@id":"https:\/\/www.nexoinformativo.mx\/#\/schema\/person\/image\/","url":"https:\/\/secure.gravatar.com\/avatar\/dde2928154642a13d95f87ddf1ea9718fe2b46760a005c53e41ff5ad610704e6?s=96&d=mm&r=g","contentUrl":"https:\/\/secure.gravatar.com\/avatar\/dde2928154642a13d95f87ddf1ea9718fe2b46760a005c53e41ff5ad610704e6?s=96&d=mm&r=g","caption":"Nexo Informativo"},"url":"https:\/\/www.nexoinformativo.mx\/index.php\/author\/edicion\/"}]}},"_links":{"self":[{"href":"https:\/\/www.nexoinformativo.mx\/index.php\/wp-json\/wp\/v2\/posts\/11934","targetHints":{"allow":["GET"]}}],"collection":[{"href":"https:\/\/www.nexoinformativo.mx\/index.php\/wp-json\/wp\/v2\/posts"}],"about":[{"href":"https:\/\/www.nexoinformativo.mx\/index.php\/wp-json\/wp\/v2\/types\/post"}],"author":[{"embeddable":true,"href":"https:\/\/www.nexoinformativo.mx\/index.php\/wp-json\/wp\/v2\/users\/3"}],"replies":[{"embeddable":true,"href":"https:\/\/www.nexoinformativo.mx\/index.php\/wp-json\/wp\/v2\/comments?post=11934"}],"version-history":[{"count":3,"href":"https:\/\/www.nexoinformativo.mx\/index.php\/wp-json\/wp\/v2\/posts\/11934\/revisions"}],"predecessor-version":[{"id":11936,"href":"https:\/\/www.nexoinformativo.mx\/index.php\/wp-json\/wp\/v2\/posts\/11934\/revisions\/11936"}],"wp:featuredmedia":[{"embeddable":true,"href":"https:\/\/www.nexoinformativo.mx\/index.php\/wp-json\/wp\/v2\/media\/11937"}],"wp:attachment":[{"href":"https:\/\/www.nexoinformativo.mx\/index.php\/wp-json\/wp\/v2\/media?parent=11934"}],"wp:term":[{"taxonomy":"category","embeddable":true,"href":"https:\/\/www.nexoinformativo.mx\/index.php\/wp-json\/wp\/v2\/categories?post=11934"},{"taxonomy":"post_tag","embeddable":true,"href":"https:\/\/www.nexoinformativo.mx\/index.php\/wp-json\/wp\/v2\/tags?post=11934"}],"curies":[{"name":"wp","href":"https:\/\/api.w.org\/{rel}","templated":true}]}}