{"id":11939,"date":"2025-02-21T12:00:38","date_gmt":"2025-02-21T18:00:38","guid":{"rendered":"https:\/\/www.nexoinformativo.mx\/?p=11939"},"modified":"2025-02-21T17:29:20","modified_gmt":"2025-02-21T23:29:20","slug":"cae-homicida-en-san-juan-del-rio-23-anos-de-prision-por-crimen-en-gasolinera","status":"publish","type":"post","link":"https:\/\/www.nexoinformativo.mx\/index.php\/2025\/02\/21\/cae-homicida-en-san-juan-del-rio-23-anos-de-prision-por-crimen-en-gasolinera\/","title":{"rendered":"Cae homicida en San Juan del R\u00edo 23 a\u00f1os de prisi\u00f3n por crimen en gasolinera"},"content":{"rendered":"<p style=\"text-align: justify;\" data-sourcepos=\"11:1-11:350\">La Fiscal\u00eda General del Estado de Quer\u00e9taro (FGE) ha logrado una importante victoria en su lucha contra la impunidad.<\/p>\n<\/p>\n<p>&nbsp;<\/p>\n<p style=\"text-align: justify;\" data-sourcepos=\"11:1-11:350\">Tras un arduo trabajo de investigaci\u00f3n y persecuci\u00f3n del delito, se obtuvo una sentencia condenatoria de 23 a\u00f1os y 6 meses de prisi\u00f3n contra una persona por el delito de homicidio calificado.<\/p>\n<\/p>\n<p>&nbsp;<\/p>\n<p style=\"text-align: justify;\" data-sourcepos=\"13:1-13:273\">Los hechos que llevaron a esta condena ocurrieron el 17 de septiembre de 2019 en una gasolinera en construcci\u00f3n ubicada en Palmillas, San Juan del R\u00edo. En ese momento, el ahora sentenciado dispar\u00f3 a la v\u00edctima, provoc\u00e1ndole heridas que posteriormente le causaron la muerte.<\/p>\n<\/p>\n<p>&nbsp;<\/p>\n<p style=\"text-align: justify;\" data-sourcepos=\"15:1-15:295\">La Fiscal\u00eda General present\u00f3 pruebas s\u00f3lidas y contundentes durante el juicio, incluyendo evidencia cient\u00edfica y policial, que demostraron la culpabilidad del acusado. Adem\u00e1s de la pena de prisi\u00f3n, la autoridad judicial determin\u00f3 el pago de la reparaci\u00f3n del da\u00f1o a los familiares de la v\u00edctima.<\/p>\n<\/p>\n<p>&nbsp;<\/p>\n<p style=\"text-align: justify;\" data-sourcepos=\"17:1-17:316\">Esta sentencia ejemplar es el resultado del compromiso de la FGE por garantizar el acceso a la justicia y castigar a quienes cometen delitos graves como el homicidio.<\/p>\n<\/p>\n<p>&nbsp;<\/p>\n<p style=\"text-align: justify;\" data-sourcepos=\"17:1-17:316\">La Fiscal\u00eda General reafirma su compromiso de trabajar incansablemente para proteger a la sociedad y mantener la seguridad en el estado de Quer\u00e9taro.<\/p>\n<\/p>\n<p>&nbsp;<\/p>\n<p style=\"text-align: center;\" data-sourcepos=\"17:1-17:316\"><em><strong>\u00a1Informaci\u00f3n que transforma!<\/strong><\/em><\/p>\n","protected":false},"excerpt":{"rendered":"<p>La Fiscal\u00eda General del Estado de Quer\u00e9taro (FGE) ha logrado una importante victoria en su lucha contra la impunidad. Tras un arduo trabajo de investigaci\u00f3n y persecuci\u00f3n del delito, se obtuvo una sentencia condenatoria de 23 a\u00f1os y 6 meses de prisi\u00f3n contra una persona por el delito de homicidio calificado.<\/p>\n","protected":false},"author":3,"featured_media":11940,"comment_status":"open","ping_status":"open","sticky":false,"template":"","format":"standard","meta":{"footnotes":""},"categories":[137,58],"tags":[3494,3486,3493,382],"class_list":["post-11939","post","type-post","status-publish","format-standard","has-post-thumbnail","hentry","category-sucesos","category-ultima-hora","tag-ceroimpunidad","tag-fgequeretaro","tag-justiciaparavictimas","tag-sanjuandelrio"],"yoast_head":"<!-- This site is optimized with the Yoast SEO plugin v25.0 - https:\/\/yoast.com\/wordpress\/plugins\/seo\/ -->\n<title>Cae homicida en San Juan del R\u00edo 23 a\u00f1os de prisi\u00f3n por crimen en gasolinera | Nexo Informativo Santiago de Quer\u00e9taro<\/title>\n<meta name=\"description\" content=\"Cae homicida en San Juan del R\u00edo 23 a\u00f1os de prisi\u00f3n por crimen en gasolinera\" \/>\n<meta name=\"robots\" content=\"index, follow, max-snippet:-1, max-image-preview:large, max-video-preview:-1\" \/>\n<link rel=\"canonical\" href=\"https:\/\/www.nexoinformativo.mx\/index.php\/2025\/02\/21\/cae-homicida-en-san-juan-del-rio-23-anos-de-prision-por-crimen-en-gasolinera\/\" \/>\n<meta property=\"og:locale\" content=\"es_MX\" \/>\n<meta property=\"og:type\" content=\"article\" \/>\n<meta property=\"og:title\" content=\"Cae homicida en San Juan del R\u00edo 23 a\u00f1os de prisi\u00f3n por crimen en gasolinera | Nexo Informativo Santiago de Quer\u00e9taro\" \/>\n<meta property=\"og:description\" content=\"Cae homicida en San Juan del R\u00edo 23 a\u00f1os de prisi\u00f3n por crimen en gasolinera\" \/>\n<meta property=\"og:url\" content=\"https:\/\/www.nexoinformativo.mx\/index.php\/2025\/02\/21\/cae-homicida-en-san-juan-del-rio-23-anos-de-prision-por-crimen-en-gasolinera\/\" \/>\n<meta property=\"og:site_name\" content=\"Nexo Informativo Santiago de Quer\u00e9taro\" \/>\n<meta property=\"article:publisher\" content=\"https:\/\/www.facebook.com\/people\/Nexo-Informativo\/61564066885511\/\" \/>\n<meta property=\"article:published_time\" content=\"2025-02-21T18:00:38+00:00\" \/>\n<meta property=\"article:modified_time\" content=\"2025-02-21T23:29:20+00:00\" \/>\n<meta property=\"og:image\" content=\"https:\/\/www.nexoinformativo.mx\/wp-content\/uploads\/2025\/02\/PHOTO-2025-02-21-16-44-02-e1740180518696.jpg\" \/>\n\t<meta property=\"og:image:width\" content=\"800\" \/>\n\t<meta property=\"og:image:height\" content=\"504\" \/>\n\t<meta property=\"og:image:type\" content=\"image\/jpeg\" \/>\n<meta name=\"author\" content=\"Nexo Informativo\" \/>\n<meta name=\"twitter:card\" content=\"summary_large_image\" \/>\n<meta name=\"twitter:label1\" content=\"Escrito por\" \/>\n\t<meta name=\"twitter:data1\" content=\"Nexo Informativo\" \/>\n\t<meta name=\"twitter:label2\" content=\"Tiempo de lectura\" \/>\n\t<meta name=\"twitter:data2\" content=\"2 minutos\" \/>\n<script type=\"application\/ld+json\" class=\"yoast-schema-graph\">{\"@context\":\"https:\/\/schema.org\",\"@graph\":[{\"@type\":\"Article\",\"@id\":\"https:\/\/www.nexoinformativo.mx\/index.php\/2025\/02\/21\/cae-homicida-en-san-juan-del-rio-23-anos-de-prision-por-crimen-en-gasolinera\/#article\",\"isPartOf\":{\"@id\":\"https:\/\/www.nexoinformativo.mx\/index.php\/2025\/02\/21\/cae-homicida-en-san-juan-del-rio-23-anos-de-prision-por-crimen-en-gasolinera\/\"},\"author\":{\"name\":\"Nexo Informativo\",\"@id\":\"https:\/\/www.nexoinformativo.mx\/#\/schema\/person\/7749d380ba08c8ca00d7bc76fd907b7d\"},\"headline\":\"Cae homicida en San Juan del R\u00edo 23 a\u00f1os de prisi\u00f3n por crimen en gasolinera\",\"datePublished\":\"2025-02-21T18:00:38+00:00\",\"dateModified\":\"2025-02-21T23:29:20+00:00\",\"mainEntityOfPage\":{\"@id\":\"https:\/\/www.nexoinformativo.mx\/index.php\/2025\/02\/21\/cae-homicida-en-san-juan-del-rio-23-anos-de-prision-por-crimen-en-gasolinera\/\"},\"wordCount\":234,\"commentCount\":0,\"publisher\":{\"@id\":\"https:\/\/www.nexoinformativo.mx\/#organization\"},\"image\":{\"@id\":\"https:\/\/www.nexoinformativo.mx\/index.php\/2025\/02\/21\/cae-homicida-en-san-juan-del-rio-23-anos-de-prision-por-crimen-en-gasolinera\/#primaryimage\"},\"thumbnailUrl\":\"https:\/\/www.nexoinformativo.mx\/wp-content\/uploads\/2025\/02\/PHOTO-2025-02-21-16-44-02-e1740180518696.jpg\",\"keywords\":[\"CeroImpunidad\",\"FGEQuer\u00e9taro\",\"JusticiaParaV\u00edctimas\",\"SanJuanDelR\u00edo\"],\"articleSection\":[\"Sucesos\",\"\u00daltima Hora\"],\"inLanguage\":\"es\",\"potentialAction\":[{\"@type\":\"CommentAction\",\"name\":\"Comment\",\"target\":[\"https:\/\/www.nexoinformativo.mx\/index.php\/2025\/02\/21\/cae-homicida-en-san-juan-del-rio-23-anos-de-prision-por-crimen-en-gasolinera\/#respond\"]}]},{\"@type\":\"WebPage\",\"@id\":\"https:\/\/www.nexoinformativo.mx\/index.php\/2025\/02\/21\/cae-homicida-en-san-juan-del-rio-23-anos-de-prision-por-crimen-en-gasolinera\/\",\"url\":\"https:\/\/www.nexoinformativo.mx\/index.php\/2025\/02\/21\/cae-homicida-en-san-juan-del-rio-23-anos-de-prision-por-crimen-en-gasolinera\/\",\"name\":\"Cae homicida en San Juan del R\u00edo 23 a\u00f1os de prisi\u00f3n por crimen en gasolinera | Nexo Informativo Santiago de Quer\u00e9taro\",\"isPartOf\":{\"@id\":\"https:\/\/www.nexoinformativo.mx\/#website\"},\"primaryImageOfPage\":{\"@id\":\"https:\/\/www.nexoinformativo.mx\/index.php\/2025\/02\/21\/cae-homicida-en-san-juan-del-rio-23-anos-de-prision-por-crimen-en-gasolinera\/#primaryimage\"},\"image\":{\"@id\":\"https:\/\/www.nexoinformativo.mx\/index.php\/2025\/02\/21\/cae-homicida-en-san-juan-del-rio-23-anos-de-prision-por-crimen-en-gasolinera\/#primaryimage\"},\"thumbnailUrl\":\"https:\/\/www.nexoinformativo.mx\/wp-content\/uploads\/2025\/02\/PHOTO-2025-02-21-16-44-02-e1740180518696.jpg\",\"datePublished\":\"2025-02-21T18:00:38+00:00\",\"dateModified\":\"2025-02-21T23:29:20+00:00\",\"description\":\"Cae homicida en San Juan del R\u00edo 23 a\u00f1os de prisi\u00f3n por crimen en gasolinera\",\"breadcrumb\":{\"@id\":\"https:\/\/www.nexoinformativo.mx\/index.php\/2025\/02\/21\/cae-homicida-en-san-juan-del-rio-23-anos-de-prision-por-crimen-en-gasolinera\/#breadcrumb\"},\"inLanguage\":\"es\",\"potentialAction\":[{\"@type\":\"ReadAction\",\"target\":[\"https:\/\/www.nexoinformativo.mx\/index.php\/2025\/02\/21\/cae-homicida-en-san-juan-del-rio-23-anos-de-prision-por-crimen-en-gasolinera\/\"]}]},{\"@type\":\"ImageObject\",\"inLanguage\":\"es\",\"@id\":\"https:\/\/www.nexoinformativo.mx\/index.php\/2025\/02\/21\/cae-homicida-en-san-juan-del-rio-23-anos-de-prision-por-crimen-en-gasolinera\/#primaryimage\",\"url\":\"https:\/\/www.nexoinformativo.mx\/wp-content\/uploads\/2025\/02\/PHOTO-2025-02-21-16-44-02-e1740180518696.jpg\",\"contentUrl\":\"https:\/\/www.nexoinformativo.mx\/wp-content\/uploads\/2025\/02\/PHOTO-2025-02-21-16-44-02-e1740180518696.jpg\",\"width\":800,\"height\":504},{\"@type\":\"BreadcrumbList\",\"@id\":\"https:\/\/www.nexoinformativo.mx\/index.php\/2025\/02\/21\/cae-homicida-en-san-juan-del-rio-23-anos-de-prision-por-crimen-en-gasolinera\/#breadcrumb\",\"itemListElement\":[{\"@type\":\"ListItem\",\"position\":1,\"name\":\"Inicio\",\"item\":\"https:\/\/www.nexoinformativo.mx\/\"},{\"@type\":\"ListItem\",\"position\":2,\"name\":\"Cae homicida en San Juan del R\u00edo 23 a\u00f1os de prisi\u00f3n por crimen en gasolinera\"}]},{\"@type\":\"WebSite\",\"@id\":\"https:\/\/www.nexoinformativo.mx\/#website\",\"url\":\"https:\/\/www.nexoinformativo.mx\/\",\"name\":\"Nexo Informativo Santiago de Quer\u00e9taro\",\"description\":\"Explora NexoInformativo y convi\u00e9rtete en parte de una comunidad que valora el conocimiento y la verdad. Tu nexoinformativo es tu puente hacia una comprensi\u00f3n m\u00e1s profunda del mundo que te rodea.\",\"publisher\":{\"@id\":\"https:\/\/www.nexoinformativo.mx\/#organization\"},\"potentialAction\":[{\"@type\":\"SearchAction\",\"target\":{\"@type\":\"EntryPoint\",\"urlTemplate\":\"https:\/\/www.nexoinformativo.mx\/?s={search_term_string}\"},\"query-input\":{\"@type\":\"PropertyValueSpecification\",\"valueRequired\":true,\"valueName\":\"search_term_string\"}}],\"inLanguage\":\"es\"},{\"@type\":\"Organization\",\"@id\":\"https:\/\/www.nexoinformativo.mx\/#organization\",\"name\":\"Nexo Informativo Santiago de Quer\u00e9taro\",\"url\":\"https:\/\/www.nexoinformativo.mx\/\",\"logo\":{\"@type\":\"ImageObject\",\"inLanguage\":\"es\",\"@id\":\"https:\/\/www.nexoinformativo.mx\/#\/schema\/logo\/image\/\",\"url\":\"https:\/\/www.nexoinformativo.mx\/wp-content\/uploads\/2024\/07\/nexoi-trasparente-2.png\",\"contentUrl\":\"https:\/\/www.nexoinformativo.mx\/wp-content\/uploads\/2024\/07\/nexoi-trasparente-2.png\",\"width\":816,\"height\":339,\"caption\":\"Nexo Informativo Santiago de Quer\u00e9taro\"},\"image\":{\"@id\":\"https:\/\/www.nexoinformativo.mx\/#\/schema\/logo\/image\/\"},\"sameAs\":[\"https:\/\/www.facebook.com\/people\/Nexo-Informativo\/61564066885511\/\"]},{\"@type\":\"Person\",\"@id\":\"https:\/\/www.nexoinformativo.mx\/#\/schema\/person\/7749d380ba08c8ca00d7bc76fd907b7d\",\"name\":\"Nexo Informativo\",\"image\":{\"@type\":\"ImageObject\",\"inLanguage\":\"es\",\"@id\":\"https:\/\/www.nexoinformativo.mx\/#\/schema\/person\/image\/\",\"url\":\"https:\/\/secure.gravatar.com\/avatar\/dde2928154642a13d95f87ddf1ea9718fe2b46760a005c53e41ff5ad610704e6?s=96&d=mm&r=g\",\"contentUrl\":\"https:\/\/secure.gravatar.com\/avatar\/dde2928154642a13d95f87ddf1ea9718fe2b46760a005c53e41ff5ad610704e6?s=96&d=mm&r=g\",\"caption\":\"Nexo Informativo\"},\"url\":\"https:\/\/www.nexoinformativo.mx\/index.php\/author\/edicion\/\"}]}<\/script>\n<!-- \/ Yoast SEO plugin. -->","yoast_head_json":{"title":"Cae homicida en San Juan del R\u00edo 23 a\u00f1os de prisi\u00f3n por crimen en gasolinera | Nexo Informativo Santiago de Quer\u00e9taro","description":"Cae homicida en San Juan del R\u00edo 23 a\u00f1os de prisi\u00f3n por crimen en gasolinera","robots":{"index":"index","follow":"follow","max-snippet":"max-snippet:-1","max-image-preview":"max-image-preview:large","max-video-preview":"max-video-preview:-1"},"canonical":"https:\/\/www.nexoinformativo.mx\/index.php\/2025\/02\/21\/cae-homicida-en-san-juan-del-rio-23-anos-de-prision-por-crimen-en-gasolinera\/","og_locale":"es_MX","og_type":"article","og_title":"Cae homicida en San Juan del R\u00edo 23 a\u00f1os de prisi\u00f3n por crimen en gasolinera | Nexo Informativo Santiago de Quer\u00e9taro","og_description":"Cae homicida en San Juan del R\u00edo 23 a\u00f1os de prisi\u00f3n por crimen en gasolinera","og_url":"https:\/\/www.nexoinformativo.mx\/index.php\/2025\/02\/21\/cae-homicida-en-san-juan-del-rio-23-anos-de-prision-por-crimen-en-gasolinera\/","og_site_name":"Nexo Informativo Santiago de Quer\u00e9taro","article_publisher":"https:\/\/www.facebook.com\/people\/Nexo-Informativo\/61564066885511\/","article_published_time":"2025-02-21T18:00:38+00:00","article_modified_time":"2025-02-21T23:29:20+00:00","og_image":[{"width":800,"height":504,"url":"https:\/\/www.nexoinformativo.mx\/wp-content\/uploads\/2025\/02\/PHOTO-2025-02-21-16-44-02-e1740180518696.jpg","type":"image\/jpeg"}],"author":"Nexo Informativo","twitter_card":"summary_large_image","twitter_misc":{"Escrito por":"Nexo Informativo","Tiempo de lectura":"2 minutos"},"schema":{"@context":"https:\/\/schema.org","@graph":[{"@type":"Article","@id":"https:\/\/www.nexoinformativo.mx\/index.php\/2025\/02\/21\/cae-homicida-en-san-juan-del-rio-23-anos-de-prision-por-crimen-en-gasolinera\/#article","isPartOf":{"@id":"https:\/\/www.nexoinformativo.mx\/index.php\/2025\/02\/21\/cae-homicida-en-san-juan-del-rio-23-anos-de-prision-por-crimen-en-gasolinera\/"},"author":{"name":"Nexo Informativo","@id":"https:\/\/www.nexoinformativo.mx\/#\/schema\/person\/7749d380ba08c8ca00d7bc76fd907b7d"},"headline":"Cae homicida en San Juan del R\u00edo 23 a\u00f1os de prisi\u00f3n por crimen en gasolinera","datePublished":"2025-02-21T18:00:38+00:00","dateModified":"2025-02-21T23:29:20+00:00","mainEntityOfPage":{"@id":"https:\/\/www.nexoinformativo.mx\/index.php\/2025\/02\/21\/cae-homicida-en-san-juan-del-rio-23-anos-de-prision-por-crimen-en-gasolinera\/"},"wordCount":234,"commentCount":0,"publisher":{"@id":"https:\/\/www.nexoinformativo.mx\/#organization"},"image":{"@id":"https:\/\/www.nexoinformativo.mx\/index.php\/2025\/02\/21\/cae-homicida-en-san-juan-del-rio-23-anos-de-prision-por-crimen-en-gasolinera\/#primaryimage"},"thumbnailUrl":"https:\/\/www.nexoinformativo.mx\/wp-content\/uploads\/2025\/02\/PHOTO-2025-02-21-16-44-02-e1740180518696.jpg","keywords":["CeroImpunidad","FGEQuer\u00e9taro","JusticiaParaV\u00edctimas","SanJuanDelR\u00edo"],"articleSection":["Sucesos","\u00daltima Hora"],"inLanguage":"es","potentialAction":[{"@type":"CommentAction","name":"Comment","target":["https:\/\/www.nexoinformativo.mx\/index.php\/2025\/02\/21\/cae-homicida-en-san-juan-del-rio-23-anos-de-prision-por-crimen-en-gasolinera\/#respond"]}]},{"@type":"WebPage","@id":"https:\/\/www.nexoinformativo.mx\/index.php\/2025\/02\/21\/cae-homicida-en-san-juan-del-rio-23-anos-de-prision-por-crimen-en-gasolinera\/","url":"https:\/\/www.nexoinformativo.mx\/index.php\/2025\/02\/21\/cae-homicida-en-san-juan-del-rio-23-anos-de-prision-por-crimen-en-gasolinera\/","name":"Cae homicida en San Juan del R\u00edo 23 a\u00f1os de prisi\u00f3n por crimen en gasolinera | Nexo Informativo Santiago de Quer\u00e9taro","isPartOf":{"@id":"https:\/\/www.nexoinformativo.mx\/#website"},"primaryImageOfPage":{"@id":"https:\/\/www.nexoinformativo.mx\/index.php\/2025\/02\/21\/cae-homicida-en-san-juan-del-rio-23-anos-de-prision-por-crimen-en-gasolinera\/#primaryimage"},"image":{"@id":"https:\/\/www.nexoinformativo.mx\/index.php\/2025\/02\/21\/cae-homicida-en-san-juan-del-rio-23-anos-de-prision-por-crimen-en-gasolinera\/#primaryimage"},"thumbnailUrl":"https:\/\/www.nexoinformativo.mx\/wp-content\/uploads\/2025\/02\/PHOTO-2025-02-21-16-44-02-e1740180518696.jpg","datePublished":"2025-02-21T18:00:38+00:00","dateModified":"2025-02-21T23:29:20+00:00","description":"Cae homicida en San Juan del R\u00edo 23 a\u00f1os de prisi\u00f3n por crimen en gasolinera","breadcrumb":{"@id":"https:\/\/www.nexoinformativo.mx\/index.php\/2025\/02\/21\/cae-homicida-en-san-juan-del-rio-23-anos-de-prision-por-crimen-en-gasolinera\/#breadcrumb"},"inLanguage":"es","potentialAction":[{"@type":"ReadAction","target":["https:\/\/www.nexoinformativo.mx\/index.php\/2025\/02\/21\/cae-homicida-en-san-juan-del-rio-23-anos-de-prision-por-crimen-en-gasolinera\/"]}]},{"@type":"ImageObject","inLanguage":"es","@id":"https:\/\/www.nexoinformativo.mx\/index.php\/2025\/02\/21\/cae-homicida-en-san-juan-del-rio-23-anos-de-prision-por-crimen-en-gasolinera\/#primaryimage","url":"https:\/\/www.nexoinformativo.mx\/wp-content\/uploads\/2025\/02\/PHOTO-2025-02-21-16-44-02-e1740180518696.jpg","contentUrl":"https:\/\/www.nexoinformativo.mx\/wp-content\/uploads\/2025\/02\/PHOTO-2025-02-21-16-44-02-e1740180518696.jpg","width":800,"height":504},{"@type":"BreadcrumbList","@id":"https:\/\/www.nexoinformativo.mx\/index.php\/2025\/02\/21\/cae-homicida-en-san-juan-del-rio-23-anos-de-prision-por-crimen-en-gasolinera\/#breadcrumb","itemListElement":[{"@type":"ListItem","position":1,"name":"Inicio","item":"https:\/\/www.nexoinformativo.mx\/"},{"@type":"ListItem","position":2,"name":"Cae homicida en San Juan del R\u00edo 23 a\u00f1os de prisi\u00f3n por crimen en gasolinera"}]},{"@type":"WebSite","@id":"https:\/\/www.nexoinformativo.mx\/#website","url":"https:\/\/www.nexoinformativo.mx\/","name":"Nexo Informativo Santiago de Quer\u00e9taro","description":"Explora NexoInformativo y convi\u00e9rtete en parte de una comunidad que valora el conocimiento y la verdad. Tu nexoinformativo es tu puente hacia una comprensi\u00f3n m\u00e1s profunda del mundo que te rodea.","publisher":{"@id":"https:\/\/www.nexoinformativo.mx\/#organization"},"potentialAction":[{"@type":"SearchAction","target":{"@type":"EntryPoint","urlTemplate":"https:\/\/www.nexoinformativo.mx\/?s={search_term_string}"},"query-input":{"@type":"PropertyValueSpecification","valueRequired":true,"valueName":"search_term_string"}}],"inLanguage":"es"},{"@type":"Organization","@id":"https:\/\/www.nexoinformativo.mx\/#organization","name":"Nexo Informativo Santiago de Quer\u00e9taro","url":"https:\/\/www.nexoinformativo.mx\/","logo":{"@type":"ImageObject","inLanguage":"es","@id":"https:\/\/www.nexoinformativo.mx\/#\/schema\/logo\/image\/","url":"https:\/\/www.nexoinformativo.mx\/wp-content\/uploads\/2024\/07\/nexoi-trasparente-2.png","contentUrl":"https:\/\/www.nexoinformativo.mx\/wp-content\/uploads\/2024\/07\/nexoi-trasparente-2.png","width":816,"height":339,"caption":"Nexo Informativo Santiago de Quer\u00e9taro"},"image":{"@id":"https:\/\/www.nexoinformativo.mx\/#\/schema\/logo\/image\/"},"sameAs":["https:\/\/www.facebook.com\/people\/Nexo-Informativo\/61564066885511\/"]},{"@type":"Person","@id":"https:\/\/www.nexoinformativo.mx\/#\/schema\/person\/7749d380ba08c8ca00d7bc76fd907b7d","name":"Nexo Informativo","image":{"@type":"ImageObject","inLanguage":"es","@id":"https:\/\/www.nexoinformativo.mx\/#\/schema\/person\/image\/","url":"https:\/\/secure.gravatar.com\/avatar\/dde2928154642a13d95f87ddf1ea9718fe2b46760a005c53e41ff5ad610704e6?s=96&d=mm&r=g","contentUrl":"https:\/\/secure.gravatar.com\/avatar\/dde2928154642a13d95f87ddf1ea9718fe2b46760a005c53e41ff5ad610704e6?s=96&d=mm&r=g","caption":"Nexo Informativo"},"url":"https:\/\/www.nexoinformativo.mx\/index.php\/author\/edicion\/"}]}},"_links":{"self":[{"href":"https:\/\/www.nexoinformativo.mx\/index.php\/wp-json\/wp\/v2\/posts\/11939","targetHints":{"allow":["GET"]}}],"collection":[{"href":"https:\/\/www.nexoinformativo.mx\/index.php\/wp-json\/wp\/v2\/posts"}],"about":[{"href":"https:\/\/www.nexoinformativo.mx\/index.php\/wp-json\/wp\/v2\/types\/post"}],"author":[{"embeddable":true,"href":"https:\/\/www.nexoinformativo.mx\/index.php\/wp-json\/wp\/v2\/users\/3"}],"replies":[{"embeddable":true,"href":"https:\/\/www.nexoinformativo.mx\/index.php\/wp-json\/wp\/v2\/comments?post=11939"}],"version-history":[{"count":3,"href":"https:\/\/www.nexoinformativo.mx\/index.php\/wp-json\/wp\/v2\/posts\/11939\/revisions"}],"predecessor-version":[{"id":11943,"href":"https:\/\/www.nexoinformativo.mx\/index.php\/wp-json\/wp\/v2\/posts\/11939\/revisions\/11943"}],"wp:featuredmedia":[{"embeddable":true,"href":"https:\/\/www.nexoinformativo.mx\/index.php\/wp-json\/wp\/v2\/media\/11940"}],"wp:attachment":[{"href":"https:\/\/www.nexoinformativo.mx\/index.php\/wp-json\/wp\/v2\/media?parent=11939"}],"wp:term":[{"taxonomy":"category","embeddable":true,"href":"https:\/\/www.nexoinformativo.mx\/index.php\/wp-json\/wp\/v2\/categories?post=11939"},{"taxonomy":"post_tag","embeddable":true,"href":"https:\/\/www.nexoinformativo.mx\/index.php\/wp-json\/wp\/v2\/tags?post=11939"}],"curies":[{"name":"wp","href":"https:\/\/api.w.org\/{rel}","templated":true}]}}