{"id":11944,"date":"2025-02-21T13:00:36","date_gmt":"2025-02-21T19:00:36","guid":{"rendered":"https:\/\/www.nexoinformativo.mx\/?p=11944"},"modified":"2025-02-21T17:37:40","modified_gmt":"2025-02-21T23:37:40","slug":"queretaro-dice-no-a-distracciones-la-prohibicion-de-celulares-en-escuelas-es-un-exito","status":"publish","type":"post","link":"https:\/\/www.nexoinformativo.mx\/index.php\/2025\/02\/21\/queretaro-dice-no-a-distracciones-la-prohibicion-de-celulares-en-escuelas-es-un-exito\/","title":{"rendered":"Quer\u00e9taro dice no a distracciones la prohibici\u00f3n de celulares en escuelas es un \u00e9xito"},"content":{"rendered":"<p style=\"text-align: justify;\" data-sourcepos=\"11:1-11:254\">La prohibici\u00f3n del uso de celulares en las escuelas de Quer\u00e9taro, que entr\u00f3 en vigor el pasado 20 de febrero, ha sido bien recibida por padres de familia y maestros, seg\u00fan inform\u00f3 el gobernador del estado, Mauricio Kuri.<\/p>\n<p>&nbsp;<\/p>\n<p style=\"text-align: justify;\" data-sourcepos=\"13:1-13:250\">El mandatario estatal explic\u00f3 que las escuelas ser\u00e1n las encargadas de vigilar el cumplimiento de esta nueva disposici\u00f3n, la cual busca que los estudiantes se concentren en sus actividades acad\u00e9micas y evitar situaciones de riesgo como el ciberacoso.<\/p>\n<p>&nbsp;<\/p>\n<p style=\"text-align: justify;\" data-sourcepos=\"15:1-15:334\"><strong>&#8220;Las mismas escuelas deber\u00e1n estar muy al pendientes y de verdad los padres de familia lo han tomado muy bien, los maestros lo han tomado muy bien y la idea es que puedan estar bien concentrados en la escuela y no tengan que estar viendo celulares, que tengan ciberacoso de estarle sacando fotos a los amiguitos o algo&#8221;<\/strong>, explic\u00f3 Kuri.<\/p>\n<p>&nbsp;<\/p>\n<p style=\"text-align: justify;\" data-sourcepos=\"17:1-17:213\">El gobernador se\u00f1al\u00f3 que en escuelas de San Juan del R\u00edo, los estudiantes reportaron casos de extorsi\u00f3n a trav\u00e9s de redes sociales, lo que refuerza la necesidad de evitar el uso de celulares en horarios escolares.<\/p>\n<p>&nbsp;<\/p>\n<p style=\"text-align: center;\" data-sourcepos=\"19:1-19:316\"><em><strong>\u00a1Informaci\u00f3n que transforma!<\/strong><\/em><\/p>\n","protected":false},"excerpt":{"rendered":"<p>La prohibici\u00f3n del uso de celulares en las escuelas de Quer\u00e9taro, que entr\u00f3 en vigor el pasado 20 de febrero, ha sido bien recibida por padres de familia y maestros, seg\u00fan inform\u00f3 el gobernador del estado, Mauricio Kuri.<\/p>\n","protected":false},"author":3,"featured_media":11945,"comment_status":"open","ping_status":"open","sticky":false,"template":"","format":"standard","meta":{"footnotes":""},"categories":[42,58],"tags":[3496,3495,3469,133],"class_list":["post-11944","post","type-post","status-publish","format-standard","has-post-thumbnail","hentry","category-estado","category-ultima-hora","tag-ciberacosocero","tag-escuelassincelulares","tag-proteccioninfancia","tag-queretaro"],"yoast_head":"<!-- This site is optimized with the Yoast SEO plugin v25.0 - https:\/\/yoast.com\/wordpress\/plugins\/seo\/ -->\n<title>Quer\u00e9taro dice no a distracciones la prohibici\u00f3n de celulares en escuelas es un \u00e9xito | Nexo Informativo Santiago de Quer\u00e9taro<\/title>\n<meta name=\"description\" content=\"Quer\u00e9taro dice no a distracciones la prohibici\u00f3n de celulares en escuelas es un \u00e9xito\" \/>\n<meta name=\"robots\" content=\"index, follow, max-snippet:-1, max-image-preview:large, max-video-preview:-1\" \/>\n<link rel=\"canonical\" href=\"https:\/\/www.nexoinformativo.mx\/index.php\/2025\/02\/21\/queretaro-dice-no-a-distracciones-la-prohibicion-de-celulares-en-escuelas-es-un-exito\/\" \/>\n<meta property=\"og:locale\" content=\"es_MX\" \/>\n<meta property=\"og:type\" content=\"article\" \/>\n<meta property=\"og:title\" content=\"Quer\u00e9taro dice no a distracciones la prohibici\u00f3n de celulares en escuelas es un \u00e9xito | Nexo Informativo Santiago de Quer\u00e9taro\" \/>\n<meta property=\"og:description\" content=\"Quer\u00e9taro dice no a distracciones la prohibici\u00f3n de celulares en escuelas es un \u00e9xito\" \/>\n<meta property=\"og:url\" content=\"https:\/\/www.nexoinformativo.mx\/index.php\/2025\/02\/21\/queretaro-dice-no-a-distracciones-la-prohibicion-de-celulares-en-escuelas-es-un-exito\/\" \/>\n<meta property=\"og:site_name\" content=\"Nexo Informativo Santiago de Quer\u00e9taro\" \/>\n<meta property=\"article:publisher\" content=\"https:\/\/www.facebook.com\/people\/Nexo-Informativo\/61564066885511\/\" \/>\n<meta property=\"article:published_time\" content=\"2025-02-21T19:00:36+00:00\" \/>\n<meta property=\"article:modified_time\" content=\"2025-02-21T23:37:40+00:00\" \/>\n<meta property=\"og:image\" content=\"https:\/\/www.nexoinformativo.mx\/wp-content\/uploads\/2025\/02\/84efb429-05c6-4089-b2b8-26fd44b0d97b-e1740180984880.jpg\" \/>\n\t<meta property=\"og:image:width\" content=\"800\" \/>\n\t<meta property=\"og:image:height\" content=\"768\" \/>\n\t<meta property=\"og:image:type\" content=\"image\/jpeg\" \/>\n<meta name=\"author\" content=\"Nexo Informativo\" \/>\n<meta name=\"twitter:card\" content=\"summary_large_image\" \/>\n<meta name=\"twitter:label1\" content=\"Escrito por\" \/>\n\t<meta name=\"twitter:data1\" content=\"Nexo Informativo\" \/>\n\t<meta name=\"twitter:label2\" content=\"Tiempo de lectura\" \/>\n\t<meta name=\"twitter:data2\" content=\"2 minutos\" \/>\n<script type=\"application\/ld+json\" class=\"yoast-schema-graph\">{\"@context\":\"https:\/\/schema.org\",\"@graph\":[{\"@type\":\"Article\",\"@id\":\"https:\/\/www.nexoinformativo.mx\/index.php\/2025\/02\/21\/queretaro-dice-no-a-distracciones-la-prohibicion-de-celulares-en-escuelas-es-un-exito\/#article\",\"isPartOf\":{\"@id\":\"https:\/\/www.nexoinformativo.mx\/index.php\/2025\/02\/21\/queretaro-dice-no-a-distracciones-la-prohibicion-de-celulares-en-escuelas-es-un-exito\/\"},\"author\":{\"name\":\"Nexo Informativo\",\"@id\":\"https:\/\/www.nexoinformativo.mx\/#\/schema\/person\/7749d380ba08c8ca00d7bc76fd907b7d\"},\"headline\":\"Quer\u00e9taro dice no a distracciones la prohibici\u00f3n de celulares en escuelas es un \u00e9xito\",\"datePublished\":\"2025-02-21T19:00:36+00:00\",\"dateModified\":\"2025-02-21T23:37:40+00:00\",\"mainEntityOfPage\":{\"@id\":\"https:\/\/www.nexoinformativo.mx\/index.php\/2025\/02\/21\/queretaro-dice-no-a-distracciones-la-prohibicion-de-celulares-en-escuelas-es-un-exito\/\"},\"wordCount\":206,\"commentCount\":0,\"publisher\":{\"@id\":\"https:\/\/www.nexoinformativo.mx\/#organization\"},\"image\":{\"@id\":\"https:\/\/www.nexoinformativo.mx\/index.php\/2025\/02\/21\/queretaro-dice-no-a-distracciones-la-prohibicion-de-celulares-en-escuelas-es-un-exito\/#primaryimage\"},\"thumbnailUrl\":\"https:\/\/www.nexoinformativo.mx\/wp-content\/uploads\/2025\/02\/84efb429-05c6-4089-b2b8-26fd44b0d97b-e1740180984880.jpg\",\"keywords\":[\"CiberacosoCero\",\"EscuelasSinCelulares\",\"Protecci\u00f3nInfancia\",\"Quer\u00e9taro\"],\"articleSection\":[\"Estado\",\"\u00daltima Hora\"],\"inLanguage\":\"es\",\"potentialAction\":[{\"@type\":\"CommentAction\",\"name\":\"Comment\",\"target\":[\"https:\/\/www.nexoinformativo.mx\/index.php\/2025\/02\/21\/queretaro-dice-no-a-distracciones-la-prohibicion-de-celulares-en-escuelas-es-un-exito\/#respond\"]}]},{\"@type\":\"WebPage\",\"@id\":\"https:\/\/www.nexoinformativo.mx\/index.php\/2025\/02\/21\/queretaro-dice-no-a-distracciones-la-prohibicion-de-celulares-en-escuelas-es-un-exito\/\",\"url\":\"https:\/\/www.nexoinformativo.mx\/index.php\/2025\/02\/21\/queretaro-dice-no-a-distracciones-la-prohibicion-de-celulares-en-escuelas-es-un-exito\/\",\"name\":\"Quer\u00e9taro dice no a distracciones la prohibici\u00f3n de celulares en escuelas es un \u00e9xito | Nexo Informativo Santiago de Quer\u00e9taro\",\"isPartOf\":{\"@id\":\"https:\/\/www.nexoinformativo.mx\/#website\"},\"primaryImageOfPage\":{\"@id\":\"https:\/\/www.nexoinformativo.mx\/index.php\/2025\/02\/21\/queretaro-dice-no-a-distracciones-la-prohibicion-de-celulares-en-escuelas-es-un-exito\/#primaryimage\"},\"image\":{\"@id\":\"https:\/\/www.nexoinformativo.mx\/index.php\/2025\/02\/21\/queretaro-dice-no-a-distracciones-la-prohibicion-de-celulares-en-escuelas-es-un-exito\/#primaryimage\"},\"thumbnailUrl\":\"https:\/\/www.nexoinformativo.mx\/wp-content\/uploads\/2025\/02\/84efb429-05c6-4089-b2b8-26fd44b0d97b-e1740180984880.jpg\",\"datePublished\":\"2025-02-21T19:00:36+00:00\",\"dateModified\":\"2025-02-21T23:37:40+00:00\",\"description\":\"Quer\u00e9taro dice no a distracciones la prohibici\u00f3n de celulares en escuelas es un \u00e9xito\",\"breadcrumb\":{\"@id\":\"https:\/\/www.nexoinformativo.mx\/index.php\/2025\/02\/21\/queretaro-dice-no-a-distracciones-la-prohibicion-de-celulares-en-escuelas-es-un-exito\/#breadcrumb\"},\"inLanguage\":\"es\",\"potentialAction\":[{\"@type\":\"ReadAction\",\"target\":[\"https:\/\/www.nexoinformativo.mx\/index.php\/2025\/02\/21\/queretaro-dice-no-a-distracciones-la-prohibicion-de-celulares-en-escuelas-es-un-exito\/\"]}]},{\"@type\":\"ImageObject\",\"inLanguage\":\"es\",\"@id\":\"https:\/\/www.nexoinformativo.mx\/index.php\/2025\/02\/21\/queretaro-dice-no-a-distracciones-la-prohibicion-de-celulares-en-escuelas-es-un-exito\/#primaryimage\",\"url\":\"https:\/\/www.nexoinformativo.mx\/wp-content\/uploads\/2025\/02\/84efb429-05c6-4089-b2b8-26fd44b0d97b-e1740180984880.jpg\",\"contentUrl\":\"https:\/\/www.nexoinformativo.mx\/wp-content\/uploads\/2025\/02\/84efb429-05c6-4089-b2b8-26fd44b0d97b-e1740180984880.jpg\",\"width\":800,\"height\":768},{\"@type\":\"BreadcrumbList\",\"@id\":\"https:\/\/www.nexoinformativo.mx\/index.php\/2025\/02\/21\/queretaro-dice-no-a-distracciones-la-prohibicion-de-celulares-en-escuelas-es-un-exito\/#breadcrumb\",\"itemListElement\":[{\"@type\":\"ListItem\",\"position\":1,\"name\":\"Inicio\",\"item\":\"https:\/\/www.nexoinformativo.mx\/\"},{\"@type\":\"ListItem\",\"position\":2,\"name\":\"Quer\u00e9taro dice no a distracciones la prohibici\u00f3n de celulares en escuelas es un \u00e9xito\"}]},{\"@type\":\"WebSite\",\"@id\":\"https:\/\/www.nexoinformativo.mx\/#website\",\"url\":\"https:\/\/www.nexoinformativo.mx\/\",\"name\":\"Nexo Informativo Santiago de Quer\u00e9taro\",\"description\":\"Explora NexoInformativo y convi\u00e9rtete en parte de una comunidad que valora el conocimiento y la verdad. Tu nexoinformativo es tu puente hacia una comprensi\u00f3n m\u00e1s profunda del mundo que te rodea.\",\"publisher\":{\"@id\":\"https:\/\/www.nexoinformativo.mx\/#organization\"},\"potentialAction\":[{\"@type\":\"SearchAction\",\"target\":{\"@type\":\"EntryPoint\",\"urlTemplate\":\"https:\/\/www.nexoinformativo.mx\/?s={search_term_string}\"},\"query-input\":{\"@type\":\"PropertyValueSpecification\",\"valueRequired\":true,\"valueName\":\"search_term_string\"}}],\"inLanguage\":\"es\"},{\"@type\":\"Organization\",\"@id\":\"https:\/\/www.nexoinformativo.mx\/#organization\",\"name\":\"Nexo Informativo Santiago de Quer\u00e9taro\",\"url\":\"https:\/\/www.nexoinformativo.mx\/\",\"logo\":{\"@type\":\"ImageObject\",\"inLanguage\":\"es\",\"@id\":\"https:\/\/www.nexoinformativo.mx\/#\/schema\/logo\/image\/\",\"url\":\"https:\/\/www.nexoinformativo.mx\/wp-content\/uploads\/2024\/07\/nexoi-trasparente-2.png\",\"contentUrl\":\"https:\/\/www.nexoinformativo.mx\/wp-content\/uploads\/2024\/07\/nexoi-trasparente-2.png\",\"width\":816,\"height\":339,\"caption\":\"Nexo Informativo Santiago de Quer\u00e9taro\"},\"image\":{\"@id\":\"https:\/\/www.nexoinformativo.mx\/#\/schema\/logo\/image\/\"},\"sameAs\":[\"https:\/\/www.facebook.com\/people\/Nexo-Informativo\/61564066885511\/\"]},{\"@type\":\"Person\",\"@id\":\"https:\/\/www.nexoinformativo.mx\/#\/schema\/person\/7749d380ba08c8ca00d7bc76fd907b7d\",\"name\":\"Nexo Informativo\",\"image\":{\"@type\":\"ImageObject\",\"inLanguage\":\"es\",\"@id\":\"https:\/\/www.nexoinformativo.mx\/#\/schema\/person\/image\/\",\"url\":\"https:\/\/secure.gravatar.com\/avatar\/dde2928154642a13d95f87ddf1ea9718fe2b46760a005c53e41ff5ad610704e6?s=96&d=mm&r=g\",\"contentUrl\":\"https:\/\/secure.gravatar.com\/avatar\/dde2928154642a13d95f87ddf1ea9718fe2b46760a005c53e41ff5ad610704e6?s=96&d=mm&r=g\",\"caption\":\"Nexo Informativo\"},\"url\":\"https:\/\/www.nexoinformativo.mx\/index.php\/author\/edicion\/\"}]}<\/script>\n<!-- \/ Yoast SEO plugin. -->","yoast_head_json":{"title":"Quer\u00e9taro dice no a distracciones la prohibici\u00f3n de celulares en escuelas es un \u00e9xito | Nexo Informativo Santiago de Quer\u00e9taro","description":"Quer\u00e9taro dice no a distracciones la prohibici\u00f3n de celulares en escuelas es un \u00e9xito","robots":{"index":"index","follow":"follow","max-snippet":"max-snippet:-1","max-image-preview":"max-image-preview:large","max-video-preview":"max-video-preview:-1"},"canonical":"https:\/\/www.nexoinformativo.mx\/index.php\/2025\/02\/21\/queretaro-dice-no-a-distracciones-la-prohibicion-de-celulares-en-escuelas-es-un-exito\/","og_locale":"es_MX","og_type":"article","og_title":"Quer\u00e9taro dice no a distracciones la prohibici\u00f3n de celulares en escuelas es un \u00e9xito | Nexo Informativo Santiago de Quer\u00e9taro","og_description":"Quer\u00e9taro dice no a distracciones la prohibici\u00f3n de celulares en escuelas es un \u00e9xito","og_url":"https:\/\/www.nexoinformativo.mx\/index.php\/2025\/02\/21\/queretaro-dice-no-a-distracciones-la-prohibicion-de-celulares-en-escuelas-es-un-exito\/","og_site_name":"Nexo Informativo Santiago de Quer\u00e9taro","article_publisher":"https:\/\/www.facebook.com\/people\/Nexo-Informativo\/61564066885511\/","article_published_time":"2025-02-21T19:00:36+00:00","article_modified_time":"2025-02-21T23:37:40+00:00","og_image":[{"width":800,"height":768,"url":"https:\/\/www.nexoinformativo.mx\/wp-content\/uploads\/2025\/02\/84efb429-05c6-4089-b2b8-26fd44b0d97b-e1740180984880.jpg","type":"image\/jpeg"}],"author":"Nexo Informativo","twitter_card":"summary_large_image","twitter_misc":{"Escrito por":"Nexo Informativo","Tiempo de lectura":"2 minutos"},"schema":{"@context":"https:\/\/schema.org","@graph":[{"@type":"Article","@id":"https:\/\/www.nexoinformativo.mx\/index.php\/2025\/02\/21\/queretaro-dice-no-a-distracciones-la-prohibicion-de-celulares-en-escuelas-es-un-exito\/#article","isPartOf":{"@id":"https:\/\/www.nexoinformativo.mx\/index.php\/2025\/02\/21\/queretaro-dice-no-a-distracciones-la-prohibicion-de-celulares-en-escuelas-es-un-exito\/"},"author":{"name":"Nexo Informativo","@id":"https:\/\/www.nexoinformativo.mx\/#\/schema\/person\/7749d380ba08c8ca00d7bc76fd907b7d"},"headline":"Quer\u00e9taro dice no a distracciones la prohibici\u00f3n de celulares en escuelas es un \u00e9xito","datePublished":"2025-02-21T19:00:36+00:00","dateModified":"2025-02-21T23:37:40+00:00","mainEntityOfPage":{"@id":"https:\/\/www.nexoinformativo.mx\/index.php\/2025\/02\/21\/queretaro-dice-no-a-distracciones-la-prohibicion-de-celulares-en-escuelas-es-un-exito\/"},"wordCount":206,"commentCount":0,"publisher":{"@id":"https:\/\/www.nexoinformativo.mx\/#organization"},"image":{"@id":"https:\/\/www.nexoinformativo.mx\/index.php\/2025\/02\/21\/queretaro-dice-no-a-distracciones-la-prohibicion-de-celulares-en-escuelas-es-un-exito\/#primaryimage"},"thumbnailUrl":"https:\/\/www.nexoinformativo.mx\/wp-content\/uploads\/2025\/02\/84efb429-05c6-4089-b2b8-26fd44b0d97b-e1740180984880.jpg","keywords":["CiberacosoCero","EscuelasSinCelulares","Protecci\u00f3nInfancia","Quer\u00e9taro"],"articleSection":["Estado","\u00daltima Hora"],"inLanguage":"es","potentialAction":[{"@type":"CommentAction","name":"Comment","target":["https:\/\/www.nexoinformativo.mx\/index.php\/2025\/02\/21\/queretaro-dice-no-a-distracciones-la-prohibicion-de-celulares-en-escuelas-es-un-exito\/#respond"]}]},{"@type":"WebPage","@id":"https:\/\/www.nexoinformativo.mx\/index.php\/2025\/02\/21\/queretaro-dice-no-a-distracciones-la-prohibicion-de-celulares-en-escuelas-es-un-exito\/","url":"https:\/\/www.nexoinformativo.mx\/index.php\/2025\/02\/21\/queretaro-dice-no-a-distracciones-la-prohibicion-de-celulares-en-escuelas-es-un-exito\/","name":"Quer\u00e9taro dice no a distracciones la prohibici\u00f3n de celulares en escuelas es un \u00e9xito | Nexo Informativo Santiago de Quer\u00e9taro","isPartOf":{"@id":"https:\/\/www.nexoinformativo.mx\/#website"},"primaryImageOfPage":{"@id":"https:\/\/www.nexoinformativo.mx\/index.php\/2025\/02\/21\/queretaro-dice-no-a-distracciones-la-prohibicion-de-celulares-en-escuelas-es-un-exito\/#primaryimage"},"image":{"@id":"https:\/\/www.nexoinformativo.mx\/index.php\/2025\/02\/21\/queretaro-dice-no-a-distracciones-la-prohibicion-de-celulares-en-escuelas-es-un-exito\/#primaryimage"},"thumbnailUrl":"https:\/\/www.nexoinformativo.mx\/wp-content\/uploads\/2025\/02\/84efb429-05c6-4089-b2b8-26fd44b0d97b-e1740180984880.jpg","datePublished":"2025-02-21T19:00:36+00:00","dateModified":"2025-02-21T23:37:40+00:00","description":"Quer\u00e9taro dice no a distracciones la prohibici\u00f3n de celulares en escuelas es un \u00e9xito","breadcrumb":{"@id":"https:\/\/www.nexoinformativo.mx\/index.php\/2025\/02\/21\/queretaro-dice-no-a-distracciones-la-prohibicion-de-celulares-en-escuelas-es-un-exito\/#breadcrumb"},"inLanguage":"es","potentialAction":[{"@type":"ReadAction","target":["https:\/\/www.nexoinformativo.mx\/index.php\/2025\/02\/21\/queretaro-dice-no-a-distracciones-la-prohibicion-de-celulares-en-escuelas-es-un-exito\/"]}]},{"@type":"ImageObject","inLanguage":"es","@id":"https:\/\/www.nexoinformativo.mx\/index.php\/2025\/02\/21\/queretaro-dice-no-a-distracciones-la-prohibicion-de-celulares-en-escuelas-es-un-exito\/#primaryimage","url":"https:\/\/www.nexoinformativo.mx\/wp-content\/uploads\/2025\/02\/84efb429-05c6-4089-b2b8-26fd44b0d97b-e1740180984880.jpg","contentUrl":"https:\/\/www.nexoinformativo.mx\/wp-content\/uploads\/2025\/02\/84efb429-05c6-4089-b2b8-26fd44b0d97b-e1740180984880.jpg","width":800,"height":768},{"@type":"BreadcrumbList","@id":"https:\/\/www.nexoinformativo.mx\/index.php\/2025\/02\/21\/queretaro-dice-no-a-distracciones-la-prohibicion-de-celulares-en-escuelas-es-un-exito\/#breadcrumb","itemListElement":[{"@type":"ListItem","position":1,"name":"Inicio","item":"https:\/\/www.nexoinformativo.mx\/"},{"@type":"ListItem","position":2,"name":"Quer\u00e9taro dice no a distracciones la prohibici\u00f3n de celulares en escuelas es un \u00e9xito"}]},{"@type":"WebSite","@id":"https:\/\/www.nexoinformativo.mx\/#website","url":"https:\/\/www.nexoinformativo.mx\/","name":"Nexo Informativo Santiago de Quer\u00e9taro","description":"Explora NexoInformativo y convi\u00e9rtete en parte de una comunidad que valora el conocimiento y la verdad. Tu nexoinformativo es tu puente hacia una comprensi\u00f3n m\u00e1s profunda del mundo que te rodea.","publisher":{"@id":"https:\/\/www.nexoinformativo.mx\/#organization"},"potentialAction":[{"@type":"SearchAction","target":{"@type":"EntryPoint","urlTemplate":"https:\/\/www.nexoinformativo.mx\/?s={search_term_string}"},"query-input":{"@type":"PropertyValueSpecification","valueRequired":true,"valueName":"search_term_string"}}],"inLanguage":"es"},{"@type":"Organization","@id":"https:\/\/www.nexoinformativo.mx\/#organization","name":"Nexo Informativo Santiago de Quer\u00e9taro","url":"https:\/\/www.nexoinformativo.mx\/","logo":{"@type":"ImageObject","inLanguage":"es","@id":"https:\/\/www.nexoinformativo.mx\/#\/schema\/logo\/image\/","url":"https:\/\/www.nexoinformativo.mx\/wp-content\/uploads\/2024\/07\/nexoi-trasparente-2.png","contentUrl":"https:\/\/www.nexoinformativo.mx\/wp-content\/uploads\/2024\/07\/nexoi-trasparente-2.png","width":816,"height":339,"caption":"Nexo Informativo Santiago de Quer\u00e9taro"},"image":{"@id":"https:\/\/www.nexoinformativo.mx\/#\/schema\/logo\/image\/"},"sameAs":["https:\/\/www.facebook.com\/people\/Nexo-Informativo\/61564066885511\/"]},{"@type":"Person","@id":"https:\/\/www.nexoinformativo.mx\/#\/schema\/person\/7749d380ba08c8ca00d7bc76fd907b7d","name":"Nexo Informativo","image":{"@type":"ImageObject","inLanguage":"es","@id":"https:\/\/www.nexoinformativo.mx\/#\/schema\/person\/image\/","url":"https:\/\/secure.gravatar.com\/avatar\/dde2928154642a13d95f87ddf1ea9718fe2b46760a005c53e41ff5ad610704e6?s=96&d=mm&r=g","contentUrl":"https:\/\/secure.gravatar.com\/avatar\/dde2928154642a13d95f87ddf1ea9718fe2b46760a005c53e41ff5ad610704e6?s=96&d=mm&r=g","caption":"Nexo Informativo"},"url":"https:\/\/www.nexoinformativo.mx\/index.php\/author\/edicion\/"}]}},"_links":{"self":[{"href":"https:\/\/www.nexoinformativo.mx\/index.php\/wp-json\/wp\/v2\/posts\/11944","targetHints":{"allow":["GET"]}}],"collection":[{"href":"https:\/\/www.nexoinformativo.mx\/index.php\/wp-json\/wp\/v2\/posts"}],"about":[{"href":"https:\/\/www.nexoinformativo.mx\/index.php\/wp-json\/wp\/v2\/types\/post"}],"author":[{"embeddable":true,"href":"https:\/\/www.nexoinformativo.mx\/index.php\/wp-json\/wp\/v2\/users\/3"}],"replies":[{"embeddable":true,"href":"https:\/\/www.nexoinformativo.mx\/index.php\/wp-json\/wp\/v2\/comments?post=11944"}],"version-history":[{"count":4,"href":"https:\/\/www.nexoinformativo.mx\/index.php\/wp-json\/wp\/v2\/posts\/11944\/revisions"}],"predecessor-version":[{"id":11948,"href":"https:\/\/www.nexoinformativo.mx\/index.php\/wp-json\/wp\/v2\/posts\/11944\/revisions\/11948"}],"wp:featuredmedia":[{"embeddable":true,"href":"https:\/\/www.nexoinformativo.mx\/index.php\/wp-json\/wp\/v2\/media\/11945"}],"wp:attachment":[{"href":"https:\/\/www.nexoinformativo.mx\/index.php\/wp-json\/wp\/v2\/media?parent=11944"}],"wp:term":[{"taxonomy":"category","embeddable":true,"href":"https:\/\/www.nexoinformativo.mx\/index.php\/wp-json\/wp\/v2\/categories?post=11944"},{"taxonomy":"post_tag","embeddable":true,"href":"https:\/\/www.nexoinformativo.mx\/index.php\/wp-json\/wp\/v2\/tags?post=11944"}],"curies":[{"name":"wp","href":"https:\/\/api.w.org\/{rel}","templated":true}]}}