{"id":11950,"date":"2025-02-21T14:00:53","date_gmt":"2025-02-21T20:00:53","guid":{"rendered":"https:\/\/www.nexoinformativo.mx\/?p=11950"},"modified":"2025-02-21T17:42:18","modified_gmt":"2025-02-21T23:42:18","slug":"se-acabo-el-horario-de-invierno-primarias-en-queretaro-regresan-a-su-horario-habitual","status":"publish","type":"post","link":"https:\/\/www.nexoinformativo.mx\/index.php\/2025\/02\/21\/se-acabo-el-horario-de-invierno-primarias-en-queretaro-regresan-a-su-horario-habitual\/","title":{"rendered":"Se acab\u00f3 el horario de invierno primarias en Quer\u00e9taro regresan a su horario habitual"},"content":{"rendered":"<p style=\"text-align: justify;\" data-sourcepos=\"11:1-11:412\">La Unidad de Servicios para la Educaci\u00f3n B\u00e1sica en el Estado de Quer\u00e9taro (USEBEQ) inform\u00f3 que el horario de invierno en las primarias matutinas del estado concluir\u00e1 este viernes 21 de febrero.<\/p>\n<\/p>\n<p>&nbsp;<\/p>\n<p style=\"text-align: justify;\" data-sourcepos=\"11:1-11:412\">A partir del lunes 24 de febrero, 147 mil alumnos de 865 escuelas primarias generales e ind\u00edgenas de los 18 municipios regresar\u00e1n a su horario de entrada habitual a las 8 de la ma\u00f1ana.<\/p>\n<\/p>\n<p>&nbsp;<\/p>\n<p style=\"text-align: justify;\" data-sourcepos=\"13:1-13:268\">La decisi\u00f3n se tom\u00f3 tras reuniones entre personal de Protecci\u00f3n Civil de la USEBEQ, la Comisi\u00f3n Estatal de Agua (CEA) y la Coordinaci\u00f3n Estatal de Protecci\u00f3n Civil, quienes determinaron que las condiciones meteorol\u00f3gicas son favorables para retomar el horario regular.<\/p>\n<\/p>\n<p>&nbsp;<\/p>\n<p style=\"text-align: justify;\" data-sourcepos=\"15:1-15:454\">A pesar del cambio de horario, la USEBEQ reitera la importancia de mantener las recomendaciones sanitarias y pide a padres de familia, tutores y docentes no bajar la guardia en el cuidado de la salud de los ni\u00f1os y adolescentes.<\/p>\n<\/p>\n<p>&nbsp;<\/p>\n<p style=\"text-align: justify;\" data-sourcepos=\"15:1-15:454\">Se recomienda no llevar a los estudiantes a clases en caso de enfermedad y, en caso de bajas temperaturas, utilizar ropa abrigadora como chamarras, su\u00e9teres y gorras. Se permitir\u00e1 el uso de mallas o mallones para las alumnas.<\/p>\n<\/p>\n<p>&nbsp;<\/p>\n<p style=\"text-align: justify;\" data-sourcepos=\"17:1-17:192\">Finalmente, la USEBEQ exhorta a padres de familia, tutores y maestros a mantenerse informados sobre la temperatura y las recomendaciones emitidas por Protecci\u00f3n Civil para protegerse del fr\u00edo.<\/p>\n<\/p>\n<p>&nbsp;<\/p>\n<p style=\"text-align: center;\" data-sourcepos=\"17:1-17:192\"><em><strong>\u00a1Informaci\u00f3n que transforma!<\/strong><\/em><\/p>\n","protected":false},"excerpt":{"rendered":"<p>La Unidad de Servicios para la Educaci\u00f3n B\u00e1sica en el Estado de Quer\u00e9taro (USEBEQ) inform\u00f3 que el horario de invierno en las primarias matutinas del estado concluir\u00e1 este viernes 21 de febrero.<\/p>\n","protected":false},"author":3,"featured_media":11951,"comment_status":"open","ping_status":"open","sticky":false,"template":"","format":"standard","meta":{"footnotes":""},"categories":[42,58],"tags":[1768,133,182,254],"class_list":["post-11950","post","type-post","status-publish","format-standard","has-post-thumbnail","hentry","category-estado","category-ultima-hora","tag-horariodeinvierno","tag-queretaro","tag-regresoaclases","tag-usebeq"],"yoast_head":"<!-- This site is optimized with the Yoast SEO plugin v25.0 - https:\/\/yoast.com\/wordpress\/plugins\/seo\/ -->\n<title>Se acab\u00f3 el horario de invierno primarias en Quer\u00e9taro regresan a su horario habitual | Nexo Informativo Santiago de Quer\u00e9taro<\/title>\n<meta name=\"description\" content=\"Se acab\u00f3 el horario de invierno primarias en Quer\u00e9taro regresan a su horario habitual\" \/>\n<meta name=\"robots\" content=\"index, follow, max-snippet:-1, max-image-preview:large, max-video-preview:-1\" \/>\n<link rel=\"canonical\" href=\"https:\/\/www.nexoinformativo.mx\/index.php\/2025\/02\/21\/se-acabo-el-horario-de-invierno-primarias-en-queretaro-regresan-a-su-horario-habitual\/\" \/>\n<meta property=\"og:locale\" content=\"es_MX\" \/>\n<meta property=\"og:type\" content=\"article\" \/>\n<meta property=\"og:title\" content=\"Se acab\u00f3 el horario de invierno primarias en Quer\u00e9taro regresan a su horario habitual | Nexo Informativo Santiago de Quer\u00e9taro\" \/>\n<meta property=\"og:description\" content=\"Se acab\u00f3 el horario de invierno primarias en Quer\u00e9taro regresan a su horario habitual\" \/>\n<meta property=\"og:url\" content=\"https:\/\/www.nexoinformativo.mx\/index.php\/2025\/02\/21\/se-acabo-el-horario-de-invierno-primarias-en-queretaro-regresan-a-su-horario-habitual\/\" \/>\n<meta property=\"og:site_name\" content=\"Nexo Informativo Santiago de Quer\u00e9taro\" \/>\n<meta property=\"article:publisher\" content=\"https:\/\/www.facebook.com\/people\/Nexo-Informativo\/61564066885511\/\" \/>\n<meta property=\"article:published_time\" content=\"2025-02-21T20:00:53+00:00\" \/>\n<meta property=\"article:modified_time\" content=\"2025-02-21T23:42:18+00:00\" \/>\n<meta property=\"og:image\" content=\"https:\/\/www.nexoinformativo.mx\/wp-content\/uploads\/2025\/02\/PHOTO-2025-02-21-16-46-30-scaled-e1740181298921.jpg\" \/>\n\t<meta property=\"og:image:width\" content=\"800\" \/>\n\t<meta property=\"og:image:height\" content=\"533\" \/>\n\t<meta property=\"og:image:type\" content=\"image\/jpeg\" \/>\n<meta name=\"author\" content=\"Nexo Informativo\" \/>\n<meta name=\"twitter:card\" content=\"summary_large_image\" \/>\n<meta name=\"twitter:label1\" content=\"Escrito por\" \/>\n\t<meta name=\"twitter:data1\" content=\"Nexo Informativo\" \/>\n\t<meta name=\"twitter:label2\" content=\"Tiempo de lectura\" \/>\n\t<meta name=\"twitter:data2\" content=\"2 minutos\" \/>\n<script type=\"application\/ld+json\" class=\"yoast-schema-graph\">{\"@context\":\"https:\/\/schema.org\",\"@graph\":[{\"@type\":\"Article\",\"@id\":\"https:\/\/www.nexoinformativo.mx\/index.php\/2025\/02\/21\/se-acabo-el-horario-de-invierno-primarias-en-queretaro-regresan-a-su-horario-habitual\/#article\",\"isPartOf\":{\"@id\":\"https:\/\/www.nexoinformativo.mx\/index.php\/2025\/02\/21\/se-acabo-el-horario-de-invierno-primarias-en-queretaro-regresan-a-su-horario-habitual\/\"},\"author\":{\"name\":\"Nexo Informativo\",\"@id\":\"https:\/\/www.nexoinformativo.mx\/#\/schema\/person\/7749d380ba08c8ca00d7bc76fd907b7d\"},\"headline\":\"Se acab\u00f3 el horario de invierno primarias en Quer\u00e9taro regresan a su horario habitual\",\"datePublished\":\"2025-02-21T20:00:53+00:00\",\"dateModified\":\"2025-02-21T23:42:18+00:00\",\"mainEntityOfPage\":{\"@id\":\"https:\/\/www.nexoinformativo.mx\/index.php\/2025\/02\/21\/se-acabo-el-horario-de-invierno-primarias-en-queretaro-regresan-a-su-horario-habitual\/\"},\"wordCount\":247,\"commentCount\":0,\"publisher\":{\"@id\":\"https:\/\/www.nexoinformativo.mx\/#organization\"},\"image\":{\"@id\":\"https:\/\/www.nexoinformativo.mx\/index.php\/2025\/02\/21\/se-acabo-el-horario-de-invierno-primarias-en-queretaro-regresan-a-su-horario-habitual\/#primaryimage\"},\"thumbnailUrl\":\"https:\/\/www.nexoinformativo.mx\/wp-content\/uploads\/2025\/02\/PHOTO-2025-02-21-16-46-30-scaled-e1740181298921.jpg\",\"keywords\":[\"HorarioDeInvierno\",\"Quer\u00e9taro\",\"regresoaclases\",\"USEBEQ\"],\"articleSection\":[\"Estado\",\"\u00daltima Hora\"],\"inLanguage\":\"es\",\"potentialAction\":[{\"@type\":\"CommentAction\",\"name\":\"Comment\",\"target\":[\"https:\/\/www.nexoinformativo.mx\/index.php\/2025\/02\/21\/se-acabo-el-horario-de-invierno-primarias-en-queretaro-regresan-a-su-horario-habitual\/#respond\"]}]},{\"@type\":\"WebPage\",\"@id\":\"https:\/\/www.nexoinformativo.mx\/index.php\/2025\/02\/21\/se-acabo-el-horario-de-invierno-primarias-en-queretaro-regresan-a-su-horario-habitual\/\",\"url\":\"https:\/\/www.nexoinformativo.mx\/index.php\/2025\/02\/21\/se-acabo-el-horario-de-invierno-primarias-en-queretaro-regresan-a-su-horario-habitual\/\",\"name\":\"Se acab\u00f3 el horario de invierno primarias en Quer\u00e9taro regresan a su horario habitual | Nexo Informativo Santiago de Quer\u00e9taro\",\"isPartOf\":{\"@id\":\"https:\/\/www.nexoinformativo.mx\/#website\"},\"primaryImageOfPage\":{\"@id\":\"https:\/\/www.nexoinformativo.mx\/index.php\/2025\/02\/21\/se-acabo-el-horario-de-invierno-primarias-en-queretaro-regresan-a-su-horario-habitual\/#primaryimage\"},\"image\":{\"@id\":\"https:\/\/www.nexoinformativo.mx\/index.php\/2025\/02\/21\/se-acabo-el-horario-de-invierno-primarias-en-queretaro-regresan-a-su-horario-habitual\/#primaryimage\"},\"thumbnailUrl\":\"https:\/\/www.nexoinformativo.mx\/wp-content\/uploads\/2025\/02\/PHOTO-2025-02-21-16-46-30-scaled-e1740181298921.jpg\",\"datePublished\":\"2025-02-21T20:00:53+00:00\",\"dateModified\":\"2025-02-21T23:42:18+00:00\",\"description\":\"Se acab\u00f3 el horario de invierno primarias en Quer\u00e9taro regresan a su horario habitual\",\"breadcrumb\":{\"@id\":\"https:\/\/www.nexoinformativo.mx\/index.php\/2025\/02\/21\/se-acabo-el-horario-de-invierno-primarias-en-queretaro-regresan-a-su-horario-habitual\/#breadcrumb\"},\"inLanguage\":\"es\",\"potentialAction\":[{\"@type\":\"ReadAction\",\"target\":[\"https:\/\/www.nexoinformativo.mx\/index.php\/2025\/02\/21\/se-acabo-el-horario-de-invierno-primarias-en-queretaro-regresan-a-su-horario-habitual\/\"]}]},{\"@type\":\"ImageObject\",\"inLanguage\":\"es\",\"@id\":\"https:\/\/www.nexoinformativo.mx\/index.php\/2025\/02\/21\/se-acabo-el-horario-de-invierno-primarias-en-queretaro-regresan-a-su-horario-habitual\/#primaryimage\",\"url\":\"https:\/\/www.nexoinformativo.mx\/wp-content\/uploads\/2025\/02\/PHOTO-2025-02-21-16-46-30-scaled-e1740181298921.jpg\",\"contentUrl\":\"https:\/\/www.nexoinformativo.mx\/wp-content\/uploads\/2025\/02\/PHOTO-2025-02-21-16-46-30-scaled-e1740181298921.jpg\",\"width\":800,\"height\":533},{\"@type\":\"BreadcrumbList\",\"@id\":\"https:\/\/www.nexoinformativo.mx\/index.php\/2025\/02\/21\/se-acabo-el-horario-de-invierno-primarias-en-queretaro-regresan-a-su-horario-habitual\/#breadcrumb\",\"itemListElement\":[{\"@type\":\"ListItem\",\"position\":1,\"name\":\"Inicio\",\"item\":\"https:\/\/www.nexoinformativo.mx\/\"},{\"@type\":\"ListItem\",\"position\":2,\"name\":\"Se acab\u00f3 el horario de invierno primarias en Quer\u00e9taro regresan a su horario habitual\"}]},{\"@type\":\"WebSite\",\"@id\":\"https:\/\/www.nexoinformativo.mx\/#website\",\"url\":\"https:\/\/www.nexoinformativo.mx\/\",\"name\":\"Nexo Informativo Santiago de Quer\u00e9taro\",\"description\":\"Explora NexoInformativo y convi\u00e9rtete en parte de una comunidad que valora el conocimiento y la verdad. Tu nexoinformativo es tu puente hacia una comprensi\u00f3n m\u00e1s profunda del mundo que te rodea.\",\"publisher\":{\"@id\":\"https:\/\/www.nexoinformativo.mx\/#organization\"},\"potentialAction\":[{\"@type\":\"SearchAction\",\"target\":{\"@type\":\"EntryPoint\",\"urlTemplate\":\"https:\/\/www.nexoinformativo.mx\/?s={search_term_string}\"},\"query-input\":{\"@type\":\"PropertyValueSpecification\",\"valueRequired\":true,\"valueName\":\"search_term_string\"}}],\"inLanguage\":\"es\"},{\"@type\":\"Organization\",\"@id\":\"https:\/\/www.nexoinformativo.mx\/#organization\",\"name\":\"Nexo Informativo Santiago de Quer\u00e9taro\",\"url\":\"https:\/\/www.nexoinformativo.mx\/\",\"logo\":{\"@type\":\"ImageObject\",\"inLanguage\":\"es\",\"@id\":\"https:\/\/www.nexoinformativo.mx\/#\/schema\/logo\/image\/\",\"url\":\"https:\/\/www.nexoinformativo.mx\/wp-content\/uploads\/2024\/07\/nexoi-trasparente-2.png\",\"contentUrl\":\"https:\/\/www.nexoinformativo.mx\/wp-content\/uploads\/2024\/07\/nexoi-trasparente-2.png\",\"width\":816,\"height\":339,\"caption\":\"Nexo Informativo Santiago de Quer\u00e9taro\"},\"image\":{\"@id\":\"https:\/\/www.nexoinformativo.mx\/#\/schema\/logo\/image\/\"},\"sameAs\":[\"https:\/\/www.facebook.com\/people\/Nexo-Informativo\/61564066885511\/\"]},{\"@type\":\"Person\",\"@id\":\"https:\/\/www.nexoinformativo.mx\/#\/schema\/person\/7749d380ba08c8ca00d7bc76fd907b7d\",\"name\":\"Nexo Informativo\",\"image\":{\"@type\":\"ImageObject\",\"inLanguage\":\"es\",\"@id\":\"https:\/\/www.nexoinformativo.mx\/#\/schema\/person\/image\/\",\"url\":\"https:\/\/secure.gravatar.com\/avatar\/dde2928154642a13d95f87ddf1ea9718fe2b46760a005c53e41ff5ad610704e6?s=96&d=mm&r=g\",\"contentUrl\":\"https:\/\/secure.gravatar.com\/avatar\/dde2928154642a13d95f87ddf1ea9718fe2b46760a005c53e41ff5ad610704e6?s=96&d=mm&r=g\",\"caption\":\"Nexo Informativo\"},\"url\":\"https:\/\/www.nexoinformativo.mx\/index.php\/author\/edicion\/\"}]}<\/script>\n<!-- \/ Yoast SEO plugin. -->","yoast_head_json":{"title":"Se acab\u00f3 el horario de invierno primarias en Quer\u00e9taro regresan a su horario habitual | Nexo Informativo Santiago de Quer\u00e9taro","description":"Se acab\u00f3 el horario de invierno primarias en Quer\u00e9taro regresan a su horario habitual","robots":{"index":"index","follow":"follow","max-snippet":"max-snippet:-1","max-image-preview":"max-image-preview:large","max-video-preview":"max-video-preview:-1"},"canonical":"https:\/\/www.nexoinformativo.mx\/index.php\/2025\/02\/21\/se-acabo-el-horario-de-invierno-primarias-en-queretaro-regresan-a-su-horario-habitual\/","og_locale":"es_MX","og_type":"article","og_title":"Se acab\u00f3 el horario de invierno primarias en Quer\u00e9taro regresan a su horario habitual | Nexo Informativo Santiago de Quer\u00e9taro","og_description":"Se acab\u00f3 el horario de invierno primarias en Quer\u00e9taro regresan a su horario habitual","og_url":"https:\/\/www.nexoinformativo.mx\/index.php\/2025\/02\/21\/se-acabo-el-horario-de-invierno-primarias-en-queretaro-regresan-a-su-horario-habitual\/","og_site_name":"Nexo Informativo Santiago de Quer\u00e9taro","article_publisher":"https:\/\/www.facebook.com\/people\/Nexo-Informativo\/61564066885511\/","article_published_time":"2025-02-21T20:00:53+00:00","article_modified_time":"2025-02-21T23:42:18+00:00","og_image":[{"width":800,"height":533,"url":"https:\/\/www.nexoinformativo.mx\/wp-content\/uploads\/2025\/02\/PHOTO-2025-02-21-16-46-30-scaled-e1740181298921.jpg","type":"image\/jpeg"}],"author":"Nexo Informativo","twitter_card":"summary_large_image","twitter_misc":{"Escrito por":"Nexo Informativo","Tiempo de lectura":"2 minutos"},"schema":{"@context":"https:\/\/schema.org","@graph":[{"@type":"Article","@id":"https:\/\/www.nexoinformativo.mx\/index.php\/2025\/02\/21\/se-acabo-el-horario-de-invierno-primarias-en-queretaro-regresan-a-su-horario-habitual\/#article","isPartOf":{"@id":"https:\/\/www.nexoinformativo.mx\/index.php\/2025\/02\/21\/se-acabo-el-horario-de-invierno-primarias-en-queretaro-regresan-a-su-horario-habitual\/"},"author":{"name":"Nexo Informativo","@id":"https:\/\/www.nexoinformativo.mx\/#\/schema\/person\/7749d380ba08c8ca00d7bc76fd907b7d"},"headline":"Se acab\u00f3 el horario de invierno primarias en Quer\u00e9taro regresan a su horario habitual","datePublished":"2025-02-21T20:00:53+00:00","dateModified":"2025-02-21T23:42:18+00:00","mainEntityOfPage":{"@id":"https:\/\/www.nexoinformativo.mx\/index.php\/2025\/02\/21\/se-acabo-el-horario-de-invierno-primarias-en-queretaro-regresan-a-su-horario-habitual\/"},"wordCount":247,"commentCount":0,"publisher":{"@id":"https:\/\/www.nexoinformativo.mx\/#organization"},"image":{"@id":"https:\/\/www.nexoinformativo.mx\/index.php\/2025\/02\/21\/se-acabo-el-horario-de-invierno-primarias-en-queretaro-regresan-a-su-horario-habitual\/#primaryimage"},"thumbnailUrl":"https:\/\/www.nexoinformativo.mx\/wp-content\/uploads\/2025\/02\/PHOTO-2025-02-21-16-46-30-scaled-e1740181298921.jpg","keywords":["HorarioDeInvierno","Quer\u00e9taro","regresoaclases","USEBEQ"],"articleSection":["Estado","\u00daltima Hora"],"inLanguage":"es","potentialAction":[{"@type":"CommentAction","name":"Comment","target":["https:\/\/www.nexoinformativo.mx\/index.php\/2025\/02\/21\/se-acabo-el-horario-de-invierno-primarias-en-queretaro-regresan-a-su-horario-habitual\/#respond"]}]},{"@type":"WebPage","@id":"https:\/\/www.nexoinformativo.mx\/index.php\/2025\/02\/21\/se-acabo-el-horario-de-invierno-primarias-en-queretaro-regresan-a-su-horario-habitual\/","url":"https:\/\/www.nexoinformativo.mx\/index.php\/2025\/02\/21\/se-acabo-el-horario-de-invierno-primarias-en-queretaro-regresan-a-su-horario-habitual\/","name":"Se acab\u00f3 el horario de invierno primarias en Quer\u00e9taro regresan a su horario habitual | Nexo Informativo Santiago de Quer\u00e9taro","isPartOf":{"@id":"https:\/\/www.nexoinformativo.mx\/#website"},"primaryImageOfPage":{"@id":"https:\/\/www.nexoinformativo.mx\/index.php\/2025\/02\/21\/se-acabo-el-horario-de-invierno-primarias-en-queretaro-regresan-a-su-horario-habitual\/#primaryimage"},"image":{"@id":"https:\/\/www.nexoinformativo.mx\/index.php\/2025\/02\/21\/se-acabo-el-horario-de-invierno-primarias-en-queretaro-regresan-a-su-horario-habitual\/#primaryimage"},"thumbnailUrl":"https:\/\/www.nexoinformativo.mx\/wp-content\/uploads\/2025\/02\/PHOTO-2025-02-21-16-46-30-scaled-e1740181298921.jpg","datePublished":"2025-02-21T20:00:53+00:00","dateModified":"2025-02-21T23:42:18+00:00","description":"Se acab\u00f3 el horario de invierno primarias en Quer\u00e9taro regresan a su horario habitual","breadcrumb":{"@id":"https:\/\/www.nexoinformativo.mx\/index.php\/2025\/02\/21\/se-acabo-el-horario-de-invierno-primarias-en-queretaro-regresan-a-su-horario-habitual\/#breadcrumb"},"inLanguage":"es","potentialAction":[{"@type":"ReadAction","target":["https:\/\/www.nexoinformativo.mx\/index.php\/2025\/02\/21\/se-acabo-el-horario-de-invierno-primarias-en-queretaro-regresan-a-su-horario-habitual\/"]}]},{"@type":"ImageObject","inLanguage":"es","@id":"https:\/\/www.nexoinformativo.mx\/index.php\/2025\/02\/21\/se-acabo-el-horario-de-invierno-primarias-en-queretaro-regresan-a-su-horario-habitual\/#primaryimage","url":"https:\/\/www.nexoinformativo.mx\/wp-content\/uploads\/2025\/02\/PHOTO-2025-02-21-16-46-30-scaled-e1740181298921.jpg","contentUrl":"https:\/\/www.nexoinformativo.mx\/wp-content\/uploads\/2025\/02\/PHOTO-2025-02-21-16-46-30-scaled-e1740181298921.jpg","width":800,"height":533},{"@type":"BreadcrumbList","@id":"https:\/\/www.nexoinformativo.mx\/index.php\/2025\/02\/21\/se-acabo-el-horario-de-invierno-primarias-en-queretaro-regresan-a-su-horario-habitual\/#breadcrumb","itemListElement":[{"@type":"ListItem","position":1,"name":"Inicio","item":"https:\/\/www.nexoinformativo.mx\/"},{"@type":"ListItem","position":2,"name":"Se acab\u00f3 el horario de invierno primarias en Quer\u00e9taro regresan a su horario habitual"}]},{"@type":"WebSite","@id":"https:\/\/www.nexoinformativo.mx\/#website","url":"https:\/\/www.nexoinformativo.mx\/","name":"Nexo Informativo Santiago de Quer\u00e9taro","description":"Explora NexoInformativo y convi\u00e9rtete en parte de una comunidad que valora el conocimiento y la verdad. Tu nexoinformativo es tu puente hacia una comprensi\u00f3n m\u00e1s profunda del mundo que te rodea.","publisher":{"@id":"https:\/\/www.nexoinformativo.mx\/#organization"},"potentialAction":[{"@type":"SearchAction","target":{"@type":"EntryPoint","urlTemplate":"https:\/\/www.nexoinformativo.mx\/?s={search_term_string}"},"query-input":{"@type":"PropertyValueSpecification","valueRequired":true,"valueName":"search_term_string"}}],"inLanguage":"es"},{"@type":"Organization","@id":"https:\/\/www.nexoinformativo.mx\/#organization","name":"Nexo Informativo Santiago de Quer\u00e9taro","url":"https:\/\/www.nexoinformativo.mx\/","logo":{"@type":"ImageObject","inLanguage":"es","@id":"https:\/\/www.nexoinformativo.mx\/#\/schema\/logo\/image\/","url":"https:\/\/www.nexoinformativo.mx\/wp-content\/uploads\/2024\/07\/nexoi-trasparente-2.png","contentUrl":"https:\/\/www.nexoinformativo.mx\/wp-content\/uploads\/2024\/07\/nexoi-trasparente-2.png","width":816,"height":339,"caption":"Nexo Informativo Santiago de Quer\u00e9taro"},"image":{"@id":"https:\/\/www.nexoinformativo.mx\/#\/schema\/logo\/image\/"},"sameAs":["https:\/\/www.facebook.com\/people\/Nexo-Informativo\/61564066885511\/"]},{"@type":"Person","@id":"https:\/\/www.nexoinformativo.mx\/#\/schema\/person\/7749d380ba08c8ca00d7bc76fd907b7d","name":"Nexo Informativo","image":{"@type":"ImageObject","inLanguage":"es","@id":"https:\/\/www.nexoinformativo.mx\/#\/schema\/person\/image\/","url":"https:\/\/secure.gravatar.com\/avatar\/dde2928154642a13d95f87ddf1ea9718fe2b46760a005c53e41ff5ad610704e6?s=96&d=mm&r=g","contentUrl":"https:\/\/secure.gravatar.com\/avatar\/dde2928154642a13d95f87ddf1ea9718fe2b46760a005c53e41ff5ad610704e6?s=96&d=mm&r=g","caption":"Nexo Informativo"},"url":"https:\/\/www.nexoinformativo.mx\/index.php\/author\/edicion\/"}]}},"_links":{"self":[{"href":"https:\/\/www.nexoinformativo.mx\/index.php\/wp-json\/wp\/v2\/posts\/11950","targetHints":{"allow":["GET"]}}],"collection":[{"href":"https:\/\/www.nexoinformativo.mx\/index.php\/wp-json\/wp\/v2\/posts"}],"about":[{"href":"https:\/\/www.nexoinformativo.mx\/index.php\/wp-json\/wp\/v2\/types\/post"}],"author":[{"embeddable":true,"href":"https:\/\/www.nexoinformativo.mx\/index.php\/wp-json\/wp\/v2\/users\/3"}],"replies":[{"embeddable":true,"href":"https:\/\/www.nexoinformativo.mx\/index.php\/wp-json\/wp\/v2\/comments?post=11950"}],"version-history":[{"count":3,"href":"https:\/\/www.nexoinformativo.mx\/index.php\/wp-json\/wp\/v2\/posts\/11950\/revisions"}],"predecessor-version":[{"id":11954,"href":"https:\/\/www.nexoinformativo.mx\/index.php\/wp-json\/wp\/v2\/posts\/11950\/revisions\/11954"}],"wp:featuredmedia":[{"embeddable":true,"href":"https:\/\/www.nexoinformativo.mx\/index.php\/wp-json\/wp\/v2\/media\/11951"}],"wp:attachment":[{"href":"https:\/\/www.nexoinformativo.mx\/index.php\/wp-json\/wp\/v2\/media?parent=11950"}],"wp:term":[{"taxonomy":"category","embeddable":true,"href":"https:\/\/www.nexoinformativo.mx\/index.php\/wp-json\/wp\/v2\/categories?post=11950"},{"taxonomy":"post_tag","embeddable":true,"href":"https:\/\/www.nexoinformativo.mx\/index.php\/wp-json\/wp\/v2\/tags?post=11950"}],"curies":[{"name":"wp","href":"https:\/\/api.w.org\/{rel}","templated":true}]}}