{"id":11965,"date":"2025-02-24T06:30:14","date_gmt":"2025-02-24T12:30:14","guid":{"rendered":"https:\/\/www.nexoinformativo.mx\/?p=11965"},"modified":"2025-02-24T10:47:15","modified_gmt":"2025-02-24T16:47:15","slug":"se-fortalece-la-lucha-contra-la-corrupcion-con-nuevo-convenio-ccpq-sesea-contraloria-y-fiscalia-unen-fuerzas-en-queretaro","status":"publish","type":"post","link":"https:\/\/www.nexoinformativo.mx\/index.php\/2025\/02\/24\/se-fortalece-la-lucha-contra-la-corrupcion-con-nuevo-convenio-ccpq-sesea-contraloria-y-fiscalia-unen-fuerzas-en-queretaro\/","title":{"rendered":"\u00a0Se fortalece la lucha contra la corrupci\u00f3n con nuevo convenio CCPQ, SESEA, Contralor\u00eda y Fiscal\u00eda unen fuerzas en Quer\u00e9taro"},"content":{"rendered":"<p style=\"text-align: justify;\" data-sourcepos=\"11:1-11:393\"><strong>El Colegio de Contadores P\u00fablicos de Quer\u00e9taro<\/strong> (CCPQ) ha dado un paso firme en su compromiso con la transparencia y la rendici\u00f3n de cuentas.<\/p>\n<\/p>\n<p>&nbsp;<\/p>\n<p style=\"text-align: justify;\" data-sourcepos=\"11:1-11:393\">En un esfuerzo conjunto para combatir la corrupci\u00f3n, firm\u00f3 un Convenio de Colaboraci\u00f3n con la Contralor\u00eda del Estado, la Fiscal\u00eda Especializada en el Combate a la Corrupci\u00f3n y el Sistema Estatal Anticorrupci\u00f3n (SESEA).<\/p>\n<\/p>\n<p>&nbsp; <\/p>\n<p style=\"text-align: justify;\" data-sourcepos=\"13:1-13:232\">Esta alianza estrat\u00e9gica tiene como objetivo principal fortalecer la colaboraci\u00f3n entre las instituciones involucradas y promover la capacitaci\u00f3n y prevenci\u00f3n en materia de anticorrupci\u00f3n entre las empresas y la sociedad en general.<\/p>\n<\/p>\n<p>&nbsp;<\/p>\n<p style=\"text-align: justify;\" data-sourcepos=\"15:1-15:224\">Rafael Mart\u00edn Rivera, presidente del CCPQ, destac\u00f3 que esta firma representa un paso fundamental para impulsar la excelencia contable en el estado, labor que el Colegio ha realizado durante sus 65 a\u00f1os de existencia.<\/p>\n<\/p>\n<p>&nbsp;<\/p>\n<p style=\"text-align: justify;\" data-sourcepos=\"17:1-17:342\">El convenio fue firmado por Benjam\u00edn Vargas, Fiscal Especializado en el Combate a la Corrupci\u00f3n de Quer\u00e9taro; Jorge S\u00e1nchez, titular de la Secretar\u00eda Ejecutiva del Sistema Estatal Anticorrupci\u00f3n (SESEA); y Sergio Pati\u00f1o, subsecretario de la Contralor\u00eda del Estado, en representaci\u00f3n del titular, Oscar Garc\u00eda.<\/p>\n<\/p>\n<p>&nbsp;<\/p>\n<p style=\"text-align: justify;\" data-sourcepos=\"19:1-19:278\">Sergio Pati\u00f1o, subsecretario de la Contralor\u00eda, resalt\u00f3 que este convenio es un avance significativo hacia la consolidaci\u00f3n de un sistema m\u00e1s transparente y justo en Quer\u00e9taro, en l\u00ednea con el trabajo que se realiza al interior de la administraci\u00f3n del gobernador Mauricio Kuri.<\/p>\n<\/p>\n<p>&nbsp;<\/p>\n<p style=\"text-align: justify;\" data-sourcepos=\"21:1-21:196\">Jorge S\u00e1nchez, titular del SESEA, celebr\u00f3 la uni\u00f3n de esfuerzos entre el Colegio y las instituciones gubernamentales para promover la integridad y la transparencia en la gesti\u00f3n p\u00fablica y privada.<\/p>\n<\/p>\n<p>&nbsp;<\/p>\n<p style=\"text-align: justify;\" data-sourcepos=\"23:1-23:217\">Finalmente, Benjam\u00edn Vargas Salazar, Fiscal Especializado en Combate a la Corrupci\u00f3n, subray\u00f3 la importancia de que las empresas implementen un programa para prevenir la corrupci\u00f3n y el lavado de dinero.<\/p>\n<\/p>\n<p>&nbsp;<\/p>\n<p style=\"text-align: center;\" data-sourcepos=\"23:1-23:217\"><em><strong>\u00a1Informaci\u00f3n que transforma!<\/strong><\/em><\/p>\n","protected":false},"excerpt":{"rendered":"<p>El Colegio de Contadores P\u00fablicos de Quer\u00e9taro (CCPQ) ha dado un paso firme en su compromiso con la transparencia y la rendici\u00f3n de cuentas.<\/p>\n","protected":false},"author":3,"featured_media":11966,"comment_status":"open","ping_status":"open","sticky":false,"template":"","format":"standard","meta":{"footnotes":""},"categories":[42,58],"tags":[3499,3500,3501,1759],"class_list":["post-11965","post","type-post","status-publish","format-standard","has-post-thumbnail","hentry","category-estado","category-ultima-hora","tag-anticorrupcionqueretaro","tag-ccpq","tag-sesea","tag-transparencia"],"yoast_head":"<!-- This site is optimized with the Yoast SEO plugin v25.0 - https:\/\/yoast.com\/wordpress\/plugins\/seo\/ -->\n<title>\u00a0Se fortalece la lucha contra la corrupci\u00f3n con nuevo convenio CCPQ, SESEA, Contralor\u00eda y Fiscal\u00eda unen fuerzas en Quer\u00e9taro | Nexo Informativo Santiago de Quer\u00e9taro<\/title>\n<meta name=\"description\" content=\"Se fortalece la lucha contra la corrupci\u00f3n con nuevo convenio CCPQ, SESEA, Contralor\u00eda y Fiscal\u00eda unen fuerzas en Quer\u00e9taro\" \/>\n<meta name=\"robots\" content=\"index, follow, max-snippet:-1, max-image-preview:large, max-video-preview:-1\" \/>\n<link rel=\"canonical\" href=\"https:\/\/www.nexoinformativo.mx\/index.php\/2025\/02\/24\/se-fortalece-la-lucha-contra-la-corrupcion-con-nuevo-convenio-ccpq-sesea-contraloria-y-fiscalia-unen-fuerzas-en-queretaro\/\" \/>\n<meta property=\"og:locale\" content=\"es_MX\" \/>\n<meta property=\"og:type\" content=\"article\" \/>\n<meta property=\"og:title\" content=\"\u00a0Se fortalece la lucha contra la corrupci\u00f3n con nuevo convenio CCPQ, SESEA, Contralor\u00eda y Fiscal\u00eda unen fuerzas en Quer\u00e9taro | Nexo Informativo Santiago de Quer\u00e9taro\" \/>\n<meta property=\"og:description\" content=\"Se fortalece la lucha contra la corrupci\u00f3n con nuevo convenio CCPQ, SESEA, Contralor\u00eda y Fiscal\u00eda unen fuerzas en Quer\u00e9taro\" \/>\n<meta property=\"og:url\" content=\"https:\/\/www.nexoinformativo.mx\/index.php\/2025\/02\/24\/se-fortalece-la-lucha-contra-la-corrupcion-con-nuevo-convenio-ccpq-sesea-contraloria-y-fiscalia-unen-fuerzas-en-queretaro\/\" \/>\n<meta property=\"og:site_name\" content=\"Nexo Informativo Santiago de Quer\u00e9taro\" \/>\n<meta property=\"article:publisher\" content=\"https:\/\/www.facebook.com\/people\/Nexo-Informativo\/61564066885511\/\" \/>\n<meta property=\"article:published_time\" content=\"2025-02-24T12:30:14+00:00\" \/>\n<meta property=\"article:modified_time\" content=\"2025-02-24T16:47:15+00:00\" \/>\n<meta property=\"og:image\" content=\"https:\/\/www.nexoinformativo.mx\/wp-content\/uploads\/2025\/02\/PHOTO-2025-02-23-19-54-40-e1740415584468.jpg\" \/>\n\t<meta property=\"og:image:width\" content=\"800\" \/>\n\t<meta property=\"og:image:height\" content=\"534\" \/>\n\t<meta property=\"og:image:type\" content=\"image\/jpeg\" \/>\n<meta name=\"author\" content=\"Nexo Informativo\" \/>\n<meta name=\"twitter:card\" content=\"summary_large_image\" \/>\n<meta name=\"twitter:label1\" content=\"Escrito por\" \/>\n\t<meta name=\"twitter:data1\" content=\"Nexo Informativo\" \/>\n\t<meta name=\"twitter:label2\" content=\"Tiempo de lectura\" \/>\n\t<meta name=\"twitter:data2\" content=\"2 minutos\" \/>\n<script type=\"application\/ld+json\" class=\"yoast-schema-graph\">{\"@context\":\"https:\/\/schema.org\",\"@graph\":[{\"@type\":\"Article\",\"@id\":\"https:\/\/www.nexoinformativo.mx\/index.php\/2025\/02\/24\/se-fortalece-la-lucha-contra-la-corrupcion-con-nuevo-convenio-ccpq-sesea-contraloria-y-fiscalia-unen-fuerzas-en-queretaro\/#article\",\"isPartOf\":{\"@id\":\"https:\/\/www.nexoinformativo.mx\/index.php\/2025\/02\/24\/se-fortalece-la-lucha-contra-la-corrupcion-con-nuevo-convenio-ccpq-sesea-contraloria-y-fiscalia-unen-fuerzas-en-queretaro\/\"},\"author\":{\"name\":\"Nexo Informativo\",\"@id\":\"https:\/\/www.nexoinformativo.mx\/#\/schema\/person\/7749d380ba08c8ca00d7bc76fd907b7d\"},\"headline\":\"\u00a0Se fortalece la lucha contra la corrupci\u00f3n con nuevo convenio CCPQ, SESEA, Contralor\u00eda y Fiscal\u00eda unen fuerzas en Quer\u00e9taro\",\"datePublished\":\"2025-02-24T12:30:14+00:00\",\"dateModified\":\"2025-02-24T16:47:15+00:00\",\"mainEntityOfPage\":{\"@id\":\"https:\/\/www.nexoinformativo.mx\/index.php\/2025\/02\/24\/se-fortalece-la-lucha-contra-la-corrupcion-con-nuevo-convenio-ccpq-sesea-contraloria-y-fiscalia-unen-fuerzas-en-queretaro\/\"},\"wordCount\":344,\"commentCount\":0,\"publisher\":{\"@id\":\"https:\/\/www.nexoinformativo.mx\/#organization\"},\"image\":{\"@id\":\"https:\/\/www.nexoinformativo.mx\/index.php\/2025\/02\/24\/se-fortalece-la-lucha-contra-la-corrupcion-con-nuevo-convenio-ccpq-sesea-contraloria-y-fiscalia-unen-fuerzas-en-queretaro\/#primaryimage\"},\"thumbnailUrl\":\"https:\/\/www.nexoinformativo.mx\/wp-content\/uploads\/2025\/02\/PHOTO-2025-02-23-19-54-40-e1740415584468.jpg\",\"keywords\":[\"Anticorrupci\u00f3nQuer\u00e9taro\",\"CCPQ\",\"SESEA\",\"Transparencia\"],\"articleSection\":[\"Estado\",\"\u00daltima Hora\"],\"inLanguage\":\"es\",\"potentialAction\":[{\"@type\":\"CommentAction\",\"name\":\"Comment\",\"target\":[\"https:\/\/www.nexoinformativo.mx\/index.php\/2025\/02\/24\/se-fortalece-la-lucha-contra-la-corrupcion-con-nuevo-convenio-ccpq-sesea-contraloria-y-fiscalia-unen-fuerzas-en-queretaro\/#respond\"]}]},{\"@type\":\"WebPage\",\"@id\":\"https:\/\/www.nexoinformativo.mx\/index.php\/2025\/02\/24\/se-fortalece-la-lucha-contra-la-corrupcion-con-nuevo-convenio-ccpq-sesea-contraloria-y-fiscalia-unen-fuerzas-en-queretaro\/\",\"url\":\"https:\/\/www.nexoinformativo.mx\/index.php\/2025\/02\/24\/se-fortalece-la-lucha-contra-la-corrupcion-con-nuevo-convenio-ccpq-sesea-contraloria-y-fiscalia-unen-fuerzas-en-queretaro\/\",\"name\":\"\u00a0Se fortalece la lucha contra la corrupci\u00f3n con nuevo convenio CCPQ, SESEA, Contralor\u00eda y Fiscal\u00eda unen fuerzas en Quer\u00e9taro | Nexo Informativo Santiago de Quer\u00e9taro\",\"isPartOf\":{\"@id\":\"https:\/\/www.nexoinformativo.mx\/#website\"},\"primaryImageOfPage\":{\"@id\":\"https:\/\/www.nexoinformativo.mx\/index.php\/2025\/02\/24\/se-fortalece-la-lucha-contra-la-corrupcion-con-nuevo-convenio-ccpq-sesea-contraloria-y-fiscalia-unen-fuerzas-en-queretaro\/#primaryimage\"},\"image\":{\"@id\":\"https:\/\/www.nexoinformativo.mx\/index.php\/2025\/02\/24\/se-fortalece-la-lucha-contra-la-corrupcion-con-nuevo-convenio-ccpq-sesea-contraloria-y-fiscalia-unen-fuerzas-en-queretaro\/#primaryimage\"},\"thumbnailUrl\":\"https:\/\/www.nexoinformativo.mx\/wp-content\/uploads\/2025\/02\/PHOTO-2025-02-23-19-54-40-e1740415584468.jpg\",\"datePublished\":\"2025-02-24T12:30:14+00:00\",\"dateModified\":\"2025-02-24T16:47:15+00:00\",\"description\":\"Se fortalece la lucha contra la corrupci\u00f3n con nuevo convenio CCPQ, SESEA, Contralor\u00eda y Fiscal\u00eda unen fuerzas en Quer\u00e9taro\",\"breadcrumb\":{\"@id\":\"https:\/\/www.nexoinformativo.mx\/index.php\/2025\/02\/24\/se-fortalece-la-lucha-contra-la-corrupcion-con-nuevo-convenio-ccpq-sesea-contraloria-y-fiscalia-unen-fuerzas-en-queretaro\/#breadcrumb\"},\"inLanguage\":\"es\",\"potentialAction\":[{\"@type\":\"ReadAction\",\"target\":[\"https:\/\/www.nexoinformativo.mx\/index.php\/2025\/02\/24\/se-fortalece-la-lucha-contra-la-corrupcion-con-nuevo-convenio-ccpq-sesea-contraloria-y-fiscalia-unen-fuerzas-en-queretaro\/\"]}]},{\"@type\":\"ImageObject\",\"inLanguage\":\"es\",\"@id\":\"https:\/\/www.nexoinformativo.mx\/index.php\/2025\/02\/24\/se-fortalece-la-lucha-contra-la-corrupcion-con-nuevo-convenio-ccpq-sesea-contraloria-y-fiscalia-unen-fuerzas-en-queretaro\/#primaryimage\",\"url\":\"https:\/\/www.nexoinformativo.mx\/wp-content\/uploads\/2025\/02\/PHOTO-2025-02-23-19-54-40-e1740415584468.jpg\",\"contentUrl\":\"https:\/\/www.nexoinformativo.mx\/wp-content\/uploads\/2025\/02\/PHOTO-2025-02-23-19-54-40-e1740415584468.jpg\",\"width\":800,\"height\":534},{\"@type\":\"BreadcrumbList\",\"@id\":\"https:\/\/www.nexoinformativo.mx\/index.php\/2025\/02\/24\/se-fortalece-la-lucha-contra-la-corrupcion-con-nuevo-convenio-ccpq-sesea-contraloria-y-fiscalia-unen-fuerzas-en-queretaro\/#breadcrumb\",\"itemListElement\":[{\"@type\":\"ListItem\",\"position\":1,\"name\":\"Inicio\",\"item\":\"https:\/\/www.nexoinformativo.mx\/\"},{\"@type\":\"ListItem\",\"position\":2,\"name\":\"\u00a0Se fortalece la lucha contra la corrupci\u00f3n con nuevo convenio CCPQ, SESEA, Contralor\u00eda y Fiscal\u00eda unen fuerzas en Quer\u00e9taro\"}]},{\"@type\":\"WebSite\",\"@id\":\"https:\/\/www.nexoinformativo.mx\/#website\",\"url\":\"https:\/\/www.nexoinformativo.mx\/\",\"name\":\"Nexo Informativo Santiago de Quer\u00e9taro\",\"description\":\"Explora NexoInformativo y convi\u00e9rtete en parte de una comunidad que valora el conocimiento y la verdad. Tu nexoinformativo es tu puente hacia una comprensi\u00f3n m\u00e1s profunda del mundo que te rodea.\",\"publisher\":{\"@id\":\"https:\/\/www.nexoinformativo.mx\/#organization\"},\"potentialAction\":[{\"@type\":\"SearchAction\",\"target\":{\"@type\":\"EntryPoint\",\"urlTemplate\":\"https:\/\/www.nexoinformativo.mx\/?s={search_term_string}\"},\"query-input\":{\"@type\":\"PropertyValueSpecification\",\"valueRequired\":true,\"valueName\":\"search_term_string\"}}],\"inLanguage\":\"es\"},{\"@type\":\"Organization\",\"@id\":\"https:\/\/www.nexoinformativo.mx\/#organization\",\"name\":\"Nexo Informativo Santiago de Quer\u00e9taro\",\"url\":\"https:\/\/www.nexoinformativo.mx\/\",\"logo\":{\"@type\":\"ImageObject\",\"inLanguage\":\"es\",\"@id\":\"https:\/\/www.nexoinformativo.mx\/#\/schema\/logo\/image\/\",\"url\":\"https:\/\/www.nexoinformativo.mx\/wp-content\/uploads\/2024\/07\/nexoi-trasparente-2.png\",\"contentUrl\":\"https:\/\/www.nexoinformativo.mx\/wp-content\/uploads\/2024\/07\/nexoi-trasparente-2.png\",\"width\":816,\"height\":339,\"caption\":\"Nexo Informativo Santiago de Quer\u00e9taro\"},\"image\":{\"@id\":\"https:\/\/www.nexoinformativo.mx\/#\/schema\/logo\/image\/\"},\"sameAs\":[\"https:\/\/www.facebook.com\/people\/Nexo-Informativo\/61564066885511\/\"]},{\"@type\":\"Person\",\"@id\":\"https:\/\/www.nexoinformativo.mx\/#\/schema\/person\/7749d380ba08c8ca00d7bc76fd907b7d\",\"name\":\"Nexo Informativo\",\"image\":{\"@type\":\"ImageObject\",\"inLanguage\":\"es\",\"@id\":\"https:\/\/www.nexoinformativo.mx\/#\/schema\/person\/image\/\",\"url\":\"https:\/\/secure.gravatar.com\/avatar\/dde2928154642a13d95f87ddf1ea9718fe2b46760a005c53e41ff5ad610704e6?s=96&d=mm&r=g\",\"contentUrl\":\"https:\/\/secure.gravatar.com\/avatar\/dde2928154642a13d95f87ddf1ea9718fe2b46760a005c53e41ff5ad610704e6?s=96&d=mm&r=g\",\"caption\":\"Nexo Informativo\"},\"url\":\"https:\/\/www.nexoinformativo.mx\/index.php\/author\/edicion\/\"}]}<\/script>\n<!-- \/ Yoast SEO plugin. -->","yoast_head_json":{"title":"\u00a0Se fortalece la lucha contra la corrupci\u00f3n con nuevo convenio CCPQ, SESEA, Contralor\u00eda y Fiscal\u00eda unen fuerzas en Quer\u00e9taro | Nexo Informativo Santiago de Quer\u00e9taro","description":"Se fortalece la lucha contra la corrupci\u00f3n con nuevo convenio CCPQ, SESEA, Contralor\u00eda y Fiscal\u00eda unen fuerzas en Quer\u00e9taro","robots":{"index":"index","follow":"follow","max-snippet":"max-snippet:-1","max-image-preview":"max-image-preview:large","max-video-preview":"max-video-preview:-1"},"canonical":"https:\/\/www.nexoinformativo.mx\/index.php\/2025\/02\/24\/se-fortalece-la-lucha-contra-la-corrupcion-con-nuevo-convenio-ccpq-sesea-contraloria-y-fiscalia-unen-fuerzas-en-queretaro\/","og_locale":"es_MX","og_type":"article","og_title":"\u00a0Se fortalece la lucha contra la corrupci\u00f3n con nuevo convenio CCPQ, SESEA, Contralor\u00eda y Fiscal\u00eda unen fuerzas en Quer\u00e9taro | Nexo Informativo Santiago de Quer\u00e9taro","og_description":"Se fortalece la lucha contra la corrupci\u00f3n con nuevo convenio CCPQ, SESEA, Contralor\u00eda y Fiscal\u00eda unen fuerzas en Quer\u00e9taro","og_url":"https:\/\/www.nexoinformativo.mx\/index.php\/2025\/02\/24\/se-fortalece-la-lucha-contra-la-corrupcion-con-nuevo-convenio-ccpq-sesea-contraloria-y-fiscalia-unen-fuerzas-en-queretaro\/","og_site_name":"Nexo Informativo Santiago de Quer\u00e9taro","article_publisher":"https:\/\/www.facebook.com\/people\/Nexo-Informativo\/61564066885511\/","article_published_time":"2025-02-24T12:30:14+00:00","article_modified_time":"2025-02-24T16:47:15+00:00","og_image":[{"width":800,"height":534,"url":"https:\/\/www.nexoinformativo.mx\/wp-content\/uploads\/2025\/02\/PHOTO-2025-02-23-19-54-40-e1740415584468.jpg","type":"image\/jpeg"}],"author":"Nexo Informativo","twitter_card":"summary_large_image","twitter_misc":{"Escrito por":"Nexo Informativo","Tiempo de lectura":"2 minutos"},"schema":{"@context":"https:\/\/schema.org","@graph":[{"@type":"Article","@id":"https:\/\/www.nexoinformativo.mx\/index.php\/2025\/02\/24\/se-fortalece-la-lucha-contra-la-corrupcion-con-nuevo-convenio-ccpq-sesea-contraloria-y-fiscalia-unen-fuerzas-en-queretaro\/#article","isPartOf":{"@id":"https:\/\/www.nexoinformativo.mx\/index.php\/2025\/02\/24\/se-fortalece-la-lucha-contra-la-corrupcion-con-nuevo-convenio-ccpq-sesea-contraloria-y-fiscalia-unen-fuerzas-en-queretaro\/"},"author":{"name":"Nexo Informativo","@id":"https:\/\/www.nexoinformativo.mx\/#\/schema\/person\/7749d380ba08c8ca00d7bc76fd907b7d"},"headline":"\u00a0Se fortalece la lucha contra la corrupci\u00f3n con nuevo convenio CCPQ, SESEA, Contralor\u00eda y Fiscal\u00eda unen fuerzas en Quer\u00e9taro","datePublished":"2025-02-24T12:30:14+00:00","dateModified":"2025-02-24T16:47:15+00:00","mainEntityOfPage":{"@id":"https:\/\/www.nexoinformativo.mx\/index.php\/2025\/02\/24\/se-fortalece-la-lucha-contra-la-corrupcion-con-nuevo-convenio-ccpq-sesea-contraloria-y-fiscalia-unen-fuerzas-en-queretaro\/"},"wordCount":344,"commentCount":0,"publisher":{"@id":"https:\/\/www.nexoinformativo.mx\/#organization"},"image":{"@id":"https:\/\/www.nexoinformativo.mx\/index.php\/2025\/02\/24\/se-fortalece-la-lucha-contra-la-corrupcion-con-nuevo-convenio-ccpq-sesea-contraloria-y-fiscalia-unen-fuerzas-en-queretaro\/#primaryimage"},"thumbnailUrl":"https:\/\/www.nexoinformativo.mx\/wp-content\/uploads\/2025\/02\/PHOTO-2025-02-23-19-54-40-e1740415584468.jpg","keywords":["Anticorrupci\u00f3nQuer\u00e9taro","CCPQ","SESEA","Transparencia"],"articleSection":["Estado","\u00daltima Hora"],"inLanguage":"es","potentialAction":[{"@type":"CommentAction","name":"Comment","target":["https:\/\/www.nexoinformativo.mx\/index.php\/2025\/02\/24\/se-fortalece-la-lucha-contra-la-corrupcion-con-nuevo-convenio-ccpq-sesea-contraloria-y-fiscalia-unen-fuerzas-en-queretaro\/#respond"]}]},{"@type":"WebPage","@id":"https:\/\/www.nexoinformativo.mx\/index.php\/2025\/02\/24\/se-fortalece-la-lucha-contra-la-corrupcion-con-nuevo-convenio-ccpq-sesea-contraloria-y-fiscalia-unen-fuerzas-en-queretaro\/","url":"https:\/\/www.nexoinformativo.mx\/index.php\/2025\/02\/24\/se-fortalece-la-lucha-contra-la-corrupcion-con-nuevo-convenio-ccpq-sesea-contraloria-y-fiscalia-unen-fuerzas-en-queretaro\/","name":"\u00a0Se fortalece la lucha contra la corrupci\u00f3n con nuevo convenio CCPQ, SESEA, Contralor\u00eda y Fiscal\u00eda unen fuerzas en Quer\u00e9taro | Nexo Informativo Santiago de Quer\u00e9taro","isPartOf":{"@id":"https:\/\/www.nexoinformativo.mx\/#website"},"primaryImageOfPage":{"@id":"https:\/\/www.nexoinformativo.mx\/index.php\/2025\/02\/24\/se-fortalece-la-lucha-contra-la-corrupcion-con-nuevo-convenio-ccpq-sesea-contraloria-y-fiscalia-unen-fuerzas-en-queretaro\/#primaryimage"},"image":{"@id":"https:\/\/www.nexoinformativo.mx\/index.php\/2025\/02\/24\/se-fortalece-la-lucha-contra-la-corrupcion-con-nuevo-convenio-ccpq-sesea-contraloria-y-fiscalia-unen-fuerzas-en-queretaro\/#primaryimage"},"thumbnailUrl":"https:\/\/www.nexoinformativo.mx\/wp-content\/uploads\/2025\/02\/PHOTO-2025-02-23-19-54-40-e1740415584468.jpg","datePublished":"2025-02-24T12:30:14+00:00","dateModified":"2025-02-24T16:47:15+00:00","description":"Se fortalece la lucha contra la corrupci\u00f3n con nuevo convenio CCPQ, SESEA, Contralor\u00eda y Fiscal\u00eda unen fuerzas en Quer\u00e9taro","breadcrumb":{"@id":"https:\/\/www.nexoinformativo.mx\/index.php\/2025\/02\/24\/se-fortalece-la-lucha-contra-la-corrupcion-con-nuevo-convenio-ccpq-sesea-contraloria-y-fiscalia-unen-fuerzas-en-queretaro\/#breadcrumb"},"inLanguage":"es","potentialAction":[{"@type":"ReadAction","target":["https:\/\/www.nexoinformativo.mx\/index.php\/2025\/02\/24\/se-fortalece-la-lucha-contra-la-corrupcion-con-nuevo-convenio-ccpq-sesea-contraloria-y-fiscalia-unen-fuerzas-en-queretaro\/"]}]},{"@type":"ImageObject","inLanguage":"es","@id":"https:\/\/www.nexoinformativo.mx\/index.php\/2025\/02\/24\/se-fortalece-la-lucha-contra-la-corrupcion-con-nuevo-convenio-ccpq-sesea-contraloria-y-fiscalia-unen-fuerzas-en-queretaro\/#primaryimage","url":"https:\/\/www.nexoinformativo.mx\/wp-content\/uploads\/2025\/02\/PHOTO-2025-02-23-19-54-40-e1740415584468.jpg","contentUrl":"https:\/\/www.nexoinformativo.mx\/wp-content\/uploads\/2025\/02\/PHOTO-2025-02-23-19-54-40-e1740415584468.jpg","width":800,"height":534},{"@type":"BreadcrumbList","@id":"https:\/\/www.nexoinformativo.mx\/index.php\/2025\/02\/24\/se-fortalece-la-lucha-contra-la-corrupcion-con-nuevo-convenio-ccpq-sesea-contraloria-y-fiscalia-unen-fuerzas-en-queretaro\/#breadcrumb","itemListElement":[{"@type":"ListItem","position":1,"name":"Inicio","item":"https:\/\/www.nexoinformativo.mx\/"},{"@type":"ListItem","position":2,"name":"\u00a0Se fortalece la lucha contra la corrupci\u00f3n con nuevo convenio CCPQ, SESEA, Contralor\u00eda y Fiscal\u00eda unen fuerzas en Quer\u00e9taro"}]},{"@type":"WebSite","@id":"https:\/\/www.nexoinformativo.mx\/#website","url":"https:\/\/www.nexoinformativo.mx\/","name":"Nexo Informativo Santiago de Quer\u00e9taro","description":"Explora NexoInformativo y convi\u00e9rtete en parte de una comunidad que valora el conocimiento y la verdad. Tu nexoinformativo es tu puente hacia una comprensi\u00f3n m\u00e1s profunda del mundo que te rodea.","publisher":{"@id":"https:\/\/www.nexoinformativo.mx\/#organization"},"potentialAction":[{"@type":"SearchAction","target":{"@type":"EntryPoint","urlTemplate":"https:\/\/www.nexoinformativo.mx\/?s={search_term_string}"},"query-input":{"@type":"PropertyValueSpecification","valueRequired":true,"valueName":"search_term_string"}}],"inLanguage":"es"},{"@type":"Organization","@id":"https:\/\/www.nexoinformativo.mx\/#organization","name":"Nexo Informativo Santiago de Quer\u00e9taro","url":"https:\/\/www.nexoinformativo.mx\/","logo":{"@type":"ImageObject","inLanguage":"es","@id":"https:\/\/www.nexoinformativo.mx\/#\/schema\/logo\/image\/","url":"https:\/\/www.nexoinformativo.mx\/wp-content\/uploads\/2024\/07\/nexoi-trasparente-2.png","contentUrl":"https:\/\/www.nexoinformativo.mx\/wp-content\/uploads\/2024\/07\/nexoi-trasparente-2.png","width":816,"height":339,"caption":"Nexo Informativo Santiago de Quer\u00e9taro"},"image":{"@id":"https:\/\/www.nexoinformativo.mx\/#\/schema\/logo\/image\/"},"sameAs":["https:\/\/www.facebook.com\/people\/Nexo-Informativo\/61564066885511\/"]},{"@type":"Person","@id":"https:\/\/www.nexoinformativo.mx\/#\/schema\/person\/7749d380ba08c8ca00d7bc76fd907b7d","name":"Nexo Informativo","image":{"@type":"ImageObject","inLanguage":"es","@id":"https:\/\/www.nexoinformativo.mx\/#\/schema\/person\/image\/","url":"https:\/\/secure.gravatar.com\/avatar\/dde2928154642a13d95f87ddf1ea9718fe2b46760a005c53e41ff5ad610704e6?s=96&d=mm&r=g","contentUrl":"https:\/\/secure.gravatar.com\/avatar\/dde2928154642a13d95f87ddf1ea9718fe2b46760a005c53e41ff5ad610704e6?s=96&d=mm&r=g","caption":"Nexo Informativo"},"url":"https:\/\/www.nexoinformativo.mx\/index.php\/author\/edicion\/"}]}},"_links":{"self":[{"href":"https:\/\/www.nexoinformativo.mx\/index.php\/wp-json\/wp\/v2\/posts\/11965","targetHints":{"allow":["GET"]}}],"collection":[{"href":"https:\/\/www.nexoinformativo.mx\/index.php\/wp-json\/wp\/v2\/posts"}],"about":[{"href":"https:\/\/www.nexoinformativo.mx\/index.php\/wp-json\/wp\/v2\/types\/post"}],"author":[{"embeddable":true,"href":"https:\/\/www.nexoinformativo.mx\/index.php\/wp-json\/wp\/v2\/users\/3"}],"replies":[{"embeddable":true,"href":"https:\/\/www.nexoinformativo.mx\/index.php\/wp-json\/wp\/v2\/comments?post=11965"}],"version-history":[{"count":3,"href":"https:\/\/www.nexoinformativo.mx\/index.php\/wp-json\/wp\/v2\/posts\/11965\/revisions"}],"predecessor-version":[{"id":11969,"href":"https:\/\/www.nexoinformativo.mx\/index.php\/wp-json\/wp\/v2\/posts\/11965\/revisions\/11969"}],"wp:featuredmedia":[{"embeddable":true,"href":"https:\/\/www.nexoinformativo.mx\/index.php\/wp-json\/wp\/v2\/media\/11966"}],"wp:attachment":[{"href":"https:\/\/www.nexoinformativo.mx\/index.php\/wp-json\/wp\/v2\/media?parent=11965"}],"wp:term":[{"taxonomy":"category","embeddable":true,"href":"https:\/\/www.nexoinformativo.mx\/index.php\/wp-json\/wp\/v2\/categories?post=11965"},{"taxonomy":"post_tag","embeddable":true,"href":"https:\/\/www.nexoinformativo.mx\/index.php\/wp-json\/wp\/v2\/tags?post=11965"}],"curies":[{"name":"wp","href":"https:\/\/api.w.org\/{rel}","templated":true}]}}