{"id":11970,"date":"2025-02-24T07:00:27","date_gmt":"2025-02-24T13:00:27","guid":{"rendered":"https:\/\/www.nexoinformativo.mx\/?p=11970"},"modified":"2025-02-24T10:53:49","modified_gmt":"2025-02-24T16:53:49","slug":"ariadna-montiel-destaca-el-fortalecimiento-de-programas-de-bienestar-con-nuevos-programas-y-derechos","status":"publish","type":"post","link":"https:\/\/www.nexoinformativo.mx\/index.php\/2025\/02\/24\/ariadna-montiel-destaca-el-fortalecimiento-de-programas-de-bienestar-con-nuevos-programas-y-derechos\/","title":{"rendered":"Ariadna Montiel destaca el fortalecimiento de programas de Bienestar con nuevos programas y derechos"},"content":{"rendered":"<p style=\"text-align: justify;\" data-sourcepos=\"11:1-11:294\">La secretaria de Bienestar, Ariadna Montiel, asegur\u00f3 que las Pensiones y Programas de Bienestar son el resultado de los sentimientos del M\u00e9xico profundo y que, gracias a la Transformaci\u00f3n pac\u00edfica del pa\u00eds, se han construido derechos para el pueblo de M\u00e9xico.<\/p>\n<p>&nbsp;<\/p>\n<p style=\"text-align: justify;\" data-sourcepos=\"13:1-13:210\">Durante una gira de trabajo en Durango, Montiel Reyes destac\u00f3 que los Programas para el Bienestar contin\u00faan fortaleci\u00e9ndose y est\u00e1n protegidos por la Constituci\u00f3n.<\/p>\n<p>&nbsp;<\/p>\n<p style=\"text-align: justify;\" data-sourcepos=\"15:1-15:235\"><strong>&#8220;Cuando nuestra Presidenta se comprometi\u00f3 a construir el Segundo Piso de la Transformaci\u00f3n, significaba que los Programas de Bienestar continuar\u00edan, pero tambi\u00e9n que se van a fortalecer y habr\u00e1n nuevos programas&#8221;<\/strong>, se\u00f1al\u00f3 la secretaria.<\/p>\n<p>&nbsp;<\/p>\n<p style=\"text-align: justify;\" data-sourcepos=\"17:1-17:323\">En compa\u00f1\u00eda de la presidenta Claudia Sheinbaum, \u00a0la secretaria Montiel Reyes anunci\u00f3 la creaci\u00f3n de tres nuevos programas: la Pensi\u00f3n Mujeres Bienestar, Salud Casa por Casa y la Beca <strong>&#8220;Rita Cetina Guti\u00e9rrez&#8221;<\/strong>.<\/p>\n<p>&nbsp;<\/p>\n<p style=\"text-align: justify;\" data-sourcepos=\"19:1-19:415\">La Pensi\u00f3n Mujeres Bienestar reconoce el trabajo de las mujeres de 63 y 64 a\u00f1os, otorg\u00e1ndoles un apoyo bimestral de 3 mil pesos.<\/p>\n<p>&nbsp;<\/p>\n<p style=\"text-align: justify;\" data-sourcepos=\"19:1-19:415\">El programa Salud Casa por Casa brindar\u00e1 atenci\u00f3n m\u00e9dica gratuita a 13.6 millones de beneficiarios de las Pensiones para el Bienestar de las Personas Adultas Mayores y con Discapacidad. Por \u00faltimo, la beca universal <strong>&#8220;Rita Cetina Guti\u00e9rrez&#8221;<\/strong> beneficiar\u00e1 a estudiantes de educaci\u00f3n b\u00e1sica.<\/p>\n<p>&nbsp;<\/p>\n<p style=\"text-align: justify;\" data-sourcepos=\"21:1-21:371\">&#8220;Los Programas de Bienestar llegaron para quedarse por eso se inscribieron en la Constituci\u00f3n, y debemos sentirnos todos orgullosos porque es un logro de todos, es un logro del pueblo de M\u00e9xico que ha decidido seguir caminando por la Transformaci\u00f3n&#8221;, agreg\u00f3 Montiel Reyes.<\/p>\n<p>&nbsp;<\/p>\n<p style=\"text-align: center;\" data-sourcepos=\"21:1-21:371\"><em><strong>\u00a1Informaci\u00f3n que transforma!<\/strong><\/em><\/p>\n","protected":false},"excerpt":{"rendered":"<p>La secretaria de Bienestar, Ariadna Montiel, asegur\u00f3 que las Pensiones y Programas de Bienestar son el resultado de los sentimientos del M\u00e9xico profundo y que, gracias a la Transformaci\u00f3n pac\u00edfica del pa\u00eds, se han construido derechos para el pueblo de M\u00e9xico.<\/p>\n","protected":false},"author":3,"featured_media":11972,"comment_status":"open","ping_status":"open","sticky":false,"template":"","format":"standard","meta":{"footnotes":""},"categories":[88,58],"tags":[1965,3502,1854,3503],"class_list":["post-11970","post","type-post","status-publish","format-standard","has-post-thumbnail","hentry","category-nacional","category-ultima-hora","tag-ariadnamontiel","tag-bienestarmexico","tag-programassociales","tag-transformacionmexico"],"yoast_head":"<!-- This site is optimized with the Yoast SEO plugin v25.0 - https:\/\/yoast.com\/wordpress\/plugins\/seo\/ -->\n<title>Ariadna Montiel destaca el fortalecimiento de programas de Bienestar con nuevos programas y derechos | Nexo Informativo Santiago de Quer\u00e9taro<\/title>\n<meta name=\"description\" content=\"Ariadna Montiel destaca el fortalecimiento de programas de Bienestar con nuevos programas y derechos\" \/>\n<meta name=\"robots\" content=\"index, follow, max-snippet:-1, max-image-preview:large, max-video-preview:-1\" \/>\n<link rel=\"canonical\" href=\"https:\/\/www.nexoinformativo.mx\/index.php\/2025\/02\/24\/ariadna-montiel-destaca-el-fortalecimiento-de-programas-de-bienestar-con-nuevos-programas-y-derechos\/\" \/>\n<meta property=\"og:locale\" content=\"es_MX\" \/>\n<meta property=\"og:type\" content=\"article\" \/>\n<meta property=\"og:title\" content=\"Ariadna Montiel destaca el fortalecimiento de programas de Bienestar con nuevos programas y derechos | Nexo Informativo Santiago de Quer\u00e9taro\" \/>\n<meta property=\"og:description\" content=\"Ariadna Montiel destaca el fortalecimiento de programas de Bienestar con nuevos programas y derechos\" \/>\n<meta property=\"og:url\" content=\"https:\/\/www.nexoinformativo.mx\/index.php\/2025\/02\/24\/ariadna-montiel-destaca-el-fortalecimiento-de-programas-de-bienestar-con-nuevos-programas-y-derechos\/\" \/>\n<meta property=\"og:site_name\" content=\"Nexo Informativo Santiago de Quer\u00e9taro\" \/>\n<meta property=\"article:publisher\" content=\"https:\/\/www.facebook.com\/people\/Nexo-Informativo\/61564066885511\/\" \/>\n<meta property=\"article:published_time\" content=\"2025-02-24T13:00:27+00:00\" \/>\n<meta property=\"article:modified_time\" content=\"2025-02-24T16:53:49+00:00\" \/>\n<meta property=\"og:image\" content=\"https:\/\/www.nexoinformativo.mx\/wp-content\/uploads\/2025\/02\/PHOTO-2025-02-24-08-01-10-e1740415970655.jpg\" \/>\n\t<meta property=\"og:image:width\" content=\"800\" \/>\n\t<meta property=\"og:image:height\" content=\"934\" \/>\n\t<meta property=\"og:image:type\" content=\"image\/jpeg\" \/>\n<meta name=\"author\" content=\"Nexo Informativo\" \/>\n<meta name=\"twitter:card\" content=\"summary_large_image\" \/>\n<meta name=\"twitter:label1\" content=\"Escrito por\" \/>\n\t<meta name=\"twitter:data1\" content=\"Nexo Informativo\" \/>\n\t<meta name=\"twitter:label2\" content=\"Tiempo de lectura\" \/>\n\t<meta name=\"twitter:data2\" content=\"2 minutos\" \/>\n<script type=\"application\/ld+json\" class=\"yoast-schema-graph\">{\"@context\":\"https:\/\/schema.org\",\"@graph\":[{\"@type\":\"Article\",\"@id\":\"https:\/\/www.nexoinformativo.mx\/index.php\/2025\/02\/24\/ariadna-montiel-destaca-el-fortalecimiento-de-programas-de-bienestar-con-nuevos-programas-y-derechos\/#article\",\"isPartOf\":{\"@id\":\"https:\/\/www.nexoinformativo.mx\/index.php\/2025\/02\/24\/ariadna-montiel-destaca-el-fortalecimiento-de-programas-de-bienestar-con-nuevos-programas-y-derechos\/\"},\"author\":{\"name\":\"Nexo Informativo\",\"@id\":\"https:\/\/www.nexoinformativo.mx\/#\/schema\/person\/7749d380ba08c8ca00d7bc76fd907b7d\"},\"headline\":\"Ariadna Montiel destaca el fortalecimiento de programas de Bienestar con nuevos programas y derechos\",\"datePublished\":\"2025-02-24T13:00:27+00:00\",\"dateModified\":\"2025-02-24T16:53:49+00:00\",\"mainEntityOfPage\":{\"@id\":\"https:\/\/www.nexoinformativo.mx\/index.php\/2025\/02\/24\/ariadna-montiel-destaca-el-fortalecimiento-de-programas-de-bienestar-con-nuevos-programas-y-derechos\/\"},\"wordCount\":290,\"commentCount\":0,\"publisher\":{\"@id\":\"https:\/\/www.nexoinformativo.mx\/#organization\"},\"image\":{\"@id\":\"https:\/\/www.nexoinformativo.mx\/index.php\/2025\/02\/24\/ariadna-montiel-destaca-el-fortalecimiento-de-programas-de-bienestar-con-nuevos-programas-y-derechos\/#primaryimage\"},\"thumbnailUrl\":\"https:\/\/www.nexoinformativo.mx\/wp-content\/uploads\/2025\/02\/PHOTO-2025-02-24-08-01-10-e1740415970655.jpg\",\"keywords\":[\"AriadnaMontiel\",\"BienestarM\u00e9xico\",\"ProgramasSociales\",\"Transformaci\u00f3nM\u00e9xico\"],\"articleSection\":[\"Nacional\",\"\u00daltima Hora\"],\"inLanguage\":\"es\",\"potentialAction\":[{\"@type\":\"CommentAction\",\"name\":\"Comment\",\"target\":[\"https:\/\/www.nexoinformativo.mx\/index.php\/2025\/02\/24\/ariadna-montiel-destaca-el-fortalecimiento-de-programas-de-bienestar-con-nuevos-programas-y-derechos\/#respond\"]}]},{\"@type\":\"WebPage\",\"@id\":\"https:\/\/www.nexoinformativo.mx\/index.php\/2025\/02\/24\/ariadna-montiel-destaca-el-fortalecimiento-de-programas-de-bienestar-con-nuevos-programas-y-derechos\/\",\"url\":\"https:\/\/www.nexoinformativo.mx\/index.php\/2025\/02\/24\/ariadna-montiel-destaca-el-fortalecimiento-de-programas-de-bienestar-con-nuevos-programas-y-derechos\/\",\"name\":\"Ariadna Montiel destaca el fortalecimiento de programas de Bienestar con nuevos programas y derechos | Nexo Informativo Santiago de Quer\u00e9taro\",\"isPartOf\":{\"@id\":\"https:\/\/www.nexoinformativo.mx\/#website\"},\"primaryImageOfPage\":{\"@id\":\"https:\/\/www.nexoinformativo.mx\/index.php\/2025\/02\/24\/ariadna-montiel-destaca-el-fortalecimiento-de-programas-de-bienestar-con-nuevos-programas-y-derechos\/#primaryimage\"},\"image\":{\"@id\":\"https:\/\/www.nexoinformativo.mx\/index.php\/2025\/02\/24\/ariadna-montiel-destaca-el-fortalecimiento-de-programas-de-bienestar-con-nuevos-programas-y-derechos\/#primaryimage\"},\"thumbnailUrl\":\"https:\/\/www.nexoinformativo.mx\/wp-content\/uploads\/2025\/02\/PHOTO-2025-02-24-08-01-10-e1740415970655.jpg\",\"datePublished\":\"2025-02-24T13:00:27+00:00\",\"dateModified\":\"2025-02-24T16:53:49+00:00\",\"description\":\"Ariadna Montiel destaca el fortalecimiento de programas de Bienestar con nuevos programas y derechos\",\"breadcrumb\":{\"@id\":\"https:\/\/www.nexoinformativo.mx\/index.php\/2025\/02\/24\/ariadna-montiel-destaca-el-fortalecimiento-de-programas-de-bienestar-con-nuevos-programas-y-derechos\/#breadcrumb\"},\"inLanguage\":\"es\",\"potentialAction\":[{\"@type\":\"ReadAction\",\"target\":[\"https:\/\/www.nexoinformativo.mx\/index.php\/2025\/02\/24\/ariadna-montiel-destaca-el-fortalecimiento-de-programas-de-bienestar-con-nuevos-programas-y-derechos\/\"]}]},{\"@type\":\"ImageObject\",\"inLanguage\":\"es\",\"@id\":\"https:\/\/www.nexoinformativo.mx\/index.php\/2025\/02\/24\/ariadna-montiel-destaca-el-fortalecimiento-de-programas-de-bienestar-con-nuevos-programas-y-derechos\/#primaryimage\",\"url\":\"https:\/\/www.nexoinformativo.mx\/wp-content\/uploads\/2025\/02\/PHOTO-2025-02-24-08-01-10-e1740415970655.jpg\",\"contentUrl\":\"https:\/\/www.nexoinformativo.mx\/wp-content\/uploads\/2025\/02\/PHOTO-2025-02-24-08-01-10-e1740415970655.jpg\",\"width\":800,\"height\":934},{\"@type\":\"BreadcrumbList\",\"@id\":\"https:\/\/www.nexoinformativo.mx\/index.php\/2025\/02\/24\/ariadna-montiel-destaca-el-fortalecimiento-de-programas-de-bienestar-con-nuevos-programas-y-derechos\/#breadcrumb\",\"itemListElement\":[{\"@type\":\"ListItem\",\"position\":1,\"name\":\"Inicio\",\"item\":\"https:\/\/www.nexoinformativo.mx\/\"},{\"@type\":\"ListItem\",\"position\":2,\"name\":\"Ariadna Montiel destaca el fortalecimiento de programas de Bienestar con nuevos programas y derechos\"}]},{\"@type\":\"WebSite\",\"@id\":\"https:\/\/www.nexoinformativo.mx\/#website\",\"url\":\"https:\/\/www.nexoinformativo.mx\/\",\"name\":\"Nexo Informativo Santiago de Quer\u00e9taro\",\"description\":\"Explora NexoInformativo y convi\u00e9rtete en parte de una comunidad que valora el conocimiento y la verdad. Tu nexoinformativo es tu puente hacia una comprensi\u00f3n m\u00e1s profunda del mundo que te rodea.\",\"publisher\":{\"@id\":\"https:\/\/www.nexoinformativo.mx\/#organization\"},\"potentialAction\":[{\"@type\":\"SearchAction\",\"target\":{\"@type\":\"EntryPoint\",\"urlTemplate\":\"https:\/\/www.nexoinformativo.mx\/?s={search_term_string}\"},\"query-input\":{\"@type\":\"PropertyValueSpecification\",\"valueRequired\":true,\"valueName\":\"search_term_string\"}}],\"inLanguage\":\"es\"},{\"@type\":\"Organization\",\"@id\":\"https:\/\/www.nexoinformativo.mx\/#organization\",\"name\":\"Nexo Informativo Santiago de Quer\u00e9taro\",\"url\":\"https:\/\/www.nexoinformativo.mx\/\",\"logo\":{\"@type\":\"ImageObject\",\"inLanguage\":\"es\",\"@id\":\"https:\/\/www.nexoinformativo.mx\/#\/schema\/logo\/image\/\",\"url\":\"https:\/\/www.nexoinformativo.mx\/wp-content\/uploads\/2024\/07\/nexoi-trasparente-2.png\",\"contentUrl\":\"https:\/\/www.nexoinformativo.mx\/wp-content\/uploads\/2024\/07\/nexoi-trasparente-2.png\",\"width\":816,\"height\":339,\"caption\":\"Nexo Informativo Santiago de Quer\u00e9taro\"},\"image\":{\"@id\":\"https:\/\/www.nexoinformativo.mx\/#\/schema\/logo\/image\/\"},\"sameAs\":[\"https:\/\/www.facebook.com\/people\/Nexo-Informativo\/61564066885511\/\"]},{\"@type\":\"Person\",\"@id\":\"https:\/\/www.nexoinformativo.mx\/#\/schema\/person\/7749d380ba08c8ca00d7bc76fd907b7d\",\"name\":\"Nexo Informativo\",\"image\":{\"@type\":\"ImageObject\",\"inLanguage\":\"es\",\"@id\":\"https:\/\/www.nexoinformativo.mx\/#\/schema\/person\/image\/\",\"url\":\"https:\/\/secure.gravatar.com\/avatar\/dde2928154642a13d95f87ddf1ea9718fe2b46760a005c53e41ff5ad610704e6?s=96&d=mm&r=g\",\"contentUrl\":\"https:\/\/secure.gravatar.com\/avatar\/dde2928154642a13d95f87ddf1ea9718fe2b46760a005c53e41ff5ad610704e6?s=96&d=mm&r=g\",\"caption\":\"Nexo Informativo\"},\"url\":\"https:\/\/www.nexoinformativo.mx\/index.php\/author\/edicion\/\"}]}<\/script>\n<!-- \/ Yoast SEO plugin. -->","yoast_head_json":{"title":"Ariadna Montiel destaca el fortalecimiento de programas de Bienestar con nuevos programas y derechos | Nexo Informativo Santiago de Quer\u00e9taro","description":"Ariadna Montiel destaca el fortalecimiento de programas de Bienestar con nuevos programas y derechos","robots":{"index":"index","follow":"follow","max-snippet":"max-snippet:-1","max-image-preview":"max-image-preview:large","max-video-preview":"max-video-preview:-1"},"canonical":"https:\/\/www.nexoinformativo.mx\/index.php\/2025\/02\/24\/ariadna-montiel-destaca-el-fortalecimiento-de-programas-de-bienestar-con-nuevos-programas-y-derechos\/","og_locale":"es_MX","og_type":"article","og_title":"Ariadna Montiel destaca el fortalecimiento de programas de Bienestar con nuevos programas y derechos | Nexo Informativo Santiago de Quer\u00e9taro","og_description":"Ariadna Montiel destaca el fortalecimiento de programas de Bienestar con nuevos programas y derechos","og_url":"https:\/\/www.nexoinformativo.mx\/index.php\/2025\/02\/24\/ariadna-montiel-destaca-el-fortalecimiento-de-programas-de-bienestar-con-nuevos-programas-y-derechos\/","og_site_name":"Nexo Informativo Santiago de Quer\u00e9taro","article_publisher":"https:\/\/www.facebook.com\/people\/Nexo-Informativo\/61564066885511\/","article_published_time":"2025-02-24T13:00:27+00:00","article_modified_time":"2025-02-24T16:53:49+00:00","og_image":[{"width":800,"height":934,"url":"https:\/\/www.nexoinformativo.mx\/wp-content\/uploads\/2025\/02\/PHOTO-2025-02-24-08-01-10-e1740415970655.jpg","type":"image\/jpeg"}],"author":"Nexo Informativo","twitter_card":"summary_large_image","twitter_misc":{"Escrito por":"Nexo Informativo","Tiempo de lectura":"2 minutos"},"schema":{"@context":"https:\/\/schema.org","@graph":[{"@type":"Article","@id":"https:\/\/www.nexoinformativo.mx\/index.php\/2025\/02\/24\/ariadna-montiel-destaca-el-fortalecimiento-de-programas-de-bienestar-con-nuevos-programas-y-derechos\/#article","isPartOf":{"@id":"https:\/\/www.nexoinformativo.mx\/index.php\/2025\/02\/24\/ariadna-montiel-destaca-el-fortalecimiento-de-programas-de-bienestar-con-nuevos-programas-y-derechos\/"},"author":{"name":"Nexo Informativo","@id":"https:\/\/www.nexoinformativo.mx\/#\/schema\/person\/7749d380ba08c8ca00d7bc76fd907b7d"},"headline":"Ariadna Montiel destaca el fortalecimiento de programas de Bienestar con nuevos programas y derechos","datePublished":"2025-02-24T13:00:27+00:00","dateModified":"2025-02-24T16:53:49+00:00","mainEntityOfPage":{"@id":"https:\/\/www.nexoinformativo.mx\/index.php\/2025\/02\/24\/ariadna-montiel-destaca-el-fortalecimiento-de-programas-de-bienestar-con-nuevos-programas-y-derechos\/"},"wordCount":290,"commentCount":0,"publisher":{"@id":"https:\/\/www.nexoinformativo.mx\/#organization"},"image":{"@id":"https:\/\/www.nexoinformativo.mx\/index.php\/2025\/02\/24\/ariadna-montiel-destaca-el-fortalecimiento-de-programas-de-bienestar-con-nuevos-programas-y-derechos\/#primaryimage"},"thumbnailUrl":"https:\/\/www.nexoinformativo.mx\/wp-content\/uploads\/2025\/02\/PHOTO-2025-02-24-08-01-10-e1740415970655.jpg","keywords":["AriadnaMontiel","BienestarM\u00e9xico","ProgramasSociales","Transformaci\u00f3nM\u00e9xico"],"articleSection":["Nacional","\u00daltima Hora"],"inLanguage":"es","potentialAction":[{"@type":"CommentAction","name":"Comment","target":["https:\/\/www.nexoinformativo.mx\/index.php\/2025\/02\/24\/ariadna-montiel-destaca-el-fortalecimiento-de-programas-de-bienestar-con-nuevos-programas-y-derechos\/#respond"]}]},{"@type":"WebPage","@id":"https:\/\/www.nexoinformativo.mx\/index.php\/2025\/02\/24\/ariadna-montiel-destaca-el-fortalecimiento-de-programas-de-bienestar-con-nuevos-programas-y-derechos\/","url":"https:\/\/www.nexoinformativo.mx\/index.php\/2025\/02\/24\/ariadna-montiel-destaca-el-fortalecimiento-de-programas-de-bienestar-con-nuevos-programas-y-derechos\/","name":"Ariadna Montiel destaca el fortalecimiento de programas de Bienestar con nuevos programas y derechos | Nexo Informativo Santiago de Quer\u00e9taro","isPartOf":{"@id":"https:\/\/www.nexoinformativo.mx\/#website"},"primaryImageOfPage":{"@id":"https:\/\/www.nexoinformativo.mx\/index.php\/2025\/02\/24\/ariadna-montiel-destaca-el-fortalecimiento-de-programas-de-bienestar-con-nuevos-programas-y-derechos\/#primaryimage"},"image":{"@id":"https:\/\/www.nexoinformativo.mx\/index.php\/2025\/02\/24\/ariadna-montiel-destaca-el-fortalecimiento-de-programas-de-bienestar-con-nuevos-programas-y-derechos\/#primaryimage"},"thumbnailUrl":"https:\/\/www.nexoinformativo.mx\/wp-content\/uploads\/2025\/02\/PHOTO-2025-02-24-08-01-10-e1740415970655.jpg","datePublished":"2025-02-24T13:00:27+00:00","dateModified":"2025-02-24T16:53:49+00:00","description":"Ariadna Montiel destaca el fortalecimiento de programas de Bienestar con nuevos programas y derechos","breadcrumb":{"@id":"https:\/\/www.nexoinformativo.mx\/index.php\/2025\/02\/24\/ariadna-montiel-destaca-el-fortalecimiento-de-programas-de-bienestar-con-nuevos-programas-y-derechos\/#breadcrumb"},"inLanguage":"es","potentialAction":[{"@type":"ReadAction","target":["https:\/\/www.nexoinformativo.mx\/index.php\/2025\/02\/24\/ariadna-montiel-destaca-el-fortalecimiento-de-programas-de-bienestar-con-nuevos-programas-y-derechos\/"]}]},{"@type":"ImageObject","inLanguage":"es","@id":"https:\/\/www.nexoinformativo.mx\/index.php\/2025\/02\/24\/ariadna-montiel-destaca-el-fortalecimiento-de-programas-de-bienestar-con-nuevos-programas-y-derechos\/#primaryimage","url":"https:\/\/www.nexoinformativo.mx\/wp-content\/uploads\/2025\/02\/PHOTO-2025-02-24-08-01-10-e1740415970655.jpg","contentUrl":"https:\/\/www.nexoinformativo.mx\/wp-content\/uploads\/2025\/02\/PHOTO-2025-02-24-08-01-10-e1740415970655.jpg","width":800,"height":934},{"@type":"BreadcrumbList","@id":"https:\/\/www.nexoinformativo.mx\/index.php\/2025\/02\/24\/ariadna-montiel-destaca-el-fortalecimiento-de-programas-de-bienestar-con-nuevos-programas-y-derechos\/#breadcrumb","itemListElement":[{"@type":"ListItem","position":1,"name":"Inicio","item":"https:\/\/www.nexoinformativo.mx\/"},{"@type":"ListItem","position":2,"name":"Ariadna Montiel destaca el fortalecimiento de programas de Bienestar con nuevos programas y derechos"}]},{"@type":"WebSite","@id":"https:\/\/www.nexoinformativo.mx\/#website","url":"https:\/\/www.nexoinformativo.mx\/","name":"Nexo Informativo Santiago de Quer\u00e9taro","description":"Explora NexoInformativo y convi\u00e9rtete en parte de una comunidad que valora el conocimiento y la verdad. Tu nexoinformativo es tu puente hacia una comprensi\u00f3n m\u00e1s profunda del mundo que te rodea.","publisher":{"@id":"https:\/\/www.nexoinformativo.mx\/#organization"},"potentialAction":[{"@type":"SearchAction","target":{"@type":"EntryPoint","urlTemplate":"https:\/\/www.nexoinformativo.mx\/?s={search_term_string}"},"query-input":{"@type":"PropertyValueSpecification","valueRequired":true,"valueName":"search_term_string"}}],"inLanguage":"es"},{"@type":"Organization","@id":"https:\/\/www.nexoinformativo.mx\/#organization","name":"Nexo Informativo Santiago de Quer\u00e9taro","url":"https:\/\/www.nexoinformativo.mx\/","logo":{"@type":"ImageObject","inLanguage":"es","@id":"https:\/\/www.nexoinformativo.mx\/#\/schema\/logo\/image\/","url":"https:\/\/www.nexoinformativo.mx\/wp-content\/uploads\/2024\/07\/nexoi-trasparente-2.png","contentUrl":"https:\/\/www.nexoinformativo.mx\/wp-content\/uploads\/2024\/07\/nexoi-trasparente-2.png","width":816,"height":339,"caption":"Nexo Informativo Santiago de Quer\u00e9taro"},"image":{"@id":"https:\/\/www.nexoinformativo.mx\/#\/schema\/logo\/image\/"},"sameAs":["https:\/\/www.facebook.com\/people\/Nexo-Informativo\/61564066885511\/"]},{"@type":"Person","@id":"https:\/\/www.nexoinformativo.mx\/#\/schema\/person\/7749d380ba08c8ca00d7bc76fd907b7d","name":"Nexo Informativo","image":{"@type":"ImageObject","inLanguage":"es","@id":"https:\/\/www.nexoinformativo.mx\/#\/schema\/person\/image\/","url":"https:\/\/secure.gravatar.com\/avatar\/dde2928154642a13d95f87ddf1ea9718fe2b46760a005c53e41ff5ad610704e6?s=96&d=mm&r=g","contentUrl":"https:\/\/secure.gravatar.com\/avatar\/dde2928154642a13d95f87ddf1ea9718fe2b46760a005c53e41ff5ad610704e6?s=96&d=mm&r=g","caption":"Nexo Informativo"},"url":"https:\/\/www.nexoinformativo.mx\/index.php\/author\/edicion\/"}]}},"_links":{"self":[{"href":"https:\/\/www.nexoinformativo.mx\/index.php\/wp-json\/wp\/v2\/posts\/11970","targetHints":{"allow":["GET"]}}],"collection":[{"href":"https:\/\/www.nexoinformativo.mx\/index.php\/wp-json\/wp\/v2\/posts"}],"about":[{"href":"https:\/\/www.nexoinformativo.mx\/index.php\/wp-json\/wp\/v2\/types\/post"}],"author":[{"embeddable":true,"href":"https:\/\/www.nexoinformativo.mx\/index.php\/wp-json\/wp\/v2\/users\/3"}],"replies":[{"embeddable":true,"href":"https:\/\/www.nexoinformativo.mx\/index.php\/wp-json\/wp\/v2\/comments?post=11970"}],"version-history":[{"count":4,"href":"https:\/\/www.nexoinformativo.mx\/index.php\/wp-json\/wp\/v2\/posts\/11970\/revisions"}],"predecessor-version":[{"id":11975,"href":"https:\/\/www.nexoinformativo.mx\/index.php\/wp-json\/wp\/v2\/posts\/11970\/revisions\/11975"}],"wp:featuredmedia":[{"embeddable":true,"href":"https:\/\/www.nexoinformativo.mx\/index.php\/wp-json\/wp\/v2\/media\/11972"}],"wp:attachment":[{"href":"https:\/\/www.nexoinformativo.mx\/index.php\/wp-json\/wp\/v2\/media?parent=11970"}],"wp:term":[{"taxonomy":"category","embeddable":true,"href":"https:\/\/www.nexoinformativo.mx\/index.php\/wp-json\/wp\/v2\/categories?post=11970"},{"taxonomy":"post_tag","embeddable":true,"href":"https:\/\/www.nexoinformativo.mx\/index.php\/wp-json\/wp\/v2\/tags?post=11970"}],"curies":[{"name":"wp","href":"https:\/\/api.w.org\/{rel}","templated":true}]}}