{"id":11976,"date":"2025-02-24T07:30:53","date_gmt":"2025-02-24T13:30:53","guid":{"rendered":"https:\/\/www.nexoinformativo.mx\/?p=11976"},"modified":"2025-02-24T10:59:11","modified_gmt":"2025-02-24T16:59:11","slug":"seis-lenguas-seis-mundo-unidos-por-la-palabra-los-pinos-celebran-la-riqueza-de-las-lenguas-maternas-con-teatro-y-musica","status":"publish","type":"post","link":"https:\/\/www.nexoinformativo.mx\/index.php\/2025\/02\/24\/seis-lenguas-seis-mundo-unidos-por-la-palabra-los-pinos-celebran-la-riqueza-de-las-lenguas-maternas-con-teatro-y-musica\/","title":{"rendered":"Seis lenguas seis mundo unidos por la palabra Los Pinos celebra la riqueza de las lenguas maternas con teatro y m\u00fasica"},"content":{"rendered":"<p style=\"text-align: justify;\" data-sourcepos=\"11:1-11:434\">El Complejo Cultural Los Pinos se convirti\u00f3 en un escenario de celebraci\u00f3n y reconocimiento a las lenguas maternas en el marco del D\u00eda Internacional de la Lengua Materna.<\/p>\n<p>&nbsp;<\/p>\n<p style=\"text-align: justify;\" data-sourcepos=\"11:1-11:434\">El Instituto Nacional de Lenguas Ind\u00edgenas (INALI), en colaboraci\u00f3n con la Secretar\u00eda de Cultura, organiz\u00f3 una jornada llena de actividades que destacaron la riqueza y diversidad de las lenguas originarias de M\u00e9xico y Latinoam\u00e9rica.<\/p>\n<p>&nbsp;<\/p>\n<p style=\"text-align: justify;\" data-sourcepos=\"13:1-13:344\">La Plaza Jacarandas fue el punto de encuentro para esta celebraci\u00f3n, que inici\u00f3 con la instalaci\u00f3n &#8220;6 lenguas, 6 mundos&#8221; de la Compa\u00f1\u00eda Ars Vita T\u00edteres.<\/p>\n<p>&nbsp;<\/p>\n<p style=\"text-align: justify;\" data-sourcepos=\"13:1-13:344\">A trav\u00e9s de cajas lambe-lambe, los asistentes pudieron disfrutar de historias en teenek, mixteco, h\u00f1ah\u00f1\u00fa, totonaco, n\u00e1huatl y tepehua, utilizando t\u00e9cnicas como t\u00edteres de sombra y aut\u00f3matas.<\/p>\n<p>&nbsp;<\/p>\n<p style=\"text-align: justify;\" data-sourcepos=\"15:1-15:233\"><strong>&#8220;Es una instalaci\u00f3n que celebra la diversidad ling\u00fc\u00edstica y cultural&#8221;<\/strong>, coment\u00f3 Emanuel Vega, creador del proyecto. &#8220;Cada caja representa un fragmento de una lengua y su literatura, con subt\u00edtulos en espa\u00f1ol para mayor accesibilidad&#8221;.<\/p>\n<p>&nbsp;<\/p>\n<p style=\"text-align: justify;\" data-sourcepos=\"17:1-17:220\">El colectivo teatral Hombres y Mujeres Jaguares, originario de Tabasco, present\u00f3 una ceremonia tradicional en lengua ch&#8217;ol y la obra &#8220;La Parter\u00eda&#8221;, que retrata la sabidur\u00eda ancestral en el cuidado de la mujer embarazada.<\/p>\n<p>&nbsp;<\/p>\n<p style=\"text-align: justify;\" data-sourcepos=\"19:1-19:239\">La m\u00fasica tambi\u00e9n tuvo un lugar especial en la celebraci\u00f3n, con la participaci\u00f3n de &#8220;Zarig\u00fceya en concierto&#8221;. El grupo colombiano comparti\u00f3 historias sobre la vida campesina y la identidad cultural a trav\u00e9s de canciones en lengua myskubun.<\/p>\n<p>&nbsp;<\/p>\n<p style=\"text-align: justify;\" data-sourcepos=\"21:1-21:181\">El evento reuni\u00f3 a hablantes originarios y p\u00fablico en general, reafirm\u00f3 la importancia de preservar y difundir las lenguas maternas, un patrimonio invaluable de la humanidad.<\/p>\n<p>&nbsp;<\/p>\n<p style=\"text-align: center;\" data-sourcepos=\"21:1-21:181\"><em><strong>\u00a1Informaci\u00f3n que transforma!<\/strong><\/em><\/p>\n","protected":false},"excerpt":{"rendered":"<p>El Complejo Cultural Los Pinos se convirti\u00f3 en un escenario de celebraci\u00f3n y reconocimiento a las lenguas maternas en el marco del D\u00eda Internacional de la Lengua Materna.<\/p>\n","protected":false},"author":3,"featured_media":11977,"comment_status":"open","ping_status":"open","sticky":false,"template":"","format":"standard","meta":{"footnotes":""},"categories":[88,58],"tags":[3507,3505,3504,3506],"class_list":["post-11976","post","type-post","status-publish","format-standard","has-post-thumbnail","hentry","category-nacional","category-ultima-hora","tag-culturamexico","tag-inali","tag-lenguasmaternas","tag-lospinos"],"yoast_head":"<!-- This site is optimized with the Yoast SEO plugin v25.0 - https:\/\/yoast.com\/wordpress\/plugins\/seo\/ -->\n<title>Seis lenguas seis mundo unidos por la palabra Los Pinos celebra la riqueza de las lenguas maternas con teatro y m\u00fasica | Nexo Informativo Santiago de Quer\u00e9taro<\/title>\n<meta name=\"description\" content=\"Seis lenguas seis mundo unidos por la palabra Los Pinos celebran la riqueza de las lenguas maternas con teatro y m\u00fasica\" \/>\n<meta name=\"robots\" content=\"index, follow, max-snippet:-1, max-image-preview:large, max-video-preview:-1\" \/>\n<link rel=\"canonical\" href=\"https:\/\/www.nexoinformativo.mx\/index.php\/2025\/02\/24\/seis-lenguas-seis-mundo-unidos-por-la-palabra-los-pinos-celebran-la-riqueza-de-las-lenguas-maternas-con-teatro-y-musica\/\" \/>\n<meta property=\"og:locale\" content=\"es_MX\" \/>\n<meta property=\"og:type\" content=\"article\" \/>\n<meta property=\"og:title\" content=\"Seis lenguas seis mundo unidos por la palabra Los Pinos celebra la riqueza de las lenguas maternas con teatro y m\u00fasica | Nexo Informativo Santiago de Quer\u00e9taro\" \/>\n<meta property=\"og:description\" content=\"Seis lenguas seis mundo unidos por la palabra Los Pinos celebran la riqueza de las lenguas maternas con teatro y m\u00fasica\" \/>\n<meta property=\"og:url\" content=\"https:\/\/www.nexoinformativo.mx\/index.php\/2025\/02\/24\/seis-lenguas-seis-mundo-unidos-por-la-palabra-los-pinos-celebran-la-riqueza-de-las-lenguas-maternas-con-teatro-y-musica\/\" \/>\n<meta property=\"og:site_name\" content=\"Nexo Informativo Santiago de Quer\u00e9taro\" \/>\n<meta property=\"article:publisher\" content=\"https:\/\/www.facebook.com\/people\/Nexo-Informativo\/61564066885511\/\" \/>\n<meta property=\"article:published_time\" content=\"2025-02-24T13:30:53+00:00\" \/>\n<meta property=\"article:modified_time\" content=\"2025-02-24T16:59:11+00:00\" \/>\n<meta property=\"og:image\" content=\"https:\/\/www.nexoinformativo.mx\/wp-content\/uploads\/2025\/02\/IMG_0982.jpg\" \/>\n\t<meta property=\"og:image:width\" content=\"650\" \/>\n\t<meta property=\"og:image:height\" content=\"380\" \/>\n\t<meta property=\"og:image:type\" content=\"image\/jpeg\" \/>\n<meta name=\"author\" content=\"Nexo Informativo\" \/>\n<meta name=\"twitter:card\" content=\"summary_large_image\" \/>\n<meta name=\"twitter:label1\" content=\"Escrito por\" \/>\n\t<meta name=\"twitter:data1\" content=\"Nexo Informativo\" \/>\n\t<meta name=\"twitter:label2\" content=\"Tiempo de lectura\" \/>\n\t<meta name=\"twitter:data2\" content=\"2 minutos\" \/>\n<script type=\"application\/ld+json\" class=\"yoast-schema-graph\">{\"@context\":\"https:\/\/schema.org\",\"@graph\":[{\"@type\":\"Article\",\"@id\":\"https:\/\/www.nexoinformativo.mx\/index.php\/2025\/02\/24\/seis-lenguas-seis-mundo-unidos-por-la-palabra-los-pinos-celebran-la-riqueza-de-las-lenguas-maternas-con-teatro-y-musica\/#article\",\"isPartOf\":{\"@id\":\"https:\/\/www.nexoinformativo.mx\/index.php\/2025\/02\/24\/seis-lenguas-seis-mundo-unidos-por-la-palabra-los-pinos-celebran-la-riqueza-de-las-lenguas-maternas-con-teatro-y-musica\/\"},\"author\":{\"name\":\"Nexo Informativo\",\"@id\":\"https:\/\/www.nexoinformativo.mx\/#\/schema\/person\/7749d380ba08c8ca00d7bc76fd907b7d\"},\"headline\":\"Seis lenguas seis mundo unidos por la palabra Los Pinos celebra la riqueza de las lenguas maternas con teatro y m\u00fasica\",\"datePublished\":\"2025-02-24T13:30:53+00:00\",\"dateModified\":\"2025-02-24T16:59:11+00:00\",\"mainEntityOfPage\":{\"@id\":\"https:\/\/www.nexoinformativo.mx\/index.php\/2025\/02\/24\/seis-lenguas-seis-mundo-unidos-por-la-palabra-los-pinos-celebran-la-riqueza-de-las-lenguas-maternas-con-teatro-y-musica\/\"},\"wordCount\":309,\"commentCount\":0,\"publisher\":{\"@id\":\"https:\/\/www.nexoinformativo.mx\/#organization\"},\"image\":{\"@id\":\"https:\/\/www.nexoinformativo.mx\/index.php\/2025\/02\/24\/seis-lenguas-seis-mundo-unidos-por-la-palabra-los-pinos-celebran-la-riqueza-de-las-lenguas-maternas-con-teatro-y-musica\/#primaryimage\"},\"thumbnailUrl\":\"https:\/\/www.nexoinformativo.mx\/wp-content\/uploads\/2025\/02\/IMG_0982.jpg\",\"keywords\":[\"CulturaM\u00e9xico\",\"INALI\",\"LenguasMaternas\",\"LosPinos\"],\"articleSection\":[\"Nacional\",\"\u00daltima Hora\"],\"inLanguage\":\"es\",\"potentialAction\":[{\"@type\":\"CommentAction\",\"name\":\"Comment\",\"target\":[\"https:\/\/www.nexoinformativo.mx\/index.php\/2025\/02\/24\/seis-lenguas-seis-mundo-unidos-por-la-palabra-los-pinos-celebran-la-riqueza-de-las-lenguas-maternas-con-teatro-y-musica\/#respond\"]}]},{\"@type\":\"WebPage\",\"@id\":\"https:\/\/www.nexoinformativo.mx\/index.php\/2025\/02\/24\/seis-lenguas-seis-mundo-unidos-por-la-palabra-los-pinos-celebran-la-riqueza-de-las-lenguas-maternas-con-teatro-y-musica\/\",\"url\":\"https:\/\/www.nexoinformativo.mx\/index.php\/2025\/02\/24\/seis-lenguas-seis-mundo-unidos-por-la-palabra-los-pinos-celebran-la-riqueza-de-las-lenguas-maternas-con-teatro-y-musica\/\",\"name\":\"Seis lenguas seis mundo unidos por la palabra Los Pinos celebra la riqueza de las lenguas maternas con teatro y m\u00fasica | Nexo Informativo Santiago de Quer\u00e9taro\",\"isPartOf\":{\"@id\":\"https:\/\/www.nexoinformativo.mx\/#website\"},\"primaryImageOfPage\":{\"@id\":\"https:\/\/www.nexoinformativo.mx\/index.php\/2025\/02\/24\/seis-lenguas-seis-mundo-unidos-por-la-palabra-los-pinos-celebran-la-riqueza-de-las-lenguas-maternas-con-teatro-y-musica\/#primaryimage\"},\"image\":{\"@id\":\"https:\/\/www.nexoinformativo.mx\/index.php\/2025\/02\/24\/seis-lenguas-seis-mundo-unidos-por-la-palabra-los-pinos-celebran-la-riqueza-de-las-lenguas-maternas-con-teatro-y-musica\/#primaryimage\"},\"thumbnailUrl\":\"https:\/\/www.nexoinformativo.mx\/wp-content\/uploads\/2025\/02\/IMG_0982.jpg\",\"datePublished\":\"2025-02-24T13:30:53+00:00\",\"dateModified\":\"2025-02-24T16:59:11+00:00\",\"description\":\"Seis lenguas seis mundo unidos por la palabra Los Pinos celebran la riqueza de las lenguas maternas con teatro y m\u00fasica\",\"breadcrumb\":{\"@id\":\"https:\/\/www.nexoinformativo.mx\/index.php\/2025\/02\/24\/seis-lenguas-seis-mundo-unidos-por-la-palabra-los-pinos-celebran-la-riqueza-de-las-lenguas-maternas-con-teatro-y-musica\/#breadcrumb\"},\"inLanguage\":\"es\",\"potentialAction\":[{\"@type\":\"ReadAction\",\"target\":[\"https:\/\/www.nexoinformativo.mx\/index.php\/2025\/02\/24\/seis-lenguas-seis-mundo-unidos-por-la-palabra-los-pinos-celebran-la-riqueza-de-las-lenguas-maternas-con-teatro-y-musica\/\"]}]},{\"@type\":\"ImageObject\",\"inLanguage\":\"es\",\"@id\":\"https:\/\/www.nexoinformativo.mx\/index.php\/2025\/02\/24\/seis-lenguas-seis-mundo-unidos-por-la-palabra-los-pinos-celebran-la-riqueza-de-las-lenguas-maternas-con-teatro-y-musica\/#primaryimage\",\"url\":\"https:\/\/www.nexoinformativo.mx\/wp-content\/uploads\/2025\/02\/IMG_0982.jpg\",\"contentUrl\":\"https:\/\/www.nexoinformativo.mx\/wp-content\/uploads\/2025\/02\/IMG_0982.jpg\",\"width\":650,\"height\":380},{\"@type\":\"BreadcrumbList\",\"@id\":\"https:\/\/www.nexoinformativo.mx\/index.php\/2025\/02\/24\/seis-lenguas-seis-mundo-unidos-por-la-palabra-los-pinos-celebran-la-riqueza-de-las-lenguas-maternas-con-teatro-y-musica\/#breadcrumb\",\"itemListElement\":[{\"@type\":\"ListItem\",\"position\":1,\"name\":\"Inicio\",\"item\":\"https:\/\/www.nexoinformativo.mx\/\"},{\"@type\":\"ListItem\",\"position\":2,\"name\":\"Seis lenguas seis mundo unidos por la palabra Los Pinos celebra la riqueza de las lenguas maternas con teatro y m\u00fasica\"}]},{\"@type\":\"WebSite\",\"@id\":\"https:\/\/www.nexoinformativo.mx\/#website\",\"url\":\"https:\/\/www.nexoinformativo.mx\/\",\"name\":\"Nexo Informativo Santiago de Quer\u00e9taro\",\"description\":\"Explora NexoInformativo y convi\u00e9rtete en parte de una comunidad que valora el conocimiento y la verdad. Tu nexoinformativo es tu puente hacia una comprensi\u00f3n m\u00e1s profunda del mundo que te rodea.\",\"publisher\":{\"@id\":\"https:\/\/www.nexoinformativo.mx\/#organization\"},\"potentialAction\":[{\"@type\":\"SearchAction\",\"target\":{\"@type\":\"EntryPoint\",\"urlTemplate\":\"https:\/\/www.nexoinformativo.mx\/?s={search_term_string}\"},\"query-input\":{\"@type\":\"PropertyValueSpecification\",\"valueRequired\":true,\"valueName\":\"search_term_string\"}}],\"inLanguage\":\"es\"},{\"@type\":\"Organization\",\"@id\":\"https:\/\/www.nexoinformativo.mx\/#organization\",\"name\":\"Nexo Informativo Santiago de Quer\u00e9taro\",\"url\":\"https:\/\/www.nexoinformativo.mx\/\",\"logo\":{\"@type\":\"ImageObject\",\"inLanguage\":\"es\",\"@id\":\"https:\/\/www.nexoinformativo.mx\/#\/schema\/logo\/image\/\",\"url\":\"https:\/\/www.nexoinformativo.mx\/wp-content\/uploads\/2024\/07\/nexoi-trasparente-2.png\",\"contentUrl\":\"https:\/\/www.nexoinformativo.mx\/wp-content\/uploads\/2024\/07\/nexoi-trasparente-2.png\",\"width\":816,\"height\":339,\"caption\":\"Nexo Informativo Santiago de Quer\u00e9taro\"},\"image\":{\"@id\":\"https:\/\/www.nexoinformativo.mx\/#\/schema\/logo\/image\/\"},\"sameAs\":[\"https:\/\/www.facebook.com\/people\/Nexo-Informativo\/61564066885511\/\"]},{\"@type\":\"Person\",\"@id\":\"https:\/\/www.nexoinformativo.mx\/#\/schema\/person\/7749d380ba08c8ca00d7bc76fd907b7d\",\"name\":\"Nexo Informativo\",\"image\":{\"@type\":\"ImageObject\",\"inLanguage\":\"es\",\"@id\":\"https:\/\/www.nexoinformativo.mx\/#\/schema\/person\/image\/\",\"url\":\"https:\/\/secure.gravatar.com\/avatar\/dde2928154642a13d95f87ddf1ea9718fe2b46760a005c53e41ff5ad610704e6?s=96&d=mm&r=g\",\"contentUrl\":\"https:\/\/secure.gravatar.com\/avatar\/dde2928154642a13d95f87ddf1ea9718fe2b46760a005c53e41ff5ad610704e6?s=96&d=mm&r=g\",\"caption\":\"Nexo Informativo\"},\"url\":\"https:\/\/www.nexoinformativo.mx\/index.php\/author\/edicion\/\"}]}<\/script>\n<!-- \/ Yoast SEO plugin. -->","yoast_head_json":{"title":"Seis lenguas seis mundo unidos por la palabra Los Pinos celebra la riqueza de las lenguas maternas con teatro y m\u00fasica | Nexo Informativo Santiago de Quer\u00e9taro","description":"Seis lenguas seis mundo unidos por la palabra Los Pinos celebran la riqueza de las lenguas maternas con teatro y m\u00fasica","robots":{"index":"index","follow":"follow","max-snippet":"max-snippet:-1","max-image-preview":"max-image-preview:large","max-video-preview":"max-video-preview:-1"},"canonical":"https:\/\/www.nexoinformativo.mx\/index.php\/2025\/02\/24\/seis-lenguas-seis-mundo-unidos-por-la-palabra-los-pinos-celebran-la-riqueza-de-las-lenguas-maternas-con-teatro-y-musica\/","og_locale":"es_MX","og_type":"article","og_title":"Seis lenguas seis mundo unidos por la palabra Los Pinos celebra la riqueza de las lenguas maternas con teatro y m\u00fasica | Nexo Informativo Santiago de Quer\u00e9taro","og_description":"Seis lenguas seis mundo unidos por la palabra Los Pinos celebran la riqueza de las lenguas maternas con teatro y m\u00fasica","og_url":"https:\/\/www.nexoinformativo.mx\/index.php\/2025\/02\/24\/seis-lenguas-seis-mundo-unidos-por-la-palabra-los-pinos-celebran-la-riqueza-de-las-lenguas-maternas-con-teatro-y-musica\/","og_site_name":"Nexo Informativo Santiago de Quer\u00e9taro","article_publisher":"https:\/\/www.facebook.com\/people\/Nexo-Informativo\/61564066885511\/","article_published_time":"2025-02-24T13:30:53+00:00","article_modified_time":"2025-02-24T16:59:11+00:00","og_image":[{"width":650,"height":380,"url":"https:\/\/www.nexoinformativo.mx\/wp-content\/uploads\/2025\/02\/IMG_0982.jpg","type":"image\/jpeg"}],"author":"Nexo Informativo","twitter_card":"summary_large_image","twitter_misc":{"Escrito por":"Nexo Informativo","Tiempo de lectura":"2 minutos"},"schema":{"@context":"https:\/\/schema.org","@graph":[{"@type":"Article","@id":"https:\/\/www.nexoinformativo.mx\/index.php\/2025\/02\/24\/seis-lenguas-seis-mundo-unidos-por-la-palabra-los-pinos-celebran-la-riqueza-de-las-lenguas-maternas-con-teatro-y-musica\/#article","isPartOf":{"@id":"https:\/\/www.nexoinformativo.mx\/index.php\/2025\/02\/24\/seis-lenguas-seis-mundo-unidos-por-la-palabra-los-pinos-celebran-la-riqueza-de-las-lenguas-maternas-con-teatro-y-musica\/"},"author":{"name":"Nexo Informativo","@id":"https:\/\/www.nexoinformativo.mx\/#\/schema\/person\/7749d380ba08c8ca00d7bc76fd907b7d"},"headline":"Seis lenguas seis mundo unidos por la palabra Los Pinos celebra la riqueza de las lenguas maternas con teatro y m\u00fasica","datePublished":"2025-02-24T13:30:53+00:00","dateModified":"2025-02-24T16:59:11+00:00","mainEntityOfPage":{"@id":"https:\/\/www.nexoinformativo.mx\/index.php\/2025\/02\/24\/seis-lenguas-seis-mundo-unidos-por-la-palabra-los-pinos-celebran-la-riqueza-de-las-lenguas-maternas-con-teatro-y-musica\/"},"wordCount":309,"commentCount":0,"publisher":{"@id":"https:\/\/www.nexoinformativo.mx\/#organization"},"image":{"@id":"https:\/\/www.nexoinformativo.mx\/index.php\/2025\/02\/24\/seis-lenguas-seis-mundo-unidos-por-la-palabra-los-pinos-celebran-la-riqueza-de-las-lenguas-maternas-con-teatro-y-musica\/#primaryimage"},"thumbnailUrl":"https:\/\/www.nexoinformativo.mx\/wp-content\/uploads\/2025\/02\/IMG_0982.jpg","keywords":["CulturaM\u00e9xico","INALI","LenguasMaternas","LosPinos"],"articleSection":["Nacional","\u00daltima Hora"],"inLanguage":"es","potentialAction":[{"@type":"CommentAction","name":"Comment","target":["https:\/\/www.nexoinformativo.mx\/index.php\/2025\/02\/24\/seis-lenguas-seis-mundo-unidos-por-la-palabra-los-pinos-celebran-la-riqueza-de-las-lenguas-maternas-con-teatro-y-musica\/#respond"]}]},{"@type":"WebPage","@id":"https:\/\/www.nexoinformativo.mx\/index.php\/2025\/02\/24\/seis-lenguas-seis-mundo-unidos-por-la-palabra-los-pinos-celebran-la-riqueza-de-las-lenguas-maternas-con-teatro-y-musica\/","url":"https:\/\/www.nexoinformativo.mx\/index.php\/2025\/02\/24\/seis-lenguas-seis-mundo-unidos-por-la-palabra-los-pinos-celebran-la-riqueza-de-las-lenguas-maternas-con-teatro-y-musica\/","name":"Seis lenguas seis mundo unidos por la palabra Los Pinos celebra la riqueza de las lenguas maternas con teatro y m\u00fasica | Nexo Informativo Santiago de Quer\u00e9taro","isPartOf":{"@id":"https:\/\/www.nexoinformativo.mx\/#website"},"primaryImageOfPage":{"@id":"https:\/\/www.nexoinformativo.mx\/index.php\/2025\/02\/24\/seis-lenguas-seis-mundo-unidos-por-la-palabra-los-pinos-celebran-la-riqueza-de-las-lenguas-maternas-con-teatro-y-musica\/#primaryimage"},"image":{"@id":"https:\/\/www.nexoinformativo.mx\/index.php\/2025\/02\/24\/seis-lenguas-seis-mundo-unidos-por-la-palabra-los-pinos-celebran-la-riqueza-de-las-lenguas-maternas-con-teatro-y-musica\/#primaryimage"},"thumbnailUrl":"https:\/\/www.nexoinformativo.mx\/wp-content\/uploads\/2025\/02\/IMG_0982.jpg","datePublished":"2025-02-24T13:30:53+00:00","dateModified":"2025-02-24T16:59:11+00:00","description":"Seis lenguas seis mundo unidos por la palabra Los Pinos celebran la riqueza de las lenguas maternas con teatro y m\u00fasica","breadcrumb":{"@id":"https:\/\/www.nexoinformativo.mx\/index.php\/2025\/02\/24\/seis-lenguas-seis-mundo-unidos-por-la-palabra-los-pinos-celebran-la-riqueza-de-las-lenguas-maternas-con-teatro-y-musica\/#breadcrumb"},"inLanguage":"es","potentialAction":[{"@type":"ReadAction","target":["https:\/\/www.nexoinformativo.mx\/index.php\/2025\/02\/24\/seis-lenguas-seis-mundo-unidos-por-la-palabra-los-pinos-celebran-la-riqueza-de-las-lenguas-maternas-con-teatro-y-musica\/"]}]},{"@type":"ImageObject","inLanguage":"es","@id":"https:\/\/www.nexoinformativo.mx\/index.php\/2025\/02\/24\/seis-lenguas-seis-mundo-unidos-por-la-palabra-los-pinos-celebran-la-riqueza-de-las-lenguas-maternas-con-teatro-y-musica\/#primaryimage","url":"https:\/\/www.nexoinformativo.mx\/wp-content\/uploads\/2025\/02\/IMG_0982.jpg","contentUrl":"https:\/\/www.nexoinformativo.mx\/wp-content\/uploads\/2025\/02\/IMG_0982.jpg","width":650,"height":380},{"@type":"BreadcrumbList","@id":"https:\/\/www.nexoinformativo.mx\/index.php\/2025\/02\/24\/seis-lenguas-seis-mundo-unidos-por-la-palabra-los-pinos-celebran-la-riqueza-de-las-lenguas-maternas-con-teatro-y-musica\/#breadcrumb","itemListElement":[{"@type":"ListItem","position":1,"name":"Inicio","item":"https:\/\/www.nexoinformativo.mx\/"},{"@type":"ListItem","position":2,"name":"Seis lenguas seis mundo unidos por la palabra Los Pinos celebra la riqueza de las lenguas maternas con teatro y m\u00fasica"}]},{"@type":"WebSite","@id":"https:\/\/www.nexoinformativo.mx\/#website","url":"https:\/\/www.nexoinformativo.mx\/","name":"Nexo Informativo Santiago de Quer\u00e9taro","description":"Explora NexoInformativo y convi\u00e9rtete en parte de una comunidad que valora el conocimiento y la verdad. Tu nexoinformativo es tu puente hacia una comprensi\u00f3n m\u00e1s profunda del mundo que te rodea.","publisher":{"@id":"https:\/\/www.nexoinformativo.mx\/#organization"},"potentialAction":[{"@type":"SearchAction","target":{"@type":"EntryPoint","urlTemplate":"https:\/\/www.nexoinformativo.mx\/?s={search_term_string}"},"query-input":{"@type":"PropertyValueSpecification","valueRequired":true,"valueName":"search_term_string"}}],"inLanguage":"es"},{"@type":"Organization","@id":"https:\/\/www.nexoinformativo.mx\/#organization","name":"Nexo Informativo Santiago de Quer\u00e9taro","url":"https:\/\/www.nexoinformativo.mx\/","logo":{"@type":"ImageObject","inLanguage":"es","@id":"https:\/\/www.nexoinformativo.mx\/#\/schema\/logo\/image\/","url":"https:\/\/www.nexoinformativo.mx\/wp-content\/uploads\/2024\/07\/nexoi-trasparente-2.png","contentUrl":"https:\/\/www.nexoinformativo.mx\/wp-content\/uploads\/2024\/07\/nexoi-trasparente-2.png","width":816,"height":339,"caption":"Nexo Informativo Santiago de Quer\u00e9taro"},"image":{"@id":"https:\/\/www.nexoinformativo.mx\/#\/schema\/logo\/image\/"},"sameAs":["https:\/\/www.facebook.com\/people\/Nexo-Informativo\/61564066885511\/"]},{"@type":"Person","@id":"https:\/\/www.nexoinformativo.mx\/#\/schema\/person\/7749d380ba08c8ca00d7bc76fd907b7d","name":"Nexo Informativo","image":{"@type":"ImageObject","inLanguage":"es","@id":"https:\/\/www.nexoinformativo.mx\/#\/schema\/person\/image\/","url":"https:\/\/secure.gravatar.com\/avatar\/dde2928154642a13d95f87ddf1ea9718fe2b46760a005c53e41ff5ad610704e6?s=96&d=mm&r=g","contentUrl":"https:\/\/secure.gravatar.com\/avatar\/dde2928154642a13d95f87ddf1ea9718fe2b46760a005c53e41ff5ad610704e6?s=96&d=mm&r=g","caption":"Nexo Informativo"},"url":"https:\/\/www.nexoinformativo.mx\/index.php\/author\/edicion\/"}]}},"_links":{"self":[{"href":"https:\/\/www.nexoinformativo.mx\/index.php\/wp-json\/wp\/v2\/posts\/11976","targetHints":{"allow":["GET"]}}],"collection":[{"href":"https:\/\/www.nexoinformativo.mx\/index.php\/wp-json\/wp\/v2\/posts"}],"about":[{"href":"https:\/\/www.nexoinformativo.mx\/index.php\/wp-json\/wp\/v2\/types\/post"}],"author":[{"embeddable":true,"href":"https:\/\/www.nexoinformativo.mx\/index.php\/wp-json\/wp\/v2\/users\/3"}],"replies":[{"embeddable":true,"href":"https:\/\/www.nexoinformativo.mx\/index.php\/wp-json\/wp\/v2\/comments?post=11976"}],"version-history":[{"count":4,"href":"https:\/\/www.nexoinformativo.mx\/index.php\/wp-json\/wp\/v2\/posts\/11976\/revisions"}],"predecessor-version":[{"id":11981,"href":"https:\/\/www.nexoinformativo.mx\/index.php\/wp-json\/wp\/v2\/posts\/11976\/revisions\/11981"}],"wp:featuredmedia":[{"embeddable":true,"href":"https:\/\/www.nexoinformativo.mx\/index.php\/wp-json\/wp\/v2\/media\/11977"}],"wp:attachment":[{"href":"https:\/\/www.nexoinformativo.mx\/index.php\/wp-json\/wp\/v2\/media?parent=11976"}],"wp:term":[{"taxonomy":"category","embeddable":true,"href":"https:\/\/www.nexoinformativo.mx\/index.php\/wp-json\/wp\/v2\/categories?post=11976"},{"taxonomy":"post_tag","embeddable":true,"href":"https:\/\/www.nexoinformativo.mx\/index.php\/wp-json\/wp\/v2\/tags?post=11976"}],"curies":[{"name":"wp","href":"https:\/\/api.w.org\/{rel}","templated":true}]}}