{"id":11982,"date":"2025-02-24T08:00:16","date_gmt":"2025-02-24T14:00:16","guid":{"rendered":"https:\/\/www.nexoinformativo.mx\/?p=11982"},"modified":"2025-02-24T11:06:41","modified_gmt":"2025-02-24T17:06:41","slug":"combate-a-las-adicciones-y-obesidad-mexico-lanza-programa-integral-para-la-salud-escolar","status":"publish","type":"post","link":"https:\/\/www.nexoinformativo.mx\/index.php\/2025\/02\/24\/combate-a-las-adicciones-y-obesidad-mexico-lanza-programa-integral-para-la-salud-escolar\/","title":{"rendered":"Combate a las adicciones y obesidad M\u00e9xico lanza programa integral para la salud escolar"},"content":{"rendered":"<p style=\"text-align: justify;\" data-sourcepos=\"13:1-13:390\">El Gobierno de M\u00e9xico, a trav\u00e9s de la Secretar\u00eda de Educaci\u00f3n P\u00fablica (SEP), anunci\u00f3 la pr\u00f3xima presentaci\u00f3n de un programa integral para fomentar h\u00e1bitos saludables en ni\u00f1as, ni\u00f1os y adolescentes.<\/p>\n<p>&nbsp;<\/p>\n<p style=\"text-align: justify;\" data-sourcepos=\"13:1-13:390\">El secretario de Educaci\u00f3n P\u00fablica, Mario Delgado, inform\u00f3 que la presidenta Claudia Sheinbaum ser\u00e1 quien presente este programa la pr\u00f3xima semana.<\/p>\n<p>&nbsp;<\/p>\n<p style=\"text-align: justify;\" data-sourcepos=\"15:1-15:267\">Durante una gira de trabajo Delgado Carrillo destac\u00f3 la importancia de que los estudiantes adquieran una <strong>&#8220;Vida Saludable&#8221;<\/strong>, ya que la salud es fundamental para asegurar su permanencia en los servicios educativos.<\/p>\n<p>&nbsp;<\/p>\n<p style=\"text-align: justify;\" data-sourcepos=\"17:1-17:337\">Adem\u00e1s, el secretario explic\u00f3 que, a trav\u00e9s de la estrategia de prevenci\u00f3n de adicciones <strong>&#8220;Al\u00e9jate de las drogas. El fentanilo mata, elige ser feliz&#8221;<\/strong>, el Gobierno de M\u00e9xico est\u00e1 distribuyendo gu\u00edas para docentes y orientaciones para padres de familia, con informaci\u00f3n sobre los efectos y consecuencias del consumo de sustancias adictivas.<\/p>\n<p>&nbsp;<\/p>\n<p style=\"text-align: justify;\" data-sourcepos=\"19:1-19:361\">Delgado Carrillo tambi\u00e9n anunci\u00f3 la implementaci\u00f3n del programa <strong>La Escuela es Nuestra<\/strong> (LEEN) en planteles de bachillerato, la construcci\u00f3n de 20 nuevas preparatorias y la ampliaci\u00f3n de otras 35, as\u00ed como la continuidad de la Beca Universal Benito Ju\u00e1rez.<\/p>\n<p>&nbsp;<\/p>\n<p style=\"text-align: justify;\" data-sourcepos=\"21:1-21:294\"><strong>&#8220;Lo que quiere la Presidenta es que ning\u00fan adolescente abandone la secundaria, que todos terminen la secundaria, porque ya los estamos esperando en preparatoria, en bachillerato, con este sistema y otros, pero todos tienen una beca. La beca Benito Ju\u00e1rez&#8221;<\/strong>, se\u00f1al\u00f3 el secretario.<\/p>\n<p>&nbsp;<\/p>\n<p style=\"text-align: center;\" data-sourcepos=\"21:1-21:294\"><em><strong>\u00a1Informaci\u00f3n que transforma!<\/strong><\/em><\/p>\n","protected":false},"excerpt":{"rendered":"<p>El Gobierno de M\u00e9xico, a trav\u00e9s de la Secretar\u00eda de Educaci\u00f3n P\u00fablica (SEP), anunci\u00f3 la pr\u00f3xima presentaci\u00f3n de un programa integral para fomentar h\u00e1bitos saludables en ni\u00f1as, ni\u00f1os y adolescentes.<\/p>\n","protected":false},"author":3,"featured_media":11983,"comment_status":"open","ping_status":"open","sticky":false,"template":"","format":"standard","meta":{"footnotes":""},"categories":[88,58],"tags":[3012,3508,947,538],"class_list":["post-11982","post","type-post","status-publish","format-standard","has-post-thumbnail","hentry","category-nacional","category-ultima-hora","tag-educacionmexico","tag-mexicosaludable","tag-saludescolar","tag-sep"],"yoast_head":"<!-- This site is optimized with the Yoast SEO plugin v25.0 - https:\/\/yoast.com\/wordpress\/plugins\/seo\/ -->\n<title>Combate a las adicciones y obesidad M\u00e9xico lanza programa integral para la salud escolar | Nexo Informativo Santiago de Quer\u00e9taro<\/title>\n<meta name=\"description\" content=\"Combate a las adicciones y obesidad M\u00e9xico lanza programa integral para la salud escolar\" \/>\n<meta name=\"robots\" content=\"index, follow, max-snippet:-1, max-image-preview:large, max-video-preview:-1\" \/>\n<link rel=\"canonical\" href=\"https:\/\/www.nexoinformativo.mx\/index.php\/2025\/02\/24\/combate-a-las-adicciones-y-obesidad-mexico-lanza-programa-integral-para-la-salud-escolar\/\" \/>\n<meta property=\"og:locale\" content=\"es_MX\" \/>\n<meta property=\"og:type\" content=\"article\" \/>\n<meta property=\"og:title\" content=\"Combate a las adicciones y obesidad M\u00e9xico lanza programa integral para la salud escolar | Nexo Informativo Santiago de Quer\u00e9taro\" \/>\n<meta property=\"og:description\" content=\"Combate a las adicciones y obesidad M\u00e9xico lanza programa integral para la salud escolar\" \/>\n<meta property=\"og:url\" content=\"https:\/\/www.nexoinformativo.mx\/index.php\/2025\/02\/24\/combate-a-las-adicciones-y-obesidad-mexico-lanza-programa-integral-para-la-salud-escolar\/\" \/>\n<meta property=\"og:site_name\" content=\"Nexo Informativo Santiago de Quer\u00e9taro\" \/>\n<meta property=\"article:publisher\" content=\"https:\/\/www.facebook.com\/people\/Nexo-Informativo\/61564066885511\/\" \/>\n<meta property=\"article:published_time\" content=\"2025-02-24T14:00:16+00:00\" \/>\n<meta property=\"article:modified_time\" content=\"2025-02-24T17:06:41+00:00\" \/>\n<meta property=\"og:image\" content=\"https:\/\/www.nexoinformativo.mx\/wp-content\/uploads\/2025\/02\/IMG_0983.jpg\" \/>\n\t<meta property=\"og:image:width\" content=\"650\" \/>\n\t<meta property=\"og:image:height\" content=\"380\" \/>\n\t<meta property=\"og:image:type\" content=\"image\/jpeg\" \/>\n<meta name=\"author\" content=\"Nexo Informativo\" \/>\n<meta name=\"twitter:card\" content=\"summary_large_image\" \/>\n<meta name=\"twitter:label1\" content=\"Escrito por\" \/>\n\t<meta name=\"twitter:data1\" content=\"Nexo Informativo\" \/>\n\t<meta name=\"twitter:label2\" content=\"Tiempo de lectura\" \/>\n\t<meta name=\"twitter:data2\" content=\"2 minutos\" \/>\n<script type=\"application\/ld+json\" class=\"yoast-schema-graph\">{\"@context\":\"https:\/\/schema.org\",\"@graph\":[{\"@type\":\"Article\",\"@id\":\"https:\/\/www.nexoinformativo.mx\/index.php\/2025\/02\/24\/combate-a-las-adicciones-y-obesidad-mexico-lanza-programa-integral-para-la-salud-escolar\/#article\",\"isPartOf\":{\"@id\":\"https:\/\/www.nexoinformativo.mx\/index.php\/2025\/02\/24\/combate-a-las-adicciones-y-obesidad-mexico-lanza-programa-integral-para-la-salud-escolar\/\"},\"author\":{\"name\":\"Nexo Informativo\",\"@id\":\"https:\/\/www.nexoinformativo.mx\/#\/schema\/person\/7749d380ba08c8ca00d7bc76fd907b7d\"},\"headline\":\"Combate a las adicciones y obesidad M\u00e9xico lanza programa integral para la salud escolar\",\"datePublished\":\"2025-02-24T14:00:16+00:00\",\"dateModified\":\"2025-02-24T17:06:41+00:00\",\"mainEntityOfPage\":{\"@id\":\"https:\/\/www.nexoinformativo.mx\/index.php\/2025\/02\/24\/combate-a-las-adicciones-y-obesidad-mexico-lanza-programa-integral-para-la-salud-escolar\/\"},\"wordCount\":267,\"commentCount\":0,\"publisher\":{\"@id\":\"https:\/\/www.nexoinformativo.mx\/#organization\"},\"image\":{\"@id\":\"https:\/\/www.nexoinformativo.mx\/index.php\/2025\/02\/24\/combate-a-las-adicciones-y-obesidad-mexico-lanza-programa-integral-para-la-salud-escolar\/#primaryimage\"},\"thumbnailUrl\":\"https:\/\/www.nexoinformativo.mx\/wp-content\/uploads\/2025\/02\/IMG_0983.jpg\",\"keywords\":[\"Educaci\u00f3nM\u00e9xico\",\"M\u00e9xicoSaludable\",\"SaludEscolar\",\"SEP\"],\"articleSection\":[\"Nacional\",\"\u00daltima Hora\"],\"inLanguage\":\"es\",\"potentialAction\":[{\"@type\":\"CommentAction\",\"name\":\"Comment\",\"target\":[\"https:\/\/www.nexoinformativo.mx\/index.php\/2025\/02\/24\/combate-a-las-adicciones-y-obesidad-mexico-lanza-programa-integral-para-la-salud-escolar\/#respond\"]}]},{\"@type\":\"WebPage\",\"@id\":\"https:\/\/www.nexoinformativo.mx\/index.php\/2025\/02\/24\/combate-a-las-adicciones-y-obesidad-mexico-lanza-programa-integral-para-la-salud-escolar\/\",\"url\":\"https:\/\/www.nexoinformativo.mx\/index.php\/2025\/02\/24\/combate-a-las-adicciones-y-obesidad-mexico-lanza-programa-integral-para-la-salud-escolar\/\",\"name\":\"Combate a las adicciones y obesidad M\u00e9xico lanza programa integral para la salud escolar | Nexo Informativo Santiago de Quer\u00e9taro\",\"isPartOf\":{\"@id\":\"https:\/\/www.nexoinformativo.mx\/#website\"},\"primaryImageOfPage\":{\"@id\":\"https:\/\/www.nexoinformativo.mx\/index.php\/2025\/02\/24\/combate-a-las-adicciones-y-obesidad-mexico-lanza-programa-integral-para-la-salud-escolar\/#primaryimage\"},\"image\":{\"@id\":\"https:\/\/www.nexoinformativo.mx\/index.php\/2025\/02\/24\/combate-a-las-adicciones-y-obesidad-mexico-lanza-programa-integral-para-la-salud-escolar\/#primaryimage\"},\"thumbnailUrl\":\"https:\/\/www.nexoinformativo.mx\/wp-content\/uploads\/2025\/02\/IMG_0983.jpg\",\"datePublished\":\"2025-02-24T14:00:16+00:00\",\"dateModified\":\"2025-02-24T17:06:41+00:00\",\"description\":\"Combate a las adicciones y obesidad M\u00e9xico lanza programa integral para la salud escolar\",\"breadcrumb\":{\"@id\":\"https:\/\/www.nexoinformativo.mx\/index.php\/2025\/02\/24\/combate-a-las-adicciones-y-obesidad-mexico-lanza-programa-integral-para-la-salud-escolar\/#breadcrumb\"},\"inLanguage\":\"es\",\"potentialAction\":[{\"@type\":\"ReadAction\",\"target\":[\"https:\/\/www.nexoinformativo.mx\/index.php\/2025\/02\/24\/combate-a-las-adicciones-y-obesidad-mexico-lanza-programa-integral-para-la-salud-escolar\/\"]}]},{\"@type\":\"ImageObject\",\"inLanguage\":\"es\",\"@id\":\"https:\/\/www.nexoinformativo.mx\/index.php\/2025\/02\/24\/combate-a-las-adicciones-y-obesidad-mexico-lanza-programa-integral-para-la-salud-escolar\/#primaryimage\",\"url\":\"https:\/\/www.nexoinformativo.mx\/wp-content\/uploads\/2025\/02\/IMG_0983.jpg\",\"contentUrl\":\"https:\/\/www.nexoinformativo.mx\/wp-content\/uploads\/2025\/02\/IMG_0983.jpg\",\"width\":650,\"height\":380},{\"@type\":\"BreadcrumbList\",\"@id\":\"https:\/\/www.nexoinformativo.mx\/index.php\/2025\/02\/24\/combate-a-las-adicciones-y-obesidad-mexico-lanza-programa-integral-para-la-salud-escolar\/#breadcrumb\",\"itemListElement\":[{\"@type\":\"ListItem\",\"position\":1,\"name\":\"Inicio\",\"item\":\"https:\/\/www.nexoinformativo.mx\/\"},{\"@type\":\"ListItem\",\"position\":2,\"name\":\"Combate a las adicciones y obesidad M\u00e9xico lanza programa integral para la salud escolar\"}]},{\"@type\":\"WebSite\",\"@id\":\"https:\/\/www.nexoinformativo.mx\/#website\",\"url\":\"https:\/\/www.nexoinformativo.mx\/\",\"name\":\"Nexo Informativo Santiago de Quer\u00e9taro\",\"description\":\"Explora NexoInformativo y convi\u00e9rtete en parte de una comunidad que valora el conocimiento y la verdad. Tu nexoinformativo es tu puente hacia una comprensi\u00f3n m\u00e1s profunda del mundo que te rodea.\",\"publisher\":{\"@id\":\"https:\/\/www.nexoinformativo.mx\/#organization\"},\"potentialAction\":[{\"@type\":\"SearchAction\",\"target\":{\"@type\":\"EntryPoint\",\"urlTemplate\":\"https:\/\/www.nexoinformativo.mx\/?s={search_term_string}\"},\"query-input\":{\"@type\":\"PropertyValueSpecification\",\"valueRequired\":true,\"valueName\":\"search_term_string\"}}],\"inLanguage\":\"es\"},{\"@type\":\"Organization\",\"@id\":\"https:\/\/www.nexoinformativo.mx\/#organization\",\"name\":\"Nexo Informativo Santiago de Quer\u00e9taro\",\"url\":\"https:\/\/www.nexoinformativo.mx\/\",\"logo\":{\"@type\":\"ImageObject\",\"inLanguage\":\"es\",\"@id\":\"https:\/\/www.nexoinformativo.mx\/#\/schema\/logo\/image\/\",\"url\":\"https:\/\/www.nexoinformativo.mx\/wp-content\/uploads\/2024\/07\/nexoi-trasparente-2.png\",\"contentUrl\":\"https:\/\/www.nexoinformativo.mx\/wp-content\/uploads\/2024\/07\/nexoi-trasparente-2.png\",\"width\":816,\"height\":339,\"caption\":\"Nexo Informativo Santiago de Quer\u00e9taro\"},\"image\":{\"@id\":\"https:\/\/www.nexoinformativo.mx\/#\/schema\/logo\/image\/\"},\"sameAs\":[\"https:\/\/www.facebook.com\/people\/Nexo-Informativo\/61564066885511\/\"]},{\"@type\":\"Person\",\"@id\":\"https:\/\/www.nexoinformativo.mx\/#\/schema\/person\/7749d380ba08c8ca00d7bc76fd907b7d\",\"name\":\"Nexo Informativo\",\"image\":{\"@type\":\"ImageObject\",\"inLanguage\":\"es\",\"@id\":\"https:\/\/www.nexoinformativo.mx\/#\/schema\/person\/image\/\",\"url\":\"https:\/\/secure.gravatar.com\/avatar\/dde2928154642a13d95f87ddf1ea9718fe2b46760a005c53e41ff5ad610704e6?s=96&d=mm&r=g\",\"contentUrl\":\"https:\/\/secure.gravatar.com\/avatar\/dde2928154642a13d95f87ddf1ea9718fe2b46760a005c53e41ff5ad610704e6?s=96&d=mm&r=g\",\"caption\":\"Nexo Informativo\"},\"url\":\"https:\/\/www.nexoinformativo.mx\/index.php\/author\/edicion\/\"}]}<\/script>\n<!-- \/ Yoast SEO plugin. -->","yoast_head_json":{"title":"Combate a las adicciones y obesidad M\u00e9xico lanza programa integral para la salud escolar | Nexo Informativo Santiago de Quer\u00e9taro","description":"Combate a las adicciones y obesidad M\u00e9xico lanza programa integral para la salud escolar","robots":{"index":"index","follow":"follow","max-snippet":"max-snippet:-1","max-image-preview":"max-image-preview:large","max-video-preview":"max-video-preview:-1"},"canonical":"https:\/\/www.nexoinformativo.mx\/index.php\/2025\/02\/24\/combate-a-las-adicciones-y-obesidad-mexico-lanza-programa-integral-para-la-salud-escolar\/","og_locale":"es_MX","og_type":"article","og_title":"Combate a las adicciones y obesidad M\u00e9xico lanza programa integral para la salud escolar | Nexo Informativo Santiago de Quer\u00e9taro","og_description":"Combate a las adicciones y obesidad M\u00e9xico lanza programa integral para la salud escolar","og_url":"https:\/\/www.nexoinformativo.mx\/index.php\/2025\/02\/24\/combate-a-las-adicciones-y-obesidad-mexico-lanza-programa-integral-para-la-salud-escolar\/","og_site_name":"Nexo Informativo Santiago de Quer\u00e9taro","article_publisher":"https:\/\/www.facebook.com\/people\/Nexo-Informativo\/61564066885511\/","article_published_time":"2025-02-24T14:00:16+00:00","article_modified_time":"2025-02-24T17:06:41+00:00","og_image":[{"width":650,"height":380,"url":"https:\/\/www.nexoinformativo.mx\/wp-content\/uploads\/2025\/02\/IMG_0983.jpg","type":"image\/jpeg"}],"author":"Nexo Informativo","twitter_card":"summary_large_image","twitter_misc":{"Escrito por":"Nexo Informativo","Tiempo de lectura":"2 minutos"},"schema":{"@context":"https:\/\/schema.org","@graph":[{"@type":"Article","@id":"https:\/\/www.nexoinformativo.mx\/index.php\/2025\/02\/24\/combate-a-las-adicciones-y-obesidad-mexico-lanza-programa-integral-para-la-salud-escolar\/#article","isPartOf":{"@id":"https:\/\/www.nexoinformativo.mx\/index.php\/2025\/02\/24\/combate-a-las-adicciones-y-obesidad-mexico-lanza-programa-integral-para-la-salud-escolar\/"},"author":{"name":"Nexo Informativo","@id":"https:\/\/www.nexoinformativo.mx\/#\/schema\/person\/7749d380ba08c8ca00d7bc76fd907b7d"},"headline":"Combate a las adicciones y obesidad M\u00e9xico lanza programa integral para la salud escolar","datePublished":"2025-02-24T14:00:16+00:00","dateModified":"2025-02-24T17:06:41+00:00","mainEntityOfPage":{"@id":"https:\/\/www.nexoinformativo.mx\/index.php\/2025\/02\/24\/combate-a-las-adicciones-y-obesidad-mexico-lanza-programa-integral-para-la-salud-escolar\/"},"wordCount":267,"commentCount":0,"publisher":{"@id":"https:\/\/www.nexoinformativo.mx\/#organization"},"image":{"@id":"https:\/\/www.nexoinformativo.mx\/index.php\/2025\/02\/24\/combate-a-las-adicciones-y-obesidad-mexico-lanza-programa-integral-para-la-salud-escolar\/#primaryimage"},"thumbnailUrl":"https:\/\/www.nexoinformativo.mx\/wp-content\/uploads\/2025\/02\/IMG_0983.jpg","keywords":["Educaci\u00f3nM\u00e9xico","M\u00e9xicoSaludable","SaludEscolar","SEP"],"articleSection":["Nacional","\u00daltima Hora"],"inLanguage":"es","potentialAction":[{"@type":"CommentAction","name":"Comment","target":["https:\/\/www.nexoinformativo.mx\/index.php\/2025\/02\/24\/combate-a-las-adicciones-y-obesidad-mexico-lanza-programa-integral-para-la-salud-escolar\/#respond"]}]},{"@type":"WebPage","@id":"https:\/\/www.nexoinformativo.mx\/index.php\/2025\/02\/24\/combate-a-las-adicciones-y-obesidad-mexico-lanza-programa-integral-para-la-salud-escolar\/","url":"https:\/\/www.nexoinformativo.mx\/index.php\/2025\/02\/24\/combate-a-las-adicciones-y-obesidad-mexico-lanza-programa-integral-para-la-salud-escolar\/","name":"Combate a las adicciones y obesidad M\u00e9xico lanza programa integral para la salud escolar | Nexo Informativo Santiago de Quer\u00e9taro","isPartOf":{"@id":"https:\/\/www.nexoinformativo.mx\/#website"},"primaryImageOfPage":{"@id":"https:\/\/www.nexoinformativo.mx\/index.php\/2025\/02\/24\/combate-a-las-adicciones-y-obesidad-mexico-lanza-programa-integral-para-la-salud-escolar\/#primaryimage"},"image":{"@id":"https:\/\/www.nexoinformativo.mx\/index.php\/2025\/02\/24\/combate-a-las-adicciones-y-obesidad-mexico-lanza-programa-integral-para-la-salud-escolar\/#primaryimage"},"thumbnailUrl":"https:\/\/www.nexoinformativo.mx\/wp-content\/uploads\/2025\/02\/IMG_0983.jpg","datePublished":"2025-02-24T14:00:16+00:00","dateModified":"2025-02-24T17:06:41+00:00","description":"Combate a las adicciones y obesidad M\u00e9xico lanza programa integral para la salud escolar","breadcrumb":{"@id":"https:\/\/www.nexoinformativo.mx\/index.php\/2025\/02\/24\/combate-a-las-adicciones-y-obesidad-mexico-lanza-programa-integral-para-la-salud-escolar\/#breadcrumb"},"inLanguage":"es","potentialAction":[{"@type":"ReadAction","target":["https:\/\/www.nexoinformativo.mx\/index.php\/2025\/02\/24\/combate-a-las-adicciones-y-obesidad-mexico-lanza-programa-integral-para-la-salud-escolar\/"]}]},{"@type":"ImageObject","inLanguage":"es","@id":"https:\/\/www.nexoinformativo.mx\/index.php\/2025\/02\/24\/combate-a-las-adicciones-y-obesidad-mexico-lanza-programa-integral-para-la-salud-escolar\/#primaryimage","url":"https:\/\/www.nexoinformativo.mx\/wp-content\/uploads\/2025\/02\/IMG_0983.jpg","contentUrl":"https:\/\/www.nexoinformativo.mx\/wp-content\/uploads\/2025\/02\/IMG_0983.jpg","width":650,"height":380},{"@type":"BreadcrumbList","@id":"https:\/\/www.nexoinformativo.mx\/index.php\/2025\/02\/24\/combate-a-las-adicciones-y-obesidad-mexico-lanza-programa-integral-para-la-salud-escolar\/#breadcrumb","itemListElement":[{"@type":"ListItem","position":1,"name":"Inicio","item":"https:\/\/www.nexoinformativo.mx\/"},{"@type":"ListItem","position":2,"name":"Combate a las adicciones y obesidad M\u00e9xico lanza programa integral para la salud escolar"}]},{"@type":"WebSite","@id":"https:\/\/www.nexoinformativo.mx\/#website","url":"https:\/\/www.nexoinformativo.mx\/","name":"Nexo Informativo Santiago de Quer\u00e9taro","description":"Explora NexoInformativo y convi\u00e9rtete en parte de una comunidad que valora el conocimiento y la verdad. Tu nexoinformativo es tu puente hacia una comprensi\u00f3n m\u00e1s profunda del mundo que te rodea.","publisher":{"@id":"https:\/\/www.nexoinformativo.mx\/#organization"},"potentialAction":[{"@type":"SearchAction","target":{"@type":"EntryPoint","urlTemplate":"https:\/\/www.nexoinformativo.mx\/?s={search_term_string}"},"query-input":{"@type":"PropertyValueSpecification","valueRequired":true,"valueName":"search_term_string"}}],"inLanguage":"es"},{"@type":"Organization","@id":"https:\/\/www.nexoinformativo.mx\/#organization","name":"Nexo Informativo Santiago de Quer\u00e9taro","url":"https:\/\/www.nexoinformativo.mx\/","logo":{"@type":"ImageObject","inLanguage":"es","@id":"https:\/\/www.nexoinformativo.mx\/#\/schema\/logo\/image\/","url":"https:\/\/www.nexoinformativo.mx\/wp-content\/uploads\/2024\/07\/nexoi-trasparente-2.png","contentUrl":"https:\/\/www.nexoinformativo.mx\/wp-content\/uploads\/2024\/07\/nexoi-trasparente-2.png","width":816,"height":339,"caption":"Nexo Informativo Santiago de Quer\u00e9taro"},"image":{"@id":"https:\/\/www.nexoinformativo.mx\/#\/schema\/logo\/image\/"},"sameAs":["https:\/\/www.facebook.com\/people\/Nexo-Informativo\/61564066885511\/"]},{"@type":"Person","@id":"https:\/\/www.nexoinformativo.mx\/#\/schema\/person\/7749d380ba08c8ca00d7bc76fd907b7d","name":"Nexo Informativo","image":{"@type":"ImageObject","inLanguage":"es","@id":"https:\/\/www.nexoinformativo.mx\/#\/schema\/person\/image\/","url":"https:\/\/secure.gravatar.com\/avatar\/dde2928154642a13d95f87ddf1ea9718fe2b46760a005c53e41ff5ad610704e6?s=96&d=mm&r=g","contentUrl":"https:\/\/secure.gravatar.com\/avatar\/dde2928154642a13d95f87ddf1ea9718fe2b46760a005c53e41ff5ad610704e6?s=96&d=mm&r=g","caption":"Nexo Informativo"},"url":"https:\/\/www.nexoinformativo.mx\/index.php\/author\/edicion\/"}]}},"_links":{"self":[{"href":"https:\/\/www.nexoinformativo.mx\/index.php\/wp-json\/wp\/v2\/posts\/11982","targetHints":{"allow":["GET"]}}],"collection":[{"href":"https:\/\/www.nexoinformativo.mx\/index.php\/wp-json\/wp\/v2\/posts"}],"about":[{"href":"https:\/\/www.nexoinformativo.mx\/index.php\/wp-json\/wp\/v2\/types\/post"}],"author":[{"embeddable":true,"href":"https:\/\/www.nexoinformativo.mx\/index.php\/wp-json\/wp\/v2\/users\/3"}],"replies":[{"embeddable":true,"href":"https:\/\/www.nexoinformativo.mx\/index.php\/wp-json\/wp\/v2\/comments?post=11982"}],"version-history":[{"count":4,"href":"https:\/\/www.nexoinformativo.mx\/index.php\/wp-json\/wp\/v2\/posts\/11982\/revisions"}],"predecessor-version":[{"id":11986,"href":"https:\/\/www.nexoinformativo.mx\/index.php\/wp-json\/wp\/v2\/posts\/11982\/revisions\/11986"}],"wp:featuredmedia":[{"embeddable":true,"href":"https:\/\/www.nexoinformativo.mx\/index.php\/wp-json\/wp\/v2\/media\/11983"}],"wp:attachment":[{"href":"https:\/\/www.nexoinformativo.mx\/index.php\/wp-json\/wp\/v2\/media?parent=11982"}],"wp:term":[{"taxonomy":"category","embeddable":true,"href":"https:\/\/www.nexoinformativo.mx\/index.php\/wp-json\/wp\/v2\/categories?post=11982"},{"taxonomy":"post_tag","embeddable":true,"href":"https:\/\/www.nexoinformativo.mx\/index.php\/wp-json\/wp\/v2\/tags?post=11982"}],"curies":[{"name":"wp","href":"https:\/\/api.w.org\/{rel}","templated":true}]}}