{"id":11988,"date":"2025-02-24T08:30:57","date_gmt":"2025-02-24T14:30:57","guid":{"rendered":"https:\/\/www.nexoinformativo.mx\/?p=11988"},"modified":"2025-02-24T11:11:54","modified_gmt":"2025-02-24T17:11:54","slug":"queretaro-lider-en-nutricion-animal-trouw-nutrition-inaugura-planta-sustentable-con-vision-de-futuro","status":"publish","type":"post","link":"https:\/\/www.nexoinformativo.mx\/index.php\/2025\/02\/24\/queretaro-lider-en-nutricion-animal-trouw-nutrition-inaugura-planta-sustentable-con-vision-de-futuro\/","title":{"rendered":"Quer\u00e9taro, l\u00edder en nutrici\u00f3n animal Trouw Nutrition inaugura planta sustentable con visi\u00f3n de futuro"},"content":{"rendered":"<p style=\"text-align: justify;\">El secretario de Desarrollo Sustentable (SEDESU), Marco Antonio Del Prete, encabez\u00f3 la inauguraci\u00f3n de la planta de <strong>Trouw Nutrition<\/strong>, empresa de origen neerland\u00e9s dedicada a la producci\u00f3n de concentrados, minerales, aditivos y alimento para animales.<\/p>\n<\/p>\n<p>&nbsp;<\/p>\n<p style=\"text-align: justify;\" data-sourcepos=\"13:1-13:308\">La nueva planta, ubicada en el municipio de Col\u00f3n, representa una inversi\u00f3n de 985 millones de pesos y generar\u00e1 120 nuevos empleos para la industria alimentaria de Quer\u00e9taro. Del Prete Tercero agradeci\u00f3 la confianza de los empresarios neerlandeses por elegir Quer\u00e9taro como sede de esta importante inversi\u00f3n.<\/p>\n<\/p>\n<p>&nbsp;<\/p>\n<p style=\"text-align: justify;\" data-sourcepos=\"15:1-15:225\">El secretario destac\u00f3 que Quer\u00e9taro cuenta con una pol\u00edtica econ\u00f3mica y ambiental ambiciosa, que busca atraer inversi\u00f3n para generar empleos y elevar la calidad de vida de los queretanos, siempre respetando el medio ambiente.<\/p>\n<\/p>\n<p>&nbsp;<\/p>\n<p style=\"text-align: justify;\" data-sourcepos=\"19:1-19:458\">Ricardo Kandelman, CEO de Trouw Nutrition, se\u00f1al\u00f3 que la empresa, con 130 a\u00f1os de experiencia y presencia en M\u00e9xico desde 1982, tiene una estrategia sustentada en cuatro pilares fundamentales: reducci\u00f3n energ\u00e9tica, uso de energ\u00edas amigables, manejo \u00f3ptimo de aguas y residuos, y reducci\u00f3n de emisiones.<\/p>\n<\/p>\n<p>&nbsp;<\/p>\n<p style=\"text-align: justify;\" data-sourcepos=\"19:1-19:458\">La planta cuenta con paneles solares, motores de alta eficiencia, captaci\u00f3n de agua pluvial y montacargas el\u00e9ctricos, entre otras tecnolog\u00edas sustentables.<\/p>\n<\/p>\n<p>&nbsp;<\/p>\n<p style=\"text-align: justify;\" data-sourcepos=\"21:1-21:235\">El embajador de los Pa\u00edses Bajos en M\u00e9xico, Wilfred Mohr, destac\u00f3 que la inversi\u00f3n de Trouw Nutrition en Quer\u00e9taro demuestra la confianza de las empresas neerlandesas en el clima de inversi\u00f3n mexicano y en la competitividad del estado.<\/p>\n<\/p>\n<p>&nbsp;<\/p>\n<p style=\"text-align: justify;\" data-sourcepos=\"23:1-23:230\">Joris de Boer, director general de Trouw Nutrition en Quer\u00e9taro, inform\u00f3 que esta planta es la mayor inversi\u00f3n de la empresa en M\u00e9xico en sus 43 a\u00f1os de historia, con una capacidad de producci\u00f3n de hasta 100 mil toneladas anuales.<\/p>\n<\/p>\n<p>&nbsp;<\/p>\n<p style=\"text-align: justify;\" data-sourcepos=\"25:1-25:250\">El presidente municipal de Col\u00f3n, Gaspar Trueba, resalt\u00f3 que la instalaci\u00f3n de la planta demuestra la confianza en el potencial del municipio como ejemplo de desarrollo, ya que generar\u00e1 empleos y fortalecer\u00e1 la cadena de valor agroindustrial.<\/p>\n<\/p>\n<p>&nbsp;<\/p>\n<p style=\"text-align: center;\" data-sourcepos=\"25:1-25:250\"><em><strong>\u00a1Informaci\u00f3n que transforma!<\/strong><\/em><\/p>\n","protected":false},"excerpt":{"rendered":"<p>El secretario de Desarrollo Sustentable (SEDESU), Marco Antonio Del Prete, encabez\u00f3 la inauguraci\u00f3n de la planta de Trouw Nutrition, empresa de origen neerland\u00e9s dedicada a la producci\u00f3n de concentrados, minerales, aditivos y alimento para animales.<\/p>\n","protected":false},"author":3,"featured_media":11989,"comment_status":"open","ping_status":"open","sticky":false,"template":"","format":"standard","meta":{"footnotes":""},"categories":[5,42,58],"tags":[3510,339,670,3509],"class_list":["post-11988","post","type-post","status-publish","format-standard","has-post-thumbnail","hentry","category-economia","category-estado","category-ultima-hora","tag-agroindustria","tag-desarrollosustentable","tag-inversionqueretaro","tag-trouwnutrition"],"yoast_head":"<!-- This site is optimized with the Yoast SEO plugin v25.0 - https:\/\/yoast.com\/wordpress\/plugins\/seo\/ -->\n<title>Quer\u00e9taro, l\u00edder en nutrici\u00f3n animal Trouw Nutrition inaugura planta sustentable con visi\u00f3n de futuro | Nexo Informativo Santiago de Quer\u00e9taro<\/title>\n<meta name=\"description\" content=\"Quer\u00e9taro, l\u00edder en nutrici\u00f3n animal Trouw Nutrition inaugura planta sustentable con visi\u00f3n de futuro\" \/>\n<meta name=\"robots\" content=\"index, follow, max-snippet:-1, max-image-preview:large, max-video-preview:-1\" \/>\n<link rel=\"canonical\" href=\"https:\/\/www.nexoinformativo.mx\/index.php\/2025\/02\/24\/queretaro-lider-en-nutricion-animal-trouw-nutrition-inaugura-planta-sustentable-con-vision-de-futuro\/\" \/>\n<meta property=\"og:locale\" content=\"es_MX\" \/>\n<meta property=\"og:type\" content=\"article\" \/>\n<meta property=\"og:title\" content=\"Quer\u00e9taro, l\u00edder en nutrici\u00f3n animal Trouw Nutrition inaugura planta sustentable con visi\u00f3n de futuro | Nexo Informativo Santiago de Quer\u00e9taro\" \/>\n<meta property=\"og:description\" content=\"Quer\u00e9taro, l\u00edder en nutrici\u00f3n animal Trouw Nutrition inaugura planta sustentable con visi\u00f3n de futuro\" \/>\n<meta property=\"og:url\" content=\"https:\/\/www.nexoinformativo.mx\/index.php\/2025\/02\/24\/queretaro-lider-en-nutricion-animal-trouw-nutrition-inaugura-planta-sustentable-con-vision-de-futuro\/\" \/>\n<meta property=\"og:site_name\" content=\"Nexo Informativo Santiago de Quer\u00e9taro\" \/>\n<meta property=\"article:publisher\" content=\"https:\/\/www.facebook.com\/people\/Nexo-Informativo\/61564066885511\/\" \/>\n<meta property=\"article:published_time\" content=\"2025-02-24T14:30:57+00:00\" \/>\n<meta property=\"article:modified_time\" content=\"2025-02-24T17:11:54+00:00\" \/>\n<meta property=\"og:image\" content=\"https:\/\/www.nexoinformativo.mx\/wp-content\/uploads\/2025\/02\/PHOTO-2025-02-24-08-11-17-e1740417054956.jpg\" \/>\n\t<meta property=\"og:image:width\" content=\"800\" \/>\n\t<meta property=\"og:image:height\" content=\"533\" \/>\n\t<meta property=\"og:image:type\" content=\"image\/jpeg\" \/>\n<meta name=\"author\" content=\"Nexo Informativo\" \/>\n<meta name=\"twitter:card\" content=\"summary_large_image\" \/>\n<meta name=\"twitter:label1\" content=\"Escrito por\" \/>\n\t<meta name=\"twitter:data1\" content=\"Nexo Informativo\" \/>\n\t<meta name=\"twitter:label2\" content=\"Tiempo de lectura\" \/>\n\t<meta name=\"twitter:data2\" content=\"2 minutos\" \/>\n<script type=\"application\/ld+json\" class=\"yoast-schema-graph\">{\"@context\":\"https:\/\/schema.org\",\"@graph\":[{\"@type\":\"Article\",\"@id\":\"https:\/\/www.nexoinformativo.mx\/index.php\/2025\/02\/24\/queretaro-lider-en-nutricion-animal-trouw-nutrition-inaugura-planta-sustentable-con-vision-de-futuro\/#article\",\"isPartOf\":{\"@id\":\"https:\/\/www.nexoinformativo.mx\/index.php\/2025\/02\/24\/queretaro-lider-en-nutricion-animal-trouw-nutrition-inaugura-planta-sustentable-con-vision-de-futuro\/\"},\"author\":{\"name\":\"Nexo Informativo\",\"@id\":\"https:\/\/www.nexoinformativo.mx\/#\/schema\/person\/7749d380ba08c8ca00d7bc76fd907b7d\"},\"headline\":\"Quer\u00e9taro, l\u00edder en nutrici\u00f3n animal Trouw Nutrition inaugura planta sustentable con visi\u00f3n de futuro\",\"datePublished\":\"2025-02-24T14:30:57+00:00\",\"dateModified\":\"2025-02-24T17:11:54+00:00\",\"mainEntityOfPage\":{\"@id\":\"https:\/\/www.nexoinformativo.mx\/index.php\/2025\/02\/24\/queretaro-lider-en-nutricion-animal-trouw-nutrition-inaugura-planta-sustentable-con-vision-de-futuro\/\"},\"wordCount\":355,\"commentCount\":0,\"publisher\":{\"@id\":\"https:\/\/www.nexoinformativo.mx\/#organization\"},\"image\":{\"@id\":\"https:\/\/www.nexoinformativo.mx\/index.php\/2025\/02\/24\/queretaro-lider-en-nutricion-animal-trouw-nutrition-inaugura-planta-sustentable-con-vision-de-futuro\/#primaryimage\"},\"thumbnailUrl\":\"https:\/\/www.nexoinformativo.mx\/wp-content\/uploads\/2025\/02\/PHOTO-2025-02-24-08-11-17-e1740417054956.jpg\",\"keywords\":[\"Agroindustria\",\"DesarrolloSustentable\",\"Inversi\u00f3nQuer\u00e9taro\",\"TrouwNutrition\"],\"articleSection\":[\"Econom\u00eda\",\"Estado\",\"\u00daltima Hora\"],\"inLanguage\":\"es\",\"potentialAction\":[{\"@type\":\"CommentAction\",\"name\":\"Comment\",\"target\":[\"https:\/\/www.nexoinformativo.mx\/index.php\/2025\/02\/24\/queretaro-lider-en-nutricion-animal-trouw-nutrition-inaugura-planta-sustentable-con-vision-de-futuro\/#respond\"]}]},{\"@type\":\"WebPage\",\"@id\":\"https:\/\/www.nexoinformativo.mx\/index.php\/2025\/02\/24\/queretaro-lider-en-nutricion-animal-trouw-nutrition-inaugura-planta-sustentable-con-vision-de-futuro\/\",\"url\":\"https:\/\/www.nexoinformativo.mx\/index.php\/2025\/02\/24\/queretaro-lider-en-nutricion-animal-trouw-nutrition-inaugura-planta-sustentable-con-vision-de-futuro\/\",\"name\":\"Quer\u00e9taro, l\u00edder en nutrici\u00f3n animal Trouw Nutrition inaugura planta sustentable con visi\u00f3n de futuro | Nexo Informativo Santiago de Quer\u00e9taro\",\"isPartOf\":{\"@id\":\"https:\/\/www.nexoinformativo.mx\/#website\"},\"primaryImageOfPage\":{\"@id\":\"https:\/\/www.nexoinformativo.mx\/index.php\/2025\/02\/24\/queretaro-lider-en-nutricion-animal-trouw-nutrition-inaugura-planta-sustentable-con-vision-de-futuro\/#primaryimage\"},\"image\":{\"@id\":\"https:\/\/www.nexoinformativo.mx\/index.php\/2025\/02\/24\/queretaro-lider-en-nutricion-animal-trouw-nutrition-inaugura-planta-sustentable-con-vision-de-futuro\/#primaryimage\"},\"thumbnailUrl\":\"https:\/\/www.nexoinformativo.mx\/wp-content\/uploads\/2025\/02\/PHOTO-2025-02-24-08-11-17-e1740417054956.jpg\",\"datePublished\":\"2025-02-24T14:30:57+00:00\",\"dateModified\":\"2025-02-24T17:11:54+00:00\",\"description\":\"Quer\u00e9taro, l\u00edder en nutrici\u00f3n animal Trouw Nutrition inaugura planta sustentable con visi\u00f3n de futuro\",\"breadcrumb\":{\"@id\":\"https:\/\/www.nexoinformativo.mx\/index.php\/2025\/02\/24\/queretaro-lider-en-nutricion-animal-trouw-nutrition-inaugura-planta-sustentable-con-vision-de-futuro\/#breadcrumb\"},\"inLanguage\":\"es\",\"potentialAction\":[{\"@type\":\"ReadAction\",\"target\":[\"https:\/\/www.nexoinformativo.mx\/index.php\/2025\/02\/24\/queretaro-lider-en-nutricion-animal-trouw-nutrition-inaugura-planta-sustentable-con-vision-de-futuro\/\"]}]},{\"@type\":\"ImageObject\",\"inLanguage\":\"es\",\"@id\":\"https:\/\/www.nexoinformativo.mx\/index.php\/2025\/02\/24\/queretaro-lider-en-nutricion-animal-trouw-nutrition-inaugura-planta-sustentable-con-vision-de-futuro\/#primaryimage\",\"url\":\"https:\/\/www.nexoinformativo.mx\/wp-content\/uploads\/2025\/02\/PHOTO-2025-02-24-08-11-17-e1740417054956.jpg\",\"contentUrl\":\"https:\/\/www.nexoinformativo.mx\/wp-content\/uploads\/2025\/02\/PHOTO-2025-02-24-08-11-17-e1740417054956.jpg\",\"width\":800,\"height\":533},{\"@type\":\"BreadcrumbList\",\"@id\":\"https:\/\/www.nexoinformativo.mx\/index.php\/2025\/02\/24\/queretaro-lider-en-nutricion-animal-trouw-nutrition-inaugura-planta-sustentable-con-vision-de-futuro\/#breadcrumb\",\"itemListElement\":[{\"@type\":\"ListItem\",\"position\":1,\"name\":\"Inicio\",\"item\":\"https:\/\/www.nexoinformativo.mx\/\"},{\"@type\":\"ListItem\",\"position\":2,\"name\":\"Quer\u00e9taro, l\u00edder en nutrici\u00f3n animal Trouw Nutrition inaugura planta sustentable con visi\u00f3n de futuro\"}]},{\"@type\":\"WebSite\",\"@id\":\"https:\/\/www.nexoinformativo.mx\/#website\",\"url\":\"https:\/\/www.nexoinformativo.mx\/\",\"name\":\"Nexo Informativo Santiago de Quer\u00e9taro\",\"description\":\"Explora NexoInformativo y convi\u00e9rtete en parte de una comunidad que valora el conocimiento y la verdad. Tu nexoinformativo es tu puente hacia una comprensi\u00f3n m\u00e1s profunda del mundo que te rodea.\",\"publisher\":{\"@id\":\"https:\/\/www.nexoinformativo.mx\/#organization\"},\"potentialAction\":[{\"@type\":\"SearchAction\",\"target\":{\"@type\":\"EntryPoint\",\"urlTemplate\":\"https:\/\/www.nexoinformativo.mx\/?s={search_term_string}\"},\"query-input\":{\"@type\":\"PropertyValueSpecification\",\"valueRequired\":true,\"valueName\":\"search_term_string\"}}],\"inLanguage\":\"es\"},{\"@type\":\"Organization\",\"@id\":\"https:\/\/www.nexoinformativo.mx\/#organization\",\"name\":\"Nexo Informativo Santiago de Quer\u00e9taro\",\"url\":\"https:\/\/www.nexoinformativo.mx\/\",\"logo\":{\"@type\":\"ImageObject\",\"inLanguage\":\"es\",\"@id\":\"https:\/\/www.nexoinformativo.mx\/#\/schema\/logo\/image\/\",\"url\":\"https:\/\/www.nexoinformativo.mx\/wp-content\/uploads\/2024\/07\/nexoi-trasparente-2.png\",\"contentUrl\":\"https:\/\/www.nexoinformativo.mx\/wp-content\/uploads\/2024\/07\/nexoi-trasparente-2.png\",\"width\":816,\"height\":339,\"caption\":\"Nexo Informativo Santiago de Quer\u00e9taro\"},\"image\":{\"@id\":\"https:\/\/www.nexoinformativo.mx\/#\/schema\/logo\/image\/\"},\"sameAs\":[\"https:\/\/www.facebook.com\/people\/Nexo-Informativo\/61564066885511\/\"]},{\"@type\":\"Person\",\"@id\":\"https:\/\/www.nexoinformativo.mx\/#\/schema\/person\/7749d380ba08c8ca00d7bc76fd907b7d\",\"name\":\"Nexo Informativo\",\"image\":{\"@type\":\"ImageObject\",\"inLanguage\":\"es\",\"@id\":\"https:\/\/www.nexoinformativo.mx\/#\/schema\/person\/image\/\",\"url\":\"https:\/\/secure.gravatar.com\/avatar\/dde2928154642a13d95f87ddf1ea9718fe2b46760a005c53e41ff5ad610704e6?s=96&d=mm&r=g\",\"contentUrl\":\"https:\/\/secure.gravatar.com\/avatar\/dde2928154642a13d95f87ddf1ea9718fe2b46760a005c53e41ff5ad610704e6?s=96&d=mm&r=g\",\"caption\":\"Nexo Informativo\"},\"url\":\"https:\/\/www.nexoinformativo.mx\/index.php\/author\/edicion\/\"}]}<\/script>\n<!-- \/ Yoast SEO plugin. -->","yoast_head_json":{"title":"Quer\u00e9taro, l\u00edder en nutrici\u00f3n animal Trouw Nutrition inaugura planta sustentable con visi\u00f3n de futuro | Nexo Informativo Santiago de Quer\u00e9taro","description":"Quer\u00e9taro, l\u00edder en nutrici\u00f3n animal Trouw Nutrition inaugura planta sustentable con visi\u00f3n de futuro","robots":{"index":"index","follow":"follow","max-snippet":"max-snippet:-1","max-image-preview":"max-image-preview:large","max-video-preview":"max-video-preview:-1"},"canonical":"https:\/\/www.nexoinformativo.mx\/index.php\/2025\/02\/24\/queretaro-lider-en-nutricion-animal-trouw-nutrition-inaugura-planta-sustentable-con-vision-de-futuro\/","og_locale":"es_MX","og_type":"article","og_title":"Quer\u00e9taro, l\u00edder en nutrici\u00f3n animal Trouw Nutrition inaugura planta sustentable con visi\u00f3n de futuro | Nexo Informativo Santiago de Quer\u00e9taro","og_description":"Quer\u00e9taro, l\u00edder en nutrici\u00f3n animal Trouw Nutrition inaugura planta sustentable con visi\u00f3n de futuro","og_url":"https:\/\/www.nexoinformativo.mx\/index.php\/2025\/02\/24\/queretaro-lider-en-nutricion-animal-trouw-nutrition-inaugura-planta-sustentable-con-vision-de-futuro\/","og_site_name":"Nexo Informativo Santiago de Quer\u00e9taro","article_publisher":"https:\/\/www.facebook.com\/people\/Nexo-Informativo\/61564066885511\/","article_published_time":"2025-02-24T14:30:57+00:00","article_modified_time":"2025-02-24T17:11:54+00:00","og_image":[{"width":800,"height":533,"url":"https:\/\/www.nexoinformativo.mx\/wp-content\/uploads\/2025\/02\/PHOTO-2025-02-24-08-11-17-e1740417054956.jpg","type":"image\/jpeg"}],"author":"Nexo Informativo","twitter_card":"summary_large_image","twitter_misc":{"Escrito por":"Nexo Informativo","Tiempo de lectura":"2 minutos"},"schema":{"@context":"https:\/\/schema.org","@graph":[{"@type":"Article","@id":"https:\/\/www.nexoinformativo.mx\/index.php\/2025\/02\/24\/queretaro-lider-en-nutricion-animal-trouw-nutrition-inaugura-planta-sustentable-con-vision-de-futuro\/#article","isPartOf":{"@id":"https:\/\/www.nexoinformativo.mx\/index.php\/2025\/02\/24\/queretaro-lider-en-nutricion-animal-trouw-nutrition-inaugura-planta-sustentable-con-vision-de-futuro\/"},"author":{"name":"Nexo Informativo","@id":"https:\/\/www.nexoinformativo.mx\/#\/schema\/person\/7749d380ba08c8ca00d7bc76fd907b7d"},"headline":"Quer\u00e9taro, l\u00edder en nutrici\u00f3n animal Trouw Nutrition inaugura planta sustentable con visi\u00f3n de futuro","datePublished":"2025-02-24T14:30:57+00:00","dateModified":"2025-02-24T17:11:54+00:00","mainEntityOfPage":{"@id":"https:\/\/www.nexoinformativo.mx\/index.php\/2025\/02\/24\/queretaro-lider-en-nutricion-animal-trouw-nutrition-inaugura-planta-sustentable-con-vision-de-futuro\/"},"wordCount":355,"commentCount":0,"publisher":{"@id":"https:\/\/www.nexoinformativo.mx\/#organization"},"image":{"@id":"https:\/\/www.nexoinformativo.mx\/index.php\/2025\/02\/24\/queretaro-lider-en-nutricion-animal-trouw-nutrition-inaugura-planta-sustentable-con-vision-de-futuro\/#primaryimage"},"thumbnailUrl":"https:\/\/www.nexoinformativo.mx\/wp-content\/uploads\/2025\/02\/PHOTO-2025-02-24-08-11-17-e1740417054956.jpg","keywords":["Agroindustria","DesarrolloSustentable","Inversi\u00f3nQuer\u00e9taro","TrouwNutrition"],"articleSection":["Econom\u00eda","Estado","\u00daltima Hora"],"inLanguage":"es","potentialAction":[{"@type":"CommentAction","name":"Comment","target":["https:\/\/www.nexoinformativo.mx\/index.php\/2025\/02\/24\/queretaro-lider-en-nutricion-animal-trouw-nutrition-inaugura-planta-sustentable-con-vision-de-futuro\/#respond"]}]},{"@type":"WebPage","@id":"https:\/\/www.nexoinformativo.mx\/index.php\/2025\/02\/24\/queretaro-lider-en-nutricion-animal-trouw-nutrition-inaugura-planta-sustentable-con-vision-de-futuro\/","url":"https:\/\/www.nexoinformativo.mx\/index.php\/2025\/02\/24\/queretaro-lider-en-nutricion-animal-trouw-nutrition-inaugura-planta-sustentable-con-vision-de-futuro\/","name":"Quer\u00e9taro, l\u00edder en nutrici\u00f3n animal Trouw Nutrition inaugura planta sustentable con visi\u00f3n de futuro | Nexo Informativo Santiago de Quer\u00e9taro","isPartOf":{"@id":"https:\/\/www.nexoinformativo.mx\/#website"},"primaryImageOfPage":{"@id":"https:\/\/www.nexoinformativo.mx\/index.php\/2025\/02\/24\/queretaro-lider-en-nutricion-animal-trouw-nutrition-inaugura-planta-sustentable-con-vision-de-futuro\/#primaryimage"},"image":{"@id":"https:\/\/www.nexoinformativo.mx\/index.php\/2025\/02\/24\/queretaro-lider-en-nutricion-animal-trouw-nutrition-inaugura-planta-sustentable-con-vision-de-futuro\/#primaryimage"},"thumbnailUrl":"https:\/\/www.nexoinformativo.mx\/wp-content\/uploads\/2025\/02\/PHOTO-2025-02-24-08-11-17-e1740417054956.jpg","datePublished":"2025-02-24T14:30:57+00:00","dateModified":"2025-02-24T17:11:54+00:00","description":"Quer\u00e9taro, l\u00edder en nutrici\u00f3n animal Trouw Nutrition inaugura planta sustentable con visi\u00f3n de futuro","breadcrumb":{"@id":"https:\/\/www.nexoinformativo.mx\/index.php\/2025\/02\/24\/queretaro-lider-en-nutricion-animal-trouw-nutrition-inaugura-planta-sustentable-con-vision-de-futuro\/#breadcrumb"},"inLanguage":"es","potentialAction":[{"@type":"ReadAction","target":["https:\/\/www.nexoinformativo.mx\/index.php\/2025\/02\/24\/queretaro-lider-en-nutricion-animal-trouw-nutrition-inaugura-planta-sustentable-con-vision-de-futuro\/"]}]},{"@type":"ImageObject","inLanguage":"es","@id":"https:\/\/www.nexoinformativo.mx\/index.php\/2025\/02\/24\/queretaro-lider-en-nutricion-animal-trouw-nutrition-inaugura-planta-sustentable-con-vision-de-futuro\/#primaryimage","url":"https:\/\/www.nexoinformativo.mx\/wp-content\/uploads\/2025\/02\/PHOTO-2025-02-24-08-11-17-e1740417054956.jpg","contentUrl":"https:\/\/www.nexoinformativo.mx\/wp-content\/uploads\/2025\/02\/PHOTO-2025-02-24-08-11-17-e1740417054956.jpg","width":800,"height":533},{"@type":"BreadcrumbList","@id":"https:\/\/www.nexoinformativo.mx\/index.php\/2025\/02\/24\/queretaro-lider-en-nutricion-animal-trouw-nutrition-inaugura-planta-sustentable-con-vision-de-futuro\/#breadcrumb","itemListElement":[{"@type":"ListItem","position":1,"name":"Inicio","item":"https:\/\/www.nexoinformativo.mx\/"},{"@type":"ListItem","position":2,"name":"Quer\u00e9taro, l\u00edder en nutrici\u00f3n animal Trouw Nutrition inaugura planta sustentable con visi\u00f3n de futuro"}]},{"@type":"WebSite","@id":"https:\/\/www.nexoinformativo.mx\/#website","url":"https:\/\/www.nexoinformativo.mx\/","name":"Nexo Informativo Santiago de Quer\u00e9taro","description":"Explora NexoInformativo y convi\u00e9rtete en parte de una comunidad que valora el conocimiento y la verdad. Tu nexoinformativo es tu puente hacia una comprensi\u00f3n m\u00e1s profunda del mundo que te rodea.","publisher":{"@id":"https:\/\/www.nexoinformativo.mx\/#organization"},"potentialAction":[{"@type":"SearchAction","target":{"@type":"EntryPoint","urlTemplate":"https:\/\/www.nexoinformativo.mx\/?s={search_term_string}"},"query-input":{"@type":"PropertyValueSpecification","valueRequired":true,"valueName":"search_term_string"}}],"inLanguage":"es"},{"@type":"Organization","@id":"https:\/\/www.nexoinformativo.mx\/#organization","name":"Nexo Informativo Santiago de Quer\u00e9taro","url":"https:\/\/www.nexoinformativo.mx\/","logo":{"@type":"ImageObject","inLanguage":"es","@id":"https:\/\/www.nexoinformativo.mx\/#\/schema\/logo\/image\/","url":"https:\/\/www.nexoinformativo.mx\/wp-content\/uploads\/2024\/07\/nexoi-trasparente-2.png","contentUrl":"https:\/\/www.nexoinformativo.mx\/wp-content\/uploads\/2024\/07\/nexoi-trasparente-2.png","width":816,"height":339,"caption":"Nexo Informativo Santiago de Quer\u00e9taro"},"image":{"@id":"https:\/\/www.nexoinformativo.mx\/#\/schema\/logo\/image\/"},"sameAs":["https:\/\/www.facebook.com\/people\/Nexo-Informativo\/61564066885511\/"]},{"@type":"Person","@id":"https:\/\/www.nexoinformativo.mx\/#\/schema\/person\/7749d380ba08c8ca00d7bc76fd907b7d","name":"Nexo Informativo","image":{"@type":"ImageObject","inLanguage":"es","@id":"https:\/\/www.nexoinformativo.mx\/#\/schema\/person\/image\/","url":"https:\/\/secure.gravatar.com\/avatar\/dde2928154642a13d95f87ddf1ea9718fe2b46760a005c53e41ff5ad610704e6?s=96&d=mm&r=g","contentUrl":"https:\/\/secure.gravatar.com\/avatar\/dde2928154642a13d95f87ddf1ea9718fe2b46760a005c53e41ff5ad610704e6?s=96&d=mm&r=g","caption":"Nexo Informativo"},"url":"https:\/\/www.nexoinformativo.mx\/index.php\/author\/edicion\/"}]}},"_links":{"self":[{"href":"https:\/\/www.nexoinformativo.mx\/index.php\/wp-json\/wp\/v2\/posts\/11988","targetHints":{"allow":["GET"]}}],"collection":[{"href":"https:\/\/www.nexoinformativo.mx\/index.php\/wp-json\/wp\/v2\/posts"}],"about":[{"href":"https:\/\/www.nexoinformativo.mx\/index.php\/wp-json\/wp\/v2\/types\/post"}],"author":[{"embeddable":true,"href":"https:\/\/www.nexoinformativo.mx\/index.php\/wp-json\/wp\/v2\/users\/3"}],"replies":[{"embeddable":true,"href":"https:\/\/www.nexoinformativo.mx\/index.php\/wp-json\/wp\/v2\/comments?post=11988"}],"version-history":[{"count":3,"href":"https:\/\/www.nexoinformativo.mx\/index.php\/wp-json\/wp\/v2\/posts\/11988\/revisions"}],"predecessor-version":[{"id":11992,"href":"https:\/\/www.nexoinformativo.mx\/index.php\/wp-json\/wp\/v2\/posts\/11988\/revisions\/11992"}],"wp:featuredmedia":[{"embeddable":true,"href":"https:\/\/www.nexoinformativo.mx\/index.php\/wp-json\/wp\/v2\/media\/11989"}],"wp:attachment":[{"href":"https:\/\/www.nexoinformativo.mx\/index.php\/wp-json\/wp\/v2\/media?parent=11988"}],"wp:term":[{"taxonomy":"category","embeddable":true,"href":"https:\/\/www.nexoinformativo.mx\/index.php\/wp-json\/wp\/v2\/categories?post=11988"},{"taxonomy":"post_tag","embeddable":true,"href":"https:\/\/www.nexoinformativo.mx\/index.php\/wp-json\/wp\/v2\/tags?post=11988"}],"curies":[{"name":"wp","href":"https:\/\/api.w.org\/{rel}","templated":true}]}}