{"id":11993,"date":"2025-02-24T09:00:10","date_gmt":"2025-02-24T15:00:10","guid":{"rendered":"https:\/\/www.nexoinformativo.mx\/?p=11993"},"modified":"2025-02-24T11:16:25","modified_gmt":"2025-02-24T17:16:25","slug":"estilo-de-vida-saludable-en-las-aulas-usebeq-impulsa-el-deporte-en-secundarias-de-queretaro","status":"publish","type":"post","link":"https:\/\/www.nexoinformativo.mx\/index.php\/2025\/02\/24\/estilo-de-vida-saludable-en-las-aulas-usebeq-impulsa-el-deporte-en-secundarias-de-queretaro\/","title":{"rendered":"Estilo de vida saludable en las aulas USEBEQ impulsa el deporte en secundarias de Quer\u00e9taro"},"content":{"rendered":"<p style=\"text-align: justify;\" data-sourcepos=\"13:1-13:408\">La Unidad de Servicios para la Educaci\u00f3n B\u00e1sica en el Estado de Quer\u00e9taro (USEBEQ) inaugur\u00f3 el encuentro deportivo de secundarias generales, etapa de zona, en la Unidad Deportiva <strong>&#8220;El Pueblito&#8221;<\/strong>, municipio de Corregidora.<\/p>\n<\/p>\n<p>&nbsp;<\/p>\n<p style=\"text-align: justify;\" data-sourcepos=\"13:1-13:408\">La coordinadora general de la USEBEQ, Irene Quintanar Mej\u00eda, encabez\u00f3 el evento donde participaron 260 estudiantes de cuatro escuelas de la demarcaci\u00f3n.<\/p>\n<\/p>\n<p>&nbsp;<\/p>\n<p style=\"text-align: justify;\" data-sourcepos=\"15:1-15:244\">Quintanar Mej\u00eda destac\u00f3 que estas actividades deportivas promueven la formaci\u00f3n integral de los estudiantes, desarrollando aspectos mentales, f\u00edsicos, motrices, expresivos y creativos, lo cual contribuye a un mejor desempe\u00f1o acad\u00e9mico y social.<\/p>\n<\/p>\n<p>&nbsp;<\/p>\n<p style=\"text-align: justify;\" data-sourcepos=\"17:1-17:307\"><strong>&#8220;Queremos, a trav\u00e9s del deporte, promover la sana convivencia y la interacci\u00f3n entre escuelas, as\u00ed como el trabajo colaborativo y en equipo, a la vez de fomentar entre las y los alumnos un estilo de vida saludable, con acciones en favor de una cultura de paz e inclusi\u00f3n educativa&#8221;<\/strong>, detall\u00f3 la coordinadora.<\/p>\n<\/p>\n<p>&nbsp;<\/p>\n<p style=\"text-align: justify;\" data-sourcepos=\"19:1-19:249\">A nivel de zona escolar, m\u00e1s de 14 mil estudiantes de 120 escuelas secundarias generales p\u00fablicas y privadas de todo el estado participaron en disciplinas como f\u00fatbol, atletismo, tae kwon do, b\u00e1squetbol, handball, voleibol y ajedrez, en ambas ramas.<\/p>\n<\/p>\n<p>&nbsp;<\/p>\n<p style=\"text-align: center;\" data-sourcepos=\"19:1-19:249\"><em><strong>\u00a1Informaci\u00f3n que transforma!<\/strong><\/em><\/p>\n","protected":false},"excerpt":{"rendered":"<p>La Unidad de Servicios para la Educaci\u00f3n B\u00e1sica en el Estado de Quer\u00e9taro (USEBEQ) inaugur\u00f3 el encuentro deportivo de secundarias generales, etapa de zona, en la Unidad Deportiva &#8220;El Pueblito&#8221;, municipio de Corregidora.<\/p>\n","protected":false},"author":3,"featured_media":11994,"comment_status":"open","ping_status":"open","sticky":false,"template":"","format":"standard","meta":{"footnotes":""},"categories":[65,58],"tags":[3511,133,3512,254],"class_list":["post-11993","post","type-post","status-publish","format-standard","has-post-thumbnail","hentry","category-municipios","category-ultima-hora","tag-deporteescolar","tag-queretaro","tag-sanaconvivencia","tag-usebeq"],"yoast_head":"<!-- This site is optimized with the Yoast SEO plugin v25.0 - https:\/\/yoast.com\/wordpress\/plugins\/seo\/ -->\n<title>Estilo de vida saludable en las aulas USEBEQ impulsa el deporte en secundarias de Quer\u00e9taro | Nexo Informativo Santiago de Quer\u00e9taro<\/title>\n<meta name=\"description\" content=\"Estilo de vida saludable en las aulas: USEBEQ impulsa el deporte en secundarias de Quer\u00e9taro\" \/>\n<meta name=\"robots\" content=\"index, follow, max-snippet:-1, max-image-preview:large, max-video-preview:-1\" \/>\n<link rel=\"canonical\" href=\"https:\/\/www.nexoinformativo.mx\/index.php\/2025\/02\/24\/estilo-de-vida-saludable-en-las-aulas-usebeq-impulsa-el-deporte-en-secundarias-de-queretaro\/\" \/>\n<meta property=\"og:locale\" content=\"es_MX\" \/>\n<meta property=\"og:type\" content=\"article\" \/>\n<meta property=\"og:title\" content=\"Estilo de vida saludable en las aulas USEBEQ impulsa el deporte en secundarias de Quer\u00e9taro | Nexo Informativo Santiago de Quer\u00e9taro\" \/>\n<meta property=\"og:description\" content=\"Estilo de vida saludable en las aulas: USEBEQ impulsa el deporte en secundarias de Quer\u00e9taro\" \/>\n<meta property=\"og:url\" content=\"https:\/\/www.nexoinformativo.mx\/index.php\/2025\/02\/24\/estilo-de-vida-saludable-en-las-aulas-usebeq-impulsa-el-deporte-en-secundarias-de-queretaro\/\" \/>\n<meta property=\"og:site_name\" content=\"Nexo Informativo Santiago de Quer\u00e9taro\" \/>\n<meta property=\"article:publisher\" content=\"https:\/\/www.facebook.com\/people\/Nexo-Informativo\/61564066885511\/\" \/>\n<meta property=\"article:published_time\" content=\"2025-02-24T15:00:10+00:00\" \/>\n<meta property=\"article:modified_time\" content=\"2025-02-24T17:16:25+00:00\" \/>\n<meta property=\"og:image\" content=\"https:\/\/www.nexoinformativo.mx\/wp-content\/uploads\/2025\/02\/PHOTO-2025-02-24-08-14-08-e1740417338122.jpg\" \/>\n\t<meta property=\"og:image:width\" content=\"800\" \/>\n\t<meta property=\"og:image:height\" content=\"600\" \/>\n\t<meta property=\"og:image:type\" content=\"image\/jpeg\" \/>\n<meta name=\"author\" content=\"Nexo Informativo\" \/>\n<meta name=\"twitter:card\" content=\"summary_large_image\" \/>\n<meta name=\"twitter:label1\" content=\"Escrito por\" \/>\n\t<meta name=\"twitter:data1\" content=\"Nexo Informativo\" \/>\n\t<meta name=\"twitter:label2\" content=\"Tiempo de lectura\" \/>\n\t<meta name=\"twitter:data2\" content=\"2 minutos\" \/>\n<script type=\"application\/ld+json\" class=\"yoast-schema-graph\">{\"@context\":\"https:\/\/schema.org\",\"@graph\":[{\"@type\":\"Article\",\"@id\":\"https:\/\/www.nexoinformativo.mx\/index.php\/2025\/02\/24\/estilo-de-vida-saludable-en-las-aulas-usebeq-impulsa-el-deporte-en-secundarias-de-queretaro\/#article\",\"isPartOf\":{\"@id\":\"https:\/\/www.nexoinformativo.mx\/index.php\/2025\/02\/24\/estilo-de-vida-saludable-en-las-aulas-usebeq-impulsa-el-deporte-en-secundarias-de-queretaro\/\"},\"author\":{\"name\":\"Nexo Informativo\",\"@id\":\"https:\/\/www.nexoinformativo.mx\/#\/schema\/person\/7749d380ba08c8ca00d7bc76fd907b7d\"},\"headline\":\"Estilo de vida saludable en las aulas USEBEQ impulsa el deporte en secundarias de Quer\u00e9taro\",\"datePublished\":\"2025-02-24T15:00:10+00:00\",\"dateModified\":\"2025-02-24T17:16:25+00:00\",\"mainEntityOfPage\":{\"@id\":\"https:\/\/www.nexoinformativo.mx\/index.php\/2025\/02\/24\/estilo-de-vida-saludable-en-las-aulas-usebeq-impulsa-el-deporte-en-secundarias-de-queretaro\/\"},\"wordCount\":217,\"commentCount\":0,\"publisher\":{\"@id\":\"https:\/\/www.nexoinformativo.mx\/#organization\"},\"image\":{\"@id\":\"https:\/\/www.nexoinformativo.mx\/index.php\/2025\/02\/24\/estilo-de-vida-saludable-en-las-aulas-usebeq-impulsa-el-deporte-en-secundarias-de-queretaro\/#primaryimage\"},\"thumbnailUrl\":\"https:\/\/www.nexoinformativo.mx\/wp-content\/uploads\/2025\/02\/PHOTO-2025-02-24-08-14-08-e1740417338122.jpg\",\"keywords\":[\"DeporteEscolar\",\"Quer\u00e9taro\",\"SanaConvivencia\",\"USEBEQ\"],\"articleSection\":[\"Municipios\",\"\u00daltima Hora\"],\"inLanguage\":\"es\",\"potentialAction\":[{\"@type\":\"CommentAction\",\"name\":\"Comment\",\"target\":[\"https:\/\/www.nexoinformativo.mx\/index.php\/2025\/02\/24\/estilo-de-vida-saludable-en-las-aulas-usebeq-impulsa-el-deporte-en-secundarias-de-queretaro\/#respond\"]}]},{\"@type\":\"WebPage\",\"@id\":\"https:\/\/www.nexoinformativo.mx\/index.php\/2025\/02\/24\/estilo-de-vida-saludable-en-las-aulas-usebeq-impulsa-el-deporte-en-secundarias-de-queretaro\/\",\"url\":\"https:\/\/www.nexoinformativo.mx\/index.php\/2025\/02\/24\/estilo-de-vida-saludable-en-las-aulas-usebeq-impulsa-el-deporte-en-secundarias-de-queretaro\/\",\"name\":\"Estilo de vida saludable en las aulas USEBEQ impulsa el deporte en secundarias de Quer\u00e9taro | Nexo Informativo Santiago de Quer\u00e9taro\",\"isPartOf\":{\"@id\":\"https:\/\/www.nexoinformativo.mx\/#website\"},\"primaryImageOfPage\":{\"@id\":\"https:\/\/www.nexoinformativo.mx\/index.php\/2025\/02\/24\/estilo-de-vida-saludable-en-las-aulas-usebeq-impulsa-el-deporte-en-secundarias-de-queretaro\/#primaryimage\"},\"image\":{\"@id\":\"https:\/\/www.nexoinformativo.mx\/index.php\/2025\/02\/24\/estilo-de-vida-saludable-en-las-aulas-usebeq-impulsa-el-deporte-en-secundarias-de-queretaro\/#primaryimage\"},\"thumbnailUrl\":\"https:\/\/www.nexoinformativo.mx\/wp-content\/uploads\/2025\/02\/PHOTO-2025-02-24-08-14-08-e1740417338122.jpg\",\"datePublished\":\"2025-02-24T15:00:10+00:00\",\"dateModified\":\"2025-02-24T17:16:25+00:00\",\"description\":\"Estilo de vida saludable en las aulas: USEBEQ impulsa el deporte en secundarias de Quer\u00e9taro\",\"breadcrumb\":{\"@id\":\"https:\/\/www.nexoinformativo.mx\/index.php\/2025\/02\/24\/estilo-de-vida-saludable-en-las-aulas-usebeq-impulsa-el-deporte-en-secundarias-de-queretaro\/#breadcrumb\"},\"inLanguage\":\"es\",\"potentialAction\":[{\"@type\":\"ReadAction\",\"target\":[\"https:\/\/www.nexoinformativo.mx\/index.php\/2025\/02\/24\/estilo-de-vida-saludable-en-las-aulas-usebeq-impulsa-el-deporte-en-secundarias-de-queretaro\/\"]}]},{\"@type\":\"ImageObject\",\"inLanguage\":\"es\",\"@id\":\"https:\/\/www.nexoinformativo.mx\/index.php\/2025\/02\/24\/estilo-de-vida-saludable-en-las-aulas-usebeq-impulsa-el-deporte-en-secundarias-de-queretaro\/#primaryimage\",\"url\":\"https:\/\/www.nexoinformativo.mx\/wp-content\/uploads\/2025\/02\/PHOTO-2025-02-24-08-14-08-e1740417338122.jpg\",\"contentUrl\":\"https:\/\/www.nexoinformativo.mx\/wp-content\/uploads\/2025\/02\/PHOTO-2025-02-24-08-14-08-e1740417338122.jpg\",\"width\":800,\"height\":600},{\"@type\":\"BreadcrumbList\",\"@id\":\"https:\/\/www.nexoinformativo.mx\/index.php\/2025\/02\/24\/estilo-de-vida-saludable-en-las-aulas-usebeq-impulsa-el-deporte-en-secundarias-de-queretaro\/#breadcrumb\",\"itemListElement\":[{\"@type\":\"ListItem\",\"position\":1,\"name\":\"Inicio\",\"item\":\"https:\/\/www.nexoinformativo.mx\/\"},{\"@type\":\"ListItem\",\"position\":2,\"name\":\"Estilo de vida saludable en las aulas USEBEQ impulsa el deporte en secundarias de Quer\u00e9taro\"}]},{\"@type\":\"WebSite\",\"@id\":\"https:\/\/www.nexoinformativo.mx\/#website\",\"url\":\"https:\/\/www.nexoinformativo.mx\/\",\"name\":\"Nexo Informativo Santiago de Quer\u00e9taro\",\"description\":\"Explora NexoInformativo y convi\u00e9rtete en parte de una comunidad que valora el conocimiento y la verdad. Tu nexoinformativo es tu puente hacia una comprensi\u00f3n m\u00e1s profunda del mundo que te rodea.\",\"publisher\":{\"@id\":\"https:\/\/www.nexoinformativo.mx\/#organization\"},\"potentialAction\":[{\"@type\":\"SearchAction\",\"target\":{\"@type\":\"EntryPoint\",\"urlTemplate\":\"https:\/\/www.nexoinformativo.mx\/?s={search_term_string}\"},\"query-input\":{\"@type\":\"PropertyValueSpecification\",\"valueRequired\":true,\"valueName\":\"search_term_string\"}}],\"inLanguage\":\"es\"},{\"@type\":\"Organization\",\"@id\":\"https:\/\/www.nexoinformativo.mx\/#organization\",\"name\":\"Nexo Informativo Santiago de Quer\u00e9taro\",\"url\":\"https:\/\/www.nexoinformativo.mx\/\",\"logo\":{\"@type\":\"ImageObject\",\"inLanguage\":\"es\",\"@id\":\"https:\/\/www.nexoinformativo.mx\/#\/schema\/logo\/image\/\",\"url\":\"https:\/\/www.nexoinformativo.mx\/wp-content\/uploads\/2024\/07\/nexoi-trasparente-2.png\",\"contentUrl\":\"https:\/\/www.nexoinformativo.mx\/wp-content\/uploads\/2024\/07\/nexoi-trasparente-2.png\",\"width\":816,\"height\":339,\"caption\":\"Nexo Informativo Santiago de Quer\u00e9taro\"},\"image\":{\"@id\":\"https:\/\/www.nexoinformativo.mx\/#\/schema\/logo\/image\/\"},\"sameAs\":[\"https:\/\/www.facebook.com\/people\/Nexo-Informativo\/61564066885511\/\"]},{\"@type\":\"Person\",\"@id\":\"https:\/\/www.nexoinformativo.mx\/#\/schema\/person\/7749d380ba08c8ca00d7bc76fd907b7d\",\"name\":\"Nexo Informativo\",\"image\":{\"@type\":\"ImageObject\",\"inLanguage\":\"es\",\"@id\":\"https:\/\/www.nexoinformativo.mx\/#\/schema\/person\/image\/\",\"url\":\"https:\/\/secure.gravatar.com\/avatar\/dde2928154642a13d95f87ddf1ea9718fe2b46760a005c53e41ff5ad610704e6?s=96&d=mm&r=g\",\"contentUrl\":\"https:\/\/secure.gravatar.com\/avatar\/dde2928154642a13d95f87ddf1ea9718fe2b46760a005c53e41ff5ad610704e6?s=96&d=mm&r=g\",\"caption\":\"Nexo Informativo\"},\"url\":\"https:\/\/www.nexoinformativo.mx\/index.php\/author\/edicion\/\"}]}<\/script>\n<!-- \/ Yoast SEO plugin. -->","yoast_head_json":{"title":"Estilo de vida saludable en las aulas USEBEQ impulsa el deporte en secundarias de Quer\u00e9taro | Nexo Informativo Santiago de Quer\u00e9taro","description":"Estilo de vida saludable en las aulas: USEBEQ impulsa el deporte en secundarias de Quer\u00e9taro","robots":{"index":"index","follow":"follow","max-snippet":"max-snippet:-1","max-image-preview":"max-image-preview:large","max-video-preview":"max-video-preview:-1"},"canonical":"https:\/\/www.nexoinformativo.mx\/index.php\/2025\/02\/24\/estilo-de-vida-saludable-en-las-aulas-usebeq-impulsa-el-deporte-en-secundarias-de-queretaro\/","og_locale":"es_MX","og_type":"article","og_title":"Estilo de vida saludable en las aulas USEBEQ impulsa el deporte en secundarias de Quer\u00e9taro | Nexo Informativo Santiago de Quer\u00e9taro","og_description":"Estilo de vida saludable en las aulas: USEBEQ impulsa el deporte en secundarias de Quer\u00e9taro","og_url":"https:\/\/www.nexoinformativo.mx\/index.php\/2025\/02\/24\/estilo-de-vida-saludable-en-las-aulas-usebeq-impulsa-el-deporte-en-secundarias-de-queretaro\/","og_site_name":"Nexo Informativo Santiago de Quer\u00e9taro","article_publisher":"https:\/\/www.facebook.com\/people\/Nexo-Informativo\/61564066885511\/","article_published_time":"2025-02-24T15:00:10+00:00","article_modified_time":"2025-02-24T17:16:25+00:00","og_image":[{"width":800,"height":600,"url":"https:\/\/www.nexoinformativo.mx\/wp-content\/uploads\/2025\/02\/PHOTO-2025-02-24-08-14-08-e1740417338122.jpg","type":"image\/jpeg"}],"author":"Nexo Informativo","twitter_card":"summary_large_image","twitter_misc":{"Escrito por":"Nexo Informativo","Tiempo de lectura":"2 minutos"},"schema":{"@context":"https:\/\/schema.org","@graph":[{"@type":"Article","@id":"https:\/\/www.nexoinformativo.mx\/index.php\/2025\/02\/24\/estilo-de-vida-saludable-en-las-aulas-usebeq-impulsa-el-deporte-en-secundarias-de-queretaro\/#article","isPartOf":{"@id":"https:\/\/www.nexoinformativo.mx\/index.php\/2025\/02\/24\/estilo-de-vida-saludable-en-las-aulas-usebeq-impulsa-el-deporte-en-secundarias-de-queretaro\/"},"author":{"name":"Nexo Informativo","@id":"https:\/\/www.nexoinformativo.mx\/#\/schema\/person\/7749d380ba08c8ca00d7bc76fd907b7d"},"headline":"Estilo de vida saludable en las aulas USEBEQ impulsa el deporte en secundarias de Quer\u00e9taro","datePublished":"2025-02-24T15:00:10+00:00","dateModified":"2025-02-24T17:16:25+00:00","mainEntityOfPage":{"@id":"https:\/\/www.nexoinformativo.mx\/index.php\/2025\/02\/24\/estilo-de-vida-saludable-en-las-aulas-usebeq-impulsa-el-deporte-en-secundarias-de-queretaro\/"},"wordCount":217,"commentCount":0,"publisher":{"@id":"https:\/\/www.nexoinformativo.mx\/#organization"},"image":{"@id":"https:\/\/www.nexoinformativo.mx\/index.php\/2025\/02\/24\/estilo-de-vida-saludable-en-las-aulas-usebeq-impulsa-el-deporte-en-secundarias-de-queretaro\/#primaryimage"},"thumbnailUrl":"https:\/\/www.nexoinformativo.mx\/wp-content\/uploads\/2025\/02\/PHOTO-2025-02-24-08-14-08-e1740417338122.jpg","keywords":["DeporteEscolar","Quer\u00e9taro","SanaConvivencia","USEBEQ"],"articleSection":["Municipios","\u00daltima Hora"],"inLanguage":"es","potentialAction":[{"@type":"CommentAction","name":"Comment","target":["https:\/\/www.nexoinformativo.mx\/index.php\/2025\/02\/24\/estilo-de-vida-saludable-en-las-aulas-usebeq-impulsa-el-deporte-en-secundarias-de-queretaro\/#respond"]}]},{"@type":"WebPage","@id":"https:\/\/www.nexoinformativo.mx\/index.php\/2025\/02\/24\/estilo-de-vida-saludable-en-las-aulas-usebeq-impulsa-el-deporte-en-secundarias-de-queretaro\/","url":"https:\/\/www.nexoinformativo.mx\/index.php\/2025\/02\/24\/estilo-de-vida-saludable-en-las-aulas-usebeq-impulsa-el-deporte-en-secundarias-de-queretaro\/","name":"Estilo de vida saludable en las aulas USEBEQ impulsa el deporte en secundarias de Quer\u00e9taro | Nexo Informativo Santiago de Quer\u00e9taro","isPartOf":{"@id":"https:\/\/www.nexoinformativo.mx\/#website"},"primaryImageOfPage":{"@id":"https:\/\/www.nexoinformativo.mx\/index.php\/2025\/02\/24\/estilo-de-vida-saludable-en-las-aulas-usebeq-impulsa-el-deporte-en-secundarias-de-queretaro\/#primaryimage"},"image":{"@id":"https:\/\/www.nexoinformativo.mx\/index.php\/2025\/02\/24\/estilo-de-vida-saludable-en-las-aulas-usebeq-impulsa-el-deporte-en-secundarias-de-queretaro\/#primaryimage"},"thumbnailUrl":"https:\/\/www.nexoinformativo.mx\/wp-content\/uploads\/2025\/02\/PHOTO-2025-02-24-08-14-08-e1740417338122.jpg","datePublished":"2025-02-24T15:00:10+00:00","dateModified":"2025-02-24T17:16:25+00:00","description":"Estilo de vida saludable en las aulas: USEBEQ impulsa el deporte en secundarias de Quer\u00e9taro","breadcrumb":{"@id":"https:\/\/www.nexoinformativo.mx\/index.php\/2025\/02\/24\/estilo-de-vida-saludable-en-las-aulas-usebeq-impulsa-el-deporte-en-secundarias-de-queretaro\/#breadcrumb"},"inLanguage":"es","potentialAction":[{"@type":"ReadAction","target":["https:\/\/www.nexoinformativo.mx\/index.php\/2025\/02\/24\/estilo-de-vida-saludable-en-las-aulas-usebeq-impulsa-el-deporte-en-secundarias-de-queretaro\/"]}]},{"@type":"ImageObject","inLanguage":"es","@id":"https:\/\/www.nexoinformativo.mx\/index.php\/2025\/02\/24\/estilo-de-vida-saludable-en-las-aulas-usebeq-impulsa-el-deporte-en-secundarias-de-queretaro\/#primaryimage","url":"https:\/\/www.nexoinformativo.mx\/wp-content\/uploads\/2025\/02\/PHOTO-2025-02-24-08-14-08-e1740417338122.jpg","contentUrl":"https:\/\/www.nexoinformativo.mx\/wp-content\/uploads\/2025\/02\/PHOTO-2025-02-24-08-14-08-e1740417338122.jpg","width":800,"height":600},{"@type":"BreadcrumbList","@id":"https:\/\/www.nexoinformativo.mx\/index.php\/2025\/02\/24\/estilo-de-vida-saludable-en-las-aulas-usebeq-impulsa-el-deporte-en-secundarias-de-queretaro\/#breadcrumb","itemListElement":[{"@type":"ListItem","position":1,"name":"Inicio","item":"https:\/\/www.nexoinformativo.mx\/"},{"@type":"ListItem","position":2,"name":"Estilo de vida saludable en las aulas USEBEQ impulsa el deporte en secundarias de Quer\u00e9taro"}]},{"@type":"WebSite","@id":"https:\/\/www.nexoinformativo.mx\/#website","url":"https:\/\/www.nexoinformativo.mx\/","name":"Nexo Informativo Santiago de Quer\u00e9taro","description":"Explora NexoInformativo y convi\u00e9rtete en parte de una comunidad que valora el conocimiento y la verdad. Tu nexoinformativo es tu puente hacia una comprensi\u00f3n m\u00e1s profunda del mundo que te rodea.","publisher":{"@id":"https:\/\/www.nexoinformativo.mx\/#organization"},"potentialAction":[{"@type":"SearchAction","target":{"@type":"EntryPoint","urlTemplate":"https:\/\/www.nexoinformativo.mx\/?s={search_term_string}"},"query-input":{"@type":"PropertyValueSpecification","valueRequired":true,"valueName":"search_term_string"}}],"inLanguage":"es"},{"@type":"Organization","@id":"https:\/\/www.nexoinformativo.mx\/#organization","name":"Nexo Informativo Santiago de Quer\u00e9taro","url":"https:\/\/www.nexoinformativo.mx\/","logo":{"@type":"ImageObject","inLanguage":"es","@id":"https:\/\/www.nexoinformativo.mx\/#\/schema\/logo\/image\/","url":"https:\/\/www.nexoinformativo.mx\/wp-content\/uploads\/2024\/07\/nexoi-trasparente-2.png","contentUrl":"https:\/\/www.nexoinformativo.mx\/wp-content\/uploads\/2024\/07\/nexoi-trasparente-2.png","width":816,"height":339,"caption":"Nexo Informativo Santiago de Quer\u00e9taro"},"image":{"@id":"https:\/\/www.nexoinformativo.mx\/#\/schema\/logo\/image\/"},"sameAs":["https:\/\/www.facebook.com\/people\/Nexo-Informativo\/61564066885511\/"]},{"@type":"Person","@id":"https:\/\/www.nexoinformativo.mx\/#\/schema\/person\/7749d380ba08c8ca00d7bc76fd907b7d","name":"Nexo Informativo","image":{"@type":"ImageObject","inLanguage":"es","@id":"https:\/\/www.nexoinformativo.mx\/#\/schema\/person\/image\/","url":"https:\/\/secure.gravatar.com\/avatar\/dde2928154642a13d95f87ddf1ea9718fe2b46760a005c53e41ff5ad610704e6?s=96&d=mm&r=g","contentUrl":"https:\/\/secure.gravatar.com\/avatar\/dde2928154642a13d95f87ddf1ea9718fe2b46760a005c53e41ff5ad610704e6?s=96&d=mm&r=g","caption":"Nexo Informativo"},"url":"https:\/\/www.nexoinformativo.mx\/index.php\/author\/edicion\/"}]}},"_links":{"self":[{"href":"https:\/\/www.nexoinformativo.mx\/index.php\/wp-json\/wp\/v2\/posts\/11993","targetHints":{"allow":["GET"]}}],"collection":[{"href":"https:\/\/www.nexoinformativo.mx\/index.php\/wp-json\/wp\/v2\/posts"}],"about":[{"href":"https:\/\/www.nexoinformativo.mx\/index.php\/wp-json\/wp\/v2\/types\/post"}],"author":[{"embeddable":true,"href":"https:\/\/www.nexoinformativo.mx\/index.php\/wp-json\/wp\/v2\/users\/3"}],"replies":[{"embeddable":true,"href":"https:\/\/www.nexoinformativo.mx\/index.php\/wp-json\/wp\/v2\/comments?post=11993"}],"version-history":[{"count":3,"href":"https:\/\/www.nexoinformativo.mx\/index.php\/wp-json\/wp\/v2\/posts\/11993\/revisions"}],"predecessor-version":[{"id":11997,"href":"https:\/\/www.nexoinformativo.mx\/index.php\/wp-json\/wp\/v2\/posts\/11993\/revisions\/11997"}],"wp:featuredmedia":[{"embeddable":true,"href":"https:\/\/www.nexoinformativo.mx\/index.php\/wp-json\/wp\/v2\/media\/11994"}],"wp:attachment":[{"href":"https:\/\/www.nexoinformativo.mx\/index.php\/wp-json\/wp\/v2\/media?parent=11993"}],"wp:term":[{"taxonomy":"category","embeddable":true,"href":"https:\/\/www.nexoinformativo.mx\/index.php\/wp-json\/wp\/v2\/categories?post=11993"},{"taxonomy":"post_tag","embeddable":true,"href":"https:\/\/www.nexoinformativo.mx\/index.php\/wp-json\/wp\/v2\/tags?post=11993"}],"curies":[{"name":"wp","href":"https:\/\/api.w.org\/{rel}","templated":true}]}}