{"id":12020,"date":"2025-02-24T17:00:42","date_gmt":"2025-02-24T23:00:42","guid":{"rendered":"https:\/\/www.nexoinformativo.mx\/?p=12020"},"modified":"2025-02-24T21:48:03","modified_gmt":"2025-02-25T03:48:03","slug":"kuri-aumenta-presupuesto-de-seguridad-para-2025","status":"publish","type":"post","link":"https:\/\/www.nexoinformativo.mx\/index.php\/2025\/02\/24\/kuri-aumenta-presupuesto-de-seguridad-para-2025\/","title":{"rendered":"Kuri aumenta presupuesto de seguridad para 2025"},"content":{"rendered":"<p style=\"text-align: justify;\">El gobernador de Quer\u00e9taro, Mauricio Kuri, anunci\u00f3 que en 2025 se dar\u00e1 prioridad a la asignaci\u00f3n de un mayor presupuesto para la seguridad p\u00fablica. Se contempla un incremento del 10 al 15% en comparaci\u00f3n con el a\u00f1o anterior.<\/p>\n<p>&nbsp;<\/p>\n<p style=\"text-align: justify;\">Kuri inform\u00f3 que se incorporar\u00e1n 120 nuevos polic\u00edas y se ampliar\u00e1 la capacitaci\u00f3n para los elementos existentes, adem\u00e1s de fortalecer la estructura de seguridad para garantizar una mayor protecci\u00f3n ciudadana.<\/p>\n<p>&nbsp;<\/p>\n<p style=\"text-align: justify;\">El gobernador destac\u00f3 que se apoyar\u00e1 a los municipios en la implementaci\u00f3n de la justicia c\u00edvica y el fortalecimiento de sus sistemas de seguridad. Tambi\u00e9n se brindar\u00e1 apoyo con infraestructura al poder judicial para mejorar la administraci\u00f3n de justicia en el estado.<\/p>\n<p>&nbsp;<\/p>\n<p style=\"text-align: justify;\">El incremento del presupuesto refleja el compromiso del gobierno de Quer\u00e9taro con la seguridad y bienestar de sus habitantes, buscando mejorar la percepci\u00f3n ciudadana y reducir la incidencia delictiva en la regi\u00f3n.<\/p>\n<p>&nbsp;<\/p>\n<p style=\"text-align: center;\"><em><strong>\u00a1Informaci\u00f3n que transforma!<\/strong><\/em><\/p>\n","protected":false},"excerpt":{"rendered":"<p>El gobernador de Quer\u00e9taro, Mauricio Kuri, anunci\u00f3 que en 2024 se dar\u00e1 prioridad a la asignaci\u00f3n de un mayor presupuesto para la seguridad p\u00fablica. Se contempla un incremento del 10 al 15% en comparaci\u00f3n con el a\u00f1o anterior.<\/p>\n","protected":false},"author":3,"featured_media":12021,"comment_status":"open","ping_status":"open","sticky":false,"template":"","format":"standard","meta":{"footnotes":""},"categories":[42,58],"tags":[435,661,3517,266],"class_list":["post-12020","post","type-post","status-publish","format-standard","has-post-thumbnail","hentry","category-estado","category-ultima-hora","tag-justiciacivica","tag-mauriciokuri","tag-presupuestoseguridad","tag-seguridadqueretaro"],"yoast_head":"<!-- This site is optimized with the Yoast SEO plugin v25.0 - https:\/\/yoast.com\/wordpress\/plugins\/seo\/ -->\n<title>Kuri aumenta presupuesto de seguridad para 2025 | Nexo Informativo Santiago de Quer\u00e9taro<\/title>\n<meta name=\"description\" content=\"Kuri aumenta presupuesto de seguridad para 2025\" \/>\n<meta name=\"robots\" content=\"index, follow, max-snippet:-1, max-image-preview:large, max-video-preview:-1\" \/>\n<link rel=\"canonical\" href=\"https:\/\/www.nexoinformativo.mx\/index.php\/2025\/02\/24\/kuri-aumenta-presupuesto-de-seguridad-para-2025\/\" \/>\n<meta property=\"og:locale\" content=\"es_MX\" \/>\n<meta property=\"og:type\" content=\"article\" \/>\n<meta property=\"og:title\" content=\"Kuri aumenta presupuesto de seguridad para 2025 | Nexo Informativo Santiago de Quer\u00e9taro\" \/>\n<meta property=\"og:description\" content=\"Kuri aumenta presupuesto de seguridad para 2025\" \/>\n<meta property=\"og:url\" content=\"https:\/\/www.nexoinformativo.mx\/index.php\/2025\/02\/24\/kuri-aumenta-presupuesto-de-seguridad-para-2025\/\" \/>\n<meta property=\"og:site_name\" content=\"Nexo Informativo Santiago de Quer\u00e9taro\" \/>\n<meta property=\"article:publisher\" content=\"https:\/\/www.facebook.com\/people\/Nexo-Informativo\/61564066885511\/\" \/>\n<meta property=\"article:published_time\" content=\"2025-02-24T23:00:42+00:00\" \/>\n<meta property=\"article:modified_time\" content=\"2025-02-25T03:48:03+00:00\" \/>\n<meta property=\"og:image\" content=\"https:\/\/www.nexoinformativo.mx\/wp-content\/uploads\/2025\/02\/cca8dec7-3f6e-4b80-bc63-0b1d8f13d901-e1740455231783.jpg\" \/>\n\t<meta property=\"og:image:width\" content=\"800\" \/>\n\t<meta property=\"og:image:height\" content=\"534\" \/>\n\t<meta property=\"og:image:type\" content=\"image\/jpeg\" \/>\n<meta name=\"author\" content=\"Nexo Informativo\" \/>\n<meta name=\"twitter:card\" content=\"summary_large_image\" \/>\n<meta name=\"twitter:label1\" content=\"Escrito por\" \/>\n\t<meta name=\"twitter:data1\" content=\"Nexo Informativo\" \/>\n\t<meta name=\"twitter:label2\" content=\"Tiempo de lectura\" \/>\n\t<meta name=\"twitter:data2\" content=\"1 minuto\" \/>\n<script type=\"application\/ld+json\" class=\"yoast-schema-graph\">{\"@context\":\"https:\/\/schema.org\",\"@graph\":[{\"@type\":\"Article\",\"@id\":\"https:\/\/www.nexoinformativo.mx\/index.php\/2025\/02\/24\/kuri-aumenta-presupuesto-de-seguridad-para-2025\/#article\",\"isPartOf\":{\"@id\":\"https:\/\/www.nexoinformativo.mx\/index.php\/2025\/02\/24\/kuri-aumenta-presupuesto-de-seguridad-para-2025\/\"},\"author\":{\"name\":\"Nexo Informativo\",\"@id\":\"https:\/\/www.nexoinformativo.mx\/#\/schema\/person\/7749d380ba08c8ca00d7bc76fd907b7d\"},\"headline\":\"Kuri aumenta presupuesto de seguridad para 2025\",\"datePublished\":\"2025-02-24T23:00:42+00:00\",\"dateModified\":\"2025-02-25T03:48:03+00:00\",\"mainEntityOfPage\":{\"@id\":\"https:\/\/www.nexoinformativo.mx\/index.php\/2025\/02\/24\/kuri-aumenta-presupuesto-de-seguridad-para-2025\/\"},\"wordCount\":169,\"commentCount\":0,\"publisher\":{\"@id\":\"https:\/\/www.nexoinformativo.mx\/#organization\"},\"image\":{\"@id\":\"https:\/\/www.nexoinformativo.mx\/index.php\/2025\/02\/24\/kuri-aumenta-presupuesto-de-seguridad-para-2025\/#primaryimage\"},\"thumbnailUrl\":\"https:\/\/www.nexoinformativo.mx\/wp-content\/uploads\/2025\/02\/cca8dec7-3f6e-4b80-bc63-0b1d8f13d901-e1740455231783.jpg\",\"keywords\":[\"JusticiaC\u00edvica\",\"MauricioKuri\",\"PresupuestoSeguridad\",\"SeguridadQueretaro\"],\"articleSection\":[\"Estado\",\"\u00daltima Hora\"],\"inLanguage\":\"es\",\"potentialAction\":[{\"@type\":\"CommentAction\",\"name\":\"Comment\",\"target\":[\"https:\/\/www.nexoinformativo.mx\/index.php\/2025\/02\/24\/kuri-aumenta-presupuesto-de-seguridad-para-2025\/#respond\"]}]},{\"@type\":\"WebPage\",\"@id\":\"https:\/\/www.nexoinformativo.mx\/index.php\/2025\/02\/24\/kuri-aumenta-presupuesto-de-seguridad-para-2025\/\",\"url\":\"https:\/\/www.nexoinformativo.mx\/index.php\/2025\/02\/24\/kuri-aumenta-presupuesto-de-seguridad-para-2025\/\",\"name\":\"Kuri aumenta presupuesto de seguridad para 2025 | Nexo Informativo Santiago de Quer\u00e9taro\",\"isPartOf\":{\"@id\":\"https:\/\/www.nexoinformativo.mx\/#website\"},\"primaryImageOfPage\":{\"@id\":\"https:\/\/www.nexoinformativo.mx\/index.php\/2025\/02\/24\/kuri-aumenta-presupuesto-de-seguridad-para-2025\/#primaryimage\"},\"image\":{\"@id\":\"https:\/\/www.nexoinformativo.mx\/index.php\/2025\/02\/24\/kuri-aumenta-presupuesto-de-seguridad-para-2025\/#primaryimage\"},\"thumbnailUrl\":\"https:\/\/www.nexoinformativo.mx\/wp-content\/uploads\/2025\/02\/cca8dec7-3f6e-4b80-bc63-0b1d8f13d901-e1740455231783.jpg\",\"datePublished\":\"2025-02-24T23:00:42+00:00\",\"dateModified\":\"2025-02-25T03:48:03+00:00\",\"description\":\"Kuri aumenta presupuesto de seguridad para 2025\",\"breadcrumb\":{\"@id\":\"https:\/\/www.nexoinformativo.mx\/index.php\/2025\/02\/24\/kuri-aumenta-presupuesto-de-seguridad-para-2025\/#breadcrumb\"},\"inLanguage\":\"es\",\"potentialAction\":[{\"@type\":\"ReadAction\",\"target\":[\"https:\/\/www.nexoinformativo.mx\/index.php\/2025\/02\/24\/kuri-aumenta-presupuesto-de-seguridad-para-2025\/\"]}]},{\"@type\":\"ImageObject\",\"inLanguage\":\"es\",\"@id\":\"https:\/\/www.nexoinformativo.mx\/index.php\/2025\/02\/24\/kuri-aumenta-presupuesto-de-seguridad-para-2025\/#primaryimage\",\"url\":\"https:\/\/www.nexoinformativo.mx\/wp-content\/uploads\/2025\/02\/cca8dec7-3f6e-4b80-bc63-0b1d8f13d901-e1740455231783.jpg\",\"contentUrl\":\"https:\/\/www.nexoinformativo.mx\/wp-content\/uploads\/2025\/02\/cca8dec7-3f6e-4b80-bc63-0b1d8f13d901-e1740455231783.jpg\",\"width\":800,\"height\":534},{\"@type\":\"BreadcrumbList\",\"@id\":\"https:\/\/www.nexoinformativo.mx\/index.php\/2025\/02\/24\/kuri-aumenta-presupuesto-de-seguridad-para-2025\/#breadcrumb\",\"itemListElement\":[{\"@type\":\"ListItem\",\"position\":1,\"name\":\"Inicio\",\"item\":\"https:\/\/www.nexoinformativo.mx\/\"},{\"@type\":\"ListItem\",\"position\":2,\"name\":\"Kuri aumenta presupuesto de seguridad para 2025\"}]},{\"@type\":\"WebSite\",\"@id\":\"https:\/\/www.nexoinformativo.mx\/#website\",\"url\":\"https:\/\/www.nexoinformativo.mx\/\",\"name\":\"Nexo Informativo Santiago de Quer\u00e9taro\",\"description\":\"Explora NexoInformativo y convi\u00e9rtete en parte de una comunidad que valora el conocimiento y la verdad. Tu nexoinformativo es tu puente hacia una comprensi\u00f3n m\u00e1s profunda del mundo que te rodea.\",\"publisher\":{\"@id\":\"https:\/\/www.nexoinformativo.mx\/#organization\"},\"potentialAction\":[{\"@type\":\"SearchAction\",\"target\":{\"@type\":\"EntryPoint\",\"urlTemplate\":\"https:\/\/www.nexoinformativo.mx\/?s={search_term_string}\"},\"query-input\":{\"@type\":\"PropertyValueSpecification\",\"valueRequired\":true,\"valueName\":\"search_term_string\"}}],\"inLanguage\":\"es\"},{\"@type\":\"Organization\",\"@id\":\"https:\/\/www.nexoinformativo.mx\/#organization\",\"name\":\"Nexo Informativo Santiago de Quer\u00e9taro\",\"url\":\"https:\/\/www.nexoinformativo.mx\/\",\"logo\":{\"@type\":\"ImageObject\",\"inLanguage\":\"es\",\"@id\":\"https:\/\/www.nexoinformativo.mx\/#\/schema\/logo\/image\/\",\"url\":\"https:\/\/www.nexoinformativo.mx\/wp-content\/uploads\/2024\/07\/nexoi-trasparente-2.png\",\"contentUrl\":\"https:\/\/www.nexoinformativo.mx\/wp-content\/uploads\/2024\/07\/nexoi-trasparente-2.png\",\"width\":816,\"height\":339,\"caption\":\"Nexo Informativo Santiago de Quer\u00e9taro\"},\"image\":{\"@id\":\"https:\/\/www.nexoinformativo.mx\/#\/schema\/logo\/image\/\"},\"sameAs\":[\"https:\/\/www.facebook.com\/people\/Nexo-Informativo\/61564066885511\/\"]},{\"@type\":\"Person\",\"@id\":\"https:\/\/www.nexoinformativo.mx\/#\/schema\/person\/7749d380ba08c8ca00d7bc76fd907b7d\",\"name\":\"Nexo Informativo\",\"image\":{\"@type\":\"ImageObject\",\"inLanguage\":\"es\",\"@id\":\"https:\/\/www.nexoinformativo.mx\/#\/schema\/person\/image\/\",\"url\":\"https:\/\/secure.gravatar.com\/avatar\/dde2928154642a13d95f87ddf1ea9718fe2b46760a005c53e41ff5ad610704e6?s=96&d=mm&r=g\",\"contentUrl\":\"https:\/\/secure.gravatar.com\/avatar\/dde2928154642a13d95f87ddf1ea9718fe2b46760a005c53e41ff5ad610704e6?s=96&d=mm&r=g\",\"caption\":\"Nexo Informativo\"},\"url\":\"https:\/\/www.nexoinformativo.mx\/index.php\/author\/edicion\/\"}]}<\/script>\n<!-- \/ Yoast SEO plugin. -->","yoast_head_json":{"title":"Kuri aumenta presupuesto de seguridad para 2025 | Nexo Informativo Santiago de Quer\u00e9taro","description":"Kuri aumenta presupuesto de seguridad para 2025","robots":{"index":"index","follow":"follow","max-snippet":"max-snippet:-1","max-image-preview":"max-image-preview:large","max-video-preview":"max-video-preview:-1"},"canonical":"https:\/\/www.nexoinformativo.mx\/index.php\/2025\/02\/24\/kuri-aumenta-presupuesto-de-seguridad-para-2025\/","og_locale":"es_MX","og_type":"article","og_title":"Kuri aumenta presupuesto de seguridad para 2025 | Nexo Informativo Santiago de Quer\u00e9taro","og_description":"Kuri aumenta presupuesto de seguridad para 2025","og_url":"https:\/\/www.nexoinformativo.mx\/index.php\/2025\/02\/24\/kuri-aumenta-presupuesto-de-seguridad-para-2025\/","og_site_name":"Nexo Informativo Santiago de Quer\u00e9taro","article_publisher":"https:\/\/www.facebook.com\/people\/Nexo-Informativo\/61564066885511\/","article_published_time":"2025-02-24T23:00:42+00:00","article_modified_time":"2025-02-25T03:48:03+00:00","og_image":[{"width":800,"height":534,"url":"https:\/\/www.nexoinformativo.mx\/wp-content\/uploads\/2025\/02\/cca8dec7-3f6e-4b80-bc63-0b1d8f13d901-e1740455231783.jpg","type":"image\/jpeg"}],"author":"Nexo Informativo","twitter_card":"summary_large_image","twitter_misc":{"Escrito por":"Nexo Informativo","Tiempo de lectura":"1 minuto"},"schema":{"@context":"https:\/\/schema.org","@graph":[{"@type":"Article","@id":"https:\/\/www.nexoinformativo.mx\/index.php\/2025\/02\/24\/kuri-aumenta-presupuesto-de-seguridad-para-2025\/#article","isPartOf":{"@id":"https:\/\/www.nexoinformativo.mx\/index.php\/2025\/02\/24\/kuri-aumenta-presupuesto-de-seguridad-para-2025\/"},"author":{"name":"Nexo Informativo","@id":"https:\/\/www.nexoinformativo.mx\/#\/schema\/person\/7749d380ba08c8ca00d7bc76fd907b7d"},"headline":"Kuri aumenta presupuesto de seguridad para 2025","datePublished":"2025-02-24T23:00:42+00:00","dateModified":"2025-02-25T03:48:03+00:00","mainEntityOfPage":{"@id":"https:\/\/www.nexoinformativo.mx\/index.php\/2025\/02\/24\/kuri-aumenta-presupuesto-de-seguridad-para-2025\/"},"wordCount":169,"commentCount":0,"publisher":{"@id":"https:\/\/www.nexoinformativo.mx\/#organization"},"image":{"@id":"https:\/\/www.nexoinformativo.mx\/index.php\/2025\/02\/24\/kuri-aumenta-presupuesto-de-seguridad-para-2025\/#primaryimage"},"thumbnailUrl":"https:\/\/www.nexoinformativo.mx\/wp-content\/uploads\/2025\/02\/cca8dec7-3f6e-4b80-bc63-0b1d8f13d901-e1740455231783.jpg","keywords":["JusticiaC\u00edvica","MauricioKuri","PresupuestoSeguridad","SeguridadQueretaro"],"articleSection":["Estado","\u00daltima Hora"],"inLanguage":"es","potentialAction":[{"@type":"CommentAction","name":"Comment","target":["https:\/\/www.nexoinformativo.mx\/index.php\/2025\/02\/24\/kuri-aumenta-presupuesto-de-seguridad-para-2025\/#respond"]}]},{"@type":"WebPage","@id":"https:\/\/www.nexoinformativo.mx\/index.php\/2025\/02\/24\/kuri-aumenta-presupuesto-de-seguridad-para-2025\/","url":"https:\/\/www.nexoinformativo.mx\/index.php\/2025\/02\/24\/kuri-aumenta-presupuesto-de-seguridad-para-2025\/","name":"Kuri aumenta presupuesto de seguridad para 2025 | Nexo Informativo Santiago de Quer\u00e9taro","isPartOf":{"@id":"https:\/\/www.nexoinformativo.mx\/#website"},"primaryImageOfPage":{"@id":"https:\/\/www.nexoinformativo.mx\/index.php\/2025\/02\/24\/kuri-aumenta-presupuesto-de-seguridad-para-2025\/#primaryimage"},"image":{"@id":"https:\/\/www.nexoinformativo.mx\/index.php\/2025\/02\/24\/kuri-aumenta-presupuesto-de-seguridad-para-2025\/#primaryimage"},"thumbnailUrl":"https:\/\/www.nexoinformativo.mx\/wp-content\/uploads\/2025\/02\/cca8dec7-3f6e-4b80-bc63-0b1d8f13d901-e1740455231783.jpg","datePublished":"2025-02-24T23:00:42+00:00","dateModified":"2025-02-25T03:48:03+00:00","description":"Kuri aumenta presupuesto de seguridad para 2025","breadcrumb":{"@id":"https:\/\/www.nexoinformativo.mx\/index.php\/2025\/02\/24\/kuri-aumenta-presupuesto-de-seguridad-para-2025\/#breadcrumb"},"inLanguage":"es","potentialAction":[{"@type":"ReadAction","target":["https:\/\/www.nexoinformativo.mx\/index.php\/2025\/02\/24\/kuri-aumenta-presupuesto-de-seguridad-para-2025\/"]}]},{"@type":"ImageObject","inLanguage":"es","@id":"https:\/\/www.nexoinformativo.mx\/index.php\/2025\/02\/24\/kuri-aumenta-presupuesto-de-seguridad-para-2025\/#primaryimage","url":"https:\/\/www.nexoinformativo.mx\/wp-content\/uploads\/2025\/02\/cca8dec7-3f6e-4b80-bc63-0b1d8f13d901-e1740455231783.jpg","contentUrl":"https:\/\/www.nexoinformativo.mx\/wp-content\/uploads\/2025\/02\/cca8dec7-3f6e-4b80-bc63-0b1d8f13d901-e1740455231783.jpg","width":800,"height":534},{"@type":"BreadcrumbList","@id":"https:\/\/www.nexoinformativo.mx\/index.php\/2025\/02\/24\/kuri-aumenta-presupuesto-de-seguridad-para-2025\/#breadcrumb","itemListElement":[{"@type":"ListItem","position":1,"name":"Inicio","item":"https:\/\/www.nexoinformativo.mx\/"},{"@type":"ListItem","position":2,"name":"Kuri aumenta presupuesto de seguridad para 2025"}]},{"@type":"WebSite","@id":"https:\/\/www.nexoinformativo.mx\/#website","url":"https:\/\/www.nexoinformativo.mx\/","name":"Nexo Informativo Santiago de Quer\u00e9taro","description":"Explora NexoInformativo y convi\u00e9rtete en parte de una comunidad que valora el conocimiento y la verdad. Tu nexoinformativo es tu puente hacia una comprensi\u00f3n m\u00e1s profunda del mundo que te rodea.","publisher":{"@id":"https:\/\/www.nexoinformativo.mx\/#organization"},"potentialAction":[{"@type":"SearchAction","target":{"@type":"EntryPoint","urlTemplate":"https:\/\/www.nexoinformativo.mx\/?s={search_term_string}"},"query-input":{"@type":"PropertyValueSpecification","valueRequired":true,"valueName":"search_term_string"}}],"inLanguage":"es"},{"@type":"Organization","@id":"https:\/\/www.nexoinformativo.mx\/#organization","name":"Nexo Informativo Santiago de Quer\u00e9taro","url":"https:\/\/www.nexoinformativo.mx\/","logo":{"@type":"ImageObject","inLanguage":"es","@id":"https:\/\/www.nexoinformativo.mx\/#\/schema\/logo\/image\/","url":"https:\/\/www.nexoinformativo.mx\/wp-content\/uploads\/2024\/07\/nexoi-trasparente-2.png","contentUrl":"https:\/\/www.nexoinformativo.mx\/wp-content\/uploads\/2024\/07\/nexoi-trasparente-2.png","width":816,"height":339,"caption":"Nexo Informativo Santiago de Quer\u00e9taro"},"image":{"@id":"https:\/\/www.nexoinformativo.mx\/#\/schema\/logo\/image\/"},"sameAs":["https:\/\/www.facebook.com\/people\/Nexo-Informativo\/61564066885511\/"]},{"@type":"Person","@id":"https:\/\/www.nexoinformativo.mx\/#\/schema\/person\/7749d380ba08c8ca00d7bc76fd907b7d","name":"Nexo Informativo","image":{"@type":"ImageObject","inLanguage":"es","@id":"https:\/\/www.nexoinformativo.mx\/#\/schema\/person\/image\/","url":"https:\/\/secure.gravatar.com\/avatar\/dde2928154642a13d95f87ddf1ea9718fe2b46760a005c53e41ff5ad610704e6?s=96&d=mm&r=g","contentUrl":"https:\/\/secure.gravatar.com\/avatar\/dde2928154642a13d95f87ddf1ea9718fe2b46760a005c53e41ff5ad610704e6?s=96&d=mm&r=g","caption":"Nexo Informativo"},"url":"https:\/\/www.nexoinformativo.mx\/index.php\/author\/edicion\/"}]}},"_links":{"self":[{"href":"https:\/\/www.nexoinformativo.mx\/index.php\/wp-json\/wp\/v2\/posts\/12020","targetHints":{"allow":["GET"]}}],"collection":[{"href":"https:\/\/www.nexoinformativo.mx\/index.php\/wp-json\/wp\/v2\/posts"}],"about":[{"href":"https:\/\/www.nexoinformativo.mx\/index.php\/wp-json\/wp\/v2\/types\/post"}],"author":[{"embeddable":true,"href":"https:\/\/www.nexoinformativo.mx\/index.php\/wp-json\/wp\/v2\/users\/3"}],"replies":[{"embeddable":true,"href":"https:\/\/www.nexoinformativo.mx\/index.php\/wp-json\/wp\/v2\/comments?post=12020"}],"version-history":[{"count":4,"href":"https:\/\/www.nexoinformativo.mx\/index.php\/wp-json\/wp\/v2\/posts\/12020\/revisions"}],"predecessor-version":[{"id":12024,"href":"https:\/\/www.nexoinformativo.mx\/index.php\/wp-json\/wp\/v2\/posts\/12020\/revisions\/12024"}],"wp:featuredmedia":[{"embeddable":true,"href":"https:\/\/www.nexoinformativo.mx\/index.php\/wp-json\/wp\/v2\/media\/12021"}],"wp:attachment":[{"href":"https:\/\/www.nexoinformativo.mx\/index.php\/wp-json\/wp\/v2\/media?parent=12020"}],"wp:term":[{"taxonomy":"category","embeddable":true,"href":"https:\/\/www.nexoinformativo.mx\/index.php\/wp-json\/wp\/v2\/categories?post=12020"},{"taxonomy":"post_tag","embeddable":true,"href":"https:\/\/www.nexoinformativo.mx\/index.php\/wp-json\/wp\/v2\/tags?post=12020"}],"curies":[{"name":"wp","href":"https:\/\/api.w.org\/{rel}","templated":true}]}}