{"id":12026,"date":"2025-02-25T07:00:36","date_gmt":"2025-02-25T13:00:36","guid":{"rendered":"https:\/\/www.nexoinformativo.mx\/?p=12026"},"modified":"2025-02-25T12:31:56","modified_gmt":"2025-02-25T18:31:56","slug":"protegiendo-el-futuro-queretaro-toma-accion-contra-los-riesgos-de-las-redes-sociales-en-ninos-y-adolescentes","status":"publish","type":"post","link":"https:\/\/www.nexoinformativo.mx\/index.php\/2025\/02\/25\/protegiendo-el-futuro-queretaro-toma-accion-contra-los-riesgos-de-las-redes-sociales-en-ninos-y-adolescentes\/","title":{"rendered":"&#8220;Protegiendo el Futuro&#8221; Quer\u00e9taro toma acci\u00f3n contra los riesgos de las redes sociales en ni\u00f1os y adolescentes"},"content":{"rendered":"<p style=\"text-align: justify;\" data-sourcepos=\"11:1-11:429\">El gobernador Mauricio Kuri encabez\u00f3 el dia de ayer el evento <strong>&#8220;Protegiendo el Futuro: Unidos por Nuestras Ni\u00f1as, Ni\u00f1os y Adolescentes&#8221;<\/strong>, donde se present\u00f3 la iniciativa para regular el acceso de menores de edad a las redes sociales.<\/p>\n<\/p>\n<p>&nbsp;<\/p>\n<p style=\"text-align: justify;\" data-sourcepos=\"11:1-11:429\">El evento reuni\u00f3 a j\u00f3venes, padres, maestros, legisladores y sociedad civil, en un esfuerzo conjunto para proteger a la infancia y adolescencia de los riesgos digitales.<\/p>\n<\/p>\n<p>&nbsp;<\/p>\n<p style=\"text-align: justify;\" data-sourcepos=\"13:1-13:455\">La secretaria de la Juventud, Virginia Hern\u00e1ndez V\u00e1zquez, destac\u00f3 que esta iniciativa busca generar un debate nacional sobre la seguridad en l\u00ednea de los menores. Inform\u00f3 que los j\u00f3venes pasan m\u00e1s de cinco horas al d\u00eda en redes sociales, y que M\u00e9xico ocupa el primer lugar mundial en bullying.<\/p>\n<\/p>\n<p>&nbsp;<\/p>\n<p style=\"text-align: justify;\" data-sourcepos=\"13:1-13:455\">Adem\u00e1s, se\u00f1al\u00f3 que el contacto con la pornograf\u00eda inicia entre los 9 y 12 a\u00f1os, y que el 62% de las v\u00edctimas de trata son contactadas a trav\u00e9s de redes sociales.<\/p>\n<\/p>\n<p>&nbsp;<\/p>\n<p style=\"text-align: justify;\" data-sourcepos=\"15:1-15:264\">Hern\u00e1ndez V\u00e1zquez aclar\u00f3 que la iniciativa no busca prohibir el uso de redes sociales, sino proteger a los menores. Se propone que los menores de 14 a\u00f1os no accedan a estas plataformas, y que los adolescentes de 15 a 17 a\u00f1os lo hagan con supervisi\u00f3n de sus padres.<\/p>\n<\/p>\n<p>&nbsp;<\/p>\n<p style=\"text-align: justify;\" data-sourcepos=\"17:1-17:214\">Josefina V\u00e1zquez Mota, Fernando Landeros Verdugo y Luz Sof\u00eda Flores Ram\u00edrez, tambi\u00e9n participaron en el evento, respaldando la iniciativa y destacando la importancia de proteger a los menores en el entorno digital.<\/p>\n<\/p>\n<p>&nbsp;<\/p>\n<p style=\"text-align: center;\" data-sourcepos=\"17:1-17:214\"><em><strong>\u00a1Informaci\u00f3n que transforma!<\/strong><\/em><\/p>\n","protected":false},"excerpt":{"rendered":"<p>El gobernador Mauricio Kuri encabez\u00f3 el dia de ayer el evento &#8220;Protegiendo el Futuro: Unidos por Nuestras Ni\u00f1as, Ni\u00f1os y Adolescentes&#8221;, donde se present\u00f3 la iniciativa para regular el acceso de menores de edad a las redes sociales.<\/p>\n<p>El evento reuni\u00f3 a j\u00f3venes, padres, maestros, legisladores y sociedad civil, en un esfuerzo conjunto para proteger a la infancia y adolescencia de los riesgos digitales.<\/p>\n<p>La secretaria de la Juventud, Virginia Hern\u00e1ndez V\u00e1zquez, destac\u00f3 que esta iniciativa busca generar un debate nacional sobre la seguridad en l\u00ednea de los menores. Inform\u00f3 que los j\u00f3venes pasan m\u00e1s de cinco horas al d\u00eda en redes sociales, y que M\u00e9xico ocupa el primer lugar mundial en bullying.<\/p>\n<p>Adem\u00e1s, se\u00f1al\u00f3 que el contacto con la pornograf\u00eda inicia entre los 9 y 12 a\u00f1os, y que el 62% de las v\u00edctimas de trata son contactadas a trav\u00e9s de redes sociales.<\/p>\n<p>Hern\u00e1ndez V\u00e1zquez aclar\u00f3 que la iniciativa no busca prohibir el uso de redes sociales, sino proteger a los menores. Se propone que los menores de 14 a\u00f1os no accedan a estas plataformas, y que los adolescentes de 15 a 17 a\u00f1os lo hagan con supervisi\u00f3n de sus padres.<\/p>\n<p>Josefina V\u00e1zquez Mota, Fernando Landeros Verdugo y Luz Sof\u00eda Flores Ram\u00edrez, tambi\u00e9n participaron en el evento, respaldando la iniciativa y destacando la importancia de proteger a los menores en el entorno digital.<\/p>\n","protected":false},"author":3,"featured_media":12028,"comment_status":"open","ping_status":"open","sticky":false,"template":"","format":"standard","meta":{"footnotes":""},"categories":[42,58],"tags":[3469,242,3518,2639],"class_list":["post-12026","post","type-post","status-publish","format-standard","has-post-thumbnail","hentry","category-estado","category-ultima-hora","tag-proteccioninfancia","tag-queretaroseguro","tag-redessocialesresponsables","tag-seguridaddigital"],"yoast_head":"<!-- This site is optimized with the Yoast SEO plugin v25.0 - https:\/\/yoast.com\/wordpress\/plugins\/seo\/ -->\n<title>&quot;Protegiendo el Futuro&quot; Quer\u00e9taro toma acci\u00f3n contra los riesgos de las redes sociales en ni\u00f1os y adolescentes | Nexo Informativo Santiago de Quer\u00e9taro<\/title>\n<meta name=\"description\" content=\"&quot;Protegiendo el Futuro&quot; Quer\u00e9taro toma acci\u00f3n contra los riesgos de las redes sociales en ni\u00f1os y adolescentes\" \/>\n<meta name=\"robots\" content=\"index, follow, max-snippet:-1, max-image-preview:large, max-video-preview:-1\" \/>\n<link rel=\"canonical\" href=\"https:\/\/www.nexoinformativo.mx\/index.php\/2025\/02\/25\/protegiendo-el-futuro-queretaro-toma-accion-contra-los-riesgos-de-las-redes-sociales-en-ninos-y-adolescentes\/\" \/>\n<meta property=\"og:locale\" content=\"es_MX\" \/>\n<meta property=\"og:type\" content=\"article\" \/>\n<meta property=\"og:title\" content=\"&quot;Protegiendo el Futuro&quot; Quer\u00e9taro toma acci\u00f3n contra los riesgos de las redes sociales en ni\u00f1os y adolescentes | Nexo Informativo Santiago de Quer\u00e9taro\" \/>\n<meta property=\"og:description\" content=\"&quot;Protegiendo el Futuro&quot; Quer\u00e9taro toma acci\u00f3n contra los riesgos de las redes sociales en ni\u00f1os y adolescentes\" \/>\n<meta property=\"og:url\" content=\"https:\/\/www.nexoinformativo.mx\/index.php\/2025\/02\/25\/protegiendo-el-futuro-queretaro-toma-accion-contra-los-riesgos-de-las-redes-sociales-en-ninos-y-adolescentes\/\" \/>\n<meta property=\"og:site_name\" content=\"Nexo Informativo Santiago de Quer\u00e9taro\" \/>\n<meta property=\"article:publisher\" content=\"https:\/\/www.facebook.com\/people\/Nexo-Informativo\/61564066885511\/\" \/>\n<meta property=\"article:published_time\" content=\"2025-02-25T13:00:36+00:00\" \/>\n<meta property=\"article:modified_time\" content=\"2025-02-25T18:31:56+00:00\" \/>\n<meta property=\"og:image\" content=\"https:\/\/www.nexoinformativo.mx\/wp-content\/uploads\/2025\/02\/PHOTO-2025-02-25-09-31-48-e1740508286342.jpg\" \/>\n\t<meta property=\"og:image:width\" content=\"800\" \/>\n\t<meta property=\"og:image:height\" content=\"534\" \/>\n\t<meta property=\"og:image:type\" content=\"image\/jpeg\" \/>\n<meta name=\"author\" content=\"Nexo Informativo\" \/>\n<meta name=\"twitter:card\" content=\"summary_large_image\" \/>\n<meta name=\"twitter:label1\" content=\"Escrito por\" \/>\n\t<meta name=\"twitter:data1\" content=\"Nexo Informativo\" \/>\n\t<meta name=\"twitter:label2\" content=\"Tiempo de lectura\" \/>\n\t<meta name=\"twitter:data2\" content=\"2 minutos\" \/>\n<script type=\"application\/ld+json\" class=\"yoast-schema-graph\">{\"@context\":\"https:\/\/schema.org\",\"@graph\":[{\"@type\":\"Article\",\"@id\":\"https:\/\/www.nexoinformativo.mx\/index.php\/2025\/02\/25\/protegiendo-el-futuro-queretaro-toma-accion-contra-los-riesgos-de-las-redes-sociales-en-ninos-y-adolescentes\/#article\",\"isPartOf\":{\"@id\":\"https:\/\/www.nexoinformativo.mx\/index.php\/2025\/02\/25\/protegiendo-el-futuro-queretaro-toma-accion-contra-los-riesgos-de-las-redes-sociales-en-ninos-y-adolescentes\/\"},\"author\":{\"name\":\"Nexo Informativo\",\"@id\":\"https:\/\/www.nexoinformativo.mx\/#\/schema\/person\/7749d380ba08c8ca00d7bc76fd907b7d\"},\"headline\":\"&#8220;Protegiendo el Futuro&#8221; Quer\u00e9taro toma acci\u00f3n contra los riesgos de las redes sociales en ni\u00f1os y adolescentes\",\"datePublished\":\"2025-02-25T13:00:36+00:00\",\"dateModified\":\"2025-02-25T18:31:56+00:00\",\"mainEntityOfPage\":{\"@id\":\"https:\/\/www.nexoinformativo.mx\/index.php\/2025\/02\/25\/protegiendo-el-futuro-queretaro-toma-accion-contra-los-riesgos-de-las-redes-sociales-en-ninos-y-adolescentes\/\"},\"wordCount\":273,\"commentCount\":0,\"publisher\":{\"@id\":\"https:\/\/www.nexoinformativo.mx\/#organization\"},\"image\":{\"@id\":\"https:\/\/www.nexoinformativo.mx\/index.php\/2025\/02\/25\/protegiendo-el-futuro-queretaro-toma-accion-contra-los-riesgos-de-las-redes-sociales-en-ninos-y-adolescentes\/#primaryimage\"},\"thumbnailUrl\":\"https:\/\/www.nexoinformativo.mx\/wp-content\/uploads\/2025\/02\/PHOTO-2025-02-25-09-31-48-e1740508286342.jpg\",\"keywords\":[\"Protecci\u00f3nInfancia\",\"QueretaroSeguro\",\"RedesSocialesResponsables\",\"SeguridadDigital\"],\"articleSection\":[\"Estado\",\"\u00daltima Hora\"],\"inLanguage\":\"es\",\"potentialAction\":[{\"@type\":\"CommentAction\",\"name\":\"Comment\",\"target\":[\"https:\/\/www.nexoinformativo.mx\/index.php\/2025\/02\/25\/protegiendo-el-futuro-queretaro-toma-accion-contra-los-riesgos-de-las-redes-sociales-en-ninos-y-adolescentes\/#respond\"]}]},{\"@type\":\"WebPage\",\"@id\":\"https:\/\/www.nexoinformativo.mx\/index.php\/2025\/02\/25\/protegiendo-el-futuro-queretaro-toma-accion-contra-los-riesgos-de-las-redes-sociales-en-ninos-y-adolescentes\/\",\"url\":\"https:\/\/www.nexoinformativo.mx\/index.php\/2025\/02\/25\/protegiendo-el-futuro-queretaro-toma-accion-contra-los-riesgos-de-las-redes-sociales-en-ninos-y-adolescentes\/\",\"name\":\"\\\"Protegiendo el Futuro\\\" Quer\u00e9taro toma acci\u00f3n contra los riesgos de las redes sociales en ni\u00f1os y adolescentes | Nexo Informativo Santiago de Quer\u00e9taro\",\"isPartOf\":{\"@id\":\"https:\/\/www.nexoinformativo.mx\/#website\"},\"primaryImageOfPage\":{\"@id\":\"https:\/\/www.nexoinformativo.mx\/index.php\/2025\/02\/25\/protegiendo-el-futuro-queretaro-toma-accion-contra-los-riesgos-de-las-redes-sociales-en-ninos-y-adolescentes\/#primaryimage\"},\"image\":{\"@id\":\"https:\/\/www.nexoinformativo.mx\/index.php\/2025\/02\/25\/protegiendo-el-futuro-queretaro-toma-accion-contra-los-riesgos-de-las-redes-sociales-en-ninos-y-adolescentes\/#primaryimage\"},\"thumbnailUrl\":\"https:\/\/www.nexoinformativo.mx\/wp-content\/uploads\/2025\/02\/PHOTO-2025-02-25-09-31-48-e1740508286342.jpg\",\"datePublished\":\"2025-02-25T13:00:36+00:00\",\"dateModified\":\"2025-02-25T18:31:56+00:00\",\"description\":\"\\\"Protegiendo el Futuro\\\" Quer\u00e9taro toma acci\u00f3n contra los riesgos de las redes sociales en ni\u00f1os y adolescentes\",\"breadcrumb\":{\"@id\":\"https:\/\/www.nexoinformativo.mx\/index.php\/2025\/02\/25\/protegiendo-el-futuro-queretaro-toma-accion-contra-los-riesgos-de-las-redes-sociales-en-ninos-y-adolescentes\/#breadcrumb\"},\"inLanguage\":\"es\",\"potentialAction\":[{\"@type\":\"ReadAction\",\"target\":[\"https:\/\/www.nexoinformativo.mx\/index.php\/2025\/02\/25\/protegiendo-el-futuro-queretaro-toma-accion-contra-los-riesgos-de-las-redes-sociales-en-ninos-y-adolescentes\/\"]}]},{\"@type\":\"ImageObject\",\"inLanguage\":\"es\",\"@id\":\"https:\/\/www.nexoinformativo.mx\/index.php\/2025\/02\/25\/protegiendo-el-futuro-queretaro-toma-accion-contra-los-riesgos-de-las-redes-sociales-en-ninos-y-adolescentes\/#primaryimage\",\"url\":\"https:\/\/www.nexoinformativo.mx\/wp-content\/uploads\/2025\/02\/PHOTO-2025-02-25-09-31-48-e1740508286342.jpg\",\"contentUrl\":\"https:\/\/www.nexoinformativo.mx\/wp-content\/uploads\/2025\/02\/PHOTO-2025-02-25-09-31-48-e1740508286342.jpg\",\"width\":800,\"height\":534},{\"@type\":\"BreadcrumbList\",\"@id\":\"https:\/\/www.nexoinformativo.mx\/index.php\/2025\/02\/25\/protegiendo-el-futuro-queretaro-toma-accion-contra-los-riesgos-de-las-redes-sociales-en-ninos-y-adolescentes\/#breadcrumb\",\"itemListElement\":[{\"@type\":\"ListItem\",\"position\":1,\"name\":\"Inicio\",\"item\":\"https:\/\/www.nexoinformativo.mx\/\"},{\"@type\":\"ListItem\",\"position\":2,\"name\":\"&#8220;Protegiendo el Futuro&#8221; Quer\u00e9taro toma acci\u00f3n contra los riesgos de las redes sociales en ni\u00f1os y adolescentes\"}]},{\"@type\":\"WebSite\",\"@id\":\"https:\/\/www.nexoinformativo.mx\/#website\",\"url\":\"https:\/\/www.nexoinformativo.mx\/\",\"name\":\"Nexo Informativo Santiago de Quer\u00e9taro\",\"description\":\"Explora NexoInformativo y convi\u00e9rtete en parte de una comunidad que valora el conocimiento y la verdad. Tu nexoinformativo es tu puente hacia una comprensi\u00f3n m\u00e1s profunda del mundo que te rodea.\",\"publisher\":{\"@id\":\"https:\/\/www.nexoinformativo.mx\/#organization\"},\"potentialAction\":[{\"@type\":\"SearchAction\",\"target\":{\"@type\":\"EntryPoint\",\"urlTemplate\":\"https:\/\/www.nexoinformativo.mx\/?s={search_term_string}\"},\"query-input\":{\"@type\":\"PropertyValueSpecification\",\"valueRequired\":true,\"valueName\":\"search_term_string\"}}],\"inLanguage\":\"es\"},{\"@type\":\"Organization\",\"@id\":\"https:\/\/www.nexoinformativo.mx\/#organization\",\"name\":\"Nexo Informativo Santiago de Quer\u00e9taro\",\"url\":\"https:\/\/www.nexoinformativo.mx\/\",\"logo\":{\"@type\":\"ImageObject\",\"inLanguage\":\"es\",\"@id\":\"https:\/\/www.nexoinformativo.mx\/#\/schema\/logo\/image\/\",\"url\":\"https:\/\/www.nexoinformativo.mx\/wp-content\/uploads\/2024\/07\/nexoi-trasparente-2.png\",\"contentUrl\":\"https:\/\/www.nexoinformativo.mx\/wp-content\/uploads\/2024\/07\/nexoi-trasparente-2.png\",\"width\":816,\"height\":339,\"caption\":\"Nexo Informativo Santiago de Quer\u00e9taro\"},\"image\":{\"@id\":\"https:\/\/www.nexoinformativo.mx\/#\/schema\/logo\/image\/\"},\"sameAs\":[\"https:\/\/www.facebook.com\/people\/Nexo-Informativo\/61564066885511\/\"]},{\"@type\":\"Person\",\"@id\":\"https:\/\/www.nexoinformativo.mx\/#\/schema\/person\/7749d380ba08c8ca00d7bc76fd907b7d\",\"name\":\"Nexo Informativo\",\"image\":{\"@type\":\"ImageObject\",\"inLanguage\":\"es\",\"@id\":\"https:\/\/www.nexoinformativo.mx\/#\/schema\/person\/image\/\",\"url\":\"https:\/\/secure.gravatar.com\/avatar\/dde2928154642a13d95f87ddf1ea9718fe2b46760a005c53e41ff5ad610704e6?s=96&d=mm&r=g\",\"contentUrl\":\"https:\/\/secure.gravatar.com\/avatar\/dde2928154642a13d95f87ddf1ea9718fe2b46760a005c53e41ff5ad610704e6?s=96&d=mm&r=g\",\"caption\":\"Nexo Informativo\"},\"url\":\"https:\/\/www.nexoinformativo.mx\/index.php\/author\/edicion\/\"}]}<\/script>\n<!-- \/ Yoast SEO plugin. -->","yoast_head_json":{"title":"\"Protegiendo el Futuro\" Quer\u00e9taro toma acci\u00f3n contra los riesgos de las redes sociales en ni\u00f1os y adolescentes | Nexo Informativo Santiago de Quer\u00e9taro","description":"\"Protegiendo el Futuro\" Quer\u00e9taro toma acci\u00f3n contra los riesgos de las redes sociales en ni\u00f1os y adolescentes","robots":{"index":"index","follow":"follow","max-snippet":"max-snippet:-1","max-image-preview":"max-image-preview:large","max-video-preview":"max-video-preview:-1"},"canonical":"https:\/\/www.nexoinformativo.mx\/index.php\/2025\/02\/25\/protegiendo-el-futuro-queretaro-toma-accion-contra-los-riesgos-de-las-redes-sociales-en-ninos-y-adolescentes\/","og_locale":"es_MX","og_type":"article","og_title":"\"Protegiendo el Futuro\" Quer\u00e9taro toma acci\u00f3n contra los riesgos de las redes sociales en ni\u00f1os y adolescentes | Nexo Informativo Santiago de Quer\u00e9taro","og_description":"\"Protegiendo el Futuro\" Quer\u00e9taro toma acci\u00f3n contra los riesgos de las redes sociales en ni\u00f1os y adolescentes","og_url":"https:\/\/www.nexoinformativo.mx\/index.php\/2025\/02\/25\/protegiendo-el-futuro-queretaro-toma-accion-contra-los-riesgos-de-las-redes-sociales-en-ninos-y-adolescentes\/","og_site_name":"Nexo Informativo Santiago de Quer\u00e9taro","article_publisher":"https:\/\/www.facebook.com\/people\/Nexo-Informativo\/61564066885511\/","article_published_time":"2025-02-25T13:00:36+00:00","article_modified_time":"2025-02-25T18:31:56+00:00","og_image":[{"width":800,"height":534,"url":"https:\/\/www.nexoinformativo.mx\/wp-content\/uploads\/2025\/02\/PHOTO-2025-02-25-09-31-48-e1740508286342.jpg","type":"image\/jpeg"}],"author":"Nexo Informativo","twitter_card":"summary_large_image","twitter_misc":{"Escrito por":"Nexo Informativo","Tiempo de lectura":"2 minutos"},"schema":{"@context":"https:\/\/schema.org","@graph":[{"@type":"Article","@id":"https:\/\/www.nexoinformativo.mx\/index.php\/2025\/02\/25\/protegiendo-el-futuro-queretaro-toma-accion-contra-los-riesgos-de-las-redes-sociales-en-ninos-y-adolescentes\/#article","isPartOf":{"@id":"https:\/\/www.nexoinformativo.mx\/index.php\/2025\/02\/25\/protegiendo-el-futuro-queretaro-toma-accion-contra-los-riesgos-de-las-redes-sociales-en-ninos-y-adolescentes\/"},"author":{"name":"Nexo Informativo","@id":"https:\/\/www.nexoinformativo.mx\/#\/schema\/person\/7749d380ba08c8ca00d7bc76fd907b7d"},"headline":"&#8220;Protegiendo el Futuro&#8221; Quer\u00e9taro toma acci\u00f3n contra los riesgos de las redes sociales en ni\u00f1os y adolescentes","datePublished":"2025-02-25T13:00:36+00:00","dateModified":"2025-02-25T18:31:56+00:00","mainEntityOfPage":{"@id":"https:\/\/www.nexoinformativo.mx\/index.php\/2025\/02\/25\/protegiendo-el-futuro-queretaro-toma-accion-contra-los-riesgos-de-las-redes-sociales-en-ninos-y-adolescentes\/"},"wordCount":273,"commentCount":0,"publisher":{"@id":"https:\/\/www.nexoinformativo.mx\/#organization"},"image":{"@id":"https:\/\/www.nexoinformativo.mx\/index.php\/2025\/02\/25\/protegiendo-el-futuro-queretaro-toma-accion-contra-los-riesgos-de-las-redes-sociales-en-ninos-y-adolescentes\/#primaryimage"},"thumbnailUrl":"https:\/\/www.nexoinformativo.mx\/wp-content\/uploads\/2025\/02\/PHOTO-2025-02-25-09-31-48-e1740508286342.jpg","keywords":["Protecci\u00f3nInfancia","QueretaroSeguro","RedesSocialesResponsables","SeguridadDigital"],"articleSection":["Estado","\u00daltima Hora"],"inLanguage":"es","potentialAction":[{"@type":"CommentAction","name":"Comment","target":["https:\/\/www.nexoinformativo.mx\/index.php\/2025\/02\/25\/protegiendo-el-futuro-queretaro-toma-accion-contra-los-riesgos-de-las-redes-sociales-en-ninos-y-adolescentes\/#respond"]}]},{"@type":"WebPage","@id":"https:\/\/www.nexoinformativo.mx\/index.php\/2025\/02\/25\/protegiendo-el-futuro-queretaro-toma-accion-contra-los-riesgos-de-las-redes-sociales-en-ninos-y-adolescentes\/","url":"https:\/\/www.nexoinformativo.mx\/index.php\/2025\/02\/25\/protegiendo-el-futuro-queretaro-toma-accion-contra-los-riesgos-de-las-redes-sociales-en-ninos-y-adolescentes\/","name":"\"Protegiendo el Futuro\" Quer\u00e9taro toma acci\u00f3n contra los riesgos de las redes sociales en ni\u00f1os y adolescentes | Nexo Informativo Santiago de Quer\u00e9taro","isPartOf":{"@id":"https:\/\/www.nexoinformativo.mx\/#website"},"primaryImageOfPage":{"@id":"https:\/\/www.nexoinformativo.mx\/index.php\/2025\/02\/25\/protegiendo-el-futuro-queretaro-toma-accion-contra-los-riesgos-de-las-redes-sociales-en-ninos-y-adolescentes\/#primaryimage"},"image":{"@id":"https:\/\/www.nexoinformativo.mx\/index.php\/2025\/02\/25\/protegiendo-el-futuro-queretaro-toma-accion-contra-los-riesgos-de-las-redes-sociales-en-ninos-y-adolescentes\/#primaryimage"},"thumbnailUrl":"https:\/\/www.nexoinformativo.mx\/wp-content\/uploads\/2025\/02\/PHOTO-2025-02-25-09-31-48-e1740508286342.jpg","datePublished":"2025-02-25T13:00:36+00:00","dateModified":"2025-02-25T18:31:56+00:00","description":"\"Protegiendo el Futuro\" Quer\u00e9taro toma acci\u00f3n contra los riesgos de las redes sociales en ni\u00f1os y adolescentes","breadcrumb":{"@id":"https:\/\/www.nexoinformativo.mx\/index.php\/2025\/02\/25\/protegiendo-el-futuro-queretaro-toma-accion-contra-los-riesgos-de-las-redes-sociales-en-ninos-y-adolescentes\/#breadcrumb"},"inLanguage":"es","potentialAction":[{"@type":"ReadAction","target":["https:\/\/www.nexoinformativo.mx\/index.php\/2025\/02\/25\/protegiendo-el-futuro-queretaro-toma-accion-contra-los-riesgos-de-las-redes-sociales-en-ninos-y-adolescentes\/"]}]},{"@type":"ImageObject","inLanguage":"es","@id":"https:\/\/www.nexoinformativo.mx\/index.php\/2025\/02\/25\/protegiendo-el-futuro-queretaro-toma-accion-contra-los-riesgos-de-las-redes-sociales-en-ninos-y-adolescentes\/#primaryimage","url":"https:\/\/www.nexoinformativo.mx\/wp-content\/uploads\/2025\/02\/PHOTO-2025-02-25-09-31-48-e1740508286342.jpg","contentUrl":"https:\/\/www.nexoinformativo.mx\/wp-content\/uploads\/2025\/02\/PHOTO-2025-02-25-09-31-48-e1740508286342.jpg","width":800,"height":534},{"@type":"BreadcrumbList","@id":"https:\/\/www.nexoinformativo.mx\/index.php\/2025\/02\/25\/protegiendo-el-futuro-queretaro-toma-accion-contra-los-riesgos-de-las-redes-sociales-en-ninos-y-adolescentes\/#breadcrumb","itemListElement":[{"@type":"ListItem","position":1,"name":"Inicio","item":"https:\/\/www.nexoinformativo.mx\/"},{"@type":"ListItem","position":2,"name":"&#8220;Protegiendo el Futuro&#8221; Quer\u00e9taro toma acci\u00f3n contra los riesgos de las redes sociales en ni\u00f1os y adolescentes"}]},{"@type":"WebSite","@id":"https:\/\/www.nexoinformativo.mx\/#website","url":"https:\/\/www.nexoinformativo.mx\/","name":"Nexo Informativo Santiago de Quer\u00e9taro","description":"Explora NexoInformativo y convi\u00e9rtete en parte de una comunidad que valora el conocimiento y la verdad. Tu nexoinformativo es tu puente hacia una comprensi\u00f3n m\u00e1s profunda del mundo que te rodea.","publisher":{"@id":"https:\/\/www.nexoinformativo.mx\/#organization"},"potentialAction":[{"@type":"SearchAction","target":{"@type":"EntryPoint","urlTemplate":"https:\/\/www.nexoinformativo.mx\/?s={search_term_string}"},"query-input":{"@type":"PropertyValueSpecification","valueRequired":true,"valueName":"search_term_string"}}],"inLanguage":"es"},{"@type":"Organization","@id":"https:\/\/www.nexoinformativo.mx\/#organization","name":"Nexo Informativo Santiago de Quer\u00e9taro","url":"https:\/\/www.nexoinformativo.mx\/","logo":{"@type":"ImageObject","inLanguage":"es","@id":"https:\/\/www.nexoinformativo.mx\/#\/schema\/logo\/image\/","url":"https:\/\/www.nexoinformativo.mx\/wp-content\/uploads\/2024\/07\/nexoi-trasparente-2.png","contentUrl":"https:\/\/www.nexoinformativo.mx\/wp-content\/uploads\/2024\/07\/nexoi-trasparente-2.png","width":816,"height":339,"caption":"Nexo Informativo Santiago de Quer\u00e9taro"},"image":{"@id":"https:\/\/www.nexoinformativo.mx\/#\/schema\/logo\/image\/"},"sameAs":["https:\/\/www.facebook.com\/people\/Nexo-Informativo\/61564066885511\/"]},{"@type":"Person","@id":"https:\/\/www.nexoinformativo.mx\/#\/schema\/person\/7749d380ba08c8ca00d7bc76fd907b7d","name":"Nexo Informativo","image":{"@type":"ImageObject","inLanguage":"es","@id":"https:\/\/www.nexoinformativo.mx\/#\/schema\/person\/image\/","url":"https:\/\/secure.gravatar.com\/avatar\/dde2928154642a13d95f87ddf1ea9718fe2b46760a005c53e41ff5ad610704e6?s=96&d=mm&r=g","contentUrl":"https:\/\/secure.gravatar.com\/avatar\/dde2928154642a13d95f87ddf1ea9718fe2b46760a005c53e41ff5ad610704e6?s=96&d=mm&r=g","caption":"Nexo Informativo"},"url":"https:\/\/www.nexoinformativo.mx\/index.php\/author\/edicion\/"}]}},"_links":{"self":[{"href":"https:\/\/www.nexoinformativo.mx\/index.php\/wp-json\/wp\/v2\/posts\/12026","targetHints":{"allow":["GET"]}}],"collection":[{"href":"https:\/\/www.nexoinformativo.mx\/index.php\/wp-json\/wp\/v2\/posts"}],"about":[{"href":"https:\/\/www.nexoinformativo.mx\/index.php\/wp-json\/wp\/v2\/types\/post"}],"author":[{"embeddable":true,"href":"https:\/\/www.nexoinformativo.mx\/index.php\/wp-json\/wp\/v2\/users\/3"}],"replies":[{"embeddable":true,"href":"https:\/\/www.nexoinformativo.mx\/index.php\/wp-json\/wp\/v2\/comments?post=12026"}],"version-history":[{"count":3,"href":"https:\/\/www.nexoinformativo.mx\/index.php\/wp-json\/wp\/v2\/posts\/12026\/revisions"}],"predecessor-version":[{"id":12030,"href":"https:\/\/www.nexoinformativo.mx\/index.php\/wp-json\/wp\/v2\/posts\/12026\/revisions\/12030"}],"wp:featuredmedia":[{"embeddable":true,"href":"https:\/\/www.nexoinformativo.mx\/index.php\/wp-json\/wp\/v2\/media\/12028"}],"wp:attachment":[{"href":"https:\/\/www.nexoinformativo.mx\/index.php\/wp-json\/wp\/v2\/media?parent=12026"}],"wp:term":[{"taxonomy":"category","embeddable":true,"href":"https:\/\/www.nexoinformativo.mx\/index.php\/wp-json\/wp\/v2\/categories?post=12026"},{"taxonomy":"post_tag","embeddable":true,"href":"https:\/\/www.nexoinformativo.mx\/index.php\/wp-json\/wp\/v2\/tags?post=12026"}],"curies":[{"name":"wp","href":"https:\/\/api.w.org\/{rel}","templated":true}]}}