{"id":1203,"date":"2024-08-29T08:00:58","date_gmt":"2024-08-29T14:00:58","guid":{"rendered":"https:\/\/www.nexoinformativo.mx\/?p=1203"},"modified":"2024-08-29T12:07:05","modified_gmt":"2024-08-29T18:07:05","slug":"detienen-a-sujeto-y-recuperan-camioneta-robada-en-operativo-de-la-policia-estatal-en-el-marques","status":"publish","type":"post","link":"https:\/\/www.nexoinformativo.mx\/index.php\/2024\/08\/29\/detienen-a-sujeto-y-recuperan-camioneta-robada-en-operativo-de-la-policia-estatal-en-el-marques\/","title":{"rendered":"Detienen a sujeto y recuperan camioneta robada en operativo de la Polic\u00eda Estatal en El Marqu\u00e9s"},"content":{"rendered":"<p style=\"text-align: justify;\">Gracias a un oportuno reporte ciudadano, polic\u00edas estatales de Quer\u00e9taro lograron la detenci\u00f3n de un sujeto y la recuperaci\u00f3n de una camioneta Honda robada con violencia horas antes en el municipio de El Marqu\u00e9s.<\/p>\n<p>&nbsp;<\/p>\n<p style=\"text-align: justify;\">La unidad fue localizada en la zona de Zakia, donde los elementos policiacos llevaron a cabo una intervenci\u00f3n estrat\u00e9gica que permiti\u00f3 detener al sospechoso. Durante la operaci\u00f3n, tambi\u00e9n se detect\u00f3 un auto Mini Cooper con una carpeta de investigaci\u00f3n abierta por robo, visible en la cochera de una vivienda.<\/p>\n<p>&nbsp;<\/p>\n<p><img loading=\"lazy\" decoding=\"async\" class=\"alignnone size-full wp-image-1206\" src=\"https:\/\/www.nexoinformativo.mx\/wp-content\/uploads\/2024\/08\/PHOTO-2024-08-29-10-18-15-2.jpg\" alt=\"\" width=\"728\" height=\"350\" srcset=\"https:\/\/www.nexoinformativo.mx\/wp-content\/uploads\/2024\/08\/PHOTO-2024-08-29-10-18-15-2.jpg 728w, https:\/\/www.nexoinformativo.mx\/wp-content\/uploads\/2024\/08\/PHOTO-2024-08-29-10-18-15-2-300x144.jpg 300w\" sizes=\"auto, (max-width: 728px) 100vw, 728px\" \/><\/p>\n<p>&nbsp;<\/p>\n<p style=\"text-align: justify;\">Tras la intervenci\u00f3n, el veh\u00edculo y diversos objetos posiblemente relacionados con otros delitos, como placas y documentos, fueron asegurados y puestos a disposici\u00f3n de la Fiscal\u00eda para continuar con la investigaci\u00f3n.<\/p>\n<p>&nbsp;<\/p>\n<p><img loading=\"lazy\" decoding=\"async\" class=\"alignnone size-full wp-image-1210\" src=\"https:\/\/www.nexoinformativo.mx\/wp-content\/uploads\/2024\/08\/PHOTO-2024-08-29-10-18-15-e1724952714465.jpg\" alt=\"\" width=\"800\" height=\"334\" srcset=\"https:\/\/www.nexoinformativo.mx\/wp-content\/uploads\/2024\/08\/PHOTO-2024-08-29-10-18-15-e1724952714465.jpg 800w, https:\/\/www.nexoinformativo.mx\/wp-content\/uploads\/2024\/08\/PHOTO-2024-08-29-10-18-15-e1724952714465-300x125.jpg 300w, https:\/\/www.nexoinformativo.mx\/wp-content\/uploads\/2024\/08\/PHOTO-2024-08-29-10-18-15-e1724952714465-768x321.jpg 768w\" sizes=\"auto, (max-width: 800px) 100vw, 800px\" \/><\/p>\n","protected":false},"excerpt":{"rendered":"<p>Gracias a un oportuno reporte ciudadano, polic\u00edas estatales de Quer\u00e9taro lograron la detenci\u00f3n de un sujeto y la recuperaci\u00f3n de una camioneta Honda robada con violencia horas antes en el municipio de El Marqu\u00e9s. &nbsp; La unidad fue localizada en la zona de Zakia, donde los elementos policiacos llevaron a cabo una intervenci\u00f3n estrat\u00e9gica que [&hellip;]<\/p>\n","protected":false},"author":3,"featured_media":1207,"comment_status":"open","ping_status":"open","sticky":false,"template":"","format":"standard","meta":{"footnotes":""},"categories":[137],"tags":[149,304,133,308,131],"class_list":["post-1203","post","type-post","status-publish","format-standard","has-post-thumbnail","hentry","category-sucesos","tag-elmarques","tag-policiaestatal","tag-queretaro","tag-robovehicular","tag-seguridad"],"yoast_head":"<!-- This site is optimized with the Yoast SEO plugin v25.0 - https:\/\/yoast.com\/wordpress\/plugins\/seo\/ -->\n<title>Detienen a sujeto y recuperan camioneta robada en operativo de la Polic\u00eda Estatal en El Marqu\u00e9s | Nexo Informativo Santiago de Quer\u00e9taro<\/title>\n<meta name=\"robots\" content=\"index, follow, max-snippet:-1, max-image-preview:large, max-video-preview:-1\" \/>\n<link rel=\"canonical\" href=\"https:\/\/www.nexoinformativo.mx\/index.php\/2024\/08\/29\/detienen-a-sujeto-y-recuperan-camioneta-robada-en-operativo-de-la-policia-estatal-en-el-marques\/\" \/>\n<meta property=\"og:locale\" content=\"es_MX\" \/>\n<meta property=\"og:type\" content=\"article\" \/>\n<meta property=\"og:title\" content=\"Detienen a sujeto y recuperan camioneta robada en operativo de la Polic\u00eda Estatal en El Marqu\u00e9s | Nexo Informativo Santiago de Quer\u00e9taro\" \/>\n<meta property=\"og:description\" content=\"Gracias a un oportuno reporte ciudadano, polic\u00edas estatales de Quer\u00e9taro lograron la detenci\u00f3n de un sujeto y la recuperaci\u00f3n de una camioneta Honda robada con violencia horas antes en el municipio de El Marqu\u00e9s. &nbsp; La unidad fue localizada en la zona de Zakia, donde los elementos policiacos llevaron a cabo una intervenci\u00f3n estrat\u00e9gica que [&hellip;]\" \/>\n<meta property=\"og:url\" content=\"https:\/\/www.nexoinformativo.mx\/index.php\/2024\/08\/29\/detienen-a-sujeto-y-recuperan-camioneta-robada-en-operativo-de-la-policia-estatal-en-el-marques\/\" \/>\n<meta property=\"og:site_name\" content=\"Nexo Informativo Santiago de Quer\u00e9taro\" \/>\n<meta property=\"article:publisher\" content=\"https:\/\/www.facebook.com\/people\/Nexo-Informativo\/61564066885511\/\" \/>\n<meta property=\"article:published_time\" content=\"2024-08-29T14:00:58+00:00\" \/>\n<meta property=\"article:modified_time\" content=\"2024-08-29T18:07:05+00:00\" \/>\n<meta property=\"og:image\" content=\"https:\/\/www.nexoinformativo.mx\/wp-content\/uploads\/2024\/08\/PHOTO-2024-08-29-10-18-16-e1724952614697.jpg\" \/>\n\t<meta property=\"og:image:width\" content=\"800\" \/>\n\t<meta property=\"og:image:height\" content=\"1255\" \/>\n\t<meta property=\"og:image:type\" content=\"image\/jpeg\" \/>\n<meta name=\"author\" content=\"Nexo Informativo\" \/>\n<meta name=\"twitter:card\" content=\"summary_large_image\" \/>\n<meta name=\"twitter:label1\" content=\"Escrito por\" \/>\n\t<meta name=\"twitter:data1\" content=\"Nexo Informativo\" \/>\n\t<meta name=\"twitter:label2\" content=\"Tiempo de lectura\" \/>\n\t<meta name=\"twitter:data2\" content=\"1 minuto\" \/>\n<script type=\"application\/ld+json\" class=\"yoast-schema-graph\">{\"@context\":\"https:\/\/schema.org\",\"@graph\":[{\"@type\":\"Article\",\"@id\":\"https:\/\/www.nexoinformativo.mx\/index.php\/2024\/08\/29\/detienen-a-sujeto-y-recuperan-camioneta-robada-en-operativo-de-la-policia-estatal-en-el-marques\/#article\",\"isPartOf\":{\"@id\":\"https:\/\/www.nexoinformativo.mx\/index.php\/2024\/08\/29\/detienen-a-sujeto-y-recuperan-camioneta-robada-en-operativo-de-la-policia-estatal-en-el-marques\/\"},\"author\":{\"name\":\"Nexo Informativo\",\"@id\":\"https:\/\/www.nexoinformativo.mx\/#\/schema\/person\/7749d380ba08c8ca00d7bc76fd907b7d\"},\"headline\":\"Detienen a sujeto y recuperan camioneta robada en operativo de la Polic\u00eda Estatal en El Marqu\u00e9s\",\"datePublished\":\"2024-08-29T14:00:58+00:00\",\"dateModified\":\"2024-08-29T18:07:05+00:00\",\"mainEntityOfPage\":{\"@id\":\"https:\/\/www.nexoinformativo.mx\/index.php\/2024\/08\/29\/detienen-a-sujeto-y-recuperan-camioneta-robada-en-operativo-de-la-policia-estatal-en-el-marques\/\"},\"wordCount\":151,\"commentCount\":0,\"publisher\":{\"@id\":\"https:\/\/www.nexoinformativo.mx\/#organization\"},\"image\":{\"@id\":\"https:\/\/www.nexoinformativo.mx\/index.php\/2024\/08\/29\/detienen-a-sujeto-y-recuperan-camioneta-robada-en-operativo-de-la-policia-estatal-en-el-marques\/#primaryimage\"},\"thumbnailUrl\":\"https:\/\/www.nexoinformativo.mx\/wp-content\/uploads\/2024\/08\/PHOTO-2024-08-29-10-18-16-e1724952614697.jpg\",\"keywords\":[\"elmarques\",\"Polic\u00edaEstatal\",\"Quer\u00e9taro\",\"RoboVehicular\",\"Seguridad\"],\"articleSection\":[\"Sucesos\"],\"inLanguage\":\"es\",\"potentialAction\":[{\"@type\":\"CommentAction\",\"name\":\"Comment\",\"target\":[\"https:\/\/www.nexoinformativo.mx\/index.php\/2024\/08\/29\/detienen-a-sujeto-y-recuperan-camioneta-robada-en-operativo-de-la-policia-estatal-en-el-marques\/#respond\"]}]},{\"@type\":\"WebPage\",\"@id\":\"https:\/\/www.nexoinformativo.mx\/index.php\/2024\/08\/29\/detienen-a-sujeto-y-recuperan-camioneta-robada-en-operativo-de-la-policia-estatal-en-el-marques\/\",\"url\":\"https:\/\/www.nexoinformativo.mx\/index.php\/2024\/08\/29\/detienen-a-sujeto-y-recuperan-camioneta-robada-en-operativo-de-la-policia-estatal-en-el-marques\/\",\"name\":\"Detienen a sujeto y recuperan camioneta robada en operativo de la Polic\u00eda Estatal en El Marqu\u00e9s | Nexo Informativo Santiago de Quer\u00e9taro\",\"isPartOf\":{\"@id\":\"https:\/\/www.nexoinformativo.mx\/#website\"},\"primaryImageOfPage\":{\"@id\":\"https:\/\/www.nexoinformativo.mx\/index.php\/2024\/08\/29\/detienen-a-sujeto-y-recuperan-camioneta-robada-en-operativo-de-la-policia-estatal-en-el-marques\/#primaryimage\"},\"image\":{\"@id\":\"https:\/\/www.nexoinformativo.mx\/index.php\/2024\/08\/29\/detienen-a-sujeto-y-recuperan-camioneta-robada-en-operativo-de-la-policia-estatal-en-el-marques\/#primaryimage\"},\"thumbnailUrl\":\"https:\/\/www.nexoinformativo.mx\/wp-content\/uploads\/2024\/08\/PHOTO-2024-08-29-10-18-16-e1724952614697.jpg\",\"datePublished\":\"2024-08-29T14:00:58+00:00\",\"dateModified\":\"2024-08-29T18:07:05+00:00\",\"breadcrumb\":{\"@id\":\"https:\/\/www.nexoinformativo.mx\/index.php\/2024\/08\/29\/detienen-a-sujeto-y-recuperan-camioneta-robada-en-operativo-de-la-policia-estatal-en-el-marques\/#breadcrumb\"},\"inLanguage\":\"es\",\"potentialAction\":[{\"@type\":\"ReadAction\",\"target\":[\"https:\/\/www.nexoinformativo.mx\/index.php\/2024\/08\/29\/detienen-a-sujeto-y-recuperan-camioneta-robada-en-operativo-de-la-policia-estatal-en-el-marques\/\"]}]},{\"@type\":\"ImageObject\",\"inLanguage\":\"es\",\"@id\":\"https:\/\/www.nexoinformativo.mx\/index.php\/2024\/08\/29\/detienen-a-sujeto-y-recuperan-camioneta-robada-en-operativo-de-la-policia-estatal-en-el-marques\/#primaryimage\",\"url\":\"https:\/\/www.nexoinformativo.mx\/wp-content\/uploads\/2024\/08\/PHOTO-2024-08-29-10-18-16-e1724952614697.jpg\",\"contentUrl\":\"https:\/\/www.nexoinformativo.mx\/wp-content\/uploads\/2024\/08\/PHOTO-2024-08-29-10-18-16-e1724952614697.jpg\",\"width\":800,\"height\":1255},{\"@type\":\"BreadcrumbList\",\"@id\":\"https:\/\/www.nexoinformativo.mx\/index.php\/2024\/08\/29\/detienen-a-sujeto-y-recuperan-camioneta-robada-en-operativo-de-la-policia-estatal-en-el-marques\/#breadcrumb\",\"itemListElement\":[{\"@type\":\"ListItem\",\"position\":1,\"name\":\"Inicio\",\"item\":\"https:\/\/www.nexoinformativo.mx\/\"},{\"@type\":\"ListItem\",\"position\":2,\"name\":\"Detienen a sujeto y recuperan camioneta robada en operativo de la Polic\u00eda Estatal en El Marqu\u00e9s\"}]},{\"@type\":\"WebSite\",\"@id\":\"https:\/\/www.nexoinformativo.mx\/#website\",\"url\":\"https:\/\/www.nexoinformativo.mx\/\",\"name\":\"Nexo Informativo Santiago de Quer\u00e9taro\",\"description\":\"Explora NexoInformativo y convi\u00e9rtete en parte de una comunidad que valora el conocimiento y la verdad. Tu nexoinformativo es tu puente hacia una comprensi\u00f3n m\u00e1s profunda del mundo que te rodea.\",\"publisher\":{\"@id\":\"https:\/\/www.nexoinformativo.mx\/#organization\"},\"potentialAction\":[{\"@type\":\"SearchAction\",\"target\":{\"@type\":\"EntryPoint\",\"urlTemplate\":\"https:\/\/www.nexoinformativo.mx\/?s={search_term_string}\"},\"query-input\":{\"@type\":\"PropertyValueSpecification\",\"valueRequired\":true,\"valueName\":\"search_term_string\"}}],\"inLanguage\":\"es\"},{\"@type\":\"Organization\",\"@id\":\"https:\/\/www.nexoinformativo.mx\/#organization\",\"name\":\"Nexo Informativo Santiago de Quer\u00e9taro\",\"url\":\"https:\/\/www.nexoinformativo.mx\/\",\"logo\":{\"@type\":\"ImageObject\",\"inLanguage\":\"es\",\"@id\":\"https:\/\/www.nexoinformativo.mx\/#\/schema\/logo\/image\/\",\"url\":\"https:\/\/www.nexoinformativo.mx\/wp-content\/uploads\/2024\/07\/nexoi-trasparente-2.png\",\"contentUrl\":\"https:\/\/www.nexoinformativo.mx\/wp-content\/uploads\/2024\/07\/nexoi-trasparente-2.png\",\"width\":816,\"height\":339,\"caption\":\"Nexo Informativo Santiago de Quer\u00e9taro\"},\"image\":{\"@id\":\"https:\/\/www.nexoinformativo.mx\/#\/schema\/logo\/image\/\"},\"sameAs\":[\"https:\/\/www.facebook.com\/people\/Nexo-Informativo\/61564066885511\/\"]},{\"@type\":\"Person\",\"@id\":\"https:\/\/www.nexoinformativo.mx\/#\/schema\/person\/7749d380ba08c8ca00d7bc76fd907b7d\",\"name\":\"Nexo Informativo\",\"image\":{\"@type\":\"ImageObject\",\"inLanguage\":\"es\",\"@id\":\"https:\/\/www.nexoinformativo.mx\/#\/schema\/person\/image\/\",\"url\":\"https:\/\/secure.gravatar.com\/avatar\/dde2928154642a13d95f87ddf1ea9718fe2b46760a005c53e41ff5ad610704e6?s=96&d=mm&r=g\",\"contentUrl\":\"https:\/\/secure.gravatar.com\/avatar\/dde2928154642a13d95f87ddf1ea9718fe2b46760a005c53e41ff5ad610704e6?s=96&d=mm&r=g\",\"caption\":\"Nexo Informativo\"},\"url\":\"https:\/\/www.nexoinformativo.mx\/index.php\/author\/edicion\/\"}]}<\/script>\n<!-- \/ Yoast SEO plugin. -->","yoast_head_json":{"title":"Detienen a sujeto y recuperan camioneta robada en operativo de la Polic\u00eda Estatal en El Marqu\u00e9s | Nexo Informativo Santiago de Quer\u00e9taro","robots":{"index":"index","follow":"follow","max-snippet":"max-snippet:-1","max-image-preview":"max-image-preview:large","max-video-preview":"max-video-preview:-1"},"canonical":"https:\/\/www.nexoinformativo.mx\/index.php\/2024\/08\/29\/detienen-a-sujeto-y-recuperan-camioneta-robada-en-operativo-de-la-policia-estatal-en-el-marques\/","og_locale":"es_MX","og_type":"article","og_title":"Detienen a sujeto y recuperan camioneta robada en operativo de la Polic\u00eda Estatal en El Marqu\u00e9s | Nexo Informativo Santiago de Quer\u00e9taro","og_description":"Gracias a un oportuno reporte ciudadano, polic\u00edas estatales de Quer\u00e9taro lograron la detenci\u00f3n de un sujeto y la recuperaci\u00f3n de una camioneta Honda robada con violencia horas antes en el municipio de El Marqu\u00e9s. &nbsp; La unidad fue localizada en la zona de Zakia, donde los elementos policiacos llevaron a cabo una intervenci\u00f3n estrat\u00e9gica que [&hellip;]","og_url":"https:\/\/www.nexoinformativo.mx\/index.php\/2024\/08\/29\/detienen-a-sujeto-y-recuperan-camioneta-robada-en-operativo-de-la-policia-estatal-en-el-marques\/","og_site_name":"Nexo Informativo Santiago de Quer\u00e9taro","article_publisher":"https:\/\/www.facebook.com\/people\/Nexo-Informativo\/61564066885511\/","article_published_time":"2024-08-29T14:00:58+00:00","article_modified_time":"2024-08-29T18:07:05+00:00","og_image":[{"width":800,"height":1255,"url":"https:\/\/www.nexoinformativo.mx\/wp-content\/uploads\/2024\/08\/PHOTO-2024-08-29-10-18-16-e1724952614697.jpg","type":"image\/jpeg"}],"author":"Nexo Informativo","twitter_card":"summary_large_image","twitter_misc":{"Escrito por":"Nexo Informativo","Tiempo de lectura":"1 minuto"},"schema":{"@context":"https:\/\/schema.org","@graph":[{"@type":"Article","@id":"https:\/\/www.nexoinformativo.mx\/index.php\/2024\/08\/29\/detienen-a-sujeto-y-recuperan-camioneta-robada-en-operativo-de-la-policia-estatal-en-el-marques\/#article","isPartOf":{"@id":"https:\/\/www.nexoinformativo.mx\/index.php\/2024\/08\/29\/detienen-a-sujeto-y-recuperan-camioneta-robada-en-operativo-de-la-policia-estatal-en-el-marques\/"},"author":{"name":"Nexo Informativo","@id":"https:\/\/www.nexoinformativo.mx\/#\/schema\/person\/7749d380ba08c8ca00d7bc76fd907b7d"},"headline":"Detienen a sujeto y recuperan camioneta robada en operativo de la Polic\u00eda Estatal en El Marqu\u00e9s","datePublished":"2024-08-29T14:00:58+00:00","dateModified":"2024-08-29T18:07:05+00:00","mainEntityOfPage":{"@id":"https:\/\/www.nexoinformativo.mx\/index.php\/2024\/08\/29\/detienen-a-sujeto-y-recuperan-camioneta-robada-en-operativo-de-la-policia-estatal-en-el-marques\/"},"wordCount":151,"commentCount":0,"publisher":{"@id":"https:\/\/www.nexoinformativo.mx\/#organization"},"image":{"@id":"https:\/\/www.nexoinformativo.mx\/index.php\/2024\/08\/29\/detienen-a-sujeto-y-recuperan-camioneta-robada-en-operativo-de-la-policia-estatal-en-el-marques\/#primaryimage"},"thumbnailUrl":"https:\/\/www.nexoinformativo.mx\/wp-content\/uploads\/2024\/08\/PHOTO-2024-08-29-10-18-16-e1724952614697.jpg","keywords":["elmarques","Polic\u00edaEstatal","Quer\u00e9taro","RoboVehicular","Seguridad"],"articleSection":["Sucesos"],"inLanguage":"es","potentialAction":[{"@type":"CommentAction","name":"Comment","target":["https:\/\/www.nexoinformativo.mx\/index.php\/2024\/08\/29\/detienen-a-sujeto-y-recuperan-camioneta-robada-en-operativo-de-la-policia-estatal-en-el-marques\/#respond"]}]},{"@type":"WebPage","@id":"https:\/\/www.nexoinformativo.mx\/index.php\/2024\/08\/29\/detienen-a-sujeto-y-recuperan-camioneta-robada-en-operativo-de-la-policia-estatal-en-el-marques\/","url":"https:\/\/www.nexoinformativo.mx\/index.php\/2024\/08\/29\/detienen-a-sujeto-y-recuperan-camioneta-robada-en-operativo-de-la-policia-estatal-en-el-marques\/","name":"Detienen a sujeto y recuperan camioneta robada en operativo de la Polic\u00eda Estatal en El Marqu\u00e9s | Nexo Informativo Santiago de Quer\u00e9taro","isPartOf":{"@id":"https:\/\/www.nexoinformativo.mx\/#website"},"primaryImageOfPage":{"@id":"https:\/\/www.nexoinformativo.mx\/index.php\/2024\/08\/29\/detienen-a-sujeto-y-recuperan-camioneta-robada-en-operativo-de-la-policia-estatal-en-el-marques\/#primaryimage"},"image":{"@id":"https:\/\/www.nexoinformativo.mx\/index.php\/2024\/08\/29\/detienen-a-sujeto-y-recuperan-camioneta-robada-en-operativo-de-la-policia-estatal-en-el-marques\/#primaryimage"},"thumbnailUrl":"https:\/\/www.nexoinformativo.mx\/wp-content\/uploads\/2024\/08\/PHOTO-2024-08-29-10-18-16-e1724952614697.jpg","datePublished":"2024-08-29T14:00:58+00:00","dateModified":"2024-08-29T18:07:05+00:00","breadcrumb":{"@id":"https:\/\/www.nexoinformativo.mx\/index.php\/2024\/08\/29\/detienen-a-sujeto-y-recuperan-camioneta-robada-en-operativo-de-la-policia-estatal-en-el-marques\/#breadcrumb"},"inLanguage":"es","potentialAction":[{"@type":"ReadAction","target":["https:\/\/www.nexoinformativo.mx\/index.php\/2024\/08\/29\/detienen-a-sujeto-y-recuperan-camioneta-robada-en-operativo-de-la-policia-estatal-en-el-marques\/"]}]},{"@type":"ImageObject","inLanguage":"es","@id":"https:\/\/www.nexoinformativo.mx\/index.php\/2024\/08\/29\/detienen-a-sujeto-y-recuperan-camioneta-robada-en-operativo-de-la-policia-estatal-en-el-marques\/#primaryimage","url":"https:\/\/www.nexoinformativo.mx\/wp-content\/uploads\/2024\/08\/PHOTO-2024-08-29-10-18-16-e1724952614697.jpg","contentUrl":"https:\/\/www.nexoinformativo.mx\/wp-content\/uploads\/2024\/08\/PHOTO-2024-08-29-10-18-16-e1724952614697.jpg","width":800,"height":1255},{"@type":"BreadcrumbList","@id":"https:\/\/www.nexoinformativo.mx\/index.php\/2024\/08\/29\/detienen-a-sujeto-y-recuperan-camioneta-robada-en-operativo-de-la-policia-estatal-en-el-marques\/#breadcrumb","itemListElement":[{"@type":"ListItem","position":1,"name":"Inicio","item":"https:\/\/www.nexoinformativo.mx\/"},{"@type":"ListItem","position":2,"name":"Detienen a sujeto y recuperan camioneta robada en operativo de la Polic\u00eda Estatal en El Marqu\u00e9s"}]},{"@type":"WebSite","@id":"https:\/\/www.nexoinformativo.mx\/#website","url":"https:\/\/www.nexoinformativo.mx\/","name":"Nexo Informativo Santiago de Quer\u00e9taro","description":"Explora NexoInformativo y convi\u00e9rtete en parte de una comunidad que valora el conocimiento y la verdad. Tu nexoinformativo es tu puente hacia una comprensi\u00f3n m\u00e1s profunda del mundo que te rodea.","publisher":{"@id":"https:\/\/www.nexoinformativo.mx\/#organization"},"potentialAction":[{"@type":"SearchAction","target":{"@type":"EntryPoint","urlTemplate":"https:\/\/www.nexoinformativo.mx\/?s={search_term_string}"},"query-input":{"@type":"PropertyValueSpecification","valueRequired":true,"valueName":"search_term_string"}}],"inLanguage":"es"},{"@type":"Organization","@id":"https:\/\/www.nexoinformativo.mx\/#organization","name":"Nexo Informativo Santiago de Quer\u00e9taro","url":"https:\/\/www.nexoinformativo.mx\/","logo":{"@type":"ImageObject","inLanguage":"es","@id":"https:\/\/www.nexoinformativo.mx\/#\/schema\/logo\/image\/","url":"https:\/\/www.nexoinformativo.mx\/wp-content\/uploads\/2024\/07\/nexoi-trasparente-2.png","contentUrl":"https:\/\/www.nexoinformativo.mx\/wp-content\/uploads\/2024\/07\/nexoi-trasparente-2.png","width":816,"height":339,"caption":"Nexo Informativo Santiago de Quer\u00e9taro"},"image":{"@id":"https:\/\/www.nexoinformativo.mx\/#\/schema\/logo\/image\/"},"sameAs":["https:\/\/www.facebook.com\/people\/Nexo-Informativo\/61564066885511\/"]},{"@type":"Person","@id":"https:\/\/www.nexoinformativo.mx\/#\/schema\/person\/7749d380ba08c8ca00d7bc76fd907b7d","name":"Nexo Informativo","image":{"@type":"ImageObject","inLanguage":"es","@id":"https:\/\/www.nexoinformativo.mx\/#\/schema\/person\/image\/","url":"https:\/\/secure.gravatar.com\/avatar\/dde2928154642a13d95f87ddf1ea9718fe2b46760a005c53e41ff5ad610704e6?s=96&d=mm&r=g","contentUrl":"https:\/\/secure.gravatar.com\/avatar\/dde2928154642a13d95f87ddf1ea9718fe2b46760a005c53e41ff5ad610704e6?s=96&d=mm&r=g","caption":"Nexo Informativo"},"url":"https:\/\/www.nexoinformativo.mx\/index.php\/author\/edicion\/"}]}},"_links":{"self":[{"href":"https:\/\/www.nexoinformativo.mx\/index.php\/wp-json\/wp\/v2\/posts\/1203","targetHints":{"allow":["GET"]}}],"collection":[{"href":"https:\/\/www.nexoinformativo.mx\/index.php\/wp-json\/wp\/v2\/posts"}],"about":[{"href":"https:\/\/www.nexoinformativo.mx\/index.php\/wp-json\/wp\/v2\/types\/post"}],"author":[{"embeddable":true,"href":"https:\/\/www.nexoinformativo.mx\/index.php\/wp-json\/wp\/v2\/users\/3"}],"replies":[{"embeddable":true,"href":"https:\/\/www.nexoinformativo.mx\/index.php\/wp-json\/wp\/v2\/comments?post=1203"}],"version-history":[{"count":3,"href":"https:\/\/www.nexoinformativo.mx\/index.php\/wp-json\/wp\/v2\/posts\/1203\/revisions"}],"predecessor-version":[{"id":1220,"href":"https:\/\/www.nexoinformativo.mx\/index.php\/wp-json\/wp\/v2\/posts\/1203\/revisions\/1220"}],"wp:featuredmedia":[{"embeddable":true,"href":"https:\/\/www.nexoinformativo.mx\/index.php\/wp-json\/wp\/v2\/media\/1207"}],"wp:attachment":[{"href":"https:\/\/www.nexoinformativo.mx\/index.php\/wp-json\/wp\/v2\/media?parent=1203"}],"wp:term":[{"taxonomy":"category","embeddable":true,"href":"https:\/\/www.nexoinformativo.mx\/index.php\/wp-json\/wp\/v2\/categories?post=1203"},{"taxonomy":"post_tag","embeddable":true,"href":"https:\/\/www.nexoinformativo.mx\/index.php\/wp-json\/wp\/v2\/tags?post=1203"}],"curies":[{"name":"wp","href":"https:\/\/api.w.org\/{rel}","templated":true}]}}