{"id":12031,"date":"2025-02-25T08:00:10","date_gmt":"2025-02-25T14:00:10","guid":{"rendered":"https:\/\/www.nexoinformativo.mx\/?p=12031"},"modified":"2025-02-25T12:36:43","modified_gmt":"2025-02-25T18:36:43","slug":"bandera-de-mexico-simbolo-de-transformacion-y-soberania-sheinbaum-lidera-conmemoracion","status":"publish","type":"post","link":"https:\/\/www.nexoinformativo.mx\/index.php\/2025\/02\/25\/bandera-de-mexico-simbolo-de-transformacion-y-soberania-sheinbaum-lidera-conmemoracion\/","title":{"rendered":"Bandera de M\u00e9xico, s\u00edmbolo de transformaci\u00f3n y soberan\u00eda Sheinbaum lidera conmemoraci\u00f3n"},"content":{"rendered":"<p style=\"text-align: justify;\" data-sourcepos=\"11:1-11:221\">En una solemne ceremonia en Campo Marte, la presidenta Claudia Sheinbaum conmemor\u00f3 el D\u00eda de la Bandera ayer, reafirmando la soberan\u00eda de M\u00e9xico y su posici\u00f3n en el escenario internacional.<\/p>\n<\/p>\n<p>&nbsp;<\/p>\n<p style=\"text-align: justify;\" data-sourcepos=\"13:1-13:311\"><strong>&#8220;Ya no es como antes, que los gobiernos se arrodillaban ante gobiernos extranjeros, o que miraban fuera como ejemplos a seguir; ahora no, desde que lleg\u00f3 la Transformaci\u00f3n al gobierno es claro que reivindicamos que a M\u00e9xico se le respeta, que no somos colonia ni protectorado de ning\u00fan pa\u00eds&#8221;<\/strong>, declar\u00f3 Sheinbaum.<\/p>\n<\/p>\n<p>&nbsp;<\/p>\n<p style=\"text-align: justify;\" data-sourcepos=\"15:1-15:296\">La presidenta destac\u00f3 que M\u00e9xico, bajo la Cuarta Transformaci\u00f3n, ha recuperado su dignidad y respeto en el mundo. Anunci\u00f3 una iniciativa de reforma constitucional para reforzar la soberan\u00eda nacional, prohibiendo intervenciones extranjeras y estableciendo penas severas para quienes violen la ley.<\/p>\n<\/p>\n<p>&nbsp;<\/p>\n<p style=\"text-align: justify;\" data-sourcepos=\"17:1-17:310\">&#8220;Nosotros no traicionamos ni a nuestro pueblo, ni a nuestra patria, ni a nuestra bandera. M\u00e9xico es un pa\u00eds grandioso y su pueblo es valeroso. Sabemos que cuando nuestro pueblo se une en torno a su historia, su patria y su bandera, no hay fuerza en el mundo que pueda doblegar su esp\u00edritu&#8221;, enfatiz\u00f3 Sheinbaum.<\/p>\n<\/p>\n<p>&nbsp;<\/p>\n<p style=\"text-align: justify;\" data-sourcepos=\"19:1-19:244\">Durante la ceremonia, Sheinbaum abander\u00f3 de manera virtual a mil escoltas de escuelas primarias y secundarias de todo el pa\u00eds, as\u00ed como a 56 escoltas de las Fuerzas Armadas. Tambi\u00e9n abander\u00f3 presencialmente a escoltas de diversas instituciones.<\/p>\n<\/p>\n<p>&nbsp;<\/p>\n<p style=\"text-align: center;\" data-sourcepos=\"19:1-19:244\"><em><strong>\u00a1Informaci\u00f3n que transforma!<\/strong><\/em><\/p>\n","protected":false},"excerpt":{"rendered":"<p>En una solemne ceremonia en Campo Marte, la presidenta Claudia Sheinbaum conmemor\u00f3 el D\u00eda de la Bandera ayer, reafirmando la soberan\u00eda de M\u00e9xico y su posici\u00f3n en el escenario internacional. &nbsp; &#8220;Ya no es como antes, que los gobiernos se arrodillaban ante gobiernos extranjeros, o que miraban fuera como ejemplos a seguir; ahora no, desde [&hellip;]<\/p>\n","protected":false},"author":3,"featured_media":12032,"comment_status":"open","ping_status":"open","sticky":false,"template":"","format":"standard","meta":{"footnotes":""},"categories":[88,58],"tags":[967,3519,3521,3520],"class_list":["post-12031","post","type-post","status-publish","format-standard","has-post-thumbnail","hentry","category-nacional","category-ultima-hora","tag-claudiasheinbaum","tag-diadelabandera","tag-mexicotransformacion","tag-soberaniamexicana"],"yoast_head":"<!-- This site is optimized with the Yoast SEO plugin v25.0 - https:\/\/yoast.com\/wordpress\/plugins\/seo\/ -->\n<title>Bandera de M\u00e9xico, s\u00edmbolo de transformaci\u00f3n y soberan\u00eda Sheinbaum lidera conmemoraci\u00f3n | Nexo Informativo Santiago de Quer\u00e9taro<\/title>\n<meta name=\"description\" content=\"Bandera de M\u00e9xico, s\u00edmbolo de transformaci\u00f3n y soberan\u00eda Sheinbaum lidera conmemoraci\u00f3n\" \/>\n<meta name=\"robots\" content=\"index, follow, max-snippet:-1, max-image-preview:large, max-video-preview:-1\" \/>\n<link rel=\"canonical\" href=\"https:\/\/www.nexoinformativo.mx\/index.php\/2025\/02\/25\/bandera-de-mexico-simbolo-de-transformacion-y-soberania-sheinbaum-lidera-conmemoracion\/\" \/>\n<meta property=\"og:locale\" content=\"es_MX\" \/>\n<meta property=\"og:type\" content=\"article\" \/>\n<meta property=\"og:title\" content=\"Bandera de M\u00e9xico, s\u00edmbolo de transformaci\u00f3n y soberan\u00eda Sheinbaum lidera conmemoraci\u00f3n | Nexo Informativo Santiago de Quer\u00e9taro\" \/>\n<meta property=\"og:description\" content=\"Bandera de M\u00e9xico, s\u00edmbolo de transformaci\u00f3n y soberan\u00eda Sheinbaum lidera conmemoraci\u00f3n\" \/>\n<meta property=\"og:url\" content=\"https:\/\/www.nexoinformativo.mx\/index.php\/2025\/02\/25\/bandera-de-mexico-simbolo-de-transformacion-y-soberania-sheinbaum-lidera-conmemoracion\/\" \/>\n<meta property=\"og:site_name\" content=\"Nexo Informativo Santiago de Quer\u00e9taro\" \/>\n<meta property=\"article:publisher\" content=\"https:\/\/www.facebook.com\/people\/Nexo-Informativo\/61564066885511\/\" \/>\n<meta property=\"article:published_time\" content=\"2025-02-25T14:00:10+00:00\" \/>\n<meta property=\"article:modified_time\" content=\"2025-02-25T18:36:43+00:00\" \/>\n<meta property=\"og:image\" content=\"https:\/\/www.nexoinformativo.mx\/wp-content\/uploads\/2025\/02\/IMG_0998.jpg\" \/>\n\t<meta property=\"og:image:width\" content=\"650\" \/>\n\t<meta property=\"og:image:height\" content=\"380\" \/>\n\t<meta property=\"og:image:type\" content=\"image\/jpeg\" \/>\n<meta name=\"author\" content=\"Nexo Informativo\" \/>\n<meta name=\"twitter:card\" content=\"summary_large_image\" \/>\n<meta name=\"twitter:label1\" content=\"Escrito por\" \/>\n\t<meta name=\"twitter:data1\" content=\"Nexo Informativo\" \/>\n\t<meta name=\"twitter:label2\" content=\"Tiempo de lectura\" \/>\n\t<meta name=\"twitter:data2\" content=\"2 minutos\" \/>\n<script type=\"application\/ld+json\" class=\"yoast-schema-graph\">{\"@context\":\"https:\/\/schema.org\",\"@graph\":[{\"@type\":\"Article\",\"@id\":\"https:\/\/www.nexoinformativo.mx\/index.php\/2025\/02\/25\/bandera-de-mexico-simbolo-de-transformacion-y-soberania-sheinbaum-lidera-conmemoracion\/#article\",\"isPartOf\":{\"@id\":\"https:\/\/www.nexoinformativo.mx\/index.php\/2025\/02\/25\/bandera-de-mexico-simbolo-de-transformacion-y-soberania-sheinbaum-lidera-conmemoracion\/\"},\"author\":{\"name\":\"Nexo Informativo\",\"@id\":\"https:\/\/www.nexoinformativo.mx\/#\/schema\/person\/7749d380ba08c8ca00d7bc76fd907b7d\"},\"headline\":\"Bandera de M\u00e9xico, s\u00edmbolo de transformaci\u00f3n y soberan\u00eda Sheinbaum lidera conmemoraci\u00f3n\",\"datePublished\":\"2025-02-25T14:00:10+00:00\",\"dateModified\":\"2025-02-25T18:36:43+00:00\",\"mainEntityOfPage\":{\"@id\":\"https:\/\/www.nexoinformativo.mx\/index.php\/2025\/02\/25\/bandera-de-mexico-simbolo-de-transformacion-y-soberania-sheinbaum-lidera-conmemoracion\/\"},\"wordCount\":254,\"commentCount\":0,\"publisher\":{\"@id\":\"https:\/\/www.nexoinformativo.mx\/#organization\"},\"image\":{\"@id\":\"https:\/\/www.nexoinformativo.mx\/index.php\/2025\/02\/25\/bandera-de-mexico-simbolo-de-transformacion-y-soberania-sheinbaum-lidera-conmemoracion\/#primaryimage\"},\"thumbnailUrl\":\"https:\/\/www.nexoinformativo.mx\/wp-content\/uploads\/2025\/02\/IMG_0998.jpg\",\"keywords\":[\"ClaudiaSheinbaum\",\"D\u00edaDeLaBandera\",\"M\u00e9xicoTransformaci\u00f3n\",\"Soberan\u00edaMexicana\"],\"articleSection\":[\"Nacional\",\"\u00daltima Hora\"],\"inLanguage\":\"es\",\"potentialAction\":[{\"@type\":\"CommentAction\",\"name\":\"Comment\",\"target\":[\"https:\/\/www.nexoinformativo.mx\/index.php\/2025\/02\/25\/bandera-de-mexico-simbolo-de-transformacion-y-soberania-sheinbaum-lidera-conmemoracion\/#respond\"]}]},{\"@type\":\"WebPage\",\"@id\":\"https:\/\/www.nexoinformativo.mx\/index.php\/2025\/02\/25\/bandera-de-mexico-simbolo-de-transformacion-y-soberania-sheinbaum-lidera-conmemoracion\/\",\"url\":\"https:\/\/www.nexoinformativo.mx\/index.php\/2025\/02\/25\/bandera-de-mexico-simbolo-de-transformacion-y-soberania-sheinbaum-lidera-conmemoracion\/\",\"name\":\"Bandera de M\u00e9xico, s\u00edmbolo de transformaci\u00f3n y soberan\u00eda Sheinbaum lidera conmemoraci\u00f3n | Nexo Informativo Santiago de Quer\u00e9taro\",\"isPartOf\":{\"@id\":\"https:\/\/www.nexoinformativo.mx\/#website\"},\"primaryImageOfPage\":{\"@id\":\"https:\/\/www.nexoinformativo.mx\/index.php\/2025\/02\/25\/bandera-de-mexico-simbolo-de-transformacion-y-soberania-sheinbaum-lidera-conmemoracion\/#primaryimage\"},\"image\":{\"@id\":\"https:\/\/www.nexoinformativo.mx\/index.php\/2025\/02\/25\/bandera-de-mexico-simbolo-de-transformacion-y-soberania-sheinbaum-lidera-conmemoracion\/#primaryimage\"},\"thumbnailUrl\":\"https:\/\/www.nexoinformativo.mx\/wp-content\/uploads\/2025\/02\/IMG_0998.jpg\",\"datePublished\":\"2025-02-25T14:00:10+00:00\",\"dateModified\":\"2025-02-25T18:36:43+00:00\",\"description\":\"Bandera de M\u00e9xico, s\u00edmbolo de transformaci\u00f3n y soberan\u00eda Sheinbaum lidera conmemoraci\u00f3n\",\"breadcrumb\":{\"@id\":\"https:\/\/www.nexoinformativo.mx\/index.php\/2025\/02\/25\/bandera-de-mexico-simbolo-de-transformacion-y-soberania-sheinbaum-lidera-conmemoracion\/#breadcrumb\"},\"inLanguage\":\"es\",\"potentialAction\":[{\"@type\":\"ReadAction\",\"target\":[\"https:\/\/www.nexoinformativo.mx\/index.php\/2025\/02\/25\/bandera-de-mexico-simbolo-de-transformacion-y-soberania-sheinbaum-lidera-conmemoracion\/\"]}]},{\"@type\":\"ImageObject\",\"inLanguage\":\"es\",\"@id\":\"https:\/\/www.nexoinformativo.mx\/index.php\/2025\/02\/25\/bandera-de-mexico-simbolo-de-transformacion-y-soberania-sheinbaum-lidera-conmemoracion\/#primaryimage\",\"url\":\"https:\/\/www.nexoinformativo.mx\/wp-content\/uploads\/2025\/02\/IMG_0998.jpg\",\"contentUrl\":\"https:\/\/www.nexoinformativo.mx\/wp-content\/uploads\/2025\/02\/IMG_0998.jpg\",\"width\":650,\"height\":380,\"caption\":\"Cuauht\u00e9moc, Ciudad de M\u00e9xico. 24 de febrero 2025. La presidenta constitucional de los Estados Unidos Mexicanos, la Doctora Claudia Sheinbaum Pardo en Ceremonia Conmemorativa del D\u00eda de la Bandera. Acompa\u00f1an a la presidenta: Trevilla Trejo, secretario de la Defensa Nacional; Raymundo Pedro Morales, secretario de Marina; Rosa Icela Rodr\u00edguez Vel\u00e1zquez, secretaria de Gobernaci\u00f3n; Mario Delgado Carrillo, secretario de Educaci\u00f3n P\u00fablica; Clara Brugada, Jefa de Gobierno de la Ciudad de M\u00e9xico; L\u00e1zaro C\u00e1rdenas Batel, Jefe de la Oficina de la Presidencia; Sergio Carlos Guti\u00e9rrez Luma, presidente de la mesa directiva de la C\u00e1mara de Diputados; senador Jos\u00e9 Gerardo Fern\u00e1ndez Noro\u00f1a, presidente de la mesa directiva de la C\u00e1mara de Senadores. Foto: \/Presidencia\"},{\"@type\":\"BreadcrumbList\",\"@id\":\"https:\/\/www.nexoinformativo.mx\/index.php\/2025\/02\/25\/bandera-de-mexico-simbolo-de-transformacion-y-soberania-sheinbaum-lidera-conmemoracion\/#breadcrumb\",\"itemListElement\":[{\"@type\":\"ListItem\",\"position\":1,\"name\":\"Inicio\",\"item\":\"https:\/\/www.nexoinformativo.mx\/\"},{\"@type\":\"ListItem\",\"position\":2,\"name\":\"Bandera de M\u00e9xico, s\u00edmbolo de transformaci\u00f3n y soberan\u00eda Sheinbaum lidera conmemoraci\u00f3n\"}]},{\"@type\":\"WebSite\",\"@id\":\"https:\/\/www.nexoinformativo.mx\/#website\",\"url\":\"https:\/\/www.nexoinformativo.mx\/\",\"name\":\"Nexo Informativo Santiago de Quer\u00e9taro\",\"description\":\"Explora NexoInformativo y convi\u00e9rtete en parte de una comunidad que valora el conocimiento y la verdad. Tu nexoinformativo es tu puente hacia una comprensi\u00f3n m\u00e1s profunda del mundo que te rodea.\",\"publisher\":{\"@id\":\"https:\/\/www.nexoinformativo.mx\/#organization\"},\"potentialAction\":[{\"@type\":\"SearchAction\",\"target\":{\"@type\":\"EntryPoint\",\"urlTemplate\":\"https:\/\/www.nexoinformativo.mx\/?s={search_term_string}\"},\"query-input\":{\"@type\":\"PropertyValueSpecification\",\"valueRequired\":true,\"valueName\":\"search_term_string\"}}],\"inLanguage\":\"es\"},{\"@type\":\"Organization\",\"@id\":\"https:\/\/www.nexoinformativo.mx\/#organization\",\"name\":\"Nexo Informativo Santiago de Quer\u00e9taro\",\"url\":\"https:\/\/www.nexoinformativo.mx\/\",\"logo\":{\"@type\":\"ImageObject\",\"inLanguage\":\"es\",\"@id\":\"https:\/\/www.nexoinformativo.mx\/#\/schema\/logo\/image\/\",\"url\":\"https:\/\/www.nexoinformativo.mx\/wp-content\/uploads\/2024\/07\/nexoi-trasparente-2.png\",\"contentUrl\":\"https:\/\/www.nexoinformativo.mx\/wp-content\/uploads\/2024\/07\/nexoi-trasparente-2.png\",\"width\":816,\"height\":339,\"caption\":\"Nexo Informativo Santiago de Quer\u00e9taro\"},\"image\":{\"@id\":\"https:\/\/www.nexoinformativo.mx\/#\/schema\/logo\/image\/\"},\"sameAs\":[\"https:\/\/www.facebook.com\/people\/Nexo-Informativo\/61564066885511\/\"]},{\"@type\":\"Person\",\"@id\":\"https:\/\/www.nexoinformativo.mx\/#\/schema\/person\/7749d380ba08c8ca00d7bc76fd907b7d\",\"name\":\"Nexo Informativo\",\"image\":{\"@type\":\"ImageObject\",\"inLanguage\":\"es\",\"@id\":\"https:\/\/www.nexoinformativo.mx\/#\/schema\/person\/image\/\",\"url\":\"https:\/\/secure.gravatar.com\/avatar\/dde2928154642a13d95f87ddf1ea9718fe2b46760a005c53e41ff5ad610704e6?s=96&d=mm&r=g\",\"contentUrl\":\"https:\/\/secure.gravatar.com\/avatar\/dde2928154642a13d95f87ddf1ea9718fe2b46760a005c53e41ff5ad610704e6?s=96&d=mm&r=g\",\"caption\":\"Nexo Informativo\"},\"url\":\"https:\/\/www.nexoinformativo.mx\/index.php\/author\/edicion\/\"}]}<\/script>\n<!-- \/ Yoast SEO plugin. -->","yoast_head_json":{"title":"Bandera de M\u00e9xico, s\u00edmbolo de transformaci\u00f3n y soberan\u00eda Sheinbaum lidera conmemoraci\u00f3n | Nexo Informativo Santiago de Quer\u00e9taro","description":"Bandera de M\u00e9xico, s\u00edmbolo de transformaci\u00f3n y soberan\u00eda Sheinbaum lidera conmemoraci\u00f3n","robots":{"index":"index","follow":"follow","max-snippet":"max-snippet:-1","max-image-preview":"max-image-preview:large","max-video-preview":"max-video-preview:-1"},"canonical":"https:\/\/www.nexoinformativo.mx\/index.php\/2025\/02\/25\/bandera-de-mexico-simbolo-de-transformacion-y-soberania-sheinbaum-lidera-conmemoracion\/","og_locale":"es_MX","og_type":"article","og_title":"Bandera de M\u00e9xico, s\u00edmbolo de transformaci\u00f3n y soberan\u00eda Sheinbaum lidera conmemoraci\u00f3n | Nexo Informativo Santiago de Quer\u00e9taro","og_description":"Bandera de M\u00e9xico, s\u00edmbolo de transformaci\u00f3n y soberan\u00eda Sheinbaum lidera conmemoraci\u00f3n","og_url":"https:\/\/www.nexoinformativo.mx\/index.php\/2025\/02\/25\/bandera-de-mexico-simbolo-de-transformacion-y-soberania-sheinbaum-lidera-conmemoracion\/","og_site_name":"Nexo Informativo Santiago de Quer\u00e9taro","article_publisher":"https:\/\/www.facebook.com\/people\/Nexo-Informativo\/61564066885511\/","article_published_time":"2025-02-25T14:00:10+00:00","article_modified_time":"2025-02-25T18:36:43+00:00","og_image":[{"width":650,"height":380,"url":"https:\/\/www.nexoinformativo.mx\/wp-content\/uploads\/2025\/02\/IMG_0998.jpg","type":"image\/jpeg"}],"author":"Nexo Informativo","twitter_card":"summary_large_image","twitter_misc":{"Escrito por":"Nexo Informativo","Tiempo de lectura":"2 minutos"},"schema":{"@context":"https:\/\/schema.org","@graph":[{"@type":"Article","@id":"https:\/\/www.nexoinformativo.mx\/index.php\/2025\/02\/25\/bandera-de-mexico-simbolo-de-transformacion-y-soberania-sheinbaum-lidera-conmemoracion\/#article","isPartOf":{"@id":"https:\/\/www.nexoinformativo.mx\/index.php\/2025\/02\/25\/bandera-de-mexico-simbolo-de-transformacion-y-soberania-sheinbaum-lidera-conmemoracion\/"},"author":{"name":"Nexo Informativo","@id":"https:\/\/www.nexoinformativo.mx\/#\/schema\/person\/7749d380ba08c8ca00d7bc76fd907b7d"},"headline":"Bandera de M\u00e9xico, s\u00edmbolo de transformaci\u00f3n y soberan\u00eda Sheinbaum lidera conmemoraci\u00f3n","datePublished":"2025-02-25T14:00:10+00:00","dateModified":"2025-02-25T18:36:43+00:00","mainEntityOfPage":{"@id":"https:\/\/www.nexoinformativo.mx\/index.php\/2025\/02\/25\/bandera-de-mexico-simbolo-de-transformacion-y-soberania-sheinbaum-lidera-conmemoracion\/"},"wordCount":254,"commentCount":0,"publisher":{"@id":"https:\/\/www.nexoinformativo.mx\/#organization"},"image":{"@id":"https:\/\/www.nexoinformativo.mx\/index.php\/2025\/02\/25\/bandera-de-mexico-simbolo-de-transformacion-y-soberania-sheinbaum-lidera-conmemoracion\/#primaryimage"},"thumbnailUrl":"https:\/\/www.nexoinformativo.mx\/wp-content\/uploads\/2025\/02\/IMG_0998.jpg","keywords":["ClaudiaSheinbaum","D\u00edaDeLaBandera","M\u00e9xicoTransformaci\u00f3n","Soberan\u00edaMexicana"],"articleSection":["Nacional","\u00daltima Hora"],"inLanguage":"es","potentialAction":[{"@type":"CommentAction","name":"Comment","target":["https:\/\/www.nexoinformativo.mx\/index.php\/2025\/02\/25\/bandera-de-mexico-simbolo-de-transformacion-y-soberania-sheinbaum-lidera-conmemoracion\/#respond"]}]},{"@type":"WebPage","@id":"https:\/\/www.nexoinformativo.mx\/index.php\/2025\/02\/25\/bandera-de-mexico-simbolo-de-transformacion-y-soberania-sheinbaum-lidera-conmemoracion\/","url":"https:\/\/www.nexoinformativo.mx\/index.php\/2025\/02\/25\/bandera-de-mexico-simbolo-de-transformacion-y-soberania-sheinbaum-lidera-conmemoracion\/","name":"Bandera de M\u00e9xico, s\u00edmbolo de transformaci\u00f3n y soberan\u00eda Sheinbaum lidera conmemoraci\u00f3n | Nexo Informativo Santiago de Quer\u00e9taro","isPartOf":{"@id":"https:\/\/www.nexoinformativo.mx\/#website"},"primaryImageOfPage":{"@id":"https:\/\/www.nexoinformativo.mx\/index.php\/2025\/02\/25\/bandera-de-mexico-simbolo-de-transformacion-y-soberania-sheinbaum-lidera-conmemoracion\/#primaryimage"},"image":{"@id":"https:\/\/www.nexoinformativo.mx\/index.php\/2025\/02\/25\/bandera-de-mexico-simbolo-de-transformacion-y-soberania-sheinbaum-lidera-conmemoracion\/#primaryimage"},"thumbnailUrl":"https:\/\/www.nexoinformativo.mx\/wp-content\/uploads\/2025\/02\/IMG_0998.jpg","datePublished":"2025-02-25T14:00:10+00:00","dateModified":"2025-02-25T18:36:43+00:00","description":"Bandera de M\u00e9xico, s\u00edmbolo de transformaci\u00f3n y soberan\u00eda Sheinbaum lidera conmemoraci\u00f3n","breadcrumb":{"@id":"https:\/\/www.nexoinformativo.mx\/index.php\/2025\/02\/25\/bandera-de-mexico-simbolo-de-transformacion-y-soberania-sheinbaum-lidera-conmemoracion\/#breadcrumb"},"inLanguage":"es","potentialAction":[{"@type":"ReadAction","target":["https:\/\/www.nexoinformativo.mx\/index.php\/2025\/02\/25\/bandera-de-mexico-simbolo-de-transformacion-y-soberania-sheinbaum-lidera-conmemoracion\/"]}]},{"@type":"ImageObject","inLanguage":"es","@id":"https:\/\/www.nexoinformativo.mx\/index.php\/2025\/02\/25\/bandera-de-mexico-simbolo-de-transformacion-y-soberania-sheinbaum-lidera-conmemoracion\/#primaryimage","url":"https:\/\/www.nexoinformativo.mx\/wp-content\/uploads\/2025\/02\/IMG_0998.jpg","contentUrl":"https:\/\/www.nexoinformativo.mx\/wp-content\/uploads\/2025\/02\/IMG_0998.jpg","width":650,"height":380,"caption":"Cuauht\u00e9moc, Ciudad de M\u00e9xico. 24 de febrero 2025. La presidenta constitucional de los Estados Unidos Mexicanos, la Doctora Claudia Sheinbaum Pardo en Ceremonia Conmemorativa del D\u00eda de la Bandera. Acompa\u00f1an a la presidenta: Trevilla Trejo, secretario de la Defensa Nacional; Raymundo Pedro Morales, secretario de Marina; Rosa Icela Rodr\u00edguez Vel\u00e1zquez, secretaria de Gobernaci\u00f3n; Mario Delgado Carrillo, secretario de Educaci\u00f3n P\u00fablica; Clara Brugada, Jefa de Gobierno de la Ciudad de M\u00e9xico; L\u00e1zaro C\u00e1rdenas Batel, Jefe de la Oficina de la Presidencia; Sergio Carlos Guti\u00e9rrez Luma, presidente de la mesa directiva de la C\u00e1mara de Diputados; senador Jos\u00e9 Gerardo Fern\u00e1ndez Noro\u00f1a, presidente de la mesa directiva de la C\u00e1mara de Senadores. Foto: \/Presidencia"},{"@type":"BreadcrumbList","@id":"https:\/\/www.nexoinformativo.mx\/index.php\/2025\/02\/25\/bandera-de-mexico-simbolo-de-transformacion-y-soberania-sheinbaum-lidera-conmemoracion\/#breadcrumb","itemListElement":[{"@type":"ListItem","position":1,"name":"Inicio","item":"https:\/\/www.nexoinformativo.mx\/"},{"@type":"ListItem","position":2,"name":"Bandera de M\u00e9xico, s\u00edmbolo de transformaci\u00f3n y soberan\u00eda Sheinbaum lidera conmemoraci\u00f3n"}]},{"@type":"WebSite","@id":"https:\/\/www.nexoinformativo.mx\/#website","url":"https:\/\/www.nexoinformativo.mx\/","name":"Nexo Informativo Santiago de Quer\u00e9taro","description":"Explora NexoInformativo y convi\u00e9rtete en parte de una comunidad que valora el conocimiento y la verdad. Tu nexoinformativo es tu puente hacia una comprensi\u00f3n m\u00e1s profunda del mundo que te rodea.","publisher":{"@id":"https:\/\/www.nexoinformativo.mx\/#organization"},"potentialAction":[{"@type":"SearchAction","target":{"@type":"EntryPoint","urlTemplate":"https:\/\/www.nexoinformativo.mx\/?s={search_term_string}"},"query-input":{"@type":"PropertyValueSpecification","valueRequired":true,"valueName":"search_term_string"}}],"inLanguage":"es"},{"@type":"Organization","@id":"https:\/\/www.nexoinformativo.mx\/#organization","name":"Nexo Informativo Santiago de Quer\u00e9taro","url":"https:\/\/www.nexoinformativo.mx\/","logo":{"@type":"ImageObject","inLanguage":"es","@id":"https:\/\/www.nexoinformativo.mx\/#\/schema\/logo\/image\/","url":"https:\/\/www.nexoinformativo.mx\/wp-content\/uploads\/2024\/07\/nexoi-trasparente-2.png","contentUrl":"https:\/\/www.nexoinformativo.mx\/wp-content\/uploads\/2024\/07\/nexoi-trasparente-2.png","width":816,"height":339,"caption":"Nexo Informativo Santiago de Quer\u00e9taro"},"image":{"@id":"https:\/\/www.nexoinformativo.mx\/#\/schema\/logo\/image\/"},"sameAs":["https:\/\/www.facebook.com\/people\/Nexo-Informativo\/61564066885511\/"]},{"@type":"Person","@id":"https:\/\/www.nexoinformativo.mx\/#\/schema\/person\/7749d380ba08c8ca00d7bc76fd907b7d","name":"Nexo Informativo","image":{"@type":"ImageObject","inLanguage":"es","@id":"https:\/\/www.nexoinformativo.mx\/#\/schema\/person\/image\/","url":"https:\/\/secure.gravatar.com\/avatar\/dde2928154642a13d95f87ddf1ea9718fe2b46760a005c53e41ff5ad610704e6?s=96&d=mm&r=g","contentUrl":"https:\/\/secure.gravatar.com\/avatar\/dde2928154642a13d95f87ddf1ea9718fe2b46760a005c53e41ff5ad610704e6?s=96&d=mm&r=g","caption":"Nexo Informativo"},"url":"https:\/\/www.nexoinformativo.mx\/index.php\/author\/edicion\/"}]}},"_links":{"self":[{"href":"https:\/\/www.nexoinformativo.mx\/index.php\/wp-json\/wp\/v2\/posts\/12031","targetHints":{"allow":["GET"]}}],"collection":[{"href":"https:\/\/www.nexoinformativo.mx\/index.php\/wp-json\/wp\/v2\/posts"}],"about":[{"href":"https:\/\/www.nexoinformativo.mx\/index.php\/wp-json\/wp\/v2\/types\/post"}],"author":[{"embeddable":true,"href":"https:\/\/www.nexoinformativo.mx\/index.php\/wp-json\/wp\/v2\/users\/3"}],"replies":[{"embeddable":true,"href":"https:\/\/www.nexoinformativo.mx\/index.php\/wp-json\/wp\/v2\/comments?post=12031"}],"version-history":[{"count":3,"href":"https:\/\/www.nexoinformativo.mx\/index.php\/wp-json\/wp\/v2\/posts\/12031\/revisions"}],"predecessor-version":[{"id":12035,"href":"https:\/\/www.nexoinformativo.mx\/index.php\/wp-json\/wp\/v2\/posts\/12031\/revisions\/12035"}],"wp:featuredmedia":[{"embeddable":true,"href":"https:\/\/www.nexoinformativo.mx\/index.php\/wp-json\/wp\/v2\/media\/12032"}],"wp:attachment":[{"href":"https:\/\/www.nexoinformativo.mx\/index.php\/wp-json\/wp\/v2\/media?parent=12031"}],"wp:term":[{"taxonomy":"category","embeddable":true,"href":"https:\/\/www.nexoinformativo.mx\/index.php\/wp-json\/wp\/v2\/categories?post=12031"},{"taxonomy":"post_tag","embeddable":true,"href":"https:\/\/www.nexoinformativo.mx\/index.php\/wp-json\/wp\/v2\/tags?post=12031"}],"curies":[{"name":"wp","href":"https:\/\/api.w.org\/{rel}","templated":true}]}}