{"id":12041,"date":"2025-02-25T10:00:14","date_gmt":"2025-02-25T16:00:14","guid":{"rendered":"https:\/\/www.nexoinformativo.mx\/?p=12041"},"modified":"2025-02-25T12:47:26","modified_gmt":"2025-02-25T18:47:26","slug":"profepa-libera-a-dos-lobos-marinos-atrapados-en-mallas-de-pesca-en-baja-california-sur","status":"publish","type":"post","link":"https:\/\/www.nexoinformativo.mx\/index.php\/2025\/02\/25\/profepa-libera-a-dos-lobos-marinos-atrapados-en-mallas-de-pesca-en-baja-california-sur\/","title":{"rendered":"Profepa libera a dos lobos marinos atrapados en mallas de pesca en Baja California Sur"},"content":{"rendered":"<p style=\"text-align: justify;\" data-sourcepos=\"11:1-11:325\"><strong>La Procuradur\u00eda Federal de Protecci\u00f3n al Ambiente<\/strong> (Profepa) llev\u00f3 a cabo un exitoso rescate de dos lobos marinos de California, Zalophus Californianus, que se encontraban atrapados en mallas de pesca en las inmediaciones de Isla Esp\u00edritu Santo y Faro de San Rafaelito, Baja California Sur.<\/p>\n<p>&nbsp;<\/p>\n<p style=\"text-align: justify;\" data-sourcepos=\"13:1-13:322\">Gracias a las denuncias de prestadores de servicios tur\u00edsticos, la Profepa activ\u00f3 la Red de Varamiento de Mam\u00edferos Marinos y, en colaboraci\u00f3n con la<strong> Comisi\u00f3n Nacional de \u00c1reas Naturales Protegidas<\/strong> (Conanp), <strong>la Secretar\u00eda de Marina<\/strong> (Semar), <strong>Marine Wildlife Rescue Center y Cabo Dolphin<\/strong>, se realiz\u00f3 el operativo de rescate.<\/p>\n<p>&nbsp;<\/p>\n<p style=\"text-align: justify;\" data-sourcepos=\"15:1-15:237\">En Isla Esp\u00edritu Santo, se encontraron tres ejemplares con marcas cicatrizadas en el cuello, sin rastros de redes. En el Faro de San Rafaelito, dos lobos marinos ten\u00edan redes enredadas en el cuello, las cuales fueron retiradas con \u00e9xito.<\/p>\n<p>&nbsp;<\/p>\n<p style=\"text-align: justify;\" data-sourcepos=\"17:1-17:68\">Ambos ejemplares fueron liberados y regresaron a su h\u00e1bitat natural. En el operativo participaron autoridades federales, estatales y municipales, as\u00ed como grupos de voluntarios. La Profepa continuar\u00e1 monitoreando la zona en los pr\u00f3ximos d\u00edas.<\/p>\n<p>&nbsp;<\/p>\n<p style=\"text-align: center;\" data-sourcepos=\"17:1-17:68\"><em><strong>\u00a1Informaci\u00f3n que transforma!<\/strong><\/em><\/p>\n","protected":false},"excerpt":{"rendered":"<p>La Procuradur\u00eda Federal de Protecci\u00f3n al Ambiente (Profepa) llev\u00f3 a cabo un exitoso rescate de dos lobos marinos de California, Zalophus Californianus, que se encontraban atrapados en mallas de pesca en las inmediaciones de Isla Esp\u00edritu Santo y Faro de San Rafaelito, Baja California Sur.<\/p>\n","protected":false},"author":3,"featured_media":12045,"comment_status":"open","ping_status":"open","sticky":false,"template":"","format":"standard","meta":{"footnotes":""},"categories":[88,137,58],"tags":[3525,2888,3524,2625],"class_list":["post-12041","post","type-post","status-publish","format-standard","has-post-thumbnail","hentry","category-nacional","category-sucesos","category-ultima-hora","tag-bajacaliforniasur","tag-conservacionmarina","tag-lobosmarinos","tag-profepa"],"yoast_head":"<!-- This site is optimized with the Yoast SEO plugin v25.0 - https:\/\/yoast.com\/wordpress\/plugins\/seo\/ -->\n<title>Profepa libera a dos lobos marinos atrapados en mallas de pesca en Baja California Sur | Nexo Informativo Santiago de Quer\u00e9taro<\/title>\n<meta name=\"description\" content=\"Profepa libera a dos lobos marinos atrapados en mallas de pesca en Baja California Sur\" \/>\n<meta name=\"robots\" content=\"index, follow, max-snippet:-1, max-image-preview:large, max-video-preview:-1\" \/>\n<link rel=\"canonical\" href=\"https:\/\/www.nexoinformativo.mx\/index.php\/2025\/02\/25\/profepa-libera-a-dos-lobos-marinos-atrapados-en-mallas-de-pesca-en-baja-california-sur\/\" \/>\n<meta property=\"og:locale\" content=\"es_MX\" \/>\n<meta property=\"og:type\" content=\"article\" \/>\n<meta property=\"og:title\" content=\"Profepa libera a dos lobos marinos atrapados en mallas de pesca en Baja California Sur | Nexo Informativo Santiago de Quer\u00e9taro\" \/>\n<meta property=\"og:description\" content=\"Profepa libera a dos lobos marinos atrapados en mallas de pesca en Baja California Sur\" \/>\n<meta property=\"og:url\" content=\"https:\/\/www.nexoinformativo.mx\/index.php\/2025\/02\/25\/profepa-libera-a-dos-lobos-marinos-atrapados-en-mallas-de-pesca-en-baja-california-sur\/\" \/>\n<meta property=\"og:site_name\" content=\"Nexo Informativo Santiago de Quer\u00e9taro\" \/>\n<meta property=\"article:publisher\" content=\"https:\/\/www.facebook.com\/people\/Nexo-Informativo\/61564066885511\/\" \/>\n<meta property=\"article:published_time\" content=\"2025-02-25T16:00:14+00:00\" \/>\n<meta property=\"article:modified_time\" content=\"2025-02-25T18:47:26+00:00\" \/>\n<meta property=\"og:image\" content=\"https:\/\/www.nexoinformativo.mx\/wp-content\/uploads\/2025\/02\/IMG_1002-e1740509240506.jpg\" \/>\n\t<meta property=\"og:image:width\" content=\"800\" \/>\n\t<meta property=\"og:image:height\" content=\"911\" \/>\n\t<meta property=\"og:image:type\" content=\"image\/jpeg\" \/>\n<meta name=\"author\" content=\"Nexo Informativo\" \/>\n<meta name=\"twitter:card\" content=\"summary_large_image\" \/>\n<meta name=\"twitter:label1\" content=\"Escrito por\" \/>\n\t<meta name=\"twitter:data1\" content=\"Nexo Informativo\" \/>\n\t<meta name=\"twitter:label2\" content=\"Tiempo de lectura\" \/>\n\t<meta name=\"twitter:data2\" content=\"1 minuto\" \/>\n<script type=\"application\/ld+json\" class=\"yoast-schema-graph\">{\"@context\":\"https:\/\/schema.org\",\"@graph\":[{\"@type\":\"Article\",\"@id\":\"https:\/\/www.nexoinformativo.mx\/index.php\/2025\/02\/25\/profepa-libera-a-dos-lobos-marinos-atrapados-en-mallas-de-pesca-en-baja-california-sur\/#article\",\"isPartOf\":{\"@id\":\"https:\/\/www.nexoinformativo.mx\/index.php\/2025\/02\/25\/profepa-libera-a-dos-lobos-marinos-atrapados-en-mallas-de-pesca-en-baja-california-sur\/\"},\"author\":{\"name\":\"Nexo Informativo\",\"@id\":\"https:\/\/www.nexoinformativo.mx\/#\/schema\/person\/7749d380ba08c8ca00d7bc76fd907b7d\"},\"headline\":\"Profepa libera a dos lobos marinos atrapados en mallas de pesca en Baja California Sur\",\"datePublished\":\"2025-02-25T16:00:14+00:00\",\"dateModified\":\"2025-02-25T18:47:26+00:00\",\"mainEntityOfPage\":{\"@id\":\"https:\/\/www.nexoinformativo.mx\/index.php\/2025\/02\/25\/profepa-libera-a-dos-lobos-marinos-atrapados-en-mallas-de-pesca-en-baja-california-sur\/\"},\"wordCount\":203,\"commentCount\":0,\"publisher\":{\"@id\":\"https:\/\/www.nexoinformativo.mx\/#organization\"},\"image\":{\"@id\":\"https:\/\/www.nexoinformativo.mx\/index.php\/2025\/02\/25\/profepa-libera-a-dos-lobos-marinos-atrapados-en-mallas-de-pesca-en-baja-california-sur\/#primaryimage\"},\"thumbnailUrl\":\"https:\/\/www.nexoinformativo.mx\/wp-content\/uploads\/2025\/02\/IMG_1002-e1740509240506.jpg\",\"keywords\":[\"BajaCaliforniaSur\",\"Conservaci\u00f3nMarina\",\"LobosMarinos\",\"Profepa\"],\"articleSection\":[\"Nacional\",\"Sucesos\",\"\u00daltima Hora\"],\"inLanguage\":\"es\",\"potentialAction\":[{\"@type\":\"CommentAction\",\"name\":\"Comment\",\"target\":[\"https:\/\/www.nexoinformativo.mx\/index.php\/2025\/02\/25\/profepa-libera-a-dos-lobos-marinos-atrapados-en-mallas-de-pesca-en-baja-california-sur\/#respond\"]}]},{\"@type\":\"WebPage\",\"@id\":\"https:\/\/www.nexoinformativo.mx\/index.php\/2025\/02\/25\/profepa-libera-a-dos-lobos-marinos-atrapados-en-mallas-de-pesca-en-baja-california-sur\/\",\"url\":\"https:\/\/www.nexoinformativo.mx\/index.php\/2025\/02\/25\/profepa-libera-a-dos-lobos-marinos-atrapados-en-mallas-de-pesca-en-baja-california-sur\/\",\"name\":\"Profepa libera a dos lobos marinos atrapados en mallas de pesca en Baja California Sur | Nexo Informativo Santiago de Quer\u00e9taro\",\"isPartOf\":{\"@id\":\"https:\/\/www.nexoinformativo.mx\/#website\"},\"primaryImageOfPage\":{\"@id\":\"https:\/\/www.nexoinformativo.mx\/index.php\/2025\/02\/25\/profepa-libera-a-dos-lobos-marinos-atrapados-en-mallas-de-pesca-en-baja-california-sur\/#primaryimage\"},\"image\":{\"@id\":\"https:\/\/www.nexoinformativo.mx\/index.php\/2025\/02\/25\/profepa-libera-a-dos-lobos-marinos-atrapados-en-mallas-de-pesca-en-baja-california-sur\/#primaryimage\"},\"thumbnailUrl\":\"https:\/\/www.nexoinformativo.mx\/wp-content\/uploads\/2025\/02\/IMG_1002-e1740509240506.jpg\",\"datePublished\":\"2025-02-25T16:00:14+00:00\",\"dateModified\":\"2025-02-25T18:47:26+00:00\",\"description\":\"Profepa libera a dos lobos marinos atrapados en mallas de pesca en Baja California Sur\",\"breadcrumb\":{\"@id\":\"https:\/\/www.nexoinformativo.mx\/index.php\/2025\/02\/25\/profepa-libera-a-dos-lobos-marinos-atrapados-en-mallas-de-pesca-en-baja-california-sur\/#breadcrumb\"},\"inLanguage\":\"es\",\"potentialAction\":[{\"@type\":\"ReadAction\",\"target\":[\"https:\/\/www.nexoinformativo.mx\/index.php\/2025\/02\/25\/profepa-libera-a-dos-lobos-marinos-atrapados-en-mallas-de-pesca-en-baja-california-sur\/\"]}]},{\"@type\":\"ImageObject\",\"inLanguage\":\"es\",\"@id\":\"https:\/\/www.nexoinformativo.mx\/index.php\/2025\/02\/25\/profepa-libera-a-dos-lobos-marinos-atrapados-en-mallas-de-pesca-en-baja-california-sur\/#primaryimage\",\"url\":\"https:\/\/www.nexoinformativo.mx\/wp-content\/uploads\/2025\/02\/IMG_1002-e1740509240506.jpg\",\"contentUrl\":\"https:\/\/www.nexoinformativo.mx\/wp-content\/uploads\/2025\/02\/IMG_1002-e1740509240506.jpg\",\"width\":800,\"height\":911},{\"@type\":\"BreadcrumbList\",\"@id\":\"https:\/\/www.nexoinformativo.mx\/index.php\/2025\/02\/25\/profepa-libera-a-dos-lobos-marinos-atrapados-en-mallas-de-pesca-en-baja-california-sur\/#breadcrumb\",\"itemListElement\":[{\"@type\":\"ListItem\",\"position\":1,\"name\":\"Inicio\",\"item\":\"https:\/\/www.nexoinformativo.mx\/\"},{\"@type\":\"ListItem\",\"position\":2,\"name\":\"Profepa libera a dos lobos marinos atrapados en mallas de pesca en Baja California Sur\"}]},{\"@type\":\"WebSite\",\"@id\":\"https:\/\/www.nexoinformativo.mx\/#website\",\"url\":\"https:\/\/www.nexoinformativo.mx\/\",\"name\":\"Nexo Informativo Santiago de Quer\u00e9taro\",\"description\":\"Explora NexoInformativo y convi\u00e9rtete en parte de una comunidad que valora el conocimiento y la verdad. Tu nexoinformativo es tu puente hacia una comprensi\u00f3n m\u00e1s profunda del mundo que te rodea.\",\"publisher\":{\"@id\":\"https:\/\/www.nexoinformativo.mx\/#organization\"},\"potentialAction\":[{\"@type\":\"SearchAction\",\"target\":{\"@type\":\"EntryPoint\",\"urlTemplate\":\"https:\/\/www.nexoinformativo.mx\/?s={search_term_string}\"},\"query-input\":{\"@type\":\"PropertyValueSpecification\",\"valueRequired\":true,\"valueName\":\"search_term_string\"}}],\"inLanguage\":\"es\"},{\"@type\":\"Organization\",\"@id\":\"https:\/\/www.nexoinformativo.mx\/#organization\",\"name\":\"Nexo Informativo Santiago de Quer\u00e9taro\",\"url\":\"https:\/\/www.nexoinformativo.mx\/\",\"logo\":{\"@type\":\"ImageObject\",\"inLanguage\":\"es\",\"@id\":\"https:\/\/www.nexoinformativo.mx\/#\/schema\/logo\/image\/\",\"url\":\"https:\/\/www.nexoinformativo.mx\/wp-content\/uploads\/2024\/07\/nexoi-trasparente-2.png\",\"contentUrl\":\"https:\/\/www.nexoinformativo.mx\/wp-content\/uploads\/2024\/07\/nexoi-trasparente-2.png\",\"width\":816,\"height\":339,\"caption\":\"Nexo Informativo Santiago de Quer\u00e9taro\"},\"image\":{\"@id\":\"https:\/\/www.nexoinformativo.mx\/#\/schema\/logo\/image\/\"},\"sameAs\":[\"https:\/\/www.facebook.com\/people\/Nexo-Informativo\/61564066885511\/\"]},{\"@type\":\"Person\",\"@id\":\"https:\/\/www.nexoinformativo.mx\/#\/schema\/person\/7749d380ba08c8ca00d7bc76fd907b7d\",\"name\":\"Nexo Informativo\",\"image\":{\"@type\":\"ImageObject\",\"inLanguage\":\"es\",\"@id\":\"https:\/\/www.nexoinformativo.mx\/#\/schema\/person\/image\/\",\"url\":\"https:\/\/secure.gravatar.com\/avatar\/dde2928154642a13d95f87ddf1ea9718fe2b46760a005c53e41ff5ad610704e6?s=96&d=mm&r=g\",\"contentUrl\":\"https:\/\/secure.gravatar.com\/avatar\/dde2928154642a13d95f87ddf1ea9718fe2b46760a005c53e41ff5ad610704e6?s=96&d=mm&r=g\",\"caption\":\"Nexo Informativo\"},\"url\":\"https:\/\/www.nexoinformativo.mx\/index.php\/author\/edicion\/\"}]}<\/script>\n<!-- \/ Yoast SEO plugin. -->","yoast_head_json":{"title":"Profepa libera a dos lobos marinos atrapados en mallas de pesca en Baja California Sur | Nexo Informativo Santiago de Quer\u00e9taro","description":"Profepa libera a dos lobos marinos atrapados en mallas de pesca en Baja California Sur","robots":{"index":"index","follow":"follow","max-snippet":"max-snippet:-1","max-image-preview":"max-image-preview:large","max-video-preview":"max-video-preview:-1"},"canonical":"https:\/\/www.nexoinformativo.mx\/index.php\/2025\/02\/25\/profepa-libera-a-dos-lobos-marinos-atrapados-en-mallas-de-pesca-en-baja-california-sur\/","og_locale":"es_MX","og_type":"article","og_title":"Profepa libera a dos lobos marinos atrapados en mallas de pesca en Baja California Sur | Nexo Informativo Santiago de Quer\u00e9taro","og_description":"Profepa libera a dos lobos marinos atrapados en mallas de pesca en Baja California Sur","og_url":"https:\/\/www.nexoinformativo.mx\/index.php\/2025\/02\/25\/profepa-libera-a-dos-lobos-marinos-atrapados-en-mallas-de-pesca-en-baja-california-sur\/","og_site_name":"Nexo Informativo Santiago de Quer\u00e9taro","article_publisher":"https:\/\/www.facebook.com\/people\/Nexo-Informativo\/61564066885511\/","article_published_time":"2025-02-25T16:00:14+00:00","article_modified_time":"2025-02-25T18:47:26+00:00","og_image":[{"width":800,"height":911,"url":"https:\/\/www.nexoinformativo.mx\/wp-content\/uploads\/2025\/02\/IMG_1002-e1740509240506.jpg","type":"image\/jpeg"}],"author":"Nexo Informativo","twitter_card":"summary_large_image","twitter_misc":{"Escrito por":"Nexo Informativo","Tiempo de lectura":"1 minuto"},"schema":{"@context":"https:\/\/schema.org","@graph":[{"@type":"Article","@id":"https:\/\/www.nexoinformativo.mx\/index.php\/2025\/02\/25\/profepa-libera-a-dos-lobos-marinos-atrapados-en-mallas-de-pesca-en-baja-california-sur\/#article","isPartOf":{"@id":"https:\/\/www.nexoinformativo.mx\/index.php\/2025\/02\/25\/profepa-libera-a-dos-lobos-marinos-atrapados-en-mallas-de-pesca-en-baja-california-sur\/"},"author":{"name":"Nexo Informativo","@id":"https:\/\/www.nexoinformativo.mx\/#\/schema\/person\/7749d380ba08c8ca00d7bc76fd907b7d"},"headline":"Profepa libera a dos lobos marinos atrapados en mallas de pesca en Baja California Sur","datePublished":"2025-02-25T16:00:14+00:00","dateModified":"2025-02-25T18:47:26+00:00","mainEntityOfPage":{"@id":"https:\/\/www.nexoinformativo.mx\/index.php\/2025\/02\/25\/profepa-libera-a-dos-lobos-marinos-atrapados-en-mallas-de-pesca-en-baja-california-sur\/"},"wordCount":203,"commentCount":0,"publisher":{"@id":"https:\/\/www.nexoinformativo.mx\/#organization"},"image":{"@id":"https:\/\/www.nexoinformativo.mx\/index.php\/2025\/02\/25\/profepa-libera-a-dos-lobos-marinos-atrapados-en-mallas-de-pesca-en-baja-california-sur\/#primaryimage"},"thumbnailUrl":"https:\/\/www.nexoinformativo.mx\/wp-content\/uploads\/2025\/02\/IMG_1002-e1740509240506.jpg","keywords":["BajaCaliforniaSur","Conservaci\u00f3nMarina","LobosMarinos","Profepa"],"articleSection":["Nacional","Sucesos","\u00daltima Hora"],"inLanguage":"es","potentialAction":[{"@type":"CommentAction","name":"Comment","target":["https:\/\/www.nexoinformativo.mx\/index.php\/2025\/02\/25\/profepa-libera-a-dos-lobos-marinos-atrapados-en-mallas-de-pesca-en-baja-california-sur\/#respond"]}]},{"@type":"WebPage","@id":"https:\/\/www.nexoinformativo.mx\/index.php\/2025\/02\/25\/profepa-libera-a-dos-lobos-marinos-atrapados-en-mallas-de-pesca-en-baja-california-sur\/","url":"https:\/\/www.nexoinformativo.mx\/index.php\/2025\/02\/25\/profepa-libera-a-dos-lobos-marinos-atrapados-en-mallas-de-pesca-en-baja-california-sur\/","name":"Profepa libera a dos lobos marinos atrapados en mallas de pesca en Baja California Sur | Nexo Informativo Santiago de Quer\u00e9taro","isPartOf":{"@id":"https:\/\/www.nexoinformativo.mx\/#website"},"primaryImageOfPage":{"@id":"https:\/\/www.nexoinformativo.mx\/index.php\/2025\/02\/25\/profepa-libera-a-dos-lobos-marinos-atrapados-en-mallas-de-pesca-en-baja-california-sur\/#primaryimage"},"image":{"@id":"https:\/\/www.nexoinformativo.mx\/index.php\/2025\/02\/25\/profepa-libera-a-dos-lobos-marinos-atrapados-en-mallas-de-pesca-en-baja-california-sur\/#primaryimage"},"thumbnailUrl":"https:\/\/www.nexoinformativo.mx\/wp-content\/uploads\/2025\/02\/IMG_1002-e1740509240506.jpg","datePublished":"2025-02-25T16:00:14+00:00","dateModified":"2025-02-25T18:47:26+00:00","description":"Profepa libera a dos lobos marinos atrapados en mallas de pesca en Baja California Sur","breadcrumb":{"@id":"https:\/\/www.nexoinformativo.mx\/index.php\/2025\/02\/25\/profepa-libera-a-dos-lobos-marinos-atrapados-en-mallas-de-pesca-en-baja-california-sur\/#breadcrumb"},"inLanguage":"es","potentialAction":[{"@type":"ReadAction","target":["https:\/\/www.nexoinformativo.mx\/index.php\/2025\/02\/25\/profepa-libera-a-dos-lobos-marinos-atrapados-en-mallas-de-pesca-en-baja-california-sur\/"]}]},{"@type":"ImageObject","inLanguage":"es","@id":"https:\/\/www.nexoinformativo.mx\/index.php\/2025\/02\/25\/profepa-libera-a-dos-lobos-marinos-atrapados-en-mallas-de-pesca-en-baja-california-sur\/#primaryimage","url":"https:\/\/www.nexoinformativo.mx\/wp-content\/uploads\/2025\/02\/IMG_1002-e1740509240506.jpg","contentUrl":"https:\/\/www.nexoinformativo.mx\/wp-content\/uploads\/2025\/02\/IMG_1002-e1740509240506.jpg","width":800,"height":911},{"@type":"BreadcrumbList","@id":"https:\/\/www.nexoinformativo.mx\/index.php\/2025\/02\/25\/profepa-libera-a-dos-lobos-marinos-atrapados-en-mallas-de-pesca-en-baja-california-sur\/#breadcrumb","itemListElement":[{"@type":"ListItem","position":1,"name":"Inicio","item":"https:\/\/www.nexoinformativo.mx\/"},{"@type":"ListItem","position":2,"name":"Profepa libera a dos lobos marinos atrapados en mallas de pesca en Baja California Sur"}]},{"@type":"WebSite","@id":"https:\/\/www.nexoinformativo.mx\/#website","url":"https:\/\/www.nexoinformativo.mx\/","name":"Nexo Informativo Santiago de Quer\u00e9taro","description":"Explora NexoInformativo y convi\u00e9rtete en parte de una comunidad que valora el conocimiento y la verdad. Tu nexoinformativo es tu puente hacia una comprensi\u00f3n m\u00e1s profunda del mundo que te rodea.","publisher":{"@id":"https:\/\/www.nexoinformativo.mx\/#organization"},"potentialAction":[{"@type":"SearchAction","target":{"@type":"EntryPoint","urlTemplate":"https:\/\/www.nexoinformativo.mx\/?s={search_term_string}"},"query-input":{"@type":"PropertyValueSpecification","valueRequired":true,"valueName":"search_term_string"}}],"inLanguage":"es"},{"@type":"Organization","@id":"https:\/\/www.nexoinformativo.mx\/#organization","name":"Nexo Informativo Santiago de Quer\u00e9taro","url":"https:\/\/www.nexoinformativo.mx\/","logo":{"@type":"ImageObject","inLanguage":"es","@id":"https:\/\/www.nexoinformativo.mx\/#\/schema\/logo\/image\/","url":"https:\/\/www.nexoinformativo.mx\/wp-content\/uploads\/2024\/07\/nexoi-trasparente-2.png","contentUrl":"https:\/\/www.nexoinformativo.mx\/wp-content\/uploads\/2024\/07\/nexoi-trasparente-2.png","width":816,"height":339,"caption":"Nexo Informativo Santiago de Quer\u00e9taro"},"image":{"@id":"https:\/\/www.nexoinformativo.mx\/#\/schema\/logo\/image\/"},"sameAs":["https:\/\/www.facebook.com\/people\/Nexo-Informativo\/61564066885511\/"]},{"@type":"Person","@id":"https:\/\/www.nexoinformativo.mx\/#\/schema\/person\/7749d380ba08c8ca00d7bc76fd907b7d","name":"Nexo Informativo","image":{"@type":"ImageObject","inLanguage":"es","@id":"https:\/\/www.nexoinformativo.mx\/#\/schema\/person\/image\/","url":"https:\/\/secure.gravatar.com\/avatar\/dde2928154642a13d95f87ddf1ea9718fe2b46760a005c53e41ff5ad610704e6?s=96&d=mm&r=g","contentUrl":"https:\/\/secure.gravatar.com\/avatar\/dde2928154642a13d95f87ddf1ea9718fe2b46760a005c53e41ff5ad610704e6?s=96&d=mm&r=g","caption":"Nexo Informativo"},"url":"https:\/\/www.nexoinformativo.mx\/index.php\/author\/edicion\/"}]}},"_links":{"self":[{"href":"https:\/\/www.nexoinformativo.mx\/index.php\/wp-json\/wp\/v2\/posts\/12041","targetHints":{"allow":["GET"]}}],"collection":[{"href":"https:\/\/www.nexoinformativo.mx\/index.php\/wp-json\/wp\/v2\/posts"}],"about":[{"href":"https:\/\/www.nexoinformativo.mx\/index.php\/wp-json\/wp\/v2\/types\/post"}],"author":[{"embeddable":true,"href":"https:\/\/www.nexoinformativo.mx\/index.php\/wp-json\/wp\/v2\/users\/3"}],"replies":[{"embeddable":true,"href":"https:\/\/www.nexoinformativo.mx\/index.php\/wp-json\/wp\/v2\/comments?post=12041"}],"version-history":[{"count":4,"href":"https:\/\/www.nexoinformativo.mx\/index.php\/wp-json\/wp\/v2\/posts\/12041\/revisions"}],"predecessor-version":[{"id":12046,"href":"https:\/\/www.nexoinformativo.mx\/index.php\/wp-json\/wp\/v2\/posts\/12041\/revisions\/12046"}],"wp:featuredmedia":[{"embeddable":true,"href":"https:\/\/www.nexoinformativo.mx\/index.php\/wp-json\/wp\/v2\/media\/12045"}],"wp:attachment":[{"href":"https:\/\/www.nexoinformativo.mx\/index.php\/wp-json\/wp\/v2\/media?parent=12041"}],"wp:term":[{"taxonomy":"category","embeddable":true,"href":"https:\/\/www.nexoinformativo.mx\/index.php\/wp-json\/wp\/v2\/categories?post=12041"},{"taxonomy":"post_tag","embeddable":true,"href":"https:\/\/www.nexoinformativo.mx\/index.php\/wp-json\/wp\/v2\/tags?post=12041"}],"curies":[{"name":"wp","href":"https:\/\/api.w.org\/{rel}","templated":true}]}}