{"id":12054,"date":"2025-02-25T11:30:07","date_gmt":"2025-02-25T17:30:07","guid":{"rendered":"https:\/\/www.nexoinformativo.mx\/?p=12054"},"modified":"2025-02-25T15:07:50","modified_gmt":"2025-02-25T21:07:50","slug":"62-paises-en-un-solo-lugar-queretaro-se-prepara-para-el-festival-de-comunidades-extranjeras-2025","status":"publish","type":"post","link":"https:\/\/www.nexoinformativo.mx\/index.php\/2025\/02\/25\/62-paises-en-un-solo-lugar-queretaro-se-prepara-para-el-festival-de-comunidades-extranjeras-2025\/","title":{"rendered":"62 pa\u00edses en un solo lugar Quer\u00e9taro se prepara para el Festival de Comunidades Extranjeras 2025"},"content":{"rendered":"<p style=\"text-align: justify;\" data-sourcepos=\"13:1-13:387\">Quer\u00e9taro se prepara para recibir una vez m\u00e1s a las culturas del mundo en el Festival de Comunidades Extranjeras 2025, que se llevar\u00e1 a cabo del 9 al 12 de octubre en el Parque Bicentenario.<\/p>\n<\/p>\n<p>&nbsp;<\/p>\n<p style=\"text-align: justify;\" data-sourcepos=\"13:1-13:387\">La secretaria de Turismo de la capital queretana, Mariana Ortiz Cabrera, anunci\u00f3 que esta edici\u00f3n contar\u00e1 con la participaci\u00f3n de 62 pa\u00edses de cuatro continentes.<\/p>\n<\/p>\n<p>&nbsp;<\/p>\n<p style=\"text-align: justify;\" data-sourcepos=\"15:1-15:333\">Antes del festival, se realizar\u00e1n diversos eventos culturales para que los participantes muestren sus tradiciones. Los interesados en tener un stand deber\u00e1n acudir a la Secretar\u00eda de Turismo y realizar su pago del 5 al 30 de mayo: 20 mil pesos para artesan\u00edas y alimentos sin alcohol, y 25 mil pesos para incluir bebidas alcoh\u00f3licas.<\/p>\n<\/p>\n<p>&nbsp;<\/p>\n<p style=\"text-align: justify;\" data-sourcepos=\"17:1-17:218\">Se espera la asistencia de 55 mil personas y una derrama econ\u00f3mica de 50 millones de pesos. Aunque el costo de la entrada a\u00fan no se define, habr\u00e1 actividades para todas las edades y se permitir\u00e1 el ingreso de mascotas.<\/p>\n<\/p>\n<p>&nbsp;<\/p>\n<p style=\"text-align: justify;\" data-sourcepos=\"19:1-19:204\">Una de las novedades de esta edici\u00f3n es el regreso del festival al Parque Bicentenario y el cambio de sede del tradicional desfile, que ahora se realizar\u00e1 por las calles del centro hist\u00f3rico de Quer\u00e9taro.<\/p>\n<\/p>\n<p>&nbsp;<\/p>\n<p style=\"text-align: center;\" data-sourcepos=\"19:1-19:204\"><em><strong>\u00a1Informaci\u00f3n que transforma!<\/strong><\/em><\/p>\n","protected":false},"excerpt":{"rendered":"<p>Quer\u00e9taro se prepara para recibir una vez m\u00e1s a las culturas del mundo en el Festival de Comunidades Extranjeras 2025, que se llevar\u00e1 a cabo del 9 al 12 de octubre en el Parque Bicentenario.<\/p>\n","protected":false},"author":3,"featured_media":12055,"comment_status":"open","ping_status":"open","sticky":false,"template":"","format":"standard","meta":{"footnotes":""},"categories":[42,58],"tags":[3529,1461,2125,2337],"class_list":["post-12054","post","type-post","status-publish","format-standard","has-post-thumbnail","hentry","category-estado","category-ultima-hora","tag-comunidadesextranjerasqro","tag-festivalcultural","tag-parquebicentenario","tag-queretaroturismo"],"yoast_head":"<!-- This site is optimized with the Yoast SEO plugin v25.0 - https:\/\/yoast.com\/wordpress\/plugins\/seo\/ -->\n<title>62 pa\u00edses en un solo lugar Quer\u00e9taro se prepara para el Festival de Comunidades Extranjeras 2025 | Nexo Informativo Santiago de Quer\u00e9taro<\/title>\n<meta name=\"description\" content=\"62 pa\u00edses en un solo lugar Quer\u00e9taro se prepara para el Festival de Comunidades Extranjeras 2025\" \/>\n<meta name=\"robots\" content=\"index, follow, max-snippet:-1, max-image-preview:large, max-video-preview:-1\" \/>\n<link rel=\"canonical\" href=\"https:\/\/www.nexoinformativo.mx\/index.php\/2025\/02\/25\/62-paises-en-un-solo-lugar-queretaro-se-prepara-para-el-festival-de-comunidades-extranjeras-2025\/\" \/>\n<meta property=\"og:locale\" content=\"es_MX\" \/>\n<meta property=\"og:type\" content=\"article\" \/>\n<meta property=\"og:title\" content=\"62 pa\u00edses en un solo lugar Quer\u00e9taro se prepara para el Festival de Comunidades Extranjeras 2025 | Nexo Informativo Santiago de Quer\u00e9taro\" \/>\n<meta property=\"og:description\" content=\"62 pa\u00edses en un solo lugar Quer\u00e9taro se prepara para el Festival de Comunidades Extranjeras 2025\" \/>\n<meta property=\"og:url\" content=\"https:\/\/www.nexoinformativo.mx\/index.php\/2025\/02\/25\/62-paises-en-un-solo-lugar-queretaro-se-prepara-para-el-festival-de-comunidades-extranjeras-2025\/\" \/>\n<meta property=\"og:site_name\" content=\"Nexo Informativo Santiago de Quer\u00e9taro\" \/>\n<meta property=\"article:publisher\" content=\"https:\/\/www.facebook.com\/people\/Nexo-Informativo\/61564066885511\/\" \/>\n<meta property=\"article:published_time\" content=\"2025-02-25T17:30:07+00:00\" \/>\n<meta property=\"article:modified_time\" content=\"2025-02-25T21:07:50+00:00\" \/>\n<meta property=\"og:image\" content=\"https:\/\/www.nexoinformativo.mx\/wp-content\/uploads\/2025\/02\/cd622137-f826-4723-8812-8d7c09baf002-scaled-e1740517630713.jpg\" \/>\n\t<meta property=\"og:image:width\" content=\"800\" \/>\n\t<meta property=\"og:image:height\" content=\"622\" \/>\n\t<meta property=\"og:image:type\" content=\"image\/jpeg\" \/>\n<meta name=\"author\" content=\"Nexo Informativo\" \/>\n<meta name=\"twitter:card\" content=\"summary_large_image\" \/>\n<meta name=\"twitter:label1\" content=\"Escrito por\" \/>\n\t<meta name=\"twitter:data1\" content=\"Nexo Informativo\" \/>\n\t<meta name=\"twitter:label2\" content=\"Tiempo de lectura\" \/>\n\t<meta name=\"twitter:data2\" content=\"2 minutos\" \/>\n<script type=\"application\/ld+json\" class=\"yoast-schema-graph\">{\"@context\":\"https:\/\/schema.org\",\"@graph\":[{\"@type\":\"Article\",\"@id\":\"https:\/\/www.nexoinformativo.mx\/index.php\/2025\/02\/25\/62-paises-en-un-solo-lugar-queretaro-se-prepara-para-el-festival-de-comunidades-extranjeras-2025\/#article\",\"isPartOf\":{\"@id\":\"https:\/\/www.nexoinformativo.mx\/index.php\/2025\/02\/25\/62-paises-en-un-solo-lugar-queretaro-se-prepara-para-el-festival-de-comunidades-extranjeras-2025\/\"},\"author\":{\"name\":\"Nexo Informativo\",\"@id\":\"https:\/\/www.nexoinformativo.mx\/#\/schema\/person\/7749d380ba08c8ca00d7bc76fd907b7d\"},\"headline\":\"62 pa\u00edses en un solo lugar Quer\u00e9taro se prepara para el Festival de Comunidades Extranjeras 2025\",\"datePublished\":\"2025-02-25T17:30:07+00:00\",\"dateModified\":\"2025-02-25T21:07:50+00:00\",\"mainEntityOfPage\":{\"@id\":\"https:\/\/www.nexoinformativo.mx\/index.php\/2025\/02\/25\/62-paises-en-un-solo-lugar-queretaro-se-prepara-para-el-festival-de-comunidades-extranjeras-2025\/\"},\"wordCount\":220,\"commentCount\":0,\"publisher\":{\"@id\":\"https:\/\/www.nexoinformativo.mx\/#organization\"},\"image\":{\"@id\":\"https:\/\/www.nexoinformativo.mx\/index.php\/2025\/02\/25\/62-paises-en-un-solo-lugar-queretaro-se-prepara-para-el-festival-de-comunidades-extranjeras-2025\/#primaryimage\"},\"thumbnailUrl\":\"https:\/\/www.nexoinformativo.mx\/wp-content\/uploads\/2025\/02\/cd622137-f826-4723-8812-8d7c09baf002-scaled-e1740517630713.jpg\",\"keywords\":[\"ComunidadesExtranjerasQro\",\"FestivalCultural\",\"ParqueBicentenario\",\"Quer\u00e9taroTurismo\"],\"articleSection\":[\"Estado\",\"\u00daltima Hora\"],\"inLanguage\":\"es\",\"potentialAction\":[{\"@type\":\"CommentAction\",\"name\":\"Comment\",\"target\":[\"https:\/\/www.nexoinformativo.mx\/index.php\/2025\/02\/25\/62-paises-en-un-solo-lugar-queretaro-se-prepara-para-el-festival-de-comunidades-extranjeras-2025\/#respond\"]}]},{\"@type\":\"WebPage\",\"@id\":\"https:\/\/www.nexoinformativo.mx\/index.php\/2025\/02\/25\/62-paises-en-un-solo-lugar-queretaro-se-prepara-para-el-festival-de-comunidades-extranjeras-2025\/\",\"url\":\"https:\/\/www.nexoinformativo.mx\/index.php\/2025\/02\/25\/62-paises-en-un-solo-lugar-queretaro-se-prepara-para-el-festival-de-comunidades-extranjeras-2025\/\",\"name\":\"62 pa\u00edses en un solo lugar Quer\u00e9taro se prepara para el Festival de Comunidades Extranjeras 2025 | Nexo Informativo Santiago de Quer\u00e9taro\",\"isPartOf\":{\"@id\":\"https:\/\/www.nexoinformativo.mx\/#website\"},\"primaryImageOfPage\":{\"@id\":\"https:\/\/www.nexoinformativo.mx\/index.php\/2025\/02\/25\/62-paises-en-un-solo-lugar-queretaro-se-prepara-para-el-festival-de-comunidades-extranjeras-2025\/#primaryimage\"},\"image\":{\"@id\":\"https:\/\/www.nexoinformativo.mx\/index.php\/2025\/02\/25\/62-paises-en-un-solo-lugar-queretaro-se-prepara-para-el-festival-de-comunidades-extranjeras-2025\/#primaryimage\"},\"thumbnailUrl\":\"https:\/\/www.nexoinformativo.mx\/wp-content\/uploads\/2025\/02\/cd622137-f826-4723-8812-8d7c09baf002-scaled-e1740517630713.jpg\",\"datePublished\":\"2025-02-25T17:30:07+00:00\",\"dateModified\":\"2025-02-25T21:07:50+00:00\",\"description\":\"62 pa\u00edses en un solo lugar Quer\u00e9taro se prepara para el Festival de Comunidades Extranjeras 2025\",\"breadcrumb\":{\"@id\":\"https:\/\/www.nexoinformativo.mx\/index.php\/2025\/02\/25\/62-paises-en-un-solo-lugar-queretaro-se-prepara-para-el-festival-de-comunidades-extranjeras-2025\/#breadcrumb\"},\"inLanguage\":\"es\",\"potentialAction\":[{\"@type\":\"ReadAction\",\"target\":[\"https:\/\/www.nexoinformativo.mx\/index.php\/2025\/02\/25\/62-paises-en-un-solo-lugar-queretaro-se-prepara-para-el-festival-de-comunidades-extranjeras-2025\/\"]}]},{\"@type\":\"ImageObject\",\"inLanguage\":\"es\",\"@id\":\"https:\/\/www.nexoinformativo.mx\/index.php\/2025\/02\/25\/62-paises-en-un-solo-lugar-queretaro-se-prepara-para-el-festival-de-comunidades-extranjeras-2025\/#primaryimage\",\"url\":\"https:\/\/www.nexoinformativo.mx\/wp-content\/uploads\/2025\/02\/cd622137-f826-4723-8812-8d7c09baf002-scaled-e1740517630713.jpg\",\"contentUrl\":\"https:\/\/www.nexoinformativo.mx\/wp-content\/uploads\/2025\/02\/cd622137-f826-4723-8812-8d7c09baf002-scaled-e1740517630713.jpg\",\"width\":800,\"height\":622},{\"@type\":\"BreadcrumbList\",\"@id\":\"https:\/\/www.nexoinformativo.mx\/index.php\/2025\/02\/25\/62-paises-en-un-solo-lugar-queretaro-se-prepara-para-el-festival-de-comunidades-extranjeras-2025\/#breadcrumb\",\"itemListElement\":[{\"@type\":\"ListItem\",\"position\":1,\"name\":\"Inicio\",\"item\":\"https:\/\/www.nexoinformativo.mx\/\"},{\"@type\":\"ListItem\",\"position\":2,\"name\":\"62 pa\u00edses en un solo lugar Quer\u00e9taro se prepara para el Festival de Comunidades Extranjeras 2025\"}]},{\"@type\":\"WebSite\",\"@id\":\"https:\/\/www.nexoinformativo.mx\/#website\",\"url\":\"https:\/\/www.nexoinformativo.mx\/\",\"name\":\"Nexo Informativo Santiago de Quer\u00e9taro\",\"description\":\"Explora NexoInformativo y convi\u00e9rtete en parte de una comunidad que valora el conocimiento y la verdad. Tu nexoinformativo es tu puente hacia una comprensi\u00f3n m\u00e1s profunda del mundo que te rodea.\",\"publisher\":{\"@id\":\"https:\/\/www.nexoinformativo.mx\/#organization\"},\"potentialAction\":[{\"@type\":\"SearchAction\",\"target\":{\"@type\":\"EntryPoint\",\"urlTemplate\":\"https:\/\/www.nexoinformativo.mx\/?s={search_term_string}\"},\"query-input\":{\"@type\":\"PropertyValueSpecification\",\"valueRequired\":true,\"valueName\":\"search_term_string\"}}],\"inLanguage\":\"es\"},{\"@type\":\"Organization\",\"@id\":\"https:\/\/www.nexoinformativo.mx\/#organization\",\"name\":\"Nexo Informativo Santiago de Quer\u00e9taro\",\"url\":\"https:\/\/www.nexoinformativo.mx\/\",\"logo\":{\"@type\":\"ImageObject\",\"inLanguage\":\"es\",\"@id\":\"https:\/\/www.nexoinformativo.mx\/#\/schema\/logo\/image\/\",\"url\":\"https:\/\/www.nexoinformativo.mx\/wp-content\/uploads\/2024\/07\/nexoi-trasparente-2.png\",\"contentUrl\":\"https:\/\/www.nexoinformativo.mx\/wp-content\/uploads\/2024\/07\/nexoi-trasparente-2.png\",\"width\":816,\"height\":339,\"caption\":\"Nexo Informativo Santiago de Quer\u00e9taro\"},\"image\":{\"@id\":\"https:\/\/www.nexoinformativo.mx\/#\/schema\/logo\/image\/\"},\"sameAs\":[\"https:\/\/www.facebook.com\/people\/Nexo-Informativo\/61564066885511\/\"]},{\"@type\":\"Person\",\"@id\":\"https:\/\/www.nexoinformativo.mx\/#\/schema\/person\/7749d380ba08c8ca00d7bc76fd907b7d\",\"name\":\"Nexo Informativo\",\"image\":{\"@type\":\"ImageObject\",\"inLanguage\":\"es\",\"@id\":\"https:\/\/www.nexoinformativo.mx\/#\/schema\/person\/image\/\",\"url\":\"https:\/\/secure.gravatar.com\/avatar\/dde2928154642a13d95f87ddf1ea9718fe2b46760a005c53e41ff5ad610704e6?s=96&d=mm&r=g\",\"contentUrl\":\"https:\/\/secure.gravatar.com\/avatar\/dde2928154642a13d95f87ddf1ea9718fe2b46760a005c53e41ff5ad610704e6?s=96&d=mm&r=g\",\"caption\":\"Nexo Informativo\"},\"url\":\"https:\/\/www.nexoinformativo.mx\/index.php\/author\/edicion\/\"}]}<\/script>\n<!-- \/ Yoast SEO plugin. -->","yoast_head_json":{"title":"62 pa\u00edses en un solo lugar Quer\u00e9taro se prepara para el Festival de Comunidades Extranjeras 2025 | Nexo Informativo Santiago de Quer\u00e9taro","description":"62 pa\u00edses en un solo lugar Quer\u00e9taro se prepara para el Festival de Comunidades Extranjeras 2025","robots":{"index":"index","follow":"follow","max-snippet":"max-snippet:-1","max-image-preview":"max-image-preview:large","max-video-preview":"max-video-preview:-1"},"canonical":"https:\/\/www.nexoinformativo.mx\/index.php\/2025\/02\/25\/62-paises-en-un-solo-lugar-queretaro-se-prepara-para-el-festival-de-comunidades-extranjeras-2025\/","og_locale":"es_MX","og_type":"article","og_title":"62 pa\u00edses en un solo lugar Quer\u00e9taro se prepara para el Festival de Comunidades Extranjeras 2025 | Nexo Informativo Santiago de Quer\u00e9taro","og_description":"62 pa\u00edses en un solo lugar Quer\u00e9taro se prepara para el Festival de Comunidades Extranjeras 2025","og_url":"https:\/\/www.nexoinformativo.mx\/index.php\/2025\/02\/25\/62-paises-en-un-solo-lugar-queretaro-se-prepara-para-el-festival-de-comunidades-extranjeras-2025\/","og_site_name":"Nexo Informativo Santiago de Quer\u00e9taro","article_publisher":"https:\/\/www.facebook.com\/people\/Nexo-Informativo\/61564066885511\/","article_published_time":"2025-02-25T17:30:07+00:00","article_modified_time":"2025-02-25T21:07:50+00:00","og_image":[{"width":800,"height":622,"url":"https:\/\/www.nexoinformativo.mx\/wp-content\/uploads\/2025\/02\/cd622137-f826-4723-8812-8d7c09baf002-scaled-e1740517630713.jpg","type":"image\/jpeg"}],"author":"Nexo Informativo","twitter_card":"summary_large_image","twitter_misc":{"Escrito por":"Nexo Informativo","Tiempo de lectura":"2 minutos"},"schema":{"@context":"https:\/\/schema.org","@graph":[{"@type":"Article","@id":"https:\/\/www.nexoinformativo.mx\/index.php\/2025\/02\/25\/62-paises-en-un-solo-lugar-queretaro-se-prepara-para-el-festival-de-comunidades-extranjeras-2025\/#article","isPartOf":{"@id":"https:\/\/www.nexoinformativo.mx\/index.php\/2025\/02\/25\/62-paises-en-un-solo-lugar-queretaro-se-prepara-para-el-festival-de-comunidades-extranjeras-2025\/"},"author":{"name":"Nexo Informativo","@id":"https:\/\/www.nexoinformativo.mx\/#\/schema\/person\/7749d380ba08c8ca00d7bc76fd907b7d"},"headline":"62 pa\u00edses en un solo lugar Quer\u00e9taro se prepara para el Festival de Comunidades Extranjeras 2025","datePublished":"2025-02-25T17:30:07+00:00","dateModified":"2025-02-25T21:07:50+00:00","mainEntityOfPage":{"@id":"https:\/\/www.nexoinformativo.mx\/index.php\/2025\/02\/25\/62-paises-en-un-solo-lugar-queretaro-se-prepara-para-el-festival-de-comunidades-extranjeras-2025\/"},"wordCount":220,"commentCount":0,"publisher":{"@id":"https:\/\/www.nexoinformativo.mx\/#organization"},"image":{"@id":"https:\/\/www.nexoinformativo.mx\/index.php\/2025\/02\/25\/62-paises-en-un-solo-lugar-queretaro-se-prepara-para-el-festival-de-comunidades-extranjeras-2025\/#primaryimage"},"thumbnailUrl":"https:\/\/www.nexoinformativo.mx\/wp-content\/uploads\/2025\/02\/cd622137-f826-4723-8812-8d7c09baf002-scaled-e1740517630713.jpg","keywords":["ComunidadesExtranjerasQro","FestivalCultural","ParqueBicentenario","Quer\u00e9taroTurismo"],"articleSection":["Estado","\u00daltima Hora"],"inLanguage":"es","potentialAction":[{"@type":"CommentAction","name":"Comment","target":["https:\/\/www.nexoinformativo.mx\/index.php\/2025\/02\/25\/62-paises-en-un-solo-lugar-queretaro-se-prepara-para-el-festival-de-comunidades-extranjeras-2025\/#respond"]}]},{"@type":"WebPage","@id":"https:\/\/www.nexoinformativo.mx\/index.php\/2025\/02\/25\/62-paises-en-un-solo-lugar-queretaro-se-prepara-para-el-festival-de-comunidades-extranjeras-2025\/","url":"https:\/\/www.nexoinformativo.mx\/index.php\/2025\/02\/25\/62-paises-en-un-solo-lugar-queretaro-se-prepara-para-el-festival-de-comunidades-extranjeras-2025\/","name":"62 pa\u00edses en un solo lugar Quer\u00e9taro se prepara para el Festival de Comunidades Extranjeras 2025 | Nexo Informativo Santiago de Quer\u00e9taro","isPartOf":{"@id":"https:\/\/www.nexoinformativo.mx\/#website"},"primaryImageOfPage":{"@id":"https:\/\/www.nexoinformativo.mx\/index.php\/2025\/02\/25\/62-paises-en-un-solo-lugar-queretaro-se-prepara-para-el-festival-de-comunidades-extranjeras-2025\/#primaryimage"},"image":{"@id":"https:\/\/www.nexoinformativo.mx\/index.php\/2025\/02\/25\/62-paises-en-un-solo-lugar-queretaro-se-prepara-para-el-festival-de-comunidades-extranjeras-2025\/#primaryimage"},"thumbnailUrl":"https:\/\/www.nexoinformativo.mx\/wp-content\/uploads\/2025\/02\/cd622137-f826-4723-8812-8d7c09baf002-scaled-e1740517630713.jpg","datePublished":"2025-02-25T17:30:07+00:00","dateModified":"2025-02-25T21:07:50+00:00","description":"62 pa\u00edses en un solo lugar Quer\u00e9taro se prepara para el Festival de Comunidades Extranjeras 2025","breadcrumb":{"@id":"https:\/\/www.nexoinformativo.mx\/index.php\/2025\/02\/25\/62-paises-en-un-solo-lugar-queretaro-se-prepara-para-el-festival-de-comunidades-extranjeras-2025\/#breadcrumb"},"inLanguage":"es","potentialAction":[{"@type":"ReadAction","target":["https:\/\/www.nexoinformativo.mx\/index.php\/2025\/02\/25\/62-paises-en-un-solo-lugar-queretaro-se-prepara-para-el-festival-de-comunidades-extranjeras-2025\/"]}]},{"@type":"ImageObject","inLanguage":"es","@id":"https:\/\/www.nexoinformativo.mx\/index.php\/2025\/02\/25\/62-paises-en-un-solo-lugar-queretaro-se-prepara-para-el-festival-de-comunidades-extranjeras-2025\/#primaryimage","url":"https:\/\/www.nexoinformativo.mx\/wp-content\/uploads\/2025\/02\/cd622137-f826-4723-8812-8d7c09baf002-scaled-e1740517630713.jpg","contentUrl":"https:\/\/www.nexoinformativo.mx\/wp-content\/uploads\/2025\/02\/cd622137-f826-4723-8812-8d7c09baf002-scaled-e1740517630713.jpg","width":800,"height":622},{"@type":"BreadcrumbList","@id":"https:\/\/www.nexoinformativo.mx\/index.php\/2025\/02\/25\/62-paises-en-un-solo-lugar-queretaro-se-prepara-para-el-festival-de-comunidades-extranjeras-2025\/#breadcrumb","itemListElement":[{"@type":"ListItem","position":1,"name":"Inicio","item":"https:\/\/www.nexoinformativo.mx\/"},{"@type":"ListItem","position":2,"name":"62 pa\u00edses en un solo lugar Quer\u00e9taro se prepara para el Festival de Comunidades Extranjeras 2025"}]},{"@type":"WebSite","@id":"https:\/\/www.nexoinformativo.mx\/#website","url":"https:\/\/www.nexoinformativo.mx\/","name":"Nexo Informativo Santiago de Quer\u00e9taro","description":"Explora NexoInformativo y convi\u00e9rtete en parte de una comunidad que valora el conocimiento y la verdad. Tu nexoinformativo es tu puente hacia una comprensi\u00f3n m\u00e1s profunda del mundo que te rodea.","publisher":{"@id":"https:\/\/www.nexoinformativo.mx\/#organization"},"potentialAction":[{"@type":"SearchAction","target":{"@type":"EntryPoint","urlTemplate":"https:\/\/www.nexoinformativo.mx\/?s={search_term_string}"},"query-input":{"@type":"PropertyValueSpecification","valueRequired":true,"valueName":"search_term_string"}}],"inLanguage":"es"},{"@type":"Organization","@id":"https:\/\/www.nexoinformativo.mx\/#organization","name":"Nexo Informativo Santiago de Quer\u00e9taro","url":"https:\/\/www.nexoinformativo.mx\/","logo":{"@type":"ImageObject","inLanguage":"es","@id":"https:\/\/www.nexoinformativo.mx\/#\/schema\/logo\/image\/","url":"https:\/\/www.nexoinformativo.mx\/wp-content\/uploads\/2024\/07\/nexoi-trasparente-2.png","contentUrl":"https:\/\/www.nexoinformativo.mx\/wp-content\/uploads\/2024\/07\/nexoi-trasparente-2.png","width":816,"height":339,"caption":"Nexo Informativo Santiago de Quer\u00e9taro"},"image":{"@id":"https:\/\/www.nexoinformativo.mx\/#\/schema\/logo\/image\/"},"sameAs":["https:\/\/www.facebook.com\/people\/Nexo-Informativo\/61564066885511\/"]},{"@type":"Person","@id":"https:\/\/www.nexoinformativo.mx\/#\/schema\/person\/7749d380ba08c8ca00d7bc76fd907b7d","name":"Nexo Informativo","image":{"@type":"ImageObject","inLanguage":"es","@id":"https:\/\/www.nexoinformativo.mx\/#\/schema\/person\/image\/","url":"https:\/\/secure.gravatar.com\/avatar\/dde2928154642a13d95f87ddf1ea9718fe2b46760a005c53e41ff5ad610704e6?s=96&d=mm&r=g","contentUrl":"https:\/\/secure.gravatar.com\/avatar\/dde2928154642a13d95f87ddf1ea9718fe2b46760a005c53e41ff5ad610704e6?s=96&d=mm&r=g","caption":"Nexo Informativo"},"url":"https:\/\/www.nexoinformativo.mx\/index.php\/author\/edicion\/"}]}},"_links":{"self":[{"href":"https:\/\/www.nexoinformativo.mx\/index.php\/wp-json\/wp\/v2\/posts\/12054","targetHints":{"allow":["GET"]}}],"collection":[{"href":"https:\/\/www.nexoinformativo.mx\/index.php\/wp-json\/wp\/v2\/posts"}],"about":[{"href":"https:\/\/www.nexoinformativo.mx\/index.php\/wp-json\/wp\/v2\/types\/post"}],"author":[{"embeddable":true,"href":"https:\/\/www.nexoinformativo.mx\/index.php\/wp-json\/wp\/v2\/users\/3"}],"replies":[{"embeddable":true,"href":"https:\/\/www.nexoinformativo.mx\/index.php\/wp-json\/wp\/v2\/comments?post=12054"}],"version-history":[{"count":3,"href":"https:\/\/www.nexoinformativo.mx\/index.php\/wp-json\/wp\/v2\/posts\/12054\/revisions"}],"predecessor-version":[{"id":12058,"href":"https:\/\/www.nexoinformativo.mx\/index.php\/wp-json\/wp\/v2\/posts\/12054\/revisions\/12058"}],"wp:featuredmedia":[{"embeddable":true,"href":"https:\/\/www.nexoinformativo.mx\/index.php\/wp-json\/wp\/v2\/media\/12055"}],"wp:attachment":[{"href":"https:\/\/www.nexoinformativo.mx\/index.php\/wp-json\/wp\/v2\/media?parent=12054"}],"wp:term":[{"taxonomy":"category","embeddable":true,"href":"https:\/\/www.nexoinformativo.mx\/index.php\/wp-json\/wp\/v2\/categories?post=12054"},{"taxonomy":"post_tag","embeddable":true,"href":"https:\/\/www.nexoinformativo.mx\/index.php\/wp-json\/wp\/v2\/tags?post=12054"}],"curies":[{"name":"wp","href":"https:\/\/api.w.org\/{rel}","templated":true}]}}