{"id":12059,"date":"2025-02-25T12:00:06","date_gmt":"2025-02-25T18:00:06","guid":{"rendered":"https:\/\/www.nexoinformativo.mx\/?p=12059"},"modified":"2025-02-25T15:13:35","modified_gmt":"2025-02-25T21:13:35","slug":"felifer-comenta-que-municipalizar-santa-rosa-jauregui-incrementaria-la-burocracia","status":"publish","type":"post","link":"https:\/\/www.nexoinformativo.mx\/index.php\/2025\/02\/25\/felifer-comenta-que-municipalizar-santa-rosa-jauregui-incrementaria-la-burocracia\/","title":{"rendered":"Felifer comenta que municipalizar Santa Rosa J\u00e1uregui incrementar\u00eda la burocracia"},"content":{"rendered":"<p style=\"text-align: justify;\">Felifer Mac\u00edas, presidente municipal de Quer\u00e9taro, afirm\u00f3 que la propuesta para convertir Santa Rosa J\u00e1uregui en un municipio es una estrategia para \u201cllamar la atenci\u00f3n\u201d de un legislador local.<\/p>\n<\/p>\n<p>&nbsp;<\/p>\n<p style=\"text-align: justify;\">Recientemente, el gobernador Mauricio Kuri expres\u00f3 su postura a favor de disminuir el n\u00famero de municipios para hacer m\u00e1s eficiente la administraci\u00f3n p\u00fablica.<\/p>\n<\/p>\n<p>&nbsp;<\/p>\n<p style=\"text-align: justify;\">Mac\u00edas Olvera subray\u00f3 que el compromiso de su administraci\u00f3n es agilizar el gobierno y ofrecer soluciones m\u00e1s r\u00e1pidas a la ciudadan\u00eda. Crear m\u00e1s municipios generar\u00eda estructuras burocr\u00e1ticas adicionales, lo que ir\u00eda en contra de la meta de eficiencia y simplificaci\u00f3n administrativa.<\/p>\n<\/p>\n<p>&nbsp;<\/p>\n<p style=\"text-align: justify;\">El presidente municipal se\u00f1al\u00f3 que su administraci\u00f3n se enfoca en atender las necesidades de los habitantes de Santa Rosa J\u00e1uregui en \u00e1reas como seguridad, servicios p\u00fablicos y movilidad, sin necesidad de modificar la divisi\u00f3n territorial del estado.<\/p>\n<\/p>\n<p>&nbsp;<\/p>\n<p style=\"text-align: justify;\">El debate sobre la posible municipalizaci\u00f3n de esta delegaci\u00f3n ha estado presente durante m\u00e1s de 30 a\u00f1os, sin demostrar un beneficio real para los habitantes.<\/p>\n<\/p>\n<p>&nbsp;<\/p>\n<p style=\"text-align: justify;\">Mac\u00edas Olvera concluy\u00f3 que su enfoque est\u00e1 en resolver los problemas cotidianos y no en discusiones que buscan generar protagonismo pol\u00edtico.<\/p>\n<\/p>\n<p>&nbsp;<\/p>\n<p style=\"text-align: center;\"><em><strong>\u00a1Informaci\u00f3n que transforma!<\/strong><\/em><\/p>\n","protected":false},"excerpt":{"rendered":"<p>Felifer Mac\u00edas, presidente municipal de Quer\u00e9taro, afirm\u00f3 que la propuesta para convertir Santa Rosa J\u00e1uregui en un municipio es una estrategia para \u201cllamar la atenci\u00f3n\u201d de un legislador local.<\/p>\n","protected":false},"author":3,"featured_media":12060,"comment_status":"open","ping_status":"open","sticky":false,"template":"","format":"standard","meta":{"footnotes":""},"categories":[65,58],"tags":[3530,1000,661,575],"class_list":["post-12059","post","type-post","status-publish","format-standard","has-post-thumbnail","hentry","category-municipios","category-ultima-hora","tag-eficienciaadministrativa","tag-felifermacias","tag-mauriciokuri","tag-santarosajauregui"],"yoast_head":"<!-- This site is optimized with the Yoast SEO plugin v25.0 - https:\/\/yoast.com\/wordpress\/plugins\/seo\/ -->\n<title>Felifer comenta que municipalizar Santa Rosa J\u00e1uregui incrementar\u00eda la burocracia | Nexo Informativo Santiago de Quer\u00e9taro<\/title>\n<meta name=\"description\" content=\"Felifer comenta que Municipalizar Santa Rosa J\u00e1uregui Incrementar\u00eda la Burocracia\" \/>\n<meta name=\"robots\" content=\"index, follow, max-snippet:-1, max-image-preview:large, max-video-preview:-1\" \/>\n<link rel=\"canonical\" href=\"https:\/\/www.nexoinformativo.mx\/index.php\/2025\/02\/25\/felifer-comenta-que-municipalizar-santa-rosa-jauregui-incrementaria-la-burocracia\/\" \/>\n<meta property=\"og:locale\" content=\"es_MX\" \/>\n<meta property=\"og:type\" content=\"article\" \/>\n<meta property=\"og:title\" content=\"Felifer comenta que municipalizar Santa Rosa J\u00e1uregui incrementar\u00eda la burocracia | Nexo Informativo Santiago de Quer\u00e9taro\" \/>\n<meta property=\"og:description\" content=\"Felifer comenta que Municipalizar Santa Rosa J\u00e1uregui Incrementar\u00eda la Burocracia\" \/>\n<meta property=\"og:url\" content=\"https:\/\/www.nexoinformativo.mx\/index.php\/2025\/02\/25\/felifer-comenta-que-municipalizar-santa-rosa-jauregui-incrementaria-la-burocracia\/\" \/>\n<meta property=\"og:site_name\" content=\"Nexo Informativo Santiago de Quer\u00e9taro\" \/>\n<meta property=\"article:publisher\" content=\"https:\/\/www.facebook.com\/people\/Nexo-Informativo\/61564066885511\/\" \/>\n<meta property=\"article:published_time\" content=\"2025-02-25T18:00:06+00:00\" \/>\n<meta property=\"article:modified_time\" content=\"2025-02-25T21:13:35+00:00\" \/>\n<meta property=\"og:image\" content=\"https:\/\/www.nexoinformativo.mx\/wp-content\/uploads\/2025\/02\/ef1566d8-9d93-453f-8618-c9f421fea2b3-e1740517976219.jpg\" \/>\n\t<meta property=\"og:image:width\" content=\"800\" \/>\n\t<meta property=\"og:image:height\" content=\"577\" \/>\n\t<meta property=\"og:image:type\" content=\"image\/jpeg\" \/>\n<meta name=\"author\" content=\"Nexo Informativo\" \/>\n<meta name=\"twitter:card\" content=\"summary_large_image\" \/>\n<meta name=\"twitter:label1\" content=\"Escrito por\" \/>\n\t<meta name=\"twitter:data1\" content=\"Nexo Informativo\" \/>\n\t<meta name=\"twitter:label2\" content=\"Tiempo de lectura\" \/>\n\t<meta name=\"twitter:data2\" content=\"2 minutos\" \/>\n<script type=\"application\/ld+json\" class=\"yoast-schema-graph\">{\"@context\":\"https:\/\/schema.org\",\"@graph\":[{\"@type\":\"Article\",\"@id\":\"https:\/\/www.nexoinformativo.mx\/index.php\/2025\/02\/25\/felifer-comenta-que-municipalizar-santa-rosa-jauregui-incrementaria-la-burocracia\/#article\",\"isPartOf\":{\"@id\":\"https:\/\/www.nexoinformativo.mx\/index.php\/2025\/02\/25\/felifer-comenta-que-municipalizar-santa-rosa-jauregui-incrementaria-la-burocracia\/\"},\"author\":{\"name\":\"Nexo Informativo\",\"@id\":\"https:\/\/www.nexoinformativo.mx\/#\/schema\/person\/7749d380ba08c8ca00d7bc76fd907b7d\"},\"headline\":\"Felifer comenta que municipalizar Santa Rosa J\u00e1uregui incrementar\u00eda la burocracia\",\"datePublished\":\"2025-02-25T18:00:06+00:00\",\"dateModified\":\"2025-02-25T21:13:35+00:00\",\"mainEntityOfPage\":{\"@id\":\"https:\/\/www.nexoinformativo.mx\/index.php\/2025\/02\/25\/felifer-comenta-que-municipalizar-santa-rosa-jauregui-incrementaria-la-burocracia\/\"},\"wordCount\":226,\"commentCount\":0,\"publisher\":{\"@id\":\"https:\/\/www.nexoinformativo.mx\/#organization\"},\"image\":{\"@id\":\"https:\/\/www.nexoinformativo.mx\/index.php\/2025\/02\/25\/felifer-comenta-que-municipalizar-santa-rosa-jauregui-incrementaria-la-burocracia\/#primaryimage\"},\"thumbnailUrl\":\"https:\/\/www.nexoinformativo.mx\/wp-content\/uploads\/2025\/02\/ef1566d8-9d93-453f-8618-c9f421fea2b3-e1740517976219.jpg\",\"keywords\":[\"EficienciaAdministrativa\",\"FeliferMac\u00edas\",\"MauricioKuri\",\"SantaRosaJ\u00e1uregui\"],\"articleSection\":[\"Municipios\",\"\u00daltima Hora\"],\"inLanguage\":\"es\",\"potentialAction\":[{\"@type\":\"CommentAction\",\"name\":\"Comment\",\"target\":[\"https:\/\/www.nexoinformativo.mx\/index.php\/2025\/02\/25\/felifer-comenta-que-municipalizar-santa-rosa-jauregui-incrementaria-la-burocracia\/#respond\"]}]},{\"@type\":\"WebPage\",\"@id\":\"https:\/\/www.nexoinformativo.mx\/index.php\/2025\/02\/25\/felifer-comenta-que-municipalizar-santa-rosa-jauregui-incrementaria-la-burocracia\/\",\"url\":\"https:\/\/www.nexoinformativo.mx\/index.php\/2025\/02\/25\/felifer-comenta-que-municipalizar-santa-rosa-jauregui-incrementaria-la-burocracia\/\",\"name\":\"Felifer comenta que municipalizar Santa Rosa J\u00e1uregui incrementar\u00eda la burocracia | Nexo Informativo Santiago de Quer\u00e9taro\",\"isPartOf\":{\"@id\":\"https:\/\/www.nexoinformativo.mx\/#website\"},\"primaryImageOfPage\":{\"@id\":\"https:\/\/www.nexoinformativo.mx\/index.php\/2025\/02\/25\/felifer-comenta-que-municipalizar-santa-rosa-jauregui-incrementaria-la-burocracia\/#primaryimage\"},\"image\":{\"@id\":\"https:\/\/www.nexoinformativo.mx\/index.php\/2025\/02\/25\/felifer-comenta-que-municipalizar-santa-rosa-jauregui-incrementaria-la-burocracia\/#primaryimage\"},\"thumbnailUrl\":\"https:\/\/www.nexoinformativo.mx\/wp-content\/uploads\/2025\/02\/ef1566d8-9d93-453f-8618-c9f421fea2b3-e1740517976219.jpg\",\"datePublished\":\"2025-02-25T18:00:06+00:00\",\"dateModified\":\"2025-02-25T21:13:35+00:00\",\"description\":\"Felifer comenta que Municipalizar Santa Rosa J\u00e1uregui Incrementar\u00eda la Burocracia\",\"breadcrumb\":{\"@id\":\"https:\/\/www.nexoinformativo.mx\/index.php\/2025\/02\/25\/felifer-comenta-que-municipalizar-santa-rosa-jauregui-incrementaria-la-burocracia\/#breadcrumb\"},\"inLanguage\":\"es\",\"potentialAction\":[{\"@type\":\"ReadAction\",\"target\":[\"https:\/\/www.nexoinformativo.mx\/index.php\/2025\/02\/25\/felifer-comenta-que-municipalizar-santa-rosa-jauregui-incrementaria-la-burocracia\/\"]}]},{\"@type\":\"ImageObject\",\"inLanguage\":\"es\",\"@id\":\"https:\/\/www.nexoinformativo.mx\/index.php\/2025\/02\/25\/felifer-comenta-que-municipalizar-santa-rosa-jauregui-incrementaria-la-burocracia\/#primaryimage\",\"url\":\"https:\/\/www.nexoinformativo.mx\/wp-content\/uploads\/2025\/02\/ef1566d8-9d93-453f-8618-c9f421fea2b3-e1740517976219.jpg\",\"contentUrl\":\"https:\/\/www.nexoinformativo.mx\/wp-content\/uploads\/2025\/02\/ef1566d8-9d93-453f-8618-c9f421fea2b3-e1740517976219.jpg\",\"width\":800,\"height\":577},{\"@type\":\"BreadcrumbList\",\"@id\":\"https:\/\/www.nexoinformativo.mx\/index.php\/2025\/02\/25\/felifer-comenta-que-municipalizar-santa-rosa-jauregui-incrementaria-la-burocracia\/#breadcrumb\",\"itemListElement\":[{\"@type\":\"ListItem\",\"position\":1,\"name\":\"Inicio\",\"item\":\"https:\/\/www.nexoinformativo.mx\/\"},{\"@type\":\"ListItem\",\"position\":2,\"name\":\"Felifer comenta que municipalizar Santa Rosa J\u00e1uregui incrementar\u00eda la burocracia\"}]},{\"@type\":\"WebSite\",\"@id\":\"https:\/\/www.nexoinformativo.mx\/#website\",\"url\":\"https:\/\/www.nexoinformativo.mx\/\",\"name\":\"Nexo Informativo Santiago de Quer\u00e9taro\",\"description\":\"Explora NexoInformativo y convi\u00e9rtete en parte de una comunidad que valora el conocimiento y la verdad. Tu nexoinformativo es tu puente hacia una comprensi\u00f3n m\u00e1s profunda del mundo que te rodea.\",\"publisher\":{\"@id\":\"https:\/\/www.nexoinformativo.mx\/#organization\"},\"potentialAction\":[{\"@type\":\"SearchAction\",\"target\":{\"@type\":\"EntryPoint\",\"urlTemplate\":\"https:\/\/www.nexoinformativo.mx\/?s={search_term_string}\"},\"query-input\":{\"@type\":\"PropertyValueSpecification\",\"valueRequired\":true,\"valueName\":\"search_term_string\"}}],\"inLanguage\":\"es\"},{\"@type\":\"Organization\",\"@id\":\"https:\/\/www.nexoinformativo.mx\/#organization\",\"name\":\"Nexo Informativo Santiago de Quer\u00e9taro\",\"url\":\"https:\/\/www.nexoinformativo.mx\/\",\"logo\":{\"@type\":\"ImageObject\",\"inLanguage\":\"es\",\"@id\":\"https:\/\/www.nexoinformativo.mx\/#\/schema\/logo\/image\/\",\"url\":\"https:\/\/www.nexoinformativo.mx\/wp-content\/uploads\/2024\/07\/nexoi-trasparente-2.png\",\"contentUrl\":\"https:\/\/www.nexoinformativo.mx\/wp-content\/uploads\/2024\/07\/nexoi-trasparente-2.png\",\"width\":816,\"height\":339,\"caption\":\"Nexo Informativo Santiago de Quer\u00e9taro\"},\"image\":{\"@id\":\"https:\/\/www.nexoinformativo.mx\/#\/schema\/logo\/image\/\"},\"sameAs\":[\"https:\/\/www.facebook.com\/people\/Nexo-Informativo\/61564066885511\/\"]},{\"@type\":\"Person\",\"@id\":\"https:\/\/www.nexoinformativo.mx\/#\/schema\/person\/7749d380ba08c8ca00d7bc76fd907b7d\",\"name\":\"Nexo Informativo\",\"image\":{\"@type\":\"ImageObject\",\"inLanguage\":\"es\",\"@id\":\"https:\/\/www.nexoinformativo.mx\/#\/schema\/person\/image\/\",\"url\":\"https:\/\/secure.gravatar.com\/avatar\/dde2928154642a13d95f87ddf1ea9718fe2b46760a005c53e41ff5ad610704e6?s=96&d=mm&r=g\",\"contentUrl\":\"https:\/\/secure.gravatar.com\/avatar\/dde2928154642a13d95f87ddf1ea9718fe2b46760a005c53e41ff5ad610704e6?s=96&d=mm&r=g\",\"caption\":\"Nexo Informativo\"},\"url\":\"https:\/\/www.nexoinformativo.mx\/index.php\/author\/edicion\/\"}]}<\/script>\n<!-- \/ Yoast SEO plugin. -->","yoast_head_json":{"title":"Felifer comenta que municipalizar Santa Rosa J\u00e1uregui incrementar\u00eda la burocracia | Nexo Informativo Santiago de Quer\u00e9taro","description":"Felifer comenta que Municipalizar Santa Rosa J\u00e1uregui Incrementar\u00eda la Burocracia","robots":{"index":"index","follow":"follow","max-snippet":"max-snippet:-1","max-image-preview":"max-image-preview:large","max-video-preview":"max-video-preview:-1"},"canonical":"https:\/\/www.nexoinformativo.mx\/index.php\/2025\/02\/25\/felifer-comenta-que-municipalizar-santa-rosa-jauregui-incrementaria-la-burocracia\/","og_locale":"es_MX","og_type":"article","og_title":"Felifer comenta que municipalizar Santa Rosa J\u00e1uregui incrementar\u00eda la burocracia | Nexo Informativo Santiago de Quer\u00e9taro","og_description":"Felifer comenta que Municipalizar Santa Rosa J\u00e1uregui Incrementar\u00eda la Burocracia","og_url":"https:\/\/www.nexoinformativo.mx\/index.php\/2025\/02\/25\/felifer-comenta-que-municipalizar-santa-rosa-jauregui-incrementaria-la-burocracia\/","og_site_name":"Nexo Informativo Santiago de Quer\u00e9taro","article_publisher":"https:\/\/www.facebook.com\/people\/Nexo-Informativo\/61564066885511\/","article_published_time":"2025-02-25T18:00:06+00:00","article_modified_time":"2025-02-25T21:13:35+00:00","og_image":[{"width":800,"height":577,"url":"https:\/\/www.nexoinformativo.mx\/wp-content\/uploads\/2025\/02\/ef1566d8-9d93-453f-8618-c9f421fea2b3-e1740517976219.jpg","type":"image\/jpeg"}],"author":"Nexo Informativo","twitter_card":"summary_large_image","twitter_misc":{"Escrito por":"Nexo Informativo","Tiempo de lectura":"2 minutos"},"schema":{"@context":"https:\/\/schema.org","@graph":[{"@type":"Article","@id":"https:\/\/www.nexoinformativo.mx\/index.php\/2025\/02\/25\/felifer-comenta-que-municipalizar-santa-rosa-jauregui-incrementaria-la-burocracia\/#article","isPartOf":{"@id":"https:\/\/www.nexoinformativo.mx\/index.php\/2025\/02\/25\/felifer-comenta-que-municipalizar-santa-rosa-jauregui-incrementaria-la-burocracia\/"},"author":{"name":"Nexo Informativo","@id":"https:\/\/www.nexoinformativo.mx\/#\/schema\/person\/7749d380ba08c8ca00d7bc76fd907b7d"},"headline":"Felifer comenta que municipalizar Santa Rosa J\u00e1uregui incrementar\u00eda la burocracia","datePublished":"2025-02-25T18:00:06+00:00","dateModified":"2025-02-25T21:13:35+00:00","mainEntityOfPage":{"@id":"https:\/\/www.nexoinformativo.mx\/index.php\/2025\/02\/25\/felifer-comenta-que-municipalizar-santa-rosa-jauregui-incrementaria-la-burocracia\/"},"wordCount":226,"commentCount":0,"publisher":{"@id":"https:\/\/www.nexoinformativo.mx\/#organization"},"image":{"@id":"https:\/\/www.nexoinformativo.mx\/index.php\/2025\/02\/25\/felifer-comenta-que-municipalizar-santa-rosa-jauregui-incrementaria-la-burocracia\/#primaryimage"},"thumbnailUrl":"https:\/\/www.nexoinformativo.mx\/wp-content\/uploads\/2025\/02\/ef1566d8-9d93-453f-8618-c9f421fea2b3-e1740517976219.jpg","keywords":["EficienciaAdministrativa","FeliferMac\u00edas","MauricioKuri","SantaRosaJ\u00e1uregui"],"articleSection":["Municipios","\u00daltima Hora"],"inLanguage":"es","potentialAction":[{"@type":"CommentAction","name":"Comment","target":["https:\/\/www.nexoinformativo.mx\/index.php\/2025\/02\/25\/felifer-comenta-que-municipalizar-santa-rosa-jauregui-incrementaria-la-burocracia\/#respond"]}]},{"@type":"WebPage","@id":"https:\/\/www.nexoinformativo.mx\/index.php\/2025\/02\/25\/felifer-comenta-que-municipalizar-santa-rosa-jauregui-incrementaria-la-burocracia\/","url":"https:\/\/www.nexoinformativo.mx\/index.php\/2025\/02\/25\/felifer-comenta-que-municipalizar-santa-rosa-jauregui-incrementaria-la-burocracia\/","name":"Felifer comenta que municipalizar Santa Rosa J\u00e1uregui incrementar\u00eda la burocracia | Nexo Informativo Santiago de Quer\u00e9taro","isPartOf":{"@id":"https:\/\/www.nexoinformativo.mx\/#website"},"primaryImageOfPage":{"@id":"https:\/\/www.nexoinformativo.mx\/index.php\/2025\/02\/25\/felifer-comenta-que-municipalizar-santa-rosa-jauregui-incrementaria-la-burocracia\/#primaryimage"},"image":{"@id":"https:\/\/www.nexoinformativo.mx\/index.php\/2025\/02\/25\/felifer-comenta-que-municipalizar-santa-rosa-jauregui-incrementaria-la-burocracia\/#primaryimage"},"thumbnailUrl":"https:\/\/www.nexoinformativo.mx\/wp-content\/uploads\/2025\/02\/ef1566d8-9d93-453f-8618-c9f421fea2b3-e1740517976219.jpg","datePublished":"2025-02-25T18:00:06+00:00","dateModified":"2025-02-25T21:13:35+00:00","description":"Felifer comenta que Municipalizar Santa Rosa J\u00e1uregui Incrementar\u00eda la Burocracia","breadcrumb":{"@id":"https:\/\/www.nexoinformativo.mx\/index.php\/2025\/02\/25\/felifer-comenta-que-municipalizar-santa-rosa-jauregui-incrementaria-la-burocracia\/#breadcrumb"},"inLanguage":"es","potentialAction":[{"@type":"ReadAction","target":["https:\/\/www.nexoinformativo.mx\/index.php\/2025\/02\/25\/felifer-comenta-que-municipalizar-santa-rosa-jauregui-incrementaria-la-burocracia\/"]}]},{"@type":"ImageObject","inLanguage":"es","@id":"https:\/\/www.nexoinformativo.mx\/index.php\/2025\/02\/25\/felifer-comenta-que-municipalizar-santa-rosa-jauregui-incrementaria-la-burocracia\/#primaryimage","url":"https:\/\/www.nexoinformativo.mx\/wp-content\/uploads\/2025\/02\/ef1566d8-9d93-453f-8618-c9f421fea2b3-e1740517976219.jpg","contentUrl":"https:\/\/www.nexoinformativo.mx\/wp-content\/uploads\/2025\/02\/ef1566d8-9d93-453f-8618-c9f421fea2b3-e1740517976219.jpg","width":800,"height":577},{"@type":"BreadcrumbList","@id":"https:\/\/www.nexoinformativo.mx\/index.php\/2025\/02\/25\/felifer-comenta-que-municipalizar-santa-rosa-jauregui-incrementaria-la-burocracia\/#breadcrumb","itemListElement":[{"@type":"ListItem","position":1,"name":"Inicio","item":"https:\/\/www.nexoinformativo.mx\/"},{"@type":"ListItem","position":2,"name":"Felifer comenta que municipalizar Santa Rosa J\u00e1uregui incrementar\u00eda la burocracia"}]},{"@type":"WebSite","@id":"https:\/\/www.nexoinformativo.mx\/#website","url":"https:\/\/www.nexoinformativo.mx\/","name":"Nexo Informativo Santiago de Quer\u00e9taro","description":"Explora NexoInformativo y convi\u00e9rtete en parte de una comunidad que valora el conocimiento y la verdad. Tu nexoinformativo es tu puente hacia una comprensi\u00f3n m\u00e1s profunda del mundo que te rodea.","publisher":{"@id":"https:\/\/www.nexoinformativo.mx\/#organization"},"potentialAction":[{"@type":"SearchAction","target":{"@type":"EntryPoint","urlTemplate":"https:\/\/www.nexoinformativo.mx\/?s={search_term_string}"},"query-input":{"@type":"PropertyValueSpecification","valueRequired":true,"valueName":"search_term_string"}}],"inLanguage":"es"},{"@type":"Organization","@id":"https:\/\/www.nexoinformativo.mx\/#organization","name":"Nexo Informativo Santiago de Quer\u00e9taro","url":"https:\/\/www.nexoinformativo.mx\/","logo":{"@type":"ImageObject","inLanguage":"es","@id":"https:\/\/www.nexoinformativo.mx\/#\/schema\/logo\/image\/","url":"https:\/\/www.nexoinformativo.mx\/wp-content\/uploads\/2024\/07\/nexoi-trasparente-2.png","contentUrl":"https:\/\/www.nexoinformativo.mx\/wp-content\/uploads\/2024\/07\/nexoi-trasparente-2.png","width":816,"height":339,"caption":"Nexo Informativo Santiago de Quer\u00e9taro"},"image":{"@id":"https:\/\/www.nexoinformativo.mx\/#\/schema\/logo\/image\/"},"sameAs":["https:\/\/www.facebook.com\/people\/Nexo-Informativo\/61564066885511\/"]},{"@type":"Person","@id":"https:\/\/www.nexoinformativo.mx\/#\/schema\/person\/7749d380ba08c8ca00d7bc76fd907b7d","name":"Nexo Informativo","image":{"@type":"ImageObject","inLanguage":"es","@id":"https:\/\/www.nexoinformativo.mx\/#\/schema\/person\/image\/","url":"https:\/\/secure.gravatar.com\/avatar\/dde2928154642a13d95f87ddf1ea9718fe2b46760a005c53e41ff5ad610704e6?s=96&d=mm&r=g","contentUrl":"https:\/\/secure.gravatar.com\/avatar\/dde2928154642a13d95f87ddf1ea9718fe2b46760a005c53e41ff5ad610704e6?s=96&d=mm&r=g","caption":"Nexo Informativo"},"url":"https:\/\/www.nexoinformativo.mx\/index.php\/author\/edicion\/"}]}},"_links":{"self":[{"href":"https:\/\/www.nexoinformativo.mx\/index.php\/wp-json\/wp\/v2\/posts\/12059","targetHints":{"allow":["GET"]}}],"collection":[{"href":"https:\/\/www.nexoinformativo.mx\/index.php\/wp-json\/wp\/v2\/posts"}],"about":[{"href":"https:\/\/www.nexoinformativo.mx\/index.php\/wp-json\/wp\/v2\/types\/post"}],"author":[{"embeddable":true,"href":"https:\/\/www.nexoinformativo.mx\/index.php\/wp-json\/wp\/v2\/users\/3"}],"replies":[{"embeddable":true,"href":"https:\/\/www.nexoinformativo.mx\/index.php\/wp-json\/wp\/v2\/comments?post=12059"}],"version-history":[{"count":3,"href":"https:\/\/www.nexoinformativo.mx\/index.php\/wp-json\/wp\/v2\/posts\/12059\/revisions"}],"predecessor-version":[{"id":12063,"href":"https:\/\/www.nexoinformativo.mx\/index.php\/wp-json\/wp\/v2\/posts\/12059\/revisions\/12063"}],"wp:featuredmedia":[{"embeddable":true,"href":"https:\/\/www.nexoinformativo.mx\/index.php\/wp-json\/wp\/v2\/media\/12060"}],"wp:attachment":[{"href":"https:\/\/www.nexoinformativo.mx\/index.php\/wp-json\/wp\/v2\/media?parent=12059"}],"wp:term":[{"taxonomy":"category","embeddable":true,"href":"https:\/\/www.nexoinformativo.mx\/index.php\/wp-json\/wp\/v2\/categories?post=12059"},{"taxonomy":"post_tag","embeddable":true,"href":"https:\/\/www.nexoinformativo.mx\/index.php\/wp-json\/wp\/v2\/tags?post=12059"}],"curies":[{"name":"wp","href":"https:\/\/api.w.org\/{rel}","templated":true}]}}