{"id":12064,"date":"2025-02-25T12:30:51","date_gmt":"2025-02-25T18:30:51","guid":{"rendered":"https:\/\/www.nexoinformativo.mx\/?p=12064"},"modified":"2025-02-25T15:18:53","modified_gmt":"2025-02-25T21:18:53","slug":"empleo-en-queretaro-crece-poblacion-economicamente-activa-supera-los-1-2-millones","status":"publish","type":"post","link":"https:\/\/www.nexoinformativo.mx\/index.php\/2025\/02\/25\/empleo-en-queretaro-crece-poblacion-economicamente-activa-supera-los-1-2-millones\/","title":{"rendered":"Empleo en Quer\u00e9taro crece poblaci\u00f3n econ\u00f3micamente activa supera los 1.2 millones"},"content":{"rendered":"<p style=\"text-align: justify;\" data-sourcepos=\"13:1-13:437\">El mercado laboral de Quer\u00e9taro muestra un dinamismo positivo, con un incremento significativo en la poblaci\u00f3n econ\u00f3micamente activa (PEA).<\/p>\n<p>&nbsp;<\/p>\n<p style=\"text-align: justify;\" data-sourcepos=\"13:1-13:437\">Seg\u00fan la Encuesta Nacional de Ocupaci\u00f3n y Empleo (ENOE), en el cuarto trimestre de 2024, 1.2 millones de personas se encontraban ocupadas en el estado, lo que representa un aumento de 68 mil puestos de trabajo en comparaci\u00f3n con el mismo periodo del a\u00f1o anterior.<\/p>\n<p>&nbsp;<\/p>\n<p style=\"text-align: justify;\" data-sourcepos=\"15:1-15:225\">El estudio revela que la industria manufacturera ha sido el principal motor de este crecimiento. Adem\u00e1s, la tasa de desocupaci\u00f3n se redujo a 2.1% de la PEA, lo que indica una mejora en las condiciones laborales de la entidad.<\/p>\n<p>&nbsp;<\/p>\n<p style=\"text-align: justify;\">*La poblaci\u00f3n sub ocupada disminuy\u00f3 a 1.4% de la poblaci\u00f3n ocupada.<\/p>\n<p style=\"text-align: justify;\">*La tasa de informalidad laboral se redujo a 40.2%.<\/p>\n<p style=\"text-align: justify;\">*La tasa de condiciones cr\u00edticas de ocupaci\u00f3n mejor\u00f3, situ\u00e1ndose en 23.4%.<\/p>\n<\/p>\n<p>&nbsp;<\/p>\n<p style=\"text-align: justify;\" data-sourcepos=\"23:1-23:169\">Estos indicadores reflejan un panorama laboral favorable en Quer\u00e9taro, con un aumento en la generaci\u00f3n de empleos y una disminuci\u00f3n en la desocupaci\u00f3n y la informalidad.<\/p>\n<p>&nbsp;<\/p>\n<p style=\"text-align: center;\" data-sourcepos=\"23:1-23:169\"><em><strong>\u00a1Informaci\u00f3n que transforma!<\/strong><\/em><\/p>\n","protected":false},"excerpt":{"rendered":"<p>El mercado laboral de Quer\u00e9taro muestra un dinamismo positivo, con un incremento significativo en la poblaci\u00f3n econ\u00f3micamente activa (PEA).<\/p>\n","protected":false},"author":3,"featured_media":12065,"comment_status":"open","ping_status":"open","sticky":false,"template":"","format":"standard","meta":{"footnotes":""},"categories":[5,42,58],"tags":[3531,374,3532,2976],"class_list":["post-12064","post","type-post","status-publish","format-standard","has-post-thumbnail","hentry","category-economia","category-estado","category-ultima-hora","tag-economiaqro","tag-empleoqueretaro","tag-enoe","tag-mercadolaboral"],"yoast_head":"<!-- This site is optimized with the Yoast SEO plugin v25.0 - https:\/\/yoast.com\/wordpress\/plugins\/seo\/ -->\n<title>Empleo en Quer\u00e9taro crece poblaci\u00f3n econ\u00f3micamente activa supera los 1.2 millones | Nexo Informativo Santiago de Quer\u00e9taro<\/title>\n<meta name=\"description\" content=\"Empleo en Quer\u00e9taro crece poblaci\u00f3n econ\u00f3micamente activa supera los 1.2 millones\" \/>\n<meta name=\"robots\" content=\"index, follow, max-snippet:-1, max-image-preview:large, max-video-preview:-1\" \/>\n<link rel=\"canonical\" href=\"https:\/\/www.nexoinformativo.mx\/index.php\/2025\/02\/25\/empleo-en-queretaro-crece-poblacion-economicamente-activa-supera-los-1-2-millones\/\" \/>\n<meta property=\"og:locale\" content=\"es_MX\" \/>\n<meta property=\"og:type\" content=\"article\" \/>\n<meta property=\"og:title\" content=\"Empleo en Quer\u00e9taro crece poblaci\u00f3n econ\u00f3micamente activa supera los 1.2 millones | Nexo Informativo Santiago de Quer\u00e9taro\" \/>\n<meta property=\"og:description\" content=\"Empleo en Quer\u00e9taro crece poblaci\u00f3n econ\u00f3micamente activa supera los 1.2 millones\" \/>\n<meta property=\"og:url\" content=\"https:\/\/www.nexoinformativo.mx\/index.php\/2025\/02\/25\/empleo-en-queretaro-crece-poblacion-economicamente-activa-supera-los-1-2-millones\/\" \/>\n<meta property=\"og:site_name\" content=\"Nexo Informativo Santiago de Quer\u00e9taro\" \/>\n<meta property=\"article:publisher\" content=\"https:\/\/www.facebook.com\/people\/Nexo-Informativo\/61564066885511\/\" \/>\n<meta property=\"article:published_time\" content=\"2025-02-25T18:30:51+00:00\" \/>\n<meta property=\"article:modified_time\" content=\"2025-02-25T21:18:53+00:00\" \/>\n<meta property=\"og:image\" content=\"https:\/\/www.nexoinformativo.mx\/wp-content\/uploads\/2025\/02\/PHOTO-2025-02-25-13-44-48-e1740518274546.jpg\" \/>\n\t<meta property=\"og:image:width\" content=\"800\" \/>\n\t<meta property=\"og:image:height\" content=\"533\" \/>\n\t<meta property=\"og:image:type\" content=\"image\/jpeg\" \/>\n<meta name=\"author\" content=\"Nexo Informativo\" \/>\n<meta name=\"twitter:card\" content=\"summary_large_image\" \/>\n<meta name=\"twitter:label1\" content=\"Escrito por\" \/>\n\t<meta name=\"twitter:data1\" content=\"Nexo Informativo\" \/>\n\t<meta name=\"twitter:label2\" content=\"Tiempo de lectura\" \/>\n\t<meta name=\"twitter:data2\" content=\"1 minuto\" \/>\n<script type=\"application\/ld+json\" class=\"yoast-schema-graph\">{\"@context\":\"https:\/\/schema.org\",\"@graph\":[{\"@type\":\"Article\",\"@id\":\"https:\/\/www.nexoinformativo.mx\/index.php\/2025\/02\/25\/empleo-en-queretaro-crece-poblacion-economicamente-activa-supera-los-1-2-millones\/#article\",\"isPartOf\":{\"@id\":\"https:\/\/www.nexoinformativo.mx\/index.php\/2025\/02\/25\/empleo-en-queretaro-crece-poblacion-economicamente-activa-supera-los-1-2-millones\/\"},\"author\":{\"name\":\"Nexo Informativo\",\"@id\":\"https:\/\/www.nexoinformativo.mx\/#\/schema\/person\/7749d380ba08c8ca00d7bc76fd907b7d\"},\"headline\":\"Empleo en Quer\u00e9taro crece poblaci\u00f3n econ\u00f3micamente activa supera los 1.2 millones\",\"datePublished\":\"2025-02-25T18:30:51+00:00\",\"dateModified\":\"2025-02-25T21:18:53+00:00\",\"mainEntityOfPage\":{\"@id\":\"https:\/\/www.nexoinformativo.mx\/index.php\/2025\/02\/25\/empleo-en-queretaro-crece-poblacion-economicamente-activa-supera-los-1-2-millones\/\"},\"wordCount\":193,\"commentCount\":0,\"publisher\":{\"@id\":\"https:\/\/www.nexoinformativo.mx\/#organization\"},\"image\":{\"@id\":\"https:\/\/www.nexoinformativo.mx\/index.php\/2025\/02\/25\/empleo-en-queretaro-crece-poblacion-economicamente-activa-supera-los-1-2-millones\/#primaryimage\"},\"thumbnailUrl\":\"https:\/\/www.nexoinformativo.mx\/wp-content\/uploads\/2025\/02\/PHOTO-2025-02-25-13-44-48-e1740518274546.jpg\",\"keywords\":[\"Econom\u00edaQro\",\"EmpleoQuer\u00e9taro\",\"ENOE\",\"MercadoLaboral\"],\"articleSection\":[\"Econom\u00eda\",\"Estado\",\"\u00daltima Hora\"],\"inLanguage\":\"es\",\"potentialAction\":[{\"@type\":\"CommentAction\",\"name\":\"Comment\",\"target\":[\"https:\/\/www.nexoinformativo.mx\/index.php\/2025\/02\/25\/empleo-en-queretaro-crece-poblacion-economicamente-activa-supera-los-1-2-millones\/#respond\"]}]},{\"@type\":\"WebPage\",\"@id\":\"https:\/\/www.nexoinformativo.mx\/index.php\/2025\/02\/25\/empleo-en-queretaro-crece-poblacion-economicamente-activa-supera-los-1-2-millones\/\",\"url\":\"https:\/\/www.nexoinformativo.mx\/index.php\/2025\/02\/25\/empleo-en-queretaro-crece-poblacion-economicamente-activa-supera-los-1-2-millones\/\",\"name\":\"Empleo en Quer\u00e9taro crece poblaci\u00f3n econ\u00f3micamente activa supera los 1.2 millones | Nexo Informativo Santiago de Quer\u00e9taro\",\"isPartOf\":{\"@id\":\"https:\/\/www.nexoinformativo.mx\/#website\"},\"primaryImageOfPage\":{\"@id\":\"https:\/\/www.nexoinformativo.mx\/index.php\/2025\/02\/25\/empleo-en-queretaro-crece-poblacion-economicamente-activa-supera-los-1-2-millones\/#primaryimage\"},\"image\":{\"@id\":\"https:\/\/www.nexoinformativo.mx\/index.php\/2025\/02\/25\/empleo-en-queretaro-crece-poblacion-economicamente-activa-supera-los-1-2-millones\/#primaryimage\"},\"thumbnailUrl\":\"https:\/\/www.nexoinformativo.mx\/wp-content\/uploads\/2025\/02\/PHOTO-2025-02-25-13-44-48-e1740518274546.jpg\",\"datePublished\":\"2025-02-25T18:30:51+00:00\",\"dateModified\":\"2025-02-25T21:18:53+00:00\",\"description\":\"Empleo en Quer\u00e9taro crece poblaci\u00f3n econ\u00f3micamente activa supera los 1.2 millones\",\"breadcrumb\":{\"@id\":\"https:\/\/www.nexoinformativo.mx\/index.php\/2025\/02\/25\/empleo-en-queretaro-crece-poblacion-economicamente-activa-supera-los-1-2-millones\/#breadcrumb\"},\"inLanguage\":\"es\",\"potentialAction\":[{\"@type\":\"ReadAction\",\"target\":[\"https:\/\/www.nexoinformativo.mx\/index.php\/2025\/02\/25\/empleo-en-queretaro-crece-poblacion-economicamente-activa-supera-los-1-2-millones\/\"]}]},{\"@type\":\"ImageObject\",\"inLanguage\":\"es\",\"@id\":\"https:\/\/www.nexoinformativo.mx\/index.php\/2025\/02\/25\/empleo-en-queretaro-crece-poblacion-economicamente-activa-supera-los-1-2-millones\/#primaryimage\",\"url\":\"https:\/\/www.nexoinformativo.mx\/wp-content\/uploads\/2025\/02\/PHOTO-2025-02-25-13-44-48-e1740518274546.jpg\",\"contentUrl\":\"https:\/\/www.nexoinformativo.mx\/wp-content\/uploads\/2025\/02\/PHOTO-2025-02-25-13-44-48-e1740518274546.jpg\",\"width\":800,\"height\":533},{\"@type\":\"BreadcrumbList\",\"@id\":\"https:\/\/www.nexoinformativo.mx\/index.php\/2025\/02\/25\/empleo-en-queretaro-crece-poblacion-economicamente-activa-supera-los-1-2-millones\/#breadcrumb\",\"itemListElement\":[{\"@type\":\"ListItem\",\"position\":1,\"name\":\"Inicio\",\"item\":\"https:\/\/www.nexoinformativo.mx\/\"},{\"@type\":\"ListItem\",\"position\":2,\"name\":\"Empleo en Quer\u00e9taro crece poblaci\u00f3n econ\u00f3micamente activa supera los 1.2 millones\"}]},{\"@type\":\"WebSite\",\"@id\":\"https:\/\/www.nexoinformativo.mx\/#website\",\"url\":\"https:\/\/www.nexoinformativo.mx\/\",\"name\":\"Nexo Informativo Santiago de Quer\u00e9taro\",\"description\":\"Explora NexoInformativo y convi\u00e9rtete en parte de una comunidad que valora el conocimiento y la verdad. Tu nexoinformativo es tu puente hacia una comprensi\u00f3n m\u00e1s profunda del mundo que te rodea.\",\"publisher\":{\"@id\":\"https:\/\/www.nexoinformativo.mx\/#organization\"},\"potentialAction\":[{\"@type\":\"SearchAction\",\"target\":{\"@type\":\"EntryPoint\",\"urlTemplate\":\"https:\/\/www.nexoinformativo.mx\/?s={search_term_string}\"},\"query-input\":{\"@type\":\"PropertyValueSpecification\",\"valueRequired\":true,\"valueName\":\"search_term_string\"}}],\"inLanguage\":\"es\"},{\"@type\":\"Organization\",\"@id\":\"https:\/\/www.nexoinformativo.mx\/#organization\",\"name\":\"Nexo Informativo Santiago de Quer\u00e9taro\",\"url\":\"https:\/\/www.nexoinformativo.mx\/\",\"logo\":{\"@type\":\"ImageObject\",\"inLanguage\":\"es\",\"@id\":\"https:\/\/www.nexoinformativo.mx\/#\/schema\/logo\/image\/\",\"url\":\"https:\/\/www.nexoinformativo.mx\/wp-content\/uploads\/2024\/07\/nexoi-trasparente-2.png\",\"contentUrl\":\"https:\/\/www.nexoinformativo.mx\/wp-content\/uploads\/2024\/07\/nexoi-trasparente-2.png\",\"width\":816,\"height\":339,\"caption\":\"Nexo Informativo Santiago de Quer\u00e9taro\"},\"image\":{\"@id\":\"https:\/\/www.nexoinformativo.mx\/#\/schema\/logo\/image\/\"},\"sameAs\":[\"https:\/\/www.facebook.com\/people\/Nexo-Informativo\/61564066885511\/\"]},{\"@type\":\"Person\",\"@id\":\"https:\/\/www.nexoinformativo.mx\/#\/schema\/person\/7749d380ba08c8ca00d7bc76fd907b7d\",\"name\":\"Nexo Informativo\",\"image\":{\"@type\":\"ImageObject\",\"inLanguage\":\"es\",\"@id\":\"https:\/\/www.nexoinformativo.mx\/#\/schema\/person\/image\/\",\"url\":\"https:\/\/secure.gravatar.com\/avatar\/dde2928154642a13d95f87ddf1ea9718fe2b46760a005c53e41ff5ad610704e6?s=96&d=mm&r=g\",\"contentUrl\":\"https:\/\/secure.gravatar.com\/avatar\/dde2928154642a13d95f87ddf1ea9718fe2b46760a005c53e41ff5ad610704e6?s=96&d=mm&r=g\",\"caption\":\"Nexo Informativo\"},\"url\":\"https:\/\/www.nexoinformativo.mx\/index.php\/author\/edicion\/\"}]}<\/script>\n<!-- \/ Yoast SEO plugin. -->","yoast_head_json":{"title":"Empleo en Quer\u00e9taro crece poblaci\u00f3n econ\u00f3micamente activa supera los 1.2 millones | Nexo Informativo Santiago de Quer\u00e9taro","description":"Empleo en Quer\u00e9taro crece poblaci\u00f3n econ\u00f3micamente activa supera los 1.2 millones","robots":{"index":"index","follow":"follow","max-snippet":"max-snippet:-1","max-image-preview":"max-image-preview:large","max-video-preview":"max-video-preview:-1"},"canonical":"https:\/\/www.nexoinformativo.mx\/index.php\/2025\/02\/25\/empleo-en-queretaro-crece-poblacion-economicamente-activa-supera-los-1-2-millones\/","og_locale":"es_MX","og_type":"article","og_title":"Empleo en Quer\u00e9taro crece poblaci\u00f3n econ\u00f3micamente activa supera los 1.2 millones | Nexo Informativo Santiago de Quer\u00e9taro","og_description":"Empleo en Quer\u00e9taro crece poblaci\u00f3n econ\u00f3micamente activa supera los 1.2 millones","og_url":"https:\/\/www.nexoinformativo.mx\/index.php\/2025\/02\/25\/empleo-en-queretaro-crece-poblacion-economicamente-activa-supera-los-1-2-millones\/","og_site_name":"Nexo Informativo Santiago de Quer\u00e9taro","article_publisher":"https:\/\/www.facebook.com\/people\/Nexo-Informativo\/61564066885511\/","article_published_time":"2025-02-25T18:30:51+00:00","article_modified_time":"2025-02-25T21:18:53+00:00","og_image":[{"width":800,"height":533,"url":"https:\/\/www.nexoinformativo.mx\/wp-content\/uploads\/2025\/02\/PHOTO-2025-02-25-13-44-48-e1740518274546.jpg","type":"image\/jpeg"}],"author":"Nexo Informativo","twitter_card":"summary_large_image","twitter_misc":{"Escrito por":"Nexo Informativo","Tiempo de lectura":"1 minuto"},"schema":{"@context":"https:\/\/schema.org","@graph":[{"@type":"Article","@id":"https:\/\/www.nexoinformativo.mx\/index.php\/2025\/02\/25\/empleo-en-queretaro-crece-poblacion-economicamente-activa-supera-los-1-2-millones\/#article","isPartOf":{"@id":"https:\/\/www.nexoinformativo.mx\/index.php\/2025\/02\/25\/empleo-en-queretaro-crece-poblacion-economicamente-activa-supera-los-1-2-millones\/"},"author":{"name":"Nexo Informativo","@id":"https:\/\/www.nexoinformativo.mx\/#\/schema\/person\/7749d380ba08c8ca00d7bc76fd907b7d"},"headline":"Empleo en Quer\u00e9taro crece poblaci\u00f3n econ\u00f3micamente activa supera los 1.2 millones","datePublished":"2025-02-25T18:30:51+00:00","dateModified":"2025-02-25T21:18:53+00:00","mainEntityOfPage":{"@id":"https:\/\/www.nexoinformativo.mx\/index.php\/2025\/02\/25\/empleo-en-queretaro-crece-poblacion-economicamente-activa-supera-los-1-2-millones\/"},"wordCount":193,"commentCount":0,"publisher":{"@id":"https:\/\/www.nexoinformativo.mx\/#organization"},"image":{"@id":"https:\/\/www.nexoinformativo.mx\/index.php\/2025\/02\/25\/empleo-en-queretaro-crece-poblacion-economicamente-activa-supera-los-1-2-millones\/#primaryimage"},"thumbnailUrl":"https:\/\/www.nexoinformativo.mx\/wp-content\/uploads\/2025\/02\/PHOTO-2025-02-25-13-44-48-e1740518274546.jpg","keywords":["Econom\u00edaQro","EmpleoQuer\u00e9taro","ENOE","MercadoLaboral"],"articleSection":["Econom\u00eda","Estado","\u00daltima Hora"],"inLanguage":"es","potentialAction":[{"@type":"CommentAction","name":"Comment","target":["https:\/\/www.nexoinformativo.mx\/index.php\/2025\/02\/25\/empleo-en-queretaro-crece-poblacion-economicamente-activa-supera-los-1-2-millones\/#respond"]}]},{"@type":"WebPage","@id":"https:\/\/www.nexoinformativo.mx\/index.php\/2025\/02\/25\/empleo-en-queretaro-crece-poblacion-economicamente-activa-supera-los-1-2-millones\/","url":"https:\/\/www.nexoinformativo.mx\/index.php\/2025\/02\/25\/empleo-en-queretaro-crece-poblacion-economicamente-activa-supera-los-1-2-millones\/","name":"Empleo en Quer\u00e9taro crece poblaci\u00f3n econ\u00f3micamente activa supera los 1.2 millones | Nexo Informativo Santiago de Quer\u00e9taro","isPartOf":{"@id":"https:\/\/www.nexoinformativo.mx\/#website"},"primaryImageOfPage":{"@id":"https:\/\/www.nexoinformativo.mx\/index.php\/2025\/02\/25\/empleo-en-queretaro-crece-poblacion-economicamente-activa-supera-los-1-2-millones\/#primaryimage"},"image":{"@id":"https:\/\/www.nexoinformativo.mx\/index.php\/2025\/02\/25\/empleo-en-queretaro-crece-poblacion-economicamente-activa-supera-los-1-2-millones\/#primaryimage"},"thumbnailUrl":"https:\/\/www.nexoinformativo.mx\/wp-content\/uploads\/2025\/02\/PHOTO-2025-02-25-13-44-48-e1740518274546.jpg","datePublished":"2025-02-25T18:30:51+00:00","dateModified":"2025-02-25T21:18:53+00:00","description":"Empleo en Quer\u00e9taro crece poblaci\u00f3n econ\u00f3micamente activa supera los 1.2 millones","breadcrumb":{"@id":"https:\/\/www.nexoinformativo.mx\/index.php\/2025\/02\/25\/empleo-en-queretaro-crece-poblacion-economicamente-activa-supera-los-1-2-millones\/#breadcrumb"},"inLanguage":"es","potentialAction":[{"@type":"ReadAction","target":["https:\/\/www.nexoinformativo.mx\/index.php\/2025\/02\/25\/empleo-en-queretaro-crece-poblacion-economicamente-activa-supera-los-1-2-millones\/"]}]},{"@type":"ImageObject","inLanguage":"es","@id":"https:\/\/www.nexoinformativo.mx\/index.php\/2025\/02\/25\/empleo-en-queretaro-crece-poblacion-economicamente-activa-supera-los-1-2-millones\/#primaryimage","url":"https:\/\/www.nexoinformativo.mx\/wp-content\/uploads\/2025\/02\/PHOTO-2025-02-25-13-44-48-e1740518274546.jpg","contentUrl":"https:\/\/www.nexoinformativo.mx\/wp-content\/uploads\/2025\/02\/PHOTO-2025-02-25-13-44-48-e1740518274546.jpg","width":800,"height":533},{"@type":"BreadcrumbList","@id":"https:\/\/www.nexoinformativo.mx\/index.php\/2025\/02\/25\/empleo-en-queretaro-crece-poblacion-economicamente-activa-supera-los-1-2-millones\/#breadcrumb","itemListElement":[{"@type":"ListItem","position":1,"name":"Inicio","item":"https:\/\/www.nexoinformativo.mx\/"},{"@type":"ListItem","position":2,"name":"Empleo en Quer\u00e9taro crece poblaci\u00f3n econ\u00f3micamente activa supera los 1.2 millones"}]},{"@type":"WebSite","@id":"https:\/\/www.nexoinformativo.mx\/#website","url":"https:\/\/www.nexoinformativo.mx\/","name":"Nexo Informativo Santiago de Quer\u00e9taro","description":"Explora NexoInformativo y convi\u00e9rtete en parte de una comunidad que valora el conocimiento y la verdad. Tu nexoinformativo es tu puente hacia una comprensi\u00f3n m\u00e1s profunda del mundo que te rodea.","publisher":{"@id":"https:\/\/www.nexoinformativo.mx\/#organization"},"potentialAction":[{"@type":"SearchAction","target":{"@type":"EntryPoint","urlTemplate":"https:\/\/www.nexoinformativo.mx\/?s={search_term_string}"},"query-input":{"@type":"PropertyValueSpecification","valueRequired":true,"valueName":"search_term_string"}}],"inLanguage":"es"},{"@type":"Organization","@id":"https:\/\/www.nexoinformativo.mx\/#organization","name":"Nexo Informativo Santiago de Quer\u00e9taro","url":"https:\/\/www.nexoinformativo.mx\/","logo":{"@type":"ImageObject","inLanguage":"es","@id":"https:\/\/www.nexoinformativo.mx\/#\/schema\/logo\/image\/","url":"https:\/\/www.nexoinformativo.mx\/wp-content\/uploads\/2024\/07\/nexoi-trasparente-2.png","contentUrl":"https:\/\/www.nexoinformativo.mx\/wp-content\/uploads\/2024\/07\/nexoi-trasparente-2.png","width":816,"height":339,"caption":"Nexo Informativo Santiago de Quer\u00e9taro"},"image":{"@id":"https:\/\/www.nexoinformativo.mx\/#\/schema\/logo\/image\/"},"sameAs":["https:\/\/www.facebook.com\/people\/Nexo-Informativo\/61564066885511\/"]},{"@type":"Person","@id":"https:\/\/www.nexoinformativo.mx\/#\/schema\/person\/7749d380ba08c8ca00d7bc76fd907b7d","name":"Nexo Informativo","image":{"@type":"ImageObject","inLanguage":"es","@id":"https:\/\/www.nexoinformativo.mx\/#\/schema\/person\/image\/","url":"https:\/\/secure.gravatar.com\/avatar\/dde2928154642a13d95f87ddf1ea9718fe2b46760a005c53e41ff5ad610704e6?s=96&d=mm&r=g","contentUrl":"https:\/\/secure.gravatar.com\/avatar\/dde2928154642a13d95f87ddf1ea9718fe2b46760a005c53e41ff5ad610704e6?s=96&d=mm&r=g","caption":"Nexo Informativo"},"url":"https:\/\/www.nexoinformativo.mx\/index.php\/author\/edicion\/"}]}},"_links":{"self":[{"href":"https:\/\/www.nexoinformativo.mx\/index.php\/wp-json\/wp\/v2\/posts\/12064","targetHints":{"allow":["GET"]}}],"collection":[{"href":"https:\/\/www.nexoinformativo.mx\/index.php\/wp-json\/wp\/v2\/posts"}],"about":[{"href":"https:\/\/www.nexoinformativo.mx\/index.php\/wp-json\/wp\/v2\/types\/post"}],"author":[{"embeddable":true,"href":"https:\/\/www.nexoinformativo.mx\/index.php\/wp-json\/wp\/v2\/users\/3"}],"replies":[{"embeddable":true,"href":"https:\/\/www.nexoinformativo.mx\/index.php\/wp-json\/wp\/v2\/comments?post=12064"}],"version-history":[{"count":4,"href":"https:\/\/www.nexoinformativo.mx\/index.php\/wp-json\/wp\/v2\/posts\/12064\/revisions"}],"predecessor-version":[{"id":12068,"href":"https:\/\/www.nexoinformativo.mx\/index.php\/wp-json\/wp\/v2\/posts\/12064\/revisions\/12068"}],"wp:featuredmedia":[{"embeddable":true,"href":"https:\/\/www.nexoinformativo.mx\/index.php\/wp-json\/wp\/v2\/media\/12065"}],"wp:attachment":[{"href":"https:\/\/www.nexoinformativo.mx\/index.php\/wp-json\/wp\/v2\/media?parent=12064"}],"wp:term":[{"taxonomy":"category","embeddable":true,"href":"https:\/\/www.nexoinformativo.mx\/index.php\/wp-json\/wp\/v2\/categories?post=12064"},{"taxonomy":"post_tag","embeddable":true,"href":"https:\/\/www.nexoinformativo.mx\/index.php\/wp-json\/wp\/v2\/tags?post=12064"}],"curies":[{"name":"wp","href":"https:\/\/api.w.org\/{rel}","templated":true}]}}