{"id":12070,"date":"2025-02-25T13:00:07","date_gmt":"2025-02-25T19:00:07","guid":{"rendered":"https:\/\/www.nexoinformativo.mx\/?p=12070"},"modified":"2025-02-25T15:26:49","modified_gmt":"2025-02-25T21:26:49","slug":"queretaro-pionero-en-seguridad-digital-escolar-su-medida-atrae-miradas-de-otros-estados","status":"publish","type":"post","link":"https:\/\/www.nexoinformativo.mx\/index.php\/2025\/02\/25\/queretaro-pionero-en-seguridad-digital-escolar-su-medida-atrae-miradas-de-otros-estados\/","title":{"rendered":"Quer\u00e9taro pionero en seguridad digital escolar su medida atrae miradas de otros estados"},"content":{"rendered":"<p style=\"text-align: justify;\" data-sourcepos=\"13:1-13:346\">La innovadora medida implementada en Quer\u00e9taro para regular el uso de tel\u00e9fonos celulares en las escuelas ha despertado el inter\u00e9s de diversos estados del pa\u00eds. La secretaria de Educaci\u00f3n del estado, Martha Elena Soto, inform\u00f3 que al menos seis entidades han solicitado informaci\u00f3n sobre esta iniciativa.<\/p>\n<p>&nbsp;<\/p>\n<p style=\"text-align: justify;\" data-sourcepos=\"15:1-15:469\">Entre los estados interesados se encuentran Puebla, Michoac\u00e1n, Aguascalientes y San Luis Potos\u00ed. &#8220;S\u00ed, yo conozco lo mismo de las noticias que ustedes Michoac\u00e1n, tambi\u00e9n, San Luis Potos\u00ed, lo refer\u00eda dos colegas que mejor no digo de estado&#8221; detallo Obreg\u00f3n.<\/p>\n<p>&nbsp;<\/p>\n<p style=\"text-align: justify;\" data-sourcepos=\"15:1-15:469\">A pesar de la resistencia inicial de algunos estudiantes, la medida ha sido bien recibida por la mayor\u00eda de la comunidad educativa.<\/p>\n<p>&nbsp;<\/p>\n<p style=\"text-align: justify;\" data-sourcepos=\"15:1-15:469\">&#8220;Pues la verdad es que los muchachos delante de nosotros nos dicen que no les gusta la medida obviamente, pero pues que reconocen ah\u00ed el problema, la situaci\u00f3n y las ventajas que tienen estar al pendiente de la de la escuela&#8221;, explic\u00f3 la secretaria.<\/p>\n<p>&nbsp;<\/p>\n<p style=\"text-align: justify;\" data-sourcepos=\"15:1-15:469\">Los prefectos de preparatoria han reportado una mejora en la atenci\u00f3n de los alumnos. La medida busca prevenir problemas como la violencia digital y el acoso escolar, creando un ambiente m\u00e1s seguro y enfocado en el aprendizaje.<\/p>\n<p>&nbsp;<\/p>\n<p style=\"text-align: center;\" data-sourcepos=\"15:1-15:469\"><em><strong>\u00a1Informaci\u00f3n que transforma!<\/strong><\/em><\/p>\n","protected":false},"excerpt":{"rendered":"<p>La innovadora medida implementada en Quer\u00e9taro para regular el uso de tel\u00e9fonos celulares en las escuelas ha despertado el inter\u00e9s de diversos estados del pa\u00eds.<\/p>\n","protected":false},"author":3,"featured_media":12072,"comment_status":"open","ping_status":"open","sticky":false,"template":"","format":"standard","meta":{"footnotes":""},"categories":[42,58],"tags":[3533,3534,3535,673],"class_list":["post-12070","post","type-post","status-publish","format-standard","has-post-thumbnail","hentry","category-estado","category-ultima-hora","tag-celularesenescuelas","tag-educaciondigital","tag-queretaroeducacion","tag-seguridadescolar"],"yoast_head":"<!-- This site is optimized with the Yoast SEO plugin v25.0 - https:\/\/yoast.com\/wordpress\/plugins\/seo\/ -->\n<title>Quer\u00e9taro pionero en seguridad digital escolar su medida atrae miradas de otros estados | Nexo Informativo Santiago de Quer\u00e9taro<\/title>\n<meta name=\"description\" content=\"Quer\u00e9taro, pionero en seguridad digital escolar su medida atrae miradas de otros estados\" \/>\n<meta name=\"robots\" content=\"index, follow, max-snippet:-1, max-image-preview:large, max-video-preview:-1\" \/>\n<link rel=\"canonical\" href=\"https:\/\/www.nexoinformativo.mx\/index.php\/2025\/02\/25\/queretaro-pionero-en-seguridad-digital-escolar-su-medida-atrae-miradas-de-otros-estados\/\" \/>\n<meta property=\"og:locale\" content=\"es_MX\" \/>\n<meta property=\"og:type\" content=\"article\" \/>\n<meta property=\"og:title\" content=\"Quer\u00e9taro pionero en seguridad digital escolar su medida atrae miradas de otros estados | Nexo Informativo Santiago de Quer\u00e9taro\" \/>\n<meta property=\"og:description\" content=\"Quer\u00e9taro, pionero en seguridad digital escolar su medida atrae miradas de otros estados\" \/>\n<meta property=\"og:url\" content=\"https:\/\/www.nexoinformativo.mx\/index.php\/2025\/02\/25\/queretaro-pionero-en-seguridad-digital-escolar-su-medida-atrae-miradas-de-otros-estados\/\" \/>\n<meta property=\"og:site_name\" content=\"Nexo Informativo Santiago de Quer\u00e9taro\" \/>\n<meta property=\"article:publisher\" content=\"https:\/\/www.facebook.com\/people\/Nexo-Informativo\/61564066885511\/\" \/>\n<meta property=\"article:published_time\" content=\"2025-02-25T19:00:07+00:00\" \/>\n<meta property=\"article:modified_time\" content=\"2025-02-25T21:26:49+00:00\" \/>\n<meta property=\"og:image\" content=\"https:\/\/www.nexoinformativo.mx\/wp-content\/uploads\/2025\/02\/d310d8c0-970a-408e-acaf-3e18a81bf4a3-e1740518766894.jpg\" \/>\n\t<meta property=\"og:image:width\" content=\"800\" \/>\n\t<meta property=\"og:image:height\" content=\"533\" \/>\n\t<meta property=\"og:image:type\" content=\"image\/jpeg\" \/>\n<meta name=\"author\" content=\"Nexo Informativo\" \/>\n<meta name=\"twitter:card\" content=\"summary_large_image\" \/>\n<meta name=\"twitter:label1\" content=\"Escrito por\" \/>\n\t<meta name=\"twitter:data1\" content=\"Nexo Informativo\" \/>\n\t<meta name=\"twitter:label2\" content=\"Tiempo de lectura\" \/>\n\t<meta name=\"twitter:data2\" content=\"2 minutos\" \/>\n<script type=\"application\/ld+json\" class=\"yoast-schema-graph\">{\"@context\":\"https:\/\/schema.org\",\"@graph\":[{\"@type\":\"Article\",\"@id\":\"https:\/\/www.nexoinformativo.mx\/index.php\/2025\/02\/25\/queretaro-pionero-en-seguridad-digital-escolar-su-medida-atrae-miradas-de-otros-estados\/#article\",\"isPartOf\":{\"@id\":\"https:\/\/www.nexoinformativo.mx\/index.php\/2025\/02\/25\/queretaro-pionero-en-seguridad-digital-escolar-su-medida-atrae-miradas-de-otros-estados\/\"},\"author\":{\"name\":\"Nexo Informativo\",\"@id\":\"https:\/\/www.nexoinformativo.mx\/#\/schema\/person\/7749d380ba08c8ca00d7bc76fd907b7d\"},\"headline\":\"Quer\u00e9taro pionero en seguridad digital escolar su medida atrae miradas de otros estados\",\"datePublished\":\"2025-02-25T19:00:07+00:00\",\"dateModified\":\"2025-02-25T21:26:49+00:00\",\"mainEntityOfPage\":{\"@id\":\"https:\/\/www.nexoinformativo.mx\/index.php\/2025\/02\/25\/queretaro-pionero-en-seguridad-digital-escolar-su-medida-atrae-miradas-de-otros-estados\/\"},\"wordCount\":227,\"commentCount\":0,\"publisher\":{\"@id\":\"https:\/\/www.nexoinformativo.mx\/#organization\"},\"image\":{\"@id\":\"https:\/\/www.nexoinformativo.mx\/index.php\/2025\/02\/25\/queretaro-pionero-en-seguridad-digital-escolar-su-medida-atrae-miradas-de-otros-estados\/#primaryimage\"},\"thumbnailUrl\":\"https:\/\/www.nexoinformativo.mx\/wp-content\/uploads\/2025\/02\/d310d8c0-970a-408e-acaf-3e18a81bf4a3-e1740518766894.jpg\",\"keywords\":[\"CelularesEnEscuelas\",\"Educaci\u00f3nDigital\",\"Quer\u00e9taroEducaci\u00f3n\",\"SeguridadEscolar\"],\"articleSection\":[\"Estado\",\"\u00daltima Hora\"],\"inLanguage\":\"es\",\"potentialAction\":[{\"@type\":\"CommentAction\",\"name\":\"Comment\",\"target\":[\"https:\/\/www.nexoinformativo.mx\/index.php\/2025\/02\/25\/queretaro-pionero-en-seguridad-digital-escolar-su-medida-atrae-miradas-de-otros-estados\/#respond\"]}]},{\"@type\":\"WebPage\",\"@id\":\"https:\/\/www.nexoinformativo.mx\/index.php\/2025\/02\/25\/queretaro-pionero-en-seguridad-digital-escolar-su-medida-atrae-miradas-de-otros-estados\/\",\"url\":\"https:\/\/www.nexoinformativo.mx\/index.php\/2025\/02\/25\/queretaro-pionero-en-seguridad-digital-escolar-su-medida-atrae-miradas-de-otros-estados\/\",\"name\":\"Quer\u00e9taro pionero en seguridad digital escolar su medida atrae miradas de otros estados | Nexo Informativo Santiago de Quer\u00e9taro\",\"isPartOf\":{\"@id\":\"https:\/\/www.nexoinformativo.mx\/#website\"},\"primaryImageOfPage\":{\"@id\":\"https:\/\/www.nexoinformativo.mx\/index.php\/2025\/02\/25\/queretaro-pionero-en-seguridad-digital-escolar-su-medida-atrae-miradas-de-otros-estados\/#primaryimage\"},\"image\":{\"@id\":\"https:\/\/www.nexoinformativo.mx\/index.php\/2025\/02\/25\/queretaro-pionero-en-seguridad-digital-escolar-su-medida-atrae-miradas-de-otros-estados\/#primaryimage\"},\"thumbnailUrl\":\"https:\/\/www.nexoinformativo.mx\/wp-content\/uploads\/2025\/02\/d310d8c0-970a-408e-acaf-3e18a81bf4a3-e1740518766894.jpg\",\"datePublished\":\"2025-02-25T19:00:07+00:00\",\"dateModified\":\"2025-02-25T21:26:49+00:00\",\"description\":\"Quer\u00e9taro, pionero en seguridad digital escolar su medida atrae miradas de otros estados\",\"breadcrumb\":{\"@id\":\"https:\/\/www.nexoinformativo.mx\/index.php\/2025\/02\/25\/queretaro-pionero-en-seguridad-digital-escolar-su-medida-atrae-miradas-de-otros-estados\/#breadcrumb\"},\"inLanguage\":\"es\",\"potentialAction\":[{\"@type\":\"ReadAction\",\"target\":[\"https:\/\/www.nexoinformativo.mx\/index.php\/2025\/02\/25\/queretaro-pionero-en-seguridad-digital-escolar-su-medida-atrae-miradas-de-otros-estados\/\"]}]},{\"@type\":\"ImageObject\",\"inLanguage\":\"es\",\"@id\":\"https:\/\/www.nexoinformativo.mx\/index.php\/2025\/02\/25\/queretaro-pionero-en-seguridad-digital-escolar-su-medida-atrae-miradas-de-otros-estados\/#primaryimage\",\"url\":\"https:\/\/www.nexoinformativo.mx\/wp-content\/uploads\/2025\/02\/d310d8c0-970a-408e-acaf-3e18a81bf4a3-e1740518766894.jpg\",\"contentUrl\":\"https:\/\/www.nexoinformativo.mx\/wp-content\/uploads\/2025\/02\/d310d8c0-970a-408e-acaf-3e18a81bf4a3-e1740518766894.jpg\",\"width\":800,\"height\":533},{\"@type\":\"BreadcrumbList\",\"@id\":\"https:\/\/www.nexoinformativo.mx\/index.php\/2025\/02\/25\/queretaro-pionero-en-seguridad-digital-escolar-su-medida-atrae-miradas-de-otros-estados\/#breadcrumb\",\"itemListElement\":[{\"@type\":\"ListItem\",\"position\":1,\"name\":\"Inicio\",\"item\":\"https:\/\/www.nexoinformativo.mx\/\"},{\"@type\":\"ListItem\",\"position\":2,\"name\":\"Quer\u00e9taro pionero en seguridad digital escolar su medida atrae miradas de otros estados\"}]},{\"@type\":\"WebSite\",\"@id\":\"https:\/\/www.nexoinformativo.mx\/#website\",\"url\":\"https:\/\/www.nexoinformativo.mx\/\",\"name\":\"Nexo Informativo Santiago de Quer\u00e9taro\",\"description\":\"Explora NexoInformativo y convi\u00e9rtete en parte de una comunidad que valora el conocimiento y la verdad. Tu nexoinformativo es tu puente hacia una comprensi\u00f3n m\u00e1s profunda del mundo que te rodea.\",\"publisher\":{\"@id\":\"https:\/\/www.nexoinformativo.mx\/#organization\"},\"potentialAction\":[{\"@type\":\"SearchAction\",\"target\":{\"@type\":\"EntryPoint\",\"urlTemplate\":\"https:\/\/www.nexoinformativo.mx\/?s={search_term_string}\"},\"query-input\":{\"@type\":\"PropertyValueSpecification\",\"valueRequired\":true,\"valueName\":\"search_term_string\"}}],\"inLanguage\":\"es\"},{\"@type\":\"Organization\",\"@id\":\"https:\/\/www.nexoinformativo.mx\/#organization\",\"name\":\"Nexo Informativo Santiago de Quer\u00e9taro\",\"url\":\"https:\/\/www.nexoinformativo.mx\/\",\"logo\":{\"@type\":\"ImageObject\",\"inLanguage\":\"es\",\"@id\":\"https:\/\/www.nexoinformativo.mx\/#\/schema\/logo\/image\/\",\"url\":\"https:\/\/www.nexoinformativo.mx\/wp-content\/uploads\/2024\/07\/nexoi-trasparente-2.png\",\"contentUrl\":\"https:\/\/www.nexoinformativo.mx\/wp-content\/uploads\/2024\/07\/nexoi-trasparente-2.png\",\"width\":816,\"height\":339,\"caption\":\"Nexo Informativo Santiago de Quer\u00e9taro\"},\"image\":{\"@id\":\"https:\/\/www.nexoinformativo.mx\/#\/schema\/logo\/image\/\"},\"sameAs\":[\"https:\/\/www.facebook.com\/people\/Nexo-Informativo\/61564066885511\/\"]},{\"@type\":\"Person\",\"@id\":\"https:\/\/www.nexoinformativo.mx\/#\/schema\/person\/7749d380ba08c8ca00d7bc76fd907b7d\",\"name\":\"Nexo Informativo\",\"image\":{\"@type\":\"ImageObject\",\"inLanguage\":\"es\",\"@id\":\"https:\/\/www.nexoinformativo.mx\/#\/schema\/person\/image\/\",\"url\":\"https:\/\/secure.gravatar.com\/avatar\/dde2928154642a13d95f87ddf1ea9718fe2b46760a005c53e41ff5ad610704e6?s=96&d=mm&r=g\",\"contentUrl\":\"https:\/\/secure.gravatar.com\/avatar\/dde2928154642a13d95f87ddf1ea9718fe2b46760a005c53e41ff5ad610704e6?s=96&d=mm&r=g\",\"caption\":\"Nexo Informativo\"},\"url\":\"https:\/\/www.nexoinformativo.mx\/index.php\/author\/edicion\/\"}]}<\/script>\n<!-- \/ Yoast SEO plugin. -->","yoast_head_json":{"title":"Quer\u00e9taro pionero en seguridad digital escolar su medida atrae miradas de otros estados | Nexo Informativo Santiago de Quer\u00e9taro","description":"Quer\u00e9taro, pionero en seguridad digital escolar su medida atrae miradas de otros estados","robots":{"index":"index","follow":"follow","max-snippet":"max-snippet:-1","max-image-preview":"max-image-preview:large","max-video-preview":"max-video-preview:-1"},"canonical":"https:\/\/www.nexoinformativo.mx\/index.php\/2025\/02\/25\/queretaro-pionero-en-seguridad-digital-escolar-su-medida-atrae-miradas-de-otros-estados\/","og_locale":"es_MX","og_type":"article","og_title":"Quer\u00e9taro pionero en seguridad digital escolar su medida atrae miradas de otros estados | Nexo Informativo Santiago de Quer\u00e9taro","og_description":"Quer\u00e9taro, pionero en seguridad digital escolar su medida atrae miradas de otros estados","og_url":"https:\/\/www.nexoinformativo.mx\/index.php\/2025\/02\/25\/queretaro-pionero-en-seguridad-digital-escolar-su-medida-atrae-miradas-de-otros-estados\/","og_site_name":"Nexo Informativo Santiago de Quer\u00e9taro","article_publisher":"https:\/\/www.facebook.com\/people\/Nexo-Informativo\/61564066885511\/","article_published_time":"2025-02-25T19:00:07+00:00","article_modified_time":"2025-02-25T21:26:49+00:00","og_image":[{"width":800,"height":533,"url":"https:\/\/www.nexoinformativo.mx\/wp-content\/uploads\/2025\/02\/d310d8c0-970a-408e-acaf-3e18a81bf4a3-e1740518766894.jpg","type":"image\/jpeg"}],"author":"Nexo Informativo","twitter_card":"summary_large_image","twitter_misc":{"Escrito por":"Nexo Informativo","Tiempo de lectura":"2 minutos"},"schema":{"@context":"https:\/\/schema.org","@graph":[{"@type":"Article","@id":"https:\/\/www.nexoinformativo.mx\/index.php\/2025\/02\/25\/queretaro-pionero-en-seguridad-digital-escolar-su-medida-atrae-miradas-de-otros-estados\/#article","isPartOf":{"@id":"https:\/\/www.nexoinformativo.mx\/index.php\/2025\/02\/25\/queretaro-pionero-en-seguridad-digital-escolar-su-medida-atrae-miradas-de-otros-estados\/"},"author":{"name":"Nexo Informativo","@id":"https:\/\/www.nexoinformativo.mx\/#\/schema\/person\/7749d380ba08c8ca00d7bc76fd907b7d"},"headline":"Quer\u00e9taro pionero en seguridad digital escolar su medida atrae miradas de otros estados","datePublished":"2025-02-25T19:00:07+00:00","dateModified":"2025-02-25T21:26:49+00:00","mainEntityOfPage":{"@id":"https:\/\/www.nexoinformativo.mx\/index.php\/2025\/02\/25\/queretaro-pionero-en-seguridad-digital-escolar-su-medida-atrae-miradas-de-otros-estados\/"},"wordCount":227,"commentCount":0,"publisher":{"@id":"https:\/\/www.nexoinformativo.mx\/#organization"},"image":{"@id":"https:\/\/www.nexoinformativo.mx\/index.php\/2025\/02\/25\/queretaro-pionero-en-seguridad-digital-escolar-su-medida-atrae-miradas-de-otros-estados\/#primaryimage"},"thumbnailUrl":"https:\/\/www.nexoinformativo.mx\/wp-content\/uploads\/2025\/02\/d310d8c0-970a-408e-acaf-3e18a81bf4a3-e1740518766894.jpg","keywords":["CelularesEnEscuelas","Educaci\u00f3nDigital","Quer\u00e9taroEducaci\u00f3n","SeguridadEscolar"],"articleSection":["Estado","\u00daltima Hora"],"inLanguage":"es","potentialAction":[{"@type":"CommentAction","name":"Comment","target":["https:\/\/www.nexoinformativo.mx\/index.php\/2025\/02\/25\/queretaro-pionero-en-seguridad-digital-escolar-su-medida-atrae-miradas-de-otros-estados\/#respond"]}]},{"@type":"WebPage","@id":"https:\/\/www.nexoinformativo.mx\/index.php\/2025\/02\/25\/queretaro-pionero-en-seguridad-digital-escolar-su-medida-atrae-miradas-de-otros-estados\/","url":"https:\/\/www.nexoinformativo.mx\/index.php\/2025\/02\/25\/queretaro-pionero-en-seguridad-digital-escolar-su-medida-atrae-miradas-de-otros-estados\/","name":"Quer\u00e9taro pionero en seguridad digital escolar su medida atrae miradas de otros estados | Nexo Informativo Santiago de Quer\u00e9taro","isPartOf":{"@id":"https:\/\/www.nexoinformativo.mx\/#website"},"primaryImageOfPage":{"@id":"https:\/\/www.nexoinformativo.mx\/index.php\/2025\/02\/25\/queretaro-pionero-en-seguridad-digital-escolar-su-medida-atrae-miradas-de-otros-estados\/#primaryimage"},"image":{"@id":"https:\/\/www.nexoinformativo.mx\/index.php\/2025\/02\/25\/queretaro-pionero-en-seguridad-digital-escolar-su-medida-atrae-miradas-de-otros-estados\/#primaryimage"},"thumbnailUrl":"https:\/\/www.nexoinformativo.mx\/wp-content\/uploads\/2025\/02\/d310d8c0-970a-408e-acaf-3e18a81bf4a3-e1740518766894.jpg","datePublished":"2025-02-25T19:00:07+00:00","dateModified":"2025-02-25T21:26:49+00:00","description":"Quer\u00e9taro, pionero en seguridad digital escolar su medida atrae miradas de otros estados","breadcrumb":{"@id":"https:\/\/www.nexoinformativo.mx\/index.php\/2025\/02\/25\/queretaro-pionero-en-seguridad-digital-escolar-su-medida-atrae-miradas-de-otros-estados\/#breadcrumb"},"inLanguage":"es","potentialAction":[{"@type":"ReadAction","target":["https:\/\/www.nexoinformativo.mx\/index.php\/2025\/02\/25\/queretaro-pionero-en-seguridad-digital-escolar-su-medida-atrae-miradas-de-otros-estados\/"]}]},{"@type":"ImageObject","inLanguage":"es","@id":"https:\/\/www.nexoinformativo.mx\/index.php\/2025\/02\/25\/queretaro-pionero-en-seguridad-digital-escolar-su-medida-atrae-miradas-de-otros-estados\/#primaryimage","url":"https:\/\/www.nexoinformativo.mx\/wp-content\/uploads\/2025\/02\/d310d8c0-970a-408e-acaf-3e18a81bf4a3-e1740518766894.jpg","contentUrl":"https:\/\/www.nexoinformativo.mx\/wp-content\/uploads\/2025\/02\/d310d8c0-970a-408e-acaf-3e18a81bf4a3-e1740518766894.jpg","width":800,"height":533},{"@type":"BreadcrumbList","@id":"https:\/\/www.nexoinformativo.mx\/index.php\/2025\/02\/25\/queretaro-pionero-en-seguridad-digital-escolar-su-medida-atrae-miradas-de-otros-estados\/#breadcrumb","itemListElement":[{"@type":"ListItem","position":1,"name":"Inicio","item":"https:\/\/www.nexoinformativo.mx\/"},{"@type":"ListItem","position":2,"name":"Quer\u00e9taro pionero en seguridad digital escolar su medida atrae miradas de otros estados"}]},{"@type":"WebSite","@id":"https:\/\/www.nexoinformativo.mx\/#website","url":"https:\/\/www.nexoinformativo.mx\/","name":"Nexo Informativo Santiago de Quer\u00e9taro","description":"Explora NexoInformativo y convi\u00e9rtete en parte de una comunidad que valora el conocimiento y la verdad. Tu nexoinformativo es tu puente hacia una comprensi\u00f3n m\u00e1s profunda del mundo que te rodea.","publisher":{"@id":"https:\/\/www.nexoinformativo.mx\/#organization"},"potentialAction":[{"@type":"SearchAction","target":{"@type":"EntryPoint","urlTemplate":"https:\/\/www.nexoinformativo.mx\/?s={search_term_string}"},"query-input":{"@type":"PropertyValueSpecification","valueRequired":true,"valueName":"search_term_string"}}],"inLanguage":"es"},{"@type":"Organization","@id":"https:\/\/www.nexoinformativo.mx\/#organization","name":"Nexo Informativo Santiago de Quer\u00e9taro","url":"https:\/\/www.nexoinformativo.mx\/","logo":{"@type":"ImageObject","inLanguage":"es","@id":"https:\/\/www.nexoinformativo.mx\/#\/schema\/logo\/image\/","url":"https:\/\/www.nexoinformativo.mx\/wp-content\/uploads\/2024\/07\/nexoi-trasparente-2.png","contentUrl":"https:\/\/www.nexoinformativo.mx\/wp-content\/uploads\/2024\/07\/nexoi-trasparente-2.png","width":816,"height":339,"caption":"Nexo Informativo Santiago de Quer\u00e9taro"},"image":{"@id":"https:\/\/www.nexoinformativo.mx\/#\/schema\/logo\/image\/"},"sameAs":["https:\/\/www.facebook.com\/people\/Nexo-Informativo\/61564066885511\/"]},{"@type":"Person","@id":"https:\/\/www.nexoinformativo.mx\/#\/schema\/person\/7749d380ba08c8ca00d7bc76fd907b7d","name":"Nexo Informativo","image":{"@type":"ImageObject","inLanguage":"es","@id":"https:\/\/www.nexoinformativo.mx\/#\/schema\/person\/image\/","url":"https:\/\/secure.gravatar.com\/avatar\/dde2928154642a13d95f87ddf1ea9718fe2b46760a005c53e41ff5ad610704e6?s=96&d=mm&r=g","contentUrl":"https:\/\/secure.gravatar.com\/avatar\/dde2928154642a13d95f87ddf1ea9718fe2b46760a005c53e41ff5ad610704e6?s=96&d=mm&r=g","caption":"Nexo Informativo"},"url":"https:\/\/www.nexoinformativo.mx\/index.php\/author\/edicion\/"}]}},"_links":{"self":[{"href":"https:\/\/www.nexoinformativo.mx\/index.php\/wp-json\/wp\/v2\/posts\/12070","targetHints":{"allow":["GET"]}}],"collection":[{"href":"https:\/\/www.nexoinformativo.mx\/index.php\/wp-json\/wp\/v2\/posts"}],"about":[{"href":"https:\/\/www.nexoinformativo.mx\/index.php\/wp-json\/wp\/v2\/types\/post"}],"author":[{"embeddable":true,"href":"https:\/\/www.nexoinformativo.mx\/index.php\/wp-json\/wp\/v2\/users\/3"}],"replies":[{"embeddable":true,"href":"https:\/\/www.nexoinformativo.mx\/index.php\/wp-json\/wp\/v2\/comments?post=12070"}],"version-history":[{"count":4,"href":"https:\/\/www.nexoinformativo.mx\/index.php\/wp-json\/wp\/v2\/posts\/12070\/revisions"}],"predecessor-version":[{"id":12075,"href":"https:\/\/www.nexoinformativo.mx\/index.php\/wp-json\/wp\/v2\/posts\/12070\/revisions\/12075"}],"wp:featuredmedia":[{"embeddable":true,"href":"https:\/\/www.nexoinformativo.mx\/index.php\/wp-json\/wp\/v2\/media\/12072"}],"wp:attachment":[{"href":"https:\/\/www.nexoinformativo.mx\/index.php\/wp-json\/wp\/v2\/media?parent=12070"}],"wp:term":[{"taxonomy":"category","embeddable":true,"href":"https:\/\/www.nexoinformativo.mx\/index.php\/wp-json\/wp\/v2\/categories?post=12070"},{"taxonomy":"post_tag","embeddable":true,"href":"https:\/\/www.nexoinformativo.mx\/index.php\/wp-json\/wp\/v2\/tags?post=12070"}],"curies":[{"name":"wp","href":"https:\/\/api.w.org\/{rel}","templated":true}]}}