{"id":12076,"date":"2025-02-25T13:30:55","date_gmt":"2025-02-25T19:30:55","guid":{"rendered":"https:\/\/www.nexoinformativo.mx\/?p=12076"},"modified":"2025-02-25T15:31:17","modified_gmt":"2025-02-25T21:31:17","slug":"hundimiento-en-avenida-universidad-desvia-seis-rutas-de-transporte-en-queretaro","status":"publish","type":"post","link":"https:\/\/www.nexoinformativo.mx\/index.php\/2025\/02\/25\/hundimiento-en-avenida-universidad-desvia-seis-rutas-de-transporte-en-queretaro\/","title":{"rendered":"Hundimiento en Avenida Universidad desv\u00eda seis rutas de transporte en Quer\u00e9taro"},"content":{"rendered":"<p style=\"text-align: justify;\" data-sourcepos=\"13:1-13:459\">Un hundimiento en la transitada Avenida Universidad ha provocado el desv\u00edo de seis rutas de transporte p\u00fablico en Quer\u00e9taro, inform\u00f3 la <strong>Agencia de Movilidad del Estado de Quer\u00e9taro<\/strong> (AMEQ).<\/p>\n<\/p>\n<p>&nbsp;<\/p>\n<p style=\"text-align: justify;\" data-sourcepos=\"13:1-13:459\">El director de la AMEQ, Gerardo Cuanalo, explic\u00f3 que se trata de cinco rutas complementarias y una troncal, las cuales han tenido que modificar su recorrido mientras la Comisi\u00f3n Estatal de Agua (CEA) realiza las reparaciones necesarias.<\/p>\n<\/p>\n<p>&nbsp;<\/p>\n<p style=\"text-align: justify;\" data-sourcepos=\"15:1-15:257\"><strong>&#8220;Bueno, tenemos ahorita seis rutas que son desviadas, una troncal y cinco complementarias, estamos esperando obviamente para tener la resoluci\u00f3n del estatus de la falla y sobre eso se est\u00e1n desviando y est\u00e1n creando la cobertura necesaria&#8221;<\/strong>, explic\u00f3 Cuanalo.<\/p>\n<\/p>\n<p>&nbsp;<\/p>\n<p style=\"text-align: justify;\" data-sourcepos=\"17:1-17:412\">La AMEQ ha solicitado a los usuarios del transporte p\u00fablico mantenerse atentos a los comunicados oficiales, donde se informar\u00e1 sobre el restablecimiento del servicio habitual.<\/p>\n<\/p>\n<p>&nbsp;<\/p>\n<p style=\"text-align: justify;\" data-sourcepos=\"17:1-17:412\">&#8220;Pero hoy en d\u00eda se est\u00e1 brindando el servicio, no se interrumpi\u00f3 ning\u00fan servicio, tenemos notificaci\u00f3n desde la ma\u00f1anita, desde las cinco de la ma\u00f1ana tengo notificaciones de que pareci\u00f3 esta situaci\u00f3n&#8221;, detall\u00f3 el director de la AMEQ.<\/p>\n<\/p>\n<p>&nbsp;<\/p>\n<p style=\"text-align: center;\" data-sourcepos=\"17:1-17:412\"><em><strong>\u00a1Informaci\u00f3n que transforma!<\/strong><\/em><\/p>\n","protected":false},"excerpt":{"rendered":"<p>Un hundimiento en la transitada Avenida Universidad ha provocado el desv\u00edo de seis rutas de transporte p\u00fablico en Quer\u00e9taro, inform\u00f3 la Agencia de Movilidad del Estado de Quer\u00e9taro (AMEQ).<\/p>\n","protected":false},"author":3,"featured_media":12077,"comment_status":"open","ping_status":"open","sticky":false,"template":"","format":"standard","meta":{"footnotes":""},"categories":[65,58],"tags":[2905,3536,650,3537],"class_list":["post-12076","post","type-post","status-publish","format-standard","has-post-thumbnail","hentry","category-municipios","category-ultima-hora","tag-ameq","tag-hundimientouniversidad","tag-transportequeretaro","tag-vialidadqueretaro"],"yoast_head":"<!-- This site is optimized with the Yoast SEO plugin v25.0 - https:\/\/yoast.com\/wordpress\/plugins\/seo\/ -->\n<title>Hundimiento en Avenida Universidad desv\u00eda seis rutas de transporte en Quer\u00e9taro | Nexo Informativo Santiago de Quer\u00e9taro<\/title>\n<meta name=\"description\" content=\"Hundimiento en Avenida Universidad desv\u00eda seis rutas de transporte en Quer\u00e9taro\" \/>\n<meta name=\"robots\" content=\"index, follow, max-snippet:-1, max-image-preview:large, max-video-preview:-1\" \/>\n<link rel=\"canonical\" href=\"https:\/\/www.nexoinformativo.mx\/index.php\/2025\/02\/25\/hundimiento-en-avenida-universidad-desvia-seis-rutas-de-transporte-en-queretaro\/\" \/>\n<meta property=\"og:locale\" content=\"es_MX\" \/>\n<meta property=\"og:type\" content=\"article\" \/>\n<meta property=\"og:title\" content=\"Hundimiento en Avenida Universidad desv\u00eda seis rutas de transporte en Quer\u00e9taro | Nexo Informativo Santiago de Quer\u00e9taro\" \/>\n<meta property=\"og:description\" content=\"Hundimiento en Avenida Universidad desv\u00eda seis rutas de transporte en Quer\u00e9taro\" \/>\n<meta property=\"og:url\" content=\"https:\/\/www.nexoinformativo.mx\/index.php\/2025\/02\/25\/hundimiento-en-avenida-universidad-desvia-seis-rutas-de-transporte-en-queretaro\/\" \/>\n<meta property=\"og:site_name\" content=\"Nexo Informativo Santiago de Quer\u00e9taro\" \/>\n<meta property=\"article:publisher\" content=\"https:\/\/www.facebook.com\/people\/Nexo-Informativo\/61564066885511\/\" \/>\n<meta property=\"article:published_time\" content=\"2025-02-25T19:30:55+00:00\" \/>\n<meta property=\"article:modified_time\" content=\"2025-02-25T21:31:17+00:00\" \/>\n<meta property=\"og:image\" content=\"https:\/\/www.nexoinformativo.mx\/wp-content\/uploads\/2025\/02\/4620955e-a4fe-4684-8df8-ec131ace2fc4-e1740519040618.jpg\" \/>\n\t<meta property=\"og:image:width\" content=\"800\" \/>\n\t<meta property=\"og:image:height\" content=\"749\" \/>\n\t<meta property=\"og:image:type\" content=\"image\/jpeg\" \/>\n<meta name=\"author\" content=\"Nexo Informativo\" \/>\n<meta name=\"twitter:card\" content=\"summary_large_image\" \/>\n<meta name=\"twitter:label1\" content=\"Escrito por\" \/>\n\t<meta name=\"twitter:data1\" content=\"Nexo Informativo\" \/>\n\t<meta name=\"twitter:label2\" content=\"Tiempo de lectura\" \/>\n\t<meta name=\"twitter:data2\" content=\"1 minuto\" \/>\n<script type=\"application\/ld+json\" class=\"yoast-schema-graph\">{\"@context\":\"https:\/\/schema.org\",\"@graph\":[{\"@type\":\"Article\",\"@id\":\"https:\/\/www.nexoinformativo.mx\/index.php\/2025\/02\/25\/hundimiento-en-avenida-universidad-desvia-seis-rutas-de-transporte-en-queretaro\/#article\",\"isPartOf\":{\"@id\":\"https:\/\/www.nexoinformativo.mx\/index.php\/2025\/02\/25\/hundimiento-en-avenida-universidad-desvia-seis-rutas-de-transporte-en-queretaro\/\"},\"author\":{\"name\":\"Nexo Informativo\",\"@id\":\"https:\/\/www.nexoinformativo.mx\/#\/schema\/person\/7749d380ba08c8ca00d7bc76fd907b7d\"},\"headline\":\"Hundimiento en Avenida Universidad desv\u00eda seis rutas de transporte en Quer\u00e9taro\",\"datePublished\":\"2025-02-25T19:30:55+00:00\",\"dateModified\":\"2025-02-25T21:31:17+00:00\",\"mainEntityOfPage\":{\"@id\":\"https:\/\/www.nexoinformativo.mx\/index.php\/2025\/02\/25\/hundimiento-en-avenida-universidad-desvia-seis-rutas-de-transporte-en-queretaro\/\"},\"wordCount\":205,\"commentCount\":0,\"publisher\":{\"@id\":\"https:\/\/www.nexoinformativo.mx\/#organization\"},\"image\":{\"@id\":\"https:\/\/www.nexoinformativo.mx\/index.php\/2025\/02\/25\/hundimiento-en-avenida-universidad-desvia-seis-rutas-de-transporte-en-queretaro\/#primaryimage\"},\"thumbnailUrl\":\"https:\/\/www.nexoinformativo.mx\/wp-content\/uploads\/2025\/02\/4620955e-a4fe-4684-8df8-ec131ace2fc4-e1740519040618.jpg\",\"keywords\":[\"AMEQ\",\"HundimientoUniversidad\",\"TransporteQuer\u00e9taro\",\"VialidadQuer\u00e9taro\"],\"articleSection\":[\"Municipios\",\"\u00daltima Hora\"],\"inLanguage\":\"es\",\"potentialAction\":[{\"@type\":\"CommentAction\",\"name\":\"Comment\",\"target\":[\"https:\/\/www.nexoinformativo.mx\/index.php\/2025\/02\/25\/hundimiento-en-avenida-universidad-desvia-seis-rutas-de-transporte-en-queretaro\/#respond\"]}]},{\"@type\":\"WebPage\",\"@id\":\"https:\/\/www.nexoinformativo.mx\/index.php\/2025\/02\/25\/hundimiento-en-avenida-universidad-desvia-seis-rutas-de-transporte-en-queretaro\/\",\"url\":\"https:\/\/www.nexoinformativo.mx\/index.php\/2025\/02\/25\/hundimiento-en-avenida-universidad-desvia-seis-rutas-de-transporte-en-queretaro\/\",\"name\":\"Hundimiento en Avenida Universidad desv\u00eda seis rutas de transporte en Quer\u00e9taro | Nexo Informativo Santiago de Quer\u00e9taro\",\"isPartOf\":{\"@id\":\"https:\/\/www.nexoinformativo.mx\/#website\"},\"primaryImageOfPage\":{\"@id\":\"https:\/\/www.nexoinformativo.mx\/index.php\/2025\/02\/25\/hundimiento-en-avenida-universidad-desvia-seis-rutas-de-transporte-en-queretaro\/#primaryimage\"},\"image\":{\"@id\":\"https:\/\/www.nexoinformativo.mx\/index.php\/2025\/02\/25\/hundimiento-en-avenida-universidad-desvia-seis-rutas-de-transporte-en-queretaro\/#primaryimage\"},\"thumbnailUrl\":\"https:\/\/www.nexoinformativo.mx\/wp-content\/uploads\/2025\/02\/4620955e-a4fe-4684-8df8-ec131ace2fc4-e1740519040618.jpg\",\"datePublished\":\"2025-02-25T19:30:55+00:00\",\"dateModified\":\"2025-02-25T21:31:17+00:00\",\"description\":\"Hundimiento en Avenida Universidad desv\u00eda seis rutas de transporte en Quer\u00e9taro\",\"breadcrumb\":{\"@id\":\"https:\/\/www.nexoinformativo.mx\/index.php\/2025\/02\/25\/hundimiento-en-avenida-universidad-desvia-seis-rutas-de-transporte-en-queretaro\/#breadcrumb\"},\"inLanguage\":\"es\",\"potentialAction\":[{\"@type\":\"ReadAction\",\"target\":[\"https:\/\/www.nexoinformativo.mx\/index.php\/2025\/02\/25\/hundimiento-en-avenida-universidad-desvia-seis-rutas-de-transporte-en-queretaro\/\"]}]},{\"@type\":\"ImageObject\",\"inLanguage\":\"es\",\"@id\":\"https:\/\/www.nexoinformativo.mx\/index.php\/2025\/02\/25\/hundimiento-en-avenida-universidad-desvia-seis-rutas-de-transporte-en-queretaro\/#primaryimage\",\"url\":\"https:\/\/www.nexoinformativo.mx\/wp-content\/uploads\/2025\/02\/4620955e-a4fe-4684-8df8-ec131ace2fc4-e1740519040618.jpg\",\"contentUrl\":\"https:\/\/www.nexoinformativo.mx\/wp-content\/uploads\/2025\/02\/4620955e-a4fe-4684-8df8-ec131ace2fc4-e1740519040618.jpg\",\"width\":800,\"height\":749},{\"@type\":\"BreadcrumbList\",\"@id\":\"https:\/\/www.nexoinformativo.mx\/index.php\/2025\/02\/25\/hundimiento-en-avenida-universidad-desvia-seis-rutas-de-transporte-en-queretaro\/#breadcrumb\",\"itemListElement\":[{\"@type\":\"ListItem\",\"position\":1,\"name\":\"Inicio\",\"item\":\"https:\/\/www.nexoinformativo.mx\/\"},{\"@type\":\"ListItem\",\"position\":2,\"name\":\"Hundimiento en Avenida Universidad desv\u00eda seis rutas de transporte en Quer\u00e9taro\"}]},{\"@type\":\"WebSite\",\"@id\":\"https:\/\/www.nexoinformativo.mx\/#website\",\"url\":\"https:\/\/www.nexoinformativo.mx\/\",\"name\":\"Nexo Informativo Santiago de Quer\u00e9taro\",\"description\":\"Explora NexoInformativo y convi\u00e9rtete en parte de una comunidad que valora el conocimiento y la verdad. Tu nexoinformativo es tu puente hacia una comprensi\u00f3n m\u00e1s profunda del mundo que te rodea.\",\"publisher\":{\"@id\":\"https:\/\/www.nexoinformativo.mx\/#organization\"},\"potentialAction\":[{\"@type\":\"SearchAction\",\"target\":{\"@type\":\"EntryPoint\",\"urlTemplate\":\"https:\/\/www.nexoinformativo.mx\/?s={search_term_string}\"},\"query-input\":{\"@type\":\"PropertyValueSpecification\",\"valueRequired\":true,\"valueName\":\"search_term_string\"}}],\"inLanguage\":\"es\"},{\"@type\":\"Organization\",\"@id\":\"https:\/\/www.nexoinformativo.mx\/#organization\",\"name\":\"Nexo Informativo Santiago de Quer\u00e9taro\",\"url\":\"https:\/\/www.nexoinformativo.mx\/\",\"logo\":{\"@type\":\"ImageObject\",\"inLanguage\":\"es\",\"@id\":\"https:\/\/www.nexoinformativo.mx\/#\/schema\/logo\/image\/\",\"url\":\"https:\/\/www.nexoinformativo.mx\/wp-content\/uploads\/2024\/07\/nexoi-trasparente-2.png\",\"contentUrl\":\"https:\/\/www.nexoinformativo.mx\/wp-content\/uploads\/2024\/07\/nexoi-trasparente-2.png\",\"width\":816,\"height\":339,\"caption\":\"Nexo Informativo Santiago de Quer\u00e9taro\"},\"image\":{\"@id\":\"https:\/\/www.nexoinformativo.mx\/#\/schema\/logo\/image\/\"},\"sameAs\":[\"https:\/\/www.facebook.com\/people\/Nexo-Informativo\/61564066885511\/\"]},{\"@type\":\"Person\",\"@id\":\"https:\/\/www.nexoinformativo.mx\/#\/schema\/person\/7749d380ba08c8ca00d7bc76fd907b7d\",\"name\":\"Nexo Informativo\",\"image\":{\"@type\":\"ImageObject\",\"inLanguage\":\"es\",\"@id\":\"https:\/\/www.nexoinformativo.mx\/#\/schema\/person\/image\/\",\"url\":\"https:\/\/secure.gravatar.com\/avatar\/dde2928154642a13d95f87ddf1ea9718fe2b46760a005c53e41ff5ad610704e6?s=96&d=mm&r=g\",\"contentUrl\":\"https:\/\/secure.gravatar.com\/avatar\/dde2928154642a13d95f87ddf1ea9718fe2b46760a005c53e41ff5ad610704e6?s=96&d=mm&r=g\",\"caption\":\"Nexo Informativo\"},\"url\":\"https:\/\/www.nexoinformativo.mx\/index.php\/author\/edicion\/\"}]}<\/script>\n<!-- \/ Yoast SEO plugin. -->","yoast_head_json":{"title":"Hundimiento en Avenida Universidad desv\u00eda seis rutas de transporte en Quer\u00e9taro | Nexo Informativo Santiago de Quer\u00e9taro","description":"Hundimiento en Avenida Universidad desv\u00eda seis rutas de transporte en Quer\u00e9taro","robots":{"index":"index","follow":"follow","max-snippet":"max-snippet:-1","max-image-preview":"max-image-preview:large","max-video-preview":"max-video-preview:-1"},"canonical":"https:\/\/www.nexoinformativo.mx\/index.php\/2025\/02\/25\/hundimiento-en-avenida-universidad-desvia-seis-rutas-de-transporte-en-queretaro\/","og_locale":"es_MX","og_type":"article","og_title":"Hundimiento en Avenida Universidad desv\u00eda seis rutas de transporte en Quer\u00e9taro | Nexo Informativo Santiago de Quer\u00e9taro","og_description":"Hundimiento en Avenida Universidad desv\u00eda seis rutas de transporte en Quer\u00e9taro","og_url":"https:\/\/www.nexoinformativo.mx\/index.php\/2025\/02\/25\/hundimiento-en-avenida-universidad-desvia-seis-rutas-de-transporte-en-queretaro\/","og_site_name":"Nexo Informativo Santiago de Quer\u00e9taro","article_publisher":"https:\/\/www.facebook.com\/people\/Nexo-Informativo\/61564066885511\/","article_published_time":"2025-02-25T19:30:55+00:00","article_modified_time":"2025-02-25T21:31:17+00:00","og_image":[{"width":800,"height":749,"url":"https:\/\/www.nexoinformativo.mx\/wp-content\/uploads\/2025\/02\/4620955e-a4fe-4684-8df8-ec131ace2fc4-e1740519040618.jpg","type":"image\/jpeg"}],"author":"Nexo Informativo","twitter_card":"summary_large_image","twitter_misc":{"Escrito por":"Nexo Informativo","Tiempo de lectura":"1 minuto"},"schema":{"@context":"https:\/\/schema.org","@graph":[{"@type":"Article","@id":"https:\/\/www.nexoinformativo.mx\/index.php\/2025\/02\/25\/hundimiento-en-avenida-universidad-desvia-seis-rutas-de-transporte-en-queretaro\/#article","isPartOf":{"@id":"https:\/\/www.nexoinformativo.mx\/index.php\/2025\/02\/25\/hundimiento-en-avenida-universidad-desvia-seis-rutas-de-transporte-en-queretaro\/"},"author":{"name":"Nexo Informativo","@id":"https:\/\/www.nexoinformativo.mx\/#\/schema\/person\/7749d380ba08c8ca00d7bc76fd907b7d"},"headline":"Hundimiento en Avenida Universidad desv\u00eda seis rutas de transporte en Quer\u00e9taro","datePublished":"2025-02-25T19:30:55+00:00","dateModified":"2025-02-25T21:31:17+00:00","mainEntityOfPage":{"@id":"https:\/\/www.nexoinformativo.mx\/index.php\/2025\/02\/25\/hundimiento-en-avenida-universidad-desvia-seis-rutas-de-transporte-en-queretaro\/"},"wordCount":205,"commentCount":0,"publisher":{"@id":"https:\/\/www.nexoinformativo.mx\/#organization"},"image":{"@id":"https:\/\/www.nexoinformativo.mx\/index.php\/2025\/02\/25\/hundimiento-en-avenida-universidad-desvia-seis-rutas-de-transporte-en-queretaro\/#primaryimage"},"thumbnailUrl":"https:\/\/www.nexoinformativo.mx\/wp-content\/uploads\/2025\/02\/4620955e-a4fe-4684-8df8-ec131ace2fc4-e1740519040618.jpg","keywords":["AMEQ","HundimientoUniversidad","TransporteQuer\u00e9taro","VialidadQuer\u00e9taro"],"articleSection":["Municipios","\u00daltima Hora"],"inLanguage":"es","potentialAction":[{"@type":"CommentAction","name":"Comment","target":["https:\/\/www.nexoinformativo.mx\/index.php\/2025\/02\/25\/hundimiento-en-avenida-universidad-desvia-seis-rutas-de-transporte-en-queretaro\/#respond"]}]},{"@type":"WebPage","@id":"https:\/\/www.nexoinformativo.mx\/index.php\/2025\/02\/25\/hundimiento-en-avenida-universidad-desvia-seis-rutas-de-transporte-en-queretaro\/","url":"https:\/\/www.nexoinformativo.mx\/index.php\/2025\/02\/25\/hundimiento-en-avenida-universidad-desvia-seis-rutas-de-transporte-en-queretaro\/","name":"Hundimiento en Avenida Universidad desv\u00eda seis rutas de transporte en Quer\u00e9taro | Nexo Informativo Santiago de Quer\u00e9taro","isPartOf":{"@id":"https:\/\/www.nexoinformativo.mx\/#website"},"primaryImageOfPage":{"@id":"https:\/\/www.nexoinformativo.mx\/index.php\/2025\/02\/25\/hundimiento-en-avenida-universidad-desvia-seis-rutas-de-transporte-en-queretaro\/#primaryimage"},"image":{"@id":"https:\/\/www.nexoinformativo.mx\/index.php\/2025\/02\/25\/hundimiento-en-avenida-universidad-desvia-seis-rutas-de-transporte-en-queretaro\/#primaryimage"},"thumbnailUrl":"https:\/\/www.nexoinformativo.mx\/wp-content\/uploads\/2025\/02\/4620955e-a4fe-4684-8df8-ec131ace2fc4-e1740519040618.jpg","datePublished":"2025-02-25T19:30:55+00:00","dateModified":"2025-02-25T21:31:17+00:00","description":"Hundimiento en Avenida Universidad desv\u00eda seis rutas de transporte en Quer\u00e9taro","breadcrumb":{"@id":"https:\/\/www.nexoinformativo.mx\/index.php\/2025\/02\/25\/hundimiento-en-avenida-universidad-desvia-seis-rutas-de-transporte-en-queretaro\/#breadcrumb"},"inLanguage":"es","potentialAction":[{"@type":"ReadAction","target":["https:\/\/www.nexoinformativo.mx\/index.php\/2025\/02\/25\/hundimiento-en-avenida-universidad-desvia-seis-rutas-de-transporte-en-queretaro\/"]}]},{"@type":"ImageObject","inLanguage":"es","@id":"https:\/\/www.nexoinformativo.mx\/index.php\/2025\/02\/25\/hundimiento-en-avenida-universidad-desvia-seis-rutas-de-transporte-en-queretaro\/#primaryimage","url":"https:\/\/www.nexoinformativo.mx\/wp-content\/uploads\/2025\/02\/4620955e-a4fe-4684-8df8-ec131ace2fc4-e1740519040618.jpg","contentUrl":"https:\/\/www.nexoinformativo.mx\/wp-content\/uploads\/2025\/02\/4620955e-a4fe-4684-8df8-ec131ace2fc4-e1740519040618.jpg","width":800,"height":749},{"@type":"BreadcrumbList","@id":"https:\/\/www.nexoinformativo.mx\/index.php\/2025\/02\/25\/hundimiento-en-avenida-universidad-desvia-seis-rutas-de-transporte-en-queretaro\/#breadcrumb","itemListElement":[{"@type":"ListItem","position":1,"name":"Inicio","item":"https:\/\/www.nexoinformativo.mx\/"},{"@type":"ListItem","position":2,"name":"Hundimiento en Avenida Universidad desv\u00eda seis rutas de transporte en Quer\u00e9taro"}]},{"@type":"WebSite","@id":"https:\/\/www.nexoinformativo.mx\/#website","url":"https:\/\/www.nexoinformativo.mx\/","name":"Nexo Informativo Santiago de Quer\u00e9taro","description":"Explora NexoInformativo y convi\u00e9rtete en parte de una comunidad que valora el conocimiento y la verdad. Tu nexoinformativo es tu puente hacia una comprensi\u00f3n m\u00e1s profunda del mundo que te rodea.","publisher":{"@id":"https:\/\/www.nexoinformativo.mx\/#organization"},"potentialAction":[{"@type":"SearchAction","target":{"@type":"EntryPoint","urlTemplate":"https:\/\/www.nexoinformativo.mx\/?s={search_term_string}"},"query-input":{"@type":"PropertyValueSpecification","valueRequired":true,"valueName":"search_term_string"}}],"inLanguage":"es"},{"@type":"Organization","@id":"https:\/\/www.nexoinformativo.mx\/#organization","name":"Nexo Informativo Santiago de Quer\u00e9taro","url":"https:\/\/www.nexoinformativo.mx\/","logo":{"@type":"ImageObject","inLanguage":"es","@id":"https:\/\/www.nexoinformativo.mx\/#\/schema\/logo\/image\/","url":"https:\/\/www.nexoinformativo.mx\/wp-content\/uploads\/2024\/07\/nexoi-trasparente-2.png","contentUrl":"https:\/\/www.nexoinformativo.mx\/wp-content\/uploads\/2024\/07\/nexoi-trasparente-2.png","width":816,"height":339,"caption":"Nexo Informativo Santiago de Quer\u00e9taro"},"image":{"@id":"https:\/\/www.nexoinformativo.mx\/#\/schema\/logo\/image\/"},"sameAs":["https:\/\/www.facebook.com\/people\/Nexo-Informativo\/61564066885511\/"]},{"@type":"Person","@id":"https:\/\/www.nexoinformativo.mx\/#\/schema\/person\/7749d380ba08c8ca00d7bc76fd907b7d","name":"Nexo Informativo","image":{"@type":"ImageObject","inLanguage":"es","@id":"https:\/\/www.nexoinformativo.mx\/#\/schema\/person\/image\/","url":"https:\/\/secure.gravatar.com\/avatar\/dde2928154642a13d95f87ddf1ea9718fe2b46760a005c53e41ff5ad610704e6?s=96&d=mm&r=g","contentUrl":"https:\/\/secure.gravatar.com\/avatar\/dde2928154642a13d95f87ddf1ea9718fe2b46760a005c53e41ff5ad610704e6?s=96&d=mm&r=g","caption":"Nexo Informativo"},"url":"https:\/\/www.nexoinformativo.mx\/index.php\/author\/edicion\/"}]}},"_links":{"self":[{"href":"https:\/\/www.nexoinformativo.mx\/index.php\/wp-json\/wp\/v2\/posts\/12076","targetHints":{"allow":["GET"]}}],"collection":[{"href":"https:\/\/www.nexoinformativo.mx\/index.php\/wp-json\/wp\/v2\/posts"}],"about":[{"href":"https:\/\/www.nexoinformativo.mx\/index.php\/wp-json\/wp\/v2\/types\/post"}],"author":[{"embeddable":true,"href":"https:\/\/www.nexoinformativo.mx\/index.php\/wp-json\/wp\/v2\/users\/3"}],"replies":[{"embeddable":true,"href":"https:\/\/www.nexoinformativo.mx\/index.php\/wp-json\/wp\/v2\/comments?post=12076"}],"version-history":[{"count":3,"href":"https:\/\/www.nexoinformativo.mx\/index.php\/wp-json\/wp\/v2\/posts\/12076\/revisions"}],"predecessor-version":[{"id":12080,"href":"https:\/\/www.nexoinformativo.mx\/index.php\/wp-json\/wp\/v2\/posts\/12076\/revisions\/12080"}],"wp:featuredmedia":[{"embeddable":true,"href":"https:\/\/www.nexoinformativo.mx\/index.php\/wp-json\/wp\/v2\/media\/12077"}],"wp:attachment":[{"href":"https:\/\/www.nexoinformativo.mx\/index.php\/wp-json\/wp\/v2\/media?parent=12076"}],"wp:term":[{"taxonomy":"category","embeddable":true,"href":"https:\/\/www.nexoinformativo.mx\/index.php\/wp-json\/wp\/v2\/categories?post=12076"},{"taxonomy":"post_tag","embeddable":true,"href":"https:\/\/www.nexoinformativo.mx\/index.php\/wp-json\/wp\/v2\/tags?post=12076"}],"curies":[{"name":"wp","href":"https:\/\/api.w.org\/{rel}","templated":true}]}}