{"id":12093,"date":"2025-02-25T15:00:42","date_gmt":"2025-02-25T21:00:42","guid":{"rendered":"https:\/\/www.nexoinformativo.mx\/?p=12093"},"modified":"2025-02-25T15:54:29","modified_gmt":"2025-02-25T21:54:29","slug":"queretaro-entrega-nuevas-unidades-de-transporte-escolar-para-miles-de-estudiantes","status":"publish","type":"post","link":"https:\/\/www.nexoinformativo.mx\/index.php\/2025\/02\/25\/queretaro-entrega-nuevas-unidades-de-transporte-escolar-para-miles-de-estudiantes\/","title":{"rendered":"Quer\u00e9taro entrega nuevas unidades de transporte escolar para miles de estudiantes"},"content":{"rendered":"<p style=\"text-align: justify;\" data-sourcepos=\"13:1-13:453\">El gobernador Mauricio Kuri reafirm\u00f3 su compromiso con la educaci\u00f3n al entregar 13 nuevas unidades de Transporte Escolar, beneficiando a m\u00e1s de mil estudiantes de 84 comunidades en Quer\u00e9taro.<\/p>\n<\/p>\n<p>&nbsp;<\/p>\n<p style=\"text-align: justify;\" data-sourcepos=\"13:1-13:453\">La entrega, realizada desde el Colegio de Bachilleres del Estado de Quer\u00e9taro (COBAQ), plantel 9, busca garantizar el acceso seguro y c\u00f3modo a la educaci\u00f3n para estudiantes de niveles b\u00e1sico, medio superior y superior.<\/p>\n<\/p>\n<p>&nbsp;<\/p>\n<p style=\"text-align: justify;\" data-sourcepos=\"15:1-15:474\">Kuri destac\u00f3 que el programa de transporte escolar no solo facilita la llegada de los estudiantes a sus escuelas, sino que tambi\u00e9n representa un apoyo econ\u00f3mico significativo para las familias y contribuye a la seguridad de los alumnos.<\/p>\n<\/p>\n<p>&nbsp;<\/p>\n<p style=\"text-align: justify;\" data-sourcepos=\"15:1-15:474\"><strong>&#8220;Pero lo que m\u00e1s me preocupa, por supuesto, son las ni\u00f1as, ni\u00f1os y adolescentes de Quer\u00e9taro. De coraz\u00f3n, a los padres de familia, muchas gracias. A los chavos, cuiden mucho sus unidades, son de ustedes&#8221;<\/strong>, mencion\u00f3 el gobernador.<\/p>\n<\/p>\n<p>&nbsp;<\/p>\n<p style=\"text-align: justify;\" data-sourcepos=\"17:1-17:298\">El secretario de Desarrollo Social del Estado de Quer\u00e9taro (SEDESOQ), Luis Bernardo Nava, detall\u00f3 que el programa beneficia a m\u00e1s de 10 mil 600 estudiantes en todo el estado, conectando 800 comunidades con 238 escuelas. Adem\u00e1s, anunci\u00f3 la renovaci\u00f3n del 20% de las unidades para este 2025.<\/p>\n<\/p>\n<p>&nbsp;<\/p>\n<p style=\"text-align: justify;\" data-sourcepos=\"19:1-19:268\">Las nuevas unidades Nissan, tipo Urvan NV350, brindar\u00e1n servicio en 11 municipios del estado, incluyendo Amealco, Pe\u00f1amiller, Corregidora, Cadereyta de Montes, Huimilpan, Landa de Matamoros, Pedro Escobedo, San Juan del R\u00edo, Ezequiel Montes, Quer\u00e9taro y Tequisquiapan.<\/p>\n<\/p>\n<p>&nbsp;<\/p>\n<p style=\"text-align: center;\" data-sourcepos=\"19:1-19:268\"><em><strong>\u00a1Informaci\u00f3n que transforma!<\/strong><\/em><\/p>\n","protected":false},"excerpt":{"rendered":"<p>El gobernador Mauricio Kuri reafirm\u00f3 su compromiso con la educaci\u00f3n al entregar 13 nuevas unidades de Transporte Escolar, beneficiando a m\u00e1s de mil estudiantes de 84 comunidades en Quer\u00e9taro.<\/p>\n","protected":false},"author":3,"featured_media":12094,"comment_status":"open","ping_status":"open","sticky":false,"template":"","format":"standard","meta":{"footnotes":""},"categories":[42,58],"tags":[3544,495,661,3543],"class_list":["post-12093","post","type-post","status-publish","format-standard","has-post-thumbnail","hentry","category-estado","category-ultima-hora","tag-comunidadesrurales","tag-educacionqueretaro","tag-mauriciokuri","tag-transporteescolarqro"],"yoast_head":"<!-- This site is optimized with the Yoast SEO plugin v25.0 - https:\/\/yoast.com\/wordpress\/plugins\/seo\/ -->\n<title>Quer\u00e9taro entrega nuevas unidades de transporte escolar para miles de estudiantes | Nexo Informativo Santiago de Quer\u00e9taro<\/title>\n<meta name=\"description\" content=\"Quer\u00e9taro entrega nuevas unidades de transporte escolar para miles de estudiantes\" \/>\n<meta name=\"robots\" content=\"index, follow, max-snippet:-1, max-image-preview:large, max-video-preview:-1\" \/>\n<link rel=\"canonical\" href=\"https:\/\/www.nexoinformativo.mx\/index.php\/2025\/02\/25\/queretaro-entrega-nuevas-unidades-de-transporte-escolar-para-miles-de-estudiantes\/\" \/>\n<meta property=\"og:locale\" content=\"es_MX\" \/>\n<meta property=\"og:type\" content=\"article\" \/>\n<meta property=\"og:title\" content=\"Quer\u00e9taro entrega nuevas unidades de transporte escolar para miles de estudiantes | Nexo Informativo Santiago de Quer\u00e9taro\" \/>\n<meta property=\"og:description\" content=\"Quer\u00e9taro entrega nuevas unidades de transporte escolar para miles de estudiantes\" \/>\n<meta property=\"og:url\" content=\"https:\/\/www.nexoinformativo.mx\/index.php\/2025\/02\/25\/queretaro-entrega-nuevas-unidades-de-transporte-escolar-para-miles-de-estudiantes\/\" \/>\n<meta property=\"og:site_name\" content=\"Nexo Informativo Santiago de Quer\u00e9taro\" \/>\n<meta property=\"article:publisher\" content=\"https:\/\/www.facebook.com\/people\/Nexo-Informativo\/61564066885511\/\" \/>\n<meta property=\"article:published_time\" content=\"2025-02-25T21:00:42+00:00\" \/>\n<meta property=\"article:modified_time\" content=\"2025-02-25T21:54:29+00:00\" \/>\n<meta property=\"og:image\" content=\"https:\/\/www.nexoinformativo.mx\/wp-content\/uploads\/2025\/02\/PHOTO-2025-02-25-13-58-06-e1740520423127.jpg\" \/>\n\t<meta property=\"og:image:width\" content=\"800\" \/>\n\t<meta property=\"og:image:height\" content=\"532\" \/>\n\t<meta property=\"og:image:type\" content=\"image\/jpeg\" \/>\n<meta name=\"author\" content=\"Nexo Informativo\" \/>\n<meta name=\"twitter:card\" content=\"summary_large_image\" \/>\n<meta name=\"twitter:label1\" content=\"Escrito por\" \/>\n\t<meta name=\"twitter:data1\" content=\"Nexo Informativo\" \/>\n\t<meta name=\"twitter:label2\" content=\"Tiempo de lectura\" \/>\n\t<meta name=\"twitter:data2\" content=\"2 minutos\" \/>\n<script type=\"application\/ld+json\" class=\"yoast-schema-graph\">{\"@context\":\"https:\/\/schema.org\",\"@graph\":[{\"@type\":\"Article\",\"@id\":\"https:\/\/www.nexoinformativo.mx\/index.php\/2025\/02\/25\/queretaro-entrega-nuevas-unidades-de-transporte-escolar-para-miles-de-estudiantes\/#article\",\"isPartOf\":{\"@id\":\"https:\/\/www.nexoinformativo.mx\/index.php\/2025\/02\/25\/queretaro-entrega-nuevas-unidades-de-transporte-escolar-para-miles-de-estudiantes\/\"},\"author\":{\"name\":\"Nexo Informativo\",\"@id\":\"https:\/\/www.nexoinformativo.mx\/#\/schema\/person\/7749d380ba08c8ca00d7bc76fd907b7d\"},\"headline\":\"Quer\u00e9taro entrega nuevas unidades de transporte escolar para miles de estudiantes\",\"datePublished\":\"2025-02-25T21:00:42+00:00\",\"dateModified\":\"2025-02-25T21:54:29+00:00\",\"mainEntityOfPage\":{\"@id\":\"https:\/\/www.nexoinformativo.mx\/index.php\/2025\/02\/25\/queretaro-entrega-nuevas-unidades-de-transporte-escolar-para-miles-de-estudiantes\/\"},\"wordCount\":256,\"commentCount\":0,\"publisher\":{\"@id\":\"https:\/\/www.nexoinformativo.mx\/#organization\"},\"image\":{\"@id\":\"https:\/\/www.nexoinformativo.mx\/index.php\/2025\/02\/25\/queretaro-entrega-nuevas-unidades-de-transporte-escolar-para-miles-de-estudiantes\/#primaryimage\"},\"thumbnailUrl\":\"https:\/\/www.nexoinformativo.mx\/wp-content\/uploads\/2025\/02\/PHOTO-2025-02-25-13-58-06-e1740520423127.jpg\",\"keywords\":[\"ComunidadesRurales\",\"Educaci\u00f3nQuer\u00e9taro\",\"MauricioKuri\",\"TransporteEscolarQro\"],\"articleSection\":[\"Estado\",\"\u00daltima Hora\"],\"inLanguage\":\"es\",\"potentialAction\":[{\"@type\":\"CommentAction\",\"name\":\"Comment\",\"target\":[\"https:\/\/www.nexoinformativo.mx\/index.php\/2025\/02\/25\/queretaro-entrega-nuevas-unidades-de-transporte-escolar-para-miles-de-estudiantes\/#respond\"]}]},{\"@type\":\"WebPage\",\"@id\":\"https:\/\/www.nexoinformativo.mx\/index.php\/2025\/02\/25\/queretaro-entrega-nuevas-unidades-de-transporte-escolar-para-miles-de-estudiantes\/\",\"url\":\"https:\/\/www.nexoinformativo.mx\/index.php\/2025\/02\/25\/queretaro-entrega-nuevas-unidades-de-transporte-escolar-para-miles-de-estudiantes\/\",\"name\":\"Quer\u00e9taro entrega nuevas unidades de transporte escolar para miles de estudiantes | Nexo Informativo Santiago de Quer\u00e9taro\",\"isPartOf\":{\"@id\":\"https:\/\/www.nexoinformativo.mx\/#website\"},\"primaryImageOfPage\":{\"@id\":\"https:\/\/www.nexoinformativo.mx\/index.php\/2025\/02\/25\/queretaro-entrega-nuevas-unidades-de-transporte-escolar-para-miles-de-estudiantes\/#primaryimage\"},\"image\":{\"@id\":\"https:\/\/www.nexoinformativo.mx\/index.php\/2025\/02\/25\/queretaro-entrega-nuevas-unidades-de-transporte-escolar-para-miles-de-estudiantes\/#primaryimage\"},\"thumbnailUrl\":\"https:\/\/www.nexoinformativo.mx\/wp-content\/uploads\/2025\/02\/PHOTO-2025-02-25-13-58-06-e1740520423127.jpg\",\"datePublished\":\"2025-02-25T21:00:42+00:00\",\"dateModified\":\"2025-02-25T21:54:29+00:00\",\"description\":\"Quer\u00e9taro entrega nuevas unidades de transporte escolar para miles de estudiantes\",\"breadcrumb\":{\"@id\":\"https:\/\/www.nexoinformativo.mx\/index.php\/2025\/02\/25\/queretaro-entrega-nuevas-unidades-de-transporte-escolar-para-miles-de-estudiantes\/#breadcrumb\"},\"inLanguage\":\"es\",\"potentialAction\":[{\"@type\":\"ReadAction\",\"target\":[\"https:\/\/www.nexoinformativo.mx\/index.php\/2025\/02\/25\/queretaro-entrega-nuevas-unidades-de-transporte-escolar-para-miles-de-estudiantes\/\"]}]},{\"@type\":\"ImageObject\",\"inLanguage\":\"es\",\"@id\":\"https:\/\/www.nexoinformativo.mx\/index.php\/2025\/02\/25\/queretaro-entrega-nuevas-unidades-de-transporte-escolar-para-miles-de-estudiantes\/#primaryimage\",\"url\":\"https:\/\/www.nexoinformativo.mx\/wp-content\/uploads\/2025\/02\/PHOTO-2025-02-25-13-58-06-e1740520423127.jpg\",\"contentUrl\":\"https:\/\/www.nexoinformativo.mx\/wp-content\/uploads\/2025\/02\/PHOTO-2025-02-25-13-58-06-e1740520423127.jpg\",\"width\":800,\"height\":532},{\"@type\":\"BreadcrumbList\",\"@id\":\"https:\/\/www.nexoinformativo.mx\/index.php\/2025\/02\/25\/queretaro-entrega-nuevas-unidades-de-transporte-escolar-para-miles-de-estudiantes\/#breadcrumb\",\"itemListElement\":[{\"@type\":\"ListItem\",\"position\":1,\"name\":\"Inicio\",\"item\":\"https:\/\/www.nexoinformativo.mx\/\"},{\"@type\":\"ListItem\",\"position\":2,\"name\":\"Quer\u00e9taro entrega nuevas unidades de transporte escolar para miles de estudiantes\"}]},{\"@type\":\"WebSite\",\"@id\":\"https:\/\/www.nexoinformativo.mx\/#website\",\"url\":\"https:\/\/www.nexoinformativo.mx\/\",\"name\":\"Nexo Informativo Santiago de Quer\u00e9taro\",\"description\":\"Explora NexoInformativo y convi\u00e9rtete en parte de una comunidad que valora el conocimiento y la verdad. Tu nexoinformativo es tu puente hacia una comprensi\u00f3n m\u00e1s profunda del mundo que te rodea.\",\"publisher\":{\"@id\":\"https:\/\/www.nexoinformativo.mx\/#organization\"},\"potentialAction\":[{\"@type\":\"SearchAction\",\"target\":{\"@type\":\"EntryPoint\",\"urlTemplate\":\"https:\/\/www.nexoinformativo.mx\/?s={search_term_string}\"},\"query-input\":{\"@type\":\"PropertyValueSpecification\",\"valueRequired\":true,\"valueName\":\"search_term_string\"}}],\"inLanguage\":\"es\"},{\"@type\":\"Organization\",\"@id\":\"https:\/\/www.nexoinformativo.mx\/#organization\",\"name\":\"Nexo Informativo Santiago de Quer\u00e9taro\",\"url\":\"https:\/\/www.nexoinformativo.mx\/\",\"logo\":{\"@type\":\"ImageObject\",\"inLanguage\":\"es\",\"@id\":\"https:\/\/www.nexoinformativo.mx\/#\/schema\/logo\/image\/\",\"url\":\"https:\/\/www.nexoinformativo.mx\/wp-content\/uploads\/2024\/07\/nexoi-trasparente-2.png\",\"contentUrl\":\"https:\/\/www.nexoinformativo.mx\/wp-content\/uploads\/2024\/07\/nexoi-trasparente-2.png\",\"width\":816,\"height\":339,\"caption\":\"Nexo Informativo Santiago de Quer\u00e9taro\"},\"image\":{\"@id\":\"https:\/\/www.nexoinformativo.mx\/#\/schema\/logo\/image\/\"},\"sameAs\":[\"https:\/\/www.facebook.com\/people\/Nexo-Informativo\/61564066885511\/\"]},{\"@type\":\"Person\",\"@id\":\"https:\/\/www.nexoinformativo.mx\/#\/schema\/person\/7749d380ba08c8ca00d7bc76fd907b7d\",\"name\":\"Nexo Informativo\",\"image\":{\"@type\":\"ImageObject\",\"inLanguage\":\"es\",\"@id\":\"https:\/\/www.nexoinformativo.mx\/#\/schema\/person\/image\/\",\"url\":\"https:\/\/secure.gravatar.com\/avatar\/dde2928154642a13d95f87ddf1ea9718fe2b46760a005c53e41ff5ad610704e6?s=96&d=mm&r=g\",\"contentUrl\":\"https:\/\/secure.gravatar.com\/avatar\/dde2928154642a13d95f87ddf1ea9718fe2b46760a005c53e41ff5ad610704e6?s=96&d=mm&r=g\",\"caption\":\"Nexo Informativo\"},\"url\":\"https:\/\/www.nexoinformativo.mx\/index.php\/author\/edicion\/\"}]}<\/script>\n<!-- \/ Yoast SEO plugin. -->","yoast_head_json":{"title":"Quer\u00e9taro entrega nuevas unidades de transporte escolar para miles de estudiantes | Nexo Informativo Santiago de Quer\u00e9taro","description":"Quer\u00e9taro entrega nuevas unidades de transporte escolar para miles de estudiantes","robots":{"index":"index","follow":"follow","max-snippet":"max-snippet:-1","max-image-preview":"max-image-preview:large","max-video-preview":"max-video-preview:-1"},"canonical":"https:\/\/www.nexoinformativo.mx\/index.php\/2025\/02\/25\/queretaro-entrega-nuevas-unidades-de-transporte-escolar-para-miles-de-estudiantes\/","og_locale":"es_MX","og_type":"article","og_title":"Quer\u00e9taro entrega nuevas unidades de transporte escolar para miles de estudiantes | Nexo Informativo Santiago de Quer\u00e9taro","og_description":"Quer\u00e9taro entrega nuevas unidades de transporte escolar para miles de estudiantes","og_url":"https:\/\/www.nexoinformativo.mx\/index.php\/2025\/02\/25\/queretaro-entrega-nuevas-unidades-de-transporte-escolar-para-miles-de-estudiantes\/","og_site_name":"Nexo Informativo Santiago de Quer\u00e9taro","article_publisher":"https:\/\/www.facebook.com\/people\/Nexo-Informativo\/61564066885511\/","article_published_time":"2025-02-25T21:00:42+00:00","article_modified_time":"2025-02-25T21:54:29+00:00","og_image":[{"width":800,"height":532,"url":"https:\/\/www.nexoinformativo.mx\/wp-content\/uploads\/2025\/02\/PHOTO-2025-02-25-13-58-06-e1740520423127.jpg","type":"image\/jpeg"}],"author":"Nexo Informativo","twitter_card":"summary_large_image","twitter_misc":{"Escrito por":"Nexo Informativo","Tiempo de lectura":"2 minutos"},"schema":{"@context":"https:\/\/schema.org","@graph":[{"@type":"Article","@id":"https:\/\/www.nexoinformativo.mx\/index.php\/2025\/02\/25\/queretaro-entrega-nuevas-unidades-de-transporte-escolar-para-miles-de-estudiantes\/#article","isPartOf":{"@id":"https:\/\/www.nexoinformativo.mx\/index.php\/2025\/02\/25\/queretaro-entrega-nuevas-unidades-de-transporte-escolar-para-miles-de-estudiantes\/"},"author":{"name":"Nexo Informativo","@id":"https:\/\/www.nexoinformativo.mx\/#\/schema\/person\/7749d380ba08c8ca00d7bc76fd907b7d"},"headline":"Quer\u00e9taro entrega nuevas unidades de transporte escolar para miles de estudiantes","datePublished":"2025-02-25T21:00:42+00:00","dateModified":"2025-02-25T21:54:29+00:00","mainEntityOfPage":{"@id":"https:\/\/www.nexoinformativo.mx\/index.php\/2025\/02\/25\/queretaro-entrega-nuevas-unidades-de-transporte-escolar-para-miles-de-estudiantes\/"},"wordCount":256,"commentCount":0,"publisher":{"@id":"https:\/\/www.nexoinformativo.mx\/#organization"},"image":{"@id":"https:\/\/www.nexoinformativo.mx\/index.php\/2025\/02\/25\/queretaro-entrega-nuevas-unidades-de-transporte-escolar-para-miles-de-estudiantes\/#primaryimage"},"thumbnailUrl":"https:\/\/www.nexoinformativo.mx\/wp-content\/uploads\/2025\/02\/PHOTO-2025-02-25-13-58-06-e1740520423127.jpg","keywords":["ComunidadesRurales","Educaci\u00f3nQuer\u00e9taro","MauricioKuri","TransporteEscolarQro"],"articleSection":["Estado","\u00daltima Hora"],"inLanguage":"es","potentialAction":[{"@type":"CommentAction","name":"Comment","target":["https:\/\/www.nexoinformativo.mx\/index.php\/2025\/02\/25\/queretaro-entrega-nuevas-unidades-de-transporte-escolar-para-miles-de-estudiantes\/#respond"]}]},{"@type":"WebPage","@id":"https:\/\/www.nexoinformativo.mx\/index.php\/2025\/02\/25\/queretaro-entrega-nuevas-unidades-de-transporte-escolar-para-miles-de-estudiantes\/","url":"https:\/\/www.nexoinformativo.mx\/index.php\/2025\/02\/25\/queretaro-entrega-nuevas-unidades-de-transporte-escolar-para-miles-de-estudiantes\/","name":"Quer\u00e9taro entrega nuevas unidades de transporte escolar para miles de estudiantes | Nexo Informativo Santiago de Quer\u00e9taro","isPartOf":{"@id":"https:\/\/www.nexoinformativo.mx\/#website"},"primaryImageOfPage":{"@id":"https:\/\/www.nexoinformativo.mx\/index.php\/2025\/02\/25\/queretaro-entrega-nuevas-unidades-de-transporte-escolar-para-miles-de-estudiantes\/#primaryimage"},"image":{"@id":"https:\/\/www.nexoinformativo.mx\/index.php\/2025\/02\/25\/queretaro-entrega-nuevas-unidades-de-transporte-escolar-para-miles-de-estudiantes\/#primaryimage"},"thumbnailUrl":"https:\/\/www.nexoinformativo.mx\/wp-content\/uploads\/2025\/02\/PHOTO-2025-02-25-13-58-06-e1740520423127.jpg","datePublished":"2025-02-25T21:00:42+00:00","dateModified":"2025-02-25T21:54:29+00:00","description":"Quer\u00e9taro entrega nuevas unidades de transporte escolar para miles de estudiantes","breadcrumb":{"@id":"https:\/\/www.nexoinformativo.mx\/index.php\/2025\/02\/25\/queretaro-entrega-nuevas-unidades-de-transporte-escolar-para-miles-de-estudiantes\/#breadcrumb"},"inLanguage":"es","potentialAction":[{"@type":"ReadAction","target":["https:\/\/www.nexoinformativo.mx\/index.php\/2025\/02\/25\/queretaro-entrega-nuevas-unidades-de-transporte-escolar-para-miles-de-estudiantes\/"]}]},{"@type":"ImageObject","inLanguage":"es","@id":"https:\/\/www.nexoinformativo.mx\/index.php\/2025\/02\/25\/queretaro-entrega-nuevas-unidades-de-transporte-escolar-para-miles-de-estudiantes\/#primaryimage","url":"https:\/\/www.nexoinformativo.mx\/wp-content\/uploads\/2025\/02\/PHOTO-2025-02-25-13-58-06-e1740520423127.jpg","contentUrl":"https:\/\/www.nexoinformativo.mx\/wp-content\/uploads\/2025\/02\/PHOTO-2025-02-25-13-58-06-e1740520423127.jpg","width":800,"height":532},{"@type":"BreadcrumbList","@id":"https:\/\/www.nexoinformativo.mx\/index.php\/2025\/02\/25\/queretaro-entrega-nuevas-unidades-de-transporte-escolar-para-miles-de-estudiantes\/#breadcrumb","itemListElement":[{"@type":"ListItem","position":1,"name":"Inicio","item":"https:\/\/www.nexoinformativo.mx\/"},{"@type":"ListItem","position":2,"name":"Quer\u00e9taro entrega nuevas unidades de transporte escolar para miles de estudiantes"}]},{"@type":"WebSite","@id":"https:\/\/www.nexoinformativo.mx\/#website","url":"https:\/\/www.nexoinformativo.mx\/","name":"Nexo Informativo Santiago de Quer\u00e9taro","description":"Explora NexoInformativo y convi\u00e9rtete en parte de una comunidad que valora el conocimiento y la verdad. Tu nexoinformativo es tu puente hacia una comprensi\u00f3n m\u00e1s profunda del mundo que te rodea.","publisher":{"@id":"https:\/\/www.nexoinformativo.mx\/#organization"},"potentialAction":[{"@type":"SearchAction","target":{"@type":"EntryPoint","urlTemplate":"https:\/\/www.nexoinformativo.mx\/?s={search_term_string}"},"query-input":{"@type":"PropertyValueSpecification","valueRequired":true,"valueName":"search_term_string"}}],"inLanguage":"es"},{"@type":"Organization","@id":"https:\/\/www.nexoinformativo.mx\/#organization","name":"Nexo Informativo Santiago de Quer\u00e9taro","url":"https:\/\/www.nexoinformativo.mx\/","logo":{"@type":"ImageObject","inLanguage":"es","@id":"https:\/\/www.nexoinformativo.mx\/#\/schema\/logo\/image\/","url":"https:\/\/www.nexoinformativo.mx\/wp-content\/uploads\/2024\/07\/nexoi-trasparente-2.png","contentUrl":"https:\/\/www.nexoinformativo.mx\/wp-content\/uploads\/2024\/07\/nexoi-trasparente-2.png","width":816,"height":339,"caption":"Nexo Informativo Santiago de Quer\u00e9taro"},"image":{"@id":"https:\/\/www.nexoinformativo.mx\/#\/schema\/logo\/image\/"},"sameAs":["https:\/\/www.facebook.com\/people\/Nexo-Informativo\/61564066885511\/"]},{"@type":"Person","@id":"https:\/\/www.nexoinformativo.mx\/#\/schema\/person\/7749d380ba08c8ca00d7bc76fd907b7d","name":"Nexo Informativo","image":{"@type":"ImageObject","inLanguage":"es","@id":"https:\/\/www.nexoinformativo.mx\/#\/schema\/person\/image\/","url":"https:\/\/secure.gravatar.com\/avatar\/dde2928154642a13d95f87ddf1ea9718fe2b46760a005c53e41ff5ad610704e6?s=96&d=mm&r=g","contentUrl":"https:\/\/secure.gravatar.com\/avatar\/dde2928154642a13d95f87ddf1ea9718fe2b46760a005c53e41ff5ad610704e6?s=96&d=mm&r=g","caption":"Nexo Informativo"},"url":"https:\/\/www.nexoinformativo.mx\/index.php\/author\/edicion\/"}]}},"_links":{"self":[{"href":"https:\/\/www.nexoinformativo.mx\/index.php\/wp-json\/wp\/v2\/posts\/12093","targetHints":{"allow":["GET"]}}],"collection":[{"href":"https:\/\/www.nexoinformativo.mx\/index.php\/wp-json\/wp\/v2\/posts"}],"about":[{"href":"https:\/\/www.nexoinformativo.mx\/index.php\/wp-json\/wp\/v2\/types\/post"}],"author":[{"embeddable":true,"href":"https:\/\/www.nexoinformativo.mx\/index.php\/wp-json\/wp\/v2\/users\/3"}],"replies":[{"embeddable":true,"href":"https:\/\/www.nexoinformativo.mx\/index.php\/wp-json\/wp\/v2\/comments?post=12093"}],"version-history":[{"count":3,"href":"https:\/\/www.nexoinformativo.mx\/index.php\/wp-json\/wp\/v2\/posts\/12093\/revisions"}],"predecessor-version":[{"id":12097,"href":"https:\/\/www.nexoinformativo.mx\/index.php\/wp-json\/wp\/v2\/posts\/12093\/revisions\/12097"}],"wp:featuredmedia":[{"embeddable":true,"href":"https:\/\/www.nexoinformativo.mx\/index.php\/wp-json\/wp\/v2\/media\/12094"}],"wp:attachment":[{"href":"https:\/\/www.nexoinformativo.mx\/index.php\/wp-json\/wp\/v2\/media?parent=12093"}],"wp:term":[{"taxonomy":"category","embeddable":true,"href":"https:\/\/www.nexoinformativo.mx\/index.php\/wp-json\/wp\/v2\/categories?post=12093"},{"taxonomy":"post_tag","embeddable":true,"href":"https:\/\/www.nexoinformativo.mx\/index.php\/wp-json\/wp\/v2\/tags?post=12093"}],"curies":[{"name":"wp","href":"https:\/\/api.w.org\/{rel}","templated":true}]}}