{"id":12113,"date":"2025-02-26T07:30:36","date_gmt":"2025-02-26T13:30:36","guid":{"rendered":"https:\/\/www.nexoinformativo.mx\/?p=12113"},"modified":"2025-02-26T09:38:58","modified_gmt":"2025-02-26T15:38:58","slug":"sedea-entrega-toneladas-maiz-a-productores-de-huimilpan-ante-afectaciones-por-sequia","status":"publish","type":"post","link":"https:\/\/www.nexoinformativo.mx\/index.php\/2025\/02\/26\/sedea-entrega-toneladas-maiz-a-productores-de-huimilpan-ante-afectaciones-por-sequia\/","title":{"rendered":"SEDEA entrega toneladas ma\u00edz a productores de Huimilpan ante afectaciones por sequ\u00eda"},"content":{"rendered":"<p style=\"text-align: justify;\" data-sourcepos=\"13:1-13:393\">El Gobierno del Estado de Quer\u00e9taro, a trav\u00e9s de la <strong>Secretar\u00eda de Desarrollo Agropecuario<\/strong> (SEDEA), entreg\u00f3 311 toneladas de ma\u00edz para consumo humano a 932 productores del municipio de Huimilpan.<\/p>\n<p>&nbsp;<\/p>\n<p style=\"text-align: justify;\" data-sourcepos=\"13:1-13:393\">Esta acci\u00f3n busca apoyar a los agricultores que vieron mermadas sus cosechas debido a la prolongada sequ\u00eda que afect\u00f3 casi dos mil hect\u00e1reas de siembra de temporal.<\/p>\n<p>&nbsp;<\/p>\n<p style=\"text-align: justify;\" data-sourcepos=\"15:1-15:569\">El secretario de Desarrollo Agropecuario, Rosendo Anaya, encabez\u00f3 la dispersi\u00f3n de este apoyo, destacando que esta entrega forma parte de un esfuerzo estatal para apoyar a los productores afectados por la sequ\u00eda en diferentes municipios.<\/p>\n<p>&nbsp;<\/p>\n<p style=\"text-align: justify;\" data-sourcepos=\"15:1-15:569\">&#8220;As\u00ed como el d\u00eda de hoy estamos aqu\u00ed en Huimilpan, pues ya estuvimos en Quer\u00e9taro, porque Quer\u00e9taro, a pesar de que es una zona industrial grande, tambi\u00e9n Santa Rosa Jauregui tiene mucha zona de temporal. Ya estuvimos en Amealco, ya estuvimos en San Juan del R\u00edo, estuvimos en El Marqu\u00e9s y vamos a recorrer todo el estado&#8221;, se\u00f1al\u00f3.<\/p>\n<p>&nbsp;<\/p>\n<p style=\"text-align: justify;\" data-sourcepos=\"17:1-17:181\">La entrega de ma\u00edz tiene como objetivo garantizar la seguridad alimentaria de los productores durante cuatro meses, as\u00ed como incentivar la reactivaci\u00f3n de sus actividades agr\u00edcolas.<\/p>\n<p>&nbsp;<\/p>\n<p style=\"text-align: justify;\" data-sourcepos=\"19:1-19:170\">El presidente municipal de Huimilpan, Jairo Iv\u00e1n, resalt\u00f3 la cercan\u00eda del gobernador Mauricio Kuri con los productores y el apoyo constante al campo en la regi\u00f3n.<\/p>\n<p>&nbsp;<\/p>\n<p style=\"text-align: center;\" data-sourcepos=\"19:1-19:170\"><em><strong>\u00a1Informaci\u00f3n que transforma!<\/strong><\/em><\/p>\n","protected":false},"excerpt":{"rendered":"<p>El Gobierno del Estado de Quer\u00e9taro, a trav\u00e9s de la Secretar\u00eda de Desarrollo Agropecuario (SEDEA), entreg\u00f3 311 toneladas de ma\u00edz para consumo humano a 932 productores del municipio de Huimilpan.<\/p>\n","protected":false},"author":3,"featured_media":12114,"comment_status":"open","ping_status":"open","sticky":false,"template":"","format":"standard","meta":{"footnotes":""},"categories":[42,58],"tags":[211,217,3294,2656],"class_list":["post-12113","post","type-post","status-publish","format-standard","has-post-thumbnail","hentry","category-estado","category-ultima-hora","tag-apoyoalcampo","tag-huimilpan","tag-sedea","tag-sequiaqueretaro"],"yoast_head":"<!-- This site is optimized with the Yoast SEO plugin v25.0 - https:\/\/yoast.com\/wordpress\/plugins\/seo\/ -->\n<title>SEDEA entrega toneladas ma\u00edz a productores de Huimilpan ante afectaciones por sequ\u00eda | Nexo Informativo Santiago de Quer\u00e9taro<\/title>\n<meta name=\"description\" content=\"SEDEA entrega toneladas ma\u00edz a productores de Huimilpan ante afectaciones por sequ\u00eda\" \/>\n<meta name=\"robots\" content=\"index, follow, max-snippet:-1, max-image-preview:large, max-video-preview:-1\" \/>\n<link rel=\"canonical\" href=\"https:\/\/www.nexoinformativo.mx\/index.php\/2025\/02\/26\/sedea-entrega-toneladas-maiz-a-productores-de-huimilpan-ante-afectaciones-por-sequia\/\" \/>\n<meta property=\"og:locale\" content=\"es_MX\" \/>\n<meta property=\"og:type\" content=\"article\" \/>\n<meta property=\"og:title\" content=\"SEDEA entrega toneladas ma\u00edz a productores de Huimilpan ante afectaciones por sequ\u00eda | Nexo Informativo Santiago de Quer\u00e9taro\" \/>\n<meta property=\"og:description\" content=\"SEDEA entrega toneladas ma\u00edz a productores de Huimilpan ante afectaciones por sequ\u00eda\" \/>\n<meta property=\"og:url\" content=\"https:\/\/www.nexoinformativo.mx\/index.php\/2025\/02\/26\/sedea-entrega-toneladas-maiz-a-productores-de-huimilpan-ante-afectaciones-por-sequia\/\" \/>\n<meta property=\"og:site_name\" content=\"Nexo Informativo Santiago de Quer\u00e9taro\" \/>\n<meta property=\"article:publisher\" content=\"https:\/\/www.facebook.com\/people\/Nexo-Informativo\/61564066885511\/\" \/>\n<meta property=\"article:published_time\" content=\"2025-02-26T13:30:36+00:00\" \/>\n<meta property=\"article:modified_time\" content=\"2025-02-26T15:38:58+00:00\" \/>\n<meta property=\"og:image\" content=\"https:\/\/www.nexoinformativo.mx\/wp-content\/uploads\/2025\/02\/PHOTO-2025-02-26-08-29-42-e1740584265725.jpg\" \/>\n\t<meta property=\"og:image:width\" content=\"800\" \/>\n\t<meta property=\"og:image:height\" content=\"533\" \/>\n\t<meta property=\"og:image:type\" content=\"image\/jpeg\" \/>\n<meta name=\"author\" content=\"Nexo Informativo\" \/>\n<meta name=\"twitter:card\" content=\"summary_large_image\" \/>\n<meta name=\"twitter:label1\" content=\"Escrito por\" \/>\n\t<meta name=\"twitter:data1\" content=\"Nexo Informativo\" \/>\n\t<meta name=\"twitter:label2\" content=\"Tiempo de lectura\" \/>\n\t<meta name=\"twitter:data2\" content=\"2 minutos\" \/>\n<script type=\"application\/ld+json\" class=\"yoast-schema-graph\">{\"@context\":\"https:\/\/schema.org\",\"@graph\":[{\"@type\":\"Article\",\"@id\":\"https:\/\/www.nexoinformativo.mx\/index.php\/2025\/02\/26\/sedea-entrega-toneladas-maiz-a-productores-de-huimilpan-ante-afectaciones-por-sequia\/#article\",\"isPartOf\":{\"@id\":\"https:\/\/www.nexoinformativo.mx\/index.php\/2025\/02\/26\/sedea-entrega-toneladas-maiz-a-productores-de-huimilpan-ante-afectaciones-por-sequia\/\"},\"author\":{\"name\":\"Nexo Informativo\",\"@id\":\"https:\/\/www.nexoinformativo.mx\/#\/schema\/person\/7749d380ba08c8ca00d7bc76fd907b7d\"},\"headline\":\"SEDEA entrega toneladas ma\u00edz a productores de Huimilpan ante afectaciones por sequ\u00eda\",\"datePublished\":\"2025-02-26T13:30:36+00:00\",\"dateModified\":\"2025-02-26T15:38:58+00:00\",\"mainEntityOfPage\":{\"@id\":\"https:\/\/www.nexoinformativo.mx\/index.php\/2025\/02\/26\/sedea-entrega-toneladas-maiz-a-productores-de-huimilpan-ante-afectaciones-por-sequia\/\"},\"wordCount\":246,\"commentCount\":0,\"publisher\":{\"@id\":\"https:\/\/www.nexoinformativo.mx\/#organization\"},\"image\":{\"@id\":\"https:\/\/www.nexoinformativo.mx\/index.php\/2025\/02\/26\/sedea-entrega-toneladas-maiz-a-productores-de-huimilpan-ante-afectaciones-por-sequia\/#primaryimage\"},\"thumbnailUrl\":\"https:\/\/www.nexoinformativo.mx\/wp-content\/uploads\/2025\/02\/PHOTO-2025-02-26-08-29-42-e1740584265725.jpg\",\"keywords\":[\"ApoyoalCampo\",\"Huimilpan\",\"Sedea\",\"Sequ\u00edaQuer\u00e9taro\"],\"articleSection\":[\"Estado\",\"\u00daltima Hora\"],\"inLanguage\":\"es\",\"potentialAction\":[{\"@type\":\"CommentAction\",\"name\":\"Comment\",\"target\":[\"https:\/\/www.nexoinformativo.mx\/index.php\/2025\/02\/26\/sedea-entrega-toneladas-maiz-a-productores-de-huimilpan-ante-afectaciones-por-sequia\/#respond\"]}]},{\"@type\":\"WebPage\",\"@id\":\"https:\/\/www.nexoinformativo.mx\/index.php\/2025\/02\/26\/sedea-entrega-toneladas-maiz-a-productores-de-huimilpan-ante-afectaciones-por-sequia\/\",\"url\":\"https:\/\/www.nexoinformativo.mx\/index.php\/2025\/02\/26\/sedea-entrega-toneladas-maiz-a-productores-de-huimilpan-ante-afectaciones-por-sequia\/\",\"name\":\"SEDEA entrega toneladas ma\u00edz a productores de Huimilpan ante afectaciones por sequ\u00eda | Nexo Informativo Santiago de Quer\u00e9taro\",\"isPartOf\":{\"@id\":\"https:\/\/www.nexoinformativo.mx\/#website\"},\"primaryImageOfPage\":{\"@id\":\"https:\/\/www.nexoinformativo.mx\/index.php\/2025\/02\/26\/sedea-entrega-toneladas-maiz-a-productores-de-huimilpan-ante-afectaciones-por-sequia\/#primaryimage\"},\"image\":{\"@id\":\"https:\/\/www.nexoinformativo.mx\/index.php\/2025\/02\/26\/sedea-entrega-toneladas-maiz-a-productores-de-huimilpan-ante-afectaciones-por-sequia\/#primaryimage\"},\"thumbnailUrl\":\"https:\/\/www.nexoinformativo.mx\/wp-content\/uploads\/2025\/02\/PHOTO-2025-02-26-08-29-42-e1740584265725.jpg\",\"datePublished\":\"2025-02-26T13:30:36+00:00\",\"dateModified\":\"2025-02-26T15:38:58+00:00\",\"description\":\"SEDEA entrega toneladas ma\u00edz a productores de Huimilpan ante afectaciones por sequ\u00eda\",\"breadcrumb\":{\"@id\":\"https:\/\/www.nexoinformativo.mx\/index.php\/2025\/02\/26\/sedea-entrega-toneladas-maiz-a-productores-de-huimilpan-ante-afectaciones-por-sequia\/#breadcrumb\"},\"inLanguage\":\"es\",\"potentialAction\":[{\"@type\":\"ReadAction\",\"target\":[\"https:\/\/www.nexoinformativo.mx\/index.php\/2025\/02\/26\/sedea-entrega-toneladas-maiz-a-productores-de-huimilpan-ante-afectaciones-por-sequia\/\"]}]},{\"@type\":\"ImageObject\",\"inLanguage\":\"es\",\"@id\":\"https:\/\/www.nexoinformativo.mx\/index.php\/2025\/02\/26\/sedea-entrega-toneladas-maiz-a-productores-de-huimilpan-ante-afectaciones-por-sequia\/#primaryimage\",\"url\":\"https:\/\/www.nexoinformativo.mx\/wp-content\/uploads\/2025\/02\/PHOTO-2025-02-26-08-29-42-e1740584265725.jpg\",\"contentUrl\":\"https:\/\/www.nexoinformativo.mx\/wp-content\/uploads\/2025\/02\/PHOTO-2025-02-26-08-29-42-e1740584265725.jpg\",\"width\":800,\"height\":533},{\"@type\":\"BreadcrumbList\",\"@id\":\"https:\/\/www.nexoinformativo.mx\/index.php\/2025\/02\/26\/sedea-entrega-toneladas-maiz-a-productores-de-huimilpan-ante-afectaciones-por-sequia\/#breadcrumb\",\"itemListElement\":[{\"@type\":\"ListItem\",\"position\":1,\"name\":\"Inicio\",\"item\":\"https:\/\/www.nexoinformativo.mx\/\"},{\"@type\":\"ListItem\",\"position\":2,\"name\":\"SEDEA entrega toneladas ma\u00edz a productores de Huimilpan ante afectaciones por sequ\u00eda\"}]},{\"@type\":\"WebSite\",\"@id\":\"https:\/\/www.nexoinformativo.mx\/#website\",\"url\":\"https:\/\/www.nexoinformativo.mx\/\",\"name\":\"Nexo Informativo Santiago de Quer\u00e9taro\",\"description\":\"Explora NexoInformativo y convi\u00e9rtete en parte de una comunidad que valora el conocimiento y la verdad. Tu nexoinformativo es tu puente hacia una comprensi\u00f3n m\u00e1s profunda del mundo que te rodea.\",\"publisher\":{\"@id\":\"https:\/\/www.nexoinformativo.mx\/#organization\"},\"potentialAction\":[{\"@type\":\"SearchAction\",\"target\":{\"@type\":\"EntryPoint\",\"urlTemplate\":\"https:\/\/www.nexoinformativo.mx\/?s={search_term_string}\"},\"query-input\":{\"@type\":\"PropertyValueSpecification\",\"valueRequired\":true,\"valueName\":\"search_term_string\"}}],\"inLanguage\":\"es\"},{\"@type\":\"Organization\",\"@id\":\"https:\/\/www.nexoinformativo.mx\/#organization\",\"name\":\"Nexo Informativo Santiago de Quer\u00e9taro\",\"url\":\"https:\/\/www.nexoinformativo.mx\/\",\"logo\":{\"@type\":\"ImageObject\",\"inLanguage\":\"es\",\"@id\":\"https:\/\/www.nexoinformativo.mx\/#\/schema\/logo\/image\/\",\"url\":\"https:\/\/www.nexoinformativo.mx\/wp-content\/uploads\/2024\/07\/nexoi-trasparente-2.png\",\"contentUrl\":\"https:\/\/www.nexoinformativo.mx\/wp-content\/uploads\/2024\/07\/nexoi-trasparente-2.png\",\"width\":816,\"height\":339,\"caption\":\"Nexo Informativo Santiago de Quer\u00e9taro\"},\"image\":{\"@id\":\"https:\/\/www.nexoinformativo.mx\/#\/schema\/logo\/image\/\"},\"sameAs\":[\"https:\/\/www.facebook.com\/people\/Nexo-Informativo\/61564066885511\/\"]},{\"@type\":\"Person\",\"@id\":\"https:\/\/www.nexoinformativo.mx\/#\/schema\/person\/7749d380ba08c8ca00d7bc76fd907b7d\",\"name\":\"Nexo Informativo\",\"image\":{\"@type\":\"ImageObject\",\"inLanguage\":\"es\",\"@id\":\"https:\/\/www.nexoinformativo.mx\/#\/schema\/person\/image\/\",\"url\":\"https:\/\/secure.gravatar.com\/avatar\/dde2928154642a13d95f87ddf1ea9718fe2b46760a005c53e41ff5ad610704e6?s=96&d=mm&r=g\",\"contentUrl\":\"https:\/\/secure.gravatar.com\/avatar\/dde2928154642a13d95f87ddf1ea9718fe2b46760a005c53e41ff5ad610704e6?s=96&d=mm&r=g\",\"caption\":\"Nexo Informativo\"},\"url\":\"https:\/\/www.nexoinformativo.mx\/index.php\/author\/edicion\/\"}]}<\/script>\n<!-- \/ Yoast SEO plugin. -->","yoast_head_json":{"title":"SEDEA entrega toneladas ma\u00edz a productores de Huimilpan ante afectaciones por sequ\u00eda | Nexo Informativo Santiago de Quer\u00e9taro","description":"SEDEA entrega toneladas ma\u00edz a productores de Huimilpan ante afectaciones por sequ\u00eda","robots":{"index":"index","follow":"follow","max-snippet":"max-snippet:-1","max-image-preview":"max-image-preview:large","max-video-preview":"max-video-preview:-1"},"canonical":"https:\/\/www.nexoinformativo.mx\/index.php\/2025\/02\/26\/sedea-entrega-toneladas-maiz-a-productores-de-huimilpan-ante-afectaciones-por-sequia\/","og_locale":"es_MX","og_type":"article","og_title":"SEDEA entrega toneladas ma\u00edz a productores de Huimilpan ante afectaciones por sequ\u00eda | Nexo Informativo Santiago de Quer\u00e9taro","og_description":"SEDEA entrega toneladas ma\u00edz a productores de Huimilpan ante afectaciones por sequ\u00eda","og_url":"https:\/\/www.nexoinformativo.mx\/index.php\/2025\/02\/26\/sedea-entrega-toneladas-maiz-a-productores-de-huimilpan-ante-afectaciones-por-sequia\/","og_site_name":"Nexo Informativo Santiago de Quer\u00e9taro","article_publisher":"https:\/\/www.facebook.com\/people\/Nexo-Informativo\/61564066885511\/","article_published_time":"2025-02-26T13:30:36+00:00","article_modified_time":"2025-02-26T15:38:58+00:00","og_image":[{"width":800,"height":533,"url":"https:\/\/www.nexoinformativo.mx\/wp-content\/uploads\/2025\/02\/PHOTO-2025-02-26-08-29-42-e1740584265725.jpg","type":"image\/jpeg"}],"author":"Nexo Informativo","twitter_card":"summary_large_image","twitter_misc":{"Escrito por":"Nexo Informativo","Tiempo de lectura":"2 minutos"},"schema":{"@context":"https:\/\/schema.org","@graph":[{"@type":"Article","@id":"https:\/\/www.nexoinformativo.mx\/index.php\/2025\/02\/26\/sedea-entrega-toneladas-maiz-a-productores-de-huimilpan-ante-afectaciones-por-sequia\/#article","isPartOf":{"@id":"https:\/\/www.nexoinformativo.mx\/index.php\/2025\/02\/26\/sedea-entrega-toneladas-maiz-a-productores-de-huimilpan-ante-afectaciones-por-sequia\/"},"author":{"name":"Nexo Informativo","@id":"https:\/\/www.nexoinformativo.mx\/#\/schema\/person\/7749d380ba08c8ca00d7bc76fd907b7d"},"headline":"SEDEA entrega toneladas ma\u00edz a productores de Huimilpan ante afectaciones por sequ\u00eda","datePublished":"2025-02-26T13:30:36+00:00","dateModified":"2025-02-26T15:38:58+00:00","mainEntityOfPage":{"@id":"https:\/\/www.nexoinformativo.mx\/index.php\/2025\/02\/26\/sedea-entrega-toneladas-maiz-a-productores-de-huimilpan-ante-afectaciones-por-sequia\/"},"wordCount":246,"commentCount":0,"publisher":{"@id":"https:\/\/www.nexoinformativo.mx\/#organization"},"image":{"@id":"https:\/\/www.nexoinformativo.mx\/index.php\/2025\/02\/26\/sedea-entrega-toneladas-maiz-a-productores-de-huimilpan-ante-afectaciones-por-sequia\/#primaryimage"},"thumbnailUrl":"https:\/\/www.nexoinformativo.mx\/wp-content\/uploads\/2025\/02\/PHOTO-2025-02-26-08-29-42-e1740584265725.jpg","keywords":["ApoyoalCampo","Huimilpan","Sedea","Sequ\u00edaQuer\u00e9taro"],"articleSection":["Estado","\u00daltima Hora"],"inLanguage":"es","potentialAction":[{"@type":"CommentAction","name":"Comment","target":["https:\/\/www.nexoinformativo.mx\/index.php\/2025\/02\/26\/sedea-entrega-toneladas-maiz-a-productores-de-huimilpan-ante-afectaciones-por-sequia\/#respond"]}]},{"@type":"WebPage","@id":"https:\/\/www.nexoinformativo.mx\/index.php\/2025\/02\/26\/sedea-entrega-toneladas-maiz-a-productores-de-huimilpan-ante-afectaciones-por-sequia\/","url":"https:\/\/www.nexoinformativo.mx\/index.php\/2025\/02\/26\/sedea-entrega-toneladas-maiz-a-productores-de-huimilpan-ante-afectaciones-por-sequia\/","name":"SEDEA entrega toneladas ma\u00edz a productores de Huimilpan ante afectaciones por sequ\u00eda | Nexo Informativo Santiago de Quer\u00e9taro","isPartOf":{"@id":"https:\/\/www.nexoinformativo.mx\/#website"},"primaryImageOfPage":{"@id":"https:\/\/www.nexoinformativo.mx\/index.php\/2025\/02\/26\/sedea-entrega-toneladas-maiz-a-productores-de-huimilpan-ante-afectaciones-por-sequia\/#primaryimage"},"image":{"@id":"https:\/\/www.nexoinformativo.mx\/index.php\/2025\/02\/26\/sedea-entrega-toneladas-maiz-a-productores-de-huimilpan-ante-afectaciones-por-sequia\/#primaryimage"},"thumbnailUrl":"https:\/\/www.nexoinformativo.mx\/wp-content\/uploads\/2025\/02\/PHOTO-2025-02-26-08-29-42-e1740584265725.jpg","datePublished":"2025-02-26T13:30:36+00:00","dateModified":"2025-02-26T15:38:58+00:00","description":"SEDEA entrega toneladas ma\u00edz a productores de Huimilpan ante afectaciones por sequ\u00eda","breadcrumb":{"@id":"https:\/\/www.nexoinformativo.mx\/index.php\/2025\/02\/26\/sedea-entrega-toneladas-maiz-a-productores-de-huimilpan-ante-afectaciones-por-sequia\/#breadcrumb"},"inLanguage":"es","potentialAction":[{"@type":"ReadAction","target":["https:\/\/www.nexoinformativo.mx\/index.php\/2025\/02\/26\/sedea-entrega-toneladas-maiz-a-productores-de-huimilpan-ante-afectaciones-por-sequia\/"]}]},{"@type":"ImageObject","inLanguage":"es","@id":"https:\/\/www.nexoinformativo.mx\/index.php\/2025\/02\/26\/sedea-entrega-toneladas-maiz-a-productores-de-huimilpan-ante-afectaciones-por-sequia\/#primaryimage","url":"https:\/\/www.nexoinformativo.mx\/wp-content\/uploads\/2025\/02\/PHOTO-2025-02-26-08-29-42-e1740584265725.jpg","contentUrl":"https:\/\/www.nexoinformativo.mx\/wp-content\/uploads\/2025\/02\/PHOTO-2025-02-26-08-29-42-e1740584265725.jpg","width":800,"height":533},{"@type":"BreadcrumbList","@id":"https:\/\/www.nexoinformativo.mx\/index.php\/2025\/02\/26\/sedea-entrega-toneladas-maiz-a-productores-de-huimilpan-ante-afectaciones-por-sequia\/#breadcrumb","itemListElement":[{"@type":"ListItem","position":1,"name":"Inicio","item":"https:\/\/www.nexoinformativo.mx\/"},{"@type":"ListItem","position":2,"name":"SEDEA entrega toneladas ma\u00edz a productores de Huimilpan ante afectaciones por sequ\u00eda"}]},{"@type":"WebSite","@id":"https:\/\/www.nexoinformativo.mx\/#website","url":"https:\/\/www.nexoinformativo.mx\/","name":"Nexo Informativo Santiago de Quer\u00e9taro","description":"Explora NexoInformativo y convi\u00e9rtete en parte de una comunidad que valora el conocimiento y la verdad. Tu nexoinformativo es tu puente hacia una comprensi\u00f3n m\u00e1s profunda del mundo que te rodea.","publisher":{"@id":"https:\/\/www.nexoinformativo.mx\/#organization"},"potentialAction":[{"@type":"SearchAction","target":{"@type":"EntryPoint","urlTemplate":"https:\/\/www.nexoinformativo.mx\/?s={search_term_string}"},"query-input":{"@type":"PropertyValueSpecification","valueRequired":true,"valueName":"search_term_string"}}],"inLanguage":"es"},{"@type":"Organization","@id":"https:\/\/www.nexoinformativo.mx\/#organization","name":"Nexo Informativo Santiago de Quer\u00e9taro","url":"https:\/\/www.nexoinformativo.mx\/","logo":{"@type":"ImageObject","inLanguage":"es","@id":"https:\/\/www.nexoinformativo.mx\/#\/schema\/logo\/image\/","url":"https:\/\/www.nexoinformativo.mx\/wp-content\/uploads\/2024\/07\/nexoi-trasparente-2.png","contentUrl":"https:\/\/www.nexoinformativo.mx\/wp-content\/uploads\/2024\/07\/nexoi-trasparente-2.png","width":816,"height":339,"caption":"Nexo Informativo Santiago de Quer\u00e9taro"},"image":{"@id":"https:\/\/www.nexoinformativo.mx\/#\/schema\/logo\/image\/"},"sameAs":["https:\/\/www.facebook.com\/people\/Nexo-Informativo\/61564066885511\/"]},{"@type":"Person","@id":"https:\/\/www.nexoinformativo.mx\/#\/schema\/person\/7749d380ba08c8ca00d7bc76fd907b7d","name":"Nexo Informativo","image":{"@type":"ImageObject","inLanguage":"es","@id":"https:\/\/www.nexoinformativo.mx\/#\/schema\/person\/image\/","url":"https:\/\/secure.gravatar.com\/avatar\/dde2928154642a13d95f87ddf1ea9718fe2b46760a005c53e41ff5ad610704e6?s=96&d=mm&r=g","contentUrl":"https:\/\/secure.gravatar.com\/avatar\/dde2928154642a13d95f87ddf1ea9718fe2b46760a005c53e41ff5ad610704e6?s=96&d=mm&r=g","caption":"Nexo Informativo"},"url":"https:\/\/www.nexoinformativo.mx\/index.php\/author\/edicion\/"}]}},"_links":{"self":[{"href":"https:\/\/www.nexoinformativo.mx\/index.php\/wp-json\/wp\/v2\/posts\/12113","targetHints":{"allow":["GET"]}}],"collection":[{"href":"https:\/\/www.nexoinformativo.mx\/index.php\/wp-json\/wp\/v2\/posts"}],"about":[{"href":"https:\/\/www.nexoinformativo.mx\/index.php\/wp-json\/wp\/v2\/types\/post"}],"author":[{"embeddable":true,"href":"https:\/\/www.nexoinformativo.mx\/index.php\/wp-json\/wp\/v2\/users\/3"}],"replies":[{"embeddable":true,"href":"https:\/\/www.nexoinformativo.mx\/index.php\/wp-json\/wp\/v2\/comments?post=12113"}],"version-history":[{"count":4,"href":"https:\/\/www.nexoinformativo.mx\/index.php\/wp-json\/wp\/v2\/posts\/12113\/revisions"}],"predecessor-version":[{"id":12117,"href":"https:\/\/www.nexoinformativo.mx\/index.php\/wp-json\/wp\/v2\/posts\/12113\/revisions\/12117"}],"wp:featuredmedia":[{"embeddable":true,"href":"https:\/\/www.nexoinformativo.mx\/index.php\/wp-json\/wp\/v2\/media\/12114"}],"wp:attachment":[{"href":"https:\/\/www.nexoinformativo.mx\/index.php\/wp-json\/wp\/v2\/media?parent=12113"}],"wp:term":[{"taxonomy":"category","embeddable":true,"href":"https:\/\/www.nexoinformativo.mx\/index.php\/wp-json\/wp\/v2\/categories?post=12113"},{"taxonomy":"post_tag","embeddable":true,"href":"https:\/\/www.nexoinformativo.mx\/index.php\/wp-json\/wp\/v2\/tags?post=12113"}],"curies":[{"name":"wp","href":"https:\/\/api.w.org\/{rel}","templated":true}]}}