{"id":12120,"date":"2025-02-26T08:00:58","date_gmt":"2025-02-26T14:00:58","guid":{"rendered":"https:\/\/www.nexoinformativo.mx\/?p=12120"},"modified":"2025-02-26T09:45:31","modified_gmt":"2025-02-26T15:45:31","slug":"cea-e-itesm-unen-alianza-estrategica-para-el-manejo-sostenible-del-agua","status":"publish","type":"post","link":"https:\/\/www.nexoinformativo.mx\/index.php\/2025\/02\/26\/cea-e-itesm-unen-alianza-estrategica-para-el-manejo-sostenible-del-agua\/","title":{"rendered":"CEA e ITESM unen alianza estrat\u00e9gica para el manejo sostenible del agua"},"content":{"rendered":"<p style=\"text-align: justify;\" data-sourcepos=\"13:1-13:295\"><strong>La Comisi\u00f3n Estatal de Aguas<\/strong> (CEA) y el <strong>Instituto Tecnol\u00f3gico de Estudios Superiores de Monterrey<\/strong> (ITESM) Campus Quer\u00e9taro han firmado un Convenio Marco de Colaboraci\u00f3n para desarrollar proyectos conjuntos que mejoren el manejo del recurso h\u00eddrico en el estado.<\/p>\n<\/p>\n<p>&nbsp;<\/p>\n<p style=\"text-align: justify;\" data-sourcepos=\"15:1-15:237\">El convenio permitir\u00e1 establecer acciones de cooperaci\u00f3n y apoyo t\u00e9cnico, as\u00ed como brindar oportunidades para que estudiantes de Ingenier\u00eda Civil del ITESM realicen pr\u00e1cticas profesionales en la CEA, guiados por directores del organismo.<\/p>\n<\/p>\n<p>&nbsp;<\/p>\n<p style=\"text-align: justify;\" data-sourcepos=\"17:1-17:379\">El vocal ejecutivo de la CEA, Luis Alberto Vega Ricoy, destac\u00f3 la importancia de la participaci\u00f3n de la academia en temas h\u00eddricos, se\u00f1alando que los estudiantes aportar\u00e1n valiosos conocimientos.<\/p>\n<\/p>\n<p>&nbsp;<\/p>\n<p style=\"text-align: justify;\" data-sourcepos=\"17:1-17:379\">Por su parte, el rector del ITESM Campus Quer\u00e9taro, Pascual Alcocer, resalt\u00f3 el compromiso de la instituci\u00f3n con la sostenibilidad y el manejo \u00f3ptimo de los recursos h\u00eddricos.<\/p>\n<\/p>\n<p>&nbsp;<\/p>\n<p style=\"text-align: center;\" data-sourcepos=\"17:1-17:379\"><em><strong>\u00a1Informaci\u00f3n que transforma!<\/strong><\/em><\/p>\n","protected":false},"excerpt":{"rendered":"<p>La Comisi\u00f3n Estatal de Aguas (CEA) y el Instituto Tecnol\u00f3gico de Estudios Superiores de Monterrey (ITESM) Campus Quer\u00e9taro han firmado un Convenio Marco de Colaboraci\u00f3n para desarrollar proyectos conjuntos que mejoren el manejo del recurso h\u00eddrico en el estado.<\/p>\n","protected":false},"author":3,"featured_media":12121,"comment_status":"open","ping_status":"open","sticky":false,"template":"","format":"standard","meta":{"footnotes":""},"categories":[42,58],"tags":[3552,3553,3554,3555],"class_list":["post-12120","post","type-post","status-publish","format-standard","has-post-thumbnail","hentry","category-estado","category-ultima-hora","tag-ceaqro","tag-itesmqueretaro","tag-recursohidrico","tag-sustentabilidadqro"],"yoast_head":"<!-- This site is optimized with the Yoast SEO plugin v25.0 - https:\/\/yoast.com\/wordpress\/plugins\/seo\/ -->\n<title>CEA e ITESM unen alianza estrat\u00e9gica para el manejo sostenible del agua | Nexo Informativo Santiago de Quer\u00e9taro<\/title>\n<meta name=\"description\" content=\"CEA e ITESM unen alianza estrat\u00e9gica para el manejo sostenible del agua\" \/>\n<meta name=\"robots\" content=\"index, follow, max-snippet:-1, max-image-preview:large, max-video-preview:-1\" \/>\n<link rel=\"canonical\" href=\"https:\/\/www.nexoinformativo.mx\/index.php\/2025\/02\/26\/cea-e-itesm-unen-alianza-estrategica-para-el-manejo-sostenible-del-agua\/\" \/>\n<meta property=\"og:locale\" content=\"es_MX\" \/>\n<meta property=\"og:type\" content=\"article\" \/>\n<meta property=\"og:title\" content=\"CEA e ITESM unen alianza estrat\u00e9gica para el manejo sostenible del agua | Nexo Informativo Santiago de Quer\u00e9taro\" \/>\n<meta property=\"og:description\" content=\"CEA e ITESM unen alianza estrat\u00e9gica para el manejo sostenible del agua\" \/>\n<meta property=\"og:url\" content=\"https:\/\/www.nexoinformativo.mx\/index.php\/2025\/02\/26\/cea-e-itesm-unen-alianza-estrategica-para-el-manejo-sostenible-del-agua\/\" \/>\n<meta property=\"og:site_name\" content=\"Nexo Informativo Santiago de Quer\u00e9taro\" \/>\n<meta property=\"article:publisher\" content=\"https:\/\/www.facebook.com\/people\/Nexo-Informativo\/61564066885511\/\" \/>\n<meta property=\"article:published_time\" content=\"2025-02-26T14:00:58+00:00\" \/>\n<meta property=\"article:modified_time\" content=\"2025-02-26T15:45:31+00:00\" \/>\n<meta property=\"og:image\" content=\"https:\/\/www.nexoinformativo.mx\/wp-content\/uploads\/2025\/02\/PHOTO-2025-02-26-08-37-54-e1740584688450.jpg\" \/>\n\t<meta property=\"og:image:width\" content=\"800\" \/>\n\t<meta property=\"og:image:height\" content=\"993\" \/>\n\t<meta property=\"og:image:type\" content=\"image\/jpeg\" \/>\n<meta name=\"author\" content=\"Nexo Informativo\" \/>\n<meta name=\"twitter:card\" content=\"summary_large_image\" \/>\n<meta name=\"twitter:label1\" content=\"Escrito por\" \/>\n\t<meta name=\"twitter:data1\" content=\"Nexo Informativo\" \/>\n\t<meta name=\"twitter:label2\" content=\"Tiempo de lectura\" \/>\n\t<meta name=\"twitter:data2\" content=\"1 minuto\" \/>\n<script type=\"application\/ld+json\" class=\"yoast-schema-graph\">{\"@context\":\"https:\/\/schema.org\",\"@graph\":[{\"@type\":\"Article\",\"@id\":\"https:\/\/www.nexoinformativo.mx\/index.php\/2025\/02\/26\/cea-e-itesm-unen-alianza-estrategica-para-el-manejo-sostenible-del-agua\/#article\",\"isPartOf\":{\"@id\":\"https:\/\/www.nexoinformativo.mx\/index.php\/2025\/02\/26\/cea-e-itesm-unen-alianza-estrategica-para-el-manejo-sostenible-del-agua\/\"},\"author\":{\"name\":\"Nexo Informativo\",\"@id\":\"https:\/\/www.nexoinformativo.mx\/#\/schema\/person\/7749d380ba08c8ca00d7bc76fd907b7d\"},\"headline\":\"CEA e ITESM unen alianza estrat\u00e9gica para el manejo sostenible del agua\",\"datePublished\":\"2025-02-26T14:00:58+00:00\",\"dateModified\":\"2025-02-26T15:45:31+00:00\",\"mainEntityOfPage\":{\"@id\":\"https:\/\/www.nexoinformativo.mx\/index.php\/2025\/02\/26\/cea-e-itesm-unen-alianza-estrategica-para-el-manejo-sostenible-del-agua\/\"},\"wordCount\":166,\"commentCount\":0,\"publisher\":{\"@id\":\"https:\/\/www.nexoinformativo.mx\/#organization\"},\"image\":{\"@id\":\"https:\/\/www.nexoinformativo.mx\/index.php\/2025\/02\/26\/cea-e-itesm-unen-alianza-estrategica-para-el-manejo-sostenible-del-agua\/#primaryimage\"},\"thumbnailUrl\":\"https:\/\/www.nexoinformativo.mx\/wp-content\/uploads\/2025\/02\/PHOTO-2025-02-26-08-37-54-e1740584688450.jpg\",\"keywords\":[\"CEAQro\",\"ITESMQuer\u00e9taro\",\"RecursoH\u00eddrico\",\"SustentabilidadQro\"],\"articleSection\":[\"Estado\",\"\u00daltima Hora\"],\"inLanguage\":\"es\",\"potentialAction\":[{\"@type\":\"CommentAction\",\"name\":\"Comment\",\"target\":[\"https:\/\/www.nexoinformativo.mx\/index.php\/2025\/02\/26\/cea-e-itesm-unen-alianza-estrategica-para-el-manejo-sostenible-del-agua\/#respond\"]}]},{\"@type\":\"WebPage\",\"@id\":\"https:\/\/www.nexoinformativo.mx\/index.php\/2025\/02\/26\/cea-e-itesm-unen-alianza-estrategica-para-el-manejo-sostenible-del-agua\/\",\"url\":\"https:\/\/www.nexoinformativo.mx\/index.php\/2025\/02\/26\/cea-e-itesm-unen-alianza-estrategica-para-el-manejo-sostenible-del-agua\/\",\"name\":\"CEA e ITESM unen alianza estrat\u00e9gica para el manejo sostenible del agua | Nexo Informativo Santiago de Quer\u00e9taro\",\"isPartOf\":{\"@id\":\"https:\/\/www.nexoinformativo.mx\/#website\"},\"primaryImageOfPage\":{\"@id\":\"https:\/\/www.nexoinformativo.mx\/index.php\/2025\/02\/26\/cea-e-itesm-unen-alianza-estrategica-para-el-manejo-sostenible-del-agua\/#primaryimage\"},\"image\":{\"@id\":\"https:\/\/www.nexoinformativo.mx\/index.php\/2025\/02\/26\/cea-e-itesm-unen-alianza-estrategica-para-el-manejo-sostenible-del-agua\/#primaryimage\"},\"thumbnailUrl\":\"https:\/\/www.nexoinformativo.mx\/wp-content\/uploads\/2025\/02\/PHOTO-2025-02-26-08-37-54-e1740584688450.jpg\",\"datePublished\":\"2025-02-26T14:00:58+00:00\",\"dateModified\":\"2025-02-26T15:45:31+00:00\",\"description\":\"CEA e ITESM unen alianza estrat\u00e9gica para el manejo sostenible del agua\",\"breadcrumb\":{\"@id\":\"https:\/\/www.nexoinformativo.mx\/index.php\/2025\/02\/26\/cea-e-itesm-unen-alianza-estrategica-para-el-manejo-sostenible-del-agua\/#breadcrumb\"},\"inLanguage\":\"es\",\"potentialAction\":[{\"@type\":\"ReadAction\",\"target\":[\"https:\/\/www.nexoinformativo.mx\/index.php\/2025\/02\/26\/cea-e-itesm-unen-alianza-estrategica-para-el-manejo-sostenible-del-agua\/\"]}]},{\"@type\":\"ImageObject\",\"inLanguage\":\"es\",\"@id\":\"https:\/\/www.nexoinformativo.mx\/index.php\/2025\/02\/26\/cea-e-itesm-unen-alianza-estrategica-para-el-manejo-sostenible-del-agua\/#primaryimage\",\"url\":\"https:\/\/www.nexoinformativo.mx\/wp-content\/uploads\/2025\/02\/PHOTO-2025-02-26-08-37-54-e1740584688450.jpg\",\"contentUrl\":\"https:\/\/www.nexoinformativo.mx\/wp-content\/uploads\/2025\/02\/PHOTO-2025-02-26-08-37-54-e1740584688450.jpg\",\"width\":800,\"height\":993},{\"@type\":\"BreadcrumbList\",\"@id\":\"https:\/\/www.nexoinformativo.mx\/index.php\/2025\/02\/26\/cea-e-itesm-unen-alianza-estrategica-para-el-manejo-sostenible-del-agua\/#breadcrumb\",\"itemListElement\":[{\"@type\":\"ListItem\",\"position\":1,\"name\":\"Inicio\",\"item\":\"https:\/\/www.nexoinformativo.mx\/\"},{\"@type\":\"ListItem\",\"position\":2,\"name\":\"CEA e ITESM unen alianza estrat\u00e9gica para el manejo sostenible del agua\"}]},{\"@type\":\"WebSite\",\"@id\":\"https:\/\/www.nexoinformativo.mx\/#website\",\"url\":\"https:\/\/www.nexoinformativo.mx\/\",\"name\":\"Nexo Informativo Santiago de Quer\u00e9taro\",\"description\":\"Explora NexoInformativo y convi\u00e9rtete en parte de una comunidad que valora el conocimiento y la verdad. Tu nexoinformativo es tu puente hacia una comprensi\u00f3n m\u00e1s profunda del mundo que te rodea.\",\"publisher\":{\"@id\":\"https:\/\/www.nexoinformativo.mx\/#organization\"},\"potentialAction\":[{\"@type\":\"SearchAction\",\"target\":{\"@type\":\"EntryPoint\",\"urlTemplate\":\"https:\/\/www.nexoinformativo.mx\/?s={search_term_string}\"},\"query-input\":{\"@type\":\"PropertyValueSpecification\",\"valueRequired\":true,\"valueName\":\"search_term_string\"}}],\"inLanguage\":\"es\"},{\"@type\":\"Organization\",\"@id\":\"https:\/\/www.nexoinformativo.mx\/#organization\",\"name\":\"Nexo Informativo Santiago de Quer\u00e9taro\",\"url\":\"https:\/\/www.nexoinformativo.mx\/\",\"logo\":{\"@type\":\"ImageObject\",\"inLanguage\":\"es\",\"@id\":\"https:\/\/www.nexoinformativo.mx\/#\/schema\/logo\/image\/\",\"url\":\"https:\/\/www.nexoinformativo.mx\/wp-content\/uploads\/2024\/07\/nexoi-trasparente-2.png\",\"contentUrl\":\"https:\/\/www.nexoinformativo.mx\/wp-content\/uploads\/2024\/07\/nexoi-trasparente-2.png\",\"width\":816,\"height\":339,\"caption\":\"Nexo Informativo Santiago de Quer\u00e9taro\"},\"image\":{\"@id\":\"https:\/\/www.nexoinformativo.mx\/#\/schema\/logo\/image\/\"},\"sameAs\":[\"https:\/\/www.facebook.com\/people\/Nexo-Informativo\/61564066885511\/\"]},{\"@type\":\"Person\",\"@id\":\"https:\/\/www.nexoinformativo.mx\/#\/schema\/person\/7749d380ba08c8ca00d7bc76fd907b7d\",\"name\":\"Nexo Informativo\",\"image\":{\"@type\":\"ImageObject\",\"inLanguage\":\"es\",\"@id\":\"https:\/\/www.nexoinformativo.mx\/#\/schema\/person\/image\/\",\"url\":\"https:\/\/secure.gravatar.com\/avatar\/dde2928154642a13d95f87ddf1ea9718fe2b46760a005c53e41ff5ad610704e6?s=96&d=mm&r=g\",\"contentUrl\":\"https:\/\/secure.gravatar.com\/avatar\/dde2928154642a13d95f87ddf1ea9718fe2b46760a005c53e41ff5ad610704e6?s=96&d=mm&r=g\",\"caption\":\"Nexo Informativo\"},\"url\":\"https:\/\/www.nexoinformativo.mx\/index.php\/author\/edicion\/\"}]}<\/script>\n<!-- \/ Yoast SEO plugin. -->","yoast_head_json":{"title":"CEA e ITESM unen alianza estrat\u00e9gica para el manejo sostenible del agua | Nexo Informativo Santiago de Quer\u00e9taro","description":"CEA e ITESM unen alianza estrat\u00e9gica para el manejo sostenible del agua","robots":{"index":"index","follow":"follow","max-snippet":"max-snippet:-1","max-image-preview":"max-image-preview:large","max-video-preview":"max-video-preview:-1"},"canonical":"https:\/\/www.nexoinformativo.mx\/index.php\/2025\/02\/26\/cea-e-itesm-unen-alianza-estrategica-para-el-manejo-sostenible-del-agua\/","og_locale":"es_MX","og_type":"article","og_title":"CEA e ITESM unen alianza estrat\u00e9gica para el manejo sostenible del agua | Nexo Informativo Santiago de Quer\u00e9taro","og_description":"CEA e ITESM unen alianza estrat\u00e9gica para el manejo sostenible del agua","og_url":"https:\/\/www.nexoinformativo.mx\/index.php\/2025\/02\/26\/cea-e-itesm-unen-alianza-estrategica-para-el-manejo-sostenible-del-agua\/","og_site_name":"Nexo Informativo Santiago de Quer\u00e9taro","article_publisher":"https:\/\/www.facebook.com\/people\/Nexo-Informativo\/61564066885511\/","article_published_time":"2025-02-26T14:00:58+00:00","article_modified_time":"2025-02-26T15:45:31+00:00","og_image":[{"width":800,"height":993,"url":"https:\/\/www.nexoinformativo.mx\/wp-content\/uploads\/2025\/02\/PHOTO-2025-02-26-08-37-54-e1740584688450.jpg","type":"image\/jpeg"}],"author":"Nexo Informativo","twitter_card":"summary_large_image","twitter_misc":{"Escrito por":"Nexo Informativo","Tiempo de lectura":"1 minuto"},"schema":{"@context":"https:\/\/schema.org","@graph":[{"@type":"Article","@id":"https:\/\/www.nexoinformativo.mx\/index.php\/2025\/02\/26\/cea-e-itesm-unen-alianza-estrategica-para-el-manejo-sostenible-del-agua\/#article","isPartOf":{"@id":"https:\/\/www.nexoinformativo.mx\/index.php\/2025\/02\/26\/cea-e-itesm-unen-alianza-estrategica-para-el-manejo-sostenible-del-agua\/"},"author":{"name":"Nexo Informativo","@id":"https:\/\/www.nexoinformativo.mx\/#\/schema\/person\/7749d380ba08c8ca00d7bc76fd907b7d"},"headline":"CEA e ITESM unen alianza estrat\u00e9gica para el manejo sostenible del agua","datePublished":"2025-02-26T14:00:58+00:00","dateModified":"2025-02-26T15:45:31+00:00","mainEntityOfPage":{"@id":"https:\/\/www.nexoinformativo.mx\/index.php\/2025\/02\/26\/cea-e-itesm-unen-alianza-estrategica-para-el-manejo-sostenible-del-agua\/"},"wordCount":166,"commentCount":0,"publisher":{"@id":"https:\/\/www.nexoinformativo.mx\/#organization"},"image":{"@id":"https:\/\/www.nexoinformativo.mx\/index.php\/2025\/02\/26\/cea-e-itesm-unen-alianza-estrategica-para-el-manejo-sostenible-del-agua\/#primaryimage"},"thumbnailUrl":"https:\/\/www.nexoinformativo.mx\/wp-content\/uploads\/2025\/02\/PHOTO-2025-02-26-08-37-54-e1740584688450.jpg","keywords":["CEAQro","ITESMQuer\u00e9taro","RecursoH\u00eddrico","SustentabilidadQro"],"articleSection":["Estado","\u00daltima Hora"],"inLanguage":"es","potentialAction":[{"@type":"CommentAction","name":"Comment","target":["https:\/\/www.nexoinformativo.mx\/index.php\/2025\/02\/26\/cea-e-itesm-unen-alianza-estrategica-para-el-manejo-sostenible-del-agua\/#respond"]}]},{"@type":"WebPage","@id":"https:\/\/www.nexoinformativo.mx\/index.php\/2025\/02\/26\/cea-e-itesm-unen-alianza-estrategica-para-el-manejo-sostenible-del-agua\/","url":"https:\/\/www.nexoinformativo.mx\/index.php\/2025\/02\/26\/cea-e-itesm-unen-alianza-estrategica-para-el-manejo-sostenible-del-agua\/","name":"CEA e ITESM unen alianza estrat\u00e9gica para el manejo sostenible del agua | Nexo Informativo Santiago de Quer\u00e9taro","isPartOf":{"@id":"https:\/\/www.nexoinformativo.mx\/#website"},"primaryImageOfPage":{"@id":"https:\/\/www.nexoinformativo.mx\/index.php\/2025\/02\/26\/cea-e-itesm-unen-alianza-estrategica-para-el-manejo-sostenible-del-agua\/#primaryimage"},"image":{"@id":"https:\/\/www.nexoinformativo.mx\/index.php\/2025\/02\/26\/cea-e-itesm-unen-alianza-estrategica-para-el-manejo-sostenible-del-agua\/#primaryimage"},"thumbnailUrl":"https:\/\/www.nexoinformativo.mx\/wp-content\/uploads\/2025\/02\/PHOTO-2025-02-26-08-37-54-e1740584688450.jpg","datePublished":"2025-02-26T14:00:58+00:00","dateModified":"2025-02-26T15:45:31+00:00","description":"CEA e ITESM unen alianza estrat\u00e9gica para el manejo sostenible del agua","breadcrumb":{"@id":"https:\/\/www.nexoinformativo.mx\/index.php\/2025\/02\/26\/cea-e-itesm-unen-alianza-estrategica-para-el-manejo-sostenible-del-agua\/#breadcrumb"},"inLanguage":"es","potentialAction":[{"@type":"ReadAction","target":["https:\/\/www.nexoinformativo.mx\/index.php\/2025\/02\/26\/cea-e-itesm-unen-alianza-estrategica-para-el-manejo-sostenible-del-agua\/"]}]},{"@type":"ImageObject","inLanguage":"es","@id":"https:\/\/www.nexoinformativo.mx\/index.php\/2025\/02\/26\/cea-e-itesm-unen-alianza-estrategica-para-el-manejo-sostenible-del-agua\/#primaryimage","url":"https:\/\/www.nexoinformativo.mx\/wp-content\/uploads\/2025\/02\/PHOTO-2025-02-26-08-37-54-e1740584688450.jpg","contentUrl":"https:\/\/www.nexoinformativo.mx\/wp-content\/uploads\/2025\/02\/PHOTO-2025-02-26-08-37-54-e1740584688450.jpg","width":800,"height":993},{"@type":"BreadcrumbList","@id":"https:\/\/www.nexoinformativo.mx\/index.php\/2025\/02\/26\/cea-e-itesm-unen-alianza-estrategica-para-el-manejo-sostenible-del-agua\/#breadcrumb","itemListElement":[{"@type":"ListItem","position":1,"name":"Inicio","item":"https:\/\/www.nexoinformativo.mx\/"},{"@type":"ListItem","position":2,"name":"CEA e ITESM unen alianza estrat\u00e9gica para el manejo sostenible del agua"}]},{"@type":"WebSite","@id":"https:\/\/www.nexoinformativo.mx\/#website","url":"https:\/\/www.nexoinformativo.mx\/","name":"Nexo Informativo Santiago de Quer\u00e9taro","description":"Explora NexoInformativo y convi\u00e9rtete en parte de una comunidad que valora el conocimiento y la verdad. Tu nexoinformativo es tu puente hacia una comprensi\u00f3n m\u00e1s profunda del mundo que te rodea.","publisher":{"@id":"https:\/\/www.nexoinformativo.mx\/#organization"},"potentialAction":[{"@type":"SearchAction","target":{"@type":"EntryPoint","urlTemplate":"https:\/\/www.nexoinformativo.mx\/?s={search_term_string}"},"query-input":{"@type":"PropertyValueSpecification","valueRequired":true,"valueName":"search_term_string"}}],"inLanguage":"es"},{"@type":"Organization","@id":"https:\/\/www.nexoinformativo.mx\/#organization","name":"Nexo Informativo Santiago de Quer\u00e9taro","url":"https:\/\/www.nexoinformativo.mx\/","logo":{"@type":"ImageObject","inLanguage":"es","@id":"https:\/\/www.nexoinformativo.mx\/#\/schema\/logo\/image\/","url":"https:\/\/www.nexoinformativo.mx\/wp-content\/uploads\/2024\/07\/nexoi-trasparente-2.png","contentUrl":"https:\/\/www.nexoinformativo.mx\/wp-content\/uploads\/2024\/07\/nexoi-trasparente-2.png","width":816,"height":339,"caption":"Nexo Informativo Santiago de Quer\u00e9taro"},"image":{"@id":"https:\/\/www.nexoinformativo.mx\/#\/schema\/logo\/image\/"},"sameAs":["https:\/\/www.facebook.com\/people\/Nexo-Informativo\/61564066885511\/"]},{"@type":"Person","@id":"https:\/\/www.nexoinformativo.mx\/#\/schema\/person\/7749d380ba08c8ca00d7bc76fd907b7d","name":"Nexo Informativo","image":{"@type":"ImageObject","inLanguage":"es","@id":"https:\/\/www.nexoinformativo.mx\/#\/schema\/person\/image\/","url":"https:\/\/secure.gravatar.com\/avatar\/dde2928154642a13d95f87ddf1ea9718fe2b46760a005c53e41ff5ad610704e6?s=96&d=mm&r=g","contentUrl":"https:\/\/secure.gravatar.com\/avatar\/dde2928154642a13d95f87ddf1ea9718fe2b46760a005c53e41ff5ad610704e6?s=96&d=mm&r=g","caption":"Nexo Informativo"},"url":"https:\/\/www.nexoinformativo.mx\/index.php\/author\/edicion\/"}]}},"_links":{"self":[{"href":"https:\/\/www.nexoinformativo.mx\/index.php\/wp-json\/wp\/v2\/posts\/12120","targetHints":{"allow":["GET"]}}],"collection":[{"href":"https:\/\/www.nexoinformativo.mx\/index.php\/wp-json\/wp\/v2\/posts"}],"about":[{"href":"https:\/\/www.nexoinformativo.mx\/index.php\/wp-json\/wp\/v2\/types\/post"}],"author":[{"embeddable":true,"href":"https:\/\/www.nexoinformativo.mx\/index.php\/wp-json\/wp\/v2\/users\/3"}],"replies":[{"embeddable":true,"href":"https:\/\/www.nexoinformativo.mx\/index.php\/wp-json\/wp\/v2\/comments?post=12120"}],"version-history":[{"count":3,"href":"https:\/\/www.nexoinformativo.mx\/index.php\/wp-json\/wp\/v2\/posts\/12120\/revisions"}],"predecessor-version":[{"id":12124,"href":"https:\/\/www.nexoinformativo.mx\/index.php\/wp-json\/wp\/v2\/posts\/12120\/revisions\/12124"}],"wp:featuredmedia":[{"embeddable":true,"href":"https:\/\/www.nexoinformativo.mx\/index.php\/wp-json\/wp\/v2\/media\/12121"}],"wp:attachment":[{"href":"https:\/\/www.nexoinformativo.mx\/index.php\/wp-json\/wp\/v2\/media?parent=12120"}],"wp:term":[{"taxonomy":"category","embeddable":true,"href":"https:\/\/www.nexoinformativo.mx\/index.php\/wp-json\/wp\/v2\/categories?post=12120"},{"taxonomy":"post_tag","embeddable":true,"href":"https:\/\/www.nexoinformativo.mx\/index.php\/wp-json\/wp\/v2\/tags?post=12120"}],"curies":[{"name":"wp","href":"https:\/\/api.w.org\/{rel}","templated":true}]}}