{"id":12125,"date":"2025-02-26T08:30:47","date_gmt":"2025-02-26T14:30:47","guid":{"rendered":"https:\/\/www.nexoinformativo.mx\/?p=12125"},"modified":"2025-02-26T09:49:36","modified_gmt":"2025-02-26T15:49:36","slug":"kuri-entrega-obras-de-mejoras-en-movilidad-y-servicios-en-lomas-de-casa-blanca","status":"publish","type":"post","link":"https:\/\/www.nexoinformativo.mx\/index.php\/2025\/02\/26\/kuri-entrega-obras-de-mejoras-en-movilidad-y-servicios-en-lomas-de-casa-blanca\/","title":{"rendered":"Kuri entrega obras de mejoras en movilidad y servicios en Lomas de Casa Blanca"},"content":{"rendered":"<p style=\"text-align: justify;\" data-sourcepos=\"13:1-13:270\">El gobernador Mauricio Kuri encabez\u00f3 la entrega de obras de mejoramiento de calles en la colonia Lomas de Casa Blanca, con una inversi\u00f3n estatal de 31 millones de pesos, beneficiando a 30 mil habitantes de la capital queretana.<\/p>\n<\/p>\n<p>&nbsp;<\/p>\n<p style=\"text-align: justify;\" data-sourcepos=\"15:1-15:285\">Las obras incluyeron la rehabilitaci\u00f3n de nueve mil metros cuadrados de carpeta asf\u00e1ltica, banquetas y rampas, tres mil metros cuadrados de repavimentado, se\u00f1alizaci\u00f3n horizontal y vertical, mil 500 metros lineales de drenaje sanitario y mil 200 metros lineales de red de agua potable.<\/p>\n<\/p>\n<p>&nbsp;<\/p>\n<p style=\"text-align: justify;\" data-sourcepos=\"17:1-17:362\">El secretario de Desarrollo Urbano y Obras P\u00fablicas, P\u00edo X Salgado, destac\u00f3 la inversi\u00f3n hist\u00f3rica de la administraci\u00f3n estatal en obras para el municipio de Quer\u00e9taro, con 102 obras que impactan en 81 colonias, as\u00ed como 265 acciones en equipamiento institucional, obras de justicia, seguridad, salud y educaci\u00f3n, sumando un total de nueve mil millones de pesos.<\/p>\n<\/p>\n<p>&nbsp;<\/p>\n<p style=\"text-align: justify;\" data-sourcepos=\"19:1-19:226\">El presidente municipal de Quer\u00e9taro, Felifer Mac\u00edas, reafirm\u00f3 el compromiso de trabajar en equipo con el estado y la ciudadan\u00eda, y anunci\u00f3 una inversi\u00f3n adicional de 30 millones de pesos para reforzar las acciones en la zona.<\/p>\n<\/p>\n<p>&nbsp;<\/p>\n<p style=\"text-align: center;\" data-sourcepos=\"19:1-19:226\"><em><strong>\u00a1Informaci\u00f3n que transforma!<\/strong><\/em><\/p>\n","protected":false},"excerpt":{"rendered":"<p>El gobernador Mauricio Kuri encabez\u00f3 la entrega de obras de mejoramiento de calles en la colonia Lomas de Casa Blanca, con una inversi\u00f3n estatal de 31 millones de pesos, beneficiando a 30 mil habitantes de la capital queretana.<\/p>\n","protected":false},"author":3,"featured_media":12126,"comment_status":"open","ping_status":"open","sticky":false,"template":"","format":"standard","meta":{"footnotes":""},"categories":[42,58],"tags":[692,661,3556,693],"class_list":["post-12125","post","type-post","status-publish","format-standard","has-post-thumbnail","hentry","category-estado","category-ultima-hora","tag-lomasdecasablanca","tag-mauriciokuri","tag-movilidadqro","tag-obrasqueretaro"],"yoast_head":"<!-- This site is optimized with the Yoast SEO plugin v25.0 - https:\/\/yoast.com\/wordpress\/plugins\/seo\/ -->\n<title>Kuri entrega obras de mejoras en movilidad y servicios en Lomas de Casa Blanca | Nexo Informativo Santiago de Quer\u00e9taro<\/title>\n<meta name=\"description\" content=\"Kuri entrega obras de mejoras en movilidad y servicios en Lomas de Casa Blanca\" \/>\n<meta name=\"robots\" content=\"index, follow, max-snippet:-1, max-image-preview:large, max-video-preview:-1\" \/>\n<link rel=\"canonical\" href=\"https:\/\/www.nexoinformativo.mx\/index.php\/2025\/02\/26\/kuri-entrega-obras-de-mejoras-en-movilidad-y-servicios-en-lomas-de-casa-blanca\/\" \/>\n<meta property=\"og:locale\" content=\"es_MX\" \/>\n<meta property=\"og:type\" content=\"article\" \/>\n<meta property=\"og:title\" content=\"Kuri entrega obras de mejoras en movilidad y servicios en Lomas de Casa Blanca | Nexo Informativo Santiago de Quer\u00e9taro\" \/>\n<meta property=\"og:description\" content=\"Kuri entrega obras de mejoras en movilidad y servicios en Lomas de Casa Blanca\" \/>\n<meta property=\"og:url\" content=\"https:\/\/www.nexoinformativo.mx\/index.php\/2025\/02\/26\/kuri-entrega-obras-de-mejoras-en-movilidad-y-servicios-en-lomas-de-casa-blanca\/\" \/>\n<meta property=\"og:site_name\" content=\"Nexo Informativo Santiago de Quer\u00e9taro\" \/>\n<meta property=\"article:publisher\" content=\"https:\/\/www.facebook.com\/people\/Nexo-Informativo\/61564066885511\/\" \/>\n<meta property=\"article:published_time\" content=\"2025-02-26T14:30:47+00:00\" \/>\n<meta property=\"article:modified_time\" content=\"2025-02-26T15:49:36+00:00\" \/>\n<meta property=\"og:image\" content=\"https:\/\/www.nexoinformativo.mx\/wp-content\/uploads\/2025\/02\/PHOTO-2025-02-26-08-43-36-e1740584943639.jpg\" \/>\n\t<meta property=\"og:image:width\" content=\"800\" \/>\n\t<meta property=\"og:image:height\" content=\"534\" \/>\n\t<meta property=\"og:image:type\" content=\"image\/jpeg\" \/>\n<meta name=\"author\" content=\"Nexo Informativo\" \/>\n<meta name=\"twitter:card\" content=\"summary_large_image\" \/>\n<meta name=\"twitter:label1\" content=\"Escrito por\" \/>\n\t<meta name=\"twitter:data1\" content=\"Nexo Informativo\" \/>\n\t<meta name=\"twitter:label2\" content=\"Tiempo de lectura\" \/>\n\t<meta name=\"twitter:data2\" content=\"2 minutos\" \/>\n<script type=\"application\/ld+json\" class=\"yoast-schema-graph\">{\"@context\":\"https:\/\/schema.org\",\"@graph\":[{\"@type\":\"Article\",\"@id\":\"https:\/\/www.nexoinformativo.mx\/index.php\/2025\/02\/26\/kuri-entrega-obras-de-mejoras-en-movilidad-y-servicios-en-lomas-de-casa-blanca\/#article\",\"isPartOf\":{\"@id\":\"https:\/\/www.nexoinformativo.mx\/index.php\/2025\/02\/26\/kuri-entrega-obras-de-mejoras-en-movilidad-y-servicios-en-lomas-de-casa-blanca\/\"},\"author\":{\"name\":\"Nexo Informativo\",\"@id\":\"https:\/\/www.nexoinformativo.mx\/#\/schema\/person\/7749d380ba08c8ca00d7bc76fd907b7d\"},\"headline\":\"Kuri entrega obras de mejoras en movilidad y servicios en Lomas de Casa Blanca\",\"datePublished\":\"2025-02-26T14:30:47+00:00\",\"dateModified\":\"2025-02-26T15:49:36+00:00\",\"mainEntityOfPage\":{\"@id\":\"https:\/\/www.nexoinformativo.mx\/index.php\/2025\/02\/26\/kuri-entrega-obras-de-mejoras-en-movilidad-y-servicios-en-lomas-de-casa-blanca\/\"},\"wordCount\":205,\"commentCount\":0,\"publisher\":{\"@id\":\"https:\/\/www.nexoinformativo.mx\/#organization\"},\"image\":{\"@id\":\"https:\/\/www.nexoinformativo.mx\/index.php\/2025\/02\/26\/kuri-entrega-obras-de-mejoras-en-movilidad-y-servicios-en-lomas-de-casa-blanca\/#primaryimage\"},\"thumbnailUrl\":\"https:\/\/www.nexoinformativo.mx\/wp-content\/uploads\/2025\/02\/PHOTO-2025-02-26-08-43-36-e1740584943639.jpg\",\"keywords\":[\"LomasDeCasaBlanca\",\"MauricioKuri\",\"MovilidadQro\",\"ObrasQuer\u00e9taro\"],\"articleSection\":[\"Estado\",\"\u00daltima Hora\"],\"inLanguage\":\"es\",\"potentialAction\":[{\"@type\":\"CommentAction\",\"name\":\"Comment\",\"target\":[\"https:\/\/www.nexoinformativo.mx\/index.php\/2025\/02\/26\/kuri-entrega-obras-de-mejoras-en-movilidad-y-servicios-en-lomas-de-casa-blanca\/#respond\"]}]},{\"@type\":\"WebPage\",\"@id\":\"https:\/\/www.nexoinformativo.mx\/index.php\/2025\/02\/26\/kuri-entrega-obras-de-mejoras-en-movilidad-y-servicios-en-lomas-de-casa-blanca\/\",\"url\":\"https:\/\/www.nexoinformativo.mx\/index.php\/2025\/02\/26\/kuri-entrega-obras-de-mejoras-en-movilidad-y-servicios-en-lomas-de-casa-blanca\/\",\"name\":\"Kuri entrega obras de mejoras en movilidad y servicios en Lomas de Casa Blanca | Nexo Informativo Santiago de Quer\u00e9taro\",\"isPartOf\":{\"@id\":\"https:\/\/www.nexoinformativo.mx\/#website\"},\"primaryImageOfPage\":{\"@id\":\"https:\/\/www.nexoinformativo.mx\/index.php\/2025\/02\/26\/kuri-entrega-obras-de-mejoras-en-movilidad-y-servicios-en-lomas-de-casa-blanca\/#primaryimage\"},\"image\":{\"@id\":\"https:\/\/www.nexoinformativo.mx\/index.php\/2025\/02\/26\/kuri-entrega-obras-de-mejoras-en-movilidad-y-servicios-en-lomas-de-casa-blanca\/#primaryimage\"},\"thumbnailUrl\":\"https:\/\/www.nexoinformativo.mx\/wp-content\/uploads\/2025\/02\/PHOTO-2025-02-26-08-43-36-e1740584943639.jpg\",\"datePublished\":\"2025-02-26T14:30:47+00:00\",\"dateModified\":\"2025-02-26T15:49:36+00:00\",\"description\":\"Kuri entrega obras de mejoras en movilidad y servicios en Lomas de Casa Blanca\",\"breadcrumb\":{\"@id\":\"https:\/\/www.nexoinformativo.mx\/index.php\/2025\/02\/26\/kuri-entrega-obras-de-mejoras-en-movilidad-y-servicios-en-lomas-de-casa-blanca\/#breadcrumb\"},\"inLanguage\":\"es\",\"potentialAction\":[{\"@type\":\"ReadAction\",\"target\":[\"https:\/\/www.nexoinformativo.mx\/index.php\/2025\/02\/26\/kuri-entrega-obras-de-mejoras-en-movilidad-y-servicios-en-lomas-de-casa-blanca\/\"]}]},{\"@type\":\"ImageObject\",\"inLanguage\":\"es\",\"@id\":\"https:\/\/www.nexoinformativo.mx\/index.php\/2025\/02\/26\/kuri-entrega-obras-de-mejoras-en-movilidad-y-servicios-en-lomas-de-casa-blanca\/#primaryimage\",\"url\":\"https:\/\/www.nexoinformativo.mx\/wp-content\/uploads\/2025\/02\/PHOTO-2025-02-26-08-43-36-e1740584943639.jpg\",\"contentUrl\":\"https:\/\/www.nexoinformativo.mx\/wp-content\/uploads\/2025\/02\/PHOTO-2025-02-26-08-43-36-e1740584943639.jpg\",\"width\":800,\"height\":534},{\"@type\":\"BreadcrumbList\",\"@id\":\"https:\/\/www.nexoinformativo.mx\/index.php\/2025\/02\/26\/kuri-entrega-obras-de-mejoras-en-movilidad-y-servicios-en-lomas-de-casa-blanca\/#breadcrumb\",\"itemListElement\":[{\"@type\":\"ListItem\",\"position\":1,\"name\":\"Inicio\",\"item\":\"https:\/\/www.nexoinformativo.mx\/\"},{\"@type\":\"ListItem\",\"position\":2,\"name\":\"Kuri entrega obras de mejoras en movilidad y servicios en Lomas de Casa Blanca\"}]},{\"@type\":\"WebSite\",\"@id\":\"https:\/\/www.nexoinformativo.mx\/#website\",\"url\":\"https:\/\/www.nexoinformativo.mx\/\",\"name\":\"Nexo Informativo Santiago de Quer\u00e9taro\",\"description\":\"Explora NexoInformativo y convi\u00e9rtete en parte de una comunidad que valora el conocimiento y la verdad. Tu nexoinformativo es tu puente hacia una comprensi\u00f3n m\u00e1s profunda del mundo que te rodea.\",\"publisher\":{\"@id\":\"https:\/\/www.nexoinformativo.mx\/#organization\"},\"potentialAction\":[{\"@type\":\"SearchAction\",\"target\":{\"@type\":\"EntryPoint\",\"urlTemplate\":\"https:\/\/www.nexoinformativo.mx\/?s={search_term_string}\"},\"query-input\":{\"@type\":\"PropertyValueSpecification\",\"valueRequired\":true,\"valueName\":\"search_term_string\"}}],\"inLanguage\":\"es\"},{\"@type\":\"Organization\",\"@id\":\"https:\/\/www.nexoinformativo.mx\/#organization\",\"name\":\"Nexo Informativo Santiago de Quer\u00e9taro\",\"url\":\"https:\/\/www.nexoinformativo.mx\/\",\"logo\":{\"@type\":\"ImageObject\",\"inLanguage\":\"es\",\"@id\":\"https:\/\/www.nexoinformativo.mx\/#\/schema\/logo\/image\/\",\"url\":\"https:\/\/www.nexoinformativo.mx\/wp-content\/uploads\/2024\/07\/nexoi-trasparente-2.png\",\"contentUrl\":\"https:\/\/www.nexoinformativo.mx\/wp-content\/uploads\/2024\/07\/nexoi-trasparente-2.png\",\"width\":816,\"height\":339,\"caption\":\"Nexo Informativo Santiago de Quer\u00e9taro\"},\"image\":{\"@id\":\"https:\/\/www.nexoinformativo.mx\/#\/schema\/logo\/image\/\"},\"sameAs\":[\"https:\/\/www.facebook.com\/people\/Nexo-Informativo\/61564066885511\/\"]},{\"@type\":\"Person\",\"@id\":\"https:\/\/www.nexoinformativo.mx\/#\/schema\/person\/7749d380ba08c8ca00d7bc76fd907b7d\",\"name\":\"Nexo Informativo\",\"image\":{\"@type\":\"ImageObject\",\"inLanguage\":\"es\",\"@id\":\"https:\/\/www.nexoinformativo.mx\/#\/schema\/person\/image\/\",\"url\":\"https:\/\/secure.gravatar.com\/avatar\/dde2928154642a13d95f87ddf1ea9718fe2b46760a005c53e41ff5ad610704e6?s=96&d=mm&r=g\",\"contentUrl\":\"https:\/\/secure.gravatar.com\/avatar\/dde2928154642a13d95f87ddf1ea9718fe2b46760a005c53e41ff5ad610704e6?s=96&d=mm&r=g\",\"caption\":\"Nexo Informativo\"},\"url\":\"https:\/\/www.nexoinformativo.mx\/index.php\/author\/edicion\/\"}]}<\/script>\n<!-- \/ Yoast SEO plugin. -->","yoast_head_json":{"title":"Kuri entrega obras de mejoras en movilidad y servicios en Lomas de Casa Blanca | Nexo Informativo Santiago de Quer\u00e9taro","description":"Kuri entrega obras de mejoras en movilidad y servicios en Lomas de Casa Blanca","robots":{"index":"index","follow":"follow","max-snippet":"max-snippet:-1","max-image-preview":"max-image-preview:large","max-video-preview":"max-video-preview:-1"},"canonical":"https:\/\/www.nexoinformativo.mx\/index.php\/2025\/02\/26\/kuri-entrega-obras-de-mejoras-en-movilidad-y-servicios-en-lomas-de-casa-blanca\/","og_locale":"es_MX","og_type":"article","og_title":"Kuri entrega obras de mejoras en movilidad y servicios en Lomas de Casa Blanca | Nexo Informativo Santiago de Quer\u00e9taro","og_description":"Kuri entrega obras de mejoras en movilidad y servicios en Lomas de Casa Blanca","og_url":"https:\/\/www.nexoinformativo.mx\/index.php\/2025\/02\/26\/kuri-entrega-obras-de-mejoras-en-movilidad-y-servicios-en-lomas-de-casa-blanca\/","og_site_name":"Nexo Informativo Santiago de Quer\u00e9taro","article_publisher":"https:\/\/www.facebook.com\/people\/Nexo-Informativo\/61564066885511\/","article_published_time":"2025-02-26T14:30:47+00:00","article_modified_time":"2025-02-26T15:49:36+00:00","og_image":[{"width":800,"height":534,"url":"https:\/\/www.nexoinformativo.mx\/wp-content\/uploads\/2025\/02\/PHOTO-2025-02-26-08-43-36-e1740584943639.jpg","type":"image\/jpeg"}],"author":"Nexo Informativo","twitter_card":"summary_large_image","twitter_misc":{"Escrito por":"Nexo Informativo","Tiempo de lectura":"2 minutos"},"schema":{"@context":"https:\/\/schema.org","@graph":[{"@type":"Article","@id":"https:\/\/www.nexoinformativo.mx\/index.php\/2025\/02\/26\/kuri-entrega-obras-de-mejoras-en-movilidad-y-servicios-en-lomas-de-casa-blanca\/#article","isPartOf":{"@id":"https:\/\/www.nexoinformativo.mx\/index.php\/2025\/02\/26\/kuri-entrega-obras-de-mejoras-en-movilidad-y-servicios-en-lomas-de-casa-blanca\/"},"author":{"name":"Nexo Informativo","@id":"https:\/\/www.nexoinformativo.mx\/#\/schema\/person\/7749d380ba08c8ca00d7bc76fd907b7d"},"headline":"Kuri entrega obras de mejoras en movilidad y servicios en Lomas de Casa Blanca","datePublished":"2025-02-26T14:30:47+00:00","dateModified":"2025-02-26T15:49:36+00:00","mainEntityOfPage":{"@id":"https:\/\/www.nexoinformativo.mx\/index.php\/2025\/02\/26\/kuri-entrega-obras-de-mejoras-en-movilidad-y-servicios-en-lomas-de-casa-blanca\/"},"wordCount":205,"commentCount":0,"publisher":{"@id":"https:\/\/www.nexoinformativo.mx\/#organization"},"image":{"@id":"https:\/\/www.nexoinformativo.mx\/index.php\/2025\/02\/26\/kuri-entrega-obras-de-mejoras-en-movilidad-y-servicios-en-lomas-de-casa-blanca\/#primaryimage"},"thumbnailUrl":"https:\/\/www.nexoinformativo.mx\/wp-content\/uploads\/2025\/02\/PHOTO-2025-02-26-08-43-36-e1740584943639.jpg","keywords":["LomasDeCasaBlanca","MauricioKuri","MovilidadQro","ObrasQuer\u00e9taro"],"articleSection":["Estado","\u00daltima Hora"],"inLanguage":"es","potentialAction":[{"@type":"CommentAction","name":"Comment","target":["https:\/\/www.nexoinformativo.mx\/index.php\/2025\/02\/26\/kuri-entrega-obras-de-mejoras-en-movilidad-y-servicios-en-lomas-de-casa-blanca\/#respond"]}]},{"@type":"WebPage","@id":"https:\/\/www.nexoinformativo.mx\/index.php\/2025\/02\/26\/kuri-entrega-obras-de-mejoras-en-movilidad-y-servicios-en-lomas-de-casa-blanca\/","url":"https:\/\/www.nexoinformativo.mx\/index.php\/2025\/02\/26\/kuri-entrega-obras-de-mejoras-en-movilidad-y-servicios-en-lomas-de-casa-blanca\/","name":"Kuri entrega obras de mejoras en movilidad y servicios en Lomas de Casa Blanca | Nexo Informativo Santiago de Quer\u00e9taro","isPartOf":{"@id":"https:\/\/www.nexoinformativo.mx\/#website"},"primaryImageOfPage":{"@id":"https:\/\/www.nexoinformativo.mx\/index.php\/2025\/02\/26\/kuri-entrega-obras-de-mejoras-en-movilidad-y-servicios-en-lomas-de-casa-blanca\/#primaryimage"},"image":{"@id":"https:\/\/www.nexoinformativo.mx\/index.php\/2025\/02\/26\/kuri-entrega-obras-de-mejoras-en-movilidad-y-servicios-en-lomas-de-casa-blanca\/#primaryimage"},"thumbnailUrl":"https:\/\/www.nexoinformativo.mx\/wp-content\/uploads\/2025\/02\/PHOTO-2025-02-26-08-43-36-e1740584943639.jpg","datePublished":"2025-02-26T14:30:47+00:00","dateModified":"2025-02-26T15:49:36+00:00","description":"Kuri entrega obras de mejoras en movilidad y servicios en Lomas de Casa Blanca","breadcrumb":{"@id":"https:\/\/www.nexoinformativo.mx\/index.php\/2025\/02\/26\/kuri-entrega-obras-de-mejoras-en-movilidad-y-servicios-en-lomas-de-casa-blanca\/#breadcrumb"},"inLanguage":"es","potentialAction":[{"@type":"ReadAction","target":["https:\/\/www.nexoinformativo.mx\/index.php\/2025\/02\/26\/kuri-entrega-obras-de-mejoras-en-movilidad-y-servicios-en-lomas-de-casa-blanca\/"]}]},{"@type":"ImageObject","inLanguage":"es","@id":"https:\/\/www.nexoinformativo.mx\/index.php\/2025\/02\/26\/kuri-entrega-obras-de-mejoras-en-movilidad-y-servicios-en-lomas-de-casa-blanca\/#primaryimage","url":"https:\/\/www.nexoinformativo.mx\/wp-content\/uploads\/2025\/02\/PHOTO-2025-02-26-08-43-36-e1740584943639.jpg","contentUrl":"https:\/\/www.nexoinformativo.mx\/wp-content\/uploads\/2025\/02\/PHOTO-2025-02-26-08-43-36-e1740584943639.jpg","width":800,"height":534},{"@type":"BreadcrumbList","@id":"https:\/\/www.nexoinformativo.mx\/index.php\/2025\/02\/26\/kuri-entrega-obras-de-mejoras-en-movilidad-y-servicios-en-lomas-de-casa-blanca\/#breadcrumb","itemListElement":[{"@type":"ListItem","position":1,"name":"Inicio","item":"https:\/\/www.nexoinformativo.mx\/"},{"@type":"ListItem","position":2,"name":"Kuri entrega obras de mejoras en movilidad y servicios en Lomas de Casa Blanca"}]},{"@type":"WebSite","@id":"https:\/\/www.nexoinformativo.mx\/#website","url":"https:\/\/www.nexoinformativo.mx\/","name":"Nexo Informativo Santiago de Quer\u00e9taro","description":"Explora NexoInformativo y convi\u00e9rtete en parte de una comunidad que valora el conocimiento y la verdad. Tu nexoinformativo es tu puente hacia una comprensi\u00f3n m\u00e1s profunda del mundo que te rodea.","publisher":{"@id":"https:\/\/www.nexoinformativo.mx\/#organization"},"potentialAction":[{"@type":"SearchAction","target":{"@type":"EntryPoint","urlTemplate":"https:\/\/www.nexoinformativo.mx\/?s={search_term_string}"},"query-input":{"@type":"PropertyValueSpecification","valueRequired":true,"valueName":"search_term_string"}}],"inLanguage":"es"},{"@type":"Organization","@id":"https:\/\/www.nexoinformativo.mx\/#organization","name":"Nexo Informativo Santiago de Quer\u00e9taro","url":"https:\/\/www.nexoinformativo.mx\/","logo":{"@type":"ImageObject","inLanguage":"es","@id":"https:\/\/www.nexoinformativo.mx\/#\/schema\/logo\/image\/","url":"https:\/\/www.nexoinformativo.mx\/wp-content\/uploads\/2024\/07\/nexoi-trasparente-2.png","contentUrl":"https:\/\/www.nexoinformativo.mx\/wp-content\/uploads\/2024\/07\/nexoi-trasparente-2.png","width":816,"height":339,"caption":"Nexo Informativo Santiago de Quer\u00e9taro"},"image":{"@id":"https:\/\/www.nexoinformativo.mx\/#\/schema\/logo\/image\/"},"sameAs":["https:\/\/www.facebook.com\/people\/Nexo-Informativo\/61564066885511\/"]},{"@type":"Person","@id":"https:\/\/www.nexoinformativo.mx\/#\/schema\/person\/7749d380ba08c8ca00d7bc76fd907b7d","name":"Nexo Informativo","image":{"@type":"ImageObject","inLanguage":"es","@id":"https:\/\/www.nexoinformativo.mx\/#\/schema\/person\/image\/","url":"https:\/\/secure.gravatar.com\/avatar\/dde2928154642a13d95f87ddf1ea9718fe2b46760a005c53e41ff5ad610704e6?s=96&d=mm&r=g","contentUrl":"https:\/\/secure.gravatar.com\/avatar\/dde2928154642a13d95f87ddf1ea9718fe2b46760a005c53e41ff5ad610704e6?s=96&d=mm&r=g","caption":"Nexo Informativo"},"url":"https:\/\/www.nexoinformativo.mx\/index.php\/author\/edicion\/"}]}},"_links":{"self":[{"href":"https:\/\/www.nexoinformativo.mx\/index.php\/wp-json\/wp\/v2\/posts\/12125","targetHints":{"allow":["GET"]}}],"collection":[{"href":"https:\/\/www.nexoinformativo.mx\/index.php\/wp-json\/wp\/v2\/posts"}],"about":[{"href":"https:\/\/www.nexoinformativo.mx\/index.php\/wp-json\/wp\/v2\/types\/post"}],"author":[{"embeddable":true,"href":"https:\/\/www.nexoinformativo.mx\/index.php\/wp-json\/wp\/v2\/users\/3"}],"replies":[{"embeddable":true,"href":"https:\/\/www.nexoinformativo.mx\/index.php\/wp-json\/wp\/v2\/comments?post=12125"}],"version-history":[{"count":3,"href":"https:\/\/www.nexoinformativo.mx\/index.php\/wp-json\/wp\/v2\/posts\/12125\/revisions"}],"predecessor-version":[{"id":12129,"href":"https:\/\/www.nexoinformativo.mx\/index.php\/wp-json\/wp\/v2\/posts\/12125\/revisions\/12129"}],"wp:featuredmedia":[{"embeddable":true,"href":"https:\/\/www.nexoinformativo.mx\/index.php\/wp-json\/wp\/v2\/media\/12126"}],"wp:attachment":[{"href":"https:\/\/www.nexoinformativo.mx\/index.php\/wp-json\/wp\/v2\/media?parent=12125"}],"wp:term":[{"taxonomy":"category","embeddable":true,"href":"https:\/\/www.nexoinformativo.mx\/index.php\/wp-json\/wp\/v2\/categories?post=12125"},{"taxonomy":"post_tag","embeddable":true,"href":"https:\/\/www.nexoinformativo.mx\/index.php\/wp-json\/wp\/v2\/tags?post=12125"}],"curies":[{"name":"wp","href":"https:\/\/api.w.org\/{rel}","templated":true}]}}