{"id":12131,"date":"2025-02-26T09:00:26","date_gmt":"2025-02-26T15:00:26","guid":{"rendered":"https:\/\/www.nexoinformativo.mx\/?p=12131"},"modified":"2025-02-26T10:15:53","modified_gmt":"2025-02-26T16:15:53","slug":"tras-las-rejas-vinculan-a-proceso-a-ladron-de-parroquia-en-juriquilla","status":"publish","type":"post","link":"https:\/\/www.nexoinformativo.mx\/index.php\/2025\/02\/26\/tras-las-rejas-vinculan-a-proceso-a-ladron-de-parroquia-en-juriquilla\/","title":{"rendered":"Tras las rejas vinculan a proceso a ladr\u00f3n de parroquia en Juriquilla"},"content":{"rendered":"<p style=\"text-align: justify;\" data-sourcepos=\"13:1-13:278\">La Fiscal\u00eda General del Estado de Quer\u00e9taro ha logrado la vinculaci\u00f3n a proceso de un individuo por el delito de robo, tras un incidente ocurrido el pasado 13 de febrero en una parroquia ubicada en la colonia Juriquilla, municipio de Quer\u00e9taro.<\/p>\n<p>&nbsp;<\/p>\n<p style=\"text-align: justify;\" data-sourcepos=\"15:1-15:256\">Las investigaciones, que incluyeron el an\u00e1lisis de registros digitales, permitieron identificar al presunto responsable. Con esta evidencia, se obtuvo una orden de aprehensi\u00f3n que fue ejecutada por elementos de la Polic\u00eda de Investigaci\u00f3n del Delito (PID).<\/p>\n<p>&nbsp;<\/p>\n<p style=\"text-align: justify;\" data-sourcepos=\"17:1-17:260\">Durante la audiencia inicial, el juez de control determin\u00f3 la prisi\u00f3n preventiva justificada como medida cautelar y estableci\u00f3 un plazo de dos meses para la investigaci\u00f3n complementaria, con el fin de recabar m\u00e1s pruebas para esclarecer completamente el hecho.<\/p>\n<p>&nbsp;<\/p>\n<p style=\"text-align: center;\" data-sourcepos=\"17:1-17:260\"><em><strong>\u00a1Informaci\u00f3n que transforma!<\/strong><\/em><\/p>\n","protected":false},"excerpt":{"rendered":"<p>La Fiscal\u00eda General del Estado de Quer\u00e9taro ha logrado la vinculaci\u00f3n a proceso de un individuo por el delito de robo, tras un incidente ocurrido el pasado 13 de febrero en una parroquia ubicada en la colonia Juriquilla, municipio de Quer\u00e9taro.<\/p>\n","protected":false},"author":3,"featured_media":12135,"comment_status":"open","ping_status":"open","sticky":false,"template":"","format":"standard","meta":{"footnotes":""},"categories":[137,58],"tags":[2822,3558,3557,266],"class_list":["post-12131","post","type-post","status-publish","format-standard","has-post-thumbnail","hentry","category-sucesos","category-ultima-hora","tag-fiscaliaqro","tag-justiciaqro","tag-roboparroquia","tag-seguridadqueretaro"],"yoast_head":"<!-- This site is optimized with the Yoast SEO plugin v25.0 - https:\/\/yoast.com\/wordpress\/plugins\/seo\/ -->\n<title>Tras las rejas vinculan a proceso a ladr\u00f3n de parroquia en Juriquilla | Nexo Informativo Santiago de Quer\u00e9taro<\/title>\n<meta name=\"description\" content=\"Tras las rejas vinculan a proceso a ladr\u00f3n de parroquia en Juriquilla\" \/>\n<meta name=\"robots\" content=\"index, follow, max-snippet:-1, max-image-preview:large, max-video-preview:-1\" \/>\n<link rel=\"canonical\" href=\"https:\/\/www.nexoinformativo.mx\/index.php\/2025\/02\/26\/tras-las-rejas-vinculan-a-proceso-a-ladron-de-parroquia-en-juriquilla\/\" \/>\n<meta property=\"og:locale\" content=\"es_MX\" \/>\n<meta property=\"og:type\" content=\"article\" \/>\n<meta property=\"og:title\" content=\"Tras las rejas vinculan a proceso a ladr\u00f3n de parroquia en Juriquilla | Nexo Informativo Santiago de Quer\u00e9taro\" \/>\n<meta property=\"og:description\" content=\"Tras las rejas vinculan a proceso a ladr\u00f3n de parroquia en Juriquilla\" \/>\n<meta property=\"og:url\" content=\"https:\/\/www.nexoinformativo.mx\/index.php\/2025\/02\/26\/tras-las-rejas-vinculan-a-proceso-a-ladron-de-parroquia-en-juriquilla\/\" \/>\n<meta property=\"og:site_name\" content=\"Nexo Informativo Santiago de Quer\u00e9taro\" \/>\n<meta property=\"article:publisher\" content=\"https:\/\/www.facebook.com\/people\/Nexo-Informativo\/61564066885511\/\" \/>\n<meta property=\"article:published_time\" content=\"2025-02-26T15:00:26+00:00\" \/>\n<meta property=\"article:modified_time\" content=\"2025-02-26T16:15:53+00:00\" \/>\n<meta property=\"og:image\" content=\"https:\/\/www.nexoinformativo.mx\/wp-content\/uploads\/2025\/02\/PHOTO-2025-02-26-09-26-56-e1740586546905.jpg\" \/>\n\t<meta property=\"og:image:width\" content=\"800\" \/>\n\t<meta property=\"og:image:height\" content=\"504\" \/>\n\t<meta property=\"og:image:type\" content=\"image\/jpeg\" \/>\n<meta name=\"author\" content=\"Nexo Informativo\" \/>\n<meta name=\"twitter:card\" content=\"summary_large_image\" \/>\n<meta name=\"twitter:label1\" content=\"Escrito por\" \/>\n\t<meta name=\"twitter:data1\" content=\"Nexo Informativo\" \/>\n\t<meta name=\"twitter:label2\" content=\"Tiempo de lectura\" \/>\n\t<meta name=\"twitter:data2\" content=\"1 minuto\" \/>\n<script type=\"application\/ld+json\" class=\"yoast-schema-graph\">{\"@context\":\"https:\/\/schema.org\",\"@graph\":[{\"@type\":\"Article\",\"@id\":\"https:\/\/www.nexoinformativo.mx\/index.php\/2025\/02\/26\/tras-las-rejas-vinculan-a-proceso-a-ladron-de-parroquia-en-juriquilla\/#article\",\"isPartOf\":{\"@id\":\"https:\/\/www.nexoinformativo.mx\/index.php\/2025\/02\/26\/tras-las-rejas-vinculan-a-proceso-a-ladron-de-parroquia-en-juriquilla\/\"},\"author\":{\"name\":\"Nexo Informativo\",\"@id\":\"https:\/\/www.nexoinformativo.mx\/#\/schema\/person\/7749d380ba08c8ca00d7bc76fd907b7d\"},\"headline\":\"Tras las rejas vinculan a proceso a ladr\u00f3n de parroquia en Juriquilla\",\"datePublished\":\"2025-02-26T15:00:26+00:00\",\"dateModified\":\"2025-02-26T16:15:53+00:00\",\"mainEntityOfPage\":{\"@id\":\"https:\/\/www.nexoinformativo.mx\/index.php\/2025\/02\/26\/tras-las-rejas-vinculan-a-proceso-a-ladron-de-parroquia-en-juriquilla\/\"},\"wordCount\":146,\"commentCount\":0,\"publisher\":{\"@id\":\"https:\/\/www.nexoinformativo.mx\/#organization\"},\"image\":{\"@id\":\"https:\/\/www.nexoinformativo.mx\/index.php\/2025\/02\/26\/tras-las-rejas-vinculan-a-proceso-a-ladron-de-parroquia-en-juriquilla\/#primaryimage\"},\"thumbnailUrl\":\"https:\/\/www.nexoinformativo.mx\/wp-content\/uploads\/2025\/02\/PHOTO-2025-02-26-09-26-56-e1740586546905.jpg\",\"keywords\":[\"Fiscal\u00edaQro\",\"JusticiaQro\",\"RoboParroquia\",\"SeguridadQueretaro\"],\"articleSection\":[\"Sucesos\",\"\u00daltima Hora\"],\"inLanguage\":\"es\",\"potentialAction\":[{\"@type\":\"CommentAction\",\"name\":\"Comment\",\"target\":[\"https:\/\/www.nexoinformativo.mx\/index.php\/2025\/02\/26\/tras-las-rejas-vinculan-a-proceso-a-ladron-de-parroquia-en-juriquilla\/#respond\"]}]},{\"@type\":\"WebPage\",\"@id\":\"https:\/\/www.nexoinformativo.mx\/index.php\/2025\/02\/26\/tras-las-rejas-vinculan-a-proceso-a-ladron-de-parroquia-en-juriquilla\/\",\"url\":\"https:\/\/www.nexoinformativo.mx\/index.php\/2025\/02\/26\/tras-las-rejas-vinculan-a-proceso-a-ladron-de-parroquia-en-juriquilla\/\",\"name\":\"Tras las rejas vinculan a proceso a ladr\u00f3n de parroquia en Juriquilla | Nexo Informativo Santiago de Quer\u00e9taro\",\"isPartOf\":{\"@id\":\"https:\/\/www.nexoinformativo.mx\/#website\"},\"primaryImageOfPage\":{\"@id\":\"https:\/\/www.nexoinformativo.mx\/index.php\/2025\/02\/26\/tras-las-rejas-vinculan-a-proceso-a-ladron-de-parroquia-en-juriquilla\/#primaryimage\"},\"image\":{\"@id\":\"https:\/\/www.nexoinformativo.mx\/index.php\/2025\/02\/26\/tras-las-rejas-vinculan-a-proceso-a-ladron-de-parroquia-en-juriquilla\/#primaryimage\"},\"thumbnailUrl\":\"https:\/\/www.nexoinformativo.mx\/wp-content\/uploads\/2025\/02\/PHOTO-2025-02-26-09-26-56-e1740586546905.jpg\",\"datePublished\":\"2025-02-26T15:00:26+00:00\",\"dateModified\":\"2025-02-26T16:15:53+00:00\",\"description\":\"Tras las rejas vinculan a proceso a ladr\u00f3n de parroquia en Juriquilla\",\"breadcrumb\":{\"@id\":\"https:\/\/www.nexoinformativo.mx\/index.php\/2025\/02\/26\/tras-las-rejas-vinculan-a-proceso-a-ladron-de-parroquia-en-juriquilla\/#breadcrumb\"},\"inLanguage\":\"es\",\"potentialAction\":[{\"@type\":\"ReadAction\",\"target\":[\"https:\/\/www.nexoinformativo.mx\/index.php\/2025\/02\/26\/tras-las-rejas-vinculan-a-proceso-a-ladron-de-parroquia-en-juriquilla\/\"]}]},{\"@type\":\"ImageObject\",\"inLanguage\":\"es\",\"@id\":\"https:\/\/www.nexoinformativo.mx\/index.php\/2025\/02\/26\/tras-las-rejas-vinculan-a-proceso-a-ladron-de-parroquia-en-juriquilla\/#primaryimage\",\"url\":\"https:\/\/www.nexoinformativo.mx\/wp-content\/uploads\/2025\/02\/PHOTO-2025-02-26-09-26-56-e1740586546905.jpg\",\"contentUrl\":\"https:\/\/www.nexoinformativo.mx\/wp-content\/uploads\/2025\/02\/PHOTO-2025-02-26-09-26-56-e1740586546905.jpg\",\"width\":800,\"height\":504},{\"@type\":\"BreadcrumbList\",\"@id\":\"https:\/\/www.nexoinformativo.mx\/index.php\/2025\/02\/26\/tras-las-rejas-vinculan-a-proceso-a-ladron-de-parroquia-en-juriquilla\/#breadcrumb\",\"itemListElement\":[{\"@type\":\"ListItem\",\"position\":1,\"name\":\"Inicio\",\"item\":\"https:\/\/www.nexoinformativo.mx\/\"},{\"@type\":\"ListItem\",\"position\":2,\"name\":\"Tras las rejas vinculan a proceso a ladr\u00f3n de parroquia en Juriquilla\"}]},{\"@type\":\"WebSite\",\"@id\":\"https:\/\/www.nexoinformativo.mx\/#website\",\"url\":\"https:\/\/www.nexoinformativo.mx\/\",\"name\":\"Nexo Informativo Santiago de Quer\u00e9taro\",\"description\":\"Explora NexoInformativo y convi\u00e9rtete en parte de una comunidad que valora el conocimiento y la verdad. Tu nexoinformativo es tu puente hacia una comprensi\u00f3n m\u00e1s profunda del mundo que te rodea.\",\"publisher\":{\"@id\":\"https:\/\/www.nexoinformativo.mx\/#organization\"},\"potentialAction\":[{\"@type\":\"SearchAction\",\"target\":{\"@type\":\"EntryPoint\",\"urlTemplate\":\"https:\/\/www.nexoinformativo.mx\/?s={search_term_string}\"},\"query-input\":{\"@type\":\"PropertyValueSpecification\",\"valueRequired\":true,\"valueName\":\"search_term_string\"}}],\"inLanguage\":\"es\"},{\"@type\":\"Organization\",\"@id\":\"https:\/\/www.nexoinformativo.mx\/#organization\",\"name\":\"Nexo Informativo Santiago de Quer\u00e9taro\",\"url\":\"https:\/\/www.nexoinformativo.mx\/\",\"logo\":{\"@type\":\"ImageObject\",\"inLanguage\":\"es\",\"@id\":\"https:\/\/www.nexoinformativo.mx\/#\/schema\/logo\/image\/\",\"url\":\"https:\/\/www.nexoinformativo.mx\/wp-content\/uploads\/2024\/07\/nexoi-trasparente-2.png\",\"contentUrl\":\"https:\/\/www.nexoinformativo.mx\/wp-content\/uploads\/2024\/07\/nexoi-trasparente-2.png\",\"width\":816,\"height\":339,\"caption\":\"Nexo Informativo Santiago de Quer\u00e9taro\"},\"image\":{\"@id\":\"https:\/\/www.nexoinformativo.mx\/#\/schema\/logo\/image\/\"},\"sameAs\":[\"https:\/\/www.facebook.com\/people\/Nexo-Informativo\/61564066885511\/\"]},{\"@type\":\"Person\",\"@id\":\"https:\/\/www.nexoinformativo.mx\/#\/schema\/person\/7749d380ba08c8ca00d7bc76fd907b7d\",\"name\":\"Nexo Informativo\",\"image\":{\"@type\":\"ImageObject\",\"inLanguage\":\"es\",\"@id\":\"https:\/\/www.nexoinformativo.mx\/#\/schema\/person\/image\/\",\"url\":\"https:\/\/secure.gravatar.com\/avatar\/dde2928154642a13d95f87ddf1ea9718fe2b46760a005c53e41ff5ad610704e6?s=96&d=mm&r=g\",\"contentUrl\":\"https:\/\/secure.gravatar.com\/avatar\/dde2928154642a13d95f87ddf1ea9718fe2b46760a005c53e41ff5ad610704e6?s=96&d=mm&r=g\",\"caption\":\"Nexo Informativo\"},\"url\":\"https:\/\/www.nexoinformativo.mx\/index.php\/author\/edicion\/\"}]}<\/script>\n<!-- \/ Yoast SEO plugin. -->","yoast_head_json":{"title":"Tras las rejas vinculan a proceso a ladr\u00f3n de parroquia en Juriquilla | Nexo Informativo Santiago de Quer\u00e9taro","description":"Tras las rejas vinculan a proceso a ladr\u00f3n de parroquia en Juriquilla","robots":{"index":"index","follow":"follow","max-snippet":"max-snippet:-1","max-image-preview":"max-image-preview:large","max-video-preview":"max-video-preview:-1"},"canonical":"https:\/\/www.nexoinformativo.mx\/index.php\/2025\/02\/26\/tras-las-rejas-vinculan-a-proceso-a-ladron-de-parroquia-en-juriquilla\/","og_locale":"es_MX","og_type":"article","og_title":"Tras las rejas vinculan a proceso a ladr\u00f3n de parroquia en Juriquilla | Nexo Informativo Santiago de Quer\u00e9taro","og_description":"Tras las rejas vinculan a proceso a ladr\u00f3n de parroquia en Juriquilla","og_url":"https:\/\/www.nexoinformativo.mx\/index.php\/2025\/02\/26\/tras-las-rejas-vinculan-a-proceso-a-ladron-de-parroquia-en-juriquilla\/","og_site_name":"Nexo Informativo Santiago de Quer\u00e9taro","article_publisher":"https:\/\/www.facebook.com\/people\/Nexo-Informativo\/61564066885511\/","article_published_time":"2025-02-26T15:00:26+00:00","article_modified_time":"2025-02-26T16:15:53+00:00","og_image":[{"width":800,"height":504,"url":"https:\/\/www.nexoinformativo.mx\/wp-content\/uploads\/2025\/02\/PHOTO-2025-02-26-09-26-56-e1740586546905.jpg","type":"image\/jpeg"}],"author":"Nexo Informativo","twitter_card":"summary_large_image","twitter_misc":{"Escrito por":"Nexo Informativo","Tiempo de lectura":"1 minuto"},"schema":{"@context":"https:\/\/schema.org","@graph":[{"@type":"Article","@id":"https:\/\/www.nexoinformativo.mx\/index.php\/2025\/02\/26\/tras-las-rejas-vinculan-a-proceso-a-ladron-de-parroquia-en-juriquilla\/#article","isPartOf":{"@id":"https:\/\/www.nexoinformativo.mx\/index.php\/2025\/02\/26\/tras-las-rejas-vinculan-a-proceso-a-ladron-de-parroquia-en-juriquilla\/"},"author":{"name":"Nexo Informativo","@id":"https:\/\/www.nexoinformativo.mx\/#\/schema\/person\/7749d380ba08c8ca00d7bc76fd907b7d"},"headline":"Tras las rejas vinculan a proceso a ladr\u00f3n de parroquia en Juriquilla","datePublished":"2025-02-26T15:00:26+00:00","dateModified":"2025-02-26T16:15:53+00:00","mainEntityOfPage":{"@id":"https:\/\/www.nexoinformativo.mx\/index.php\/2025\/02\/26\/tras-las-rejas-vinculan-a-proceso-a-ladron-de-parroquia-en-juriquilla\/"},"wordCount":146,"commentCount":0,"publisher":{"@id":"https:\/\/www.nexoinformativo.mx\/#organization"},"image":{"@id":"https:\/\/www.nexoinformativo.mx\/index.php\/2025\/02\/26\/tras-las-rejas-vinculan-a-proceso-a-ladron-de-parroquia-en-juriquilla\/#primaryimage"},"thumbnailUrl":"https:\/\/www.nexoinformativo.mx\/wp-content\/uploads\/2025\/02\/PHOTO-2025-02-26-09-26-56-e1740586546905.jpg","keywords":["Fiscal\u00edaQro","JusticiaQro","RoboParroquia","SeguridadQueretaro"],"articleSection":["Sucesos","\u00daltima Hora"],"inLanguage":"es","potentialAction":[{"@type":"CommentAction","name":"Comment","target":["https:\/\/www.nexoinformativo.mx\/index.php\/2025\/02\/26\/tras-las-rejas-vinculan-a-proceso-a-ladron-de-parroquia-en-juriquilla\/#respond"]}]},{"@type":"WebPage","@id":"https:\/\/www.nexoinformativo.mx\/index.php\/2025\/02\/26\/tras-las-rejas-vinculan-a-proceso-a-ladron-de-parroquia-en-juriquilla\/","url":"https:\/\/www.nexoinformativo.mx\/index.php\/2025\/02\/26\/tras-las-rejas-vinculan-a-proceso-a-ladron-de-parroquia-en-juriquilla\/","name":"Tras las rejas vinculan a proceso a ladr\u00f3n de parroquia en Juriquilla | Nexo Informativo Santiago de Quer\u00e9taro","isPartOf":{"@id":"https:\/\/www.nexoinformativo.mx\/#website"},"primaryImageOfPage":{"@id":"https:\/\/www.nexoinformativo.mx\/index.php\/2025\/02\/26\/tras-las-rejas-vinculan-a-proceso-a-ladron-de-parroquia-en-juriquilla\/#primaryimage"},"image":{"@id":"https:\/\/www.nexoinformativo.mx\/index.php\/2025\/02\/26\/tras-las-rejas-vinculan-a-proceso-a-ladron-de-parroquia-en-juriquilla\/#primaryimage"},"thumbnailUrl":"https:\/\/www.nexoinformativo.mx\/wp-content\/uploads\/2025\/02\/PHOTO-2025-02-26-09-26-56-e1740586546905.jpg","datePublished":"2025-02-26T15:00:26+00:00","dateModified":"2025-02-26T16:15:53+00:00","description":"Tras las rejas vinculan a proceso a ladr\u00f3n de parroquia en Juriquilla","breadcrumb":{"@id":"https:\/\/www.nexoinformativo.mx\/index.php\/2025\/02\/26\/tras-las-rejas-vinculan-a-proceso-a-ladron-de-parroquia-en-juriquilla\/#breadcrumb"},"inLanguage":"es","potentialAction":[{"@type":"ReadAction","target":["https:\/\/www.nexoinformativo.mx\/index.php\/2025\/02\/26\/tras-las-rejas-vinculan-a-proceso-a-ladron-de-parroquia-en-juriquilla\/"]}]},{"@type":"ImageObject","inLanguage":"es","@id":"https:\/\/www.nexoinformativo.mx\/index.php\/2025\/02\/26\/tras-las-rejas-vinculan-a-proceso-a-ladron-de-parroquia-en-juriquilla\/#primaryimage","url":"https:\/\/www.nexoinformativo.mx\/wp-content\/uploads\/2025\/02\/PHOTO-2025-02-26-09-26-56-e1740586546905.jpg","contentUrl":"https:\/\/www.nexoinformativo.mx\/wp-content\/uploads\/2025\/02\/PHOTO-2025-02-26-09-26-56-e1740586546905.jpg","width":800,"height":504},{"@type":"BreadcrumbList","@id":"https:\/\/www.nexoinformativo.mx\/index.php\/2025\/02\/26\/tras-las-rejas-vinculan-a-proceso-a-ladron-de-parroquia-en-juriquilla\/#breadcrumb","itemListElement":[{"@type":"ListItem","position":1,"name":"Inicio","item":"https:\/\/www.nexoinformativo.mx\/"},{"@type":"ListItem","position":2,"name":"Tras las rejas vinculan a proceso a ladr\u00f3n de parroquia en Juriquilla"}]},{"@type":"WebSite","@id":"https:\/\/www.nexoinformativo.mx\/#website","url":"https:\/\/www.nexoinformativo.mx\/","name":"Nexo Informativo Santiago de Quer\u00e9taro","description":"Explora NexoInformativo y convi\u00e9rtete en parte de una comunidad que valora el conocimiento y la verdad. Tu nexoinformativo es tu puente hacia una comprensi\u00f3n m\u00e1s profunda del mundo que te rodea.","publisher":{"@id":"https:\/\/www.nexoinformativo.mx\/#organization"},"potentialAction":[{"@type":"SearchAction","target":{"@type":"EntryPoint","urlTemplate":"https:\/\/www.nexoinformativo.mx\/?s={search_term_string}"},"query-input":{"@type":"PropertyValueSpecification","valueRequired":true,"valueName":"search_term_string"}}],"inLanguage":"es"},{"@type":"Organization","@id":"https:\/\/www.nexoinformativo.mx\/#organization","name":"Nexo Informativo Santiago de Quer\u00e9taro","url":"https:\/\/www.nexoinformativo.mx\/","logo":{"@type":"ImageObject","inLanguage":"es","@id":"https:\/\/www.nexoinformativo.mx\/#\/schema\/logo\/image\/","url":"https:\/\/www.nexoinformativo.mx\/wp-content\/uploads\/2024\/07\/nexoi-trasparente-2.png","contentUrl":"https:\/\/www.nexoinformativo.mx\/wp-content\/uploads\/2024\/07\/nexoi-trasparente-2.png","width":816,"height":339,"caption":"Nexo Informativo Santiago de Quer\u00e9taro"},"image":{"@id":"https:\/\/www.nexoinformativo.mx\/#\/schema\/logo\/image\/"},"sameAs":["https:\/\/www.facebook.com\/people\/Nexo-Informativo\/61564066885511\/"]},{"@type":"Person","@id":"https:\/\/www.nexoinformativo.mx\/#\/schema\/person\/7749d380ba08c8ca00d7bc76fd907b7d","name":"Nexo Informativo","image":{"@type":"ImageObject","inLanguage":"es","@id":"https:\/\/www.nexoinformativo.mx\/#\/schema\/person\/image\/","url":"https:\/\/secure.gravatar.com\/avatar\/dde2928154642a13d95f87ddf1ea9718fe2b46760a005c53e41ff5ad610704e6?s=96&d=mm&r=g","contentUrl":"https:\/\/secure.gravatar.com\/avatar\/dde2928154642a13d95f87ddf1ea9718fe2b46760a005c53e41ff5ad610704e6?s=96&d=mm&r=g","caption":"Nexo Informativo"},"url":"https:\/\/www.nexoinformativo.mx\/index.php\/author\/edicion\/"}]}},"_links":{"self":[{"href":"https:\/\/www.nexoinformativo.mx\/index.php\/wp-json\/wp\/v2\/posts\/12131","targetHints":{"allow":["GET"]}}],"collection":[{"href":"https:\/\/www.nexoinformativo.mx\/index.php\/wp-json\/wp\/v2\/posts"}],"about":[{"href":"https:\/\/www.nexoinformativo.mx\/index.php\/wp-json\/wp\/v2\/types\/post"}],"author":[{"embeddable":true,"href":"https:\/\/www.nexoinformativo.mx\/index.php\/wp-json\/wp\/v2\/users\/3"}],"replies":[{"embeddable":true,"href":"https:\/\/www.nexoinformativo.mx\/index.php\/wp-json\/wp\/v2\/comments?post=12131"}],"version-history":[{"count":4,"href":"https:\/\/www.nexoinformativo.mx\/index.php\/wp-json\/wp\/v2\/posts\/12131\/revisions"}],"predecessor-version":[{"id":12134,"href":"https:\/\/www.nexoinformativo.mx\/index.php\/wp-json\/wp\/v2\/posts\/12131\/revisions\/12134"}],"wp:featuredmedia":[{"embeddable":true,"href":"https:\/\/www.nexoinformativo.mx\/index.php\/wp-json\/wp\/v2\/media\/12135"}],"wp:attachment":[{"href":"https:\/\/www.nexoinformativo.mx\/index.php\/wp-json\/wp\/v2\/media?parent=12131"}],"wp:term":[{"taxonomy":"category","embeddable":true,"href":"https:\/\/www.nexoinformativo.mx\/index.php\/wp-json\/wp\/v2\/categories?post=12131"},{"taxonomy":"post_tag","embeddable":true,"href":"https:\/\/www.nexoinformativo.mx\/index.php\/wp-json\/wp\/v2\/tags?post=12131"}],"curies":[{"name":"wp","href":"https:\/\/api.w.org\/{rel}","templated":true}]}}