{"id":12143,"date":"2025-02-26T11:00:54","date_gmt":"2025-02-26T17:00:54","guid":{"rendered":"https:\/\/www.nexoinformativo.mx\/?p=12143"},"modified":"2025-02-26T13:08:49","modified_gmt":"2025-02-26T19:08:49","slug":"queretaro-vibra-con-tradicion-equinoccio-en-bernal-y-carnaval-en-villa-progreso-esperan-miles-de-visitantes","status":"publish","type":"post","link":"https:\/\/www.nexoinformativo.mx\/index.php\/2025\/02\/26\/queretaro-vibra-con-tradicion-equinoccio-en-bernal-y-carnaval-en-villa-progreso-esperan-miles-de-visitantes\/","title":{"rendered":"Quer\u00e9taro vibra con tradici\u00f3n Equinoccio en Bernal y Carnaval en Villa Progreso esperan miles de visitantes"},"content":{"rendered":"<p style=\"text-align: justify;\" data-sourcepos=\"13:1-13:330\">Quer\u00e9taro se prepara para dos eventos llenos de tradici\u00f3n y cultura: el Carnaval de Villa Progreso, que marca el inicio de la cuaresma, y el Equinoccio 2025 en Bernal, que celebra la llegada de la primavera.<\/p>\n<\/p>\n<p>&nbsp;<\/p>\n<p style=\"text-align: justify;\" data-sourcepos=\"13:1-13:330\">Se espera que ambos eventos generen una derrama econ\u00f3mica de 44 millones de pesos.El s\u00e1bado 1 de marzo, la comunidad de Villa Progreso se llenar\u00e1 de color y m\u00fasica con su carnaval tradicional.<\/p>\n<p>&nbsp;<\/p>\n<p style=\"text-align: justify;\" data-sourcepos=\"15:1-15:402\">El coordinador de turismo de Villa Progreso, Tolmai Barr\u00f3n, invit\u00f3 a disfrutar de un magno desfile a partir de las 4 de la tarde, con la participaci\u00f3n de m\u00e1s de 200 &#8220;chitaces&#8221; y comparsas de la regi\u00f3n. Se espera la visita de 2 mil 500 personas y una derrama econ\u00f3mica de 4 millones de pesos.<\/p>\n<p>&nbsp;<\/p>\n<p style=\"text-align: justify;\" data-sourcepos=\"17:1-17:413\">Por otro lado, el 21 de marzo, el Pueblo M\u00e1gico de Bernal ser\u00e1 el escenario del Equinoccio 2025. El edil de Ezequiel Montes, Iv\u00e1n Res\u00e9ndiz, inform\u00f3 que se espera la visita de 50 mil personas durante el fin de semana, generando una derrama econ\u00f3mica de 40 millones de pesos.<\/p>\n<p>&nbsp;<\/p>\n<p style=\"text-align: justify;\" data-sourcepos=\"17:1-17:413\">Se invita a los asistentes a vestir de blanco con un pa\u00f1uelo rojo para disfrutar de este evento ancestral en un ambiente seguro y familiar.<\/p>\n<p>&nbsp;<\/p>\n<p style=\"text-align: justify;\" data-sourcepos=\"19:1-19:149\">Ambas celebraciones son una mezcla de la religi\u00f3n cat\u00f3lica con las ra\u00edces otom\u00edes, ofreciendo a los visitantes una experiencia \u00fanica y enriquecedora.<\/p>\n<p style=\"text-align: center;\" data-sourcepos=\"19:1-19:149\"><em><strong>\u00a1Informaci\u00f3n que transforma!<\/strong><\/em><\/p>\n","protected":false},"excerpt":{"rendered":"<p>Quer\u00e9taro se prepara para dos eventos llenos de tradici\u00f3n y cultura: el Carnaval de Villa Progreso, que marca el inicio de la cuaresma, y el Equinoccio 2025 en Bernal, que celebra la llegada de la primavera. Se espera que ambos eventos generen una derrama econ\u00f3mica de 44 millones de pesos.<\/p>\n","protected":false},"author":3,"featured_media":12144,"comment_status":"open","ping_status":"open","sticky":false,"template":"","format":"standard","meta":{"footnotes":""},"categories":[65,58],"tags":[3562,3561,3563,992],"class_list":["post-12143","post","type-post","status-publish","format-standard","has-post-thumbnail","hentry","category-municipios","category-ultima-hora","tag-carnavalvillaprogreso","tag-equinocciobernal","tag-queretarotradiciones","tag-turismoqueretaro"],"yoast_head":"<!-- This site is optimized with the Yoast SEO plugin v25.0 - https:\/\/yoast.com\/wordpress\/plugins\/seo\/ -->\n<title>Quer\u00e9taro vibra con tradici\u00f3n Equinoccio en Bernal y Carnaval en Villa Progreso esperan miles de visitantes | Nexo Informativo Santiago de Quer\u00e9taro<\/title>\n<meta name=\"description\" content=\"Quer\u00e9taro vibra con tradici\u00f3n Equinoccio en Bernal y Carnaval en Villa Progreso esperan miles de visitantes\" \/>\n<meta name=\"robots\" content=\"index, follow, max-snippet:-1, max-image-preview:large, max-video-preview:-1\" \/>\n<link rel=\"canonical\" href=\"https:\/\/www.nexoinformativo.mx\/index.php\/2025\/02\/26\/queretaro-vibra-con-tradicion-equinoccio-en-bernal-y-carnaval-en-villa-progreso-esperan-miles-de-visitantes\/\" \/>\n<meta property=\"og:locale\" content=\"es_MX\" \/>\n<meta property=\"og:type\" content=\"article\" \/>\n<meta property=\"og:title\" content=\"Quer\u00e9taro vibra con tradici\u00f3n Equinoccio en Bernal y Carnaval en Villa Progreso esperan miles de visitantes | Nexo Informativo Santiago de Quer\u00e9taro\" \/>\n<meta property=\"og:description\" content=\"Quer\u00e9taro vibra con tradici\u00f3n Equinoccio en Bernal y Carnaval en Villa Progreso esperan miles de visitantes\" \/>\n<meta property=\"og:url\" content=\"https:\/\/www.nexoinformativo.mx\/index.php\/2025\/02\/26\/queretaro-vibra-con-tradicion-equinoccio-en-bernal-y-carnaval-en-villa-progreso-esperan-miles-de-visitantes\/\" \/>\n<meta property=\"og:site_name\" content=\"Nexo Informativo Santiago de Quer\u00e9taro\" \/>\n<meta property=\"article:publisher\" content=\"https:\/\/www.facebook.com\/people\/Nexo-Informativo\/61564066885511\/\" \/>\n<meta property=\"article:published_time\" content=\"2025-02-26T17:00:54+00:00\" \/>\n<meta property=\"article:modified_time\" content=\"2025-02-26T19:08:49+00:00\" \/>\n<meta property=\"og:image\" content=\"https:\/\/www.nexoinformativo.mx\/wp-content\/uploads\/2025\/02\/340cd0cb-cee9-42a2-9fba-e6abfa80e109-scaled-e1740596841500.jpg\" \/>\n\t<meta property=\"og:image:width\" content=\"800\" \/>\n\t<meta property=\"og:image:height\" content=\"600\" \/>\n\t<meta property=\"og:image:type\" content=\"image\/jpeg\" \/>\n<meta name=\"author\" content=\"Nexo Informativo\" \/>\n<meta name=\"twitter:card\" content=\"summary_large_image\" \/>\n<meta name=\"twitter:label1\" content=\"Escrito por\" \/>\n\t<meta name=\"twitter:data1\" content=\"Nexo Informativo\" \/>\n\t<meta name=\"twitter:label2\" content=\"Tiempo de lectura\" \/>\n\t<meta name=\"twitter:data2\" content=\"2 minutos\" \/>\n<script type=\"application\/ld+json\" class=\"yoast-schema-graph\">{\"@context\":\"https:\/\/schema.org\",\"@graph\":[{\"@type\":\"Article\",\"@id\":\"https:\/\/www.nexoinformativo.mx\/index.php\/2025\/02\/26\/queretaro-vibra-con-tradicion-equinoccio-en-bernal-y-carnaval-en-villa-progreso-esperan-miles-de-visitantes\/#article\",\"isPartOf\":{\"@id\":\"https:\/\/www.nexoinformativo.mx\/index.php\/2025\/02\/26\/queretaro-vibra-con-tradicion-equinoccio-en-bernal-y-carnaval-en-villa-progreso-esperan-miles-de-visitantes\/\"},\"author\":{\"name\":\"Nexo Informativo\",\"@id\":\"https:\/\/www.nexoinformativo.mx\/#\/schema\/person\/7749d380ba08c8ca00d7bc76fd907b7d\"},\"headline\":\"Quer\u00e9taro vibra con tradici\u00f3n Equinoccio en Bernal y Carnaval en Villa Progreso esperan miles de visitantes\",\"datePublished\":\"2025-02-26T17:00:54+00:00\",\"dateModified\":\"2025-02-26T19:08:49+00:00\",\"mainEntityOfPage\":{\"@id\":\"https:\/\/www.nexoinformativo.mx\/index.php\/2025\/02\/26\/queretaro-vibra-con-tradicion-equinoccio-en-bernal-y-carnaval-en-villa-progreso-esperan-miles-de-visitantes\/\"},\"wordCount\":255,\"commentCount\":0,\"publisher\":{\"@id\":\"https:\/\/www.nexoinformativo.mx\/#organization\"},\"image\":{\"@id\":\"https:\/\/www.nexoinformativo.mx\/index.php\/2025\/02\/26\/queretaro-vibra-con-tradicion-equinoccio-en-bernal-y-carnaval-en-villa-progreso-esperan-miles-de-visitantes\/#primaryimage\"},\"thumbnailUrl\":\"https:\/\/www.nexoinformativo.mx\/wp-content\/uploads\/2025\/02\/340cd0cb-cee9-42a2-9fba-e6abfa80e109-scaled-e1740596841500.jpg\",\"keywords\":[\"CarnavalVillaProgreso\",\"EquinoccioBernal\",\"Quer\u00e9taroTradiciones\",\"TurismoQuer\u00e9taro\"],\"articleSection\":[\"Municipios\",\"\u00daltima Hora\"],\"inLanguage\":\"es\",\"potentialAction\":[{\"@type\":\"CommentAction\",\"name\":\"Comment\",\"target\":[\"https:\/\/www.nexoinformativo.mx\/index.php\/2025\/02\/26\/queretaro-vibra-con-tradicion-equinoccio-en-bernal-y-carnaval-en-villa-progreso-esperan-miles-de-visitantes\/#respond\"]}]},{\"@type\":\"WebPage\",\"@id\":\"https:\/\/www.nexoinformativo.mx\/index.php\/2025\/02\/26\/queretaro-vibra-con-tradicion-equinoccio-en-bernal-y-carnaval-en-villa-progreso-esperan-miles-de-visitantes\/\",\"url\":\"https:\/\/www.nexoinformativo.mx\/index.php\/2025\/02\/26\/queretaro-vibra-con-tradicion-equinoccio-en-bernal-y-carnaval-en-villa-progreso-esperan-miles-de-visitantes\/\",\"name\":\"Quer\u00e9taro vibra con tradici\u00f3n Equinoccio en Bernal y Carnaval en Villa Progreso esperan miles de visitantes | Nexo Informativo Santiago de Quer\u00e9taro\",\"isPartOf\":{\"@id\":\"https:\/\/www.nexoinformativo.mx\/#website\"},\"primaryImageOfPage\":{\"@id\":\"https:\/\/www.nexoinformativo.mx\/index.php\/2025\/02\/26\/queretaro-vibra-con-tradicion-equinoccio-en-bernal-y-carnaval-en-villa-progreso-esperan-miles-de-visitantes\/#primaryimage\"},\"image\":{\"@id\":\"https:\/\/www.nexoinformativo.mx\/index.php\/2025\/02\/26\/queretaro-vibra-con-tradicion-equinoccio-en-bernal-y-carnaval-en-villa-progreso-esperan-miles-de-visitantes\/#primaryimage\"},\"thumbnailUrl\":\"https:\/\/www.nexoinformativo.mx\/wp-content\/uploads\/2025\/02\/340cd0cb-cee9-42a2-9fba-e6abfa80e109-scaled-e1740596841500.jpg\",\"datePublished\":\"2025-02-26T17:00:54+00:00\",\"dateModified\":\"2025-02-26T19:08:49+00:00\",\"description\":\"Quer\u00e9taro vibra con tradici\u00f3n Equinoccio en Bernal y Carnaval en Villa Progreso esperan miles de visitantes\",\"breadcrumb\":{\"@id\":\"https:\/\/www.nexoinformativo.mx\/index.php\/2025\/02\/26\/queretaro-vibra-con-tradicion-equinoccio-en-bernal-y-carnaval-en-villa-progreso-esperan-miles-de-visitantes\/#breadcrumb\"},\"inLanguage\":\"es\",\"potentialAction\":[{\"@type\":\"ReadAction\",\"target\":[\"https:\/\/www.nexoinformativo.mx\/index.php\/2025\/02\/26\/queretaro-vibra-con-tradicion-equinoccio-en-bernal-y-carnaval-en-villa-progreso-esperan-miles-de-visitantes\/\"]}]},{\"@type\":\"ImageObject\",\"inLanguage\":\"es\",\"@id\":\"https:\/\/www.nexoinformativo.mx\/index.php\/2025\/02\/26\/queretaro-vibra-con-tradicion-equinoccio-en-bernal-y-carnaval-en-villa-progreso-esperan-miles-de-visitantes\/#primaryimage\",\"url\":\"https:\/\/www.nexoinformativo.mx\/wp-content\/uploads\/2025\/02\/340cd0cb-cee9-42a2-9fba-e6abfa80e109-scaled-e1740596841500.jpg\",\"contentUrl\":\"https:\/\/www.nexoinformativo.mx\/wp-content\/uploads\/2025\/02\/340cd0cb-cee9-42a2-9fba-e6abfa80e109-scaled-e1740596841500.jpg\",\"width\":800,\"height\":600},{\"@type\":\"BreadcrumbList\",\"@id\":\"https:\/\/www.nexoinformativo.mx\/index.php\/2025\/02\/26\/queretaro-vibra-con-tradicion-equinoccio-en-bernal-y-carnaval-en-villa-progreso-esperan-miles-de-visitantes\/#breadcrumb\",\"itemListElement\":[{\"@type\":\"ListItem\",\"position\":1,\"name\":\"Inicio\",\"item\":\"https:\/\/www.nexoinformativo.mx\/\"},{\"@type\":\"ListItem\",\"position\":2,\"name\":\"Quer\u00e9taro vibra con tradici\u00f3n Equinoccio en Bernal y Carnaval en Villa Progreso esperan miles de visitantes\"}]},{\"@type\":\"WebSite\",\"@id\":\"https:\/\/www.nexoinformativo.mx\/#website\",\"url\":\"https:\/\/www.nexoinformativo.mx\/\",\"name\":\"Nexo Informativo Santiago de Quer\u00e9taro\",\"description\":\"Explora NexoInformativo y convi\u00e9rtete en parte de una comunidad que valora el conocimiento y la verdad. Tu nexoinformativo es tu puente hacia una comprensi\u00f3n m\u00e1s profunda del mundo que te rodea.\",\"publisher\":{\"@id\":\"https:\/\/www.nexoinformativo.mx\/#organization\"},\"potentialAction\":[{\"@type\":\"SearchAction\",\"target\":{\"@type\":\"EntryPoint\",\"urlTemplate\":\"https:\/\/www.nexoinformativo.mx\/?s={search_term_string}\"},\"query-input\":{\"@type\":\"PropertyValueSpecification\",\"valueRequired\":true,\"valueName\":\"search_term_string\"}}],\"inLanguage\":\"es\"},{\"@type\":\"Organization\",\"@id\":\"https:\/\/www.nexoinformativo.mx\/#organization\",\"name\":\"Nexo Informativo Santiago de Quer\u00e9taro\",\"url\":\"https:\/\/www.nexoinformativo.mx\/\",\"logo\":{\"@type\":\"ImageObject\",\"inLanguage\":\"es\",\"@id\":\"https:\/\/www.nexoinformativo.mx\/#\/schema\/logo\/image\/\",\"url\":\"https:\/\/www.nexoinformativo.mx\/wp-content\/uploads\/2024\/07\/nexoi-trasparente-2.png\",\"contentUrl\":\"https:\/\/www.nexoinformativo.mx\/wp-content\/uploads\/2024\/07\/nexoi-trasparente-2.png\",\"width\":816,\"height\":339,\"caption\":\"Nexo Informativo Santiago de Quer\u00e9taro\"},\"image\":{\"@id\":\"https:\/\/www.nexoinformativo.mx\/#\/schema\/logo\/image\/\"},\"sameAs\":[\"https:\/\/www.facebook.com\/people\/Nexo-Informativo\/61564066885511\/\"]},{\"@type\":\"Person\",\"@id\":\"https:\/\/www.nexoinformativo.mx\/#\/schema\/person\/7749d380ba08c8ca00d7bc76fd907b7d\",\"name\":\"Nexo Informativo\",\"image\":{\"@type\":\"ImageObject\",\"inLanguage\":\"es\",\"@id\":\"https:\/\/www.nexoinformativo.mx\/#\/schema\/person\/image\/\",\"url\":\"https:\/\/secure.gravatar.com\/avatar\/dde2928154642a13d95f87ddf1ea9718fe2b46760a005c53e41ff5ad610704e6?s=96&d=mm&r=g\",\"contentUrl\":\"https:\/\/secure.gravatar.com\/avatar\/dde2928154642a13d95f87ddf1ea9718fe2b46760a005c53e41ff5ad610704e6?s=96&d=mm&r=g\",\"caption\":\"Nexo Informativo\"},\"url\":\"https:\/\/www.nexoinformativo.mx\/index.php\/author\/edicion\/\"}]}<\/script>\n<!-- \/ Yoast SEO plugin. -->","yoast_head_json":{"title":"Quer\u00e9taro vibra con tradici\u00f3n Equinoccio en Bernal y Carnaval en Villa Progreso esperan miles de visitantes | Nexo Informativo Santiago de Quer\u00e9taro","description":"Quer\u00e9taro vibra con tradici\u00f3n Equinoccio en Bernal y Carnaval en Villa Progreso esperan miles de visitantes","robots":{"index":"index","follow":"follow","max-snippet":"max-snippet:-1","max-image-preview":"max-image-preview:large","max-video-preview":"max-video-preview:-1"},"canonical":"https:\/\/www.nexoinformativo.mx\/index.php\/2025\/02\/26\/queretaro-vibra-con-tradicion-equinoccio-en-bernal-y-carnaval-en-villa-progreso-esperan-miles-de-visitantes\/","og_locale":"es_MX","og_type":"article","og_title":"Quer\u00e9taro vibra con tradici\u00f3n Equinoccio en Bernal y Carnaval en Villa Progreso esperan miles de visitantes | Nexo Informativo Santiago de Quer\u00e9taro","og_description":"Quer\u00e9taro vibra con tradici\u00f3n Equinoccio en Bernal y Carnaval en Villa Progreso esperan miles de visitantes","og_url":"https:\/\/www.nexoinformativo.mx\/index.php\/2025\/02\/26\/queretaro-vibra-con-tradicion-equinoccio-en-bernal-y-carnaval-en-villa-progreso-esperan-miles-de-visitantes\/","og_site_name":"Nexo Informativo Santiago de Quer\u00e9taro","article_publisher":"https:\/\/www.facebook.com\/people\/Nexo-Informativo\/61564066885511\/","article_published_time":"2025-02-26T17:00:54+00:00","article_modified_time":"2025-02-26T19:08:49+00:00","og_image":[{"width":800,"height":600,"url":"https:\/\/www.nexoinformativo.mx\/wp-content\/uploads\/2025\/02\/340cd0cb-cee9-42a2-9fba-e6abfa80e109-scaled-e1740596841500.jpg","type":"image\/jpeg"}],"author":"Nexo Informativo","twitter_card":"summary_large_image","twitter_misc":{"Escrito por":"Nexo Informativo","Tiempo de lectura":"2 minutos"},"schema":{"@context":"https:\/\/schema.org","@graph":[{"@type":"Article","@id":"https:\/\/www.nexoinformativo.mx\/index.php\/2025\/02\/26\/queretaro-vibra-con-tradicion-equinoccio-en-bernal-y-carnaval-en-villa-progreso-esperan-miles-de-visitantes\/#article","isPartOf":{"@id":"https:\/\/www.nexoinformativo.mx\/index.php\/2025\/02\/26\/queretaro-vibra-con-tradicion-equinoccio-en-bernal-y-carnaval-en-villa-progreso-esperan-miles-de-visitantes\/"},"author":{"name":"Nexo Informativo","@id":"https:\/\/www.nexoinformativo.mx\/#\/schema\/person\/7749d380ba08c8ca00d7bc76fd907b7d"},"headline":"Quer\u00e9taro vibra con tradici\u00f3n Equinoccio en Bernal y Carnaval en Villa Progreso esperan miles de visitantes","datePublished":"2025-02-26T17:00:54+00:00","dateModified":"2025-02-26T19:08:49+00:00","mainEntityOfPage":{"@id":"https:\/\/www.nexoinformativo.mx\/index.php\/2025\/02\/26\/queretaro-vibra-con-tradicion-equinoccio-en-bernal-y-carnaval-en-villa-progreso-esperan-miles-de-visitantes\/"},"wordCount":255,"commentCount":0,"publisher":{"@id":"https:\/\/www.nexoinformativo.mx\/#organization"},"image":{"@id":"https:\/\/www.nexoinformativo.mx\/index.php\/2025\/02\/26\/queretaro-vibra-con-tradicion-equinoccio-en-bernal-y-carnaval-en-villa-progreso-esperan-miles-de-visitantes\/#primaryimage"},"thumbnailUrl":"https:\/\/www.nexoinformativo.mx\/wp-content\/uploads\/2025\/02\/340cd0cb-cee9-42a2-9fba-e6abfa80e109-scaled-e1740596841500.jpg","keywords":["CarnavalVillaProgreso","EquinoccioBernal","Quer\u00e9taroTradiciones","TurismoQuer\u00e9taro"],"articleSection":["Municipios","\u00daltima Hora"],"inLanguage":"es","potentialAction":[{"@type":"CommentAction","name":"Comment","target":["https:\/\/www.nexoinformativo.mx\/index.php\/2025\/02\/26\/queretaro-vibra-con-tradicion-equinoccio-en-bernal-y-carnaval-en-villa-progreso-esperan-miles-de-visitantes\/#respond"]}]},{"@type":"WebPage","@id":"https:\/\/www.nexoinformativo.mx\/index.php\/2025\/02\/26\/queretaro-vibra-con-tradicion-equinoccio-en-bernal-y-carnaval-en-villa-progreso-esperan-miles-de-visitantes\/","url":"https:\/\/www.nexoinformativo.mx\/index.php\/2025\/02\/26\/queretaro-vibra-con-tradicion-equinoccio-en-bernal-y-carnaval-en-villa-progreso-esperan-miles-de-visitantes\/","name":"Quer\u00e9taro vibra con tradici\u00f3n Equinoccio en Bernal y Carnaval en Villa Progreso esperan miles de visitantes | Nexo Informativo Santiago de Quer\u00e9taro","isPartOf":{"@id":"https:\/\/www.nexoinformativo.mx\/#website"},"primaryImageOfPage":{"@id":"https:\/\/www.nexoinformativo.mx\/index.php\/2025\/02\/26\/queretaro-vibra-con-tradicion-equinoccio-en-bernal-y-carnaval-en-villa-progreso-esperan-miles-de-visitantes\/#primaryimage"},"image":{"@id":"https:\/\/www.nexoinformativo.mx\/index.php\/2025\/02\/26\/queretaro-vibra-con-tradicion-equinoccio-en-bernal-y-carnaval-en-villa-progreso-esperan-miles-de-visitantes\/#primaryimage"},"thumbnailUrl":"https:\/\/www.nexoinformativo.mx\/wp-content\/uploads\/2025\/02\/340cd0cb-cee9-42a2-9fba-e6abfa80e109-scaled-e1740596841500.jpg","datePublished":"2025-02-26T17:00:54+00:00","dateModified":"2025-02-26T19:08:49+00:00","description":"Quer\u00e9taro vibra con tradici\u00f3n Equinoccio en Bernal y Carnaval en Villa Progreso esperan miles de visitantes","breadcrumb":{"@id":"https:\/\/www.nexoinformativo.mx\/index.php\/2025\/02\/26\/queretaro-vibra-con-tradicion-equinoccio-en-bernal-y-carnaval-en-villa-progreso-esperan-miles-de-visitantes\/#breadcrumb"},"inLanguage":"es","potentialAction":[{"@type":"ReadAction","target":["https:\/\/www.nexoinformativo.mx\/index.php\/2025\/02\/26\/queretaro-vibra-con-tradicion-equinoccio-en-bernal-y-carnaval-en-villa-progreso-esperan-miles-de-visitantes\/"]}]},{"@type":"ImageObject","inLanguage":"es","@id":"https:\/\/www.nexoinformativo.mx\/index.php\/2025\/02\/26\/queretaro-vibra-con-tradicion-equinoccio-en-bernal-y-carnaval-en-villa-progreso-esperan-miles-de-visitantes\/#primaryimage","url":"https:\/\/www.nexoinformativo.mx\/wp-content\/uploads\/2025\/02\/340cd0cb-cee9-42a2-9fba-e6abfa80e109-scaled-e1740596841500.jpg","contentUrl":"https:\/\/www.nexoinformativo.mx\/wp-content\/uploads\/2025\/02\/340cd0cb-cee9-42a2-9fba-e6abfa80e109-scaled-e1740596841500.jpg","width":800,"height":600},{"@type":"BreadcrumbList","@id":"https:\/\/www.nexoinformativo.mx\/index.php\/2025\/02\/26\/queretaro-vibra-con-tradicion-equinoccio-en-bernal-y-carnaval-en-villa-progreso-esperan-miles-de-visitantes\/#breadcrumb","itemListElement":[{"@type":"ListItem","position":1,"name":"Inicio","item":"https:\/\/www.nexoinformativo.mx\/"},{"@type":"ListItem","position":2,"name":"Quer\u00e9taro vibra con tradici\u00f3n Equinoccio en Bernal y Carnaval en Villa Progreso esperan miles de visitantes"}]},{"@type":"WebSite","@id":"https:\/\/www.nexoinformativo.mx\/#website","url":"https:\/\/www.nexoinformativo.mx\/","name":"Nexo Informativo Santiago de Quer\u00e9taro","description":"Explora NexoInformativo y convi\u00e9rtete en parte de una comunidad que valora el conocimiento y la verdad. Tu nexoinformativo es tu puente hacia una comprensi\u00f3n m\u00e1s profunda del mundo que te rodea.","publisher":{"@id":"https:\/\/www.nexoinformativo.mx\/#organization"},"potentialAction":[{"@type":"SearchAction","target":{"@type":"EntryPoint","urlTemplate":"https:\/\/www.nexoinformativo.mx\/?s={search_term_string}"},"query-input":{"@type":"PropertyValueSpecification","valueRequired":true,"valueName":"search_term_string"}}],"inLanguage":"es"},{"@type":"Organization","@id":"https:\/\/www.nexoinformativo.mx\/#organization","name":"Nexo Informativo Santiago de Quer\u00e9taro","url":"https:\/\/www.nexoinformativo.mx\/","logo":{"@type":"ImageObject","inLanguage":"es","@id":"https:\/\/www.nexoinformativo.mx\/#\/schema\/logo\/image\/","url":"https:\/\/www.nexoinformativo.mx\/wp-content\/uploads\/2024\/07\/nexoi-trasparente-2.png","contentUrl":"https:\/\/www.nexoinformativo.mx\/wp-content\/uploads\/2024\/07\/nexoi-trasparente-2.png","width":816,"height":339,"caption":"Nexo Informativo Santiago de Quer\u00e9taro"},"image":{"@id":"https:\/\/www.nexoinformativo.mx\/#\/schema\/logo\/image\/"},"sameAs":["https:\/\/www.facebook.com\/people\/Nexo-Informativo\/61564066885511\/"]},{"@type":"Person","@id":"https:\/\/www.nexoinformativo.mx\/#\/schema\/person\/7749d380ba08c8ca00d7bc76fd907b7d","name":"Nexo Informativo","image":{"@type":"ImageObject","inLanguage":"es","@id":"https:\/\/www.nexoinformativo.mx\/#\/schema\/person\/image\/","url":"https:\/\/secure.gravatar.com\/avatar\/dde2928154642a13d95f87ddf1ea9718fe2b46760a005c53e41ff5ad610704e6?s=96&d=mm&r=g","contentUrl":"https:\/\/secure.gravatar.com\/avatar\/dde2928154642a13d95f87ddf1ea9718fe2b46760a005c53e41ff5ad610704e6?s=96&d=mm&r=g","caption":"Nexo Informativo"},"url":"https:\/\/www.nexoinformativo.mx\/index.php\/author\/edicion\/"}]}},"_links":{"self":[{"href":"https:\/\/www.nexoinformativo.mx\/index.php\/wp-json\/wp\/v2\/posts\/12143","targetHints":{"allow":["GET"]}}],"collection":[{"href":"https:\/\/www.nexoinformativo.mx\/index.php\/wp-json\/wp\/v2\/posts"}],"about":[{"href":"https:\/\/www.nexoinformativo.mx\/index.php\/wp-json\/wp\/v2\/types\/post"}],"author":[{"embeddable":true,"href":"https:\/\/www.nexoinformativo.mx\/index.php\/wp-json\/wp\/v2\/users\/3"}],"replies":[{"embeddable":true,"href":"https:\/\/www.nexoinformativo.mx\/index.php\/wp-json\/wp\/v2\/comments?post=12143"}],"version-history":[{"count":4,"href":"https:\/\/www.nexoinformativo.mx\/index.php\/wp-json\/wp\/v2\/posts\/12143\/revisions"}],"predecessor-version":[{"id":12147,"href":"https:\/\/www.nexoinformativo.mx\/index.php\/wp-json\/wp\/v2\/posts\/12143\/revisions\/12147"}],"wp:featuredmedia":[{"embeddable":true,"href":"https:\/\/www.nexoinformativo.mx\/index.php\/wp-json\/wp\/v2\/media\/12144"}],"wp:attachment":[{"href":"https:\/\/www.nexoinformativo.mx\/index.php\/wp-json\/wp\/v2\/media?parent=12143"}],"wp:term":[{"taxonomy":"category","embeddable":true,"href":"https:\/\/www.nexoinformativo.mx\/index.php\/wp-json\/wp\/v2\/categories?post=12143"},{"taxonomy":"post_tag","embeddable":true,"href":"https:\/\/www.nexoinformativo.mx\/index.php\/wp-json\/wp\/v2\/tags?post=12143"}],"curies":[{"name":"wp","href":"https:\/\/api.w.org\/{rel}","templated":true}]}}