{"id":12149,"date":"2025-02-27T06:30:49","date_gmt":"2025-02-27T12:30:49","guid":{"rendered":"https:\/\/www.nexoinformativo.mx\/?p=12149"},"modified":"2025-02-27T11:16:00","modified_gmt":"2025-02-27T17:16:00","slug":"cea-intensifica-operativos-contra-200-tomas-clandestinas-en-el-mes-en-queretaro","status":"publish","type":"post","link":"https:\/\/www.nexoinformativo.mx\/index.php\/2025\/02\/27\/cea-intensifica-operativos-contra-200-tomas-clandestinas-en-el-mes-en-queretaro\/","title":{"rendered":"CEA intensifica operativos contra 200 tomas clandestinas en el mes en Quer\u00e9taro"},"content":{"rendered":"<p style=\"text-align: justify;\" data-sourcepos=\"13:1-13:372\">La Comisi\u00f3n Estatal de Aguas (CEA) ha revelado una preocupante cifra: mensualmente, se detectan alrededor de 200 tomas clandestinas de agua en el estado.<\/p>\n<p>&nbsp;<\/p>\n<p style=\"text-align: justify;\" data-sourcepos=\"13:1-13:372\">El director general de asunto comercial de la CEA, Salvador Mart\u00ednez Ortiz, inform\u00f3 que el 80% de estas tomas son de uso dom\u00e9stico, mientras que el 20% restante corresponde a negocios.<\/p>\n<p>&nbsp;<\/p>\n<p style=\"text-align: justify;\" data-sourcepos=\"15:1-15:301\">Estas tomas ilegales son detectadas principalmente a trav\u00e9s de recorridos del personal de la CEA y gracias a denuncias ciudadanas. Mart\u00ednez Ortiz advirti\u00f3 que el agua desviada por estas tomas clandestinas afecta el suministro para el resto de la poblaci\u00f3n, desestabilizando el sistema de distribuci\u00f3n.<\/p>\n<p>&nbsp;<\/p>\n<p style=\"text-align: justify;\" data-sourcepos=\"17:1-17:237\">La CEA ofrece programas de regularizaci\u00f3n para evitar sanciones, pero quienes sean sorprendidos realizando estas pr\u00e1cticas ilegales podr\u00edan enfrentar multas que oscilan entre los 2 mil y 30 mil pesos, dependiendo de la gravedad del caso.<\/p>\n<p>&nbsp;<\/p>\n<p style=\"text-align: justify;\" data-sourcepos=\"19:1-19:295\"><strong>&#8220;Nosotros tenemos constantemente un equipo que nada en tierra actualizando el padr\u00f3n de usuarios, estamos dando mantenimiento y de ah\u00ed se desprenden varios puntos donde se detectan estas tomas ilegales, as\u00ed mismo, tenemos el chat-bot donde hacen los reportes ciudadanos&#8221;<\/strong>, detall\u00f3 Mart\u00ednez Ortiz.<\/p>\n<p>&nbsp;<\/p>\n<p style=\"text-align: center;\" data-sourcepos=\"19:1-19:295\"><em><strong>\u00a1Informaci\u00f3n que transforma!<\/strong><\/em><\/p>\n","protected":false},"excerpt":{"rendered":"<p>La Comisi\u00f3n Estatal de Aguas (CEA) ha revelado una preocupante cifra: mensualmente, se detectan alrededor de 200 tomas clandestinas de agua en el estado.<\/p>\n","protected":false},"author":3,"featured_media":12153,"comment_status":"open","ping_status":"open","sticky":false,"template":"","format":"standard","meta":{"footnotes":""},"categories":[42,58],"tags":[785,3552,1721,737],"class_list":["post-12149","post","type-post","status-publish","format-standard","has-post-thumbnail","hentry","category-estado","category-ultima-hora","tag-aguaqueretaro","tag-ceaqro","tag-denunciaciudadana","tag-tomasclandestinas"],"yoast_head":"<!-- This site is optimized with the Yoast SEO plugin v25.0 - https:\/\/yoast.com\/wordpress\/plugins\/seo\/ -->\n<title>CEA intensifica operativos contra 200 tomas clandestinas en el mes en Quer\u00e9taro | Nexo Informativo Santiago de Quer\u00e9taro<\/title>\n<meta name=\"description\" content=\"CEA intensifica operativos contra 200 tomas clandestinas en el mes en Quer\u00e9taro\" \/>\n<meta name=\"robots\" content=\"index, follow, max-snippet:-1, max-image-preview:large, max-video-preview:-1\" \/>\n<link rel=\"canonical\" href=\"https:\/\/www.nexoinformativo.mx\/index.php\/2025\/02\/27\/cea-intensifica-operativos-contra-200-tomas-clandestinas-en-el-mes-en-queretaro\/\" \/>\n<meta property=\"og:locale\" content=\"es_MX\" \/>\n<meta property=\"og:type\" content=\"article\" \/>\n<meta property=\"og:title\" content=\"CEA intensifica operativos contra 200 tomas clandestinas en el mes en Quer\u00e9taro | Nexo Informativo Santiago de Quer\u00e9taro\" \/>\n<meta property=\"og:description\" content=\"CEA intensifica operativos contra 200 tomas clandestinas en el mes en Quer\u00e9taro\" \/>\n<meta property=\"og:url\" content=\"https:\/\/www.nexoinformativo.mx\/index.php\/2025\/02\/27\/cea-intensifica-operativos-contra-200-tomas-clandestinas-en-el-mes-en-queretaro\/\" \/>\n<meta property=\"og:site_name\" content=\"Nexo Informativo Santiago de Quer\u00e9taro\" \/>\n<meta property=\"article:publisher\" content=\"https:\/\/www.facebook.com\/people\/Nexo-Informativo\/61564066885511\/\" \/>\n<meta property=\"article:published_time\" content=\"2025-02-27T12:30:49+00:00\" \/>\n<meta property=\"article:modified_time\" content=\"2025-02-27T17:16:00+00:00\" \/>\n<meta property=\"og:image\" content=\"https:\/\/www.nexoinformativo.mx\/wp-content\/uploads\/2025\/02\/aa19bddd-5825-40e9-a932-371150141f2f.jpg\" \/>\n\t<meta property=\"og:image:width\" content=\"480\" \/>\n\t<meta property=\"og:image:height\" content=\"470\" \/>\n\t<meta property=\"og:image:type\" content=\"image\/jpeg\" \/>\n<meta name=\"author\" content=\"Nexo Informativo\" \/>\n<meta name=\"twitter:card\" content=\"summary_large_image\" \/>\n<meta name=\"twitter:label1\" content=\"Escrito por\" \/>\n\t<meta name=\"twitter:data1\" content=\"Nexo Informativo\" \/>\n\t<meta name=\"twitter:label2\" content=\"Tiempo de lectura\" \/>\n\t<meta name=\"twitter:data2\" content=\"2 minutos\" \/>\n<script type=\"application\/ld+json\" class=\"yoast-schema-graph\">{\"@context\":\"https:\/\/schema.org\",\"@graph\":[{\"@type\":\"Article\",\"@id\":\"https:\/\/www.nexoinformativo.mx\/index.php\/2025\/02\/27\/cea-intensifica-operativos-contra-200-tomas-clandestinas-en-el-mes-en-queretaro\/#article\",\"isPartOf\":{\"@id\":\"https:\/\/www.nexoinformativo.mx\/index.php\/2025\/02\/27\/cea-intensifica-operativos-contra-200-tomas-clandestinas-en-el-mes-en-queretaro\/\"},\"author\":{\"name\":\"Nexo Informativo\",\"@id\":\"https:\/\/www.nexoinformativo.mx\/#\/schema\/person\/7749d380ba08c8ca00d7bc76fd907b7d\"},\"headline\":\"CEA intensifica operativos contra 200 tomas clandestinas en el mes en Quer\u00e9taro\",\"datePublished\":\"2025-02-27T12:30:49+00:00\",\"dateModified\":\"2025-02-27T17:16:00+00:00\",\"mainEntityOfPage\":{\"@id\":\"https:\/\/www.nexoinformativo.mx\/index.php\/2025\/02\/27\/cea-intensifica-operativos-contra-200-tomas-clandestinas-en-el-mes-en-queretaro\/\"},\"wordCount\":207,\"commentCount\":0,\"publisher\":{\"@id\":\"https:\/\/www.nexoinformativo.mx\/#organization\"},\"image\":{\"@id\":\"https:\/\/www.nexoinformativo.mx\/index.php\/2025\/02\/27\/cea-intensifica-operativos-contra-200-tomas-clandestinas-en-el-mes-en-queretaro\/#primaryimage\"},\"thumbnailUrl\":\"https:\/\/www.nexoinformativo.mx\/wp-content\/uploads\/2025\/02\/aa19bddd-5825-40e9-a932-371150141f2f.jpg\",\"keywords\":[\"AguaQuer\u00e9taro\",\"CEAQro\",\"DenunciaCiudadana\",\"TomasClandestinas\"],\"articleSection\":[\"Estado\",\"\u00daltima Hora\"],\"inLanguage\":\"es\",\"potentialAction\":[{\"@type\":\"CommentAction\",\"name\":\"Comment\",\"target\":[\"https:\/\/www.nexoinformativo.mx\/index.php\/2025\/02\/27\/cea-intensifica-operativos-contra-200-tomas-clandestinas-en-el-mes-en-queretaro\/#respond\"]}]},{\"@type\":\"WebPage\",\"@id\":\"https:\/\/www.nexoinformativo.mx\/index.php\/2025\/02\/27\/cea-intensifica-operativos-contra-200-tomas-clandestinas-en-el-mes-en-queretaro\/\",\"url\":\"https:\/\/www.nexoinformativo.mx\/index.php\/2025\/02\/27\/cea-intensifica-operativos-contra-200-tomas-clandestinas-en-el-mes-en-queretaro\/\",\"name\":\"CEA intensifica operativos contra 200 tomas clandestinas en el mes en Quer\u00e9taro | Nexo Informativo Santiago de Quer\u00e9taro\",\"isPartOf\":{\"@id\":\"https:\/\/www.nexoinformativo.mx\/#website\"},\"primaryImageOfPage\":{\"@id\":\"https:\/\/www.nexoinformativo.mx\/index.php\/2025\/02\/27\/cea-intensifica-operativos-contra-200-tomas-clandestinas-en-el-mes-en-queretaro\/#primaryimage\"},\"image\":{\"@id\":\"https:\/\/www.nexoinformativo.mx\/index.php\/2025\/02\/27\/cea-intensifica-operativos-contra-200-tomas-clandestinas-en-el-mes-en-queretaro\/#primaryimage\"},\"thumbnailUrl\":\"https:\/\/www.nexoinformativo.mx\/wp-content\/uploads\/2025\/02\/aa19bddd-5825-40e9-a932-371150141f2f.jpg\",\"datePublished\":\"2025-02-27T12:30:49+00:00\",\"dateModified\":\"2025-02-27T17:16:00+00:00\",\"description\":\"CEA intensifica operativos contra 200 tomas clandestinas en el mes en Quer\u00e9taro\",\"breadcrumb\":{\"@id\":\"https:\/\/www.nexoinformativo.mx\/index.php\/2025\/02\/27\/cea-intensifica-operativos-contra-200-tomas-clandestinas-en-el-mes-en-queretaro\/#breadcrumb\"},\"inLanguage\":\"es\",\"potentialAction\":[{\"@type\":\"ReadAction\",\"target\":[\"https:\/\/www.nexoinformativo.mx\/index.php\/2025\/02\/27\/cea-intensifica-operativos-contra-200-tomas-clandestinas-en-el-mes-en-queretaro\/\"]}]},{\"@type\":\"ImageObject\",\"inLanguage\":\"es\",\"@id\":\"https:\/\/www.nexoinformativo.mx\/index.php\/2025\/02\/27\/cea-intensifica-operativos-contra-200-tomas-clandestinas-en-el-mes-en-queretaro\/#primaryimage\",\"url\":\"https:\/\/www.nexoinformativo.mx\/wp-content\/uploads\/2025\/02\/aa19bddd-5825-40e9-a932-371150141f2f.jpg\",\"contentUrl\":\"https:\/\/www.nexoinformativo.mx\/wp-content\/uploads\/2025\/02\/aa19bddd-5825-40e9-a932-371150141f2f.jpg\",\"width\":480,\"height\":470},{\"@type\":\"BreadcrumbList\",\"@id\":\"https:\/\/www.nexoinformativo.mx\/index.php\/2025\/02\/27\/cea-intensifica-operativos-contra-200-tomas-clandestinas-en-el-mes-en-queretaro\/#breadcrumb\",\"itemListElement\":[{\"@type\":\"ListItem\",\"position\":1,\"name\":\"Inicio\",\"item\":\"https:\/\/www.nexoinformativo.mx\/\"},{\"@type\":\"ListItem\",\"position\":2,\"name\":\"CEA intensifica operativos contra 200 tomas clandestinas en el mes en Quer\u00e9taro\"}]},{\"@type\":\"WebSite\",\"@id\":\"https:\/\/www.nexoinformativo.mx\/#website\",\"url\":\"https:\/\/www.nexoinformativo.mx\/\",\"name\":\"Nexo Informativo Santiago de Quer\u00e9taro\",\"description\":\"Explora NexoInformativo y convi\u00e9rtete en parte de una comunidad que valora el conocimiento y la verdad. Tu nexoinformativo es tu puente hacia una comprensi\u00f3n m\u00e1s profunda del mundo que te rodea.\",\"publisher\":{\"@id\":\"https:\/\/www.nexoinformativo.mx\/#organization\"},\"potentialAction\":[{\"@type\":\"SearchAction\",\"target\":{\"@type\":\"EntryPoint\",\"urlTemplate\":\"https:\/\/www.nexoinformativo.mx\/?s={search_term_string}\"},\"query-input\":{\"@type\":\"PropertyValueSpecification\",\"valueRequired\":true,\"valueName\":\"search_term_string\"}}],\"inLanguage\":\"es\"},{\"@type\":\"Organization\",\"@id\":\"https:\/\/www.nexoinformativo.mx\/#organization\",\"name\":\"Nexo Informativo Santiago de Quer\u00e9taro\",\"url\":\"https:\/\/www.nexoinformativo.mx\/\",\"logo\":{\"@type\":\"ImageObject\",\"inLanguage\":\"es\",\"@id\":\"https:\/\/www.nexoinformativo.mx\/#\/schema\/logo\/image\/\",\"url\":\"https:\/\/www.nexoinformativo.mx\/wp-content\/uploads\/2024\/07\/nexoi-trasparente-2.png\",\"contentUrl\":\"https:\/\/www.nexoinformativo.mx\/wp-content\/uploads\/2024\/07\/nexoi-trasparente-2.png\",\"width\":816,\"height\":339,\"caption\":\"Nexo Informativo Santiago de Quer\u00e9taro\"},\"image\":{\"@id\":\"https:\/\/www.nexoinformativo.mx\/#\/schema\/logo\/image\/\"},\"sameAs\":[\"https:\/\/www.facebook.com\/people\/Nexo-Informativo\/61564066885511\/\"]},{\"@type\":\"Person\",\"@id\":\"https:\/\/www.nexoinformativo.mx\/#\/schema\/person\/7749d380ba08c8ca00d7bc76fd907b7d\",\"name\":\"Nexo Informativo\",\"image\":{\"@type\":\"ImageObject\",\"inLanguage\":\"es\",\"@id\":\"https:\/\/www.nexoinformativo.mx\/#\/schema\/person\/image\/\",\"url\":\"https:\/\/secure.gravatar.com\/avatar\/dde2928154642a13d95f87ddf1ea9718fe2b46760a005c53e41ff5ad610704e6?s=96&d=mm&r=g\",\"contentUrl\":\"https:\/\/secure.gravatar.com\/avatar\/dde2928154642a13d95f87ddf1ea9718fe2b46760a005c53e41ff5ad610704e6?s=96&d=mm&r=g\",\"caption\":\"Nexo Informativo\"},\"url\":\"https:\/\/www.nexoinformativo.mx\/index.php\/author\/edicion\/\"}]}<\/script>\n<!-- \/ Yoast SEO plugin. -->","yoast_head_json":{"title":"CEA intensifica operativos contra 200 tomas clandestinas en el mes en Quer\u00e9taro | Nexo Informativo Santiago de Quer\u00e9taro","description":"CEA intensifica operativos contra 200 tomas clandestinas en el mes en Quer\u00e9taro","robots":{"index":"index","follow":"follow","max-snippet":"max-snippet:-1","max-image-preview":"max-image-preview:large","max-video-preview":"max-video-preview:-1"},"canonical":"https:\/\/www.nexoinformativo.mx\/index.php\/2025\/02\/27\/cea-intensifica-operativos-contra-200-tomas-clandestinas-en-el-mes-en-queretaro\/","og_locale":"es_MX","og_type":"article","og_title":"CEA intensifica operativos contra 200 tomas clandestinas en el mes en Quer\u00e9taro | Nexo Informativo Santiago de Quer\u00e9taro","og_description":"CEA intensifica operativos contra 200 tomas clandestinas en el mes en Quer\u00e9taro","og_url":"https:\/\/www.nexoinformativo.mx\/index.php\/2025\/02\/27\/cea-intensifica-operativos-contra-200-tomas-clandestinas-en-el-mes-en-queretaro\/","og_site_name":"Nexo Informativo Santiago de Quer\u00e9taro","article_publisher":"https:\/\/www.facebook.com\/people\/Nexo-Informativo\/61564066885511\/","article_published_time":"2025-02-27T12:30:49+00:00","article_modified_time":"2025-02-27T17:16:00+00:00","og_image":[{"width":480,"height":470,"url":"https:\/\/www.nexoinformativo.mx\/wp-content\/uploads\/2025\/02\/aa19bddd-5825-40e9-a932-371150141f2f.jpg","type":"image\/jpeg"}],"author":"Nexo Informativo","twitter_card":"summary_large_image","twitter_misc":{"Escrito por":"Nexo Informativo","Tiempo de lectura":"2 minutos"},"schema":{"@context":"https:\/\/schema.org","@graph":[{"@type":"Article","@id":"https:\/\/www.nexoinformativo.mx\/index.php\/2025\/02\/27\/cea-intensifica-operativos-contra-200-tomas-clandestinas-en-el-mes-en-queretaro\/#article","isPartOf":{"@id":"https:\/\/www.nexoinformativo.mx\/index.php\/2025\/02\/27\/cea-intensifica-operativos-contra-200-tomas-clandestinas-en-el-mes-en-queretaro\/"},"author":{"name":"Nexo Informativo","@id":"https:\/\/www.nexoinformativo.mx\/#\/schema\/person\/7749d380ba08c8ca00d7bc76fd907b7d"},"headline":"CEA intensifica operativos contra 200 tomas clandestinas en el mes en Quer\u00e9taro","datePublished":"2025-02-27T12:30:49+00:00","dateModified":"2025-02-27T17:16:00+00:00","mainEntityOfPage":{"@id":"https:\/\/www.nexoinformativo.mx\/index.php\/2025\/02\/27\/cea-intensifica-operativos-contra-200-tomas-clandestinas-en-el-mes-en-queretaro\/"},"wordCount":207,"commentCount":0,"publisher":{"@id":"https:\/\/www.nexoinformativo.mx\/#organization"},"image":{"@id":"https:\/\/www.nexoinformativo.mx\/index.php\/2025\/02\/27\/cea-intensifica-operativos-contra-200-tomas-clandestinas-en-el-mes-en-queretaro\/#primaryimage"},"thumbnailUrl":"https:\/\/www.nexoinformativo.mx\/wp-content\/uploads\/2025\/02\/aa19bddd-5825-40e9-a932-371150141f2f.jpg","keywords":["AguaQuer\u00e9taro","CEAQro","DenunciaCiudadana","TomasClandestinas"],"articleSection":["Estado","\u00daltima Hora"],"inLanguage":"es","potentialAction":[{"@type":"CommentAction","name":"Comment","target":["https:\/\/www.nexoinformativo.mx\/index.php\/2025\/02\/27\/cea-intensifica-operativos-contra-200-tomas-clandestinas-en-el-mes-en-queretaro\/#respond"]}]},{"@type":"WebPage","@id":"https:\/\/www.nexoinformativo.mx\/index.php\/2025\/02\/27\/cea-intensifica-operativos-contra-200-tomas-clandestinas-en-el-mes-en-queretaro\/","url":"https:\/\/www.nexoinformativo.mx\/index.php\/2025\/02\/27\/cea-intensifica-operativos-contra-200-tomas-clandestinas-en-el-mes-en-queretaro\/","name":"CEA intensifica operativos contra 200 tomas clandestinas en el mes en Quer\u00e9taro | Nexo Informativo Santiago de Quer\u00e9taro","isPartOf":{"@id":"https:\/\/www.nexoinformativo.mx\/#website"},"primaryImageOfPage":{"@id":"https:\/\/www.nexoinformativo.mx\/index.php\/2025\/02\/27\/cea-intensifica-operativos-contra-200-tomas-clandestinas-en-el-mes-en-queretaro\/#primaryimage"},"image":{"@id":"https:\/\/www.nexoinformativo.mx\/index.php\/2025\/02\/27\/cea-intensifica-operativos-contra-200-tomas-clandestinas-en-el-mes-en-queretaro\/#primaryimage"},"thumbnailUrl":"https:\/\/www.nexoinformativo.mx\/wp-content\/uploads\/2025\/02\/aa19bddd-5825-40e9-a932-371150141f2f.jpg","datePublished":"2025-02-27T12:30:49+00:00","dateModified":"2025-02-27T17:16:00+00:00","description":"CEA intensifica operativos contra 200 tomas clandestinas en el mes en Quer\u00e9taro","breadcrumb":{"@id":"https:\/\/www.nexoinformativo.mx\/index.php\/2025\/02\/27\/cea-intensifica-operativos-contra-200-tomas-clandestinas-en-el-mes-en-queretaro\/#breadcrumb"},"inLanguage":"es","potentialAction":[{"@type":"ReadAction","target":["https:\/\/www.nexoinformativo.mx\/index.php\/2025\/02\/27\/cea-intensifica-operativos-contra-200-tomas-clandestinas-en-el-mes-en-queretaro\/"]}]},{"@type":"ImageObject","inLanguage":"es","@id":"https:\/\/www.nexoinformativo.mx\/index.php\/2025\/02\/27\/cea-intensifica-operativos-contra-200-tomas-clandestinas-en-el-mes-en-queretaro\/#primaryimage","url":"https:\/\/www.nexoinformativo.mx\/wp-content\/uploads\/2025\/02\/aa19bddd-5825-40e9-a932-371150141f2f.jpg","contentUrl":"https:\/\/www.nexoinformativo.mx\/wp-content\/uploads\/2025\/02\/aa19bddd-5825-40e9-a932-371150141f2f.jpg","width":480,"height":470},{"@type":"BreadcrumbList","@id":"https:\/\/www.nexoinformativo.mx\/index.php\/2025\/02\/27\/cea-intensifica-operativos-contra-200-tomas-clandestinas-en-el-mes-en-queretaro\/#breadcrumb","itemListElement":[{"@type":"ListItem","position":1,"name":"Inicio","item":"https:\/\/www.nexoinformativo.mx\/"},{"@type":"ListItem","position":2,"name":"CEA intensifica operativos contra 200 tomas clandestinas en el mes en Quer\u00e9taro"}]},{"@type":"WebSite","@id":"https:\/\/www.nexoinformativo.mx\/#website","url":"https:\/\/www.nexoinformativo.mx\/","name":"Nexo Informativo Santiago de Quer\u00e9taro","description":"Explora NexoInformativo y convi\u00e9rtete en parte de una comunidad que valora el conocimiento y la verdad. Tu nexoinformativo es tu puente hacia una comprensi\u00f3n m\u00e1s profunda del mundo que te rodea.","publisher":{"@id":"https:\/\/www.nexoinformativo.mx\/#organization"},"potentialAction":[{"@type":"SearchAction","target":{"@type":"EntryPoint","urlTemplate":"https:\/\/www.nexoinformativo.mx\/?s={search_term_string}"},"query-input":{"@type":"PropertyValueSpecification","valueRequired":true,"valueName":"search_term_string"}}],"inLanguage":"es"},{"@type":"Organization","@id":"https:\/\/www.nexoinformativo.mx\/#organization","name":"Nexo Informativo Santiago de Quer\u00e9taro","url":"https:\/\/www.nexoinformativo.mx\/","logo":{"@type":"ImageObject","inLanguage":"es","@id":"https:\/\/www.nexoinformativo.mx\/#\/schema\/logo\/image\/","url":"https:\/\/www.nexoinformativo.mx\/wp-content\/uploads\/2024\/07\/nexoi-trasparente-2.png","contentUrl":"https:\/\/www.nexoinformativo.mx\/wp-content\/uploads\/2024\/07\/nexoi-trasparente-2.png","width":816,"height":339,"caption":"Nexo Informativo Santiago de Quer\u00e9taro"},"image":{"@id":"https:\/\/www.nexoinformativo.mx\/#\/schema\/logo\/image\/"},"sameAs":["https:\/\/www.facebook.com\/people\/Nexo-Informativo\/61564066885511\/"]},{"@type":"Person","@id":"https:\/\/www.nexoinformativo.mx\/#\/schema\/person\/7749d380ba08c8ca00d7bc76fd907b7d","name":"Nexo Informativo","image":{"@type":"ImageObject","inLanguage":"es","@id":"https:\/\/www.nexoinformativo.mx\/#\/schema\/person\/image\/","url":"https:\/\/secure.gravatar.com\/avatar\/dde2928154642a13d95f87ddf1ea9718fe2b46760a005c53e41ff5ad610704e6?s=96&d=mm&r=g","contentUrl":"https:\/\/secure.gravatar.com\/avatar\/dde2928154642a13d95f87ddf1ea9718fe2b46760a005c53e41ff5ad610704e6?s=96&d=mm&r=g","caption":"Nexo Informativo"},"url":"https:\/\/www.nexoinformativo.mx\/index.php\/author\/edicion\/"}]}},"_links":{"self":[{"href":"https:\/\/www.nexoinformativo.mx\/index.php\/wp-json\/wp\/v2\/posts\/12149","targetHints":{"allow":["GET"]}}],"collection":[{"href":"https:\/\/www.nexoinformativo.mx\/index.php\/wp-json\/wp\/v2\/posts"}],"about":[{"href":"https:\/\/www.nexoinformativo.mx\/index.php\/wp-json\/wp\/v2\/types\/post"}],"author":[{"embeddable":true,"href":"https:\/\/www.nexoinformativo.mx\/index.php\/wp-json\/wp\/v2\/users\/3"}],"replies":[{"embeddable":true,"href":"https:\/\/www.nexoinformativo.mx\/index.php\/wp-json\/wp\/v2\/comments?post=12149"}],"version-history":[{"count":4,"href":"https:\/\/www.nexoinformativo.mx\/index.php\/wp-json\/wp\/v2\/posts\/12149\/revisions"}],"predecessor-version":[{"id":12154,"href":"https:\/\/www.nexoinformativo.mx\/index.php\/wp-json\/wp\/v2\/posts\/12149\/revisions\/12154"}],"wp:featuredmedia":[{"embeddable":true,"href":"https:\/\/www.nexoinformativo.mx\/index.php\/wp-json\/wp\/v2\/media\/12153"}],"wp:attachment":[{"href":"https:\/\/www.nexoinformativo.mx\/index.php\/wp-json\/wp\/v2\/media?parent=12149"}],"wp:term":[{"taxonomy":"category","embeddable":true,"href":"https:\/\/www.nexoinformativo.mx\/index.php\/wp-json\/wp\/v2\/categories?post=12149"},{"taxonomy":"post_tag","embeddable":true,"href":"https:\/\/www.nexoinformativo.mx\/index.php\/wp-json\/wp\/v2\/tags?post=12149"}],"curies":[{"name":"wp","href":"https:\/\/api.w.org\/{rel}","templated":true}]}}