{"id":12155,"date":"2025-02-27T07:00:03","date_gmt":"2025-02-27T13:00:03","guid":{"rendered":"https:\/\/www.nexoinformativo.mx\/?p=12155"},"modified":"2025-02-27T11:21:49","modified_gmt":"2025-02-27T17:21:49","slug":"marcelo-ebrard-dialoga-con-camara-de-comercio-de-ee-uu-antes-de-visitar-washington-d-c","status":"publish","type":"post","link":"https:\/\/www.nexoinformativo.mx\/index.php\/2025\/02\/27\/marcelo-ebrard-dialoga-con-camara-de-comercio-de-ee-uu-antes-de-visitar-washington-d-c\/","title":{"rendered":"Marcelo Ebrard dialoga con C\u00e1mara de Comercio de EE. UU. antes de visitar Washington D.C."},"content":{"rendered":"<p style=\"text-align: justify;\">El secretario de Econom\u00eda, Marcelo Ebrard, sostuvo una reuni\u00f3n con la C\u00e1mara de Comercio de Estados Unidos y altos directivos de empresas estadounidenses con operaciones en M\u00e9xico, un d\u00eda antes de su visita a Washington D.C.<\/p>\n<p>&nbsp;<\/p>\n<p style=\"text-align: justify;\">Durante el encuentro, Ebrard explic\u00f3 que el inter\u00e9s de M\u00e9xico es evitar la imposici\u00f3n de aranceles y defender el modelo de integraci\u00f3n econ\u00f3mica con EE. UU., que ha tra\u00eddo bienestar y prosperidad a ambas naciones.<\/p>\n<p>&nbsp;<\/p>\n<p style=\"text-align: justify;\">Neil Herrington, representante de la C\u00e1mara de Comercio de Estados Unidos, expuso que han sostenido reuniones en Washington para sensibilizar sobre el impacto que tendr\u00eda la imposici\u00f3n de aranceles a M\u00e9xico para el consumidor en Estados Unidos.<\/p>\n<p>&nbsp;<\/p>\n<p style=\"text-align: justify;\">La colaboraci\u00f3n entre ambos pa\u00edses es crucial para mantener la competitividad y el crecimiento econ\u00f3mico.<\/p>\n<p>&nbsp;<\/p>\n<p style=\"text-align: justify;\">En el encuentro estuvieron presentes representantes de la C\u00e1mara de Comercio de Estados Unidos y directivos de empresas como Amazon, VISA, Mastercard, Walmart, Deloitte, MetLife, P&amp;G, Eli Lilly, AT&amp;T, Johnson &amp; Johnson, General Motors, PepsiCo, Sempra, UPS, Ultragenyx Pharmaceuticals, Magna Internacional, IBM y Global Nexus.<\/p>\n<p>&nbsp;<\/p>\n<p style=\"text-align: justify;\">Por parte de la Secretar\u00eda de Econom\u00eda, acompa\u00f1\u00f3 al secretario Ebrard la directora general de Relaciones Internacionales, Mar\u00eda De Haas Matamoros.<\/p>\n<p>&nbsp;<\/p>\n<p style=\"text-align: center;\"><em><strong>\u00a1Informaci\u00f3n que transforma!<\/strong><\/em><\/p>\n","protected":false},"excerpt":{"rendered":"<p>El secretario de Econom\u00eda, Marcelo Ebrard, sostuvo una reuni\u00f3n con la C\u00e1mara de Comercio de Estados Unidos y altos directivos de empresas estadounidenses con operaciones en M\u00e9xico, un d\u00eda antes de su visita a Washington D.C.<\/p>\n","protected":false},"author":3,"featured_media":12156,"comment_status":"open","ping_status":"open","sticky":false,"template":"","format":"standard","meta":{"footnotes":""},"categories":[5,88,58],"tags":[3306,2256,3335,1929],"class_list":["post-12155","post","type-post","status-publish","format-standard","has-post-thumbnail","hentry","category-economia","category-nacional","category-ultima-hora","tag-aranceles","tag-camaradecomercio","tag-integracioneconomica","tag-marceloebrard"],"yoast_head":"<!-- This site is optimized with the Yoast SEO plugin v25.0 - https:\/\/yoast.com\/wordpress\/plugins\/seo\/ -->\n<title>Marcelo Ebrard dialoga con C\u00e1mara de Comercio de EE. UU. antes de visitar Washington D.C. | Nexo Informativo Santiago de Quer\u00e9taro<\/title>\n<meta name=\"description\" content=\"Marcelo Ebrard dialoga con C\u00e1mara de Comercio de EE. UU. antes de visitar Washington D.C.\" \/>\n<meta name=\"robots\" content=\"index, follow, max-snippet:-1, max-image-preview:large, max-video-preview:-1\" \/>\n<link rel=\"canonical\" href=\"https:\/\/www.nexoinformativo.mx\/index.php\/2025\/02\/27\/marcelo-ebrard-dialoga-con-camara-de-comercio-de-ee-uu-antes-de-visitar-washington-d-c\/\" \/>\n<meta property=\"og:locale\" content=\"es_MX\" \/>\n<meta property=\"og:type\" content=\"article\" \/>\n<meta property=\"og:title\" content=\"Marcelo Ebrard dialoga con C\u00e1mara de Comercio de EE. UU. antes de visitar Washington D.C. | Nexo Informativo Santiago de Quer\u00e9taro\" \/>\n<meta property=\"og:description\" content=\"Marcelo Ebrard dialoga con C\u00e1mara de Comercio de EE. UU. antes de visitar Washington D.C.\" \/>\n<meta property=\"og:url\" content=\"https:\/\/www.nexoinformativo.mx\/index.php\/2025\/02\/27\/marcelo-ebrard-dialoga-con-camara-de-comercio-de-ee-uu-antes-de-visitar-washington-d-c\/\" \/>\n<meta property=\"og:site_name\" content=\"Nexo Informativo Santiago de Quer\u00e9taro\" \/>\n<meta property=\"article:publisher\" content=\"https:\/\/www.facebook.com\/people\/Nexo-Informativo\/61564066885511\/\" \/>\n<meta property=\"article:published_time\" content=\"2025-02-27T13:00:03+00:00\" \/>\n<meta property=\"article:modified_time\" content=\"2025-02-27T17:21:49+00:00\" \/>\n<meta property=\"og:image\" content=\"https:\/\/www.nexoinformativo.mx\/wp-content\/uploads\/2025\/02\/IMG_1037.jpg\" \/>\n\t<meta property=\"og:image:width\" content=\"650\" \/>\n\t<meta property=\"og:image:height\" content=\"380\" \/>\n\t<meta property=\"og:image:type\" content=\"image\/jpeg\" \/>\n<meta name=\"author\" content=\"Nexo Informativo\" \/>\n<meta name=\"twitter:card\" content=\"summary_large_image\" \/>\n<meta name=\"twitter:label1\" content=\"Escrito por\" \/>\n\t<meta name=\"twitter:data1\" content=\"Nexo Informativo\" \/>\n\t<meta name=\"twitter:label2\" content=\"Tiempo de lectura\" \/>\n\t<meta name=\"twitter:data2\" content=\"2 minutos\" \/>\n<script type=\"application\/ld+json\" class=\"yoast-schema-graph\">{\"@context\":\"https:\/\/schema.org\",\"@graph\":[{\"@type\":\"Article\",\"@id\":\"https:\/\/www.nexoinformativo.mx\/index.php\/2025\/02\/27\/marcelo-ebrard-dialoga-con-camara-de-comercio-de-ee-uu-antes-de-visitar-washington-d-c\/#article\",\"isPartOf\":{\"@id\":\"https:\/\/www.nexoinformativo.mx\/index.php\/2025\/02\/27\/marcelo-ebrard-dialoga-con-camara-de-comercio-de-ee-uu-antes-de-visitar-washington-d-c\/\"},\"author\":{\"name\":\"Nexo Informativo\",\"@id\":\"https:\/\/www.nexoinformativo.mx\/#\/schema\/person\/7749d380ba08c8ca00d7bc76fd907b7d\"},\"headline\":\"Marcelo Ebrard dialoga con C\u00e1mara de Comercio de EE. UU. antes de visitar Washington D.C.\",\"datePublished\":\"2025-02-27T13:00:03+00:00\",\"dateModified\":\"2025-02-27T17:21:49+00:00\",\"mainEntityOfPage\":{\"@id\":\"https:\/\/www.nexoinformativo.mx\/index.php\/2025\/02\/27\/marcelo-ebrard-dialoga-con-camara-de-comercio-de-ee-uu-antes-de-visitar-washington-d-c\/\"},\"wordCount\":243,\"commentCount\":0,\"publisher\":{\"@id\":\"https:\/\/www.nexoinformativo.mx\/#organization\"},\"image\":{\"@id\":\"https:\/\/www.nexoinformativo.mx\/index.php\/2025\/02\/27\/marcelo-ebrard-dialoga-con-camara-de-comercio-de-ee-uu-antes-de-visitar-washington-d-c\/#primaryimage\"},\"thumbnailUrl\":\"https:\/\/www.nexoinformativo.mx\/wp-content\/uploads\/2025\/02\/IMG_1037.jpg\",\"keywords\":[\"Aranceles\",\"C\u00e1maraDeComercio\",\"Integraci\u00f3nEcon\u00f3mica\",\"MarceloEbrard\"],\"articleSection\":[\"Econom\u00eda\",\"Nacional\",\"\u00daltima Hora\"],\"inLanguage\":\"es\",\"potentialAction\":[{\"@type\":\"CommentAction\",\"name\":\"Comment\",\"target\":[\"https:\/\/www.nexoinformativo.mx\/index.php\/2025\/02\/27\/marcelo-ebrard-dialoga-con-camara-de-comercio-de-ee-uu-antes-de-visitar-washington-d-c\/#respond\"]}]},{\"@type\":\"WebPage\",\"@id\":\"https:\/\/www.nexoinformativo.mx\/index.php\/2025\/02\/27\/marcelo-ebrard-dialoga-con-camara-de-comercio-de-ee-uu-antes-de-visitar-washington-d-c\/\",\"url\":\"https:\/\/www.nexoinformativo.mx\/index.php\/2025\/02\/27\/marcelo-ebrard-dialoga-con-camara-de-comercio-de-ee-uu-antes-de-visitar-washington-d-c\/\",\"name\":\"Marcelo Ebrard dialoga con C\u00e1mara de Comercio de EE. UU. antes de visitar Washington D.C. | Nexo Informativo Santiago de Quer\u00e9taro\",\"isPartOf\":{\"@id\":\"https:\/\/www.nexoinformativo.mx\/#website\"},\"primaryImageOfPage\":{\"@id\":\"https:\/\/www.nexoinformativo.mx\/index.php\/2025\/02\/27\/marcelo-ebrard-dialoga-con-camara-de-comercio-de-ee-uu-antes-de-visitar-washington-d-c\/#primaryimage\"},\"image\":{\"@id\":\"https:\/\/www.nexoinformativo.mx\/index.php\/2025\/02\/27\/marcelo-ebrard-dialoga-con-camara-de-comercio-de-ee-uu-antes-de-visitar-washington-d-c\/#primaryimage\"},\"thumbnailUrl\":\"https:\/\/www.nexoinformativo.mx\/wp-content\/uploads\/2025\/02\/IMG_1037.jpg\",\"datePublished\":\"2025-02-27T13:00:03+00:00\",\"dateModified\":\"2025-02-27T17:21:49+00:00\",\"description\":\"Marcelo Ebrard dialoga con C\u00e1mara de Comercio de EE. UU. antes de visitar Washington D.C.\",\"breadcrumb\":{\"@id\":\"https:\/\/www.nexoinformativo.mx\/index.php\/2025\/02\/27\/marcelo-ebrard-dialoga-con-camara-de-comercio-de-ee-uu-antes-de-visitar-washington-d-c\/#breadcrumb\"},\"inLanguage\":\"es\",\"potentialAction\":[{\"@type\":\"ReadAction\",\"target\":[\"https:\/\/www.nexoinformativo.mx\/index.php\/2025\/02\/27\/marcelo-ebrard-dialoga-con-camara-de-comercio-de-ee-uu-antes-de-visitar-washington-d-c\/\"]}]},{\"@type\":\"ImageObject\",\"inLanguage\":\"es\",\"@id\":\"https:\/\/www.nexoinformativo.mx\/index.php\/2025\/02\/27\/marcelo-ebrard-dialoga-con-camara-de-comercio-de-ee-uu-antes-de-visitar-washington-d-c\/#primaryimage\",\"url\":\"https:\/\/www.nexoinformativo.mx\/wp-content\/uploads\/2025\/02\/IMG_1037.jpg\",\"contentUrl\":\"https:\/\/www.nexoinformativo.mx\/wp-content\/uploads\/2025\/02\/IMG_1037.jpg\",\"width\":650,\"height\":380},{\"@type\":\"BreadcrumbList\",\"@id\":\"https:\/\/www.nexoinformativo.mx\/index.php\/2025\/02\/27\/marcelo-ebrard-dialoga-con-camara-de-comercio-de-ee-uu-antes-de-visitar-washington-d-c\/#breadcrumb\",\"itemListElement\":[{\"@type\":\"ListItem\",\"position\":1,\"name\":\"Inicio\",\"item\":\"https:\/\/www.nexoinformativo.mx\/\"},{\"@type\":\"ListItem\",\"position\":2,\"name\":\"Marcelo Ebrard dialoga con C\u00e1mara de Comercio de EE. UU. antes de visitar Washington D.C.\"}]},{\"@type\":\"WebSite\",\"@id\":\"https:\/\/www.nexoinformativo.mx\/#website\",\"url\":\"https:\/\/www.nexoinformativo.mx\/\",\"name\":\"Nexo Informativo Santiago de Quer\u00e9taro\",\"description\":\"Explora NexoInformativo y convi\u00e9rtete en parte de una comunidad que valora el conocimiento y la verdad. Tu nexoinformativo es tu puente hacia una comprensi\u00f3n m\u00e1s profunda del mundo que te rodea.\",\"publisher\":{\"@id\":\"https:\/\/www.nexoinformativo.mx\/#organization\"},\"potentialAction\":[{\"@type\":\"SearchAction\",\"target\":{\"@type\":\"EntryPoint\",\"urlTemplate\":\"https:\/\/www.nexoinformativo.mx\/?s={search_term_string}\"},\"query-input\":{\"@type\":\"PropertyValueSpecification\",\"valueRequired\":true,\"valueName\":\"search_term_string\"}}],\"inLanguage\":\"es\"},{\"@type\":\"Organization\",\"@id\":\"https:\/\/www.nexoinformativo.mx\/#organization\",\"name\":\"Nexo Informativo Santiago de Quer\u00e9taro\",\"url\":\"https:\/\/www.nexoinformativo.mx\/\",\"logo\":{\"@type\":\"ImageObject\",\"inLanguage\":\"es\",\"@id\":\"https:\/\/www.nexoinformativo.mx\/#\/schema\/logo\/image\/\",\"url\":\"https:\/\/www.nexoinformativo.mx\/wp-content\/uploads\/2024\/07\/nexoi-trasparente-2.png\",\"contentUrl\":\"https:\/\/www.nexoinformativo.mx\/wp-content\/uploads\/2024\/07\/nexoi-trasparente-2.png\",\"width\":816,\"height\":339,\"caption\":\"Nexo Informativo Santiago de Quer\u00e9taro\"},\"image\":{\"@id\":\"https:\/\/www.nexoinformativo.mx\/#\/schema\/logo\/image\/\"},\"sameAs\":[\"https:\/\/www.facebook.com\/people\/Nexo-Informativo\/61564066885511\/\"]},{\"@type\":\"Person\",\"@id\":\"https:\/\/www.nexoinformativo.mx\/#\/schema\/person\/7749d380ba08c8ca00d7bc76fd907b7d\",\"name\":\"Nexo Informativo\",\"image\":{\"@type\":\"ImageObject\",\"inLanguage\":\"es\",\"@id\":\"https:\/\/www.nexoinformativo.mx\/#\/schema\/person\/image\/\",\"url\":\"https:\/\/secure.gravatar.com\/avatar\/dde2928154642a13d95f87ddf1ea9718fe2b46760a005c53e41ff5ad610704e6?s=96&d=mm&r=g\",\"contentUrl\":\"https:\/\/secure.gravatar.com\/avatar\/dde2928154642a13d95f87ddf1ea9718fe2b46760a005c53e41ff5ad610704e6?s=96&d=mm&r=g\",\"caption\":\"Nexo Informativo\"},\"url\":\"https:\/\/www.nexoinformativo.mx\/index.php\/author\/edicion\/\"}]}<\/script>\n<!-- \/ Yoast SEO plugin. -->","yoast_head_json":{"title":"Marcelo Ebrard dialoga con C\u00e1mara de Comercio de EE. UU. antes de visitar Washington D.C. | Nexo Informativo Santiago de Quer\u00e9taro","description":"Marcelo Ebrard dialoga con C\u00e1mara de Comercio de EE. UU. antes de visitar Washington D.C.","robots":{"index":"index","follow":"follow","max-snippet":"max-snippet:-1","max-image-preview":"max-image-preview:large","max-video-preview":"max-video-preview:-1"},"canonical":"https:\/\/www.nexoinformativo.mx\/index.php\/2025\/02\/27\/marcelo-ebrard-dialoga-con-camara-de-comercio-de-ee-uu-antes-de-visitar-washington-d-c\/","og_locale":"es_MX","og_type":"article","og_title":"Marcelo Ebrard dialoga con C\u00e1mara de Comercio de EE. UU. antes de visitar Washington D.C. | Nexo Informativo Santiago de Quer\u00e9taro","og_description":"Marcelo Ebrard dialoga con C\u00e1mara de Comercio de EE. UU. antes de visitar Washington D.C.","og_url":"https:\/\/www.nexoinformativo.mx\/index.php\/2025\/02\/27\/marcelo-ebrard-dialoga-con-camara-de-comercio-de-ee-uu-antes-de-visitar-washington-d-c\/","og_site_name":"Nexo Informativo Santiago de Quer\u00e9taro","article_publisher":"https:\/\/www.facebook.com\/people\/Nexo-Informativo\/61564066885511\/","article_published_time":"2025-02-27T13:00:03+00:00","article_modified_time":"2025-02-27T17:21:49+00:00","og_image":[{"width":650,"height":380,"url":"https:\/\/www.nexoinformativo.mx\/wp-content\/uploads\/2025\/02\/IMG_1037.jpg","type":"image\/jpeg"}],"author":"Nexo Informativo","twitter_card":"summary_large_image","twitter_misc":{"Escrito por":"Nexo Informativo","Tiempo de lectura":"2 minutos"},"schema":{"@context":"https:\/\/schema.org","@graph":[{"@type":"Article","@id":"https:\/\/www.nexoinformativo.mx\/index.php\/2025\/02\/27\/marcelo-ebrard-dialoga-con-camara-de-comercio-de-ee-uu-antes-de-visitar-washington-d-c\/#article","isPartOf":{"@id":"https:\/\/www.nexoinformativo.mx\/index.php\/2025\/02\/27\/marcelo-ebrard-dialoga-con-camara-de-comercio-de-ee-uu-antes-de-visitar-washington-d-c\/"},"author":{"name":"Nexo Informativo","@id":"https:\/\/www.nexoinformativo.mx\/#\/schema\/person\/7749d380ba08c8ca00d7bc76fd907b7d"},"headline":"Marcelo Ebrard dialoga con C\u00e1mara de Comercio de EE. UU. antes de visitar Washington D.C.","datePublished":"2025-02-27T13:00:03+00:00","dateModified":"2025-02-27T17:21:49+00:00","mainEntityOfPage":{"@id":"https:\/\/www.nexoinformativo.mx\/index.php\/2025\/02\/27\/marcelo-ebrard-dialoga-con-camara-de-comercio-de-ee-uu-antes-de-visitar-washington-d-c\/"},"wordCount":243,"commentCount":0,"publisher":{"@id":"https:\/\/www.nexoinformativo.mx\/#organization"},"image":{"@id":"https:\/\/www.nexoinformativo.mx\/index.php\/2025\/02\/27\/marcelo-ebrard-dialoga-con-camara-de-comercio-de-ee-uu-antes-de-visitar-washington-d-c\/#primaryimage"},"thumbnailUrl":"https:\/\/www.nexoinformativo.mx\/wp-content\/uploads\/2025\/02\/IMG_1037.jpg","keywords":["Aranceles","C\u00e1maraDeComercio","Integraci\u00f3nEcon\u00f3mica","MarceloEbrard"],"articleSection":["Econom\u00eda","Nacional","\u00daltima Hora"],"inLanguage":"es","potentialAction":[{"@type":"CommentAction","name":"Comment","target":["https:\/\/www.nexoinformativo.mx\/index.php\/2025\/02\/27\/marcelo-ebrard-dialoga-con-camara-de-comercio-de-ee-uu-antes-de-visitar-washington-d-c\/#respond"]}]},{"@type":"WebPage","@id":"https:\/\/www.nexoinformativo.mx\/index.php\/2025\/02\/27\/marcelo-ebrard-dialoga-con-camara-de-comercio-de-ee-uu-antes-de-visitar-washington-d-c\/","url":"https:\/\/www.nexoinformativo.mx\/index.php\/2025\/02\/27\/marcelo-ebrard-dialoga-con-camara-de-comercio-de-ee-uu-antes-de-visitar-washington-d-c\/","name":"Marcelo Ebrard dialoga con C\u00e1mara de Comercio de EE. UU. antes de visitar Washington D.C. | Nexo Informativo Santiago de Quer\u00e9taro","isPartOf":{"@id":"https:\/\/www.nexoinformativo.mx\/#website"},"primaryImageOfPage":{"@id":"https:\/\/www.nexoinformativo.mx\/index.php\/2025\/02\/27\/marcelo-ebrard-dialoga-con-camara-de-comercio-de-ee-uu-antes-de-visitar-washington-d-c\/#primaryimage"},"image":{"@id":"https:\/\/www.nexoinformativo.mx\/index.php\/2025\/02\/27\/marcelo-ebrard-dialoga-con-camara-de-comercio-de-ee-uu-antes-de-visitar-washington-d-c\/#primaryimage"},"thumbnailUrl":"https:\/\/www.nexoinformativo.mx\/wp-content\/uploads\/2025\/02\/IMG_1037.jpg","datePublished":"2025-02-27T13:00:03+00:00","dateModified":"2025-02-27T17:21:49+00:00","description":"Marcelo Ebrard dialoga con C\u00e1mara de Comercio de EE. UU. antes de visitar Washington D.C.","breadcrumb":{"@id":"https:\/\/www.nexoinformativo.mx\/index.php\/2025\/02\/27\/marcelo-ebrard-dialoga-con-camara-de-comercio-de-ee-uu-antes-de-visitar-washington-d-c\/#breadcrumb"},"inLanguage":"es","potentialAction":[{"@type":"ReadAction","target":["https:\/\/www.nexoinformativo.mx\/index.php\/2025\/02\/27\/marcelo-ebrard-dialoga-con-camara-de-comercio-de-ee-uu-antes-de-visitar-washington-d-c\/"]}]},{"@type":"ImageObject","inLanguage":"es","@id":"https:\/\/www.nexoinformativo.mx\/index.php\/2025\/02\/27\/marcelo-ebrard-dialoga-con-camara-de-comercio-de-ee-uu-antes-de-visitar-washington-d-c\/#primaryimage","url":"https:\/\/www.nexoinformativo.mx\/wp-content\/uploads\/2025\/02\/IMG_1037.jpg","contentUrl":"https:\/\/www.nexoinformativo.mx\/wp-content\/uploads\/2025\/02\/IMG_1037.jpg","width":650,"height":380},{"@type":"BreadcrumbList","@id":"https:\/\/www.nexoinformativo.mx\/index.php\/2025\/02\/27\/marcelo-ebrard-dialoga-con-camara-de-comercio-de-ee-uu-antes-de-visitar-washington-d-c\/#breadcrumb","itemListElement":[{"@type":"ListItem","position":1,"name":"Inicio","item":"https:\/\/www.nexoinformativo.mx\/"},{"@type":"ListItem","position":2,"name":"Marcelo Ebrard dialoga con C\u00e1mara de Comercio de EE. UU. antes de visitar Washington D.C."}]},{"@type":"WebSite","@id":"https:\/\/www.nexoinformativo.mx\/#website","url":"https:\/\/www.nexoinformativo.mx\/","name":"Nexo Informativo Santiago de Quer\u00e9taro","description":"Explora NexoInformativo y convi\u00e9rtete en parte de una comunidad que valora el conocimiento y la verdad. Tu nexoinformativo es tu puente hacia una comprensi\u00f3n m\u00e1s profunda del mundo que te rodea.","publisher":{"@id":"https:\/\/www.nexoinformativo.mx\/#organization"},"potentialAction":[{"@type":"SearchAction","target":{"@type":"EntryPoint","urlTemplate":"https:\/\/www.nexoinformativo.mx\/?s={search_term_string}"},"query-input":{"@type":"PropertyValueSpecification","valueRequired":true,"valueName":"search_term_string"}}],"inLanguage":"es"},{"@type":"Organization","@id":"https:\/\/www.nexoinformativo.mx\/#organization","name":"Nexo Informativo Santiago de Quer\u00e9taro","url":"https:\/\/www.nexoinformativo.mx\/","logo":{"@type":"ImageObject","inLanguage":"es","@id":"https:\/\/www.nexoinformativo.mx\/#\/schema\/logo\/image\/","url":"https:\/\/www.nexoinformativo.mx\/wp-content\/uploads\/2024\/07\/nexoi-trasparente-2.png","contentUrl":"https:\/\/www.nexoinformativo.mx\/wp-content\/uploads\/2024\/07\/nexoi-trasparente-2.png","width":816,"height":339,"caption":"Nexo Informativo Santiago de Quer\u00e9taro"},"image":{"@id":"https:\/\/www.nexoinformativo.mx\/#\/schema\/logo\/image\/"},"sameAs":["https:\/\/www.facebook.com\/people\/Nexo-Informativo\/61564066885511\/"]},{"@type":"Person","@id":"https:\/\/www.nexoinformativo.mx\/#\/schema\/person\/7749d380ba08c8ca00d7bc76fd907b7d","name":"Nexo Informativo","image":{"@type":"ImageObject","inLanguage":"es","@id":"https:\/\/www.nexoinformativo.mx\/#\/schema\/person\/image\/","url":"https:\/\/secure.gravatar.com\/avatar\/dde2928154642a13d95f87ddf1ea9718fe2b46760a005c53e41ff5ad610704e6?s=96&d=mm&r=g","contentUrl":"https:\/\/secure.gravatar.com\/avatar\/dde2928154642a13d95f87ddf1ea9718fe2b46760a005c53e41ff5ad610704e6?s=96&d=mm&r=g","caption":"Nexo Informativo"},"url":"https:\/\/www.nexoinformativo.mx\/index.php\/author\/edicion\/"}]}},"_links":{"self":[{"href":"https:\/\/www.nexoinformativo.mx\/index.php\/wp-json\/wp\/v2\/posts\/12155","targetHints":{"allow":["GET"]}}],"collection":[{"href":"https:\/\/www.nexoinformativo.mx\/index.php\/wp-json\/wp\/v2\/posts"}],"about":[{"href":"https:\/\/www.nexoinformativo.mx\/index.php\/wp-json\/wp\/v2\/types\/post"}],"author":[{"embeddable":true,"href":"https:\/\/www.nexoinformativo.mx\/index.php\/wp-json\/wp\/v2\/users\/3"}],"replies":[{"embeddable":true,"href":"https:\/\/www.nexoinformativo.mx\/index.php\/wp-json\/wp\/v2\/comments?post=12155"}],"version-history":[{"count":4,"href":"https:\/\/www.nexoinformativo.mx\/index.php\/wp-json\/wp\/v2\/posts\/12155\/revisions"}],"predecessor-version":[{"id":12160,"href":"https:\/\/www.nexoinformativo.mx\/index.php\/wp-json\/wp\/v2\/posts\/12155\/revisions\/12160"}],"wp:featuredmedia":[{"embeddable":true,"href":"https:\/\/www.nexoinformativo.mx\/index.php\/wp-json\/wp\/v2\/media\/12156"}],"wp:attachment":[{"href":"https:\/\/www.nexoinformativo.mx\/index.php\/wp-json\/wp\/v2\/media?parent=12155"}],"wp:term":[{"taxonomy":"category","embeddable":true,"href":"https:\/\/www.nexoinformativo.mx\/index.php\/wp-json\/wp\/v2\/categories?post=12155"},{"taxonomy":"post_tag","embeddable":true,"href":"https:\/\/www.nexoinformativo.mx\/index.php\/wp-json\/wp\/v2\/tags?post=12155"}],"curies":[{"name":"wp","href":"https:\/\/api.w.org\/{rel}","templated":true}]}}