{"id":12192,"date":"2025-02-27T12:00:47","date_gmt":"2025-02-27T18:00:47","guid":{"rendered":"https:\/\/www.nexoinformativo.mx\/?p=12192"},"modified":"2025-02-27T15:59:02","modified_gmt":"2025-02-27T21:59:02","slug":"usebeq-reporta-alta-participacion-preinscripciones-alcanzan-el-80-de-la-meta-en-educacion-basica","status":"publish","type":"post","link":"https:\/\/www.nexoinformativo.mx\/index.php\/2025\/02\/27\/usebeq-reporta-alta-participacion-preinscripciones-alcanzan-el-80-de-la-meta-en-educacion-basica\/","title":{"rendered":"USEBEQ reporta alta participaci\u00f3n Preinscripciones alcanzan el 80% de la meta en educaci\u00f3n b\u00e1sica"},"content":{"rendered":"<p style=\"text-align: justify;\" data-sourcepos=\"13:1-13:276\"><strong>La Unidad de Servicios de Educaci\u00f3n B\u00e1sica en el Estado de Quer\u00e9taro<\/strong> (USEBEQ) ha informado que el proceso de preinscripciones para educaci\u00f3n b\u00e1sica ha alcanzado el 80% de la meta establecida, lo que representa alrededor de 78 mil estudiantes.<\/p>\n<\/p>\n<p>&nbsp;<\/p>\n<p style=\"text-align: justify;\" data-sourcepos=\"15:1-15:277\">La coordinadora general de USEBEQ, Irene Quintanar, destac\u00f3 el \u00e9xito del proceso y la colaboraci\u00f3n de los padres de familia. Se espera alcanzar el 96% de la meta en una tercera etapa, del 2 al 4 de abril, destinada a estudiantes que rechazaron la escuela asignada inicialmente.<\/p>\n<\/p>\n<p>&nbsp;<\/p>\n<p style=\"text-align: justify;\" data-sourcepos=\"17:1-17:217\">&#8220;Nos fue muy bien, llegamos al 80 por ciento, alrededor de 78 mil estudiantes, nos fue muy bien, creo que los papas han buscado la manera de tener comunicaci\u00f3n si es que tienen alguna complicaci\u00f3n&#8221;, detall\u00f3 Quintanar.<\/p>\n<\/p>\n<p>&nbsp;<\/p>\n<p style=\"text-align: justify;\" data-sourcepos=\"19:1-19:127\">USEBEQ tambi\u00e9n se prepara para recibir a familias que se mudan al estado, garantizando espacios escolares para todos los ni\u00f1os.<\/p>\n<\/p>\n<p>&nbsp;<\/p>\n<p style=\"text-align: center;\" data-sourcepos=\"19:1-19:127\"><em><strong>\u00a1Informaci\u00f3n que transforma!<\/strong><\/em><\/p>\n","protected":false},"excerpt":{"rendered":"<p>La Unidad de Servicios de Educaci\u00f3n B\u00e1sica en el Estado de Quer\u00e9taro (USEBEQ) ha informado que el proceso de preinscripciones para educaci\u00f3n b\u00e1sica ha alcanzado el 80% de la meta establecida, lo que representa alrededor de 78 mil estudiantes.<\/p>\n","protected":false},"author":3,"featured_media":12193,"comment_status":"open","ping_status":"open","sticky":false,"template":"","format":"standard","meta":{"footnotes":""},"categories":[58],"tags":[495,1577,3579,254],"class_list":["post-12192","post","type-post","status-publish","format-standard","has-post-thumbnail","hentry","category-ultima-hora","tag-educacionqueretaro","tag-escuelasqueretaro","tag-preinscripcionesqro","tag-usebeq"],"yoast_head":"<!-- This site is optimized with the Yoast SEO plugin v25.0 - https:\/\/yoast.com\/wordpress\/plugins\/seo\/ -->\n<title>USEBEQ reporta alta participaci\u00f3n Preinscripciones alcanzan el 80% de la meta en educaci\u00f3n b\u00e1sica | Nexo Informativo Santiago de Quer\u00e9taro<\/title>\n<meta name=\"description\" content=\"USEBEQ reporta alta participaci\u00f3n Preinscripciones alcanzan el 80% de la meta en educaci\u00f3n b\u00e1sica\" \/>\n<meta name=\"robots\" content=\"index, follow, max-snippet:-1, max-image-preview:large, max-video-preview:-1\" \/>\n<link rel=\"canonical\" href=\"https:\/\/www.nexoinformativo.mx\/index.php\/2025\/02\/27\/usebeq-reporta-alta-participacion-preinscripciones-alcanzan-el-80-de-la-meta-en-educacion-basica\/\" \/>\n<meta property=\"og:locale\" content=\"es_MX\" \/>\n<meta property=\"og:type\" content=\"article\" \/>\n<meta property=\"og:title\" content=\"USEBEQ reporta alta participaci\u00f3n Preinscripciones alcanzan el 80% de la meta en educaci\u00f3n b\u00e1sica | Nexo Informativo Santiago de Quer\u00e9taro\" \/>\n<meta property=\"og:description\" content=\"USEBEQ reporta alta participaci\u00f3n Preinscripciones alcanzan el 80% de la meta en educaci\u00f3n b\u00e1sica\" \/>\n<meta property=\"og:url\" content=\"https:\/\/www.nexoinformativo.mx\/index.php\/2025\/02\/27\/usebeq-reporta-alta-participacion-preinscripciones-alcanzan-el-80-de-la-meta-en-educacion-basica\/\" \/>\n<meta property=\"og:site_name\" content=\"Nexo Informativo Santiago de Quer\u00e9taro\" \/>\n<meta property=\"article:publisher\" content=\"https:\/\/www.facebook.com\/people\/Nexo-Informativo\/61564066885511\/\" \/>\n<meta property=\"article:published_time\" content=\"2025-02-27T18:00:47+00:00\" \/>\n<meta property=\"article:modified_time\" content=\"2025-02-27T21:59:02+00:00\" \/>\n<meta property=\"og:image\" content=\"https:\/\/www.nexoinformativo.mx\/wp-content\/uploads\/2025\/02\/1ac8057c-46f9-452c-8d61-a32a43b25dd1-e1740693500990.jpg\" \/>\n\t<meta property=\"og:image:width\" content=\"800\" \/>\n\t<meta property=\"og:image:height\" content=\"713\" \/>\n\t<meta property=\"og:image:type\" content=\"image\/jpeg\" \/>\n<meta name=\"author\" content=\"Nexo Informativo\" \/>\n<meta name=\"twitter:card\" content=\"summary_large_image\" \/>\n<meta name=\"twitter:label1\" content=\"Escrito por\" \/>\n\t<meta name=\"twitter:data1\" content=\"Nexo Informativo\" \/>\n\t<meta name=\"twitter:label2\" content=\"Tiempo de lectura\" \/>\n\t<meta name=\"twitter:data2\" content=\"1 minuto\" \/>\n<script type=\"application\/ld+json\" class=\"yoast-schema-graph\">{\"@context\":\"https:\/\/schema.org\",\"@graph\":[{\"@type\":\"Article\",\"@id\":\"https:\/\/www.nexoinformativo.mx\/index.php\/2025\/02\/27\/usebeq-reporta-alta-participacion-preinscripciones-alcanzan-el-80-de-la-meta-en-educacion-basica\/#article\",\"isPartOf\":{\"@id\":\"https:\/\/www.nexoinformativo.mx\/index.php\/2025\/02\/27\/usebeq-reporta-alta-participacion-preinscripciones-alcanzan-el-80-de-la-meta-en-educacion-basica\/\"},\"author\":{\"name\":\"Nexo Informativo\",\"@id\":\"https:\/\/www.nexoinformativo.mx\/#\/schema\/person\/7749d380ba08c8ca00d7bc76fd907b7d\"},\"headline\":\"USEBEQ reporta alta participaci\u00f3n Preinscripciones alcanzan el 80% de la meta en educaci\u00f3n b\u00e1sica\",\"datePublished\":\"2025-02-27T18:00:47+00:00\",\"dateModified\":\"2025-02-27T21:59:02+00:00\",\"mainEntityOfPage\":{\"@id\":\"https:\/\/www.nexoinformativo.mx\/index.php\/2025\/02\/27\/usebeq-reporta-alta-participacion-preinscripciones-alcanzan-el-80-de-la-meta-en-educacion-basica\/\"},\"wordCount\":170,\"commentCount\":0,\"publisher\":{\"@id\":\"https:\/\/www.nexoinformativo.mx\/#organization\"},\"image\":{\"@id\":\"https:\/\/www.nexoinformativo.mx\/index.php\/2025\/02\/27\/usebeq-reporta-alta-participacion-preinscripciones-alcanzan-el-80-de-la-meta-en-educacion-basica\/#primaryimage\"},\"thumbnailUrl\":\"https:\/\/www.nexoinformativo.mx\/wp-content\/uploads\/2025\/02\/1ac8057c-46f9-452c-8d61-a32a43b25dd1-e1740693500990.jpg\",\"keywords\":[\"Educaci\u00f3nQuer\u00e9taro\",\"EscuelasQuer\u00e9taro\",\"PreinscripcionesQro\",\"USEBEQ\"],\"articleSection\":[\"\u00daltima Hora\"],\"inLanguage\":\"es\",\"potentialAction\":[{\"@type\":\"CommentAction\",\"name\":\"Comment\",\"target\":[\"https:\/\/www.nexoinformativo.mx\/index.php\/2025\/02\/27\/usebeq-reporta-alta-participacion-preinscripciones-alcanzan-el-80-de-la-meta-en-educacion-basica\/#respond\"]}]},{\"@type\":\"WebPage\",\"@id\":\"https:\/\/www.nexoinformativo.mx\/index.php\/2025\/02\/27\/usebeq-reporta-alta-participacion-preinscripciones-alcanzan-el-80-de-la-meta-en-educacion-basica\/\",\"url\":\"https:\/\/www.nexoinformativo.mx\/index.php\/2025\/02\/27\/usebeq-reporta-alta-participacion-preinscripciones-alcanzan-el-80-de-la-meta-en-educacion-basica\/\",\"name\":\"USEBEQ reporta alta participaci\u00f3n Preinscripciones alcanzan el 80% de la meta en educaci\u00f3n b\u00e1sica | Nexo Informativo Santiago de Quer\u00e9taro\",\"isPartOf\":{\"@id\":\"https:\/\/www.nexoinformativo.mx\/#website\"},\"primaryImageOfPage\":{\"@id\":\"https:\/\/www.nexoinformativo.mx\/index.php\/2025\/02\/27\/usebeq-reporta-alta-participacion-preinscripciones-alcanzan-el-80-de-la-meta-en-educacion-basica\/#primaryimage\"},\"image\":{\"@id\":\"https:\/\/www.nexoinformativo.mx\/index.php\/2025\/02\/27\/usebeq-reporta-alta-participacion-preinscripciones-alcanzan-el-80-de-la-meta-en-educacion-basica\/#primaryimage\"},\"thumbnailUrl\":\"https:\/\/www.nexoinformativo.mx\/wp-content\/uploads\/2025\/02\/1ac8057c-46f9-452c-8d61-a32a43b25dd1-e1740693500990.jpg\",\"datePublished\":\"2025-02-27T18:00:47+00:00\",\"dateModified\":\"2025-02-27T21:59:02+00:00\",\"description\":\"USEBEQ reporta alta participaci\u00f3n Preinscripciones alcanzan el 80% de la meta en educaci\u00f3n b\u00e1sica\",\"breadcrumb\":{\"@id\":\"https:\/\/www.nexoinformativo.mx\/index.php\/2025\/02\/27\/usebeq-reporta-alta-participacion-preinscripciones-alcanzan-el-80-de-la-meta-en-educacion-basica\/#breadcrumb\"},\"inLanguage\":\"es\",\"potentialAction\":[{\"@type\":\"ReadAction\",\"target\":[\"https:\/\/www.nexoinformativo.mx\/index.php\/2025\/02\/27\/usebeq-reporta-alta-participacion-preinscripciones-alcanzan-el-80-de-la-meta-en-educacion-basica\/\"]}]},{\"@type\":\"ImageObject\",\"inLanguage\":\"es\",\"@id\":\"https:\/\/www.nexoinformativo.mx\/index.php\/2025\/02\/27\/usebeq-reporta-alta-participacion-preinscripciones-alcanzan-el-80-de-la-meta-en-educacion-basica\/#primaryimage\",\"url\":\"https:\/\/www.nexoinformativo.mx\/wp-content\/uploads\/2025\/02\/1ac8057c-46f9-452c-8d61-a32a43b25dd1-e1740693500990.jpg\",\"contentUrl\":\"https:\/\/www.nexoinformativo.mx\/wp-content\/uploads\/2025\/02\/1ac8057c-46f9-452c-8d61-a32a43b25dd1-e1740693500990.jpg\",\"width\":800,\"height\":713},{\"@type\":\"BreadcrumbList\",\"@id\":\"https:\/\/www.nexoinformativo.mx\/index.php\/2025\/02\/27\/usebeq-reporta-alta-participacion-preinscripciones-alcanzan-el-80-de-la-meta-en-educacion-basica\/#breadcrumb\",\"itemListElement\":[{\"@type\":\"ListItem\",\"position\":1,\"name\":\"Inicio\",\"item\":\"https:\/\/www.nexoinformativo.mx\/\"},{\"@type\":\"ListItem\",\"position\":2,\"name\":\"USEBEQ reporta alta participaci\u00f3n Preinscripciones alcanzan el 80% de la meta en educaci\u00f3n b\u00e1sica\"}]},{\"@type\":\"WebSite\",\"@id\":\"https:\/\/www.nexoinformativo.mx\/#website\",\"url\":\"https:\/\/www.nexoinformativo.mx\/\",\"name\":\"Nexo Informativo Santiago de Quer\u00e9taro\",\"description\":\"Explora NexoInformativo y convi\u00e9rtete en parte de una comunidad que valora el conocimiento y la verdad. Tu nexoinformativo es tu puente hacia una comprensi\u00f3n m\u00e1s profunda del mundo que te rodea.\",\"publisher\":{\"@id\":\"https:\/\/www.nexoinformativo.mx\/#organization\"},\"potentialAction\":[{\"@type\":\"SearchAction\",\"target\":{\"@type\":\"EntryPoint\",\"urlTemplate\":\"https:\/\/www.nexoinformativo.mx\/?s={search_term_string}\"},\"query-input\":{\"@type\":\"PropertyValueSpecification\",\"valueRequired\":true,\"valueName\":\"search_term_string\"}}],\"inLanguage\":\"es\"},{\"@type\":\"Organization\",\"@id\":\"https:\/\/www.nexoinformativo.mx\/#organization\",\"name\":\"Nexo Informativo Santiago de Quer\u00e9taro\",\"url\":\"https:\/\/www.nexoinformativo.mx\/\",\"logo\":{\"@type\":\"ImageObject\",\"inLanguage\":\"es\",\"@id\":\"https:\/\/www.nexoinformativo.mx\/#\/schema\/logo\/image\/\",\"url\":\"https:\/\/www.nexoinformativo.mx\/wp-content\/uploads\/2024\/07\/nexoi-trasparente-2.png\",\"contentUrl\":\"https:\/\/www.nexoinformativo.mx\/wp-content\/uploads\/2024\/07\/nexoi-trasparente-2.png\",\"width\":816,\"height\":339,\"caption\":\"Nexo Informativo Santiago de Quer\u00e9taro\"},\"image\":{\"@id\":\"https:\/\/www.nexoinformativo.mx\/#\/schema\/logo\/image\/\"},\"sameAs\":[\"https:\/\/www.facebook.com\/people\/Nexo-Informativo\/61564066885511\/\"]},{\"@type\":\"Person\",\"@id\":\"https:\/\/www.nexoinformativo.mx\/#\/schema\/person\/7749d380ba08c8ca00d7bc76fd907b7d\",\"name\":\"Nexo Informativo\",\"image\":{\"@type\":\"ImageObject\",\"inLanguage\":\"es\",\"@id\":\"https:\/\/www.nexoinformativo.mx\/#\/schema\/person\/image\/\",\"url\":\"https:\/\/secure.gravatar.com\/avatar\/dde2928154642a13d95f87ddf1ea9718fe2b46760a005c53e41ff5ad610704e6?s=96&d=mm&r=g\",\"contentUrl\":\"https:\/\/secure.gravatar.com\/avatar\/dde2928154642a13d95f87ddf1ea9718fe2b46760a005c53e41ff5ad610704e6?s=96&d=mm&r=g\",\"caption\":\"Nexo Informativo\"},\"url\":\"https:\/\/www.nexoinformativo.mx\/index.php\/author\/edicion\/\"}]}<\/script>\n<!-- \/ Yoast SEO plugin. -->","yoast_head_json":{"title":"USEBEQ reporta alta participaci\u00f3n Preinscripciones alcanzan el 80% de la meta en educaci\u00f3n b\u00e1sica | Nexo Informativo Santiago de Quer\u00e9taro","description":"USEBEQ reporta alta participaci\u00f3n Preinscripciones alcanzan el 80% de la meta en educaci\u00f3n b\u00e1sica","robots":{"index":"index","follow":"follow","max-snippet":"max-snippet:-1","max-image-preview":"max-image-preview:large","max-video-preview":"max-video-preview:-1"},"canonical":"https:\/\/www.nexoinformativo.mx\/index.php\/2025\/02\/27\/usebeq-reporta-alta-participacion-preinscripciones-alcanzan-el-80-de-la-meta-en-educacion-basica\/","og_locale":"es_MX","og_type":"article","og_title":"USEBEQ reporta alta participaci\u00f3n Preinscripciones alcanzan el 80% de la meta en educaci\u00f3n b\u00e1sica | Nexo Informativo Santiago de Quer\u00e9taro","og_description":"USEBEQ reporta alta participaci\u00f3n Preinscripciones alcanzan el 80% de la meta en educaci\u00f3n b\u00e1sica","og_url":"https:\/\/www.nexoinformativo.mx\/index.php\/2025\/02\/27\/usebeq-reporta-alta-participacion-preinscripciones-alcanzan-el-80-de-la-meta-en-educacion-basica\/","og_site_name":"Nexo Informativo Santiago de Quer\u00e9taro","article_publisher":"https:\/\/www.facebook.com\/people\/Nexo-Informativo\/61564066885511\/","article_published_time":"2025-02-27T18:00:47+00:00","article_modified_time":"2025-02-27T21:59:02+00:00","og_image":[{"width":800,"height":713,"url":"https:\/\/www.nexoinformativo.mx\/wp-content\/uploads\/2025\/02\/1ac8057c-46f9-452c-8d61-a32a43b25dd1-e1740693500990.jpg","type":"image\/jpeg"}],"author":"Nexo Informativo","twitter_card":"summary_large_image","twitter_misc":{"Escrito por":"Nexo Informativo","Tiempo de lectura":"1 minuto"},"schema":{"@context":"https:\/\/schema.org","@graph":[{"@type":"Article","@id":"https:\/\/www.nexoinformativo.mx\/index.php\/2025\/02\/27\/usebeq-reporta-alta-participacion-preinscripciones-alcanzan-el-80-de-la-meta-en-educacion-basica\/#article","isPartOf":{"@id":"https:\/\/www.nexoinformativo.mx\/index.php\/2025\/02\/27\/usebeq-reporta-alta-participacion-preinscripciones-alcanzan-el-80-de-la-meta-en-educacion-basica\/"},"author":{"name":"Nexo Informativo","@id":"https:\/\/www.nexoinformativo.mx\/#\/schema\/person\/7749d380ba08c8ca00d7bc76fd907b7d"},"headline":"USEBEQ reporta alta participaci\u00f3n Preinscripciones alcanzan el 80% de la meta en educaci\u00f3n b\u00e1sica","datePublished":"2025-02-27T18:00:47+00:00","dateModified":"2025-02-27T21:59:02+00:00","mainEntityOfPage":{"@id":"https:\/\/www.nexoinformativo.mx\/index.php\/2025\/02\/27\/usebeq-reporta-alta-participacion-preinscripciones-alcanzan-el-80-de-la-meta-en-educacion-basica\/"},"wordCount":170,"commentCount":0,"publisher":{"@id":"https:\/\/www.nexoinformativo.mx\/#organization"},"image":{"@id":"https:\/\/www.nexoinformativo.mx\/index.php\/2025\/02\/27\/usebeq-reporta-alta-participacion-preinscripciones-alcanzan-el-80-de-la-meta-en-educacion-basica\/#primaryimage"},"thumbnailUrl":"https:\/\/www.nexoinformativo.mx\/wp-content\/uploads\/2025\/02\/1ac8057c-46f9-452c-8d61-a32a43b25dd1-e1740693500990.jpg","keywords":["Educaci\u00f3nQuer\u00e9taro","EscuelasQuer\u00e9taro","PreinscripcionesQro","USEBEQ"],"articleSection":["\u00daltima Hora"],"inLanguage":"es","potentialAction":[{"@type":"CommentAction","name":"Comment","target":["https:\/\/www.nexoinformativo.mx\/index.php\/2025\/02\/27\/usebeq-reporta-alta-participacion-preinscripciones-alcanzan-el-80-de-la-meta-en-educacion-basica\/#respond"]}]},{"@type":"WebPage","@id":"https:\/\/www.nexoinformativo.mx\/index.php\/2025\/02\/27\/usebeq-reporta-alta-participacion-preinscripciones-alcanzan-el-80-de-la-meta-en-educacion-basica\/","url":"https:\/\/www.nexoinformativo.mx\/index.php\/2025\/02\/27\/usebeq-reporta-alta-participacion-preinscripciones-alcanzan-el-80-de-la-meta-en-educacion-basica\/","name":"USEBEQ reporta alta participaci\u00f3n Preinscripciones alcanzan el 80% de la meta en educaci\u00f3n b\u00e1sica | Nexo Informativo Santiago de Quer\u00e9taro","isPartOf":{"@id":"https:\/\/www.nexoinformativo.mx\/#website"},"primaryImageOfPage":{"@id":"https:\/\/www.nexoinformativo.mx\/index.php\/2025\/02\/27\/usebeq-reporta-alta-participacion-preinscripciones-alcanzan-el-80-de-la-meta-en-educacion-basica\/#primaryimage"},"image":{"@id":"https:\/\/www.nexoinformativo.mx\/index.php\/2025\/02\/27\/usebeq-reporta-alta-participacion-preinscripciones-alcanzan-el-80-de-la-meta-en-educacion-basica\/#primaryimage"},"thumbnailUrl":"https:\/\/www.nexoinformativo.mx\/wp-content\/uploads\/2025\/02\/1ac8057c-46f9-452c-8d61-a32a43b25dd1-e1740693500990.jpg","datePublished":"2025-02-27T18:00:47+00:00","dateModified":"2025-02-27T21:59:02+00:00","description":"USEBEQ reporta alta participaci\u00f3n Preinscripciones alcanzan el 80% de la meta en educaci\u00f3n b\u00e1sica","breadcrumb":{"@id":"https:\/\/www.nexoinformativo.mx\/index.php\/2025\/02\/27\/usebeq-reporta-alta-participacion-preinscripciones-alcanzan-el-80-de-la-meta-en-educacion-basica\/#breadcrumb"},"inLanguage":"es","potentialAction":[{"@type":"ReadAction","target":["https:\/\/www.nexoinformativo.mx\/index.php\/2025\/02\/27\/usebeq-reporta-alta-participacion-preinscripciones-alcanzan-el-80-de-la-meta-en-educacion-basica\/"]}]},{"@type":"ImageObject","inLanguage":"es","@id":"https:\/\/www.nexoinformativo.mx\/index.php\/2025\/02\/27\/usebeq-reporta-alta-participacion-preinscripciones-alcanzan-el-80-de-la-meta-en-educacion-basica\/#primaryimage","url":"https:\/\/www.nexoinformativo.mx\/wp-content\/uploads\/2025\/02\/1ac8057c-46f9-452c-8d61-a32a43b25dd1-e1740693500990.jpg","contentUrl":"https:\/\/www.nexoinformativo.mx\/wp-content\/uploads\/2025\/02\/1ac8057c-46f9-452c-8d61-a32a43b25dd1-e1740693500990.jpg","width":800,"height":713},{"@type":"BreadcrumbList","@id":"https:\/\/www.nexoinformativo.mx\/index.php\/2025\/02\/27\/usebeq-reporta-alta-participacion-preinscripciones-alcanzan-el-80-de-la-meta-en-educacion-basica\/#breadcrumb","itemListElement":[{"@type":"ListItem","position":1,"name":"Inicio","item":"https:\/\/www.nexoinformativo.mx\/"},{"@type":"ListItem","position":2,"name":"USEBEQ reporta alta participaci\u00f3n Preinscripciones alcanzan el 80% de la meta en educaci\u00f3n b\u00e1sica"}]},{"@type":"WebSite","@id":"https:\/\/www.nexoinformativo.mx\/#website","url":"https:\/\/www.nexoinformativo.mx\/","name":"Nexo Informativo Santiago de Quer\u00e9taro","description":"Explora NexoInformativo y convi\u00e9rtete en parte de una comunidad que valora el conocimiento y la verdad. Tu nexoinformativo es tu puente hacia una comprensi\u00f3n m\u00e1s profunda del mundo que te rodea.","publisher":{"@id":"https:\/\/www.nexoinformativo.mx\/#organization"},"potentialAction":[{"@type":"SearchAction","target":{"@type":"EntryPoint","urlTemplate":"https:\/\/www.nexoinformativo.mx\/?s={search_term_string}"},"query-input":{"@type":"PropertyValueSpecification","valueRequired":true,"valueName":"search_term_string"}}],"inLanguage":"es"},{"@type":"Organization","@id":"https:\/\/www.nexoinformativo.mx\/#organization","name":"Nexo Informativo Santiago de Quer\u00e9taro","url":"https:\/\/www.nexoinformativo.mx\/","logo":{"@type":"ImageObject","inLanguage":"es","@id":"https:\/\/www.nexoinformativo.mx\/#\/schema\/logo\/image\/","url":"https:\/\/www.nexoinformativo.mx\/wp-content\/uploads\/2024\/07\/nexoi-trasparente-2.png","contentUrl":"https:\/\/www.nexoinformativo.mx\/wp-content\/uploads\/2024\/07\/nexoi-trasparente-2.png","width":816,"height":339,"caption":"Nexo Informativo Santiago de Quer\u00e9taro"},"image":{"@id":"https:\/\/www.nexoinformativo.mx\/#\/schema\/logo\/image\/"},"sameAs":["https:\/\/www.facebook.com\/people\/Nexo-Informativo\/61564066885511\/"]},{"@type":"Person","@id":"https:\/\/www.nexoinformativo.mx\/#\/schema\/person\/7749d380ba08c8ca00d7bc76fd907b7d","name":"Nexo Informativo","image":{"@type":"ImageObject","inLanguage":"es","@id":"https:\/\/www.nexoinformativo.mx\/#\/schema\/person\/image\/","url":"https:\/\/secure.gravatar.com\/avatar\/dde2928154642a13d95f87ddf1ea9718fe2b46760a005c53e41ff5ad610704e6?s=96&d=mm&r=g","contentUrl":"https:\/\/secure.gravatar.com\/avatar\/dde2928154642a13d95f87ddf1ea9718fe2b46760a005c53e41ff5ad610704e6?s=96&d=mm&r=g","caption":"Nexo Informativo"},"url":"https:\/\/www.nexoinformativo.mx\/index.php\/author\/edicion\/"}]}},"_links":{"self":[{"href":"https:\/\/www.nexoinformativo.mx\/index.php\/wp-json\/wp\/v2\/posts\/12192","targetHints":{"allow":["GET"]}}],"collection":[{"href":"https:\/\/www.nexoinformativo.mx\/index.php\/wp-json\/wp\/v2\/posts"}],"about":[{"href":"https:\/\/www.nexoinformativo.mx\/index.php\/wp-json\/wp\/v2\/types\/post"}],"author":[{"embeddable":true,"href":"https:\/\/www.nexoinformativo.mx\/index.php\/wp-json\/wp\/v2\/users\/3"}],"replies":[{"embeddable":true,"href":"https:\/\/www.nexoinformativo.mx\/index.php\/wp-json\/wp\/v2\/comments?post=12192"}],"version-history":[{"count":3,"href":"https:\/\/www.nexoinformativo.mx\/index.php\/wp-json\/wp\/v2\/posts\/12192\/revisions"}],"predecessor-version":[{"id":12195,"href":"https:\/\/www.nexoinformativo.mx\/index.php\/wp-json\/wp\/v2\/posts\/12192\/revisions\/12195"}],"wp:featuredmedia":[{"embeddable":true,"href":"https:\/\/www.nexoinformativo.mx\/index.php\/wp-json\/wp\/v2\/media\/12193"}],"wp:attachment":[{"href":"https:\/\/www.nexoinformativo.mx\/index.php\/wp-json\/wp\/v2\/media?parent=12192"}],"wp:term":[{"taxonomy":"category","embeddable":true,"href":"https:\/\/www.nexoinformativo.mx\/index.php\/wp-json\/wp\/v2\/categories?post=12192"},{"taxonomy":"post_tag","embeddable":true,"href":"https:\/\/www.nexoinformativo.mx\/index.php\/wp-json\/wp\/v2\/tags?post=12192"}],"curies":[{"name":"wp","href":"https:\/\/api.w.org\/{rel}","templated":true}]}}