{"id":12197,"date":"2025-02-27T12:30:15","date_gmt":"2025-02-27T18:30:15","guid":{"rendered":"https:\/\/www.nexoinformativo.mx\/?p=12197"},"modified":"2025-02-27T16:07:00","modified_gmt":"2025-02-27T22:07:00","slug":"mauricio-kuri-lamenta-que-ley-contra-el-nepotismo-se-aplique-hasta-2030","status":"publish","type":"post","link":"https:\/\/www.nexoinformativo.mx\/index.php\/2025\/02\/27\/mauricio-kuri-lamenta-que-ley-contra-el-nepotismo-se-aplique-hasta-2030\/","title":{"rendered":"Mauricio Kuri lamenta que Ley contra el nepotismo se aplique hasta 2030"},"content":{"rendered":"<p style=\"text-align: justify;\">El gobernador de Quer\u00e9taro, Mauricio Kuri, celebr\u00f3 la aprobaci\u00f3n de la ley contra el nepotismo electoral en el Senado de la Rep\u00fablica, pero lament\u00f3 que su aplicaci\u00f3n se haya pospuesto hasta 2030.<\/p>\n<p>&nbsp;<\/p>\n<p style=\"text-align: justify;\">La iniciativa de reforma constitucional de la presidenta Claudia Sheinbaum fue modificada para retrasar la entrada en vigor de la prohibici\u00f3n del nepotismo electoral de 2027 a 2030, con el aval de Morena, sus aliados y el PRI.<\/p>\n<p>&nbsp;<\/p>\n<p style=\"text-align: justify;\">En redes sociales, Kuri expres\u00f3 que los actores pol\u00edticos deben ser sensibles a la indignaci\u00f3n y exigencia de la gente. Afirm\u00f3 que recomendar\u00e1 al PAN Quer\u00e9taro aplicar este criterio de inmediato como norma interna, en congruencia y respuesta al sentimiento popular.<\/p>\n<p>&nbsp;<\/p>\n<p style=\"text-align: justify;\">Durante el evento conmemorativo del aniversario de la Constituci\u00f3n de M\u00e9xico en el Teatro de la Rep\u00fablica, la presidenta Sheinbaum anunci\u00f3 que enviar\u00eda al congreso federal dos iniciativas de ley: Una para prohibir la reelecci\u00f3n en cargos de elecci\u00f3n popular y otra para prohibir el nepotismo electoral.<\/p>\n<p>&nbsp;<\/p>\n<p style=\"text-align: center;\"><em><strong>\u00a1Informaci\u00f3n que transforma!<\/strong><\/em><\/p>\n","protected":false},"excerpt":{"rendered":"<p>El gobernador de Quer\u00e9taro, Mauricio Kuri, celebr\u00f3 la aprobaci\u00f3n de la ley contra el nepotismo electoral en el Senado de la Rep\u00fablica, pero lament\u00f3 que su aplicaci\u00f3n se haya pospuesto hasta 2030.<\/p>\n","protected":false},"author":3,"featured_media":12199,"comment_status":"open","ping_status":"open","sticky":false,"template":"","format":"standard","meta":{"footnotes":""},"categories":[42,21,58],"tags":[967,661,3580,775],"class_list":["post-12197","post","type-post","status-publish","format-standard","has-post-thumbnail","hentry","category-estado","category-politica","category-ultima-hora","tag-claudiasheinbaum","tag-mauriciokuri","tag-nepotismoelectoral","tag-reformaconstitucional"],"yoast_head":"<!-- This site is optimized with the Yoast SEO plugin v25.0 - https:\/\/yoast.com\/wordpress\/plugins\/seo\/ -->\n<title>Mauricio Kuri lamenta que Ley contra el nepotismo se aplique hasta 2030 | Nexo Informativo Santiago de Quer\u00e9taro<\/title>\n<meta name=\"description\" content=\"Mauricio Kuri Lamenta que Ley contra el nepotismo se aplique hasta 2030\" \/>\n<meta name=\"robots\" content=\"index, follow, max-snippet:-1, max-image-preview:large, max-video-preview:-1\" \/>\n<link rel=\"canonical\" href=\"https:\/\/www.nexoinformativo.mx\/index.php\/2025\/02\/27\/mauricio-kuri-lamenta-que-ley-contra-el-nepotismo-se-aplique-hasta-2030\/\" \/>\n<meta property=\"og:locale\" content=\"es_MX\" \/>\n<meta property=\"og:type\" content=\"article\" \/>\n<meta property=\"og:title\" content=\"Mauricio Kuri lamenta que Ley contra el nepotismo se aplique hasta 2030 | Nexo Informativo Santiago de Quer\u00e9taro\" \/>\n<meta property=\"og:description\" content=\"Mauricio Kuri Lamenta que Ley contra el nepotismo se aplique hasta 2030\" \/>\n<meta property=\"og:url\" content=\"https:\/\/www.nexoinformativo.mx\/index.php\/2025\/02\/27\/mauricio-kuri-lamenta-que-ley-contra-el-nepotismo-se-aplique-hasta-2030\/\" \/>\n<meta property=\"og:site_name\" content=\"Nexo Informativo Santiago de Quer\u00e9taro\" \/>\n<meta property=\"article:publisher\" content=\"https:\/\/www.facebook.com\/people\/Nexo-Informativo\/61564066885511\/\" \/>\n<meta property=\"article:published_time\" content=\"2025-02-27T18:30:15+00:00\" \/>\n<meta property=\"article:modified_time\" content=\"2025-02-27T22:07:00+00:00\" \/>\n<meta property=\"og:image\" content=\"https:\/\/www.nexoinformativo.mx\/wp-content\/uploads\/2025\/02\/PHOTO-2025-02-27-12-52-54-e1740693949124.jpg\" \/>\n\t<meta property=\"og:image:width\" content=\"800\" \/>\n\t<meta property=\"og:image:height\" content=\"534\" \/>\n\t<meta property=\"og:image:type\" content=\"image\/jpeg\" \/>\n<meta name=\"author\" content=\"Nexo Informativo\" \/>\n<meta name=\"twitter:card\" content=\"summary_large_image\" \/>\n<meta name=\"twitter:label1\" content=\"Escrito por\" \/>\n\t<meta name=\"twitter:data1\" content=\"Nexo Informativo\" \/>\n\t<meta name=\"twitter:label2\" content=\"Tiempo de lectura\" \/>\n\t<meta name=\"twitter:data2\" content=\"1 minuto\" \/>\n<script type=\"application\/ld+json\" class=\"yoast-schema-graph\">{\"@context\":\"https:\/\/schema.org\",\"@graph\":[{\"@type\":\"Article\",\"@id\":\"https:\/\/www.nexoinformativo.mx\/index.php\/2025\/02\/27\/mauricio-kuri-lamenta-que-ley-contra-el-nepotismo-se-aplique-hasta-2030\/#article\",\"isPartOf\":{\"@id\":\"https:\/\/www.nexoinformativo.mx\/index.php\/2025\/02\/27\/mauricio-kuri-lamenta-que-ley-contra-el-nepotismo-se-aplique-hasta-2030\/\"},\"author\":{\"name\":\"Nexo Informativo\",\"@id\":\"https:\/\/www.nexoinformativo.mx\/#\/schema\/person\/7749d380ba08c8ca00d7bc76fd907b7d\"},\"headline\":\"Mauricio Kuri lamenta que Ley contra el nepotismo se aplique hasta 2030\",\"datePublished\":\"2025-02-27T18:30:15+00:00\",\"dateModified\":\"2025-02-27T22:07:00+00:00\",\"mainEntityOfPage\":{\"@id\":\"https:\/\/www.nexoinformativo.mx\/index.php\/2025\/02\/27\/mauricio-kuri-lamenta-que-ley-contra-el-nepotismo-se-aplique-hasta-2030\/\"},\"wordCount\":188,\"commentCount\":0,\"publisher\":{\"@id\":\"https:\/\/www.nexoinformativo.mx\/#organization\"},\"image\":{\"@id\":\"https:\/\/www.nexoinformativo.mx\/index.php\/2025\/02\/27\/mauricio-kuri-lamenta-que-ley-contra-el-nepotismo-se-aplique-hasta-2030\/#primaryimage\"},\"thumbnailUrl\":\"https:\/\/www.nexoinformativo.mx\/wp-content\/uploads\/2025\/02\/PHOTO-2025-02-27-12-52-54-e1740693949124.jpg\",\"keywords\":[\"ClaudiaSheinbaum\",\"MauricioKuri\",\"NepotismoElectoral\",\"ReformaConstitucional\"],\"articleSection\":[\"Estado\",\"Pol\u00edtica\",\"\u00daltima Hora\"],\"inLanguage\":\"es\",\"potentialAction\":[{\"@type\":\"CommentAction\",\"name\":\"Comment\",\"target\":[\"https:\/\/www.nexoinformativo.mx\/index.php\/2025\/02\/27\/mauricio-kuri-lamenta-que-ley-contra-el-nepotismo-se-aplique-hasta-2030\/#respond\"]}]},{\"@type\":\"WebPage\",\"@id\":\"https:\/\/www.nexoinformativo.mx\/index.php\/2025\/02\/27\/mauricio-kuri-lamenta-que-ley-contra-el-nepotismo-se-aplique-hasta-2030\/\",\"url\":\"https:\/\/www.nexoinformativo.mx\/index.php\/2025\/02\/27\/mauricio-kuri-lamenta-que-ley-contra-el-nepotismo-se-aplique-hasta-2030\/\",\"name\":\"Mauricio Kuri lamenta que Ley contra el nepotismo se aplique hasta 2030 | Nexo Informativo Santiago de Quer\u00e9taro\",\"isPartOf\":{\"@id\":\"https:\/\/www.nexoinformativo.mx\/#website\"},\"primaryImageOfPage\":{\"@id\":\"https:\/\/www.nexoinformativo.mx\/index.php\/2025\/02\/27\/mauricio-kuri-lamenta-que-ley-contra-el-nepotismo-se-aplique-hasta-2030\/#primaryimage\"},\"image\":{\"@id\":\"https:\/\/www.nexoinformativo.mx\/index.php\/2025\/02\/27\/mauricio-kuri-lamenta-que-ley-contra-el-nepotismo-se-aplique-hasta-2030\/#primaryimage\"},\"thumbnailUrl\":\"https:\/\/www.nexoinformativo.mx\/wp-content\/uploads\/2025\/02\/PHOTO-2025-02-27-12-52-54-e1740693949124.jpg\",\"datePublished\":\"2025-02-27T18:30:15+00:00\",\"dateModified\":\"2025-02-27T22:07:00+00:00\",\"description\":\"Mauricio Kuri Lamenta que Ley contra el nepotismo se aplique hasta 2030\",\"breadcrumb\":{\"@id\":\"https:\/\/www.nexoinformativo.mx\/index.php\/2025\/02\/27\/mauricio-kuri-lamenta-que-ley-contra-el-nepotismo-se-aplique-hasta-2030\/#breadcrumb\"},\"inLanguage\":\"es\",\"potentialAction\":[{\"@type\":\"ReadAction\",\"target\":[\"https:\/\/www.nexoinformativo.mx\/index.php\/2025\/02\/27\/mauricio-kuri-lamenta-que-ley-contra-el-nepotismo-se-aplique-hasta-2030\/\"]}]},{\"@type\":\"ImageObject\",\"inLanguage\":\"es\",\"@id\":\"https:\/\/www.nexoinformativo.mx\/index.php\/2025\/02\/27\/mauricio-kuri-lamenta-que-ley-contra-el-nepotismo-se-aplique-hasta-2030\/#primaryimage\",\"url\":\"https:\/\/www.nexoinformativo.mx\/wp-content\/uploads\/2025\/02\/PHOTO-2025-02-27-12-52-54-e1740693949124.jpg\",\"contentUrl\":\"https:\/\/www.nexoinformativo.mx\/wp-content\/uploads\/2025\/02\/PHOTO-2025-02-27-12-52-54-e1740693949124.jpg\",\"width\":800,\"height\":534},{\"@type\":\"BreadcrumbList\",\"@id\":\"https:\/\/www.nexoinformativo.mx\/index.php\/2025\/02\/27\/mauricio-kuri-lamenta-que-ley-contra-el-nepotismo-se-aplique-hasta-2030\/#breadcrumb\",\"itemListElement\":[{\"@type\":\"ListItem\",\"position\":1,\"name\":\"Inicio\",\"item\":\"https:\/\/www.nexoinformativo.mx\/\"},{\"@type\":\"ListItem\",\"position\":2,\"name\":\"Mauricio Kuri lamenta que Ley contra el nepotismo se aplique hasta 2030\"}]},{\"@type\":\"WebSite\",\"@id\":\"https:\/\/www.nexoinformativo.mx\/#website\",\"url\":\"https:\/\/www.nexoinformativo.mx\/\",\"name\":\"Nexo Informativo Santiago de Quer\u00e9taro\",\"description\":\"Explora NexoInformativo y convi\u00e9rtete en parte de una comunidad que valora el conocimiento y la verdad. Tu nexoinformativo es tu puente hacia una comprensi\u00f3n m\u00e1s profunda del mundo que te rodea.\",\"publisher\":{\"@id\":\"https:\/\/www.nexoinformativo.mx\/#organization\"},\"potentialAction\":[{\"@type\":\"SearchAction\",\"target\":{\"@type\":\"EntryPoint\",\"urlTemplate\":\"https:\/\/www.nexoinformativo.mx\/?s={search_term_string}\"},\"query-input\":{\"@type\":\"PropertyValueSpecification\",\"valueRequired\":true,\"valueName\":\"search_term_string\"}}],\"inLanguage\":\"es\"},{\"@type\":\"Organization\",\"@id\":\"https:\/\/www.nexoinformativo.mx\/#organization\",\"name\":\"Nexo Informativo Santiago de Quer\u00e9taro\",\"url\":\"https:\/\/www.nexoinformativo.mx\/\",\"logo\":{\"@type\":\"ImageObject\",\"inLanguage\":\"es\",\"@id\":\"https:\/\/www.nexoinformativo.mx\/#\/schema\/logo\/image\/\",\"url\":\"https:\/\/www.nexoinformativo.mx\/wp-content\/uploads\/2024\/07\/nexoi-trasparente-2.png\",\"contentUrl\":\"https:\/\/www.nexoinformativo.mx\/wp-content\/uploads\/2024\/07\/nexoi-trasparente-2.png\",\"width\":816,\"height\":339,\"caption\":\"Nexo Informativo Santiago de Quer\u00e9taro\"},\"image\":{\"@id\":\"https:\/\/www.nexoinformativo.mx\/#\/schema\/logo\/image\/\"},\"sameAs\":[\"https:\/\/www.facebook.com\/people\/Nexo-Informativo\/61564066885511\/\"]},{\"@type\":\"Person\",\"@id\":\"https:\/\/www.nexoinformativo.mx\/#\/schema\/person\/7749d380ba08c8ca00d7bc76fd907b7d\",\"name\":\"Nexo Informativo\",\"image\":{\"@type\":\"ImageObject\",\"inLanguage\":\"es\",\"@id\":\"https:\/\/www.nexoinformativo.mx\/#\/schema\/person\/image\/\",\"url\":\"https:\/\/secure.gravatar.com\/avatar\/dde2928154642a13d95f87ddf1ea9718fe2b46760a005c53e41ff5ad610704e6?s=96&d=mm&r=g\",\"contentUrl\":\"https:\/\/secure.gravatar.com\/avatar\/dde2928154642a13d95f87ddf1ea9718fe2b46760a005c53e41ff5ad610704e6?s=96&d=mm&r=g\",\"caption\":\"Nexo Informativo\"},\"url\":\"https:\/\/www.nexoinformativo.mx\/index.php\/author\/edicion\/\"}]}<\/script>\n<!-- \/ Yoast SEO plugin. -->","yoast_head_json":{"title":"Mauricio Kuri lamenta que Ley contra el nepotismo se aplique hasta 2030 | Nexo Informativo Santiago de Quer\u00e9taro","description":"Mauricio Kuri Lamenta que Ley contra el nepotismo se aplique hasta 2030","robots":{"index":"index","follow":"follow","max-snippet":"max-snippet:-1","max-image-preview":"max-image-preview:large","max-video-preview":"max-video-preview:-1"},"canonical":"https:\/\/www.nexoinformativo.mx\/index.php\/2025\/02\/27\/mauricio-kuri-lamenta-que-ley-contra-el-nepotismo-se-aplique-hasta-2030\/","og_locale":"es_MX","og_type":"article","og_title":"Mauricio Kuri lamenta que Ley contra el nepotismo se aplique hasta 2030 | Nexo Informativo Santiago de Quer\u00e9taro","og_description":"Mauricio Kuri Lamenta que Ley contra el nepotismo se aplique hasta 2030","og_url":"https:\/\/www.nexoinformativo.mx\/index.php\/2025\/02\/27\/mauricio-kuri-lamenta-que-ley-contra-el-nepotismo-se-aplique-hasta-2030\/","og_site_name":"Nexo Informativo Santiago de Quer\u00e9taro","article_publisher":"https:\/\/www.facebook.com\/people\/Nexo-Informativo\/61564066885511\/","article_published_time":"2025-02-27T18:30:15+00:00","article_modified_time":"2025-02-27T22:07:00+00:00","og_image":[{"width":800,"height":534,"url":"https:\/\/www.nexoinformativo.mx\/wp-content\/uploads\/2025\/02\/PHOTO-2025-02-27-12-52-54-e1740693949124.jpg","type":"image\/jpeg"}],"author":"Nexo Informativo","twitter_card":"summary_large_image","twitter_misc":{"Escrito por":"Nexo Informativo","Tiempo de lectura":"1 minuto"},"schema":{"@context":"https:\/\/schema.org","@graph":[{"@type":"Article","@id":"https:\/\/www.nexoinformativo.mx\/index.php\/2025\/02\/27\/mauricio-kuri-lamenta-que-ley-contra-el-nepotismo-se-aplique-hasta-2030\/#article","isPartOf":{"@id":"https:\/\/www.nexoinformativo.mx\/index.php\/2025\/02\/27\/mauricio-kuri-lamenta-que-ley-contra-el-nepotismo-se-aplique-hasta-2030\/"},"author":{"name":"Nexo Informativo","@id":"https:\/\/www.nexoinformativo.mx\/#\/schema\/person\/7749d380ba08c8ca00d7bc76fd907b7d"},"headline":"Mauricio Kuri lamenta que Ley contra el nepotismo se aplique hasta 2030","datePublished":"2025-02-27T18:30:15+00:00","dateModified":"2025-02-27T22:07:00+00:00","mainEntityOfPage":{"@id":"https:\/\/www.nexoinformativo.mx\/index.php\/2025\/02\/27\/mauricio-kuri-lamenta-que-ley-contra-el-nepotismo-se-aplique-hasta-2030\/"},"wordCount":188,"commentCount":0,"publisher":{"@id":"https:\/\/www.nexoinformativo.mx\/#organization"},"image":{"@id":"https:\/\/www.nexoinformativo.mx\/index.php\/2025\/02\/27\/mauricio-kuri-lamenta-que-ley-contra-el-nepotismo-se-aplique-hasta-2030\/#primaryimage"},"thumbnailUrl":"https:\/\/www.nexoinformativo.mx\/wp-content\/uploads\/2025\/02\/PHOTO-2025-02-27-12-52-54-e1740693949124.jpg","keywords":["ClaudiaSheinbaum","MauricioKuri","NepotismoElectoral","ReformaConstitucional"],"articleSection":["Estado","Pol\u00edtica","\u00daltima Hora"],"inLanguage":"es","potentialAction":[{"@type":"CommentAction","name":"Comment","target":["https:\/\/www.nexoinformativo.mx\/index.php\/2025\/02\/27\/mauricio-kuri-lamenta-que-ley-contra-el-nepotismo-se-aplique-hasta-2030\/#respond"]}]},{"@type":"WebPage","@id":"https:\/\/www.nexoinformativo.mx\/index.php\/2025\/02\/27\/mauricio-kuri-lamenta-que-ley-contra-el-nepotismo-se-aplique-hasta-2030\/","url":"https:\/\/www.nexoinformativo.mx\/index.php\/2025\/02\/27\/mauricio-kuri-lamenta-que-ley-contra-el-nepotismo-se-aplique-hasta-2030\/","name":"Mauricio Kuri lamenta que Ley contra el nepotismo se aplique hasta 2030 | Nexo Informativo Santiago de Quer\u00e9taro","isPartOf":{"@id":"https:\/\/www.nexoinformativo.mx\/#website"},"primaryImageOfPage":{"@id":"https:\/\/www.nexoinformativo.mx\/index.php\/2025\/02\/27\/mauricio-kuri-lamenta-que-ley-contra-el-nepotismo-se-aplique-hasta-2030\/#primaryimage"},"image":{"@id":"https:\/\/www.nexoinformativo.mx\/index.php\/2025\/02\/27\/mauricio-kuri-lamenta-que-ley-contra-el-nepotismo-se-aplique-hasta-2030\/#primaryimage"},"thumbnailUrl":"https:\/\/www.nexoinformativo.mx\/wp-content\/uploads\/2025\/02\/PHOTO-2025-02-27-12-52-54-e1740693949124.jpg","datePublished":"2025-02-27T18:30:15+00:00","dateModified":"2025-02-27T22:07:00+00:00","description":"Mauricio Kuri Lamenta que Ley contra el nepotismo se aplique hasta 2030","breadcrumb":{"@id":"https:\/\/www.nexoinformativo.mx\/index.php\/2025\/02\/27\/mauricio-kuri-lamenta-que-ley-contra-el-nepotismo-se-aplique-hasta-2030\/#breadcrumb"},"inLanguage":"es","potentialAction":[{"@type":"ReadAction","target":["https:\/\/www.nexoinformativo.mx\/index.php\/2025\/02\/27\/mauricio-kuri-lamenta-que-ley-contra-el-nepotismo-se-aplique-hasta-2030\/"]}]},{"@type":"ImageObject","inLanguage":"es","@id":"https:\/\/www.nexoinformativo.mx\/index.php\/2025\/02\/27\/mauricio-kuri-lamenta-que-ley-contra-el-nepotismo-se-aplique-hasta-2030\/#primaryimage","url":"https:\/\/www.nexoinformativo.mx\/wp-content\/uploads\/2025\/02\/PHOTO-2025-02-27-12-52-54-e1740693949124.jpg","contentUrl":"https:\/\/www.nexoinformativo.mx\/wp-content\/uploads\/2025\/02\/PHOTO-2025-02-27-12-52-54-e1740693949124.jpg","width":800,"height":534},{"@type":"BreadcrumbList","@id":"https:\/\/www.nexoinformativo.mx\/index.php\/2025\/02\/27\/mauricio-kuri-lamenta-que-ley-contra-el-nepotismo-se-aplique-hasta-2030\/#breadcrumb","itemListElement":[{"@type":"ListItem","position":1,"name":"Inicio","item":"https:\/\/www.nexoinformativo.mx\/"},{"@type":"ListItem","position":2,"name":"Mauricio Kuri lamenta que Ley contra el nepotismo se aplique hasta 2030"}]},{"@type":"WebSite","@id":"https:\/\/www.nexoinformativo.mx\/#website","url":"https:\/\/www.nexoinformativo.mx\/","name":"Nexo Informativo Santiago de Quer\u00e9taro","description":"Explora NexoInformativo y convi\u00e9rtete en parte de una comunidad que valora el conocimiento y la verdad. Tu nexoinformativo es tu puente hacia una comprensi\u00f3n m\u00e1s profunda del mundo que te rodea.","publisher":{"@id":"https:\/\/www.nexoinformativo.mx\/#organization"},"potentialAction":[{"@type":"SearchAction","target":{"@type":"EntryPoint","urlTemplate":"https:\/\/www.nexoinformativo.mx\/?s={search_term_string}"},"query-input":{"@type":"PropertyValueSpecification","valueRequired":true,"valueName":"search_term_string"}}],"inLanguage":"es"},{"@type":"Organization","@id":"https:\/\/www.nexoinformativo.mx\/#organization","name":"Nexo Informativo Santiago de Quer\u00e9taro","url":"https:\/\/www.nexoinformativo.mx\/","logo":{"@type":"ImageObject","inLanguage":"es","@id":"https:\/\/www.nexoinformativo.mx\/#\/schema\/logo\/image\/","url":"https:\/\/www.nexoinformativo.mx\/wp-content\/uploads\/2024\/07\/nexoi-trasparente-2.png","contentUrl":"https:\/\/www.nexoinformativo.mx\/wp-content\/uploads\/2024\/07\/nexoi-trasparente-2.png","width":816,"height":339,"caption":"Nexo Informativo Santiago de Quer\u00e9taro"},"image":{"@id":"https:\/\/www.nexoinformativo.mx\/#\/schema\/logo\/image\/"},"sameAs":["https:\/\/www.facebook.com\/people\/Nexo-Informativo\/61564066885511\/"]},{"@type":"Person","@id":"https:\/\/www.nexoinformativo.mx\/#\/schema\/person\/7749d380ba08c8ca00d7bc76fd907b7d","name":"Nexo Informativo","image":{"@type":"ImageObject","inLanguage":"es","@id":"https:\/\/www.nexoinformativo.mx\/#\/schema\/person\/image\/","url":"https:\/\/secure.gravatar.com\/avatar\/dde2928154642a13d95f87ddf1ea9718fe2b46760a005c53e41ff5ad610704e6?s=96&d=mm&r=g","contentUrl":"https:\/\/secure.gravatar.com\/avatar\/dde2928154642a13d95f87ddf1ea9718fe2b46760a005c53e41ff5ad610704e6?s=96&d=mm&r=g","caption":"Nexo Informativo"},"url":"https:\/\/www.nexoinformativo.mx\/index.php\/author\/edicion\/"}]}},"_links":{"self":[{"href":"https:\/\/www.nexoinformativo.mx\/index.php\/wp-json\/wp\/v2\/posts\/12197","targetHints":{"allow":["GET"]}}],"collection":[{"href":"https:\/\/www.nexoinformativo.mx\/index.php\/wp-json\/wp\/v2\/posts"}],"about":[{"href":"https:\/\/www.nexoinformativo.mx\/index.php\/wp-json\/wp\/v2\/types\/post"}],"author":[{"embeddable":true,"href":"https:\/\/www.nexoinformativo.mx\/index.php\/wp-json\/wp\/v2\/users\/3"}],"replies":[{"embeddable":true,"href":"https:\/\/www.nexoinformativo.mx\/index.php\/wp-json\/wp\/v2\/comments?post=12197"}],"version-history":[{"count":4,"href":"https:\/\/www.nexoinformativo.mx\/index.php\/wp-json\/wp\/v2\/posts\/12197\/revisions"}],"predecessor-version":[{"id":12202,"href":"https:\/\/www.nexoinformativo.mx\/index.php\/wp-json\/wp\/v2\/posts\/12197\/revisions\/12202"}],"wp:featuredmedia":[{"embeddable":true,"href":"https:\/\/www.nexoinformativo.mx\/index.php\/wp-json\/wp\/v2\/media\/12199"}],"wp:attachment":[{"href":"https:\/\/www.nexoinformativo.mx\/index.php\/wp-json\/wp\/v2\/media?parent=12197"}],"wp:term":[{"taxonomy":"category","embeddable":true,"href":"https:\/\/www.nexoinformativo.mx\/index.php\/wp-json\/wp\/v2\/categories?post=12197"},{"taxonomy":"post_tag","embeddable":true,"href":"https:\/\/www.nexoinformativo.mx\/index.php\/wp-json\/wp\/v2\/tags?post=12197"}],"curies":[{"name":"wp","href":"https:\/\/api.w.org\/{rel}","templated":true}]}}