{"id":12203,"date":"2025-02-27T13:00:04","date_gmt":"2025-02-27T19:00:04","guid":{"rendered":"https:\/\/www.nexoinformativo.mx\/?p=12203"},"modified":"2025-02-27T16:37:16","modified_gmt":"2025-02-27T22:37:16","slug":"tragedia-en-corregidora-adolescente-con-esquizofrenia-asesina-a-su-madre-y-hiere-a-su-hermano","status":"publish","type":"post","link":"https:\/\/www.nexoinformativo.mx\/index.php\/2025\/02\/27\/tragedia-en-corregidora-adolescente-con-esquizofrenia-asesina-a-su-madre-y-hiere-a-su-hermano\/","title":{"rendered":"Tragedia en Corregidora adolescente con esquizofrenia asesina a su madre y hiere a su hermano"},"content":{"rendered":"<p style=\"text-align: justify;\" data-sourcepos=\"13:1-13:290\">Un tr\u00e1gico incidente sacudi\u00f3 la colonia Tejeda en el municipio de Corregidora, donde una adolescente de 17 a\u00f1os, con historial cl\u00ednico de esquizofrenia, atac\u00f3 con un arma de fuego a su madre, caus\u00e1ndole la muerte, y lesion\u00f3 gravemente a su hermano menor.<\/p>\n<p>&nbsp;<\/p>\n<p style=\"text-align: justify;\" data-sourcepos=\"15:1-15:234\">El suceso ocurri\u00f3 en un domicilio ubicado en la calle Paseo de Sof\u00eda, donde, seg\u00fan informaci\u00f3n preliminar, la joven habr\u00eda experimentado un cuadro de alucinaciones derivado de su enfermedad, lo que la llev\u00f3 a agredir a sus familiares.<\/p>\n<p>&nbsp;<\/p>\n<p style=\"text-align: justify;\" data-sourcepos=\"17:1-17:367\">Vecinos, al escuchar las detonaciones, alertaron a las autoridades, quienes arribaron al lugar junto con param\u00e9dicos del Centro Regulador de Urgencias M\u00e9dicas (CRUM) y Protecci\u00f3n Civil municipal.<\/p>\n<\/p>\n<p>&nbsp;<\/p>\n<p style=\"text-align: justify;\" data-sourcepos=\"17:1-17:367\">Estos \u00faltimos brindaron atenci\u00f3n prehospitalaria al hermano de la agresora, quien fue trasladado a un hospital en estado grave, y confirmaron el fallecimiento de la madre.<\/p>\n<p>&nbsp;<\/p>\n<p style=\"text-align: justify;\" data-sourcepos=\"19:1-19:283\">La zona fue acordonada y personal de la Fiscal\u00eda General del Estado (FGE) realiz\u00f3 las diligencias correspondientes. El cuerpo de la v\u00edctima fue trasladado a la morgue, mientras que la adolescente fue puesta a disposici\u00f3n de la autoridad competente para determinar su responsabilidad.<\/p>\n<p>&nbsp;<\/p>\n<p style=\"text-align: center;\" data-sourcepos=\"19:1-19:283\"><em><strong>\u00a1Informaci\u00f3n que transforma!<\/strong><\/em><\/p>\n","protected":false},"excerpt":{"rendered":"<p>Un tr\u00e1gico incidente sacudi\u00f3 la colonia Tejeda en el municipio de Corregidora, donde una adolescente de 17 a\u00f1os, con historial cl\u00ednico de esquizofrenia, atac\u00f3 con un arma de fuego a su madre, caus\u00e1ndole la muerte, y lesion\u00f3 gravemente a su hermano menor.<\/p>\n","protected":false},"author":3,"featured_media":12204,"comment_status":"open","ping_status":"open","sticky":false,"template":"","format":"standard","meta":{"footnotes":""},"categories":[65,137,58],"tags":[233,3582,2822,3581],"class_list":["post-12203","post","type-post","status-publish","format-standard","has-post-thumbnail","hentry","category-municipios","category-sucesos","category-ultima-hora","tag-corregidora","tag-esquizofrenia","tag-fiscaliaqro","tag-tragediafamiliar"],"yoast_head":"<!-- This site is optimized with the Yoast SEO plugin v25.0 - https:\/\/yoast.com\/wordpress\/plugins\/seo\/ -->\n<title>Tragedia en Corregidora adolescente con esquizofrenia asesina a su madre y hiere a su hermano | Nexo Informativo Santiago de Quer\u00e9taro<\/title>\n<meta name=\"description\" content=\"Tragedia en Corregidora adolescente con esquizofrenia asesina a su madre y hiere a su hermano\" \/>\n<meta name=\"robots\" content=\"index, follow, max-snippet:-1, max-image-preview:large, max-video-preview:-1\" \/>\n<link rel=\"canonical\" href=\"https:\/\/www.nexoinformativo.mx\/index.php\/2025\/02\/27\/tragedia-en-corregidora-adolescente-con-esquizofrenia-asesina-a-su-madre-y-hiere-a-su-hermano\/\" \/>\n<meta property=\"og:locale\" content=\"es_MX\" \/>\n<meta property=\"og:type\" content=\"article\" \/>\n<meta property=\"og:title\" content=\"Tragedia en Corregidora adolescente con esquizofrenia asesina a su madre y hiere a su hermano | Nexo Informativo Santiago de Quer\u00e9taro\" \/>\n<meta property=\"og:description\" content=\"Tragedia en Corregidora adolescente con esquizofrenia asesina a su madre y hiere a su hermano\" \/>\n<meta property=\"og:url\" content=\"https:\/\/www.nexoinformativo.mx\/index.php\/2025\/02\/27\/tragedia-en-corregidora-adolescente-con-esquizofrenia-asesina-a-su-madre-y-hiere-a-su-hermano\/\" \/>\n<meta property=\"og:site_name\" content=\"Nexo Informativo Santiago de Quer\u00e9taro\" \/>\n<meta property=\"article:publisher\" content=\"https:\/\/www.facebook.com\/people\/Nexo-Informativo\/61564066885511\/\" \/>\n<meta property=\"article:published_time\" content=\"2025-02-27T19:00:04+00:00\" \/>\n<meta property=\"article:modified_time\" content=\"2025-02-27T22:37:16+00:00\" \/>\n<meta property=\"og:image\" content=\"https:\/\/www.nexoinformativo.mx\/wp-content\/uploads\/2025\/02\/7ec298c3-4f31-49c8-b1aa-0cd3ddbeb1aa-e1740695754586.jpg\" \/>\n\t<meta property=\"og:image:width\" content=\"500\" \/>\n\t<meta property=\"og:image:height\" content=\"760\" \/>\n\t<meta property=\"og:image:type\" content=\"image\/jpeg\" \/>\n<meta name=\"author\" content=\"Nexo Informativo\" \/>\n<meta name=\"twitter:card\" content=\"summary_large_image\" \/>\n<meta name=\"twitter:label1\" content=\"Escrito por\" \/>\n\t<meta name=\"twitter:data1\" content=\"Nexo Informativo\" \/>\n\t<meta name=\"twitter:label2\" content=\"Tiempo de lectura\" \/>\n\t<meta name=\"twitter:data2\" content=\"2 minutos\" \/>\n<script type=\"application\/ld+json\" class=\"yoast-schema-graph\">{\"@context\":\"https:\/\/schema.org\",\"@graph\":[{\"@type\":\"Article\",\"@id\":\"https:\/\/www.nexoinformativo.mx\/index.php\/2025\/02\/27\/tragedia-en-corregidora-adolescente-con-esquizofrenia-asesina-a-su-madre-y-hiere-a-su-hermano\/#article\",\"isPartOf\":{\"@id\":\"https:\/\/www.nexoinformativo.mx\/index.php\/2025\/02\/27\/tragedia-en-corregidora-adolescente-con-esquizofrenia-asesina-a-su-madre-y-hiere-a-su-hermano\/\"},\"author\":{\"name\":\"Nexo Informativo\",\"@id\":\"https:\/\/www.nexoinformativo.mx\/#\/schema\/person\/7749d380ba08c8ca00d7bc76fd907b7d\"},\"headline\":\"Tragedia en Corregidora adolescente con esquizofrenia asesina a su madre y hiere a su hermano\",\"datePublished\":\"2025-02-27T19:00:04+00:00\",\"dateModified\":\"2025-02-27T22:37:16+00:00\",\"mainEntityOfPage\":{\"@id\":\"https:\/\/www.nexoinformativo.mx\/index.php\/2025\/02\/27\/tragedia-en-corregidora-adolescente-con-esquizofrenia-asesina-a-su-madre-y-hiere-a-su-hermano\/\"},\"wordCount\":214,\"commentCount\":0,\"publisher\":{\"@id\":\"https:\/\/www.nexoinformativo.mx\/#organization\"},\"image\":{\"@id\":\"https:\/\/www.nexoinformativo.mx\/index.php\/2025\/02\/27\/tragedia-en-corregidora-adolescente-con-esquizofrenia-asesina-a-su-madre-y-hiere-a-su-hermano\/#primaryimage\"},\"thumbnailUrl\":\"https:\/\/www.nexoinformativo.mx\/wp-content\/uploads\/2025\/02\/7ec298c3-4f31-49c8-b1aa-0cd3ddbeb1aa-e1740695754586.jpg\",\"keywords\":[\"Corregidora\",\"Esquizofrenia\",\"Fiscal\u00edaQro\",\"TragediaFamiliar\"],\"articleSection\":[\"Municipios\",\"Sucesos\",\"\u00daltima Hora\"],\"inLanguage\":\"es\",\"potentialAction\":[{\"@type\":\"CommentAction\",\"name\":\"Comment\",\"target\":[\"https:\/\/www.nexoinformativo.mx\/index.php\/2025\/02\/27\/tragedia-en-corregidora-adolescente-con-esquizofrenia-asesina-a-su-madre-y-hiere-a-su-hermano\/#respond\"]}]},{\"@type\":\"WebPage\",\"@id\":\"https:\/\/www.nexoinformativo.mx\/index.php\/2025\/02\/27\/tragedia-en-corregidora-adolescente-con-esquizofrenia-asesina-a-su-madre-y-hiere-a-su-hermano\/\",\"url\":\"https:\/\/www.nexoinformativo.mx\/index.php\/2025\/02\/27\/tragedia-en-corregidora-adolescente-con-esquizofrenia-asesina-a-su-madre-y-hiere-a-su-hermano\/\",\"name\":\"Tragedia en Corregidora adolescente con esquizofrenia asesina a su madre y hiere a su hermano | Nexo Informativo Santiago de Quer\u00e9taro\",\"isPartOf\":{\"@id\":\"https:\/\/www.nexoinformativo.mx\/#website\"},\"primaryImageOfPage\":{\"@id\":\"https:\/\/www.nexoinformativo.mx\/index.php\/2025\/02\/27\/tragedia-en-corregidora-adolescente-con-esquizofrenia-asesina-a-su-madre-y-hiere-a-su-hermano\/#primaryimage\"},\"image\":{\"@id\":\"https:\/\/www.nexoinformativo.mx\/index.php\/2025\/02\/27\/tragedia-en-corregidora-adolescente-con-esquizofrenia-asesina-a-su-madre-y-hiere-a-su-hermano\/#primaryimage\"},\"thumbnailUrl\":\"https:\/\/www.nexoinformativo.mx\/wp-content\/uploads\/2025\/02\/7ec298c3-4f31-49c8-b1aa-0cd3ddbeb1aa-e1740695754586.jpg\",\"datePublished\":\"2025-02-27T19:00:04+00:00\",\"dateModified\":\"2025-02-27T22:37:16+00:00\",\"description\":\"Tragedia en Corregidora adolescente con esquizofrenia asesina a su madre y hiere a su hermano\",\"breadcrumb\":{\"@id\":\"https:\/\/www.nexoinformativo.mx\/index.php\/2025\/02\/27\/tragedia-en-corregidora-adolescente-con-esquizofrenia-asesina-a-su-madre-y-hiere-a-su-hermano\/#breadcrumb\"},\"inLanguage\":\"es\",\"potentialAction\":[{\"@type\":\"ReadAction\",\"target\":[\"https:\/\/www.nexoinformativo.mx\/index.php\/2025\/02\/27\/tragedia-en-corregidora-adolescente-con-esquizofrenia-asesina-a-su-madre-y-hiere-a-su-hermano\/\"]}]},{\"@type\":\"ImageObject\",\"inLanguage\":\"es\",\"@id\":\"https:\/\/www.nexoinformativo.mx\/index.php\/2025\/02\/27\/tragedia-en-corregidora-adolescente-con-esquizofrenia-asesina-a-su-madre-y-hiere-a-su-hermano\/#primaryimage\",\"url\":\"https:\/\/www.nexoinformativo.mx\/wp-content\/uploads\/2025\/02\/7ec298c3-4f31-49c8-b1aa-0cd3ddbeb1aa-e1740695754586.jpg\",\"contentUrl\":\"https:\/\/www.nexoinformativo.mx\/wp-content\/uploads\/2025\/02\/7ec298c3-4f31-49c8-b1aa-0cd3ddbeb1aa-e1740695754586.jpg\",\"width\":500,\"height\":760},{\"@type\":\"BreadcrumbList\",\"@id\":\"https:\/\/www.nexoinformativo.mx\/index.php\/2025\/02\/27\/tragedia-en-corregidora-adolescente-con-esquizofrenia-asesina-a-su-madre-y-hiere-a-su-hermano\/#breadcrumb\",\"itemListElement\":[{\"@type\":\"ListItem\",\"position\":1,\"name\":\"Inicio\",\"item\":\"https:\/\/www.nexoinformativo.mx\/\"},{\"@type\":\"ListItem\",\"position\":2,\"name\":\"Tragedia en Corregidora adolescente con esquizofrenia asesina a su madre y hiere a su hermano\"}]},{\"@type\":\"WebSite\",\"@id\":\"https:\/\/www.nexoinformativo.mx\/#website\",\"url\":\"https:\/\/www.nexoinformativo.mx\/\",\"name\":\"Nexo Informativo Santiago de Quer\u00e9taro\",\"description\":\"Explora NexoInformativo y convi\u00e9rtete en parte de una comunidad que valora el conocimiento y la verdad. Tu nexoinformativo es tu puente hacia una comprensi\u00f3n m\u00e1s profunda del mundo que te rodea.\",\"publisher\":{\"@id\":\"https:\/\/www.nexoinformativo.mx\/#organization\"},\"potentialAction\":[{\"@type\":\"SearchAction\",\"target\":{\"@type\":\"EntryPoint\",\"urlTemplate\":\"https:\/\/www.nexoinformativo.mx\/?s={search_term_string}\"},\"query-input\":{\"@type\":\"PropertyValueSpecification\",\"valueRequired\":true,\"valueName\":\"search_term_string\"}}],\"inLanguage\":\"es\"},{\"@type\":\"Organization\",\"@id\":\"https:\/\/www.nexoinformativo.mx\/#organization\",\"name\":\"Nexo Informativo Santiago de Quer\u00e9taro\",\"url\":\"https:\/\/www.nexoinformativo.mx\/\",\"logo\":{\"@type\":\"ImageObject\",\"inLanguage\":\"es\",\"@id\":\"https:\/\/www.nexoinformativo.mx\/#\/schema\/logo\/image\/\",\"url\":\"https:\/\/www.nexoinformativo.mx\/wp-content\/uploads\/2024\/07\/nexoi-trasparente-2.png\",\"contentUrl\":\"https:\/\/www.nexoinformativo.mx\/wp-content\/uploads\/2024\/07\/nexoi-trasparente-2.png\",\"width\":816,\"height\":339,\"caption\":\"Nexo Informativo Santiago de Quer\u00e9taro\"},\"image\":{\"@id\":\"https:\/\/www.nexoinformativo.mx\/#\/schema\/logo\/image\/\"},\"sameAs\":[\"https:\/\/www.facebook.com\/people\/Nexo-Informativo\/61564066885511\/\"]},{\"@type\":\"Person\",\"@id\":\"https:\/\/www.nexoinformativo.mx\/#\/schema\/person\/7749d380ba08c8ca00d7bc76fd907b7d\",\"name\":\"Nexo Informativo\",\"image\":{\"@type\":\"ImageObject\",\"inLanguage\":\"es\",\"@id\":\"https:\/\/www.nexoinformativo.mx\/#\/schema\/person\/image\/\",\"url\":\"https:\/\/secure.gravatar.com\/avatar\/dde2928154642a13d95f87ddf1ea9718fe2b46760a005c53e41ff5ad610704e6?s=96&d=mm&r=g\",\"contentUrl\":\"https:\/\/secure.gravatar.com\/avatar\/dde2928154642a13d95f87ddf1ea9718fe2b46760a005c53e41ff5ad610704e6?s=96&d=mm&r=g\",\"caption\":\"Nexo Informativo\"},\"url\":\"https:\/\/www.nexoinformativo.mx\/index.php\/author\/edicion\/\"}]}<\/script>\n<!-- \/ Yoast SEO plugin. -->","yoast_head_json":{"title":"Tragedia en Corregidora adolescente con esquizofrenia asesina a su madre y hiere a su hermano | Nexo Informativo Santiago de Quer\u00e9taro","description":"Tragedia en Corregidora adolescente con esquizofrenia asesina a su madre y hiere a su hermano","robots":{"index":"index","follow":"follow","max-snippet":"max-snippet:-1","max-image-preview":"max-image-preview:large","max-video-preview":"max-video-preview:-1"},"canonical":"https:\/\/www.nexoinformativo.mx\/index.php\/2025\/02\/27\/tragedia-en-corregidora-adolescente-con-esquizofrenia-asesina-a-su-madre-y-hiere-a-su-hermano\/","og_locale":"es_MX","og_type":"article","og_title":"Tragedia en Corregidora adolescente con esquizofrenia asesina a su madre y hiere a su hermano | Nexo Informativo Santiago de Quer\u00e9taro","og_description":"Tragedia en Corregidora adolescente con esquizofrenia asesina a su madre y hiere a su hermano","og_url":"https:\/\/www.nexoinformativo.mx\/index.php\/2025\/02\/27\/tragedia-en-corregidora-adolescente-con-esquizofrenia-asesina-a-su-madre-y-hiere-a-su-hermano\/","og_site_name":"Nexo Informativo Santiago de Quer\u00e9taro","article_publisher":"https:\/\/www.facebook.com\/people\/Nexo-Informativo\/61564066885511\/","article_published_time":"2025-02-27T19:00:04+00:00","article_modified_time":"2025-02-27T22:37:16+00:00","og_image":[{"width":500,"height":760,"url":"https:\/\/www.nexoinformativo.mx\/wp-content\/uploads\/2025\/02\/7ec298c3-4f31-49c8-b1aa-0cd3ddbeb1aa-e1740695754586.jpg","type":"image\/jpeg"}],"author":"Nexo Informativo","twitter_card":"summary_large_image","twitter_misc":{"Escrito por":"Nexo Informativo","Tiempo de lectura":"2 minutos"},"schema":{"@context":"https:\/\/schema.org","@graph":[{"@type":"Article","@id":"https:\/\/www.nexoinformativo.mx\/index.php\/2025\/02\/27\/tragedia-en-corregidora-adolescente-con-esquizofrenia-asesina-a-su-madre-y-hiere-a-su-hermano\/#article","isPartOf":{"@id":"https:\/\/www.nexoinformativo.mx\/index.php\/2025\/02\/27\/tragedia-en-corregidora-adolescente-con-esquizofrenia-asesina-a-su-madre-y-hiere-a-su-hermano\/"},"author":{"name":"Nexo Informativo","@id":"https:\/\/www.nexoinformativo.mx\/#\/schema\/person\/7749d380ba08c8ca00d7bc76fd907b7d"},"headline":"Tragedia en Corregidora adolescente con esquizofrenia asesina a su madre y hiere a su hermano","datePublished":"2025-02-27T19:00:04+00:00","dateModified":"2025-02-27T22:37:16+00:00","mainEntityOfPage":{"@id":"https:\/\/www.nexoinformativo.mx\/index.php\/2025\/02\/27\/tragedia-en-corregidora-adolescente-con-esquizofrenia-asesina-a-su-madre-y-hiere-a-su-hermano\/"},"wordCount":214,"commentCount":0,"publisher":{"@id":"https:\/\/www.nexoinformativo.mx\/#organization"},"image":{"@id":"https:\/\/www.nexoinformativo.mx\/index.php\/2025\/02\/27\/tragedia-en-corregidora-adolescente-con-esquizofrenia-asesina-a-su-madre-y-hiere-a-su-hermano\/#primaryimage"},"thumbnailUrl":"https:\/\/www.nexoinformativo.mx\/wp-content\/uploads\/2025\/02\/7ec298c3-4f31-49c8-b1aa-0cd3ddbeb1aa-e1740695754586.jpg","keywords":["Corregidora","Esquizofrenia","Fiscal\u00edaQro","TragediaFamiliar"],"articleSection":["Municipios","Sucesos","\u00daltima Hora"],"inLanguage":"es","potentialAction":[{"@type":"CommentAction","name":"Comment","target":["https:\/\/www.nexoinformativo.mx\/index.php\/2025\/02\/27\/tragedia-en-corregidora-adolescente-con-esquizofrenia-asesina-a-su-madre-y-hiere-a-su-hermano\/#respond"]}]},{"@type":"WebPage","@id":"https:\/\/www.nexoinformativo.mx\/index.php\/2025\/02\/27\/tragedia-en-corregidora-adolescente-con-esquizofrenia-asesina-a-su-madre-y-hiere-a-su-hermano\/","url":"https:\/\/www.nexoinformativo.mx\/index.php\/2025\/02\/27\/tragedia-en-corregidora-adolescente-con-esquizofrenia-asesina-a-su-madre-y-hiere-a-su-hermano\/","name":"Tragedia en Corregidora adolescente con esquizofrenia asesina a su madre y hiere a su hermano | Nexo Informativo Santiago de Quer\u00e9taro","isPartOf":{"@id":"https:\/\/www.nexoinformativo.mx\/#website"},"primaryImageOfPage":{"@id":"https:\/\/www.nexoinformativo.mx\/index.php\/2025\/02\/27\/tragedia-en-corregidora-adolescente-con-esquizofrenia-asesina-a-su-madre-y-hiere-a-su-hermano\/#primaryimage"},"image":{"@id":"https:\/\/www.nexoinformativo.mx\/index.php\/2025\/02\/27\/tragedia-en-corregidora-adolescente-con-esquizofrenia-asesina-a-su-madre-y-hiere-a-su-hermano\/#primaryimage"},"thumbnailUrl":"https:\/\/www.nexoinformativo.mx\/wp-content\/uploads\/2025\/02\/7ec298c3-4f31-49c8-b1aa-0cd3ddbeb1aa-e1740695754586.jpg","datePublished":"2025-02-27T19:00:04+00:00","dateModified":"2025-02-27T22:37:16+00:00","description":"Tragedia en Corregidora adolescente con esquizofrenia asesina a su madre y hiere a su hermano","breadcrumb":{"@id":"https:\/\/www.nexoinformativo.mx\/index.php\/2025\/02\/27\/tragedia-en-corregidora-adolescente-con-esquizofrenia-asesina-a-su-madre-y-hiere-a-su-hermano\/#breadcrumb"},"inLanguage":"es","potentialAction":[{"@type":"ReadAction","target":["https:\/\/www.nexoinformativo.mx\/index.php\/2025\/02\/27\/tragedia-en-corregidora-adolescente-con-esquizofrenia-asesina-a-su-madre-y-hiere-a-su-hermano\/"]}]},{"@type":"ImageObject","inLanguage":"es","@id":"https:\/\/www.nexoinformativo.mx\/index.php\/2025\/02\/27\/tragedia-en-corregidora-adolescente-con-esquizofrenia-asesina-a-su-madre-y-hiere-a-su-hermano\/#primaryimage","url":"https:\/\/www.nexoinformativo.mx\/wp-content\/uploads\/2025\/02\/7ec298c3-4f31-49c8-b1aa-0cd3ddbeb1aa-e1740695754586.jpg","contentUrl":"https:\/\/www.nexoinformativo.mx\/wp-content\/uploads\/2025\/02\/7ec298c3-4f31-49c8-b1aa-0cd3ddbeb1aa-e1740695754586.jpg","width":500,"height":760},{"@type":"BreadcrumbList","@id":"https:\/\/www.nexoinformativo.mx\/index.php\/2025\/02\/27\/tragedia-en-corregidora-adolescente-con-esquizofrenia-asesina-a-su-madre-y-hiere-a-su-hermano\/#breadcrumb","itemListElement":[{"@type":"ListItem","position":1,"name":"Inicio","item":"https:\/\/www.nexoinformativo.mx\/"},{"@type":"ListItem","position":2,"name":"Tragedia en Corregidora adolescente con esquizofrenia asesina a su madre y hiere a su hermano"}]},{"@type":"WebSite","@id":"https:\/\/www.nexoinformativo.mx\/#website","url":"https:\/\/www.nexoinformativo.mx\/","name":"Nexo Informativo Santiago de Quer\u00e9taro","description":"Explora NexoInformativo y convi\u00e9rtete en parte de una comunidad que valora el conocimiento y la verdad. Tu nexoinformativo es tu puente hacia una comprensi\u00f3n m\u00e1s profunda del mundo que te rodea.","publisher":{"@id":"https:\/\/www.nexoinformativo.mx\/#organization"},"potentialAction":[{"@type":"SearchAction","target":{"@type":"EntryPoint","urlTemplate":"https:\/\/www.nexoinformativo.mx\/?s={search_term_string}"},"query-input":{"@type":"PropertyValueSpecification","valueRequired":true,"valueName":"search_term_string"}}],"inLanguage":"es"},{"@type":"Organization","@id":"https:\/\/www.nexoinformativo.mx\/#organization","name":"Nexo Informativo Santiago de Quer\u00e9taro","url":"https:\/\/www.nexoinformativo.mx\/","logo":{"@type":"ImageObject","inLanguage":"es","@id":"https:\/\/www.nexoinformativo.mx\/#\/schema\/logo\/image\/","url":"https:\/\/www.nexoinformativo.mx\/wp-content\/uploads\/2024\/07\/nexoi-trasparente-2.png","contentUrl":"https:\/\/www.nexoinformativo.mx\/wp-content\/uploads\/2024\/07\/nexoi-trasparente-2.png","width":816,"height":339,"caption":"Nexo Informativo Santiago de Quer\u00e9taro"},"image":{"@id":"https:\/\/www.nexoinformativo.mx\/#\/schema\/logo\/image\/"},"sameAs":["https:\/\/www.facebook.com\/people\/Nexo-Informativo\/61564066885511\/"]},{"@type":"Person","@id":"https:\/\/www.nexoinformativo.mx\/#\/schema\/person\/7749d380ba08c8ca00d7bc76fd907b7d","name":"Nexo Informativo","image":{"@type":"ImageObject","inLanguage":"es","@id":"https:\/\/www.nexoinformativo.mx\/#\/schema\/person\/image\/","url":"https:\/\/secure.gravatar.com\/avatar\/dde2928154642a13d95f87ddf1ea9718fe2b46760a005c53e41ff5ad610704e6?s=96&d=mm&r=g","contentUrl":"https:\/\/secure.gravatar.com\/avatar\/dde2928154642a13d95f87ddf1ea9718fe2b46760a005c53e41ff5ad610704e6?s=96&d=mm&r=g","caption":"Nexo Informativo"},"url":"https:\/\/www.nexoinformativo.mx\/index.php\/author\/edicion\/"}]}},"_links":{"self":[{"href":"https:\/\/www.nexoinformativo.mx\/index.php\/wp-json\/wp\/v2\/posts\/12203","targetHints":{"allow":["GET"]}}],"collection":[{"href":"https:\/\/www.nexoinformativo.mx\/index.php\/wp-json\/wp\/v2\/posts"}],"about":[{"href":"https:\/\/www.nexoinformativo.mx\/index.php\/wp-json\/wp\/v2\/types\/post"}],"author":[{"embeddable":true,"href":"https:\/\/www.nexoinformativo.mx\/index.php\/wp-json\/wp\/v2\/users\/3"}],"replies":[{"embeddable":true,"href":"https:\/\/www.nexoinformativo.mx\/index.php\/wp-json\/wp\/v2\/comments?post=12203"}],"version-history":[{"count":4,"href":"https:\/\/www.nexoinformativo.mx\/index.php\/wp-json\/wp\/v2\/posts\/12203\/revisions"}],"predecessor-version":[{"id":12207,"href":"https:\/\/www.nexoinformativo.mx\/index.php\/wp-json\/wp\/v2\/posts\/12203\/revisions\/12207"}],"wp:featuredmedia":[{"embeddable":true,"href":"https:\/\/www.nexoinformativo.mx\/index.php\/wp-json\/wp\/v2\/media\/12204"}],"wp:attachment":[{"href":"https:\/\/www.nexoinformativo.mx\/index.php\/wp-json\/wp\/v2\/media?parent=12203"}],"wp:term":[{"taxonomy":"category","embeddable":true,"href":"https:\/\/www.nexoinformativo.mx\/index.php\/wp-json\/wp\/v2\/categories?post=12203"},{"taxonomy":"post_tag","embeddable":true,"href":"https:\/\/www.nexoinformativo.mx\/index.php\/wp-json\/wp\/v2\/tags?post=12203"}],"curies":[{"name":"wp","href":"https:\/\/api.w.org\/{rel}","templated":true}]}}