{"id":12209,"date":"2025-02-27T13:30:31","date_gmt":"2025-02-27T19:30:31","guid":{"rendered":"https:\/\/www.nexoinformativo.mx\/?p=12209"},"modified":"2025-02-27T16:42:19","modified_gmt":"2025-02-27T22:42:19","slug":"cea-propone-financiamiento-mixto-para-proyecto-el-batan-futuro-del-agua-en-queretaro","status":"publish","type":"post","link":"https:\/\/www.nexoinformativo.mx\/index.php\/2025\/02\/27\/cea-propone-financiamiento-mixto-para-proyecto-el-batan-futuro-del-agua-en-queretaro\/","title":{"rendered":"CEA propone financiamiento mixto para proyecto &#8220;El Bat\u00e1n&#8221; definiendo el futuro del agua en Quer\u00e9taro"},"content":{"rendered":"<p style=\"text-align: justify;\" data-sourcepos=\"13:1-13:279\">La Comisi\u00f3n Estatal de Aguas (CEA) presentar\u00e1 en marzo una propuesta de financiamiento para el proyecto h\u00eddrico &#8220;El Bat\u00e1n Agua para Todos&#8221;, buscando una combinaci\u00f3n de inversi\u00f3n p\u00fablica y privada a trav\u00e9s de una Asociaci\u00f3n P\u00fablico-Privada (APP).<\/p>\n<p>&nbsp;<\/p>\n<p style=\"text-align: justify;\" data-sourcepos=\"15:1-15:325\">El vocal ejecutivo de la CEA, Luis Alberto Vega Ricoy, inform\u00f3 que la propuesta se presentar\u00e1 durante la sesi\u00f3n del Consejo T\u00e9cnico de la CEA, en la primera quincena de marzo. Si el consejo y el gobernador Mauricio Kuri dan su aval, la propuesta ser\u00e1 enviada a la Legislatura del Estado para su an\u00e1lisis y posible aprobaci\u00f3n.<\/p>\n<p>&nbsp;<\/p>\n<p style=\"text-align: justify;\" data-sourcepos=\"17:1-17:339\">Vega Ricoy explic\u00f3 que la propuesta, que cuenta con el aval del Gobierno Federal, busca financiar todo el proyecto h\u00eddrico, ya que actualmente no hay disponibilidad de recursos federales. La APP permitir\u00eda al gobierno estatal aportar infraestructura, mientras que empresas privadas podr\u00edan ofrecer equipamiento mediante licitaci\u00f3n p\u00fablica.<\/p>\n<p>&nbsp;<\/p>\n<p style=\"text-align: justify;\" data-sourcepos=\"19:1-19:283\"><strong>&#8220;Es para financiar el proyecto entero, a menos que de haya recursos federales disponibles cambiar\u00edan las circunstancias, pero mientras tanto, de acuerdo a la informaci\u00f3n que hemos recibido del gobierno federal es que nos vayamos por la Asociaci\u00f3n P\u00fablico &#8211; Privada&#8221;,<\/strong> indic\u00f3 el vocal.<\/p>\n<p>&nbsp;<\/p>\n<p style=\"text-align: center;\" data-sourcepos=\"19:1-19:283\"><em><strong>\u00a1Informaci\u00f3n que transforma!<\/strong><\/em><\/p>\n","protected":false},"excerpt":{"rendered":"<p>La Comisi\u00f3n Estatal de Aguas (CEA) presentar\u00e1 en marzo una propuesta de financiamiento para el proyecto h\u00eddrico &#8220;El Bat\u00e1n Agua para Todos&#8221;, buscando una combinaci\u00f3n de inversi\u00f3n p\u00fablica y privada a trav\u00e9s de una Asociaci\u00f3n P\u00fablico-Privada (APP).<\/p>\n","protected":false},"author":3,"featured_media":12210,"comment_status":"open","ping_status":"open","sticky":false,"template":"","format":"standard","meta":{"footnotes":""},"categories":[42,58],"tags":[785,3552,3584,3583],"class_list":["post-12209","post","type-post","status-publish","format-standard","has-post-thumbnail","hentry","category-estado","category-ultima-hora","tag-aguaqueretaro","tag-ceaqro","tag-inversionhidrica","tag-proyectoelbatan"],"yoast_head":"<!-- This site is optimized with the Yoast SEO plugin v25.0 - https:\/\/yoast.com\/wordpress\/plugins\/seo\/ -->\n<title>CEA propone financiamiento mixto para proyecto &quot;El Bat\u00e1n&quot; definiendo el futuro del agua en Quer\u00e9taro | Nexo Informativo Santiago de Quer\u00e9taro<\/title>\n<meta name=\"description\" content=\"CEA propone financiamiento mixto para proyecto &quot;El Bat\u00e1n&quot; definiendo el futuro del agua en Quer\u00e9taro\" \/>\n<meta name=\"robots\" content=\"index, follow, max-snippet:-1, max-image-preview:large, max-video-preview:-1\" \/>\n<link rel=\"canonical\" href=\"https:\/\/www.nexoinformativo.mx\/index.php\/2025\/02\/27\/cea-propone-financiamiento-mixto-para-proyecto-el-batan-futuro-del-agua-en-queretaro\/\" \/>\n<meta property=\"og:locale\" content=\"es_MX\" \/>\n<meta property=\"og:type\" content=\"article\" \/>\n<meta property=\"og:title\" content=\"CEA propone financiamiento mixto para proyecto &quot;El Bat\u00e1n&quot; definiendo el futuro del agua en Quer\u00e9taro | Nexo Informativo Santiago de Quer\u00e9taro\" \/>\n<meta property=\"og:description\" content=\"CEA propone financiamiento mixto para proyecto &quot;El Bat\u00e1n&quot; definiendo el futuro del agua en Quer\u00e9taro\" \/>\n<meta property=\"og:url\" content=\"https:\/\/www.nexoinformativo.mx\/index.php\/2025\/02\/27\/cea-propone-financiamiento-mixto-para-proyecto-el-batan-futuro-del-agua-en-queretaro\/\" \/>\n<meta property=\"og:site_name\" content=\"Nexo Informativo Santiago de Quer\u00e9taro\" \/>\n<meta property=\"article:publisher\" content=\"https:\/\/www.facebook.com\/people\/Nexo-Informativo\/61564066885511\/\" \/>\n<meta property=\"article:published_time\" content=\"2025-02-27T19:30:31+00:00\" \/>\n<meta property=\"article:modified_time\" content=\"2025-02-27T22:42:19+00:00\" \/>\n<meta property=\"og:image\" content=\"https:\/\/www.nexoinformativo.mx\/wp-content\/uploads\/2025\/02\/c74abdec-0620-4f9b-872e-787db491d7c4-e1740696070911.jpg\" \/>\n\t<meta property=\"og:image:width\" content=\"800\" \/>\n\t<meta property=\"og:image:height\" content=\"600\" \/>\n\t<meta property=\"og:image:type\" content=\"image\/jpeg\" \/>\n<meta name=\"author\" content=\"Nexo Informativo\" \/>\n<meta name=\"twitter:card\" content=\"summary_large_image\" \/>\n<meta name=\"twitter:label1\" content=\"Escrito por\" \/>\n\t<meta name=\"twitter:data1\" content=\"Nexo Informativo\" \/>\n\t<meta name=\"twitter:label2\" content=\"Tiempo de lectura\" \/>\n\t<meta name=\"twitter:data2\" content=\"2 minutos\" \/>\n<script type=\"application\/ld+json\" class=\"yoast-schema-graph\">{\"@context\":\"https:\/\/schema.org\",\"@graph\":[{\"@type\":\"Article\",\"@id\":\"https:\/\/www.nexoinformativo.mx\/index.php\/2025\/02\/27\/cea-propone-financiamiento-mixto-para-proyecto-el-batan-futuro-del-agua-en-queretaro\/#article\",\"isPartOf\":{\"@id\":\"https:\/\/www.nexoinformativo.mx\/index.php\/2025\/02\/27\/cea-propone-financiamiento-mixto-para-proyecto-el-batan-futuro-del-agua-en-queretaro\/\"},\"author\":{\"name\":\"Nexo Informativo\",\"@id\":\"https:\/\/www.nexoinformativo.mx\/#\/schema\/person\/7749d380ba08c8ca00d7bc76fd907b7d\"},\"headline\":\"CEA propone financiamiento mixto para proyecto &#8220;El Bat\u00e1n&#8221; definiendo el futuro del agua en Quer\u00e9taro\",\"datePublished\":\"2025-02-27T19:30:31+00:00\",\"dateModified\":\"2025-02-27T22:42:19+00:00\",\"mainEntityOfPage\":{\"@id\":\"https:\/\/www.nexoinformativo.mx\/index.php\/2025\/02\/27\/cea-propone-financiamiento-mixto-para-proyecto-el-batan-futuro-del-agua-en-queretaro\/\"},\"wordCount\":232,\"commentCount\":0,\"publisher\":{\"@id\":\"https:\/\/www.nexoinformativo.mx\/#organization\"},\"image\":{\"@id\":\"https:\/\/www.nexoinformativo.mx\/index.php\/2025\/02\/27\/cea-propone-financiamiento-mixto-para-proyecto-el-batan-futuro-del-agua-en-queretaro\/#primaryimage\"},\"thumbnailUrl\":\"https:\/\/www.nexoinformativo.mx\/wp-content\/uploads\/2025\/02\/c74abdec-0620-4f9b-872e-787db491d7c4-e1740696070911.jpg\",\"keywords\":[\"AguaQuer\u00e9taro\",\"CEAQro\",\"Inversi\u00f3nH\u00eddrica\",\"ProyectoElBat\u00e1n\"],\"articleSection\":[\"Estado\",\"\u00daltima Hora\"],\"inLanguage\":\"es\",\"potentialAction\":[{\"@type\":\"CommentAction\",\"name\":\"Comment\",\"target\":[\"https:\/\/www.nexoinformativo.mx\/index.php\/2025\/02\/27\/cea-propone-financiamiento-mixto-para-proyecto-el-batan-futuro-del-agua-en-queretaro\/#respond\"]}]},{\"@type\":\"WebPage\",\"@id\":\"https:\/\/www.nexoinformativo.mx\/index.php\/2025\/02\/27\/cea-propone-financiamiento-mixto-para-proyecto-el-batan-futuro-del-agua-en-queretaro\/\",\"url\":\"https:\/\/www.nexoinformativo.mx\/index.php\/2025\/02\/27\/cea-propone-financiamiento-mixto-para-proyecto-el-batan-futuro-del-agua-en-queretaro\/\",\"name\":\"CEA propone financiamiento mixto para proyecto \\\"El Bat\u00e1n\\\" definiendo el futuro del agua en Quer\u00e9taro | Nexo Informativo Santiago de Quer\u00e9taro\",\"isPartOf\":{\"@id\":\"https:\/\/www.nexoinformativo.mx\/#website\"},\"primaryImageOfPage\":{\"@id\":\"https:\/\/www.nexoinformativo.mx\/index.php\/2025\/02\/27\/cea-propone-financiamiento-mixto-para-proyecto-el-batan-futuro-del-agua-en-queretaro\/#primaryimage\"},\"image\":{\"@id\":\"https:\/\/www.nexoinformativo.mx\/index.php\/2025\/02\/27\/cea-propone-financiamiento-mixto-para-proyecto-el-batan-futuro-del-agua-en-queretaro\/#primaryimage\"},\"thumbnailUrl\":\"https:\/\/www.nexoinformativo.mx\/wp-content\/uploads\/2025\/02\/c74abdec-0620-4f9b-872e-787db491d7c4-e1740696070911.jpg\",\"datePublished\":\"2025-02-27T19:30:31+00:00\",\"dateModified\":\"2025-02-27T22:42:19+00:00\",\"description\":\"CEA propone financiamiento mixto para proyecto \\\"El Bat\u00e1n\\\" definiendo el futuro del agua en Quer\u00e9taro\",\"breadcrumb\":{\"@id\":\"https:\/\/www.nexoinformativo.mx\/index.php\/2025\/02\/27\/cea-propone-financiamiento-mixto-para-proyecto-el-batan-futuro-del-agua-en-queretaro\/#breadcrumb\"},\"inLanguage\":\"es\",\"potentialAction\":[{\"@type\":\"ReadAction\",\"target\":[\"https:\/\/www.nexoinformativo.mx\/index.php\/2025\/02\/27\/cea-propone-financiamiento-mixto-para-proyecto-el-batan-futuro-del-agua-en-queretaro\/\"]}]},{\"@type\":\"ImageObject\",\"inLanguage\":\"es\",\"@id\":\"https:\/\/www.nexoinformativo.mx\/index.php\/2025\/02\/27\/cea-propone-financiamiento-mixto-para-proyecto-el-batan-futuro-del-agua-en-queretaro\/#primaryimage\",\"url\":\"https:\/\/www.nexoinformativo.mx\/wp-content\/uploads\/2025\/02\/c74abdec-0620-4f9b-872e-787db491d7c4-e1740696070911.jpg\",\"contentUrl\":\"https:\/\/www.nexoinformativo.mx\/wp-content\/uploads\/2025\/02\/c74abdec-0620-4f9b-872e-787db491d7c4-e1740696070911.jpg\",\"width\":800,\"height\":600},{\"@type\":\"BreadcrumbList\",\"@id\":\"https:\/\/www.nexoinformativo.mx\/index.php\/2025\/02\/27\/cea-propone-financiamiento-mixto-para-proyecto-el-batan-futuro-del-agua-en-queretaro\/#breadcrumb\",\"itemListElement\":[{\"@type\":\"ListItem\",\"position\":1,\"name\":\"Inicio\",\"item\":\"https:\/\/www.nexoinformativo.mx\/\"},{\"@type\":\"ListItem\",\"position\":2,\"name\":\"CEA propone financiamiento mixto para proyecto &#8220;El Bat\u00e1n&#8221; definiendo el futuro del agua en Quer\u00e9taro\"}]},{\"@type\":\"WebSite\",\"@id\":\"https:\/\/www.nexoinformativo.mx\/#website\",\"url\":\"https:\/\/www.nexoinformativo.mx\/\",\"name\":\"Nexo Informativo Santiago de Quer\u00e9taro\",\"description\":\"Explora NexoInformativo y convi\u00e9rtete en parte de una comunidad que valora el conocimiento y la verdad. Tu nexoinformativo es tu puente hacia una comprensi\u00f3n m\u00e1s profunda del mundo que te rodea.\",\"publisher\":{\"@id\":\"https:\/\/www.nexoinformativo.mx\/#organization\"},\"potentialAction\":[{\"@type\":\"SearchAction\",\"target\":{\"@type\":\"EntryPoint\",\"urlTemplate\":\"https:\/\/www.nexoinformativo.mx\/?s={search_term_string}\"},\"query-input\":{\"@type\":\"PropertyValueSpecification\",\"valueRequired\":true,\"valueName\":\"search_term_string\"}}],\"inLanguage\":\"es\"},{\"@type\":\"Organization\",\"@id\":\"https:\/\/www.nexoinformativo.mx\/#organization\",\"name\":\"Nexo Informativo Santiago de Quer\u00e9taro\",\"url\":\"https:\/\/www.nexoinformativo.mx\/\",\"logo\":{\"@type\":\"ImageObject\",\"inLanguage\":\"es\",\"@id\":\"https:\/\/www.nexoinformativo.mx\/#\/schema\/logo\/image\/\",\"url\":\"https:\/\/www.nexoinformativo.mx\/wp-content\/uploads\/2024\/07\/nexoi-trasparente-2.png\",\"contentUrl\":\"https:\/\/www.nexoinformativo.mx\/wp-content\/uploads\/2024\/07\/nexoi-trasparente-2.png\",\"width\":816,\"height\":339,\"caption\":\"Nexo Informativo Santiago de Quer\u00e9taro\"},\"image\":{\"@id\":\"https:\/\/www.nexoinformativo.mx\/#\/schema\/logo\/image\/\"},\"sameAs\":[\"https:\/\/www.facebook.com\/people\/Nexo-Informativo\/61564066885511\/\"]},{\"@type\":\"Person\",\"@id\":\"https:\/\/www.nexoinformativo.mx\/#\/schema\/person\/7749d380ba08c8ca00d7bc76fd907b7d\",\"name\":\"Nexo Informativo\",\"image\":{\"@type\":\"ImageObject\",\"inLanguage\":\"es\",\"@id\":\"https:\/\/www.nexoinformativo.mx\/#\/schema\/person\/image\/\",\"url\":\"https:\/\/secure.gravatar.com\/avatar\/dde2928154642a13d95f87ddf1ea9718fe2b46760a005c53e41ff5ad610704e6?s=96&d=mm&r=g\",\"contentUrl\":\"https:\/\/secure.gravatar.com\/avatar\/dde2928154642a13d95f87ddf1ea9718fe2b46760a005c53e41ff5ad610704e6?s=96&d=mm&r=g\",\"caption\":\"Nexo Informativo\"},\"url\":\"https:\/\/www.nexoinformativo.mx\/index.php\/author\/edicion\/\"}]}<\/script>\n<!-- \/ Yoast SEO plugin. -->","yoast_head_json":{"title":"CEA propone financiamiento mixto para proyecto \"El Bat\u00e1n\" definiendo el futuro del agua en Quer\u00e9taro | Nexo Informativo Santiago de Quer\u00e9taro","description":"CEA propone financiamiento mixto para proyecto \"El Bat\u00e1n\" definiendo el futuro del agua en Quer\u00e9taro","robots":{"index":"index","follow":"follow","max-snippet":"max-snippet:-1","max-image-preview":"max-image-preview:large","max-video-preview":"max-video-preview:-1"},"canonical":"https:\/\/www.nexoinformativo.mx\/index.php\/2025\/02\/27\/cea-propone-financiamiento-mixto-para-proyecto-el-batan-futuro-del-agua-en-queretaro\/","og_locale":"es_MX","og_type":"article","og_title":"CEA propone financiamiento mixto para proyecto \"El Bat\u00e1n\" definiendo el futuro del agua en Quer\u00e9taro | Nexo Informativo Santiago de Quer\u00e9taro","og_description":"CEA propone financiamiento mixto para proyecto \"El Bat\u00e1n\" definiendo el futuro del agua en Quer\u00e9taro","og_url":"https:\/\/www.nexoinformativo.mx\/index.php\/2025\/02\/27\/cea-propone-financiamiento-mixto-para-proyecto-el-batan-futuro-del-agua-en-queretaro\/","og_site_name":"Nexo Informativo Santiago de Quer\u00e9taro","article_publisher":"https:\/\/www.facebook.com\/people\/Nexo-Informativo\/61564066885511\/","article_published_time":"2025-02-27T19:30:31+00:00","article_modified_time":"2025-02-27T22:42:19+00:00","og_image":[{"width":800,"height":600,"url":"https:\/\/www.nexoinformativo.mx\/wp-content\/uploads\/2025\/02\/c74abdec-0620-4f9b-872e-787db491d7c4-e1740696070911.jpg","type":"image\/jpeg"}],"author":"Nexo Informativo","twitter_card":"summary_large_image","twitter_misc":{"Escrito por":"Nexo Informativo","Tiempo de lectura":"2 minutos"},"schema":{"@context":"https:\/\/schema.org","@graph":[{"@type":"Article","@id":"https:\/\/www.nexoinformativo.mx\/index.php\/2025\/02\/27\/cea-propone-financiamiento-mixto-para-proyecto-el-batan-futuro-del-agua-en-queretaro\/#article","isPartOf":{"@id":"https:\/\/www.nexoinformativo.mx\/index.php\/2025\/02\/27\/cea-propone-financiamiento-mixto-para-proyecto-el-batan-futuro-del-agua-en-queretaro\/"},"author":{"name":"Nexo Informativo","@id":"https:\/\/www.nexoinformativo.mx\/#\/schema\/person\/7749d380ba08c8ca00d7bc76fd907b7d"},"headline":"CEA propone financiamiento mixto para proyecto &#8220;El Bat\u00e1n&#8221; definiendo el futuro del agua en Quer\u00e9taro","datePublished":"2025-02-27T19:30:31+00:00","dateModified":"2025-02-27T22:42:19+00:00","mainEntityOfPage":{"@id":"https:\/\/www.nexoinformativo.mx\/index.php\/2025\/02\/27\/cea-propone-financiamiento-mixto-para-proyecto-el-batan-futuro-del-agua-en-queretaro\/"},"wordCount":232,"commentCount":0,"publisher":{"@id":"https:\/\/www.nexoinformativo.mx\/#organization"},"image":{"@id":"https:\/\/www.nexoinformativo.mx\/index.php\/2025\/02\/27\/cea-propone-financiamiento-mixto-para-proyecto-el-batan-futuro-del-agua-en-queretaro\/#primaryimage"},"thumbnailUrl":"https:\/\/www.nexoinformativo.mx\/wp-content\/uploads\/2025\/02\/c74abdec-0620-4f9b-872e-787db491d7c4-e1740696070911.jpg","keywords":["AguaQuer\u00e9taro","CEAQro","Inversi\u00f3nH\u00eddrica","ProyectoElBat\u00e1n"],"articleSection":["Estado","\u00daltima Hora"],"inLanguage":"es","potentialAction":[{"@type":"CommentAction","name":"Comment","target":["https:\/\/www.nexoinformativo.mx\/index.php\/2025\/02\/27\/cea-propone-financiamiento-mixto-para-proyecto-el-batan-futuro-del-agua-en-queretaro\/#respond"]}]},{"@type":"WebPage","@id":"https:\/\/www.nexoinformativo.mx\/index.php\/2025\/02\/27\/cea-propone-financiamiento-mixto-para-proyecto-el-batan-futuro-del-agua-en-queretaro\/","url":"https:\/\/www.nexoinformativo.mx\/index.php\/2025\/02\/27\/cea-propone-financiamiento-mixto-para-proyecto-el-batan-futuro-del-agua-en-queretaro\/","name":"CEA propone financiamiento mixto para proyecto \"El Bat\u00e1n\" definiendo el futuro del agua en Quer\u00e9taro | Nexo Informativo Santiago de Quer\u00e9taro","isPartOf":{"@id":"https:\/\/www.nexoinformativo.mx\/#website"},"primaryImageOfPage":{"@id":"https:\/\/www.nexoinformativo.mx\/index.php\/2025\/02\/27\/cea-propone-financiamiento-mixto-para-proyecto-el-batan-futuro-del-agua-en-queretaro\/#primaryimage"},"image":{"@id":"https:\/\/www.nexoinformativo.mx\/index.php\/2025\/02\/27\/cea-propone-financiamiento-mixto-para-proyecto-el-batan-futuro-del-agua-en-queretaro\/#primaryimage"},"thumbnailUrl":"https:\/\/www.nexoinformativo.mx\/wp-content\/uploads\/2025\/02\/c74abdec-0620-4f9b-872e-787db491d7c4-e1740696070911.jpg","datePublished":"2025-02-27T19:30:31+00:00","dateModified":"2025-02-27T22:42:19+00:00","description":"CEA propone financiamiento mixto para proyecto \"El Bat\u00e1n\" definiendo el futuro del agua en Quer\u00e9taro","breadcrumb":{"@id":"https:\/\/www.nexoinformativo.mx\/index.php\/2025\/02\/27\/cea-propone-financiamiento-mixto-para-proyecto-el-batan-futuro-del-agua-en-queretaro\/#breadcrumb"},"inLanguage":"es","potentialAction":[{"@type":"ReadAction","target":["https:\/\/www.nexoinformativo.mx\/index.php\/2025\/02\/27\/cea-propone-financiamiento-mixto-para-proyecto-el-batan-futuro-del-agua-en-queretaro\/"]}]},{"@type":"ImageObject","inLanguage":"es","@id":"https:\/\/www.nexoinformativo.mx\/index.php\/2025\/02\/27\/cea-propone-financiamiento-mixto-para-proyecto-el-batan-futuro-del-agua-en-queretaro\/#primaryimage","url":"https:\/\/www.nexoinformativo.mx\/wp-content\/uploads\/2025\/02\/c74abdec-0620-4f9b-872e-787db491d7c4-e1740696070911.jpg","contentUrl":"https:\/\/www.nexoinformativo.mx\/wp-content\/uploads\/2025\/02\/c74abdec-0620-4f9b-872e-787db491d7c4-e1740696070911.jpg","width":800,"height":600},{"@type":"BreadcrumbList","@id":"https:\/\/www.nexoinformativo.mx\/index.php\/2025\/02\/27\/cea-propone-financiamiento-mixto-para-proyecto-el-batan-futuro-del-agua-en-queretaro\/#breadcrumb","itemListElement":[{"@type":"ListItem","position":1,"name":"Inicio","item":"https:\/\/www.nexoinformativo.mx\/"},{"@type":"ListItem","position":2,"name":"CEA propone financiamiento mixto para proyecto &#8220;El Bat\u00e1n&#8221; definiendo el futuro del agua en Quer\u00e9taro"}]},{"@type":"WebSite","@id":"https:\/\/www.nexoinformativo.mx\/#website","url":"https:\/\/www.nexoinformativo.mx\/","name":"Nexo Informativo Santiago de Quer\u00e9taro","description":"Explora NexoInformativo y convi\u00e9rtete en parte de una comunidad que valora el conocimiento y la verdad. Tu nexoinformativo es tu puente hacia una comprensi\u00f3n m\u00e1s profunda del mundo que te rodea.","publisher":{"@id":"https:\/\/www.nexoinformativo.mx\/#organization"},"potentialAction":[{"@type":"SearchAction","target":{"@type":"EntryPoint","urlTemplate":"https:\/\/www.nexoinformativo.mx\/?s={search_term_string}"},"query-input":{"@type":"PropertyValueSpecification","valueRequired":true,"valueName":"search_term_string"}}],"inLanguage":"es"},{"@type":"Organization","@id":"https:\/\/www.nexoinformativo.mx\/#organization","name":"Nexo Informativo Santiago de Quer\u00e9taro","url":"https:\/\/www.nexoinformativo.mx\/","logo":{"@type":"ImageObject","inLanguage":"es","@id":"https:\/\/www.nexoinformativo.mx\/#\/schema\/logo\/image\/","url":"https:\/\/www.nexoinformativo.mx\/wp-content\/uploads\/2024\/07\/nexoi-trasparente-2.png","contentUrl":"https:\/\/www.nexoinformativo.mx\/wp-content\/uploads\/2024\/07\/nexoi-trasparente-2.png","width":816,"height":339,"caption":"Nexo Informativo Santiago de Quer\u00e9taro"},"image":{"@id":"https:\/\/www.nexoinformativo.mx\/#\/schema\/logo\/image\/"},"sameAs":["https:\/\/www.facebook.com\/people\/Nexo-Informativo\/61564066885511\/"]},{"@type":"Person","@id":"https:\/\/www.nexoinformativo.mx\/#\/schema\/person\/7749d380ba08c8ca00d7bc76fd907b7d","name":"Nexo Informativo","image":{"@type":"ImageObject","inLanguage":"es","@id":"https:\/\/www.nexoinformativo.mx\/#\/schema\/person\/image\/","url":"https:\/\/secure.gravatar.com\/avatar\/dde2928154642a13d95f87ddf1ea9718fe2b46760a005c53e41ff5ad610704e6?s=96&d=mm&r=g","contentUrl":"https:\/\/secure.gravatar.com\/avatar\/dde2928154642a13d95f87ddf1ea9718fe2b46760a005c53e41ff5ad610704e6?s=96&d=mm&r=g","caption":"Nexo Informativo"},"url":"https:\/\/www.nexoinformativo.mx\/index.php\/author\/edicion\/"}]}},"_links":{"self":[{"href":"https:\/\/www.nexoinformativo.mx\/index.php\/wp-json\/wp\/v2\/posts\/12209","targetHints":{"allow":["GET"]}}],"collection":[{"href":"https:\/\/www.nexoinformativo.mx\/index.php\/wp-json\/wp\/v2\/posts"}],"about":[{"href":"https:\/\/www.nexoinformativo.mx\/index.php\/wp-json\/wp\/v2\/types\/post"}],"author":[{"embeddable":true,"href":"https:\/\/www.nexoinformativo.mx\/index.php\/wp-json\/wp\/v2\/users\/3"}],"replies":[{"embeddable":true,"href":"https:\/\/www.nexoinformativo.mx\/index.php\/wp-json\/wp\/v2\/comments?post=12209"}],"version-history":[{"count":4,"href":"https:\/\/www.nexoinformativo.mx\/index.php\/wp-json\/wp\/v2\/posts\/12209\/revisions"}],"predecessor-version":[{"id":12213,"href":"https:\/\/www.nexoinformativo.mx\/index.php\/wp-json\/wp\/v2\/posts\/12209\/revisions\/12213"}],"wp:featuredmedia":[{"embeddable":true,"href":"https:\/\/www.nexoinformativo.mx\/index.php\/wp-json\/wp\/v2\/media\/12210"}],"wp:attachment":[{"href":"https:\/\/www.nexoinformativo.mx\/index.php\/wp-json\/wp\/v2\/media?parent=12209"}],"wp:term":[{"taxonomy":"category","embeddable":true,"href":"https:\/\/www.nexoinformativo.mx\/index.php\/wp-json\/wp\/v2\/categories?post=12209"},{"taxonomy":"post_tag","embeddable":true,"href":"https:\/\/www.nexoinformativo.mx\/index.php\/wp-json\/wp\/v2\/tags?post=12209"}],"curies":[{"name":"wp","href":"https:\/\/api.w.org\/{rel}","templated":true}]}}