{"id":12227,"date":"2025-02-27T17:00:45","date_gmt":"2025-02-27T23:00:45","guid":{"rendered":"https:\/\/www.nexoinformativo.mx\/?p=12227"},"modified":"2025-02-27T21:22:38","modified_gmt":"2025-02-28T03:22:38","slug":"uaq-supera-expectativas-logra-aumento-salarial-historico-para-sus-trabajadores","status":"publish","type":"post","link":"https:\/\/www.nexoinformativo.mx\/index.php\/2025\/02\/27\/uaq-supera-expectativas-logra-aumento-salarial-historico-para-sus-trabajadores\/","title":{"rendered":"UAQ supera expectativas logra aumento salarial hist\u00f3rico para sus trabajadores"},"content":{"rendered":"<p style=\"text-align: justify;\" data-sourcepos=\"13:1-13:430\">La Universidad Aut\u00f3noma de Quer\u00e9taro (UAQ), liderada por la Rectora Dra. Silvia Amaya Llano, ha alcanzado un acuerdo hist\u00f3rico con el Sindicato de Trabajadores y Empleados de la UAQ (STEUAQ), logrando un aumento salarial directo del 4.3%.<\/p>\n<\/p>\n<p>&nbsp;<\/p>\n<p style=\"text-align: justify;\" data-sourcepos=\"13:1-13:430\">Esta cifra supera el tope nacional establecido por el Sindicato de Trabajadores de la UNAM, demostrando el compromiso de la instituci\u00f3n con sus trabajadores.<\/p>\n<\/p>\n<p>&nbsp;<\/p>\n<p style=\"text-align: justify;\" data-sourcepos=\"15:1-15:254\">La Dra. Silvia Amaya Llano destac\u00f3 que este acuerdo permite a la UAQ continuar su labor como fuente de empleo, espacio de formaci\u00f3n y proveedor de servicios para la sociedad. Asimismo, agradeci\u00f3 la disposici\u00f3n al di\u00e1logo de todas las partes involucradas.<\/p>\n<\/p>\n<p>&nbsp;<\/p>\n<p style=\"text-align: justify;\" data-sourcepos=\"17:1-17:302\">El Lic. Iv\u00e1n Nieto Rom\u00e1n, secretario Particular de Rector\u00eda, inform\u00f3 que el incremento supera cualquier negociaci\u00f3n similar en el pa\u00eds, ya que otras instituciones de educaci\u00f3n superior cerraron en 4%. Adem\u00e1s, la UAQ otorg\u00f3 una bolsa econ\u00f3mica de mil pesos por agremiado y la regularizaci\u00f3n de 50 bases.<\/p>\n<\/p>\n<p>&nbsp;<\/p>\n<p style=\"text-align: justify;\" data-sourcepos=\"19:1-19:179\">El Lic. Jos\u00e9 Alejandro Silva Mart\u00ednez, secretario General del STEUAQ, resalt\u00f3 la importancia de que los legisladores federales consideren la situaci\u00f3n econ\u00f3mica de la Universidad.<\/p>\n<\/p>\n<p>&nbsp;<\/p>\n<p style=\"text-align: justify;\" data-sourcepos=\"21:1-21:220\">La Mtra. Liliana San Mart\u00edn Castillo, secretaria del Trabajo del gobierno estatal, reconoci\u00f3 la voluntad de ambas partes para llegar a este acuerdo y reiter\u00f3 la disposici\u00f3n del gobierno estatal para facilitar el di\u00e1logo.<\/p>\n<\/p>\n<p>&nbsp;<\/p>\n<p style=\"text-align: center;\" data-sourcepos=\"21:1-21:220\"><em><strong>\u00a1Informaci\u00f3n que transforma!<\/strong><\/em><\/p>\n","protected":false},"excerpt":{"rendered":"<p>La Universidad Aut\u00f3noma de Quer\u00e9taro (UAQ), liderada por la Rectora Dra. Silvia Amaya Llano, ha alcanzado un acuerdo hist\u00f3rico con el Sindicato de Trabajadores y Empleados de la UAQ (STEUAQ), logrando un aumento salarial directo del 4.3%.<\/p>\n","protected":false},"author":3,"featured_media":12228,"comment_status":"open","ping_status":"open","sticky":false,"template":"","format":"standard","meta":{"footnotes":""},"categories":[42,58],"tags":[1292,1163,252],"class_list":["post-12227","post","type-post","status-publish","format-standard","has-post-thumbnail","hentry","category-estado","category-ultima-hora","tag-aumentosalarial","tag-educacionsuperior","tag-uaq"],"yoast_head":"<!-- This site is optimized with the Yoast SEO plugin v25.0 - https:\/\/yoast.com\/wordpress\/plugins\/seo\/ -->\n<title>UAQ supera expectativas logra aumento salarial hist\u00f3rico para sus trabajadores | Nexo Informativo Santiago de Quer\u00e9taro<\/title>\n<meta name=\"description\" content=\"UAQ supera expectativas logra aumento salarial hist\u00f3rico para sus trabajadores\" \/>\n<meta name=\"robots\" content=\"index, follow, max-snippet:-1, max-image-preview:large, max-video-preview:-1\" \/>\n<link rel=\"canonical\" href=\"https:\/\/www.nexoinformativo.mx\/index.php\/2025\/02\/27\/uaq-supera-expectativas-logra-aumento-salarial-historico-para-sus-trabajadores\/\" \/>\n<meta property=\"og:locale\" content=\"es_MX\" \/>\n<meta property=\"og:type\" content=\"article\" \/>\n<meta property=\"og:title\" content=\"UAQ supera expectativas logra aumento salarial hist\u00f3rico para sus trabajadores | Nexo Informativo Santiago de Quer\u00e9taro\" \/>\n<meta property=\"og:description\" content=\"UAQ supera expectativas logra aumento salarial hist\u00f3rico para sus trabajadores\" \/>\n<meta property=\"og:url\" content=\"https:\/\/www.nexoinformativo.mx\/index.php\/2025\/02\/27\/uaq-supera-expectativas-logra-aumento-salarial-historico-para-sus-trabajadores\/\" \/>\n<meta property=\"og:site_name\" content=\"Nexo Informativo Santiago de Quer\u00e9taro\" \/>\n<meta property=\"article:publisher\" content=\"https:\/\/www.facebook.com\/people\/Nexo-Informativo\/61564066885511\/\" \/>\n<meta property=\"article:published_time\" content=\"2025-02-27T23:00:45+00:00\" \/>\n<meta property=\"article:modified_time\" content=\"2025-02-28T03:22:38+00:00\" \/>\n<meta property=\"og:image\" content=\"https:\/\/www.nexoinformativo.mx\/wp-content\/uploads\/2025\/02\/b218230c-15a1-41b1-b6ea-11b152be3b2a-e1740712910641.jpg\" \/>\n\t<meta property=\"og:image:width\" content=\"800\" \/>\n\t<meta property=\"og:image:height\" content=\"533\" \/>\n\t<meta property=\"og:image:type\" content=\"image\/jpeg\" \/>\n<meta name=\"author\" content=\"Nexo Informativo\" \/>\n<meta name=\"twitter:card\" content=\"summary_large_image\" \/>\n<meta name=\"twitter:label1\" content=\"Escrito por\" \/>\n\t<meta name=\"twitter:data1\" content=\"Nexo Informativo\" \/>\n\t<meta name=\"twitter:label2\" content=\"Tiempo de lectura\" \/>\n\t<meta name=\"twitter:data2\" content=\"2 minutos\" \/>\n<script type=\"application\/ld+json\" class=\"yoast-schema-graph\">{\"@context\":\"https:\/\/schema.org\",\"@graph\":[{\"@type\":\"Article\",\"@id\":\"https:\/\/www.nexoinformativo.mx\/index.php\/2025\/02\/27\/uaq-supera-expectativas-logra-aumento-salarial-historico-para-sus-trabajadores\/#article\",\"isPartOf\":{\"@id\":\"https:\/\/www.nexoinformativo.mx\/index.php\/2025\/02\/27\/uaq-supera-expectativas-logra-aumento-salarial-historico-para-sus-trabajadores\/\"},\"author\":{\"name\":\"Nexo Informativo\",\"@id\":\"https:\/\/www.nexoinformativo.mx\/#\/schema\/person\/7749d380ba08c8ca00d7bc76fd907b7d\"},\"headline\":\"UAQ supera expectativas logra aumento salarial hist\u00f3rico para sus trabajadores\",\"datePublished\":\"2025-02-27T23:00:45+00:00\",\"dateModified\":\"2025-02-28T03:22:38+00:00\",\"mainEntityOfPage\":{\"@id\":\"https:\/\/www.nexoinformativo.mx\/index.php\/2025\/02\/27\/uaq-supera-expectativas-logra-aumento-salarial-historico-para-sus-trabajadores\/\"},\"wordCount\":249,\"commentCount\":0,\"publisher\":{\"@id\":\"https:\/\/www.nexoinformativo.mx\/#organization\"},\"image\":{\"@id\":\"https:\/\/www.nexoinformativo.mx\/index.php\/2025\/02\/27\/uaq-supera-expectativas-logra-aumento-salarial-historico-para-sus-trabajadores\/#primaryimage\"},\"thumbnailUrl\":\"https:\/\/www.nexoinformativo.mx\/wp-content\/uploads\/2025\/02\/b218230c-15a1-41b1-b6ea-11b152be3b2a-e1740712910641.jpg\",\"keywords\":[\"AumentoSalarial\",\"Educaci\u00f3nSuperior\",\"UAQ\"],\"articleSection\":[\"Estado\",\"\u00daltima Hora\"],\"inLanguage\":\"es\",\"potentialAction\":[{\"@type\":\"CommentAction\",\"name\":\"Comment\",\"target\":[\"https:\/\/www.nexoinformativo.mx\/index.php\/2025\/02\/27\/uaq-supera-expectativas-logra-aumento-salarial-historico-para-sus-trabajadores\/#respond\"]}]},{\"@type\":\"WebPage\",\"@id\":\"https:\/\/www.nexoinformativo.mx\/index.php\/2025\/02\/27\/uaq-supera-expectativas-logra-aumento-salarial-historico-para-sus-trabajadores\/\",\"url\":\"https:\/\/www.nexoinformativo.mx\/index.php\/2025\/02\/27\/uaq-supera-expectativas-logra-aumento-salarial-historico-para-sus-trabajadores\/\",\"name\":\"UAQ supera expectativas logra aumento salarial hist\u00f3rico para sus trabajadores | Nexo Informativo Santiago de Quer\u00e9taro\",\"isPartOf\":{\"@id\":\"https:\/\/www.nexoinformativo.mx\/#website\"},\"primaryImageOfPage\":{\"@id\":\"https:\/\/www.nexoinformativo.mx\/index.php\/2025\/02\/27\/uaq-supera-expectativas-logra-aumento-salarial-historico-para-sus-trabajadores\/#primaryimage\"},\"image\":{\"@id\":\"https:\/\/www.nexoinformativo.mx\/index.php\/2025\/02\/27\/uaq-supera-expectativas-logra-aumento-salarial-historico-para-sus-trabajadores\/#primaryimage\"},\"thumbnailUrl\":\"https:\/\/www.nexoinformativo.mx\/wp-content\/uploads\/2025\/02\/b218230c-15a1-41b1-b6ea-11b152be3b2a-e1740712910641.jpg\",\"datePublished\":\"2025-02-27T23:00:45+00:00\",\"dateModified\":\"2025-02-28T03:22:38+00:00\",\"description\":\"UAQ supera expectativas logra aumento salarial hist\u00f3rico para sus trabajadores\",\"breadcrumb\":{\"@id\":\"https:\/\/www.nexoinformativo.mx\/index.php\/2025\/02\/27\/uaq-supera-expectativas-logra-aumento-salarial-historico-para-sus-trabajadores\/#breadcrumb\"},\"inLanguage\":\"es\",\"potentialAction\":[{\"@type\":\"ReadAction\",\"target\":[\"https:\/\/www.nexoinformativo.mx\/index.php\/2025\/02\/27\/uaq-supera-expectativas-logra-aumento-salarial-historico-para-sus-trabajadores\/\"]}]},{\"@type\":\"ImageObject\",\"inLanguage\":\"es\",\"@id\":\"https:\/\/www.nexoinformativo.mx\/index.php\/2025\/02\/27\/uaq-supera-expectativas-logra-aumento-salarial-historico-para-sus-trabajadores\/#primaryimage\",\"url\":\"https:\/\/www.nexoinformativo.mx\/wp-content\/uploads\/2025\/02\/b218230c-15a1-41b1-b6ea-11b152be3b2a-e1740712910641.jpg\",\"contentUrl\":\"https:\/\/www.nexoinformativo.mx\/wp-content\/uploads\/2025\/02\/b218230c-15a1-41b1-b6ea-11b152be3b2a-e1740712910641.jpg\",\"width\":800,\"height\":533},{\"@type\":\"BreadcrumbList\",\"@id\":\"https:\/\/www.nexoinformativo.mx\/index.php\/2025\/02\/27\/uaq-supera-expectativas-logra-aumento-salarial-historico-para-sus-trabajadores\/#breadcrumb\",\"itemListElement\":[{\"@type\":\"ListItem\",\"position\":1,\"name\":\"Inicio\",\"item\":\"https:\/\/www.nexoinformativo.mx\/\"},{\"@type\":\"ListItem\",\"position\":2,\"name\":\"UAQ supera expectativas logra aumento salarial hist\u00f3rico para sus trabajadores\"}]},{\"@type\":\"WebSite\",\"@id\":\"https:\/\/www.nexoinformativo.mx\/#website\",\"url\":\"https:\/\/www.nexoinformativo.mx\/\",\"name\":\"Nexo Informativo Santiago de Quer\u00e9taro\",\"description\":\"Explora NexoInformativo y convi\u00e9rtete en parte de una comunidad que valora el conocimiento y la verdad. Tu nexoinformativo es tu puente hacia una comprensi\u00f3n m\u00e1s profunda del mundo que te rodea.\",\"publisher\":{\"@id\":\"https:\/\/www.nexoinformativo.mx\/#organization\"},\"potentialAction\":[{\"@type\":\"SearchAction\",\"target\":{\"@type\":\"EntryPoint\",\"urlTemplate\":\"https:\/\/www.nexoinformativo.mx\/?s={search_term_string}\"},\"query-input\":{\"@type\":\"PropertyValueSpecification\",\"valueRequired\":true,\"valueName\":\"search_term_string\"}}],\"inLanguage\":\"es\"},{\"@type\":\"Organization\",\"@id\":\"https:\/\/www.nexoinformativo.mx\/#organization\",\"name\":\"Nexo Informativo Santiago de Quer\u00e9taro\",\"url\":\"https:\/\/www.nexoinformativo.mx\/\",\"logo\":{\"@type\":\"ImageObject\",\"inLanguage\":\"es\",\"@id\":\"https:\/\/www.nexoinformativo.mx\/#\/schema\/logo\/image\/\",\"url\":\"https:\/\/www.nexoinformativo.mx\/wp-content\/uploads\/2024\/07\/nexoi-trasparente-2.png\",\"contentUrl\":\"https:\/\/www.nexoinformativo.mx\/wp-content\/uploads\/2024\/07\/nexoi-trasparente-2.png\",\"width\":816,\"height\":339,\"caption\":\"Nexo Informativo Santiago de Quer\u00e9taro\"},\"image\":{\"@id\":\"https:\/\/www.nexoinformativo.mx\/#\/schema\/logo\/image\/\"},\"sameAs\":[\"https:\/\/www.facebook.com\/people\/Nexo-Informativo\/61564066885511\/\"]},{\"@type\":\"Person\",\"@id\":\"https:\/\/www.nexoinformativo.mx\/#\/schema\/person\/7749d380ba08c8ca00d7bc76fd907b7d\",\"name\":\"Nexo Informativo\",\"image\":{\"@type\":\"ImageObject\",\"inLanguage\":\"es\",\"@id\":\"https:\/\/www.nexoinformativo.mx\/#\/schema\/person\/image\/\",\"url\":\"https:\/\/secure.gravatar.com\/avatar\/dde2928154642a13d95f87ddf1ea9718fe2b46760a005c53e41ff5ad610704e6?s=96&d=mm&r=g\",\"contentUrl\":\"https:\/\/secure.gravatar.com\/avatar\/dde2928154642a13d95f87ddf1ea9718fe2b46760a005c53e41ff5ad610704e6?s=96&d=mm&r=g\",\"caption\":\"Nexo Informativo\"},\"url\":\"https:\/\/www.nexoinformativo.mx\/index.php\/author\/edicion\/\"}]}<\/script>\n<!-- \/ Yoast SEO plugin. -->","yoast_head_json":{"title":"UAQ supera expectativas logra aumento salarial hist\u00f3rico para sus trabajadores | Nexo Informativo Santiago de Quer\u00e9taro","description":"UAQ supera expectativas logra aumento salarial hist\u00f3rico para sus trabajadores","robots":{"index":"index","follow":"follow","max-snippet":"max-snippet:-1","max-image-preview":"max-image-preview:large","max-video-preview":"max-video-preview:-1"},"canonical":"https:\/\/www.nexoinformativo.mx\/index.php\/2025\/02\/27\/uaq-supera-expectativas-logra-aumento-salarial-historico-para-sus-trabajadores\/","og_locale":"es_MX","og_type":"article","og_title":"UAQ supera expectativas logra aumento salarial hist\u00f3rico para sus trabajadores | Nexo Informativo Santiago de Quer\u00e9taro","og_description":"UAQ supera expectativas logra aumento salarial hist\u00f3rico para sus trabajadores","og_url":"https:\/\/www.nexoinformativo.mx\/index.php\/2025\/02\/27\/uaq-supera-expectativas-logra-aumento-salarial-historico-para-sus-trabajadores\/","og_site_name":"Nexo Informativo Santiago de Quer\u00e9taro","article_publisher":"https:\/\/www.facebook.com\/people\/Nexo-Informativo\/61564066885511\/","article_published_time":"2025-02-27T23:00:45+00:00","article_modified_time":"2025-02-28T03:22:38+00:00","og_image":[{"width":800,"height":533,"url":"https:\/\/www.nexoinformativo.mx\/wp-content\/uploads\/2025\/02\/b218230c-15a1-41b1-b6ea-11b152be3b2a-e1740712910641.jpg","type":"image\/jpeg"}],"author":"Nexo Informativo","twitter_card":"summary_large_image","twitter_misc":{"Escrito por":"Nexo Informativo","Tiempo de lectura":"2 minutos"},"schema":{"@context":"https:\/\/schema.org","@graph":[{"@type":"Article","@id":"https:\/\/www.nexoinformativo.mx\/index.php\/2025\/02\/27\/uaq-supera-expectativas-logra-aumento-salarial-historico-para-sus-trabajadores\/#article","isPartOf":{"@id":"https:\/\/www.nexoinformativo.mx\/index.php\/2025\/02\/27\/uaq-supera-expectativas-logra-aumento-salarial-historico-para-sus-trabajadores\/"},"author":{"name":"Nexo Informativo","@id":"https:\/\/www.nexoinformativo.mx\/#\/schema\/person\/7749d380ba08c8ca00d7bc76fd907b7d"},"headline":"UAQ supera expectativas logra aumento salarial hist\u00f3rico para sus trabajadores","datePublished":"2025-02-27T23:00:45+00:00","dateModified":"2025-02-28T03:22:38+00:00","mainEntityOfPage":{"@id":"https:\/\/www.nexoinformativo.mx\/index.php\/2025\/02\/27\/uaq-supera-expectativas-logra-aumento-salarial-historico-para-sus-trabajadores\/"},"wordCount":249,"commentCount":0,"publisher":{"@id":"https:\/\/www.nexoinformativo.mx\/#organization"},"image":{"@id":"https:\/\/www.nexoinformativo.mx\/index.php\/2025\/02\/27\/uaq-supera-expectativas-logra-aumento-salarial-historico-para-sus-trabajadores\/#primaryimage"},"thumbnailUrl":"https:\/\/www.nexoinformativo.mx\/wp-content\/uploads\/2025\/02\/b218230c-15a1-41b1-b6ea-11b152be3b2a-e1740712910641.jpg","keywords":["AumentoSalarial","Educaci\u00f3nSuperior","UAQ"],"articleSection":["Estado","\u00daltima Hora"],"inLanguage":"es","potentialAction":[{"@type":"CommentAction","name":"Comment","target":["https:\/\/www.nexoinformativo.mx\/index.php\/2025\/02\/27\/uaq-supera-expectativas-logra-aumento-salarial-historico-para-sus-trabajadores\/#respond"]}]},{"@type":"WebPage","@id":"https:\/\/www.nexoinformativo.mx\/index.php\/2025\/02\/27\/uaq-supera-expectativas-logra-aumento-salarial-historico-para-sus-trabajadores\/","url":"https:\/\/www.nexoinformativo.mx\/index.php\/2025\/02\/27\/uaq-supera-expectativas-logra-aumento-salarial-historico-para-sus-trabajadores\/","name":"UAQ supera expectativas logra aumento salarial hist\u00f3rico para sus trabajadores | Nexo Informativo Santiago de Quer\u00e9taro","isPartOf":{"@id":"https:\/\/www.nexoinformativo.mx\/#website"},"primaryImageOfPage":{"@id":"https:\/\/www.nexoinformativo.mx\/index.php\/2025\/02\/27\/uaq-supera-expectativas-logra-aumento-salarial-historico-para-sus-trabajadores\/#primaryimage"},"image":{"@id":"https:\/\/www.nexoinformativo.mx\/index.php\/2025\/02\/27\/uaq-supera-expectativas-logra-aumento-salarial-historico-para-sus-trabajadores\/#primaryimage"},"thumbnailUrl":"https:\/\/www.nexoinformativo.mx\/wp-content\/uploads\/2025\/02\/b218230c-15a1-41b1-b6ea-11b152be3b2a-e1740712910641.jpg","datePublished":"2025-02-27T23:00:45+00:00","dateModified":"2025-02-28T03:22:38+00:00","description":"UAQ supera expectativas logra aumento salarial hist\u00f3rico para sus trabajadores","breadcrumb":{"@id":"https:\/\/www.nexoinformativo.mx\/index.php\/2025\/02\/27\/uaq-supera-expectativas-logra-aumento-salarial-historico-para-sus-trabajadores\/#breadcrumb"},"inLanguage":"es","potentialAction":[{"@type":"ReadAction","target":["https:\/\/www.nexoinformativo.mx\/index.php\/2025\/02\/27\/uaq-supera-expectativas-logra-aumento-salarial-historico-para-sus-trabajadores\/"]}]},{"@type":"ImageObject","inLanguage":"es","@id":"https:\/\/www.nexoinformativo.mx\/index.php\/2025\/02\/27\/uaq-supera-expectativas-logra-aumento-salarial-historico-para-sus-trabajadores\/#primaryimage","url":"https:\/\/www.nexoinformativo.mx\/wp-content\/uploads\/2025\/02\/b218230c-15a1-41b1-b6ea-11b152be3b2a-e1740712910641.jpg","contentUrl":"https:\/\/www.nexoinformativo.mx\/wp-content\/uploads\/2025\/02\/b218230c-15a1-41b1-b6ea-11b152be3b2a-e1740712910641.jpg","width":800,"height":533},{"@type":"BreadcrumbList","@id":"https:\/\/www.nexoinformativo.mx\/index.php\/2025\/02\/27\/uaq-supera-expectativas-logra-aumento-salarial-historico-para-sus-trabajadores\/#breadcrumb","itemListElement":[{"@type":"ListItem","position":1,"name":"Inicio","item":"https:\/\/www.nexoinformativo.mx\/"},{"@type":"ListItem","position":2,"name":"UAQ supera expectativas logra aumento salarial hist\u00f3rico para sus trabajadores"}]},{"@type":"WebSite","@id":"https:\/\/www.nexoinformativo.mx\/#website","url":"https:\/\/www.nexoinformativo.mx\/","name":"Nexo Informativo Santiago de Quer\u00e9taro","description":"Explora NexoInformativo y convi\u00e9rtete en parte de una comunidad que valora el conocimiento y la verdad. Tu nexoinformativo es tu puente hacia una comprensi\u00f3n m\u00e1s profunda del mundo que te rodea.","publisher":{"@id":"https:\/\/www.nexoinformativo.mx\/#organization"},"potentialAction":[{"@type":"SearchAction","target":{"@type":"EntryPoint","urlTemplate":"https:\/\/www.nexoinformativo.mx\/?s={search_term_string}"},"query-input":{"@type":"PropertyValueSpecification","valueRequired":true,"valueName":"search_term_string"}}],"inLanguage":"es"},{"@type":"Organization","@id":"https:\/\/www.nexoinformativo.mx\/#organization","name":"Nexo Informativo Santiago de Quer\u00e9taro","url":"https:\/\/www.nexoinformativo.mx\/","logo":{"@type":"ImageObject","inLanguage":"es","@id":"https:\/\/www.nexoinformativo.mx\/#\/schema\/logo\/image\/","url":"https:\/\/www.nexoinformativo.mx\/wp-content\/uploads\/2024\/07\/nexoi-trasparente-2.png","contentUrl":"https:\/\/www.nexoinformativo.mx\/wp-content\/uploads\/2024\/07\/nexoi-trasparente-2.png","width":816,"height":339,"caption":"Nexo Informativo Santiago de Quer\u00e9taro"},"image":{"@id":"https:\/\/www.nexoinformativo.mx\/#\/schema\/logo\/image\/"},"sameAs":["https:\/\/www.facebook.com\/people\/Nexo-Informativo\/61564066885511\/"]},{"@type":"Person","@id":"https:\/\/www.nexoinformativo.mx\/#\/schema\/person\/7749d380ba08c8ca00d7bc76fd907b7d","name":"Nexo Informativo","image":{"@type":"ImageObject","inLanguage":"es","@id":"https:\/\/www.nexoinformativo.mx\/#\/schema\/person\/image\/","url":"https:\/\/secure.gravatar.com\/avatar\/dde2928154642a13d95f87ddf1ea9718fe2b46760a005c53e41ff5ad610704e6?s=96&d=mm&r=g","contentUrl":"https:\/\/secure.gravatar.com\/avatar\/dde2928154642a13d95f87ddf1ea9718fe2b46760a005c53e41ff5ad610704e6?s=96&d=mm&r=g","caption":"Nexo Informativo"},"url":"https:\/\/www.nexoinformativo.mx\/index.php\/author\/edicion\/"}]}},"_links":{"self":[{"href":"https:\/\/www.nexoinformativo.mx\/index.php\/wp-json\/wp\/v2\/posts\/12227","targetHints":{"allow":["GET"]}}],"collection":[{"href":"https:\/\/www.nexoinformativo.mx\/index.php\/wp-json\/wp\/v2\/posts"}],"about":[{"href":"https:\/\/www.nexoinformativo.mx\/index.php\/wp-json\/wp\/v2\/types\/post"}],"author":[{"embeddable":true,"href":"https:\/\/www.nexoinformativo.mx\/index.php\/wp-json\/wp\/v2\/users\/3"}],"replies":[{"embeddable":true,"href":"https:\/\/www.nexoinformativo.mx\/index.php\/wp-json\/wp\/v2\/comments?post=12227"}],"version-history":[{"count":3,"href":"https:\/\/www.nexoinformativo.mx\/index.php\/wp-json\/wp\/v2\/posts\/12227\/revisions"}],"predecessor-version":[{"id":12231,"href":"https:\/\/www.nexoinformativo.mx\/index.php\/wp-json\/wp\/v2\/posts\/12227\/revisions\/12231"}],"wp:featuredmedia":[{"embeddable":true,"href":"https:\/\/www.nexoinformativo.mx\/index.php\/wp-json\/wp\/v2\/media\/12228"}],"wp:attachment":[{"href":"https:\/\/www.nexoinformativo.mx\/index.php\/wp-json\/wp\/v2\/media?parent=12227"}],"wp:term":[{"taxonomy":"category","embeddable":true,"href":"https:\/\/www.nexoinformativo.mx\/index.php\/wp-json\/wp\/v2\/categories?post=12227"},{"taxonomy":"post_tag","embeddable":true,"href":"https:\/\/www.nexoinformativo.mx\/index.php\/wp-json\/wp\/v2\/tags?post=12227"}],"curies":[{"name":"wp","href":"https:\/\/api.w.org\/{rel}","templated":true}]}}