{"id":12232,"date":"2025-02-27T18:00:20","date_gmt":"2025-02-28T00:00:20","guid":{"rendered":"https:\/\/www.nexoinformativo.mx\/?p=12232"},"modified":"2025-02-27T21:32:09","modified_gmt":"2025-02-28T03:32:09","slug":"dodo-cafe-nueve-anos-de-innovacion-y-tradicion-de-la-iconica-cocteleria-queretana","status":"publish","type":"post","link":"https:\/\/www.nexoinformativo.mx\/index.php\/2025\/02\/27\/dodo-cafe-nueve-anos-de-innovacion-y-tradicion-de-la-iconica-cocteleria-queretana\/","title":{"rendered":"Dodo Caf\u00e9 nueve a\u00f1os de innovaci\u00f3n y tradici\u00f3n de la ic\u00f3nica cocteler\u00eda queretana"},"content":{"rendered":"<p style=\"text-align: justify;\" data-sourcepos=\"13:1-13:203\">Dodo Caf\u00e9, un referente nacional e internacional en la industria de la cocteler\u00eda, celebr\u00f3 su noveno aniversario en Quer\u00e9taro, con la presencia de autoridades estatales.<\/p>\n<\/p>\n<p>&nbsp;<\/p>\n<p style=\"text-align: justify;\" data-sourcepos=\"15:1-15:480\">Durante la celebraci\u00f3n, Erika Contreras Moreno, Coordinadora de Proyectos Especiales de la Secretar\u00eda de Turismo del estado de Quer\u00e9taro, destac\u00f3 la importancia de la industria de bares y restaurantes en la econom\u00eda local y su impacto en el turismo.<\/p>\n<\/p>\n<p>&nbsp;<\/p>\n<p style=\"text-align: justify;\" data-sourcepos=\"15:1-15:480\"><strong>&#8220;Dodo Caf\u00e9 es mucho m\u00e1s que un bar. Sus men\u00fas conceptuales no solo acercan a los consumidores a una experiencia \u00fanica de c\u00f3cteles, sino que tambi\u00e9n promueven y enriquecen la cultura de la cocteler\u00eda en M\u00e9xico y el mundo&#8221;<\/strong>, subray\u00f3.<\/p>\n<\/p>\n<p>&nbsp;<\/p>\n<p style=\"text-align: justify;\" data-sourcepos=\"17:1-17:421\">Laura Soria Rosas, cofundadora de Dodo Caf\u00e9, inform\u00f3 que el sector representa aproximadamente el 2% del PIB nacional y contribuye con un 15.3% del PIB tur\u00edstico, generando m\u00e1s de 2 millones de empleos anuales en M\u00e9xico.<\/p>\n<\/p>\n<p>&nbsp;<\/p>\n<p style=\"text-align: justify;\" data-sourcepos=\"17:1-17:421\">&#8220;Dodo Caf\u00e9, fundado en 2016, ha sido pionero en la regi\u00f3n al promover la cultura del buen beber a trav\u00e9s de la cocteler\u00eda de autor y la capacitaci\u00f3n constante de los profesionales del sector&#8221;, explic\u00f3.<\/p>\n<\/p>\n<p>&nbsp;<\/p>\n<p style=\"text-align: justify;\" data-sourcepos=\"19:1-19:286\">El Chef Alfredo del R\u00edo Gallardo, presidente de Vatel Club Quer\u00e9taro, resalt\u00f3 que Dodo Caf\u00e9 ha desarrollado un concepto \u00fanico a trav\u00e9s de men\u00fas tem\u00e1ticos que cuentan historias a trav\u00e9s de la cocteler\u00eda, colaborando con escritores locales para crear experiencias sensoriales innovadoras.<\/p>\n<\/p>\n<p>&nbsp;<\/p>\n<p style=\"text-align: justify;\" data-sourcepos=\"21:1-21:256\">Roberto Mart\u00ednez Guerra, gerente comercial Regional de Condesa Gin, destac\u00f3 que Dodo Caf\u00e9 se ha enfocado en ofrecer bebidas de alta calidad preparadas con t\u00e9cnicas de vanguardia, desarrollando productos elaborados en casa como licores, jarabes y fermentos.<\/p>\n<\/p>\n<p>&nbsp;<\/p>\n<p style=\"text-align: justify;\" data-sourcepos=\"23:1-23:60\"><strong>Dodo Caf\u00e9 ha recibido m\u00faltiples reconocimientos, incluyendo:<\/strong><\/p>\n<ul data-sourcepos=\"25:1-30:0\">\n<li style=\"text-align: justify;\" data-sourcepos=\"25:1-25:103\">Posicionamiento entre los cinco mejores bares de M\u00e9xico especializados en cocteler\u00eda (The Bar, 2017).<\/li>\n<li style=\"text-align: justify;\" data-sourcepos=\"26:1-26:118\">Nominaci\u00f3n en Barcelona Cocktail Week como uno de los cinco proyectos sustentables m\u00e1s importantes del mundo (2019).<\/li>\n<li style=\"text-align: justify;\" data-sourcepos=\"27:1-27:121\">Reconocimiento por Tales of the Cocktail como uno de los 10 mejores equipos de bar en Latinoam\u00e9rica y el Caribe (2020).<\/li>\n<li style=\"text-align: justify;\" data-sourcepos=\"28:1-28:86\">Selecci\u00f3n por los 50 Best Bars para recibir apoyo econ\u00f3mico tras la pandemia (2020).<\/li>\n<li style=\"text-align: justify;\" data-sourcepos=\"29:1-30:0\">Premiado como uno de los 30 mejores bares de M\u00e9xico por Shaker Awards (2023 y 2024).<\/li>\n<\/ul>\n<p>&nbsp;<\/p>\n<p style=\"text-align: center;\"><em><strong>\u00a1Informaci\u00f3n que transforma!<\/strong><\/em><\/p>\n","protected":false},"excerpt":{"rendered":"<p>Dodo Caf\u00e9, un referente nacional e internacional en la industria de la cocteler\u00eda, celebr\u00f3 su noveno aniversario en Quer\u00e9taro, con la presencia de autoridades estatales.<\/p>\n","protected":false},"author":3,"featured_media":12233,"comment_status":"open","ping_status":"open","sticky":false,"template":"","format":"standard","meta":{"footnotes":""},"categories":[5,65,58],"tags":[3592,3591,3593,992],"class_list":["post-12232","post","type-post","status-publish","format-standard","has-post-thumbnail","hentry","category-economia","category-municipios","category-ultima-hora","tag-cocteleriaqueretaro","tag-dodocafe","tag-gastronomiaqro","tag-turismoqueretaro"],"yoast_head":"<!-- This site is optimized with the Yoast SEO plugin v25.0 - https:\/\/yoast.com\/wordpress\/plugins\/seo\/ -->\n<title>Dodo Caf\u00e9 nueve a\u00f1os de innovaci\u00f3n y tradici\u00f3n de la ic\u00f3nica cocteler\u00eda queretana | Nexo Informativo Santiago de Quer\u00e9taro<\/title>\n<meta name=\"description\" content=\"Dodo Caf\u00e9 nueve a\u00f1os de innovaci\u00f3n y tradici\u00f3n de la ic\u00f3nica cocteler\u00eda queretana\" \/>\n<meta name=\"robots\" content=\"index, follow, max-snippet:-1, max-image-preview:large, max-video-preview:-1\" \/>\n<link rel=\"canonical\" href=\"https:\/\/www.nexoinformativo.mx\/index.php\/2025\/02\/27\/dodo-cafe-nueve-anos-de-innovacion-y-tradicion-de-la-iconica-cocteleria-queretana\/\" \/>\n<meta property=\"og:locale\" content=\"es_MX\" \/>\n<meta property=\"og:type\" content=\"article\" \/>\n<meta property=\"og:title\" content=\"Dodo Caf\u00e9 nueve a\u00f1os de innovaci\u00f3n y tradici\u00f3n de la ic\u00f3nica cocteler\u00eda queretana | Nexo Informativo Santiago de Quer\u00e9taro\" \/>\n<meta property=\"og:description\" content=\"Dodo Caf\u00e9 nueve a\u00f1os de innovaci\u00f3n y tradici\u00f3n de la ic\u00f3nica cocteler\u00eda queretana\" \/>\n<meta property=\"og:url\" content=\"https:\/\/www.nexoinformativo.mx\/index.php\/2025\/02\/27\/dodo-cafe-nueve-anos-de-innovacion-y-tradicion-de-la-iconica-cocteleria-queretana\/\" \/>\n<meta property=\"og:site_name\" content=\"Nexo Informativo Santiago de Quer\u00e9taro\" \/>\n<meta property=\"article:publisher\" content=\"https:\/\/www.facebook.com\/people\/Nexo-Informativo\/61564066885511\/\" \/>\n<meta property=\"article:published_time\" content=\"2025-02-28T00:00:20+00:00\" \/>\n<meta property=\"article:modified_time\" content=\"2025-02-28T03:32:09+00:00\" \/>\n<meta property=\"og:image\" content=\"https:\/\/www.nexoinformativo.mx\/wp-content\/uploads\/2025\/02\/7b685a70-a65c-41a4-b837-7d66a4e1b803-e1740713454239.jpg\" \/>\n\t<meta property=\"og:image:width\" content=\"700\" \/>\n\t<meta property=\"og:image:height\" content=\"804\" \/>\n\t<meta property=\"og:image:type\" content=\"image\/jpeg\" \/>\n<meta name=\"author\" content=\"Nexo Informativo\" \/>\n<meta name=\"twitter:card\" content=\"summary_large_image\" \/>\n<meta name=\"twitter:label1\" content=\"Escrito por\" \/>\n\t<meta name=\"twitter:data1\" content=\"Nexo Informativo\" \/>\n\t<meta name=\"twitter:label2\" content=\"Tiempo de lectura\" \/>\n\t<meta name=\"twitter:data2\" content=\"2 minutos\" \/>\n<script type=\"application\/ld+json\" class=\"yoast-schema-graph\">{\"@context\":\"https:\/\/schema.org\",\"@graph\":[{\"@type\":\"Article\",\"@id\":\"https:\/\/www.nexoinformativo.mx\/index.php\/2025\/02\/27\/dodo-cafe-nueve-anos-de-innovacion-y-tradicion-de-la-iconica-cocteleria-queretana\/#article\",\"isPartOf\":{\"@id\":\"https:\/\/www.nexoinformativo.mx\/index.php\/2025\/02\/27\/dodo-cafe-nueve-anos-de-innovacion-y-tradicion-de-la-iconica-cocteleria-queretana\/\"},\"author\":{\"name\":\"Nexo Informativo\",\"@id\":\"https:\/\/www.nexoinformativo.mx\/#\/schema\/person\/7749d380ba08c8ca00d7bc76fd907b7d\"},\"headline\":\"Dodo Caf\u00e9 nueve a\u00f1os de innovaci\u00f3n y tradici\u00f3n de la ic\u00f3nica cocteler\u00eda queretana\",\"datePublished\":\"2025-02-28T00:00:20+00:00\",\"dateModified\":\"2025-02-28T03:32:09+00:00\",\"mainEntityOfPage\":{\"@id\":\"https:\/\/www.nexoinformativo.mx\/index.php\/2025\/02\/27\/dodo-cafe-nueve-anos-de-innovacion-y-tradicion-de-la-iconica-cocteleria-queretana\/\"},\"wordCount\":397,\"commentCount\":0,\"publisher\":{\"@id\":\"https:\/\/www.nexoinformativo.mx\/#organization\"},\"image\":{\"@id\":\"https:\/\/www.nexoinformativo.mx\/index.php\/2025\/02\/27\/dodo-cafe-nueve-anos-de-innovacion-y-tradicion-de-la-iconica-cocteleria-queretana\/#primaryimage\"},\"thumbnailUrl\":\"https:\/\/www.nexoinformativo.mx\/wp-content\/uploads\/2025\/02\/7b685a70-a65c-41a4-b837-7d66a4e1b803-e1740713454239.jpg\",\"keywords\":[\"Cocteler\u00edaQuer\u00e9taro\",\"DodoCafe\",\"Gastronom\u00edaQro\",\"TurismoQuer\u00e9taro\"],\"articleSection\":[\"Econom\u00eda\",\"Municipios\",\"\u00daltima Hora\"],\"inLanguage\":\"es\",\"potentialAction\":[{\"@type\":\"CommentAction\",\"name\":\"Comment\",\"target\":[\"https:\/\/www.nexoinformativo.mx\/index.php\/2025\/02\/27\/dodo-cafe-nueve-anos-de-innovacion-y-tradicion-de-la-iconica-cocteleria-queretana\/#respond\"]}]},{\"@type\":\"WebPage\",\"@id\":\"https:\/\/www.nexoinformativo.mx\/index.php\/2025\/02\/27\/dodo-cafe-nueve-anos-de-innovacion-y-tradicion-de-la-iconica-cocteleria-queretana\/\",\"url\":\"https:\/\/www.nexoinformativo.mx\/index.php\/2025\/02\/27\/dodo-cafe-nueve-anos-de-innovacion-y-tradicion-de-la-iconica-cocteleria-queretana\/\",\"name\":\"Dodo Caf\u00e9 nueve a\u00f1os de innovaci\u00f3n y tradici\u00f3n de la ic\u00f3nica cocteler\u00eda queretana | Nexo Informativo Santiago de Quer\u00e9taro\",\"isPartOf\":{\"@id\":\"https:\/\/www.nexoinformativo.mx\/#website\"},\"primaryImageOfPage\":{\"@id\":\"https:\/\/www.nexoinformativo.mx\/index.php\/2025\/02\/27\/dodo-cafe-nueve-anos-de-innovacion-y-tradicion-de-la-iconica-cocteleria-queretana\/#primaryimage\"},\"image\":{\"@id\":\"https:\/\/www.nexoinformativo.mx\/index.php\/2025\/02\/27\/dodo-cafe-nueve-anos-de-innovacion-y-tradicion-de-la-iconica-cocteleria-queretana\/#primaryimage\"},\"thumbnailUrl\":\"https:\/\/www.nexoinformativo.mx\/wp-content\/uploads\/2025\/02\/7b685a70-a65c-41a4-b837-7d66a4e1b803-e1740713454239.jpg\",\"datePublished\":\"2025-02-28T00:00:20+00:00\",\"dateModified\":\"2025-02-28T03:32:09+00:00\",\"description\":\"Dodo Caf\u00e9 nueve a\u00f1os de innovaci\u00f3n y tradici\u00f3n de la ic\u00f3nica cocteler\u00eda queretana\",\"breadcrumb\":{\"@id\":\"https:\/\/www.nexoinformativo.mx\/index.php\/2025\/02\/27\/dodo-cafe-nueve-anos-de-innovacion-y-tradicion-de-la-iconica-cocteleria-queretana\/#breadcrumb\"},\"inLanguage\":\"es\",\"potentialAction\":[{\"@type\":\"ReadAction\",\"target\":[\"https:\/\/www.nexoinformativo.mx\/index.php\/2025\/02\/27\/dodo-cafe-nueve-anos-de-innovacion-y-tradicion-de-la-iconica-cocteleria-queretana\/\"]}]},{\"@type\":\"ImageObject\",\"inLanguage\":\"es\",\"@id\":\"https:\/\/www.nexoinformativo.mx\/index.php\/2025\/02\/27\/dodo-cafe-nueve-anos-de-innovacion-y-tradicion-de-la-iconica-cocteleria-queretana\/#primaryimage\",\"url\":\"https:\/\/www.nexoinformativo.mx\/wp-content\/uploads\/2025\/02\/7b685a70-a65c-41a4-b837-7d66a4e1b803-e1740713454239.jpg\",\"contentUrl\":\"https:\/\/www.nexoinformativo.mx\/wp-content\/uploads\/2025\/02\/7b685a70-a65c-41a4-b837-7d66a4e1b803-e1740713454239.jpg\",\"width\":700,\"height\":804},{\"@type\":\"BreadcrumbList\",\"@id\":\"https:\/\/www.nexoinformativo.mx\/index.php\/2025\/02\/27\/dodo-cafe-nueve-anos-de-innovacion-y-tradicion-de-la-iconica-cocteleria-queretana\/#breadcrumb\",\"itemListElement\":[{\"@type\":\"ListItem\",\"position\":1,\"name\":\"Inicio\",\"item\":\"https:\/\/www.nexoinformativo.mx\/\"},{\"@type\":\"ListItem\",\"position\":2,\"name\":\"Dodo Caf\u00e9 nueve a\u00f1os de innovaci\u00f3n y tradici\u00f3n de la ic\u00f3nica cocteler\u00eda queretana\"}]},{\"@type\":\"WebSite\",\"@id\":\"https:\/\/www.nexoinformativo.mx\/#website\",\"url\":\"https:\/\/www.nexoinformativo.mx\/\",\"name\":\"Nexo Informativo Santiago de Quer\u00e9taro\",\"description\":\"Explora NexoInformativo y convi\u00e9rtete en parte de una comunidad que valora el conocimiento y la verdad. Tu nexoinformativo es tu puente hacia una comprensi\u00f3n m\u00e1s profunda del mundo que te rodea.\",\"publisher\":{\"@id\":\"https:\/\/www.nexoinformativo.mx\/#organization\"},\"potentialAction\":[{\"@type\":\"SearchAction\",\"target\":{\"@type\":\"EntryPoint\",\"urlTemplate\":\"https:\/\/www.nexoinformativo.mx\/?s={search_term_string}\"},\"query-input\":{\"@type\":\"PropertyValueSpecification\",\"valueRequired\":true,\"valueName\":\"search_term_string\"}}],\"inLanguage\":\"es\"},{\"@type\":\"Organization\",\"@id\":\"https:\/\/www.nexoinformativo.mx\/#organization\",\"name\":\"Nexo Informativo Santiago de Quer\u00e9taro\",\"url\":\"https:\/\/www.nexoinformativo.mx\/\",\"logo\":{\"@type\":\"ImageObject\",\"inLanguage\":\"es\",\"@id\":\"https:\/\/www.nexoinformativo.mx\/#\/schema\/logo\/image\/\",\"url\":\"https:\/\/www.nexoinformativo.mx\/wp-content\/uploads\/2024\/07\/nexoi-trasparente-2.png\",\"contentUrl\":\"https:\/\/www.nexoinformativo.mx\/wp-content\/uploads\/2024\/07\/nexoi-trasparente-2.png\",\"width\":816,\"height\":339,\"caption\":\"Nexo Informativo Santiago de Quer\u00e9taro\"},\"image\":{\"@id\":\"https:\/\/www.nexoinformativo.mx\/#\/schema\/logo\/image\/\"},\"sameAs\":[\"https:\/\/www.facebook.com\/people\/Nexo-Informativo\/61564066885511\/\"]},{\"@type\":\"Person\",\"@id\":\"https:\/\/www.nexoinformativo.mx\/#\/schema\/person\/7749d380ba08c8ca00d7bc76fd907b7d\",\"name\":\"Nexo Informativo\",\"image\":{\"@type\":\"ImageObject\",\"inLanguage\":\"es\",\"@id\":\"https:\/\/www.nexoinformativo.mx\/#\/schema\/person\/image\/\",\"url\":\"https:\/\/secure.gravatar.com\/avatar\/dde2928154642a13d95f87ddf1ea9718fe2b46760a005c53e41ff5ad610704e6?s=96&d=mm&r=g\",\"contentUrl\":\"https:\/\/secure.gravatar.com\/avatar\/dde2928154642a13d95f87ddf1ea9718fe2b46760a005c53e41ff5ad610704e6?s=96&d=mm&r=g\",\"caption\":\"Nexo Informativo\"},\"url\":\"https:\/\/www.nexoinformativo.mx\/index.php\/author\/edicion\/\"}]}<\/script>\n<!-- \/ Yoast SEO plugin. -->","yoast_head_json":{"title":"Dodo Caf\u00e9 nueve a\u00f1os de innovaci\u00f3n y tradici\u00f3n de la ic\u00f3nica cocteler\u00eda queretana | Nexo Informativo Santiago de Quer\u00e9taro","description":"Dodo Caf\u00e9 nueve a\u00f1os de innovaci\u00f3n y tradici\u00f3n de la ic\u00f3nica cocteler\u00eda queretana","robots":{"index":"index","follow":"follow","max-snippet":"max-snippet:-1","max-image-preview":"max-image-preview:large","max-video-preview":"max-video-preview:-1"},"canonical":"https:\/\/www.nexoinformativo.mx\/index.php\/2025\/02\/27\/dodo-cafe-nueve-anos-de-innovacion-y-tradicion-de-la-iconica-cocteleria-queretana\/","og_locale":"es_MX","og_type":"article","og_title":"Dodo Caf\u00e9 nueve a\u00f1os de innovaci\u00f3n y tradici\u00f3n de la ic\u00f3nica cocteler\u00eda queretana | Nexo Informativo Santiago de Quer\u00e9taro","og_description":"Dodo Caf\u00e9 nueve a\u00f1os de innovaci\u00f3n y tradici\u00f3n de la ic\u00f3nica cocteler\u00eda queretana","og_url":"https:\/\/www.nexoinformativo.mx\/index.php\/2025\/02\/27\/dodo-cafe-nueve-anos-de-innovacion-y-tradicion-de-la-iconica-cocteleria-queretana\/","og_site_name":"Nexo Informativo Santiago de Quer\u00e9taro","article_publisher":"https:\/\/www.facebook.com\/people\/Nexo-Informativo\/61564066885511\/","article_published_time":"2025-02-28T00:00:20+00:00","article_modified_time":"2025-02-28T03:32:09+00:00","og_image":[{"width":700,"height":804,"url":"https:\/\/www.nexoinformativo.mx\/wp-content\/uploads\/2025\/02\/7b685a70-a65c-41a4-b837-7d66a4e1b803-e1740713454239.jpg","type":"image\/jpeg"}],"author":"Nexo Informativo","twitter_card":"summary_large_image","twitter_misc":{"Escrito por":"Nexo Informativo","Tiempo de lectura":"2 minutos"},"schema":{"@context":"https:\/\/schema.org","@graph":[{"@type":"Article","@id":"https:\/\/www.nexoinformativo.mx\/index.php\/2025\/02\/27\/dodo-cafe-nueve-anos-de-innovacion-y-tradicion-de-la-iconica-cocteleria-queretana\/#article","isPartOf":{"@id":"https:\/\/www.nexoinformativo.mx\/index.php\/2025\/02\/27\/dodo-cafe-nueve-anos-de-innovacion-y-tradicion-de-la-iconica-cocteleria-queretana\/"},"author":{"name":"Nexo Informativo","@id":"https:\/\/www.nexoinformativo.mx\/#\/schema\/person\/7749d380ba08c8ca00d7bc76fd907b7d"},"headline":"Dodo Caf\u00e9 nueve a\u00f1os de innovaci\u00f3n y tradici\u00f3n de la ic\u00f3nica cocteler\u00eda queretana","datePublished":"2025-02-28T00:00:20+00:00","dateModified":"2025-02-28T03:32:09+00:00","mainEntityOfPage":{"@id":"https:\/\/www.nexoinformativo.mx\/index.php\/2025\/02\/27\/dodo-cafe-nueve-anos-de-innovacion-y-tradicion-de-la-iconica-cocteleria-queretana\/"},"wordCount":397,"commentCount":0,"publisher":{"@id":"https:\/\/www.nexoinformativo.mx\/#organization"},"image":{"@id":"https:\/\/www.nexoinformativo.mx\/index.php\/2025\/02\/27\/dodo-cafe-nueve-anos-de-innovacion-y-tradicion-de-la-iconica-cocteleria-queretana\/#primaryimage"},"thumbnailUrl":"https:\/\/www.nexoinformativo.mx\/wp-content\/uploads\/2025\/02\/7b685a70-a65c-41a4-b837-7d66a4e1b803-e1740713454239.jpg","keywords":["Cocteler\u00edaQuer\u00e9taro","DodoCafe","Gastronom\u00edaQro","TurismoQuer\u00e9taro"],"articleSection":["Econom\u00eda","Municipios","\u00daltima Hora"],"inLanguage":"es","potentialAction":[{"@type":"CommentAction","name":"Comment","target":["https:\/\/www.nexoinformativo.mx\/index.php\/2025\/02\/27\/dodo-cafe-nueve-anos-de-innovacion-y-tradicion-de-la-iconica-cocteleria-queretana\/#respond"]}]},{"@type":"WebPage","@id":"https:\/\/www.nexoinformativo.mx\/index.php\/2025\/02\/27\/dodo-cafe-nueve-anos-de-innovacion-y-tradicion-de-la-iconica-cocteleria-queretana\/","url":"https:\/\/www.nexoinformativo.mx\/index.php\/2025\/02\/27\/dodo-cafe-nueve-anos-de-innovacion-y-tradicion-de-la-iconica-cocteleria-queretana\/","name":"Dodo Caf\u00e9 nueve a\u00f1os de innovaci\u00f3n y tradici\u00f3n de la ic\u00f3nica cocteler\u00eda queretana | Nexo Informativo Santiago de Quer\u00e9taro","isPartOf":{"@id":"https:\/\/www.nexoinformativo.mx\/#website"},"primaryImageOfPage":{"@id":"https:\/\/www.nexoinformativo.mx\/index.php\/2025\/02\/27\/dodo-cafe-nueve-anos-de-innovacion-y-tradicion-de-la-iconica-cocteleria-queretana\/#primaryimage"},"image":{"@id":"https:\/\/www.nexoinformativo.mx\/index.php\/2025\/02\/27\/dodo-cafe-nueve-anos-de-innovacion-y-tradicion-de-la-iconica-cocteleria-queretana\/#primaryimage"},"thumbnailUrl":"https:\/\/www.nexoinformativo.mx\/wp-content\/uploads\/2025\/02\/7b685a70-a65c-41a4-b837-7d66a4e1b803-e1740713454239.jpg","datePublished":"2025-02-28T00:00:20+00:00","dateModified":"2025-02-28T03:32:09+00:00","description":"Dodo Caf\u00e9 nueve a\u00f1os de innovaci\u00f3n y tradici\u00f3n de la ic\u00f3nica cocteler\u00eda queretana","breadcrumb":{"@id":"https:\/\/www.nexoinformativo.mx\/index.php\/2025\/02\/27\/dodo-cafe-nueve-anos-de-innovacion-y-tradicion-de-la-iconica-cocteleria-queretana\/#breadcrumb"},"inLanguage":"es","potentialAction":[{"@type":"ReadAction","target":["https:\/\/www.nexoinformativo.mx\/index.php\/2025\/02\/27\/dodo-cafe-nueve-anos-de-innovacion-y-tradicion-de-la-iconica-cocteleria-queretana\/"]}]},{"@type":"ImageObject","inLanguage":"es","@id":"https:\/\/www.nexoinformativo.mx\/index.php\/2025\/02\/27\/dodo-cafe-nueve-anos-de-innovacion-y-tradicion-de-la-iconica-cocteleria-queretana\/#primaryimage","url":"https:\/\/www.nexoinformativo.mx\/wp-content\/uploads\/2025\/02\/7b685a70-a65c-41a4-b837-7d66a4e1b803-e1740713454239.jpg","contentUrl":"https:\/\/www.nexoinformativo.mx\/wp-content\/uploads\/2025\/02\/7b685a70-a65c-41a4-b837-7d66a4e1b803-e1740713454239.jpg","width":700,"height":804},{"@type":"BreadcrumbList","@id":"https:\/\/www.nexoinformativo.mx\/index.php\/2025\/02\/27\/dodo-cafe-nueve-anos-de-innovacion-y-tradicion-de-la-iconica-cocteleria-queretana\/#breadcrumb","itemListElement":[{"@type":"ListItem","position":1,"name":"Inicio","item":"https:\/\/www.nexoinformativo.mx\/"},{"@type":"ListItem","position":2,"name":"Dodo Caf\u00e9 nueve a\u00f1os de innovaci\u00f3n y tradici\u00f3n de la ic\u00f3nica cocteler\u00eda queretana"}]},{"@type":"WebSite","@id":"https:\/\/www.nexoinformativo.mx\/#website","url":"https:\/\/www.nexoinformativo.mx\/","name":"Nexo Informativo Santiago de Quer\u00e9taro","description":"Explora NexoInformativo y convi\u00e9rtete en parte de una comunidad que valora el conocimiento y la verdad. Tu nexoinformativo es tu puente hacia una comprensi\u00f3n m\u00e1s profunda del mundo que te rodea.","publisher":{"@id":"https:\/\/www.nexoinformativo.mx\/#organization"},"potentialAction":[{"@type":"SearchAction","target":{"@type":"EntryPoint","urlTemplate":"https:\/\/www.nexoinformativo.mx\/?s={search_term_string}"},"query-input":{"@type":"PropertyValueSpecification","valueRequired":true,"valueName":"search_term_string"}}],"inLanguage":"es"},{"@type":"Organization","@id":"https:\/\/www.nexoinformativo.mx\/#organization","name":"Nexo Informativo Santiago de Quer\u00e9taro","url":"https:\/\/www.nexoinformativo.mx\/","logo":{"@type":"ImageObject","inLanguage":"es","@id":"https:\/\/www.nexoinformativo.mx\/#\/schema\/logo\/image\/","url":"https:\/\/www.nexoinformativo.mx\/wp-content\/uploads\/2024\/07\/nexoi-trasparente-2.png","contentUrl":"https:\/\/www.nexoinformativo.mx\/wp-content\/uploads\/2024\/07\/nexoi-trasparente-2.png","width":816,"height":339,"caption":"Nexo Informativo Santiago de Quer\u00e9taro"},"image":{"@id":"https:\/\/www.nexoinformativo.mx\/#\/schema\/logo\/image\/"},"sameAs":["https:\/\/www.facebook.com\/people\/Nexo-Informativo\/61564066885511\/"]},{"@type":"Person","@id":"https:\/\/www.nexoinformativo.mx\/#\/schema\/person\/7749d380ba08c8ca00d7bc76fd907b7d","name":"Nexo Informativo","image":{"@type":"ImageObject","inLanguage":"es","@id":"https:\/\/www.nexoinformativo.mx\/#\/schema\/person\/image\/","url":"https:\/\/secure.gravatar.com\/avatar\/dde2928154642a13d95f87ddf1ea9718fe2b46760a005c53e41ff5ad610704e6?s=96&d=mm&r=g","contentUrl":"https:\/\/secure.gravatar.com\/avatar\/dde2928154642a13d95f87ddf1ea9718fe2b46760a005c53e41ff5ad610704e6?s=96&d=mm&r=g","caption":"Nexo Informativo"},"url":"https:\/\/www.nexoinformativo.mx\/index.php\/author\/edicion\/"}]}},"_links":{"self":[{"href":"https:\/\/www.nexoinformativo.mx\/index.php\/wp-json\/wp\/v2\/posts\/12232","targetHints":{"allow":["GET"]}}],"collection":[{"href":"https:\/\/www.nexoinformativo.mx\/index.php\/wp-json\/wp\/v2\/posts"}],"about":[{"href":"https:\/\/www.nexoinformativo.mx\/index.php\/wp-json\/wp\/v2\/types\/post"}],"author":[{"embeddable":true,"href":"https:\/\/www.nexoinformativo.mx\/index.php\/wp-json\/wp\/v2\/users\/3"}],"replies":[{"embeddable":true,"href":"https:\/\/www.nexoinformativo.mx\/index.php\/wp-json\/wp\/v2\/comments?post=12232"}],"version-history":[{"count":3,"href":"https:\/\/www.nexoinformativo.mx\/index.php\/wp-json\/wp\/v2\/posts\/12232\/revisions"}],"predecessor-version":[{"id":12236,"href":"https:\/\/www.nexoinformativo.mx\/index.php\/wp-json\/wp\/v2\/posts\/12232\/revisions\/12236"}],"wp:featuredmedia":[{"embeddable":true,"href":"https:\/\/www.nexoinformativo.mx\/index.php\/wp-json\/wp\/v2\/media\/12233"}],"wp:attachment":[{"href":"https:\/\/www.nexoinformativo.mx\/index.php\/wp-json\/wp\/v2\/media?parent=12232"}],"wp:term":[{"taxonomy":"category","embeddable":true,"href":"https:\/\/www.nexoinformativo.mx\/index.php\/wp-json\/wp\/v2\/categories?post=12232"},{"taxonomy":"post_tag","embeddable":true,"href":"https:\/\/www.nexoinformativo.mx\/index.php\/wp-json\/wp\/v2\/tags?post=12232"}],"curies":[{"name":"wp","href":"https:\/\/api.w.org\/{rel}","templated":true}]}}