{"id":12237,"date":"2025-02-28T11:00:38","date_gmt":"2025-02-28T17:00:38","guid":{"rendered":"https:\/\/www.nexoinformativo.mx\/?p=12237"},"modified":"2025-02-28T19:21:52","modified_gmt":"2025-03-01T01:21:52","slug":"autoridades-de-el-marques-clausuran-negocios-por-venta-irregular-de-bebidas-alcoholicas","status":"publish","type":"post","link":"https:\/\/www.nexoinformativo.mx\/index.php\/2025\/02\/28\/autoridades-de-el-marques-clausuran-negocios-por-venta-irregular-de-bebidas-alcoholicas\/","title":{"rendered":"Autoridades de el Marqu\u00e9s clausuran negocios por venta irregular de bebidas alcoh\u00f3licas"},"content":{"rendered":"<p style=\"text-align: justify;\" data-sourcepos=\"13:1-13:239\">Autoridades del municipio de El Marqu\u00e9s han procedido a la clausura de dos establecimientos que presuntamente operaban sin las licencias de funcionamiento necesarias para la venta de bebidas embriagantes.<\/p>\n<p>&nbsp;<\/p>\n<p style=\"text-align: justify;\" data-sourcepos=\"15:1-15:385\">La acci\u00f3n se llev\u00f3 a cabo tras una denuncia ciudadana que alert\u00f3 a las autoridades sobre la venta irregular de alcohol en ambos locales.<\/p>\n<p>&nbsp;<\/p>\n<p style=\"text-align: justify;\" data-sourcepos=\"15:1-15:385\">Personal de la Direcci\u00f3n de Inspecci\u00f3n, en coordinaci\u00f3n con la Guardia Municipal de El Marqu\u00e9s, realiz\u00f3 una verificaci\u00f3n en los establecimientos, constatando la venta de bebidas alcoh\u00f3licas sin los permisos estatales y municipales correspondientes.<\/p>\n<p>&nbsp;<\/p>\n<p style=\"text-align: justify;\" data-sourcepos=\"17:1-17:187\">Con el objetivo de prevenir riesgos para la salud y la seguridad p\u00fablica, y de fortalecer el orden social, los inspectores municipales procedieron a la clausura de ambos establecimientos.<\/p>\n<p>&nbsp;<\/p>\n<p style=\"text-align: justify;\" data-sourcepos=\"19:1-19:286\">Es importante destacar que, desde octubre del a\u00f1o pasado a la fecha, las autoridades municipales han clausurado un total de 17 establecimientos dedicados a la venta clandestina de alcohol, y otros 35 establecimientos de diversos giros comerciales por incumplir con la normativa vigente.<\/p>\n<p>&nbsp;<\/p>\n<p style=\"text-align: center;\" data-sourcepos=\"19:1-19:286\"><em><strong>\u00a1Informaci\u00f3n que transforma!<\/strong><\/em><\/p>\n","protected":false},"excerpt":{"rendered":"<p>Autoridades del municipio de El Marqu\u00e9s han procedido a la clausura de dos establecimientos que presuntamente operaban sin las licencias de funcionamiento necesarias para la venta de bebidas embriagantes.<\/p>\n","protected":false},"author":3,"featured_media":12241,"comment_status":"open","ping_status":"open","sticky":false,"template":"","format":"standard","meta":{"footnotes":""},"categories":[65,58],"tags":[3594,149,2086,3595],"class_list":["post-12237","post","type-post","status-publish","format-standard","has-post-thumbnail","hentry","category-municipios","category-ultima-hora","tag-clausuraestablecimientos","tag-elmarques","tag-seguridadelmarques","tag-ventailegalalcohol"],"yoast_head":"<!-- This site is optimized with the Yoast SEO plugin v25.0 - https:\/\/yoast.com\/wordpress\/plugins\/seo\/ -->\n<title>Autoridades de el Marqu\u00e9s clausuran negocios por venta irregular de bebidas alcoh\u00f3licas | Nexo Informativo Santiago de Quer\u00e9taro<\/title>\n<meta name=\"description\" content=\"Autoridades de el Marqu\u00e9s clausuran negocios por venta irregular de bebidas alcoh\u00f3licas\" \/>\n<meta name=\"robots\" content=\"index, follow, max-snippet:-1, max-image-preview:large, max-video-preview:-1\" \/>\n<link rel=\"canonical\" href=\"https:\/\/www.nexoinformativo.mx\/index.php\/2025\/02\/28\/autoridades-de-el-marques-clausuran-negocios-por-venta-irregular-de-bebidas-alcoholicas\/\" \/>\n<meta property=\"og:locale\" content=\"es_MX\" \/>\n<meta property=\"og:type\" content=\"article\" \/>\n<meta property=\"og:title\" content=\"Autoridades de el Marqu\u00e9s clausuran negocios por venta irregular de bebidas alcoh\u00f3licas | Nexo Informativo Santiago de Quer\u00e9taro\" \/>\n<meta property=\"og:description\" content=\"Autoridades de el Marqu\u00e9s clausuran negocios por venta irregular de bebidas alcoh\u00f3licas\" \/>\n<meta property=\"og:url\" content=\"https:\/\/www.nexoinformativo.mx\/index.php\/2025\/02\/28\/autoridades-de-el-marques-clausuran-negocios-por-venta-irregular-de-bebidas-alcoholicas\/\" \/>\n<meta property=\"og:site_name\" content=\"Nexo Informativo Santiago de Quer\u00e9taro\" \/>\n<meta property=\"article:publisher\" content=\"https:\/\/www.facebook.com\/people\/Nexo-Informativo\/61564066885511\/\" \/>\n<meta property=\"article:published_time\" content=\"2025-02-28T17:00:38+00:00\" \/>\n<meta property=\"article:modified_time\" content=\"2025-03-01T01:21:52+00:00\" \/>\n<meta property=\"og:image\" content=\"https:\/\/www.nexoinformativo.mx\/wp-content\/uploads\/2025\/02\/d7ba43ab-2b33-4e97-91f4-e1740792106429.jpg\" \/>\n\t<meta property=\"og:image:width\" content=\"800\" \/>\n\t<meta property=\"og:image:height\" content=\"600\" \/>\n\t<meta property=\"og:image:type\" content=\"image\/jpeg\" \/>\n<meta name=\"author\" content=\"Nexo Informativo\" \/>\n<meta name=\"twitter:card\" content=\"summary_large_image\" \/>\n<meta name=\"twitter:label1\" content=\"Escrito por\" \/>\n\t<meta name=\"twitter:data1\" content=\"Nexo Informativo\" \/>\n\t<meta name=\"twitter:label2\" content=\"Tiempo de lectura\" \/>\n\t<meta name=\"twitter:data2\" content=\"1 minuto\" \/>\n<script type=\"application\/ld+json\" class=\"yoast-schema-graph\">{\"@context\":\"https:\/\/schema.org\",\"@graph\":[{\"@type\":\"Article\",\"@id\":\"https:\/\/www.nexoinformativo.mx\/index.php\/2025\/02\/28\/autoridades-de-el-marques-clausuran-negocios-por-venta-irregular-de-bebidas-alcoholicas\/#article\",\"isPartOf\":{\"@id\":\"https:\/\/www.nexoinformativo.mx\/index.php\/2025\/02\/28\/autoridades-de-el-marques-clausuran-negocios-por-venta-irregular-de-bebidas-alcoholicas\/\"},\"author\":{\"name\":\"Nexo Informativo\",\"@id\":\"https:\/\/www.nexoinformativo.mx\/#\/schema\/person\/7749d380ba08c8ca00d7bc76fd907b7d\"},\"headline\":\"Autoridades de el Marqu\u00e9s clausuran negocios por venta irregular de bebidas alcoh\u00f3licas\",\"datePublished\":\"2025-02-28T17:00:38+00:00\",\"dateModified\":\"2025-03-01T01:21:52+00:00\",\"mainEntityOfPage\":{\"@id\":\"https:\/\/www.nexoinformativo.mx\/index.php\/2025\/02\/28\/autoridades-de-el-marques-clausuran-negocios-por-venta-irregular-de-bebidas-alcoholicas\/\"},\"wordCount\":190,\"commentCount\":0,\"publisher\":{\"@id\":\"https:\/\/www.nexoinformativo.mx\/#organization\"},\"image\":{\"@id\":\"https:\/\/www.nexoinformativo.mx\/index.php\/2025\/02\/28\/autoridades-de-el-marques-clausuran-negocios-por-venta-irregular-de-bebidas-alcoholicas\/#primaryimage\"},\"thumbnailUrl\":\"https:\/\/www.nexoinformativo.mx\/wp-content\/uploads\/2025\/02\/d7ba43ab-2b33-4e97-91f4-e1740792106429.jpg\",\"keywords\":[\"ClausuraEstablecimientos\",\"elmarques\",\"SeguridadElMarqu\u00e9s\",\"VentaIlegalAlcohol\"],\"articleSection\":[\"Municipios\",\"\u00daltima Hora\"],\"inLanguage\":\"es\",\"potentialAction\":[{\"@type\":\"CommentAction\",\"name\":\"Comment\",\"target\":[\"https:\/\/www.nexoinformativo.mx\/index.php\/2025\/02\/28\/autoridades-de-el-marques-clausuran-negocios-por-venta-irregular-de-bebidas-alcoholicas\/#respond\"]}]},{\"@type\":\"WebPage\",\"@id\":\"https:\/\/www.nexoinformativo.mx\/index.php\/2025\/02\/28\/autoridades-de-el-marques-clausuran-negocios-por-venta-irregular-de-bebidas-alcoholicas\/\",\"url\":\"https:\/\/www.nexoinformativo.mx\/index.php\/2025\/02\/28\/autoridades-de-el-marques-clausuran-negocios-por-venta-irregular-de-bebidas-alcoholicas\/\",\"name\":\"Autoridades de el Marqu\u00e9s clausuran negocios por venta irregular de bebidas alcoh\u00f3licas | Nexo Informativo Santiago de Quer\u00e9taro\",\"isPartOf\":{\"@id\":\"https:\/\/www.nexoinformativo.mx\/#website\"},\"primaryImageOfPage\":{\"@id\":\"https:\/\/www.nexoinformativo.mx\/index.php\/2025\/02\/28\/autoridades-de-el-marques-clausuran-negocios-por-venta-irregular-de-bebidas-alcoholicas\/#primaryimage\"},\"image\":{\"@id\":\"https:\/\/www.nexoinformativo.mx\/index.php\/2025\/02\/28\/autoridades-de-el-marques-clausuran-negocios-por-venta-irregular-de-bebidas-alcoholicas\/#primaryimage\"},\"thumbnailUrl\":\"https:\/\/www.nexoinformativo.mx\/wp-content\/uploads\/2025\/02\/d7ba43ab-2b33-4e97-91f4-e1740792106429.jpg\",\"datePublished\":\"2025-02-28T17:00:38+00:00\",\"dateModified\":\"2025-03-01T01:21:52+00:00\",\"description\":\"Autoridades de el Marqu\u00e9s clausuran negocios por venta irregular de bebidas alcoh\u00f3licas\",\"breadcrumb\":{\"@id\":\"https:\/\/www.nexoinformativo.mx\/index.php\/2025\/02\/28\/autoridades-de-el-marques-clausuran-negocios-por-venta-irregular-de-bebidas-alcoholicas\/#breadcrumb\"},\"inLanguage\":\"es\",\"potentialAction\":[{\"@type\":\"ReadAction\",\"target\":[\"https:\/\/www.nexoinformativo.mx\/index.php\/2025\/02\/28\/autoridades-de-el-marques-clausuran-negocios-por-venta-irregular-de-bebidas-alcoholicas\/\"]}]},{\"@type\":\"ImageObject\",\"inLanguage\":\"es\",\"@id\":\"https:\/\/www.nexoinformativo.mx\/index.php\/2025\/02\/28\/autoridades-de-el-marques-clausuran-negocios-por-venta-irregular-de-bebidas-alcoholicas\/#primaryimage\",\"url\":\"https:\/\/www.nexoinformativo.mx\/wp-content\/uploads\/2025\/02\/d7ba43ab-2b33-4e97-91f4-e1740792106429.jpg\",\"contentUrl\":\"https:\/\/www.nexoinformativo.mx\/wp-content\/uploads\/2025\/02\/d7ba43ab-2b33-4e97-91f4-e1740792106429.jpg\",\"width\":800,\"height\":600},{\"@type\":\"BreadcrumbList\",\"@id\":\"https:\/\/www.nexoinformativo.mx\/index.php\/2025\/02\/28\/autoridades-de-el-marques-clausuran-negocios-por-venta-irregular-de-bebidas-alcoholicas\/#breadcrumb\",\"itemListElement\":[{\"@type\":\"ListItem\",\"position\":1,\"name\":\"Inicio\",\"item\":\"https:\/\/www.nexoinformativo.mx\/\"},{\"@type\":\"ListItem\",\"position\":2,\"name\":\"Autoridades de el Marqu\u00e9s clausuran negocios por venta irregular de bebidas alcoh\u00f3licas\"}]},{\"@type\":\"WebSite\",\"@id\":\"https:\/\/www.nexoinformativo.mx\/#website\",\"url\":\"https:\/\/www.nexoinformativo.mx\/\",\"name\":\"Nexo Informativo Santiago de Quer\u00e9taro\",\"description\":\"Explora NexoInformativo y convi\u00e9rtete en parte de una comunidad que valora el conocimiento y la verdad. Tu nexoinformativo es tu puente hacia una comprensi\u00f3n m\u00e1s profunda del mundo que te rodea.\",\"publisher\":{\"@id\":\"https:\/\/www.nexoinformativo.mx\/#organization\"},\"potentialAction\":[{\"@type\":\"SearchAction\",\"target\":{\"@type\":\"EntryPoint\",\"urlTemplate\":\"https:\/\/www.nexoinformativo.mx\/?s={search_term_string}\"},\"query-input\":{\"@type\":\"PropertyValueSpecification\",\"valueRequired\":true,\"valueName\":\"search_term_string\"}}],\"inLanguage\":\"es\"},{\"@type\":\"Organization\",\"@id\":\"https:\/\/www.nexoinformativo.mx\/#organization\",\"name\":\"Nexo Informativo Santiago de Quer\u00e9taro\",\"url\":\"https:\/\/www.nexoinformativo.mx\/\",\"logo\":{\"@type\":\"ImageObject\",\"inLanguage\":\"es\",\"@id\":\"https:\/\/www.nexoinformativo.mx\/#\/schema\/logo\/image\/\",\"url\":\"https:\/\/www.nexoinformativo.mx\/wp-content\/uploads\/2024\/07\/nexoi-trasparente-2.png\",\"contentUrl\":\"https:\/\/www.nexoinformativo.mx\/wp-content\/uploads\/2024\/07\/nexoi-trasparente-2.png\",\"width\":816,\"height\":339,\"caption\":\"Nexo Informativo Santiago de Quer\u00e9taro\"},\"image\":{\"@id\":\"https:\/\/www.nexoinformativo.mx\/#\/schema\/logo\/image\/\"},\"sameAs\":[\"https:\/\/www.facebook.com\/people\/Nexo-Informativo\/61564066885511\/\"]},{\"@type\":\"Person\",\"@id\":\"https:\/\/www.nexoinformativo.mx\/#\/schema\/person\/7749d380ba08c8ca00d7bc76fd907b7d\",\"name\":\"Nexo Informativo\",\"image\":{\"@type\":\"ImageObject\",\"inLanguage\":\"es\",\"@id\":\"https:\/\/www.nexoinformativo.mx\/#\/schema\/person\/image\/\",\"url\":\"https:\/\/secure.gravatar.com\/avatar\/dde2928154642a13d95f87ddf1ea9718fe2b46760a005c53e41ff5ad610704e6?s=96&d=mm&r=g\",\"contentUrl\":\"https:\/\/secure.gravatar.com\/avatar\/dde2928154642a13d95f87ddf1ea9718fe2b46760a005c53e41ff5ad610704e6?s=96&d=mm&r=g\",\"caption\":\"Nexo Informativo\"},\"url\":\"https:\/\/www.nexoinformativo.mx\/index.php\/author\/edicion\/\"}]}<\/script>\n<!-- \/ Yoast SEO plugin. -->","yoast_head_json":{"title":"Autoridades de el Marqu\u00e9s clausuran negocios por venta irregular de bebidas alcoh\u00f3licas | Nexo Informativo Santiago de Quer\u00e9taro","description":"Autoridades de el Marqu\u00e9s clausuran negocios por venta irregular de bebidas alcoh\u00f3licas","robots":{"index":"index","follow":"follow","max-snippet":"max-snippet:-1","max-image-preview":"max-image-preview:large","max-video-preview":"max-video-preview:-1"},"canonical":"https:\/\/www.nexoinformativo.mx\/index.php\/2025\/02\/28\/autoridades-de-el-marques-clausuran-negocios-por-venta-irregular-de-bebidas-alcoholicas\/","og_locale":"es_MX","og_type":"article","og_title":"Autoridades de el Marqu\u00e9s clausuran negocios por venta irregular de bebidas alcoh\u00f3licas | Nexo Informativo Santiago de Quer\u00e9taro","og_description":"Autoridades de el Marqu\u00e9s clausuran negocios por venta irregular de bebidas alcoh\u00f3licas","og_url":"https:\/\/www.nexoinformativo.mx\/index.php\/2025\/02\/28\/autoridades-de-el-marques-clausuran-negocios-por-venta-irregular-de-bebidas-alcoholicas\/","og_site_name":"Nexo Informativo Santiago de Quer\u00e9taro","article_publisher":"https:\/\/www.facebook.com\/people\/Nexo-Informativo\/61564066885511\/","article_published_time":"2025-02-28T17:00:38+00:00","article_modified_time":"2025-03-01T01:21:52+00:00","og_image":[{"width":800,"height":600,"url":"https:\/\/www.nexoinformativo.mx\/wp-content\/uploads\/2025\/02\/d7ba43ab-2b33-4e97-91f4-e1740792106429.jpg","type":"image\/jpeg"}],"author":"Nexo Informativo","twitter_card":"summary_large_image","twitter_misc":{"Escrito por":"Nexo Informativo","Tiempo de lectura":"1 minuto"},"schema":{"@context":"https:\/\/schema.org","@graph":[{"@type":"Article","@id":"https:\/\/www.nexoinformativo.mx\/index.php\/2025\/02\/28\/autoridades-de-el-marques-clausuran-negocios-por-venta-irregular-de-bebidas-alcoholicas\/#article","isPartOf":{"@id":"https:\/\/www.nexoinformativo.mx\/index.php\/2025\/02\/28\/autoridades-de-el-marques-clausuran-negocios-por-venta-irregular-de-bebidas-alcoholicas\/"},"author":{"name":"Nexo Informativo","@id":"https:\/\/www.nexoinformativo.mx\/#\/schema\/person\/7749d380ba08c8ca00d7bc76fd907b7d"},"headline":"Autoridades de el Marqu\u00e9s clausuran negocios por venta irregular de bebidas alcoh\u00f3licas","datePublished":"2025-02-28T17:00:38+00:00","dateModified":"2025-03-01T01:21:52+00:00","mainEntityOfPage":{"@id":"https:\/\/www.nexoinformativo.mx\/index.php\/2025\/02\/28\/autoridades-de-el-marques-clausuran-negocios-por-venta-irregular-de-bebidas-alcoholicas\/"},"wordCount":190,"commentCount":0,"publisher":{"@id":"https:\/\/www.nexoinformativo.mx\/#organization"},"image":{"@id":"https:\/\/www.nexoinformativo.mx\/index.php\/2025\/02\/28\/autoridades-de-el-marques-clausuran-negocios-por-venta-irregular-de-bebidas-alcoholicas\/#primaryimage"},"thumbnailUrl":"https:\/\/www.nexoinformativo.mx\/wp-content\/uploads\/2025\/02\/d7ba43ab-2b33-4e97-91f4-e1740792106429.jpg","keywords":["ClausuraEstablecimientos","elmarques","SeguridadElMarqu\u00e9s","VentaIlegalAlcohol"],"articleSection":["Municipios","\u00daltima Hora"],"inLanguage":"es","potentialAction":[{"@type":"CommentAction","name":"Comment","target":["https:\/\/www.nexoinformativo.mx\/index.php\/2025\/02\/28\/autoridades-de-el-marques-clausuran-negocios-por-venta-irregular-de-bebidas-alcoholicas\/#respond"]}]},{"@type":"WebPage","@id":"https:\/\/www.nexoinformativo.mx\/index.php\/2025\/02\/28\/autoridades-de-el-marques-clausuran-negocios-por-venta-irregular-de-bebidas-alcoholicas\/","url":"https:\/\/www.nexoinformativo.mx\/index.php\/2025\/02\/28\/autoridades-de-el-marques-clausuran-negocios-por-venta-irregular-de-bebidas-alcoholicas\/","name":"Autoridades de el Marqu\u00e9s clausuran negocios por venta irregular de bebidas alcoh\u00f3licas | Nexo Informativo Santiago de Quer\u00e9taro","isPartOf":{"@id":"https:\/\/www.nexoinformativo.mx\/#website"},"primaryImageOfPage":{"@id":"https:\/\/www.nexoinformativo.mx\/index.php\/2025\/02\/28\/autoridades-de-el-marques-clausuran-negocios-por-venta-irregular-de-bebidas-alcoholicas\/#primaryimage"},"image":{"@id":"https:\/\/www.nexoinformativo.mx\/index.php\/2025\/02\/28\/autoridades-de-el-marques-clausuran-negocios-por-venta-irregular-de-bebidas-alcoholicas\/#primaryimage"},"thumbnailUrl":"https:\/\/www.nexoinformativo.mx\/wp-content\/uploads\/2025\/02\/d7ba43ab-2b33-4e97-91f4-e1740792106429.jpg","datePublished":"2025-02-28T17:00:38+00:00","dateModified":"2025-03-01T01:21:52+00:00","description":"Autoridades de el Marqu\u00e9s clausuran negocios por venta irregular de bebidas alcoh\u00f3licas","breadcrumb":{"@id":"https:\/\/www.nexoinformativo.mx\/index.php\/2025\/02\/28\/autoridades-de-el-marques-clausuran-negocios-por-venta-irregular-de-bebidas-alcoholicas\/#breadcrumb"},"inLanguage":"es","potentialAction":[{"@type":"ReadAction","target":["https:\/\/www.nexoinformativo.mx\/index.php\/2025\/02\/28\/autoridades-de-el-marques-clausuran-negocios-por-venta-irregular-de-bebidas-alcoholicas\/"]}]},{"@type":"ImageObject","inLanguage":"es","@id":"https:\/\/www.nexoinformativo.mx\/index.php\/2025\/02\/28\/autoridades-de-el-marques-clausuran-negocios-por-venta-irregular-de-bebidas-alcoholicas\/#primaryimage","url":"https:\/\/www.nexoinformativo.mx\/wp-content\/uploads\/2025\/02\/d7ba43ab-2b33-4e97-91f4-e1740792106429.jpg","contentUrl":"https:\/\/www.nexoinformativo.mx\/wp-content\/uploads\/2025\/02\/d7ba43ab-2b33-4e97-91f4-e1740792106429.jpg","width":800,"height":600},{"@type":"BreadcrumbList","@id":"https:\/\/www.nexoinformativo.mx\/index.php\/2025\/02\/28\/autoridades-de-el-marques-clausuran-negocios-por-venta-irregular-de-bebidas-alcoholicas\/#breadcrumb","itemListElement":[{"@type":"ListItem","position":1,"name":"Inicio","item":"https:\/\/www.nexoinformativo.mx\/"},{"@type":"ListItem","position":2,"name":"Autoridades de el Marqu\u00e9s clausuran negocios por venta irregular de bebidas alcoh\u00f3licas"}]},{"@type":"WebSite","@id":"https:\/\/www.nexoinformativo.mx\/#website","url":"https:\/\/www.nexoinformativo.mx\/","name":"Nexo Informativo Santiago de Quer\u00e9taro","description":"Explora NexoInformativo y convi\u00e9rtete en parte de una comunidad que valora el conocimiento y la verdad. Tu nexoinformativo es tu puente hacia una comprensi\u00f3n m\u00e1s profunda del mundo que te rodea.","publisher":{"@id":"https:\/\/www.nexoinformativo.mx\/#organization"},"potentialAction":[{"@type":"SearchAction","target":{"@type":"EntryPoint","urlTemplate":"https:\/\/www.nexoinformativo.mx\/?s={search_term_string}"},"query-input":{"@type":"PropertyValueSpecification","valueRequired":true,"valueName":"search_term_string"}}],"inLanguage":"es"},{"@type":"Organization","@id":"https:\/\/www.nexoinformativo.mx\/#organization","name":"Nexo Informativo Santiago de Quer\u00e9taro","url":"https:\/\/www.nexoinformativo.mx\/","logo":{"@type":"ImageObject","inLanguage":"es","@id":"https:\/\/www.nexoinformativo.mx\/#\/schema\/logo\/image\/","url":"https:\/\/www.nexoinformativo.mx\/wp-content\/uploads\/2024\/07\/nexoi-trasparente-2.png","contentUrl":"https:\/\/www.nexoinformativo.mx\/wp-content\/uploads\/2024\/07\/nexoi-trasparente-2.png","width":816,"height":339,"caption":"Nexo Informativo Santiago de Quer\u00e9taro"},"image":{"@id":"https:\/\/www.nexoinformativo.mx\/#\/schema\/logo\/image\/"},"sameAs":["https:\/\/www.facebook.com\/people\/Nexo-Informativo\/61564066885511\/"]},{"@type":"Person","@id":"https:\/\/www.nexoinformativo.mx\/#\/schema\/person\/7749d380ba08c8ca00d7bc76fd907b7d","name":"Nexo Informativo","image":{"@type":"ImageObject","inLanguage":"es","@id":"https:\/\/www.nexoinformativo.mx\/#\/schema\/person\/image\/","url":"https:\/\/secure.gravatar.com\/avatar\/dde2928154642a13d95f87ddf1ea9718fe2b46760a005c53e41ff5ad610704e6?s=96&d=mm&r=g","contentUrl":"https:\/\/secure.gravatar.com\/avatar\/dde2928154642a13d95f87ddf1ea9718fe2b46760a005c53e41ff5ad610704e6?s=96&d=mm&r=g","caption":"Nexo Informativo"},"url":"https:\/\/www.nexoinformativo.mx\/index.php\/author\/edicion\/"}]}},"_links":{"self":[{"href":"https:\/\/www.nexoinformativo.mx\/index.php\/wp-json\/wp\/v2\/posts\/12237","targetHints":{"allow":["GET"]}}],"collection":[{"href":"https:\/\/www.nexoinformativo.mx\/index.php\/wp-json\/wp\/v2\/posts"}],"about":[{"href":"https:\/\/www.nexoinformativo.mx\/index.php\/wp-json\/wp\/v2\/types\/post"}],"author":[{"embeddable":true,"href":"https:\/\/www.nexoinformativo.mx\/index.php\/wp-json\/wp\/v2\/users\/3"}],"replies":[{"embeddable":true,"href":"https:\/\/www.nexoinformativo.mx\/index.php\/wp-json\/wp\/v2\/comments?post=12237"}],"version-history":[{"count":4,"href":"https:\/\/www.nexoinformativo.mx\/index.php\/wp-json\/wp\/v2\/posts\/12237\/revisions"}],"predecessor-version":[{"id":12240,"href":"https:\/\/www.nexoinformativo.mx\/index.php\/wp-json\/wp\/v2\/posts\/12237\/revisions\/12240"}],"wp:featuredmedia":[{"embeddable":true,"href":"https:\/\/www.nexoinformativo.mx\/index.php\/wp-json\/wp\/v2\/media\/12241"}],"wp:attachment":[{"href":"https:\/\/www.nexoinformativo.mx\/index.php\/wp-json\/wp\/v2\/media?parent=12237"}],"wp:term":[{"taxonomy":"category","embeddable":true,"href":"https:\/\/www.nexoinformativo.mx\/index.php\/wp-json\/wp\/v2\/categories?post=12237"},{"taxonomy":"post_tag","embeddable":true,"href":"https:\/\/www.nexoinformativo.mx\/index.php\/wp-json\/wp\/v2\/tags?post=12237"}],"curies":[{"name":"wp","href":"https:\/\/api.w.org\/{rel}","templated":true}]}}