{"id":12243,"date":"2025-02-28T12:00:07","date_gmt":"2025-02-28T18:00:07","guid":{"rendered":"https:\/\/www.nexoinformativo.mx\/?p=12243"},"modified":"2025-02-28T19:26:14","modified_gmt":"2025-03-01T01:26:14","slug":"dif-queretaro-colabora-en-caso-de-menor-involucrada-en-homicidio-en-corregidora","status":"publish","type":"post","link":"https:\/\/www.nexoinformativo.mx\/index.php\/2025\/02\/28\/dif-queretaro-colabora-en-caso-de-menor-involucrada-en-homicidio-en-corregidora\/","title":{"rendered":"DIF Quer\u00e9taro colabora en caso de menor involucrada en homicidio en Corregidora"},"content":{"rendered":"<p style=\"text-align: justify;\" data-sourcepos=\"13:1-13:232\">La investigaci\u00f3n sobre el caso de la adolescente que presuntamente asesin\u00f3 a su madre e hiri\u00f3 a su hermano en Corregidora contin\u00faa en curso, inform\u00f3 el director del Sistema Estatal DIF, \u00d3scar G\u00f3mez.<\/p>\n<\/p>\n<p>&nbsp;<\/p>\n<p style=\"text-align: justify;\" data-sourcepos=\"15:1-15:223\">La Procuradur\u00eda de Protecci\u00f3n de Ni\u00f1as, Ni\u00f1os y Adolescentes mantiene comunicaci\u00f3n constante con la Fiscal\u00eda General del Estado (FGE) y est\u00e1 a la espera de ser citada formalmente como representaci\u00f3n coadyuvante de la menor.<\/p>\n<\/p>\n<p>&nbsp;<\/p>\n<p style=\"text-align: justify;\" data-sourcepos=\"17:1-17:324\">La FGE solicit\u00f3 la presencia de la Procuradur\u00eda durante la primera entrevista y valoraci\u00f3n de la adolescente de 16 a\u00f1os, quien actualmente se encuentra retenida como probable responsable del homicidio. La fiscal\u00eda cuenta con 36 horas para documentar la investigaci\u00f3n y presentarla ante un juez para su vinculaci\u00f3n a proceso.<\/p>\n<\/p>\n<p>&nbsp;<\/p>\n<p style=\"text-align: justify;\" data-sourcepos=\"19:1-19:195\">La Procuradur\u00eda podr\u00eda participar como representaci\u00f3n coadyuvante para garantizar la protecci\u00f3n de los derechos de la menor durante el proceso.<\/p>\n<\/p>\n<p>&nbsp;<\/p>\n<p style=\"text-align: justify;\" data-sourcepos=\"21:1-21:228\">El Centro de Salud Mental realizar\u00e1 la valoraci\u00f3n de la adolescente para determinar si padece esquizofrenia. Al momento, el DIF no tiene informaci\u00f3n sobre el padre, y el hermano herido se encuentra hospitalizado en estado grave.<\/p>\n<\/p>\n<p>&nbsp;<\/p>\n<p style=\"text-align: justify;\" data-sourcepos=\"23:1-23:233\">La autoridad judicial determinar\u00e1 la responsabilidad de la menor y su estado mental. El Sistema Estatal DIF, en colaboraci\u00f3n con el Centro de Salud Mental, podr\u00eda ofrecer atenci\u00f3n especializada a la menor si as\u00ed lo determina el juez.<\/p>\n<\/p>\n<p>&nbsp;<\/p>\n<p style=\"text-align: center;\" data-sourcepos=\"23:1-23:233\"><em><strong>\u00a1Informaci\u00f3n que transforma!<\/strong><\/em><\/p>\n","protected":false},"excerpt":{"rendered":"<p>La investigaci\u00f3n sobre el caso de la adolescente que presuntamente asesin\u00f3 a su madre e hiri\u00f3 a su hermano en Corregidora contin\u00faa en curso, inform\u00f3 el director del Sistema Estatal DIF, \u00d3scar G\u00f3mez.<\/p>\n","protected":false},"author":3,"featured_media":12244,"comment_status":"open","ping_status":"open","sticky":false,"template":"","format":"standard","meta":{"footnotes":""},"categories":[65,137,58],"tags":[233,1207,877,751],"class_list":["post-12243","post","type-post","status-publish","format-standard","has-post-thumbnail","hentry","category-municipios","category-sucesos","category-ultima-hora","tag-corregidora","tag-difqueretaro","tag-investigacionfge","tag-saludmental"],"yoast_head":"<!-- This site is optimized with the Yoast SEO plugin v25.0 - https:\/\/yoast.com\/wordpress\/plugins\/seo\/ -->\n<title>DIF Quer\u00e9taro colabora en caso de menor involucrada en homicidio en Corregidora | Nexo Informativo Santiago de Quer\u00e9taro<\/title>\n<meta name=\"description\" content=\"DIF Quer\u00e9taro colabora en caso de menor involucrada en homicidio en Corregidora\" \/>\n<meta name=\"robots\" content=\"index, follow, max-snippet:-1, max-image-preview:large, max-video-preview:-1\" \/>\n<link rel=\"canonical\" href=\"https:\/\/www.nexoinformativo.mx\/index.php\/2025\/02\/28\/dif-queretaro-colabora-en-caso-de-menor-involucrada-en-homicidio-en-corregidora\/\" \/>\n<meta property=\"og:locale\" content=\"es_MX\" \/>\n<meta property=\"og:type\" content=\"article\" \/>\n<meta property=\"og:title\" content=\"DIF Quer\u00e9taro colabora en caso de menor involucrada en homicidio en Corregidora | Nexo Informativo Santiago de Quer\u00e9taro\" \/>\n<meta property=\"og:description\" content=\"DIF Quer\u00e9taro colabora en caso de menor involucrada en homicidio en Corregidora\" \/>\n<meta property=\"og:url\" content=\"https:\/\/www.nexoinformativo.mx\/index.php\/2025\/02\/28\/dif-queretaro-colabora-en-caso-de-menor-involucrada-en-homicidio-en-corregidora\/\" \/>\n<meta property=\"og:site_name\" content=\"Nexo Informativo Santiago de Quer\u00e9taro\" \/>\n<meta property=\"article:publisher\" content=\"https:\/\/www.facebook.com\/people\/Nexo-Informativo\/61564066885511\/\" \/>\n<meta property=\"article:published_time\" content=\"2025-02-28T18:00:07+00:00\" \/>\n<meta property=\"article:modified_time\" content=\"2025-03-01T01:26:14+00:00\" \/>\n<meta property=\"og:image\" content=\"https:\/\/www.nexoinformativo.mx\/wp-content\/uploads\/2025\/02\/PHOTO-2025-02-28-15-56-18-e1740792212562.jpg\" \/>\n\t<meta property=\"og:image:width\" content=\"800\" \/>\n\t<meta property=\"og:image:height\" content=\"600\" \/>\n\t<meta property=\"og:image:type\" content=\"image\/jpeg\" \/>\n<meta name=\"author\" content=\"Nexo Informativo\" \/>\n<meta name=\"twitter:card\" content=\"summary_large_image\" \/>\n<meta name=\"twitter:label1\" content=\"Escrito por\" \/>\n\t<meta name=\"twitter:data1\" content=\"Nexo Informativo\" \/>\n\t<meta name=\"twitter:label2\" content=\"Tiempo de lectura\" \/>\n\t<meta name=\"twitter:data2\" content=\"2 minutos\" \/>\n<script type=\"application\/ld+json\" class=\"yoast-schema-graph\">{\"@context\":\"https:\/\/schema.org\",\"@graph\":[{\"@type\":\"Article\",\"@id\":\"https:\/\/www.nexoinformativo.mx\/index.php\/2025\/02\/28\/dif-queretaro-colabora-en-caso-de-menor-involucrada-en-homicidio-en-corregidora\/#article\",\"isPartOf\":{\"@id\":\"https:\/\/www.nexoinformativo.mx\/index.php\/2025\/02\/28\/dif-queretaro-colabora-en-caso-de-menor-involucrada-en-homicidio-en-corregidora\/\"},\"author\":{\"name\":\"Nexo Informativo\",\"@id\":\"https:\/\/www.nexoinformativo.mx\/#\/schema\/person\/7749d380ba08c8ca00d7bc76fd907b7d\"},\"headline\":\"DIF Quer\u00e9taro colabora en caso de menor involucrada en homicidio en Corregidora\",\"datePublished\":\"2025-02-28T18:00:07+00:00\",\"dateModified\":\"2025-03-01T01:26:14+00:00\",\"mainEntityOfPage\":{\"@id\":\"https:\/\/www.nexoinformativo.mx\/index.php\/2025\/02\/28\/dif-queretaro-colabora-en-caso-de-menor-involucrada-en-homicidio-en-corregidora\/\"},\"wordCount\":257,\"commentCount\":0,\"publisher\":{\"@id\":\"https:\/\/www.nexoinformativo.mx\/#organization\"},\"image\":{\"@id\":\"https:\/\/www.nexoinformativo.mx\/index.php\/2025\/02\/28\/dif-queretaro-colabora-en-caso-de-menor-involucrada-en-homicidio-en-corregidora\/#primaryimage\"},\"thumbnailUrl\":\"https:\/\/www.nexoinformativo.mx\/wp-content\/uploads\/2025\/02\/PHOTO-2025-02-28-15-56-18-e1740792212562.jpg\",\"keywords\":[\"Corregidora\",\"DIFQuer\u00e9taro\",\"Investigaci\u00f3nFGE\",\"SaludMental\"],\"articleSection\":[\"Municipios\",\"Sucesos\",\"\u00daltima Hora\"],\"inLanguage\":\"es\",\"potentialAction\":[{\"@type\":\"CommentAction\",\"name\":\"Comment\",\"target\":[\"https:\/\/www.nexoinformativo.mx\/index.php\/2025\/02\/28\/dif-queretaro-colabora-en-caso-de-menor-involucrada-en-homicidio-en-corregidora\/#respond\"]}]},{\"@type\":\"WebPage\",\"@id\":\"https:\/\/www.nexoinformativo.mx\/index.php\/2025\/02\/28\/dif-queretaro-colabora-en-caso-de-menor-involucrada-en-homicidio-en-corregidora\/\",\"url\":\"https:\/\/www.nexoinformativo.mx\/index.php\/2025\/02\/28\/dif-queretaro-colabora-en-caso-de-menor-involucrada-en-homicidio-en-corregidora\/\",\"name\":\"DIF Quer\u00e9taro colabora en caso de menor involucrada en homicidio en Corregidora | Nexo Informativo Santiago de Quer\u00e9taro\",\"isPartOf\":{\"@id\":\"https:\/\/www.nexoinformativo.mx\/#website\"},\"primaryImageOfPage\":{\"@id\":\"https:\/\/www.nexoinformativo.mx\/index.php\/2025\/02\/28\/dif-queretaro-colabora-en-caso-de-menor-involucrada-en-homicidio-en-corregidora\/#primaryimage\"},\"image\":{\"@id\":\"https:\/\/www.nexoinformativo.mx\/index.php\/2025\/02\/28\/dif-queretaro-colabora-en-caso-de-menor-involucrada-en-homicidio-en-corregidora\/#primaryimage\"},\"thumbnailUrl\":\"https:\/\/www.nexoinformativo.mx\/wp-content\/uploads\/2025\/02\/PHOTO-2025-02-28-15-56-18-e1740792212562.jpg\",\"datePublished\":\"2025-02-28T18:00:07+00:00\",\"dateModified\":\"2025-03-01T01:26:14+00:00\",\"description\":\"DIF Quer\u00e9taro colabora en caso de menor involucrada en homicidio en Corregidora\",\"breadcrumb\":{\"@id\":\"https:\/\/www.nexoinformativo.mx\/index.php\/2025\/02\/28\/dif-queretaro-colabora-en-caso-de-menor-involucrada-en-homicidio-en-corregidora\/#breadcrumb\"},\"inLanguage\":\"es\",\"potentialAction\":[{\"@type\":\"ReadAction\",\"target\":[\"https:\/\/www.nexoinformativo.mx\/index.php\/2025\/02\/28\/dif-queretaro-colabora-en-caso-de-menor-involucrada-en-homicidio-en-corregidora\/\"]}]},{\"@type\":\"ImageObject\",\"inLanguage\":\"es\",\"@id\":\"https:\/\/www.nexoinformativo.mx\/index.php\/2025\/02\/28\/dif-queretaro-colabora-en-caso-de-menor-involucrada-en-homicidio-en-corregidora\/#primaryimage\",\"url\":\"https:\/\/www.nexoinformativo.mx\/wp-content\/uploads\/2025\/02\/PHOTO-2025-02-28-15-56-18-e1740792212562.jpg\",\"contentUrl\":\"https:\/\/www.nexoinformativo.mx\/wp-content\/uploads\/2025\/02\/PHOTO-2025-02-28-15-56-18-e1740792212562.jpg\",\"width\":800,\"height\":600},{\"@type\":\"BreadcrumbList\",\"@id\":\"https:\/\/www.nexoinformativo.mx\/index.php\/2025\/02\/28\/dif-queretaro-colabora-en-caso-de-menor-involucrada-en-homicidio-en-corregidora\/#breadcrumb\",\"itemListElement\":[{\"@type\":\"ListItem\",\"position\":1,\"name\":\"Inicio\",\"item\":\"https:\/\/www.nexoinformativo.mx\/\"},{\"@type\":\"ListItem\",\"position\":2,\"name\":\"DIF Quer\u00e9taro colabora en caso de menor involucrada en homicidio en Corregidora\"}]},{\"@type\":\"WebSite\",\"@id\":\"https:\/\/www.nexoinformativo.mx\/#website\",\"url\":\"https:\/\/www.nexoinformativo.mx\/\",\"name\":\"Nexo Informativo Santiago de Quer\u00e9taro\",\"description\":\"Explora NexoInformativo y convi\u00e9rtete en parte de una comunidad que valora el conocimiento y la verdad. Tu nexoinformativo es tu puente hacia una comprensi\u00f3n m\u00e1s profunda del mundo que te rodea.\",\"publisher\":{\"@id\":\"https:\/\/www.nexoinformativo.mx\/#organization\"},\"potentialAction\":[{\"@type\":\"SearchAction\",\"target\":{\"@type\":\"EntryPoint\",\"urlTemplate\":\"https:\/\/www.nexoinformativo.mx\/?s={search_term_string}\"},\"query-input\":{\"@type\":\"PropertyValueSpecification\",\"valueRequired\":true,\"valueName\":\"search_term_string\"}}],\"inLanguage\":\"es\"},{\"@type\":\"Organization\",\"@id\":\"https:\/\/www.nexoinformativo.mx\/#organization\",\"name\":\"Nexo Informativo Santiago de Quer\u00e9taro\",\"url\":\"https:\/\/www.nexoinformativo.mx\/\",\"logo\":{\"@type\":\"ImageObject\",\"inLanguage\":\"es\",\"@id\":\"https:\/\/www.nexoinformativo.mx\/#\/schema\/logo\/image\/\",\"url\":\"https:\/\/www.nexoinformativo.mx\/wp-content\/uploads\/2024\/07\/nexoi-trasparente-2.png\",\"contentUrl\":\"https:\/\/www.nexoinformativo.mx\/wp-content\/uploads\/2024\/07\/nexoi-trasparente-2.png\",\"width\":816,\"height\":339,\"caption\":\"Nexo Informativo Santiago de Quer\u00e9taro\"},\"image\":{\"@id\":\"https:\/\/www.nexoinformativo.mx\/#\/schema\/logo\/image\/\"},\"sameAs\":[\"https:\/\/www.facebook.com\/people\/Nexo-Informativo\/61564066885511\/\"]},{\"@type\":\"Person\",\"@id\":\"https:\/\/www.nexoinformativo.mx\/#\/schema\/person\/7749d380ba08c8ca00d7bc76fd907b7d\",\"name\":\"Nexo Informativo\",\"image\":{\"@type\":\"ImageObject\",\"inLanguage\":\"es\",\"@id\":\"https:\/\/www.nexoinformativo.mx\/#\/schema\/person\/image\/\",\"url\":\"https:\/\/secure.gravatar.com\/avatar\/dde2928154642a13d95f87ddf1ea9718fe2b46760a005c53e41ff5ad610704e6?s=96&d=mm&r=g\",\"contentUrl\":\"https:\/\/secure.gravatar.com\/avatar\/dde2928154642a13d95f87ddf1ea9718fe2b46760a005c53e41ff5ad610704e6?s=96&d=mm&r=g\",\"caption\":\"Nexo Informativo\"},\"url\":\"https:\/\/www.nexoinformativo.mx\/index.php\/author\/edicion\/\"}]}<\/script>\n<!-- \/ Yoast SEO plugin. -->","yoast_head_json":{"title":"DIF Quer\u00e9taro colabora en caso de menor involucrada en homicidio en Corregidora | Nexo Informativo Santiago de Quer\u00e9taro","description":"DIF Quer\u00e9taro colabora en caso de menor involucrada en homicidio en Corregidora","robots":{"index":"index","follow":"follow","max-snippet":"max-snippet:-1","max-image-preview":"max-image-preview:large","max-video-preview":"max-video-preview:-1"},"canonical":"https:\/\/www.nexoinformativo.mx\/index.php\/2025\/02\/28\/dif-queretaro-colabora-en-caso-de-menor-involucrada-en-homicidio-en-corregidora\/","og_locale":"es_MX","og_type":"article","og_title":"DIF Quer\u00e9taro colabora en caso de menor involucrada en homicidio en Corregidora | Nexo Informativo Santiago de Quer\u00e9taro","og_description":"DIF Quer\u00e9taro colabora en caso de menor involucrada en homicidio en Corregidora","og_url":"https:\/\/www.nexoinformativo.mx\/index.php\/2025\/02\/28\/dif-queretaro-colabora-en-caso-de-menor-involucrada-en-homicidio-en-corregidora\/","og_site_name":"Nexo Informativo Santiago de Quer\u00e9taro","article_publisher":"https:\/\/www.facebook.com\/people\/Nexo-Informativo\/61564066885511\/","article_published_time":"2025-02-28T18:00:07+00:00","article_modified_time":"2025-03-01T01:26:14+00:00","og_image":[{"width":800,"height":600,"url":"https:\/\/www.nexoinformativo.mx\/wp-content\/uploads\/2025\/02\/PHOTO-2025-02-28-15-56-18-e1740792212562.jpg","type":"image\/jpeg"}],"author":"Nexo Informativo","twitter_card":"summary_large_image","twitter_misc":{"Escrito por":"Nexo Informativo","Tiempo de lectura":"2 minutos"},"schema":{"@context":"https:\/\/schema.org","@graph":[{"@type":"Article","@id":"https:\/\/www.nexoinformativo.mx\/index.php\/2025\/02\/28\/dif-queretaro-colabora-en-caso-de-menor-involucrada-en-homicidio-en-corregidora\/#article","isPartOf":{"@id":"https:\/\/www.nexoinformativo.mx\/index.php\/2025\/02\/28\/dif-queretaro-colabora-en-caso-de-menor-involucrada-en-homicidio-en-corregidora\/"},"author":{"name":"Nexo Informativo","@id":"https:\/\/www.nexoinformativo.mx\/#\/schema\/person\/7749d380ba08c8ca00d7bc76fd907b7d"},"headline":"DIF Quer\u00e9taro colabora en caso de menor involucrada en homicidio en Corregidora","datePublished":"2025-02-28T18:00:07+00:00","dateModified":"2025-03-01T01:26:14+00:00","mainEntityOfPage":{"@id":"https:\/\/www.nexoinformativo.mx\/index.php\/2025\/02\/28\/dif-queretaro-colabora-en-caso-de-menor-involucrada-en-homicidio-en-corregidora\/"},"wordCount":257,"commentCount":0,"publisher":{"@id":"https:\/\/www.nexoinformativo.mx\/#organization"},"image":{"@id":"https:\/\/www.nexoinformativo.mx\/index.php\/2025\/02\/28\/dif-queretaro-colabora-en-caso-de-menor-involucrada-en-homicidio-en-corregidora\/#primaryimage"},"thumbnailUrl":"https:\/\/www.nexoinformativo.mx\/wp-content\/uploads\/2025\/02\/PHOTO-2025-02-28-15-56-18-e1740792212562.jpg","keywords":["Corregidora","DIFQuer\u00e9taro","Investigaci\u00f3nFGE","SaludMental"],"articleSection":["Municipios","Sucesos","\u00daltima Hora"],"inLanguage":"es","potentialAction":[{"@type":"CommentAction","name":"Comment","target":["https:\/\/www.nexoinformativo.mx\/index.php\/2025\/02\/28\/dif-queretaro-colabora-en-caso-de-menor-involucrada-en-homicidio-en-corregidora\/#respond"]}]},{"@type":"WebPage","@id":"https:\/\/www.nexoinformativo.mx\/index.php\/2025\/02\/28\/dif-queretaro-colabora-en-caso-de-menor-involucrada-en-homicidio-en-corregidora\/","url":"https:\/\/www.nexoinformativo.mx\/index.php\/2025\/02\/28\/dif-queretaro-colabora-en-caso-de-menor-involucrada-en-homicidio-en-corregidora\/","name":"DIF Quer\u00e9taro colabora en caso de menor involucrada en homicidio en Corregidora | Nexo Informativo Santiago de Quer\u00e9taro","isPartOf":{"@id":"https:\/\/www.nexoinformativo.mx\/#website"},"primaryImageOfPage":{"@id":"https:\/\/www.nexoinformativo.mx\/index.php\/2025\/02\/28\/dif-queretaro-colabora-en-caso-de-menor-involucrada-en-homicidio-en-corregidora\/#primaryimage"},"image":{"@id":"https:\/\/www.nexoinformativo.mx\/index.php\/2025\/02\/28\/dif-queretaro-colabora-en-caso-de-menor-involucrada-en-homicidio-en-corregidora\/#primaryimage"},"thumbnailUrl":"https:\/\/www.nexoinformativo.mx\/wp-content\/uploads\/2025\/02\/PHOTO-2025-02-28-15-56-18-e1740792212562.jpg","datePublished":"2025-02-28T18:00:07+00:00","dateModified":"2025-03-01T01:26:14+00:00","description":"DIF Quer\u00e9taro colabora en caso de menor involucrada en homicidio en Corregidora","breadcrumb":{"@id":"https:\/\/www.nexoinformativo.mx\/index.php\/2025\/02\/28\/dif-queretaro-colabora-en-caso-de-menor-involucrada-en-homicidio-en-corregidora\/#breadcrumb"},"inLanguage":"es","potentialAction":[{"@type":"ReadAction","target":["https:\/\/www.nexoinformativo.mx\/index.php\/2025\/02\/28\/dif-queretaro-colabora-en-caso-de-menor-involucrada-en-homicidio-en-corregidora\/"]}]},{"@type":"ImageObject","inLanguage":"es","@id":"https:\/\/www.nexoinformativo.mx\/index.php\/2025\/02\/28\/dif-queretaro-colabora-en-caso-de-menor-involucrada-en-homicidio-en-corregidora\/#primaryimage","url":"https:\/\/www.nexoinformativo.mx\/wp-content\/uploads\/2025\/02\/PHOTO-2025-02-28-15-56-18-e1740792212562.jpg","contentUrl":"https:\/\/www.nexoinformativo.mx\/wp-content\/uploads\/2025\/02\/PHOTO-2025-02-28-15-56-18-e1740792212562.jpg","width":800,"height":600},{"@type":"BreadcrumbList","@id":"https:\/\/www.nexoinformativo.mx\/index.php\/2025\/02\/28\/dif-queretaro-colabora-en-caso-de-menor-involucrada-en-homicidio-en-corregidora\/#breadcrumb","itemListElement":[{"@type":"ListItem","position":1,"name":"Inicio","item":"https:\/\/www.nexoinformativo.mx\/"},{"@type":"ListItem","position":2,"name":"DIF Quer\u00e9taro colabora en caso de menor involucrada en homicidio en Corregidora"}]},{"@type":"WebSite","@id":"https:\/\/www.nexoinformativo.mx\/#website","url":"https:\/\/www.nexoinformativo.mx\/","name":"Nexo Informativo Santiago de Quer\u00e9taro","description":"Explora NexoInformativo y convi\u00e9rtete en parte de una comunidad que valora el conocimiento y la verdad. Tu nexoinformativo es tu puente hacia una comprensi\u00f3n m\u00e1s profunda del mundo que te rodea.","publisher":{"@id":"https:\/\/www.nexoinformativo.mx\/#organization"},"potentialAction":[{"@type":"SearchAction","target":{"@type":"EntryPoint","urlTemplate":"https:\/\/www.nexoinformativo.mx\/?s={search_term_string}"},"query-input":{"@type":"PropertyValueSpecification","valueRequired":true,"valueName":"search_term_string"}}],"inLanguage":"es"},{"@type":"Organization","@id":"https:\/\/www.nexoinformativo.mx\/#organization","name":"Nexo Informativo Santiago de Quer\u00e9taro","url":"https:\/\/www.nexoinformativo.mx\/","logo":{"@type":"ImageObject","inLanguage":"es","@id":"https:\/\/www.nexoinformativo.mx\/#\/schema\/logo\/image\/","url":"https:\/\/www.nexoinformativo.mx\/wp-content\/uploads\/2024\/07\/nexoi-trasparente-2.png","contentUrl":"https:\/\/www.nexoinformativo.mx\/wp-content\/uploads\/2024\/07\/nexoi-trasparente-2.png","width":816,"height":339,"caption":"Nexo Informativo Santiago de Quer\u00e9taro"},"image":{"@id":"https:\/\/www.nexoinformativo.mx\/#\/schema\/logo\/image\/"},"sameAs":["https:\/\/www.facebook.com\/people\/Nexo-Informativo\/61564066885511\/"]},{"@type":"Person","@id":"https:\/\/www.nexoinformativo.mx\/#\/schema\/person\/7749d380ba08c8ca00d7bc76fd907b7d","name":"Nexo Informativo","image":{"@type":"ImageObject","inLanguage":"es","@id":"https:\/\/www.nexoinformativo.mx\/#\/schema\/person\/image\/","url":"https:\/\/secure.gravatar.com\/avatar\/dde2928154642a13d95f87ddf1ea9718fe2b46760a005c53e41ff5ad610704e6?s=96&d=mm&r=g","contentUrl":"https:\/\/secure.gravatar.com\/avatar\/dde2928154642a13d95f87ddf1ea9718fe2b46760a005c53e41ff5ad610704e6?s=96&d=mm&r=g","caption":"Nexo Informativo"},"url":"https:\/\/www.nexoinformativo.mx\/index.php\/author\/edicion\/"}]}},"_links":{"self":[{"href":"https:\/\/www.nexoinformativo.mx\/index.php\/wp-json\/wp\/v2\/posts\/12243","targetHints":{"allow":["GET"]}}],"collection":[{"href":"https:\/\/www.nexoinformativo.mx\/index.php\/wp-json\/wp\/v2\/posts"}],"about":[{"href":"https:\/\/www.nexoinformativo.mx\/index.php\/wp-json\/wp\/v2\/types\/post"}],"author":[{"embeddable":true,"href":"https:\/\/www.nexoinformativo.mx\/index.php\/wp-json\/wp\/v2\/users\/3"}],"replies":[{"embeddable":true,"href":"https:\/\/www.nexoinformativo.mx\/index.php\/wp-json\/wp\/v2\/comments?post=12243"}],"version-history":[{"count":3,"href":"https:\/\/www.nexoinformativo.mx\/index.php\/wp-json\/wp\/v2\/posts\/12243\/revisions"}],"predecessor-version":[{"id":12247,"href":"https:\/\/www.nexoinformativo.mx\/index.php\/wp-json\/wp\/v2\/posts\/12243\/revisions\/12247"}],"wp:featuredmedia":[{"embeddable":true,"href":"https:\/\/www.nexoinformativo.mx\/index.php\/wp-json\/wp\/v2\/media\/12244"}],"wp:attachment":[{"href":"https:\/\/www.nexoinformativo.mx\/index.php\/wp-json\/wp\/v2\/media?parent=12243"}],"wp:term":[{"taxonomy":"category","embeddable":true,"href":"https:\/\/www.nexoinformativo.mx\/index.php\/wp-json\/wp\/v2\/categories?post=12243"},{"taxonomy":"post_tag","embeddable":true,"href":"https:\/\/www.nexoinformativo.mx\/index.php\/wp-json\/wp\/v2\/tags?post=12243"}],"curies":[{"name":"wp","href":"https:\/\/api.w.org\/{rel}","templated":true}]}}