{"id":12248,"date":"2025-02-28T13:00:26","date_gmt":"2025-02-28T19:00:26","guid":{"rendered":"https:\/\/www.nexoinformativo.mx\/?p=12248"},"modified":"2025-02-28T19:30:57","modified_gmt":"2025-03-01T01:30:57","slug":"mauricio-kuri-anuncia-inversion-de-150-mdp-en-mantenimiento-de-carreteras-estatales","status":"publish","type":"post","link":"https:\/\/www.nexoinformativo.mx\/index.php\/2025\/02\/28\/mauricio-kuri-anuncia-inversion-de-150-mdp-en-mantenimiento-de-carreteras-estatales\/","title":{"rendered":"Mauricio Kuri anuncia inversi\u00f3n de 150 MDP en mantenimiento de carreteras Estatales"},"content":{"rendered":"<p style=\"text-align: justify;\">El gobernador de Quer\u00e9taro, Mauricio Kuri, anunci\u00f3 que su gobierno destinar\u00e1 150 millones de pesos este a\u00f1o para el mantenimiento de carreteras estatales. Esta inversi\u00f3n busca mejorar la infraestructura vial y garantizar la seguridad de los usuarios.<\/p>\n<\/p>\n<p>&nbsp;<\/p>\n<p style=\"text-align: justify;\">Kuri se\u00f1al\u00f3 que, en contraste, durante casi dos a\u00f1os ha habido poca inversi\u00f3n del Gobierno Federal en el mantenimiento de carreteras de jurisdicci\u00f3n federal. Sin embargo, mencion\u00f3 que este a\u00f1o el Gobierno Federal ha comenzado a intervenir en algunas vialidades federales para mejorar sus condiciones.<\/p>\n<\/p>\n<p>&nbsp;<\/p>\n<p style=\"text-align: justify;\">El gobernador tambi\u00e9n mencion\u00f3 que se prev\u00e9 una sequ\u00eda este a\u00f1o, por lo que su gobierno se prepara para atender a las comunidades con pipas de agua y responder a los incendios que puedan presentarse.<\/p>\n<\/p>\n<p>&nbsp;<\/p>\n<p style=\"text-align: center;\"><em><strong>\u00a1Informaci\u00f3n que transforma!<\/strong><\/em><\/p>\n","protected":false},"excerpt":{"rendered":"<p>El gobernador de Quer\u00e9taro, Mauricio Kuri, anunci\u00f3 que su gobierno destinar\u00e1 150 millones de pesos este a\u00f1o para el mantenimiento de carreteras estatales. Esta inversi\u00f3n busca mejorar la infraestructura vial y garantizar la seguridad de los usuarios.<\/p>\n","protected":false},"author":3,"featured_media":12249,"comment_status":"open","ping_status":"open","sticky":false,"template":"","format":"standard","meta":{"footnotes":""},"categories":[42,58],"tags":[3596,1298,1700,661],"class_list":["post-12248","post","type-post","status-publish","format-standard","has-post-thumbnail","hentry","category-estado","category-ultima-hora","tag-carreterasqueretaro","tag-infraestructuravial","tag-mantenimientovial","tag-mauriciokuri"],"yoast_head":"<!-- This site is optimized with the Yoast SEO plugin v25.0 - https:\/\/yoast.com\/wordpress\/plugins\/seo\/ -->\n<title>Mauricio Kuri anuncia inversi\u00f3n de 150 MDP en mantenimiento de carreteras Estatales | Nexo Informativo Santiago de Quer\u00e9taro<\/title>\n<meta name=\"description\" content=\"Mauricio Kuri anuncia inversi\u00f3n de 150 MDP en mantenimiento de carreteras Estatales\" \/>\n<meta name=\"robots\" content=\"index, follow, max-snippet:-1, max-image-preview:large, max-video-preview:-1\" \/>\n<link rel=\"canonical\" href=\"https:\/\/www.nexoinformativo.mx\/index.php\/2025\/02\/28\/mauricio-kuri-anuncia-inversion-de-150-mdp-en-mantenimiento-de-carreteras-estatales\/\" \/>\n<meta property=\"og:locale\" content=\"es_MX\" \/>\n<meta property=\"og:type\" content=\"article\" \/>\n<meta property=\"og:title\" content=\"Mauricio Kuri anuncia inversi\u00f3n de 150 MDP en mantenimiento de carreteras Estatales | Nexo Informativo Santiago de Quer\u00e9taro\" \/>\n<meta property=\"og:description\" content=\"Mauricio Kuri anuncia inversi\u00f3n de 150 MDP en mantenimiento de carreteras Estatales\" \/>\n<meta property=\"og:url\" content=\"https:\/\/www.nexoinformativo.mx\/index.php\/2025\/02\/28\/mauricio-kuri-anuncia-inversion-de-150-mdp-en-mantenimiento-de-carreteras-estatales\/\" \/>\n<meta property=\"og:site_name\" content=\"Nexo Informativo Santiago de Quer\u00e9taro\" \/>\n<meta property=\"article:publisher\" content=\"https:\/\/www.facebook.com\/people\/Nexo-Informativo\/61564066885511\/\" \/>\n<meta property=\"article:published_time\" content=\"2025-02-28T19:00:26+00:00\" \/>\n<meta property=\"article:modified_time\" content=\"2025-03-01T01:30:57+00:00\" \/>\n<meta property=\"og:image\" content=\"https:\/\/www.nexoinformativo.mx\/wp-content\/uploads\/2025\/02\/761719de-cd07-4cf1-a1ab-02628d431f9c.jpg\" \/>\n\t<meta property=\"og:image:width\" content=\"768\" \/>\n\t<meta property=\"og:image:height\" content=\"642\" \/>\n\t<meta property=\"og:image:type\" content=\"image\/jpeg\" \/>\n<meta name=\"author\" content=\"Nexo Informativo\" \/>\n<meta name=\"twitter:card\" content=\"summary_large_image\" \/>\n<meta name=\"twitter:label1\" content=\"Escrito por\" \/>\n\t<meta name=\"twitter:data1\" content=\"Nexo Informativo\" \/>\n\t<meta name=\"twitter:label2\" content=\"Tiempo de lectura\" \/>\n\t<meta name=\"twitter:data2\" content=\"1 minuto\" \/>\n<script type=\"application\/ld+json\" class=\"yoast-schema-graph\">{\"@context\":\"https:\/\/schema.org\",\"@graph\":[{\"@type\":\"Article\",\"@id\":\"https:\/\/www.nexoinformativo.mx\/index.php\/2025\/02\/28\/mauricio-kuri-anuncia-inversion-de-150-mdp-en-mantenimiento-de-carreteras-estatales\/#article\",\"isPartOf\":{\"@id\":\"https:\/\/www.nexoinformativo.mx\/index.php\/2025\/02\/28\/mauricio-kuri-anuncia-inversion-de-150-mdp-en-mantenimiento-de-carreteras-estatales\/\"},\"author\":{\"name\":\"Nexo Informativo\",\"@id\":\"https:\/\/www.nexoinformativo.mx\/#\/schema\/person\/7749d380ba08c8ca00d7bc76fd907b7d\"},\"headline\":\"Mauricio Kuri anuncia inversi\u00f3n de 150 MDP en mantenimiento de carreteras Estatales\",\"datePublished\":\"2025-02-28T19:00:26+00:00\",\"dateModified\":\"2025-03-01T01:30:57+00:00\",\"mainEntityOfPage\":{\"@id\":\"https:\/\/www.nexoinformativo.mx\/index.php\/2025\/02\/28\/mauricio-kuri-anuncia-inversion-de-150-mdp-en-mantenimiento-de-carreteras-estatales\/\"},\"wordCount\":146,\"commentCount\":0,\"publisher\":{\"@id\":\"https:\/\/www.nexoinformativo.mx\/#organization\"},\"image\":{\"@id\":\"https:\/\/www.nexoinformativo.mx\/index.php\/2025\/02\/28\/mauricio-kuri-anuncia-inversion-de-150-mdp-en-mantenimiento-de-carreteras-estatales\/#primaryimage\"},\"thumbnailUrl\":\"https:\/\/www.nexoinformativo.mx\/wp-content\/uploads\/2025\/02\/761719de-cd07-4cf1-a1ab-02628d431f9c.jpg\",\"keywords\":[\"CarreterasQuer\u00e9taro\",\"InfraestructuraVial\",\"MantenimientoVial\",\"MauricioKuri\"],\"articleSection\":[\"Estado\",\"\u00daltima Hora\"],\"inLanguage\":\"es\",\"potentialAction\":[{\"@type\":\"CommentAction\",\"name\":\"Comment\",\"target\":[\"https:\/\/www.nexoinformativo.mx\/index.php\/2025\/02\/28\/mauricio-kuri-anuncia-inversion-de-150-mdp-en-mantenimiento-de-carreteras-estatales\/#respond\"]}]},{\"@type\":\"WebPage\",\"@id\":\"https:\/\/www.nexoinformativo.mx\/index.php\/2025\/02\/28\/mauricio-kuri-anuncia-inversion-de-150-mdp-en-mantenimiento-de-carreteras-estatales\/\",\"url\":\"https:\/\/www.nexoinformativo.mx\/index.php\/2025\/02\/28\/mauricio-kuri-anuncia-inversion-de-150-mdp-en-mantenimiento-de-carreteras-estatales\/\",\"name\":\"Mauricio Kuri anuncia inversi\u00f3n de 150 MDP en mantenimiento de carreteras Estatales | Nexo Informativo Santiago de Quer\u00e9taro\",\"isPartOf\":{\"@id\":\"https:\/\/www.nexoinformativo.mx\/#website\"},\"primaryImageOfPage\":{\"@id\":\"https:\/\/www.nexoinformativo.mx\/index.php\/2025\/02\/28\/mauricio-kuri-anuncia-inversion-de-150-mdp-en-mantenimiento-de-carreteras-estatales\/#primaryimage\"},\"image\":{\"@id\":\"https:\/\/www.nexoinformativo.mx\/index.php\/2025\/02\/28\/mauricio-kuri-anuncia-inversion-de-150-mdp-en-mantenimiento-de-carreteras-estatales\/#primaryimage\"},\"thumbnailUrl\":\"https:\/\/www.nexoinformativo.mx\/wp-content\/uploads\/2025\/02\/761719de-cd07-4cf1-a1ab-02628d431f9c.jpg\",\"datePublished\":\"2025-02-28T19:00:26+00:00\",\"dateModified\":\"2025-03-01T01:30:57+00:00\",\"description\":\"Mauricio Kuri anuncia inversi\u00f3n de 150 MDP en mantenimiento de carreteras Estatales\",\"breadcrumb\":{\"@id\":\"https:\/\/www.nexoinformativo.mx\/index.php\/2025\/02\/28\/mauricio-kuri-anuncia-inversion-de-150-mdp-en-mantenimiento-de-carreteras-estatales\/#breadcrumb\"},\"inLanguage\":\"es\",\"potentialAction\":[{\"@type\":\"ReadAction\",\"target\":[\"https:\/\/www.nexoinformativo.mx\/index.php\/2025\/02\/28\/mauricio-kuri-anuncia-inversion-de-150-mdp-en-mantenimiento-de-carreteras-estatales\/\"]}]},{\"@type\":\"ImageObject\",\"inLanguage\":\"es\",\"@id\":\"https:\/\/www.nexoinformativo.mx\/index.php\/2025\/02\/28\/mauricio-kuri-anuncia-inversion-de-150-mdp-en-mantenimiento-de-carreteras-estatales\/#primaryimage\",\"url\":\"https:\/\/www.nexoinformativo.mx\/wp-content\/uploads\/2025\/02\/761719de-cd07-4cf1-a1ab-02628d431f9c.jpg\",\"contentUrl\":\"https:\/\/www.nexoinformativo.mx\/wp-content\/uploads\/2025\/02\/761719de-cd07-4cf1-a1ab-02628d431f9c.jpg\",\"width\":768,\"height\":642},{\"@type\":\"BreadcrumbList\",\"@id\":\"https:\/\/www.nexoinformativo.mx\/index.php\/2025\/02\/28\/mauricio-kuri-anuncia-inversion-de-150-mdp-en-mantenimiento-de-carreteras-estatales\/#breadcrumb\",\"itemListElement\":[{\"@type\":\"ListItem\",\"position\":1,\"name\":\"Inicio\",\"item\":\"https:\/\/www.nexoinformativo.mx\/\"},{\"@type\":\"ListItem\",\"position\":2,\"name\":\"Mauricio Kuri anuncia inversi\u00f3n de 150 MDP en mantenimiento de carreteras Estatales\"}]},{\"@type\":\"WebSite\",\"@id\":\"https:\/\/www.nexoinformativo.mx\/#website\",\"url\":\"https:\/\/www.nexoinformativo.mx\/\",\"name\":\"Nexo Informativo Santiago de Quer\u00e9taro\",\"description\":\"Explora NexoInformativo y convi\u00e9rtete en parte de una comunidad que valora el conocimiento y la verdad. Tu nexoinformativo es tu puente hacia una comprensi\u00f3n m\u00e1s profunda del mundo que te rodea.\",\"publisher\":{\"@id\":\"https:\/\/www.nexoinformativo.mx\/#organization\"},\"potentialAction\":[{\"@type\":\"SearchAction\",\"target\":{\"@type\":\"EntryPoint\",\"urlTemplate\":\"https:\/\/www.nexoinformativo.mx\/?s={search_term_string}\"},\"query-input\":{\"@type\":\"PropertyValueSpecification\",\"valueRequired\":true,\"valueName\":\"search_term_string\"}}],\"inLanguage\":\"es\"},{\"@type\":\"Organization\",\"@id\":\"https:\/\/www.nexoinformativo.mx\/#organization\",\"name\":\"Nexo Informativo Santiago de Quer\u00e9taro\",\"url\":\"https:\/\/www.nexoinformativo.mx\/\",\"logo\":{\"@type\":\"ImageObject\",\"inLanguage\":\"es\",\"@id\":\"https:\/\/www.nexoinformativo.mx\/#\/schema\/logo\/image\/\",\"url\":\"https:\/\/www.nexoinformativo.mx\/wp-content\/uploads\/2024\/07\/nexoi-trasparente-2.png\",\"contentUrl\":\"https:\/\/www.nexoinformativo.mx\/wp-content\/uploads\/2024\/07\/nexoi-trasparente-2.png\",\"width\":816,\"height\":339,\"caption\":\"Nexo Informativo Santiago de Quer\u00e9taro\"},\"image\":{\"@id\":\"https:\/\/www.nexoinformativo.mx\/#\/schema\/logo\/image\/\"},\"sameAs\":[\"https:\/\/www.facebook.com\/people\/Nexo-Informativo\/61564066885511\/\"]},{\"@type\":\"Person\",\"@id\":\"https:\/\/www.nexoinformativo.mx\/#\/schema\/person\/7749d380ba08c8ca00d7bc76fd907b7d\",\"name\":\"Nexo Informativo\",\"image\":{\"@type\":\"ImageObject\",\"inLanguage\":\"es\",\"@id\":\"https:\/\/www.nexoinformativo.mx\/#\/schema\/person\/image\/\",\"url\":\"https:\/\/secure.gravatar.com\/avatar\/dde2928154642a13d95f87ddf1ea9718fe2b46760a005c53e41ff5ad610704e6?s=96&d=mm&r=g\",\"contentUrl\":\"https:\/\/secure.gravatar.com\/avatar\/dde2928154642a13d95f87ddf1ea9718fe2b46760a005c53e41ff5ad610704e6?s=96&d=mm&r=g\",\"caption\":\"Nexo Informativo\"},\"url\":\"https:\/\/www.nexoinformativo.mx\/index.php\/author\/edicion\/\"}]}<\/script>\n<!-- \/ Yoast SEO plugin. -->","yoast_head_json":{"title":"Mauricio Kuri anuncia inversi\u00f3n de 150 MDP en mantenimiento de carreteras Estatales | Nexo Informativo Santiago de Quer\u00e9taro","description":"Mauricio Kuri anuncia inversi\u00f3n de 150 MDP en mantenimiento de carreteras Estatales","robots":{"index":"index","follow":"follow","max-snippet":"max-snippet:-1","max-image-preview":"max-image-preview:large","max-video-preview":"max-video-preview:-1"},"canonical":"https:\/\/www.nexoinformativo.mx\/index.php\/2025\/02\/28\/mauricio-kuri-anuncia-inversion-de-150-mdp-en-mantenimiento-de-carreteras-estatales\/","og_locale":"es_MX","og_type":"article","og_title":"Mauricio Kuri anuncia inversi\u00f3n de 150 MDP en mantenimiento de carreteras Estatales | Nexo Informativo Santiago de Quer\u00e9taro","og_description":"Mauricio Kuri anuncia inversi\u00f3n de 150 MDP en mantenimiento de carreteras Estatales","og_url":"https:\/\/www.nexoinformativo.mx\/index.php\/2025\/02\/28\/mauricio-kuri-anuncia-inversion-de-150-mdp-en-mantenimiento-de-carreteras-estatales\/","og_site_name":"Nexo Informativo Santiago de Quer\u00e9taro","article_publisher":"https:\/\/www.facebook.com\/people\/Nexo-Informativo\/61564066885511\/","article_published_time":"2025-02-28T19:00:26+00:00","article_modified_time":"2025-03-01T01:30:57+00:00","og_image":[{"width":768,"height":642,"url":"https:\/\/www.nexoinformativo.mx\/wp-content\/uploads\/2025\/02\/761719de-cd07-4cf1-a1ab-02628d431f9c.jpg","type":"image\/jpeg"}],"author":"Nexo Informativo","twitter_card":"summary_large_image","twitter_misc":{"Escrito por":"Nexo Informativo","Tiempo de lectura":"1 minuto"},"schema":{"@context":"https:\/\/schema.org","@graph":[{"@type":"Article","@id":"https:\/\/www.nexoinformativo.mx\/index.php\/2025\/02\/28\/mauricio-kuri-anuncia-inversion-de-150-mdp-en-mantenimiento-de-carreteras-estatales\/#article","isPartOf":{"@id":"https:\/\/www.nexoinformativo.mx\/index.php\/2025\/02\/28\/mauricio-kuri-anuncia-inversion-de-150-mdp-en-mantenimiento-de-carreteras-estatales\/"},"author":{"name":"Nexo Informativo","@id":"https:\/\/www.nexoinformativo.mx\/#\/schema\/person\/7749d380ba08c8ca00d7bc76fd907b7d"},"headline":"Mauricio Kuri anuncia inversi\u00f3n de 150 MDP en mantenimiento de carreteras Estatales","datePublished":"2025-02-28T19:00:26+00:00","dateModified":"2025-03-01T01:30:57+00:00","mainEntityOfPage":{"@id":"https:\/\/www.nexoinformativo.mx\/index.php\/2025\/02\/28\/mauricio-kuri-anuncia-inversion-de-150-mdp-en-mantenimiento-de-carreteras-estatales\/"},"wordCount":146,"commentCount":0,"publisher":{"@id":"https:\/\/www.nexoinformativo.mx\/#organization"},"image":{"@id":"https:\/\/www.nexoinformativo.mx\/index.php\/2025\/02\/28\/mauricio-kuri-anuncia-inversion-de-150-mdp-en-mantenimiento-de-carreteras-estatales\/#primaryimage"},"thumbnailUrl":"https:\/\/www.nexoinformativo.mx\/wp-content\/uploads\/2025\/02\/761719de-cd07-4cf1-a1ab-02628d431f9c.jpg","keywords":["CarreterasQuer\u00e9taro","InfraestructuraVial","MantenimientoVial","MauricioKuri"],"articleSection":["Estado","\u00daltima Hora"],"inLanguage":"es","potentialAction":[{"@type":"CommentAction","name":"Comment","target":["https:\/\/www.nexoinformativo.mx\/index.php\/2025\/02\/28\/mauricio-kuri-anuncia-inversion-de-150-mdp-en-mantenimiento-de-carreteras-estatales\/#respond"]}]},{"@type":"WebPage","@id":"https:\/\/www.nexoinformativo.mx\/index.php\/2025\/02\/28\/mauricio-kuri-anuncia-inversion-de-150-mdp-en-mantenimiento-de-carreteras-estatales\/","url":"https:\/\/www.nexoinformativo.mx\/index.php\/2025\/02\/28\/mauricio-kuri-anuncia-inversion-de-150-mdp-en-mantenimiento-de-carreteras-estatales\/","name":"Mauricio Kuri anuncia inversi\u00f3n de 150 MDP en mantenimiento de carreteras Estatales | Nexo Informativo Santiago de Quer\u00e9taro","isPartOf":{"@id":"https:\/\/www.nexoinformativo.mx\/#website"},"primaryImageOfPage":{"@id":"https:\/\/www.nexoinformativo.mx\/index.php\/2025\/02\/28\/mauricio-kuri-anuncia-inversion-de-150-mdp-en-mantenimiento-de-carreteras-estatales\/#primaryimage"},"image":{"@id":"https:\/\/www.nexoinformativo.mx\/index.php\/2025\/02\/28\/mauricio-kuri-anuncia-inversion-de-150-mdp-en-mantenimiento-de-carreteras-estatales\/#primaryimage"},"thumbnailUrl":"https:\/\/www.nexoinformativo.mx\/wp-content\/uploads\/2025\/02\/761719de-cd07-4cf1-a1ab-02628d431f9c.jpg","datePublished":"2025-02-28T19:00:26+00:00","dateModified":"2025-03-01T01:30:57+00:00","description":"Mauricio Kuri anuncia inversi\u00f3n de 150 MDP en mantenimiento de carreteras Estatales","breadcrumb":{"@id":"https:\/\/www.nexoinformativo.mx\/index.php\/2025\/02\/28\/mauricio-kuri-anuncia-inversion-de-150-mdp-en-mantenimiento-de-carreteras-estatales\/#breadcrumb"},"inLanguage":"es","potentialAction":[{"@type":"ReadAction","target":["https:\/\/www.nexoinformativo.mx\/index.php\/2025\/02\/28\/mauricio-kuri-anuncia-inversion-de-150-mdp-en-mantenimiento-de-carreteras-estatales\/"]}]},{"@type":"ImageObject","inLanguage":"es","@id":"https:\/\/www.nexoinformativo.mx\/index.php\/2025\/02\/28\/mauricio-kuri-anuncia-inversion-de-150-mdp-en-mantenimiento-de-carreteras-estatales\/#primaryimage","url":"https:\/\/www.nexoinformativo.mx\/wp-content\/uploads\/2025\/02\/761719de-cd07-4cf1-a1ab-02628d431f9c.jpg","contentUrl":"https:\/\/www.nexoinformativo.mx\/wp-content\/uploads\/2025\/02\/761719de-cd07-4cf1-a1ab-02628d431f9c.jpg","width":768,"height":642},{"@type":"BreadcrumbList","@id":"https:\/\/www.nexoinformativo.mx\/index.php\/2025\/02\/28\/mauricio-kuri-anuncia-inversion-de-150-mdp-en-mantenimiento-de-carreteras-estatales\/#breadcrumb","itemListElement":[{"@type":"ListItem","position":1,"name":"Inicio","item":"https:\/\/www.nexoinformativo.mx\/"},{"@type":"ListItem","position":2,"name":"Mauricio Kuri anuncia inversi\u00f3n de 150 MDP en mantenimiento de carreteras Estatales"}]},{"@type":"WebSite","@id":"https:\/\/www.nexoinformativo.mx\/#website","url":"https:\/\/www.nexoinformativo.mx\/","name":"Nexo Informativo Santiago de Quer\u00e9taro","description":"Explora NexoInformativo y convi\u00e9rtete en parte de una comunidad que valora el conocimiento y la verdad. Tu nexoinformativo es tu puente hacia una comprensi\u00f3n m\u00e1s profunda del mundo que te rodea.","publisher":{"@id":"https:\/\/www.nexoinformativo.mx\/#organization"},"potentialAction":[{"@type":"SearchAction","target":{"@type":"EntryPoint","urlTemplate":"https:\/\/www.nexoinformativo.mx\/?s={search_term_string}"},"query-input":{"@type":"PropertyValueSpecification","valueRequired":true,"valueName":"search_term_string"}}],"inLanguage":"es"},{"@type":"Organization","@id":"https:\/\/www.nexoinformativo.mx\/#organization","name":"Nexo Informativo Santiago de Quer\u00e9taro","url":"https:\/\/www.nexoinformativo.mx\/","logo":{"@type":"ImageObject","inLanguage":"es","@id":"https:\/\/www.nexoinformativo.mx\/#\/schema\/logo\/image\/","url":"https:\/\/www.nexoinformativo.mx\/wp-content\/uploads\/2024\/07\/nexoi-trasparente-2.png","contentUrl":"https:\/\/www.nexoinformativo.mx\/wp-content\/uploads\/2024\/07\/nexoi-trasparente-2.png","width":816,"height":339,"caption":"Nexo Informativo Santiago de Quer\u00e9taro"},"image":{"@id":"https:\/\/www.nexoinformativo.mx\/#\/schema\/logo\/image\/"},"sameAs":["https:\/\/www.facebook.com\/people\/Nexo-Informativo\/61564066885511\/"]},{"@type":"Person","@id":"https:\/\/www.nexoinformativo.mx\/#\/schema\/person\/7749d380ba08c8ca00d7bc76fd907b7d","name":"Nexo Informativo","image":{"@type":"ImageObject","inLanguage":"es","@id":"https:\/\/www.nexoinformativo.mx\/#\/schema\/person\/image\/","url":"https:\/\/secure.gravatar.com\/avatar\/dde2928154642a13d95f87ddf1ea9718fe2b46760a005c53e41ff5ad610704e6?s=96&d=mm&r=g","contentUrl":"https:\/\/secure.gravatar.com\/avatar\/dde2928154642a13d95f87ddf1ea9718fe2b46760a005c53e41ff5ad610704e6?s=96&d=mm&r=g","caption":"Nexo Informativo"},"url":"https:\/\/www.nexoinformativo.mx\/index.php\/author\/edicion\/"}]}},"_links":{"self":[{"href":"https:\/\/www.nexoinformativo.mx\/index.php\/wp-json\/wp\/v2\/posts\/12248","targetHints":{"allow":["GET"]}}],"collection":[{"href":"https:\/\/www.nexoinformativo.mx\/index.php\/wp-json\/wp\/v2\/posts"}],"about":[{"href":"https:\/\/www.nexoinformativo.mx\/index.php\/wp-json\/wp\/v2\/types\/post"}],"author":[{"embeddable":true,"href":"https:\/\/www.nexoinformativo.mx\/index.php\/wp-json\/wp\/v2\/users\/3"}],"replies":[{"embeddable":true,"href":"https:\/\/www.nexoinformativo.mx\/index.php\/wp-json\/wp\/v2\/comments?post=12248"}],"version-history":[{"count":3,"href":"https:\/\/www.nexoinformativo.mx\/index.php\/wp-json\/wp\/v2\/posts\/12248\/revisions"}],"predecessor-version":[{"id":12252,"href":"https:\/\/www.nexoinformativo.mx\/index.php\/wp-json\/wp\/v2\/posts\/12248\/revisions\/12252"}],"wp:featuredmedia":[{"embeddable":true,"href":"https:\/\/www.nexoinformativo.mx\/index.php\/wp-json\/wp\/v2\/media\/12249"}],"wp:attachment":[{"href":"https:\/\/www.nexoinformativo.mx\/index.php\/wp-json\/wp\/v2\/media?parent=12248"}],"wp:term":[{"taxonomy":"category","embeddable":true,"href":"https:\/\/www.nexoinformativo.mx\/index.php\/wp-json\/wp\/v2\/categories?post=12248"},{"taxonomy":"post_tag","embeddable":true,"href":"https:\/\/www.nexoinformativo.mx\/index.php\/wp-json\/wp\/v2\/tags?post=12248"}],"curies":[{"name":"wp","href":"https:\/\/api.w.org\/{rel}","templated":true}]}}